{"id":4218,"date":"2022-04-27T10:03:13","date_gmt":"2022-04-27T10:03:13","guid":{"rendered":"https:\/\/www.mobilier-design-occasion.fr\/magazine\/?p=4218"},"modified":"2023-09-25T13:39:49","modified_gmt":"2023-09-25T13:39:49","slug":"decoration-dinterieur-3-plantes-qui-pourraient-embellir-votre-cuisine","status":"publish","type":"post","link":"https:\/\/www.mobilier-design-occasion.fr\/magazine\/decoration-dinterieur-3-plantes-qui-pourraient-embellir-votre-cuisine\/","title":{"rendered":"D\u00e9coration d\u2019int\u00e9rieur : 3 plantes qui pourraient embellir votre cuisine&nbsp;"},"content":{"rendered":"\n<p>Pour que la&nbsp;<strong>d\u00e9coration<\/strong>&nbsp;de votre cuisine soit compl\u00e8te, vous pouvez y ajouter des plantes selon vos pr\u00e9f\u00e9rences. Cependant, il en existe qui vous seront d\u2019une&nbsp;<strong>grande utilit\u00e9<\/strong>&nbsp;si vous les privil\u00e9giez. Quelles sont alors ces&nbsp;<strong>plantes<\/strong>&nbsp;et qu\u2019est-ce qu\u2019elles apportent de plus&nbsp;? D\u00e9couvrez-en 3 dans ce billet.<\/p>\n\n\n\n<h2 class=\"wp-block-heading\"><span class=\"ez-toc-section\" id=\"LAloe_vera\"><\/span>L\u2019Aloe vera<span class=\"ez-toc-section-end\"><\/span><\/h2><div id=\"ez-toc-container\" class=\"ez-toc-v2_0_82_2 counter-hierarchy ez-toc-counter ez-toc-grey ez-toc-container-direction\">\n<div class=\"ez-toc-title-container\">\n<span class=\"ez-toc-title-toggle\"><a href=\"#\" class=\"ez-toc-pull-right ez-toc-btn ez-toc-btn-xs ez-toc-btn-default ez-toc-toggle\" aria-label=\"Toggle Table of Content\"><span class=\"ez-toc-js-icon-con\"><span class=\"\"><span class=\"eztoc-hide\" style=\"display:none;\">Toggle<\/span><span class=\"ez-toc-icon-toggle-span\"><svg style=\"fill: #999;color:#999\" xmlns=\"http:\/\/www.w3.org\/2000\/svg\" class=\"list-377408\" width=\"20px\" height=\"20px\" viewBox=\"0 0 24 24\" fill=\"none\"><path d=\"M6 6H4v2h2V6zm14 0H8v2h12V6zM4 11h2v2H4v-2zm16 0H8v2h12v-2zM4 16h2v2H4v-2zm16 0H8v2h12v-2z\" fill=\"currentColor\"><\/path><\/svg><svg style=\"fill: #999;color:#999\" class=\"arrow-unsorted-368013\" xmlns=\"http:\/\/www.w3.org\/2000\/svg\" width=\"10px\" height=\"10px\" viewBox=\"0 0 24 24\" version=\"1.2\" baseProfile=\"tiny\"><path d=\"M18.2 9.3l-6.2-6.3-6.2 6.3c-.2.2-.3.4-.3.7s.1.5.3.7c.2.2.4.3.7.3h11c.3 0 .5-.1.7-.3.2-.2.3-.5.3-.7s-.1-.5-.3-.7zM5.8 14.7l6.2 6.3 6.2-6.3c.2-.2.3-.5.3-.7s-.1-.5-.3-.7c-.2-.2-.4-.3-.7-.3h-11c-.3 0-.5.1-.7.3-.2.2-.3.5-.3.7s.1.5.3.7z\"\/><\/svg><\/span><\/span><\/span><\/a><\/span><\/div>\n<nav><ul class='ez-toc-list ez-toc-list-level-1 eztoc-toggle-hide-by-default' ><li class='ez-toc-page-1 ez-toc-heading-level-2'><a class=\"ez-toc-link ez-toc-heading-1\" href=\"https:\/\/www.mobilier-design-occasion.fr\/magazine\/decoration-dinterieur-3-plantes-qui-pourraient-embellir-votre-cuisine\/#LAloe_vera\" >L\u2019Aloe vera<\/a><\/li><li class='ez-toc-page-1 ez-toc-heading-level-2'><a class=\"ez-toc-link ez-toc-heading-2\" href=\"https:\/\/www.mobilier-design-occasion.fr\/magazine\/decoration-dinterieur-3-plantes-qui-pourraient-embellir-votre-cuisine\/#Talinum_paniculatum\" >Talinum paniculatum<\/a><\/li><li class='ez-toc-page-1 ez-toc-heading-level-2'><a class=\"ez-toc-link ez-toc-heading-3\" href=\"https:\/\/www.mobilier-design-occasion.fr\/magazine\/decoration-dinterieur-3-plantes-qui-pourraient-embellir-votre-cuisine\/#Cymbopogon_citratus_citronnelle\" >Cymbopogon citratus (citronnelle)<\/a><\/li><\/ul><\/nav><\/div>\n\n\n\n\n<p>Elle est l\u2019une des plantes les plus utilis\u00e9es pour la&nbsp;<strong>d\u00e9coration int\u00e9rieure<\/strong>. Elle aide essentiellement \u00e0 :<\/p>\n\n\n\n<ul class=\"wp-block-list\"><li>d\u00e9corer l&#8217;espace ;<\/li><li>soigner.<\/li><\/ul>\n\n\n\n<p>En effet, l\u2019alo\u00e8s ou&nbsp;<strong>Aloe vera<\/strong>&nbsp;vous aidera \u00e0 vite calmer vos&nbsp;<strong>brulures l\u00e9g\u00e8res<\/strong>. Son gel est tr\u00e8s efficace pour soulager les douleurs li\u00e9es \u00e0 ce genre d\u2019accident culinaire. Il vous suffit de laisser couler quelques gouttes de ce&nbsp;<strong>gel<\/strong>&nbsp;sur la partie de votre peau brul\u00e9e. Vous obtiendrez un soulagement rapide en attendant d\u2019appliquer un traitement m\u00e9dical. N\u00e9anmoins, vous ne devriez frotter en aucun cas la partie brul\u00e9e avec la main et si la brulure est grave, vous devez vous rendre imm\u00e9diatement \u00e0 l\u2019h\u00f4pital.<\/p>\n\n\n\n<h2 class=\"wp-block-heading\"><span class=\"ez-toc-section\" id=\"Talinum_paniculatum\"><\/span>Talinum paniculatum<span class=\"ez-toc-section-end\"><\/span><\/h2>\n\n\n\n<p>Le&nbsp;<strong>talinum<\/strong>&nbsp;est une plante vivace non toxique qui produit des&nbsp;<strong>fleurs de couleur rose<\/strong>&nbsp;et des fruits de couleur rouge. Il pourrait donc apporter de l\u2019\u00e9clat dans votre cuisine et cr\u00e9er une&nbsp;<strong>harmonie<\/strong>&nbsp;avec les autres plantes de votre d\u00e9coration. Pour vous aider \u00e0 bien le disposer ou \u00e0 trouver d&#8217;autres id\u00e9es de d\u00e9coration, vous pouvez vous r\u00e9f\u00e9rer \u00e0 des sp\u00e9cialistes comme&nbsp;<a href=\"https:\/\/ecobo.net\/\" target=\"_blank\" rel=\"noreferrer noopener\">Ecobo<\/a>.<\/p>\n\n\n\n<h2 class=\"wp-block-heading\"><span class=\"ez-toc-section\" id=\"Cymbopogon_citratus_citronnelle\"><\/span>Cymbopogon citratus (citronnelle)<span class=\"ez-toc-section-end\"><\/span><\/h2>\n\n\n\n<p>Pour votre bien-\u00eatre, vous devez avoir cette plante dans votre cuisine. Elle est tr\u00e8s utilis\u00e9e pour la pr\u00e9paration des&nbsp;<strong>th\u00e9s aromatiques<\/strong>. Vous pourriez donc ajouter par moment ses feuilles \u00e0 l\u2019eau pour vos&nbsp;<strong>petits-d\u00e9jeuners<\/strong>.<\/p>\n\n\n\n<p>Voil\u00e0 donc 3 plantes simples \u00e0 trouver que vous pouvez disposer dans les angles de votre cuisine pour la d\u00e9corer.&nbsp;<\/p>\n","protected":false},"excerpt":{"rendered":"<p>Pour que la&nbsp;d\u00e9coration&nbsp;de votre cuisine soit compl\u00e8te, vous pouvez y ajouter des plantes selon vos pr\u00e9f\u00e9rences. Cependant, il en existe qui vous seront d\u2019une&nbsp;grande utilit\u00e9&nbsp;si vous les privil\u00e9giez. Quelles sont alors ces&nbsp;plantes&nbsp;et qu\u2019est-ce qu\u2019elles apportent de plus&nbsp;? D\u00e9couvrez-en 3 dans ce billet. L\u2019Aloe vera Elle est l\u2019une des plantes les plus utilis\u00e9es pour la&nbsp;d\u00e9coration int\u00e9rieure. [&hellip;]<\/p>\n","protected":false},"author":1,"featured_media":4219,"comment_status":"open","ping_status":"open","sticky":false,"template":"","format":"standard","meta":{"footnotes":""},"categories":[2],"tags":[],"class_list":["post-4218","post","type-post","status-publish","format-standard","has-post-thumbnail","hentry","category-tendances"],"yoast_head":"<!-- This site is optimized with the Yoast SEO plugin v27.5 - https:\/\/yoast.com\/product\/yoast-seo-wordpress\/ -->\n<title>D\u00e9coration d\u2019int\u00e9rieur : 3 plantes qui pourraient embellir votre cuisine&nbsp; - Mobilier Design Magazine<\/title>\n<meta name=\"robots\" content=\"index, follow, max-snippet:-1, max-image-preview:large, max-video-preview:-1\" \/>\n<link rel=\"canonical\" href=\"https:\/\/www.mobilier-design-occasion.fr\/magazine\/decoration-dinterieur-3-plantes-qui-pourraient-embellir-votre-cuisine\/\" \/>\n<meta property=\"og:locale\" content=\"fr_FR\" \/>\n<meta property=\"og:type\" content=\"article\" \/>\n<meta property=\"og:title\" content=\"D\u00e9coration d\u2019int\u00e9rieur : 3 plantes qui pourraient embellir votre cuisine&nbsp; - Mobilier Design Magazine\" \/>\n<meta property=\"og:description\" content=\"Pour que la&nbsp;d\u00e9coration&nbsp;de votre cuisine soit compl\u00e8te, vous pouvez y ajouter des plantes selon vos pr\u00e9f\u00e9rences. Cependant, il en existe qui vous seront d\u2019une&nbsp;grande utilit\u00e9&nbsp;si vous les privil\u00e9giez. Quelles sont alors ces&nbsp;plantes&nbsp;et qu\u2019est-ce qu\u2019elles apportent de plus&nbsp;? D\u00e9couvrez-en 3 dans ce billet. L\u2019Aloe vera Elle est l\u2019une des plantes les plus utilis\u00e9es pour la&nbsp;d\u00e9coration int\u00e9rieure. [&hellip;]\" \/>\n<meta property=\"og:url\" content=\"https:\/\/www.mobilier-design-occasion.fr\/magazine\/decoration-dinterieur-3-plantes-qui-pourraient-embellir-votre-cuisine\/\" \/>\n<meta property=\"og:site_name\" content=\"Mobilier Design Magazine\" \/>\n<meta property=\"article:publisher\" content=\"https:\/\/www.facebook.com\/mobilierdesignoccasion\" \/>\n<meta property=\"article:published_time\" content=\"2022-04-27T10:03:13+00:00\" \/>\n<meta property=\"article:modified_time\" content=\"2023-09-25T13:39:49+00:00\" \/>\n<meta property=\"og:image\" content=\"https:\/\/www.mobilier-design-occasion.fr\/magazine\/wp-content\/uploads\/2022\/04\/Casanaute-1.jpg\" \/>\n\t<meta property=\"og:image:width\" content=\"1080\" \/>\n\t<meta property=\"og:image:height\" content=\"1080\" \/>\n\t<meta property=\"og:image:type\" content=\"image\/jpeg\" \/>\n<meta name=\"author\" content=\"Cyrielle Poirot\" \/>\n<meta name=\"twitter:card\" content=\"summary_large_image\" \/>\n<meta name=\"twitter:label1\" content=\"\u00c9crit par\" \/>\n\t<meta name=\"twitter:data1\" content=\"Cyrielle Poirot\" \/>\n\t<meta name=\"twitter:label2\" content=\"Dur\u00e9e de lecture estim\u00e9e\" \/>\n\t<meta name=\"twitter:data2\" content=\"2 minutes\" \/>\n<script type=\"application\/ld+json\" class=\"yoast-schema-graph\">{\"@context\":\"https:\\\/\\\/schema.org\",\"@graph\":[{\"@type\":\"Article\",\"@id\":\"https:\\\/\\\/www.mobilier-design-occasion.fr\\\/magazine\\\/decoration-dinterieur-3-plantes-qui-pourraient-embellir-votre-cuisine\\\/#article\",\"isPartOf\":{\"@id\":\"https:\\\/\\\/www.mobilier-design-occasion.fr\\\/magazine\\\/decoration-dinterieur-3-plantes-qui-pourraient-embellir-votre-cuisine\\\/\"},\"author\":{\"name\":\"Cyrielle Poirot\",\"@id\":\"https:\\\/\\\/www.mobilier-design-occasion.fr\\\/magazine\\\/#\\\/schema\\\/person\\\/5b2e5627a714ddadaaf8c9b886c55eff\"},\"headline\":\"D\u00e9coration d\u2019int\u00e9rieur : 3 plantes qui pourraient embellir votre cuisine&nbsp;\",\"datePublished\":\"2022-04-27T10:03:13+00:00\",\"dateModified\":\"2023-09-25T13:39:49+00:00\",\"mainEntityOfPage\":{\"@id\":\"https:\\\/\\\/www.mobilier-design-occasion.fr\\\/magazine\\\/decoration-dinterieur-3-plantes-qui-pourraient-embellir-votre-cuisine\\\/\"},\"wordCount\":349,\"commentCount\":0,\"publisher\":{\"@id\":\"https:\\\/\\\/www.mobilier-design-occasion.fr\\\/magazine\\\/#organization\"},\"image\":{\"@id\":\"https:\\\/\\\/www.mobilier-design-occasion.fr\\\/magazine\\\/decoration-dinterieur-3-plantes-qui-pourraient-embellir-votre-cuisine\\\/#primaryimage\"},\"thumbnailUrl\":\"https:\\\/\\\/www.mobilier-design-occasion.fr\\\/magazine\\\/wp-content\\\/uploads\\\/2022\\\/04\\\/Casanaute-1.jpg\",\"articleSection\":[\"Tendances\"],\"inLanguage\":\"fr-FR\",\"potentialAction\":[{\"@type\":\"CommentAction\",\"name\":\"Comment\",\"target\":[\"https:\\\/\\\/www.mobilier-design-occasion.fr\\\/magazine\\\/decoration-dinterieur-3-plantes-qui-pourraient-embellir-votre-cuisine\\\/#respond\"]}]},{\"@type\":\"WebPage\",\"@id\":\"https:\\\/\\\/www.mobilier-design-occasion.fr\\\/magazine\\\/decoration-dinterieur-3-plantes-qui-pourraient-embellir-votre-cuisine\\\/\",\"url\":\"https:\\\/\\\/www.mobilier-design-occasion.fr\\\/magazine\\\/decoration-dinterieur-3-plantes-qui-pourraient-embellir-votre-cuisine\\\/\",\"name\":\"D\u00e9coration d\u2019int\u00e9rieur : 3 plantes qui pourraient embellir votre cuisine&nbsp; - Mobilier Design Magazine\",\"isPartOf\":{\"@id\":\"https:\\\/\\\/www.mobilier-design-occasion.fr\\\/magazine\\\/#website\"},\"primaryImageOfPage\":{\"@id\":\"https:\\\/\\\/www.mobilier-design-occasion.fr\\\/magazine\\\/decoration-dinterieur-3-plantes-qui-pourraient-embellir-votre-cuisine\\\/#primaryimage\"},\"image\":{\"@id\":\"https:\\\/\\\/www.mobilier-design-occasion.fr\\\/magazine\\\/decoration-dinterieur-3-plantes-qui-pourraient-embellir-votre-cuisine\\\/#primaryimage\"},\"thumbnailUrl\":\"https:\\\/\\\/www.mobilier-design-occasion.fr\\\/magazine\\\/wp-content\\\/uploads\\\/2022\\\/04\\\/Casanaute-1.jpg\",\"datePublished\":\"2022-04-27T10:03:13+00:00\",\"dateModified\":\"2023-09-25T13:39:49+00:00\",\"breadcrumb\":{\"@id\":\"https:\\\/\\\/www.mobilier-design-occasion.fr\\\/magazine\\\/decoration-dinterieur-3-plantes-qui-pourraient-embellir-votre-cuisine\\\/#breadcrumb\"},\"inLanguage\":\"fr-FR\",\"potentialAction\":[{\"@type\":\"ReadAction\",\"target\":[\"https:\\\/\\\/www.mobilier-design-occasion.fr\\\/magazine\\\/decoration-dinterieur-3-plantes-qui-pourraient-embellir-votre-cuisine\\\/\"]}]},{\"@type\":\"ImageObject\",\"inLanguage\":\"fr-FR\",\"@id\":\"https:\\\/\\\/www.mobilier-design-occasion.fr\\\/magazine\\\/decoration-dinterieur-3-plantes-qui-pourraient-embellir-votre-cuisine\\\/#primaryimage\",\"url\":\"https:\\\/\\\/www.mobilier-design-occasion.fr\\\/magazine\\\/wp-content\\\/uploads\\\/2022\\\/04\\\/Casanaute-1.jpg\",\"contentUrl\":\"https:\\\/\\\/www.mobilier-design-occasion.fr\\\/magazine\\\/wp-content\\\/uploads\\\/2022\\\/04\\\/Casanaute-1.jpg\",\"width\":1080,\"height\":1080},{\"@type\":\"BreadcrumbList\",\"@id\":\"https:\\\/\\\/www.mobilier-design-occasion.fr\\\/magazine\\\/decoration-dinterieur-3-plantes-qui-pourraient-embellir-votre-cuisine\\\/#breadcrumb\",\"itemListElement\":[{\"@type\":\"ListItem\",\"position\":1,\"name\":\"Accueil\",\"item\":\"https:\\\/\\\/www.mobilier-design-occasion.fr\\\/magazine\\\/\"},{\"@type\":\"ListItem\",\"position\":2,\"name\":\"D\u00e9coration d\u2019int\u00e9rieur : 3 plantes qui pourraient embellir votre cuisine&nbsp;\"}]},{\"@type\":\"WebSite\",\"@id\":\"https:\\\/\\\/www.mobilier-design-occasion.fr\\\/magazine\\\/#website\",\"url\":\"https:\\\/\\\/www.mobilier-design-occasion.fr\\\/magazine\\\/\",\"name\":\"Mobilier Design Magazine\",\"description\":\"\",\"publisher\":{\"@id\":\"https:\\\/\\\/www.mobilier-design-occasion.fr\\\/magazine\\\/#organization\"},\"potentialAction\":[{\"@type\":\"SearchAction\",\"target\":{\"@type\":\"EntryPoint\",\"urlTemplate\":\"https:\\\/\\\/www.mobilier-design-occasion.fr\\\/magazine\\\/?s={search_term_string}\"},\"query-input\":{\"@type\":\"PropertyValueSpecification\",\"valueRequired\":true,\"valueName\":\"search_term_string\"}}],\"inLanguage\":\"fr-FR\"},{\"@type\":\"Organization\",\"@id\":\"https:\\\/\\\/www.mobilier-design-occasion.fr\\\/magazine\\\/#organization\",\"name\":\"Mobilier Design Magazine\",\"url\":\"https:\\\/\\\/www.mobilier-design-occasion.fr\\\/magazine\\\/\",\"logo\":{\"@type\":\"ImageObject\",\"inLanguage\":\"fr-FR\",\"@id\":\"https:\\\/\\\/www.mobilier-design-occasion.fr\\\/magazine\\\/#\\\/schema\\\/logo\\\/image\\\/\",\"url\":\"https:\\\/\\\/www.mobilier-design-occasion.fr\\\/magazine\\\/wp-content\\\/uploads\\\/2024\\\/02\\\/android-chrome-192x192-1.png\",\"contentUrl\":\"https:\\\/\\\/www.mobilier-design-occasion.fr\\\/magazine\\\/wp-content\\\/uploads\\\/2024\\\/02\\\/android-chrome-192x192-1.png\",\"width\":192,\"height\":192,\"caption\":\"Mobilier Design Magazine\"},\"image\":{\"@id\":\"https:\\\/\\\/www.mobilier-design-occasion.fr\\\/magazine\\\/#\\\/schema\\\/logo\\\/image\\\/\"},\"sameAs\":[\"https:\\\/\\\/www.facebook.com\\\/mobilierdesignoccasion\"]},{\"@type\":\"Person\",\"@id\":\"https:\\\/\\\/www.mobilier-design-occasion.fr\\\/magazine\\\/#\\\/schema\\\/person\\\/5b2e5627a714ddadaaf8c9b886c55eff\",\"name\":\"Cyrielle Poirot\",\"image\":{\"@type\":\"ImageObject\",\"inLanguage\":\"fr-FR\",\"@id\":\"https:\\\/\\\/secure.gravatar.com\\\/avatar\\\/c8d2674e093b06894d8d1dc468b626bd752523471f3ac6e75f7c7a1400d40b4d?s=96&d=mm&r=g\",\"url\":\"https:\\\/\\\/secure.gravatar.com\\\/avatar\\\/c8d2674e093b06894d8d1dc468b626bd752523471f3ac6e75f7c7a1400d40b4d?s=96&d=mm&r=g\",\"contentUrl\":\"https:\\\/\\\/secure.gravatar.com\\\/avatar\\\/c8d2674e093b06894d8d1dc468b626bd752523471f3ac6e75f7c7a1400d40b4d?s=96&d=mm&r=g\",\"caption\":\"Cyrielle Poirot\"},\"description\":\"Cyrielle est passionn\u00e9e par la d\u00e9coration d'int\u00e9rieur et s'est sp\u00e9cialis\u00e9e depuis quelques ann\u00e9es dans l'\u00e9dition du site Mobilier-Design, avec une touche sp\u00e9cifique pour les produits d'occasion.\",\"sameAs\":[\"https:\\\/\\\/www.mobilier-design-occasion.fr\\\/magazine\"],\"url\":\"https:\\\/\\\/www.mobilier-design-occasion.fr\\\/magazine\\\/author\\\/cyrielle\\\/\"}]}<\/script>\n<!-- \/ Yoast SEO plugin. -->","yoast_head_json":{"title":"D\u00e9coration d\u2019int\u00e9rieur : 3 plantes qui pourraient embellir votre cuisine&nbsp; - Mobilier Design Magazine","robots":{"index":"index","follow":"follow","max-snippet":"max-snippet:-1","max-image-preview":"max-image-preview:large","max-video-preview":"max-video-preview:-1"},"canonical":"https:\/\/www.mobilier-design-occasion.fr\/magazine\/decoration-dinterieur-3-plantes-qui-pourraient-embellir-votre-cuisine\/","og_locale":"fr_FR","og_type":"article","og_title":"D\u00e9coration d\u2019int\u00e9rieur : 3 plantes qui pourraient embellir votre cuisine&nbsp; - Mobilier Design Magazine","og_description":"Pour que la&nbsp;d\u00e9coration&nbsp;de votre cuisine soit compl\u00e8te, vous pouvez y ajouter des plantes selon vos pr\u00e9f\u00e9rences. Cependant, il en existe qui vous seront d\u2019une&nbsp;grande utilit\u00e9&nbsp;si vous les privil\u00e9giez. Quelles sont alors ces&nbsp;plantes&nbsp;et qu\u2019est-ce qu\u2019elles apportent de plus&nbsp;? D\u00e9couvrez-en 3 dans ce billet. L\u2019Aloe vera Elle est l\u2019une des plantes les plus utilis\u00e9es pour la&nbsp;d\u00e9coration int\u00e9rieure. [&hellip;]","og_url":"https:\/\/www.mobilier-design-occasion.fr\/magazine\/decoration-dinterieur-3-plantes-qui-pourraient-embellir-votre-cuisine\/","og_site_name":"Mobilier Design Magazine","article_publisher":"https:\/\/www.facebook.com\/mobilierdesignoccasion","article_published_time":"2022-04-27T10:03:13+00:00","article_modified_time":"2023-09-25T13:39:49+00:00","og_image":[{"width":1080,"height":1080,"url":"https:\/\/www.mobilier-design-occasion.fr\/magazine\/wp-content\/uploads\/2022\/04\/Casanaute-1.jpg","type":"image\/jpeg"}],"author":"Cyrielle Poirot","twitter_card":"summary_large_image","twitter_misc":{"\u00c9crit par":"Cyrielle Poirot","Dur\u00e9e de lecture estim\u00e9e":"2 minutes"},"schema":{"@context":"https:\/\/schema.org","@graph":[{"@type":"Article","@id":"https:\/\/www.mobilier-design-occasion.fr\/magazine\/decoration-dinterieur-3-plantes-qui-pourraient-embellir-votre-cuisine\/#article","isPartOf":{"@id":"https:\/\/www.mobilier-design-occasion.fr\/magazine\/decoration-dinterieur-3-plantes-qui-pourraient-embellir-votre-cuisine\/"},"author":{"name":"Cyrielle Poirot","@id":"https:\/\/www.mobilier-design-occasion.fr\/magazine\/#\/schema\/person\/5b2e5627a714ddadaaf8c9b886c55eff"},"headline":"D\u00e9coration d\u2019int\u00e9rieur : 3 plantes qui pourraient embellir votre cuisine&nbsp;","datePublished":"2022-04-27T10:03:13+00:00","dateModified":"2023-09-25T13:39:49+00:00","mainEntityOfPage":{"@id":"https:\/\/www.mobilier-design-occasion.fr\/magazine\/decoration-dinterieur-3-plantes-qui-pourraient-embellir-votre-cuisine\/"},"wordCount":349,"commentCount":0,"publisher":{"@id":"https:\/\/www.mobilier-design-occasion.fr\/magazine\/#organization"},"image":{"@id":"https:\/\/www.mobilier-design-occasion.fr\/magazine\/decoration-dinterieur-3-plantes-qui-pourraient-embellir-votre-cuisine\/#primaryimage"},"thumbnailUrl":"https:\/\/www.mobilier-design-occasion.fr\/magazine\/wp-content\/uploads\/2022\/04\/Casanaute-1.jpg","articleSection":["Tendances"],"inLanguage":"fr-FR","potentialAction":[{"@type":"CommentAction","name":"Comment","target":["https:\/\/www.mobilier-design-occasion.fr\/magazine\/decoration-dinterieur-3-plantes-qui-pourraient-embellir-votre-cuisine\/#respond"]}]},{"@type":"WebPage","@id":"https:\/\/www.mobilier-design-occasion.fr\/magazine\/decoration-dinterieur-3-plantes-qui-pourraient-embellir-votre-cuisine\/","url":"https:\/\/www.mobilier-design-occasion.fr\/magazine\/decoration-dinterieur-3-plantes-qui-pourraient-embellir-votre-cuisine\/","name":"D\u00e9coration d\u2019int\u00e9rieur : 3 plantes qui pourraient embellir votre cuisine&nbsp; - Mobilier Design Magazine","isPartOf":{"@id":"https:\/\/www.mobilier-design-occasion.fr\/magazine\/#website"},"primaryImageOfPage":{"@id":"https:\/\/www.mobilier-design-occasion.fr\/magazine\/decoration-dinterieur-3-plantes-qui-pourraient-embellir-votre-cuisine\/#primaryimage"},"image":{"@id":"https:\/\/www.mobilier-design-occasion.fr\/magazine\/decoration-dinterieur-3-plantes-qui-pourraient-embellir-votre-cuisine\/#primaryimage"},"thumbnailUrl":"https:\/\/www.mobilier-design-occasion.fr\/magazine\/wp-content\/uploads\/2022\/04\/Casanaute-1.jpg","datePublished":"2022-04-27T10:03:13+00:00","dateModified":"2023-09-25T13:39:49+00:00","breadcrumb":{"@id":"https:\/\/www.mobilier-design-occasion.fr\/magazine\/decoration-dinterieur-3-plantes-qui-pourraient-embellir-votre-cuisine\/#breadcrumb"},"inLanguage":"fr-FR","potentialAction":[{"@type":"ReadAction","target":["https:\/\/www.mobilier-design-occasion.fr\/magazine\/decoration-dinterieur-3-plantes-qui-pourraient-embellir-votre-cuisine\/"]}]},{"@type":"ImageObject","inLanguage":"fr-FR","@id":"https:\/\/www.mobilier-design-occasion.fr\/magazine\/decoration-dinterieur-3-plantes-qui-pourraient-embellir-votre-cuisine\/#primaryimage","url":"https:\/\/www.mobilier-design-occasion.fr\/magazine\/wp-content\/uploads\/2022\/04\/Casanaute-1.jpg","contentUrl":"https:\/\/www.mobilier-design-occasion.fr\/magazine\/wp-content\/uploads\/2022\/04\/Casanaute-1.jpg","width":1080,"height":1080},{"@type":"BreadcrumbList","@id":"https:\/\/www.mobilier-design-occasion.fr\/magazine\/decoration-dinterieur-3-plantes-qui-pourraient-embellir-votre-cuisine\/#breadcrumb","itemListElement":[{"@type":"ListItem","position":1,"name":"Accueil","item":"https:\/\/www.mobilier-design-occasion.fr\/magazine\/"},{"@type":"ListItem","position":2,"name":"D\u00e9coration d\u2019int\u00e9rieur : 3 plantes qui pourraient embellir votre cuisine&nbsp;"}]},{"@type":"WebSite","@id":"https:\/\/www.mobilier-design-occasion.fr\/magazine\/#website","url":"https:\/\/www.mobilier-design-occasion.fr\/magazine\/","name":"Mobilier Design Magazine","description":"","publisher":{"@id":"https:\/\/www.mobilier-design-occasion.fr\/magazine\/#organization"},"potentialAction":[{"@type":"SearchAction","target":{"@type":"EntryPoint","urlTemplate":"https:\/\/www.mobilier-design-occasion.fr\/magazine\/?s={search_term_string}"},"query-input":{"@type":"PropertyValueSpecification","valueRequired":true,"valueName":"search_term_string"}}],"inLanguage":"fr-FR"},{"@type":"Organization","@id":"https:\/\/www.mobilier-design-occasion.fr\/magazine\/#organization","name":"Mobilier Design Magazine","url":"https:\/\/www.mobilier-design-occasion.fr\/magazine\/","logo":{"@type":"ImageObject","inLanguage":"fr-FR","@id":"https:\/\/www.mobilier-design-occasion.fr\/magazine\/#\/schema\/logo\/image\/","url":"https:\/\/www.mobilier-design-occasion.fr\/magazine\/wp-content\/uploads\/2024\/02\/android-chrome-192x192-1.png","contentUrl":"https:\/\/www.mobilier-design-occasion.fr\/magazine\/wp-content\/uploads\/2024\/02\/android-chrome-192x192-1.png","width":192,"height":192,"caption":"Mobilier Design Magazine"},"image":{"@id":"https:\/\/www.mobilier-design-occasion.fr\/magazine\/#\/schema\/logo\/image\/"},"sameAs":["https:\/\/www.facebook.com\/mobilierdesignoccasion"]},{"@type":"Person","@id":"https:\/\/www.mobilier-design-occasion.fr\/magazine\/#\/schema\/person\/5b2e5627a714ddadaaf8c9b886c55eff","name":"Cyrielle Poirot","image":{"@type":"ImageObject","inLanguage":"fr-FR","@id":"https:\/\/secure.gravatar.com\/avatar\/c8d2674e093b06894d8d1dc468b626bd752523471f3ac6e75f7c7a1400d40b4d?s=96&d=mm&r=g","url":"https:\/\/secure.gravatar.com\/avatar\/c8d2674e093b06894d8d1dc468b626bd752523471f3ac6e75f7c7a1400d40b4d?s=96&d=mm&r=g","contentUrl":"https:\/\/secure.gravatar.com\/avatar\/c8d2674e093b06894d8d1dc468b626bd752523471f3ac6e75f7c7a1400d40b4d?s=96&d=mm&r=g","caption":"Cyrielle Poirot"},"description":"Cyrielle est passionn\u00e9e par la d\u00e9coration d'int\u00e9rieur et s'est sp\u00e9cialis\u00e9e depuis quelques ann\u00e9es dans l'\u00e9dition du site Mobilier-Design, avec une touche sp\u00e9cifique pour les produits d'occasion.","sameAs":["https:\/\/www.mobilier-design-occasion.fr\/magazine"],"url":"https:\/\/www.mobilier-design-occasion.fr\/magazine\/author\/cyrielle\/"}]}},"_links":{"self":[{"href":"https:\/\/www.mobilier-design-occasion.fr\/magazine\/wp-json\/wp\/v2\/posts\/4218","targetHints":{"allow":["GET"]}}],"collection":[{"href":"https:\/\/www.mobilier-design-occasion.fr\/magazine\/wp-json\/wp\/v2\/posts"}],"about":[{"href":"https:\/\/www.mobilier-design-occasion.fr\/magazine\/wp-json\/wp\/v2\/types\/post"}],"author":[{"embeddable":true,"href":"https:\/\/www.mobilier-design-occasion.fr\/magazine\/wp-json\/wp\/v2\/users\/1"}],"replies":[{"embeddable":true,"href":"https:\/\/www.mobilier-design-occasion.fr\/magazine\/wp-json\/wp\/v2\/comments?post=4218"}],"version-history":[{"count":1,"href":"https:\/\/www.mobilier-design-occasion.fr\/magazine\/wp-json\/wp\/v2\/posts\/4218\/revisions"}],"predecessor-version":[{"id":4220,"href":"https:\/\/www.mobilier-design-occasion.fr\/magazine\/wp-json\/wp\/v2\/posts\/4218\/revisions\/4220"}],"wp:featuredmedia":[{"embeddable":true,"href":"https:\/\/www.mobilier-design-occasion.fr\/magazine\/wp-json\/wp\/v2\/media\/4219"}],"wp:attachment":[{"href":"https:\/\/www.mobilier-design-occasion.fr\/magazine\/wp-json\/wp\/v2\/media?parent=4218"}],"wp:term":[{"taxonomy":"category","embeddable":true,"href":"https:\/\/www.mobilier-design-occasion.fr\/magazine\/wp-json\/wp\/v2\/categories?post=4218"},{"taxonomy":"post_tag","embeddable":true,"href":"https:\/\/www.mobilier-design-occasion.fr\/magazine\/wp-json\/wp\/v2\/tags?post=4218"}],"curies":[{"name":"wp","href":"https:\/\/api.w.org\/{rel}","templated":true}]}}