{"id":4049,"date":"2022-04-15T11:09:10","date_gmt":"2022-04-15T11:09:10","guid":{"rendered":"https:\/\/www.mobilier-design-occasion.fr\/magazine\/?p=4049"},"modified":"2023-09-25T13:30:50","modified_gmt":"2023-09-25T13:30:50","slug":"le-lit-au-sol-est-il-un-bon-choix-pour-mon-enfant","status":"publish","type":"post","link":"https:\/\/www.mobilier-design-occasion.fr\/magazine\/le-lit-au-sol-est-il-un-bon-choix-pour-mon-enfant\/","title":{"rendered":"Le lit au sol est-il un bon choix pour mon enfant?"},"content":{"rendered":"\n<p>Dans cet article je r\u00e9ponds aux questions les plus courantes que l&#8217;on se pose lorsque l&#8217;on r\u00e9fl\u00e9chit \u00e0 installer un lit au sol dans la chambre de son enfant. <\/p>\n\n\n\n<p>En tant que maman, je me suis pos\u00e9e <strong>les m\u00eames questions que vous<\/strong>, et il m&#8217;est donc paru utile de vous <strong>partager<\/strong> le fruit de mes recherches afin que vous preniez votre d\u00e9cision dans les meilleures conditions possibles et avec un maximum d&#8217;informations et d&#8217;\u00e9l\u00e9ments en t\u00eate. <\/p>\n\n\n\n<div class=\"wp-block-buttons is-layout-flex wp-block-buttons-is-layout-flex\">\n<div class=\"wp-block-button has-custom-width wp-block-button__width-100\"><a class=\"wp-block-button__link has-vce-acc-background-color has-background wp-element-button\" href=\"https:\/\/www.lelitcabane.fr\/collections\/chambre-montessori\">Voir les plus beaux lits Montessori<\/a><\/div>\n<\/div>\n\n\n\n<h2 class=\"wp-block-heading\"><span class=\"ez-toc-section\" id=\"Quest-ce_quun_lit_au_sol_selon_la_methode_Montessori\"><\/span>Qu&#8217;est-ce qu&#8217;un lit au sol selon la m\u00e9thode Montessori? <span class=\"ez-toc-section-end\"><\/span><\/h2><div id=\"ez-toc-container\" class=\"ez-toc-v2_0_82_2 counter-hierarchy ez-toc-counter ez-toc-grey ez-toc-container-direction\">\n<div class=\"ez-toc-title-container\">\n<span class=\"ez-toc-title-toggle\"><a href=\"#\" class=\"ez-toc-pull-right ez-toc-btn ez-toc-btn-xs ez-toc-btn-default ez-toc-toggle\" aria-label=\"Toggle Table of Content\"><span class=\"ez-toc-js-icon-con\"><span class=\"\"><span class=\"eztoc-hide\" style=\"display:none;\">Toggle<\/span><span class=\"ez-toc-icon-toggle-span\"><svg style=\"fill: #999;color:#999\" xmlns=\"http:\/\/www.w3.org\/2000\/svg\" class=\"list-377408\" width=\"20px\" height=\"20px\" viewBox=\"0 0 24 24\" fill=\"none\"><path d=\"M6 6H4v2h2V6zm14 0H8v2h12V6zM4 11h2v2H4v-2zm16 0H8v2h12v-2zM4 16h2v2H4v-2zm16 0H8v2h12v-2z\" fill=\"currentColor\"><\/path><\/svg><svg style=\"fill: #999;color:#999\" class=\"arrow-unsorted-368013\" xmlns=\"http:\/\/www.w3.org\/2000\/svg\" width=\"10px\" height=\"10px\" viewBox=\"0 0 24 24\" version=\"1.2\" baseProfile=\"tiny\"><path d=\"M18.2 9.3l-6.2-6.3-6.2 6.3c-.2.2-.3.4-.3.7s.1.5.3.7c.2.2.4.3.7.3h11c.3 0 .5-.1.7-.3.2-.2.3-.5.3-.7s-.1-.5-.3-.7zM5.8 14.7l6.2 6.3 6.2-6.3c.2-.2.3-.5.3-.7s-.1-.5-.3-.7c-.2-.2-.4-.3-.7-.3h-11c-.3 0-.5.1-.7.3-.2.2-.3.5-.3.7s.1.5.3.7z\"\/><\/svg><\/span><\/span><\/span><\/a><\/span><\/div>\n<nav><ul class='ez-toc-list ez-toc-list-level-1 eztoc-toggle-hide-by-default' ><li class='ez-toc-page-1 ez-toc-heading-level-2'><a class=\"ez-toc-link ez-toc-heading-1\" href=\"https:\/\/www.mobilier-design-occasion.fr\/magazine\/le-lit-au-sol-est-il-un-bon-choix-pour-mon-enfant\/#Quest-ce_quun_lit_au_sol_selon_la_methode_Montessori\" >Qu&#8217;est-ce qu&#8217;un lit au sol selon la m\u00e9thode Montessori?<\/a><\/li><li class='ez-toc-page-1 ez-toc-heading-level-2'><a class=\"ez-toc-link ez-toc-heading-2\" href=\"https:\/\/www.mobilier-design-occasion.fr\/magazine\/le-lit-au-sol-est-il-un-bon-choix-pour-mon-enfant\/#Lit_au_sol_convient-il_a_mon_enfant\" >Lit au sol: convient-il \u00e0 mon enfant?<\/a><\/li><li class='ez-toc-page-1 ez-toc-heading-level-2'><a class=\"ez-toc-link ez-toc-heading-3\" href=\"https:\/\/www.mobilier-design-occasion.fr\/magazine\/le-lit-au-sol-est-il-un-bon-choix-pour-mon-enfant\/#Comment_amenager_la_chambre_et_le_lit_de_mon_enfant\" >Comment am\u00e9nager la chambre et le lit de mon enfant?<\/a><ul class='ez-toc-list-level-3' ><li class='ez-toc-heading-level-3'><a class=\"ez-toc-link ez-toc-heading-4\" href=\"https:\/\/www.mobilier-design-occasion.fr\/magazine\/le-lit-au-sol-est-il-un-bon-choix-pour-mon-enfant\/#Lit_au_sol_avant_2_ans\" >Lit au sol avant 2 ans<\/a><\/li><li class='ez-toc-page-1 ez-toc-heading-level-3'><a class=\"ez-toc-link ez-toc-heading-5\" href=\"https:\/\/www.mobilier-design-occasion.fr\/magazine\/le-lit-au-sol-est-il-un-bon-choix-pour-mon-enfant\/#Conseils_securite_lit_au_sol\" >Conseils s\u00e9curit\u00e9 lit au sol<\/a><\/li><\/ul><\/li><li class='ez-toc-page-1 ez-toc-heading-level-2'><a class=\"ez-toc-link ez-toc-heading-6\" href=\"https:\/\/www.mobilier-design-occasion.fr\/magazine\/le-lit-au-sol-est-il-un-bon-choix-pour-mon-enfant\/#Comment_faire_pour_que_mon_enfant_ne_roule_pas_par_terre_en_dormant\" >Comment faire pour que mon enfant ne roule pas par terre en dormant?<\/a><\/li><\/ul><\/nav><\/div>\n\n\n\n\n<p>Dans le concept d&#8217;un lit au sol Montessori, tout est quasiment dans le nom \ud83d\ude42 <\/p>\n\n\n\n<p>Un lit au sol est donc un lit plac\u00e9 directement sur le sol, suffisamment bas par rapport au sol pour qu&#8217;<strong>un jeune enfant puisse y entrer et en sortir en toute s\u00e9curit\u00e9<\/strong> par ses propres moyens. <\/p>\n\n\n\n<p>Il peut s&#8217;agir d&#8217;un <strong>simple matelas<\/strong> de lit d&#8217;enfant plac\u00e9 directement sur le sol. Pour les enfants de moins de 2 ans, il convient d&#8217;utiliser un matelas de lit d&#8217;enfant ferme, ou d&#8217;un matelas dans un cadre de lit sp\u00e9cialement con\u00e7u comme un lit au sol Montessori. <\/p>\n\n\n\n<p>La fa\u00e7on dont vous choisissez d&#8217;installer le lit au sol et l&#8217;option la plus appropri\u00e9e d\u00e9pendent <strong>de l&#8217;espace dans lequel vous l&#8217;installez<\/strong>, ainsi que de l<strong>&#8216;\u00e2ge de votre enfant<\/strong> lorsqu&#8217;il commence \u00e0 l&#8217;utiliser.<\/p>\n\n\n\n<div class=\"wp-block-columns is-layout-flex wp-container-core-columns-is-layout-9d6595d7 wp-block-columns-is-layout-flex\">\n<div class=\"wp-block-column is-layout-flow wp-block-column-is-layout-flow\">\n<figure class=\"wp-block-image size-large\"><img loading=\"lazy\" decoding=\"async\" width=\"1024\" height=\"1024\" src=\"https:\/\/www.mobilier-design-occasion.fr\/magazine\/wp-content\/uploads\/2022\/04\/Design-sans-titre-23-1024x1024.jpg\" alt=\"\" class=\"wp-image-4051\" srcset=\"https:\/\/www.mobilier-design-occasion.fr\/magazine\/wp-content\/uploads\/2022\/04\/Design-sans-titre-23-1024x1024.jpg 1024w, https:\/\/www.mobilier-design-occasion.fr\/magazine\/wp-content\/uploads\/2022\/04\/Design-sans-titre-23-300x300.jpg 300w, https:\/\/www.mobilier-design-occasion.fr\/magazine\/wp-content\/uploads\/2022\/04\/Design-sans-titre-23-150x150.jpg 150w, https:\/\/www.mobilier-design-occasion.fr\/magazine\/wp-content\/uploads\/2022\/04\/Design-sans-titre-23-768x768.jpg 768w, https:\/\/www.mobilier-design-occasion.fr\/magazine\/wp-content\/uploads\/2022\/04\/Design-sans-titre-23-810x810.jpg 810w, https:\/\/www.mobilier-design-occasion.fr\/magazine\/wp-content\/uploads\/2022\/04\/Design-sans-titre-23.jpg 1080w\" sizes=\"auto, (max-width: 1024px) 100vw, 1024px\" \/><figcaption class=\"wp-element-caption\">Un exemple de chambre avec lit au sol<\/figcaption><\/figure>\n<\/div>\n\n\n\n<div class=\"wp-block-column is-layout-flow wp-block-column-is-layout-flow\"><\/div>\n<\/div>\n\n\n\n<h2 class=\"wp-block-heading\"><span class=\"ez-toc-section\" id=\"Lit_au_sol_convient-il_a_mon_enfant\"><\/span>Lit au sol: convient-il \u00e0 mon enfant?<span class=\"ez-toc-section-end\"><\/span><\/h2>\n\n\n\n<p>De par mon exp\u00e9rience personnelle, je peux vous dire que pour d\u00e9terminer si un lit au sol convient \u00e0 votre enfant, il est important de prendre en compte<strong> ses habitudes de sommeil <\/strong>actuelles. <\/p>\n\n\n\n<p>Certaines familles font le choix de commencer \u00e0 utiliser un lit au sol d\u00e8s que leur b\u00e9b\u00e9 passe dans sa propre chambre pour dormir, c&#8217;est-\u00e0-dire parfois tr\u00e8s jeune. Je vous ai d\u00e9j\u00e0 fait part de mes inqui\u00e9tudes et r\u00e9ticences par rapport \u00e0 cette d\u00e9cision. Il s&#8217;av\u00e8re qu&#8217;en tant que maman, je ne suis pas \u00e0 l&#8217;aise avec ce choix et pr\u00e9f\u00e8re que vous vous tourniez vers des personnes comp\u00e9tentes sur le sujet.<\/p>\n\n\n\n<p>De mani\u00e8re g\u00e9n\u00e9rale, il est <strong>plus traditionnel<\/strong> dans les pratiques Montessori de commencer \u00e0 utiliser un lit au sol d\u00e8s la petite enfance. La majorit\u00e9 des parents choisissent de commencer \u00e0 utiliser un lit au sol lorsque le berceau ne convient plus \u00e0 leur enfant. <\/p>\n\n\n\n<p>Comme pour toute transition importante, si vous d\u00e9cidez de passer du berceau au lit de sol, sachez qu&#8217;il y aura une courbe d&#8217;apprentissage pour tous. Oui, les parents, vous aussi \ud83d\ude09<\/p>\n\n\n\n<p>Le maintien d&#8217;un environnement et d&#8217;une routine de sommeil similaires \u00e0 ceux que vous utilisez lorsque votre enfant dort dans son berceau peut faciliter la transition. <\/p>\n\n\n\n<div class=\"wp-block-columns is-layout-flex wp-container-core-columns-is-layout-9d6595d7 wp-block-columns-is-layout-flex\">\n<div class=\"wp-block-column is-layout-flow wp-block-column-is-layout-flow\">\n<figure class=\"wp-block-image size-large\"><img loading=\"lazy\" decoding=\"async\" width=\"1024\" height=\"1024\" src=\"https:\/\/www.mobilier-design-occasion.fr\/magazine\/wp-content\/uploads\/2022\/04\/Design-sans-titre-22-1024x1024.png\" alt=\"\" class=\"wp-image-4110\" srcset=\"https:\/\/www.mobilier-design-occasion.fr\/magazine\/wp-content\/uploads\/2022\/04\/Design-sans-titre-22-1024x1024.png 1024w, https:\/\/www.mobilier-design-occasion.fr\/magazine\/wp-content\/uploads\/2022\/04\/Design-sans-titre-22-300x300.png 300w, https:\/\/www.mobilier-design-occasion.fr\/magazine\/wp-content\/uploads\/2022\/04\/Design-sans-titre-22-150x150.png 150w, https:\/\/www.mobilier-design-occasion.fr\/magazine\/wp-content\/uploads\/2022\/04\/Design-sans-titre-22-768x768.png 768w, https:\/\/www.mobilier-design-occasion.fr\/magazine\/wp-content\/uploads\/2022\/04\/Design-sans-titre-22-810x810.png 810w, https:\/\/www.mobilier-design-occasion.fr\/magazine\/wp-content\/uploads\/2022\/04\/Design-sans-titre-22.png 1080w\" sizes=\"auto, (max-width: 1024px) 100vw, 1024px\" \/><\/figure>\n<\/div>\n\n\n\n<div class=\"wp-block-column is-layout-flow wp-block-column-is-layout-flow\"><\/div>\n<\/div>\n\n\n\n<p>De mon c\u00f4t\u00e9, avec ma fille Apolline j&#8217;ai trouv\u00e9 que de <strong>commencer par les siestes <\/strong>\u00e9tait <strong>un bon compromis <\/strong>et surtout une option un peu moins risqu\u00e9e pour elle qui \u00e9tait sensible au moindre petit changement. <\/p>\n\n\n\n<p>Gardez \u00e0 l&#8217;esprit que si votre enfant se r\u00e9veille fr\u00e9quemment et a du mal \u00e0 dormir, il est peu probable que le passage \u00e0 un lit au sol puisse r\u00e9soudre le probl\u00e8me. Commencer par une routine et une base de sommeil solide rendra le processus plus facile pour tout le monde.<\/p>\n\n\n\n<h2 class=\"wp-block-heading\"><span class=\"ez-toc-section\" id=\"Comment_amenager_la_chambre_et_le_lit_de_mon_enfant\"><\/span>Comment am\u00e9nager la chambre et le lit de mon enfant?<span class=\"ez-toc-section-end\"><\/span><\/h2>\n\n\n\n<p>Cela d\u00e9pend bien \u00e9videmment de l&#8217;\u00e2ge de votre enfant. En toute logique on n&#8217;am\u00e9nage pas la chambre d&#8217;un enfant de 18 mois comme celle d&#8217;un enfant de 6 ans. <\/p>\n\n\n\n<p>Comme pour toute autre pi\u00e8ce de la maison dans laquelle vous utilisez la m\u00e9thode Montessori, vous devez am\u00e9nager l&#8217;espace<strong> en fonction des besoins de votre enfant \u00e0 son stade de d\u00e9veloppement<\/strong>. <\/p>\n\n\n\n<h3 class=\"wp-block-heading\"><span class=\"ez-toc-section\" id=\"Lit_au_sol_avant_2_ans\"><\/span>Lit au sol avant 2 ans<span class=\"ez-toc-section-end\"><\/span><\/h3>\n\n\n\n<p>Si vous utilisez un lit au sol avant que votre enfant ne marche, il est important que vous vous mettiez vous-m\u00eame assis et couch\u00e9 au sur le lit au sol afin de voir ce que votre b\u00e9b\u00e9 verra de son point de vue. <\/p>\n\n\n\n<p>Un lit au sol permet \u00e0 un b\u00e9b\u00e9 qui ne se d\u00e9place qu&#8217;\u00e0 quatre pattes d&#8217;observer le monde sans regarder \u00e0 travers les barreaux d&#8217;un lit, mais vous devez vous assurer que l&#8217;espace n&#8217;est pas trop encombr\u00e9 ou trop stimulant.<\/p>\n\n\n\n<div class=\"wp-block-columns is-layout-flex wp-container-core-columns-is-layout-9d6595d7 wp-block-columns-is-layout-flex\">\n<div class=\"wp-block-column is-layout-flow wp-block-column-is-layout-flow\">\n<figure class=\"wp-block-image size-large\"><img loading=\"lazy\" decoding=\"async\" width=\"1024\" height=\"1024\" src=\"https:\/\/www.mobilier-design-occasion.fr\/magazine\/wp-content\/uploads\/2022\/04\/Design-sans-titre-23-1024x1024.png\" alt=\"\" class=\"wp-image-4112\" srcset=\"https:\/\/www.mobilier-design-occasion.fr\/magazine\/wp-content\/uploads\/2022\/04\/Design-sans-titre-23-1024x1024.png 1024w, https:\/\/www.mobilier-design-occasion.fr\/magazine\/wp-content\/uploads\/2022\/04\/Design-sans-titre-23-300x300.png 300w, https:\/\/www.mobilier-design-occasion.fr\/magazine\/wp-content\/uploads\/2022\/04\/Design-sans-titre-23-150x150.png 150w, https:\/\/www.mobilier-design-occasion.fr\/magazine\/wp-content\/uploads\/2022\/04\/Design-sans-titre-23-768x768.png 768w, https:\/\/www.mobilier-design-occasion.fr\/magazine\/wp-content\/uploads\/2022\/04\/Design-sans-titre-23-810x810.png 810w, https:\/\/www.mobilier-design-occasion.fr\/magazine\/wp-content\/uploads\/2022\/04\/Design-sans-titre-23.png 1080w\" sizes=\"auto, (max-width: 1024px) 100vw, 1024px\" \/><\/figure>\n<\/div>\n\n\n\n<div class=\"wp-block-column is-layout-flow wp-block-column-is-layout-flow\"><\/div>\n<\/div>\n\n\n\n<h3 class=\"wp-block-heading\"><span class=\"ez-toc-section\" id=\"Conseils_securite_lit_au_sol\"><\/span>Conseils s\u00e9curit\u00e9 lit au sol<span class=\"ez-toc-section-end\"><\/span><\/h3>\n\n\n\n<p>Lorsque vous faites le choix d&#8217;installer un lit au sol pour votre enfant, il est vraiment tr\u00e8s important de s\u00e9curiser sa chambre et tous les endroits o\u00f9 il est susceptible de se rendre seul: hall de nuit, buanderie, escalier etc&#8230;<\/p>\n\n\n\n<p>Voici quelques conseils de base pour assurer sa s\u00e9curit\u00e9:<\/p>\n\n\n\n<ul class=\"wp-block-list\">\n<li>Fixer tous les meubles aux murs <\/li>\n\n\n\n<li>Cacher tous les fils et prises \u00e9lectriques avant m\u00eame que votre enfant ne marche<\/li>\n\n\n\n<li>Installer une barri\u00e8re en haut des escaliers<\/li>\n\n\n\n<li>Mettre les produits dangereux dans une armoire inaccessible <\/li>\n<\/ul>\n\n\n\n<div class=\"wp-block-columns is-layout-flex wp-container-core-columns-is-layout-9d6595d7 wp-block-columns-is-layout-flex\">\n<div class=\"wp-block-column is-layout-flow wp-block-column-is-layout-flow\">\n<figure class=\"wp-block-image size-large\"><img loading=\"lazy\" decoding=\"async\" width=\"1024\" height=\"1024\" src=\"https:\/\/www.mobilier-design-occasion.fr\/magazine\/wp-content\/uploads\/2022\/04\/Design-sans-titre-24-1024x1024.jpg\" alt=\"\" class=\"wp-image-4113\" srcset=\"https:\/\/www.mobilier-design-occasion.fr\/magazine\/wp-content\/uploads\/2022\/04\/Design-sans-titre-24-1024x1024.jpg 1024w, https:\/\/www.mobilier-design-occasion.fr\/magazine\/wp-content\/uploads\/2022\/04\/Design-sans-titre-24-300x300.jpg 300w, https:\/\/www.mobilier-design-occasion.fr\/magazine\/wp-content\/uploads\/2022\/04\/Design-sans-titre-24-150x150.jpg 150w, https:\/\/www.mobilier-design-occasion.fr\/magazine\/wp-content\/uploads\/2022\/04\/Design-sans-titre-24-768x768.jpg 768w, https:\/\/www.mobilier-design-occasion.fr\/magazine\/wp-content\/uploads\/2022\/04\/Design-sans-titre-24-810x810.jpg 810w, https:\/\/www.mobilier-design-occasion.fr\/magazine\/wp-content\/uploads\/2022\/04\/Design-sans-titre-24.jpg 1080w\" sizes=\"auto, (max-width: 1024px) 100vw, 1024px\" \/><\/figure>\n<\/div>\n\n\n\n<div class=\"wp-block-column is-layout-flow wp-block-column-is-layout-flow\"><\/div>\n<\/div>\n\n\n\n<p>Si vous installez un lit au sol pour un tout-petit, sa chambre devra probablement subir des changements importants par rapport \u00e0 l&#8217;am\u00e9nagement traditionnel de la chambre d&#8217;enfant. <\/p>\n\n\n\n<p>N&#8217;oubliez pas que tout ce qui reste dans la chambre peut \u00eatre utilis\u00e9 une fois que vous avez ferm\u00e9 la porte et dit bonne nuit. Nos enfants nous surprennent toujours pour leur imagination d\u00e9bordante \ud83d\ude09 <\/p>\n\n\n\n<p>Je conseille donc de commencer avec le moins de choses possible dans la chambre et d&#8217;en rajouter progressivement si n\u00e9cessaire. Une petite biblioth\u00e8que avec quelques options et deux ou trois jouets \u00e0 disposition suffisent au d\u00e9but. <\/p>\n\n\n\n<h2 class=\"wp-block-heading\"><span class=\"ez-toc-section\" id=\"Comment_faire_pour_que_mon_enfant_ne_roule_pas_par_terre_en_dormant\"><\/span>Comment faire pour que mon enfant ne roule pas par terre en dormant?<span class=\"ez-toc-section-end\"><\/span><\/h2>\n\n\n\n<p>Lorsqu&#8217;un enfant commence \u00e0 dormir sur un lit au sol, il est possible qu&#8217;il roule quelques fois. Pas de panique, il ne peut rien arriver \ud83d\ude42  Mais en tant que parent on peut rendre cette roulade plus douce en mettant par exemple un tapis moelleux juste \u00e0 c\u00f4t\u00e9 du lit. Apr\u00e8s s&#8217;\u00eatre roul\u00e9s quelques fois, les enfants apprennent instinctivement et naturellement o\u00f9 se trouve les limites du matelas ou du lit.  <\/p>\n\n\n\n<div class=\"wp-block-columns is-layout-flex wp-container-core-columns-is-layout-9d6595d7 wp-block-columns-is-layout-flex\">\n<div class=\"wp-block-column is-layout-flow wp-block-column-is-layout-flow\">\n<figure class=\"wp-block-image size-large\"><a href=\"https:\/\/www.lelitcabane.fr\/collections\/tapis\"><img loading=\"lazy\" decoding=\"async\" width=\"740\" height=\"1024\" src=\"https:\/\/www.mobilier-design-occasion.fr\/magazine\/wp-content\/uploads\/2023\/06\/SHOOTINGBLEUUMAI20220302copy-min-740x1024.jpg\" alt=\"\" class=\"wp-image-6687\" srcset=\"https:\/\/www.mobilier-design-occasion.fr\/magazine\/wp-content\/uploads\/2023\/06\/SHOOTINGBLEUUMAI20220302copy-min-740x1024.jpg 740w, https:\/\/www.mobilier-design-occasion.fr\/magazine\/wp-content\/uploads\/2023\/06\/SHOOTINGBLEUUMAI20220302copy-min-217x300.jpg 217w, https:\/\/www.mobilier-design-occasion.fr\/magazine\/wp-content\/uploads\/2023\/06\/SHOOTINGBLEUUMAI20220302copy-min-768x1063.jpg 768w, https:\/\/www.mobilier-design-occasion.fr\/magazine\/wp-content\/uploads\/2023\/06\/SHOOTINGBLEUUMAI20220302copy-min-810x1121.jpg 810w, https:\/\/www.mobilier-design-occasion.fr\/magazine\/wp-content\/uploads\/2023\/06\/SHOOTINGBLEUUMAI20220302copy-min.jpg 925w\" sizes=\"auto, (max-width: 740px) 100vw, 740px\" \/><\/a><\/figure>\n<\/div>\n\n\n\n<div class=\"wp-block-column is-layout-flow wp-block-column-is-layout-flow\"><\/div>\n<\/div>\n\n\n\n<div class=\"wp-block-buttons has-custom-font-size has-normal-font-size is-layout-flex wp-block-buttons-is-layout-flex\">\n<div class=\"wp-block-button\"><a class=\"wp-block-button__link wp-element-button\" href=\"https:\/\/www.lelitcabane.fr\/collections\/tapis\">Voir la s\u00e9lection de tapis pour les enfants<\/a><\/div>\n<\/div>\n\n\n\n<p>Il s&#8217;agit <strong>d&#8217;une relation de cause \u00e0 effet<\/strong>, une comp\u00e9tence que votre enfant va acqu\u00e9rir au fil des nuits et siestes. J&#8217;ai l&#8217;impression qu&#8217;Apolline n&#8217;a jamais vraiment roul\u00e9 (ou alors je ne m&#8217;en suis pas rendue compte!) alors que \u00e7a a toujours \u00e9t\u00e9 un b\u00e9b\u00e9 et une enfant hyper dynamique, qui bouge \u00e9norm\u00e9ment pendant son sommeil. <\/p>\n\n\n\n<p>Pour un enfant plus \u00e2g\u00e9 qui est capable de sortir du lit, on se demande pourquoi il choisirait de rester au lit alors qu&#8217;un monde accessible s&#8217;ouvre \u00e0 lui? <\/p>\n\n\n\n<p>Contre toute attente la r\u00e9ponse est qu&#8217;il ne le fera probablement pas, ou du moins pas au d\u00e9but. Laisser \u00e0 un enfant la <strong>libert\u00e9 de mouvement<\/strong> et l<strong>e choix de son sommeil<\/strong> signifie qu&#8217;il ne se calera peut-\u00eatre pas exactement sur les horaires que vous aimeriez, c&#8217;est important d&#8217;en avoir conscience \ud83d\ude42 <\/p>\n\n\n\n<p>Il est par exemple possible qu&#8217;il joue plut\u00f4t avec les quelques jouets mis \u00e0 sa disposition jusqu&#8217;\u00e0 ce qu&#8217;il soit fatigu\u00e9, puis s&#8217;endormira sur le sol ou retournera dans son lit pour dormir. <\/p>\n\n\n\n<p>A vous de r\u00e9fl\u00e9chir et de savoir si vous \u00eates \u00e0 l&#8217;aise avec ce choix \ud83d\ude42 De mon point de vue et selon l&#8217;exp\u00e9rience que j&#8217;ai eue avec Apolline je trouve qu&#8217;elle a fini par apprendre \u00e0 \u00e9couter son corps et \u00e0 savoir \u00e0 quel moment elle \u00e9tait vraiment fatigu\u00e9e et de faire le choix d&#8217;aller se mettre dans son lit. <\/p>\n\n\n\n<p>Pour conclure, je dirais qu&#8217;un lit au sol demande de la <strong>confiance<\/strong> et de la <strong>flexibilit\u00e9<\/strong> de la part des parents. Dans tous les cas il aidera \u00e0 <strong>d\u00e9velopper l&#8217;ind\u00e9pendance<\/strong> et la <strong>confiance en soi<\/strong> et la <strong>maturit\u00e9 <\/strong>de votre enfant.  <\/p>\n","protected":false},"excerpt":{"rendered":"<p>Dans cet article je r\u00e9ponds aux questions les plus courantes que l&#8217;on se pose lorsque l&#8217;on r\u00e9fl\u00e9chit \u00e0 installer un lit au sol dans la chambre de son enfant. En tant que maman, je me suis pos\u00e9e les m\u00eames questions que vous, et il m&#8217;est donc paru utile de vous partager le fruit de mes [&hellip;]<\/p>\n","protected":false},"author":1,"featured_media":4055,"comment_status":"open","ping_status":"open","sticky":false,"template":"","format":"standard","meta":{"footnotes":""},"categories":[120,129],"tags":[],"class_list":["post-4049","post","type-post","status-publish","format-standard","has-post-thumbnail","hentry","category-chambre","category-lit-cabane"],"yoast_head":"<!-- This site is optimized with the Yoast SEO plugin v27.5 - https:\/\/yoast.com\/product\/yoast-seo-wordpress\/ -->\n<title>Le lit au sol est-il un bon choix pour mon enfant? - Mobilier Design Magazine<\/title>\n<meta name=\"robots\" content=\"index, follow, max-snippet:-1, max-image-preview:large, max-video-preview:-1\" \/>\n<link rel=\"canonical\" href=\"https:\/\/www.mobilier-design-occasion.fr\/magazine\/le-lit-au-sol-est-il-un-bon-choix-pour-mon-enfant\/\" \/>\n<meta property=\"og:locale\" content=\"fr_FR\" \/>\n<meta property=\"og:type\" content=\"article\" \/>\n<meta property=\"og:title\" content=\"Le lit au sol est-il un bon choix pour mon enfant? - Mobilier Design Magazine\" \/>\n<meta property=\"og:description\" content=\"Dans cet article je r\u00e9ponds aux questions les plus courantes que l&#8217;on se pose lorsque l&#8217;on r\u00e9fl\u00e9chit \u00e0 installer un lit au sol dans la chambre de son enfant. En tant que maman, je me suis pos\u00e9e les m\u00eames questions que vous, et il m&#8217;est donc paru utile de vous partager le fruit de mes [&hellip;]\" \/>\n<meta property=\"og:url\" content=\"https:\/\/www.mobilier-design-occasion.fr\/magazine\/le-lit-au-sol-est-il-un-bon-choix-pour-mon-enfant\/\" \/>\n<meta property=\"og:site_name\" content=\"Mobilier Design Magazine\" \/>\n<meta property=\"article:publisher\" content=\"https:\/\/www.facebook.com\/mobilierdesignoccasion\" \/>\n<meta property=\"article:published_time\" content=\"2022-04-15T11:09:10+00:00\" \/>\n<meta property=\"article:modified_time\" content=\"2023-09-25T13:30:50+00:00\" \/>\n<meta property=\"og:image\" content=\"https:\/\/www.mobilier-design-occasion.fr\/magazine\/wp-content\/uploads\/2022\/04\/5.jpg\" \/>\n\t<meta property=\"og:image:width\" content=\"1080\" \/>\n\t<meta property=\"og:image:height\" content=\"1080\" \/>\n\t<meta property=\"og:image:type\" content=\"image\/jpeg\" \/>\n<meta name=\"author\" content=\"Cyrielle Poirot\" \/>\n<meta name=\"twitter:card\" content=\"summary_large_image\" \/>\n<meta name=\"twitter:label1\" content=\"\u00c9crit par\" \/>\n\t<meta name=\"twitter:data1\" content=\"Cyrielle Poirot\" \/>\n\t<meta name=\"twitter:label2\" content=\"Dur\u00e9e de lecture estim\u00e9e\" \/>\n\t<meta name=\"twitter:data2\" content=\"6 minutes\" \/>\n<script type=\"application\/ld+json\" class=\"yoast-schema-graph\">{\"@context\":\"https:\\\/\\\/schema.org\",\"@graph\":[{\"@type\":\"Article\",\"@id\":\"https:\\\/\\\/www.mobilier-design-occasion.fr\\\/magazine\\\/le-lit-au-sol-est-il-un-bon-choix-pour-mon-enfant\\\/#article\",\"isPartOf\":{\"@id\":\"https:\\\/\\\/www.mobilier-design-occasion.fr\\\/magazine\\\/le-lit-au-sol-est-il-un-bon-choix-pour-mon-enfant\\\/\"},\"author\":{\"name\":\"Cyrielle Poirot\",\"@id\":\"https:\\\/\\\/www.mobilier-design-occasion.fr\\\/magazine\\\/#\\\/schema\\\/person\\\/5b2e5627a714ddadaaf8c9b886c55eff\"},\"headline\":\"Le lit au sol est-il un bon choix pour mon enfant?\",\"datePublished\":\"2022-04-15T11:09:10+00:00\",\"dateModified\":\"2023-09-25T13:30:50+00:00\",\"mainEntityOfPage\":{\"@id\":\"https:\\\/\\\/www.mobilier-design-occasion.fr\\\/magazine\\\/le-lit-au-sol-est-il-un-bon-choix-pour-mon-enfant\\\/\"},\"wordCount\":1364,\"commentCount\":1,\"publisher\":{\"@id\":\"https:\\\/\\\/www.mobilier-design-occasion.fr\\\/magazine\\\/#organization\"},\"image\":{\"@id\":\"https:\\\/\\\/www.mobilier-design-occasion.fr\\\/magazine\\\/le-lit-au-sol-est-il-un-bon-choix-pour-mon-enfant\\\/#primaryimage\"},\"thumbnailUrl\":\"https:\\\/\\\/www.mobilier-design-occasion.fr\\\/magazine\\\/wp-content\\\/uploads\\\/2022\\\/04\\\/5.jpg\",\"articleSection\":[\"Chambre\",\"Lit cabane\"],\"inLanguage\":\"fr-FR\",\"potentialAction\":[{\"@type\":\"CommentAction\",\"name\":\"Comment\",\"target\":[\"https:\\\/\\\/www.mobilier-design-occasion.fr\\\/magazine\\\/le-lit-au-sol-est-il-un-bon-choix-pour-mon-enfant\\\/#respond\"]}]},{\"@type\":\"WebPage\",\"@id\":\"https:\\\/\\\/www.mobilier-design-occasion.fr\\\/magazine\\\/le-lit-au-sol-est-il-un-bon-choix-pour-mon-enfant\\\/\",\"url\":\"https:\\\/\\\/www.mobilier-design-occasion.fr\\\/magazine\\\/le-lit-au-sol-est-il-un-bon-choix-pour-mon-enfant\\\/\",\"name\":\"Le lit au sol est-il un bon choix pour mon enfant? - Mobilier Design Magazine\",\"isPartOf\":{\"@id\":\"https:\\\/\\\/www.mobilier-design-occasion.fr\\\/magazine\\\/#website\"},\"primaryImageOfPage\":{\"@id\":\"https:\\\/\\\/www.mobilier-design-occasion.fr\\\/magazine\\\/le-lit-au-sol-est-il-un-bon-choix-pour-mon-enfant\\\/#primaryimage\"},\"image\":{\"@id\":\"https:\\\/\\\/www.mobilier-design-occasion.fr\\\/magazine\\\/le-lit-au-sol-est-il-un-bon-choix-pour-mon-enfant\\\/#primaryimage\"},\"thumbnailUrl\":\"https:\\\/\\\/www.mobilier-design-occasion.fr\\\/magazine\\\/wp-content\\\/uploads\\\/2022\\\/04\\\/5.jpg\",\"datePublished\":\"2022-04-15T11:09:10+00:00\",\"dateModified\":\"2023-09-25T13:30:50+00:00\",\"breadcrumb\":{\"@id\":\"https:\\\/\\\/www.mobilier-design-occasion.fr\\\/magazine\\\/le-lit-au-sol-est-il-un-bon-choix-pour-mon-enfant\\\/#breadcrumb\"},\"inLanguage\":\"fr-FR\",\"potentialAction\":[{\"@type\":\"ReadAction\",\"target\":[\"https:\\\/\\\/www.mobilier-design-occasion.fr\\\/magazine\\\/le-lit-au-sol-est-il-un-bon-choix-pour-mon-enfant\\\/\"]}]},{\"@type\":\"ImageObject\",\"inLanguage\":\"fr-FR\",\"@id\":\"https:\\\/\\\/www.mobilier-design-occasion.fr\\\/magazine\\\/le-lit-au-sol-est-il-un-bon-choix-pour-mon-enfant\\\/#primaryimage\",\"url\":\"https:\\\/\\\/www.mobilier-design-occasion.fr\\\/magazine\\\/wp-content\\\/uploads\\\/2022\\\/04\\\/5.jpg\",\"contentUrl\":\"https:\\\/\\\/www.mobilier-design-occasion.fr\\\/magazine\\\/wp-content\\\/uploads\\\/2022\\\/04\\\/5.jpg\",\"width\":1080,\"height\":1080},{\"@type\":\"BreadcrumbList\",\"@id\":\"https:\\\/\\\/www.mobilier-design-occasion.fr\\\/magazine\\\/le-lit-au-sol-est-il-un-bon-choix-pour-mon-enfant\\\/#breadcrumb\",\"itemListElement\":[{\"@type\":\"ListItem\",\"position\":1,\"name\":\"Accueil\",\"item\":\"https:\\\/\\\/www.mobilier-design-occasion.fr\\\/magazine\\\/\"},{\"@type\":\"ListItem\",\"position\":2,\"name\":\"Le lit au sol est-il un bon choix pour mon enfant?\"}]},{\"@type\":\"WebSite\",\"@id\":\"https:\\\/\\\/www.mobilier-design-occasion.fr\\\/magazine\\\/#website\",\"url\":\"https:\\\/\\\/www.mobilier-design-occasion.fr\\\/magazine\\\/\",\"name\":\"Mobilier Design Magazine\",\"description\":\"\",\"publisher\":{\"@id\":\"https:\\\/\\\/www.mobilier-design-occasion.fr\\\/magazine\\\/#organization\"},\"potentialAction\":[{\"@type\":\"SearchAction\",\"target\":{\"@type\":\"EntryPoint\",\"urlTemplate\":\"https:\\\/\\\/www.mobilier-design-occasion.fr\\\/magazine\\\/?s={search_term_string}\"},\"query-input\":{\"@type\":\"PropertyValueSpecification\",\"valueRequired\":true,\"valueName\":\"search_term_string\"}}],\"inLanguage\":\"fr-FR\"},{\"@type\":\"Organization\",\"@id\":\"https:\\\/\\\/www.mobilier-design-occasion.fr\\\/magazine\\\/#organization\",\"name\":\"Mobilier Design Magazine\",\"url\":\"https:\\\/\\\/www.mobilier-design-occasion.fr\\\/magazine\\\/\",\"logo\":{\"@type\":\"ImageObject\",\"inLanguage\":\"fr-FR\",\"@id\":\"https:\\\/\\\/www.mobilier-design-occasion.fr\\\/magazine\\\/#\\\/schema\\\/logo\\\/image\\\/\",\"url\":\"https:\\\/\\\/www.mobilier-design-occasion.fr\\\/magazine\\\/wp-content\\\/uploads\\\/2024\\\/02\\\/android-chrome-192x192-1.png\",\"contentUrl\":\"https:\\\/\\\/www.mobilier-design-occasion.fr\\\/magazine\\\/wp-content\\\/uploads\\\/2024\\\/02\\\/android-chrome-192x192-1.png\",\"width\":192,\"height\":192,\"caption\":\"Mobilier Design Magazine\"},\"image\":{\"@id\":\"https:\\\/\\\/www.mobilier-design-occasion.fr\\\/magazine\\\/#\\\/schema\\\/logo\\\/image\\\/\"},\"sameAs\":[\"https:\\\/\\\/www.facebook.com\\\/mobilierdesignoccasion\"]},{\"@type\":\"Person\",\"@id\":\"https:\\\/\\\/www.mobilier-design-occasion.fr\\\/magazine\\\/#\\\/schema\\\/person\\\/5b2e5627a714ddadaaf8c9b886c55eff\",\"name\":\"Cyrielle Poirot\",\"image\":{\"@type\":\"ImageObject\",\"inLanguage\":\"fr-FR\",\"@id\":\"https:\\\/\\\/secure.gravatar.com\\\/avatar\\\/c8d2674e093b06894d8d1dc468b626bd752523471f3ac6e75f7c7a1400d40b4d?s=96&d=mm&r=g\",\"url\":\"https:\\\/\\\/secure.gravatar.com\\\/avatar\\\/c8d2674e093b06894d8d1dc468b626bd752523471f3ac6e75f7c7a1400d40b4d?s=96&d=mm&r=g\",\"contentUrl\":\"https:\\\/\\\/secure.gravatar.com\\\/avatar\\\/c8d2674e093b06894d8d1dc468b626bd752523471f3ac6e75f7c7a1400d40b4d?s=96&d=mm&r=g\",\"caption\":\"Cyrielle Poirot\"},\"description\":\"Cyrielle est passionn\u00e9e par la d\u00e9coration d'int\u00e9rieur et s'est sp\u00e9cialis\u00e9e depuis quelques ann\u00e9es dans l'\u00e9dition du site Mobilier-Design, avec une touche sp\u00e9cifique pour les produits d'occasion.\",\"sameAs\":[\"https:\\\/\\\/www.mobilier-design-occasion.fr\\\/magazine\"],\"url\":\"https:\\\/\\\/www.mobilier-design-occasion.fr\\\/magazine\\\/author\\\/cyrielle\\\/\"}]}<\/script>\n<!-- \/ Yoast SEO plugin. -->","yoast_head_json":{"title":"Le lit au sol est-il un bon choix pour mon enfant? - Mobilier Design Magazine","robots":{"index":"index","follow":"follow","max-snippet":"max-snippet:-1","max-image-preview":"max-image-preview:large","max-video-preview":"max-video-preview:-1"},"canonical":"https:\/\/www.mobilier-design-occasion.fr\/magazine\/le-lit-au-sol-est-il-un-bon-choix-pour-mon-enfant\/","og_locale":"fr_FR","og_type":"article","og_title":"Le lit au sol est-il un bon choix pour mon enfant? - Mobilier Design Magazine","og_description":"Dans cet article je r\u00e9ponds aux questions les plus courantes que l&#8217;on se pose lorsque l&#8217;on r\u00e9fl\u00e9chit \u00e0 installer un lit au sol dans la chambre de son enfant. En tant que maman, je me suis pos\u00e9e les m\u00eames questions que vous, et il m&#8217;est donc paru utile de vous partager le fruit de mes [&hellip;]","og_url":"https:\/\/www.mobilier-design-occasion.fr\/magazine\/le-lit-au-sol-est-il-un-bon-choix-pour-mon-enfant\/","og_site_name":"Mobilier Design Magazine","article_publisher":"https:\/\/www.facebook.com\/mobilierdesignoccasion","article_published_time":"2022-04-15T11:09:10+00:00","article_modified_time":"2023-09-25T13:30:50+00:00","og_image":[{"width":1080,"height":1080,"url":"https:\/\/www.mobilier-design-occasion.fr\/magazine\/wp-content\/uploads\/2022\/04\/5.jpg","type":"image\/jpeg"}],"author":"Cyrielle Poirot","twitter_card":"summary_large_image","twitter_misc":{"\u00c9crit par":"Cyrielle Poirot","Dur\u00e9e de lecture estim\u00e9e":"6 minutes"},"schema":{"@context":"https:\/\/schema.org","@graph":[{"@type":"Article","@id":"https:\/\/www.mobilier-design-occasion.fr\/magazine\/le-lit-au-sol-est-il-un-bon-choix-pour-mon-enfant\/#article","isPartOf":{"@id":"https:\/\/www.mobilier-design-occasion.fr\/magazine\/le-lit-au-sol-est-il-un-bon-choix-pour-mon-enfant\/"},"author":{"name":"Cyrielle Poirot","@id":"https:\/\/www.mobilier-design-occasion.fr\/magazine\/#\/schema\/person\/5b2e5627a714ddadaaf8c9b886c55eff"},"headline":"Le lit au sol est-il un bon choix pour mon enfant?","datePublished":"2022-04-15T11:09:10+00:00","dateModified":"2023-09-25T13:30:50+00:00","mainEntityOfPage":{"@id":"https:\/\/www.mobilier-design-occasion.fr\/magazine\/le-lit-au-sol-est-il-un-bon-choix-pour-mon-enfant\/"},"wordCount":1364,"commentCount":1,"publisher":{"@id":"https:\/\/www.mobilier-design-occasion.fr\/magazine\/#organization"},"image":{"@id":"https:\/\/www.mobilier-design-occasion.fr\/magazine\/le-lit-au-sol-est-il-un-bon-choix-pour-mon-enfant\/#primaryimage"},"thumbnailUrl":"https:\/\/www.mobilier-design-occasion.fr\/magazine\/wp-content\/uploads\/2022\/04\/5.jpg","articleSection":["Chambre","Lit cabane"],"inLanguage":"fr-FR","potentialAction":[{"@type":"CommentAction","name":"Comment","target":["https:\/\/www.mobilier-design-occasion.fr\/magazine\/le-lit-au-sol-est-il-un-bon-choix-pour-mon-enfant\/#respond"]}]},{"@type":"WebPage","@id":"https:\/\/www.mobilier-design-occasion.fr\/magazine\/le-lit-au-sol-est-il-un-bon-choix-pour-mon-enfant\/","url":"https:\/\/www.mobilier-design-occasion.fr\/magazine\/le-lit-au-sol-est-il-un-bon-choix-pour-mon-enfant\/","name":"Le lit au sol est-il un bon choix pour mon enfant? - Mobilier Design Magazine","isPartOf":{"@id":"https:\/\/www.mobilier-design-occasion.fr\/magazine\/#website"},"primaryImageOfPage":{"@id":"https:\/\/www.mobilier-design-occasion.fr\/magazine\/le-lit-au-sol-est-il-un-bon-choix-pour-mon-enfant\/#primaryimage"},"image":{"@id":"https:\/\/www.mobilier-design-occasion.fr\/magazine\/le-lit-au-sol-est-il-un-bon-choix-pour-mon-enfant\/#primaryimage"},"thumbnailUrl":"https:\/\/www.mobilier-design-occasion.fr\/magazine\/wp-content\/uploads\/2022\/04\/5.jpg","datePublished":"2022-04-15T11:09:10+00:00","dateModified":"2023-09-25T13:30:50+00:00","breadcrumb":{"@id":"https:\/\/www.mobilier-design-occasion.fr\/magazine\/le-lit-au-sol-est-il-un-bon-choix-pour-mon-enfant\/#breadcrumb"},"inLanguage":"fr-FR","potentialAction":[{"@type":"ReadAction","target":["https:\/\/www.mobilier-design-occasion.fr\/magazine\/le-lit-au-sol-est-il-un-bon-choix-pour-mon-enfant\/"]}]},{"@type":"ImageObject","inLanguage":"fr-FR","@id":"https:\/\/www.mobilier-design-occasion.fr\/magazine\/le-lit-au-sol-est-il-un-bon-choix-pour-mon-enfant\/#primaryimage","url":"https:\/\/www.mobilier-design-occasion.fr\/magazine\/wp-content\/uploads\/2022\/04\/5.jpg","contentUrl":"https:\/\/www.mobilier-design-occasion.fr\/magazine\/wp-content\/uploads\/2022\/04\/5.jpg","width":1080,"height":1080},{"@type":"BreadcrumbList","@id":"https:\/\/www.mobilier-design-occasion.fr\/magazine\/le-lit-au-sol-est-il-un-bon-choix-pour-mon-enfant\/#breadcrumb","itemListElement":[{"@type":"ListItem","position":1,"name":"Accueil","item":"https:\/\/www.mobilier-design-occasion.fr\/magazine\/"},{"@type":"ListItem","position":2,"name":"Le lit au sol est-il un bon choix pour mon enfant?"}]},{"@type":"WebSite","@id":"https:\/\/www.mobilier-design-occasion.fr\/magazine\/#website","url":"https:\/\/www.mobilier-design-occasion.fr\/magazine\/","name":"Mobilier Design Magazine","description":"","publisher":{"@id":"https:\/\/www.mobilier-design-occasion.fr\/magazine\/#organization"},"potentialAction":[{"@type":"SearchAction","target":{"@type":"EntryPoint","urlTemplate":"https:\/\/www.mobilier-design-occasion.fr\/magazine\/?s={search_term_string}"},"query-input":{"@type":"PropertyValueSpecification","valueRequired":true,"valueName":"search_term_string"}}],"inLanguage":"fr-FR"},{"@type":"Organization","@id":"https:\/\/www.mobilier-design-occasion.fr\/magazine\/#organization","name":"Mobilier Design Magazine","url":"https:\/\/www.mobilier-design-occasion.fr\/magazine\/","logo":{"@type":"ImageObject","inLanguage":"fr-FR","@id":"https:\/\/www.mobilier-design-occasion.fr\/magazine\/#\/schema\/logo\/image\/","url":"https:\/\/www.mobilier-design-occasion.fr\/magazine\/wp-content\/uploads\/2024\/02\/android-chrome-192x192-1.png","contentUrl":"https:\/\/www.mobilier-design-occasion.fr\/magazine\/wp-content\/uploads\/2024\/02\/android-chrome-192x192-1.png","width":192,"height":192,"caption":"Mobilier Design Magazine"},"image":{"@id":"https:\/\/www.mobilier-design-occasion.fr\/magazine\/#\/schema\/logo\/image\/"},"sameAs":["https:\/\/www.facebook.com\/mobilierdesignoccasion"]},{"@type":"Person","@id":"https:\/\/www.mobilier-design-occasion.fr\/magazine\/#\/schema\/person\/5b2e5627a714ddadaaf8c9b886c55eff","name":"Cyrielle Poirot","image":{"@type":"ImageObject","inLanguage":"fr-FR","@id":"https:\/\/secure.gravatar.com\/avatar\/c8d2674e093b06894d8d1dc468b626bd752523471f3ac6e75f7c7a1400d40b4d?s=96&d=mm&r=g","url":"https:\/\/secure.gravatar.com\/avatar\/c8d2674e093b06894d8d1dc468b626bd752523471f3ac6e75f7c7a1400d40b4d?s=96&d=mm&r=g","contentUrl":"https:\/\/secure.gravatar.com\/avatar\/c8d2674e093b06894d8d1dc468b626bd752523471f3ac6e75f7c7a1400d40b4d?s=96&d=mm&r=g","caption":"Cyrielle Poirot"},"description":"Cyrielle est passionn\u00e9e par la d\u00e9coration d'int\u00e9rieur et s'est sp\u00e9cialis\u00e9e depuis quelques ann\u00e9es dans l'\u00e9dition du site Mobilier-Design, avec une touche sp\u00e9cifique pour les produits d'occasion.","sameAs":["https:\/\/www.mobilier-design-occasion.fr\/magazine"],"url":"https:\/\/www.mobilier-design-occasion.fr\/magazine\/author\/cyrielle\/"}]}},"_links":{"self":[{"href":"https:\/\/www.mobilier-design-occasion.fr\/magazine\/wp-json\/wp\/v2\/posts\/4049","targetHints":{"allow":["GET"]}}],"collection":[{"href":"https:\/\/www.mobilier-design-occasion.fr\/magazine\/wp-json\/wp\/v2\/posts"}],"about":[{"href":"https:\/\/www.mobilier-design-occasion.fr\/magazine\/wp-json\/wp\/v2\/types\/post"}],"author":[{"embeddable":true,"href":"https:\/\/www.mobilier-design-occasion.fr\/magazine\/wp-json\/wp\/v2\/users\/1"}],"replies":[{"embeddable":true,"href":"https:\/\/www.mobilier-design-occasion.fr\/magazine\/wp-json\/wp\/v2\/comments?post=4049"}],"version-history":[{"count":10,"href":"https:\/\/www.mobilier-design-occasion.fr\/magazine\/wp-json\/wp\/v2\/posts\/4049\/revisions"}],"predecessor-version":[{"id":6688,"href":"https:\/\/www.mobilier-design-occasion.fr\/magazine\/wp-json\/wp\/v2\/posts\/4049\/revisions\/6688"}],"wp:featuredmedia":[{"embeddable":true,"href":"https:\/\/www.mobilier-design-occasion.fr\/magazine\/wp-json\/wp\/v2\/media\/4055"}],"wp:attachment":[{"href":"https:\/\/www.mobilier-design-occasion.fr\/magazine\/wp-json\/wp\/v2\/media?parent=4049"}],"wp:term":[{"taxonomy":"category","embeddable":true,"href":"https:\/\/www.mobilier-design-occasion.fr\/magazine\/wp-json\/wp\/v2\/categories?post=4049"},{"taxonomy":"post_tag","embeddable":true,"href":"https:\/\/www.mobilier-design-occasion.fr\/magazine\/wp-json\/wp\/v2\/tags?post=4049"}],"curies":[{"name":"wp","href":"https:\/\/api.w.org\/{rel}","templated":true}]}}