{"id":3924,"date":"2022-03-25T11:45:25","date_gmt":"2022-03-25T11:45:25","guid":{"rendered":"https:\/\/www.mobilier-design-occasion.fr\/magazine\/?p=3924"},"modified":"2023-09-25T13:39:49","modified_gmt":"2023-09-25T13:39:49","slug":"pourquoi-amenager-son-logement-avec-un-architecte-dinterieur-a-toulouse","status":"publish","type":"post","link":"https:\/\/www.mobilier-design-occasion.fr\/magazine\/pourquoi-amenager-son-logement-avec-un-architecte-dinterieur-a-toulouse\/","title":{"rendered":"Pourquoi am\u00e9nager son logement avec un architecte d\u2019int\u00e9rieur \u00e0 Toulouse?"},"content":{"rendered":"\n<p>Recherchez-vous des id\u00e9es originales pour sublimer l\u2019int\u00e9rieur de votre r\u00e9sidence\u2009 toulousaine ? Si oui, pourquoi ne pas faire appel \u00e0 un architecte d\u2019int\u00e9rieur\u2009? Dans cet article, nous vous donnons 2 bonnes raisons de recourir \u00e0 ce professionnel pour transformer votre logement en un espace unique et fonctionnel. R\u00e9sultats garantis.<\/p>\n\n\n\n<h2 class=\"wp-block-heading\">Pour une maison design \u00e0 Toulouse<\/h2>\n\n\n\n<figure class=\"wp-block-image size-full\"><img loading=\"lazy\" decoding=\"async\" width=\"877\" height=\"546\" src=\"https:\/\/www.mobilier-design-occasion.fr\/magazine\/wp-content\/uploads\/2022\/03\/3db03a0ff41ec60fe2adb1886ef1e307.jpeg\" alt=\"\" class=\"wp-image-3925\" srcset=\"https:\/\/www.mobilier-design-occasion.fr\/magazine\/wp-content\/uploads\/2022\/03\/3db03a0ff41ec60fe2adb1886ef1e307.jpeg 877w, https:\/\/www.mobilier-design-occasion.fr\/magazine\/wp-content\/uploads\/2022\/03\/3db03a0ff41ec60fe2adb1886ef1e307-300x187.jpeg 300w, https:\/\/www.mobilier-design-occasion.fr\/magazine\/wp-content\/uploads\/2022\/03\/3db03a0ff41ec60fe2adb1886ef1e307-768x478.jpeg 768w, https:\/\/www.mobilier-design-occasion.fr\/magazine\/wp-content\/uploads\/2022\/03\/3db03a0ff41ec60fe2adb1886ef1e307-810x504.jpeg 810w\" sizes=\"auto, (max-width: 877px) 100vw, 877px\" \/><\/figure>\n\n\n\n<p>La toute premi\u00e8re raison pour laquelle il vous faut recourir au service d\u2019un&nbsp;<strong>architecte d\u2019int\u00e9rieur \u00e0 Toulouse et sa r\u00e9gion<\/strong>, c\u2019est en raison de son expertise.&nbsp;<strong>Professionnel chevronn\u00e9<\/strong>, il dispose en effet des&nbsp;<strong>connaissances n\u00e9cessaires pour apporter une touche d\u2019originalit\u00e9 \u00e0 votre r\u00e9sidence<\/strong>.<\/p>\n\n\n\n<p>En d\u2019autres termes, il mettra sa&nbsp;<strong>cr\u00e9ativit\u00e9&nbsp;<\/strong>et son&nbsp;<strong><a href=\"https:\/\/www.mobilier-design-occasion.fr\/magazine\/test-avis-sur-poltronesofa\/\">savoir-faire<\/a><\/strong>&nbsp;\u00e0 votre service pour&nbsp;<strong>sublimer l\u2019int\u00e9rieur de votre habitation<\/strong>. Dans la pratique, d\u00e8s votre prise de contact, il se chargera&nbsp;:<\/p>\n\n\n\n<ul class=\"wp-block-list\"><li>D\u2019\u00e9tudier vos diff\u00e9rentes envies\u2009;<\/li><li>Et, de les adapter aux exigences de l\u2019architecture moderne.<\/li><\/ul>\n\n\n\n<p><strong>En clair, les diff\u00e9rents aspects de votre logement seront pass\u00e9s en revue pour une transformation en profondeur<\/strong>. En recourant donc au service d\u2019un professionnel \u00e0 l\u2019instar de cet&nbsp;<a href=\"https:\/\/www.beauxinterieurs.com\/\">architecte d&#8217;int\u00e9rieur Toulouse<\/a>, vous avez la garantie de profiter&nbsp;:<\/p>\n\n\n\n<ul class=\"wp-block-list\"><li>D\u2019une&nbsp;<strong>cr\u00e9ativit\u00e9 exceptionnelle<\/strong>\u2009;<\/li><li>D\u2019une&nbsp;<strong>touche esth\u00e9tique hors pair<\/strong>\u2009;<\/li><li>D\u2019une&nbsp;<strong>belle harmonisation des couleurs<\/strong>\u2009;<\/li><li>Etc.<\/li><\/ul>\n\n\n\n<p>En somme, apr\u00e8s son passage, vous b\u00e9n\u00e9ficierez d\u2019une&nbsp;<strong>touche <a href=\"https:\/\/www.mobilier-design-occasion.fr\/magazine\/table-tulipe-knoll-indemodable-du-design\/\">design<\/a> remarquable<\/strong>&nbsp;avec l\u2019assurance de transformer toute votre surface habitable. G\u00e9nial, n\u2019est-ce pas\u2009!<\/p>\n\n\n\n<h2 class=\"wp-block-heading\">Pour un accompagnement sur mesure<\/h2>\n\n\n\n<figure class=\"wp-block-image size-full\"><img loading=\"lazy\" decoding=\"async\" width=\"914\" height=\"524\" src=\"https:\/\/www.mobilier-design-occasion.fr\/magazine\/wp-content\/uploads\/2022\/03\/ffef5c1b3e011f23047897fd8c243d38.jpeg\" alt=\"\" class=\"wp-image-3926\" srcset=\"https:\/\/www.mobilier-design-occasion.fr\/magazine\/wp-content\/uploads\/2022\/03\/ffef5c1b3e011f23047897fd8c243d38.jpeg 914w, https:\/\/www.mobilier-design-occasion.fr\/magazine\/wp-content\/uploads\/2022\/03\/ffef5c1b3e011f23047897fd8c243d38-300x172.jpeg 300w, https:\/\/www.mobilier-design-occasion.fr\/magazine\/wp-content\/uploads\/2022\/03\/ffef5c1b3e011f23047897fd8c243d38-768x440.jpeg 768w, https:\/\/www.mobilier-design-occasion.fr\/magazine\/wp-content\/uploads\/2022\/03\/ffef5c1b3e011f23047897fd8c243d38-810x464.jpeg 810w\" sizes=\"auto, (max-width: 914px) 100vw, 914px\" \/><\/figure>\n\n\n\n<p><strong>L\u2019autre raison pour laquelle il vous faut faire appel \u00e0 un architecte d\u2019int\u00e9rieur \u00e0 Toulouse, c\u2019est en raison de ses services d\u00e9di\u00e9s<\/strong>. En effet, une fois embauch\u00e9, il se doit de tenir compte&nbsp;:<\/p>\n\n\n\n<ul class=\"wp-block-list\"><li>De vos envies\u2009;<\/li><li>Des caract\u00e9ristiques de votre r\u00e9sidence\u2009;<\/li><li>Et, des tendances en vogue, avant de vous proposer son plan d\u2019action.<\/li><\/ul>\n\n\n\n<p><strong>En recourant donc \u00e0 son service, vous avez la certitude de profiter d\u2019un accompagnement sur mesure pour valoriser chaque aspect de votre habitation<\/strong>. Quoi demander de mieux\u2009!<\/p>\n","protected":false},"excerpt":{"rendered":"<p>Recherchez-vous des id\u00e9es originales pour sublimer l\u2019int\u00e9rieur de votre r\u00e9sidence\u2009 toulousaine ? Si oui, pourquoi ne pas faire appel \u00e0 un architecte d\u2019int\u00e9rieur\u2009? Dans cet article, nous vous donnons 2 bonnes raisons de recourir \u00e0 ce professionnel pour transformer votre logement en un espace unique et fonctionnel. R\u00e9sultats garantis. Pour une maison design \u00e0 Toulouse [&hellip;]<\/p>\n","protected":false},"author":1,"featured_media":3919,"comment_status":"open","ping_status":"open","sticky":false,"template":"","format":"standard","meta":{"footnotes":""},"categories":[2],"tags":[],"class_list":["post-3924","post","type-post","status-publish","format-standard","has-post-thumbnail","hentry","category-tendances"],"yoast_head":"<!-- This site is optimized with the Yoast SEO plugin v27.5 - https:\/\/yoast.com\/product\/yoast-seo-wordpress\/ -->\n<title>Pourquoi am\u00e9nager son logement avec un architecte d\u2019int\u00e9rieur \u00e0 Toulouse? - Mobilier Design Magazine<\/title>\n<meta name=\"robots\" content=\"index, follow, max-snippet:-1, max-image-preview:large, max-video-preview:-1\" \/>\n<link rel=\"canonical\" href=\"https:\/\/www.mobilier-design-occasion.fr\/magazine\/pourquoi-amenager-son-logement-avec-un-architecte-dinterieur-a-toulouse\/\" \/>\n<meta property=\"og:locale\" content=\"fr_FR\" \/>\n<meta property=\"og:type\" content=\"article\" \/>\n<meta property=\"og:title\" content=\"Pourquoi am\u00e9nager son logement avec un architecte d\u2019int\u00e9rieur \u00e0 Toulouse? - Mobilier Design Magazine\" \/>\n<meta property=\"og:description\" content=\"Recherchez-vous des id\u00e9es originales pour sublimer l\u2019int\u00e9rieur de votre r\u00e9sidence\u2009 toulousaine ? Si oui, pourquoi ne pas faire appel \u00e0 un architecte d\u2019int\u00e9rieur\u2009? Dans cet article, nous vous donnons 2 bonnes raisons de recourir \u00e0 ce professionnel pour transformer votre logement en un espace unique et fonctionnel. R\u00e9sultats garantis. Pour une maison design \u00e0 Toulouse [&hellip;]\" \/>\n<meta property=\"og:url\" content=\"https:\/\/www.mobilier-design-occasion.fr\/magazine\/pourquoi-amenager-son-logement-avec-un-architecte-dinterieur-a-toulouse\/\" \/>\n<meta property=\"og:site_name\" content=\"Mobilier Design Magazine\" \/>\n<meta property=\"article:publisher\" content=\"https:\/\/www.facebook.com\/mobilierdesignoccasion\" \/>\n<meta property=\"article:published_time\" content=\"2022-03-25T11:45:25+00:00\" \/>\n<meta property=\"article:modified_time\" content=\"2023-09-25T13:39:49+00:00\" \/>\n<meta property=\"og:image\" content=\"https:\/\/www.mobilier-design-occasion.fr\/magazine\/wp-content\/uploads\/2022\/03\/6-3.jpg\" \/>\n\t<meta property=\"og:image:width\" content=\"1080\" \/>\n\t<meta property=\"og:image:height\" content=\"1080\" \/>\n\t<meta property=\"og:image:type\" content=\"image\/jpeg\" \/>\n<meta name=\"author\" content=\"Cyrielle Poirot\" \/>\n<meta name=\"twitter:card\" content=\"summary_large_image\" \/>\n<meta name=\"twitter:label1\" content=\"\u00c9crit par\" \/>\n\t<meta name=\"twitter:data1\" content=\"Cyrielle Poirot\" \/>\n\t<meta name=\"twitter:label2\" content=\"Dur\u00e9e de lecture estim\u00e9e\" \/>\n\t<meta name=\"twitter:data2\" content=\"2 minutes\" \/>\n<script type=\"application\/ld+json\" class=\"yoast-schema-graph\">{\"@context\":\"https:\\\/\\\/schema.org\",\"@graph\":[{\"@type\":\"Article\",\"@id\":\"https:\\\/\\\/www.mobilier-design-occasion.fr\\\/magazine\\\/pourquoi-amenager-son-logement-avec-un-architecte-dinterieur-a-toulouse\\\/#article\",\"isPartOf\":{\"@id\":\"https:\\\/\\\/www.mobilier-design-occasion.fr\\\/magazine\\\/pourquoi-amenager-son-logement-avec-un-architecte-dinterieur-a-toulouse\\\/\"},\"author\":{\"name\":\"Cyrielle Poirot\",\"@id\":\"https:\\\/\\\/www.mobilier-design-occasion.fr\\\/magazine\\\/#\\\/schema\\\/person\\\/5b2e5627a714ddadaaf8c9b886c55eff\"},\"headline\":\"Pourquoi am\u00e9nager son logement avec un architecte d\u2019int\u00e9rieur \u00e0 Toulouse?\",\"datePublished\":\"2022-03-25T11:45:25+00:00\",\"dateModified\":\"2023-09-25T13:39:49+00:00\",\"mainEntityOfPage\":{\"@id\":\"https:\\\/\\\/www.mobilier-design-occasion.fr\\\/magazine\\\/pourquoi-amenager-son-logement-avec-un-architecte-dinterieur-a-toulouse\\\/\"},\"wordCount\":368,\"commentCount\":0,\"publisher\":{\"@id\":\"https:\\\/\\\/www.mobilier-design-occasion.fr\\\/magazine\\\/#organization\"},\"image\":{\"@id\":\"https:\\\/\\\/www.mobilier-design-occasion.fr\\\/magazine\\\/pourquoi-amenager-son-logement-avec-un-architecte-dinterieur-a-toulouse\\\/#primaryimage\"},\"thumbnailUrl\":\"https:\\\/\\\/www.mobilier-design-occasion.fr\\\/magazine\\\/wp-content\\\/uploads\\\/2022\\\/03\\\/6-3.jpg\",\"articleSection\":[\"Tendances\"],\"inLanguage\":\"fr-FR\",\"potentialAction\":[{\"@type\":\"CommentAction\",\"name\":\"Comment\",\"target\":[\"https:\\\/\\\/www.mobilier-design-occasion.fr\\\/magazine\\\/pourquoi-amenager-son-logement-avec-un-architecte-dinterieur-a-toulouse\\\/#respond\"]}]},{\"@type\":\"WebPage\",\"@id\":\"https:\\\/\\\/www.mobilier-design-occasion.fr\\\/magazine\\\/pourquoi-amenager-son-logement-avec-un-architecte-dinterieur-a-toulouse\\\/\",\"url\":\"https:\\\/\\\/www.mobilier-design-occasion.fr\\\/magazine\\\/pourquoi-amenager-son-logement-avec-un-architecte-dinterieur-a-toulouse\\\/\",\"name\":\"Pourquoi am\u00e9nager son logement avec un architecte d\u2019int\u00e9rieur \u00e0 Toulouse? - Mobilier Design Magazine\",\"isPartOf\":{\"@id\":\"https:\\\/\\\/www.mobilier-design-occasion.fr\\\/magazine\\\/#website\"},\"primaryImageOfPage\":{\"@id\":\"https:\\\/\\\/www.mobilier-design-occasion.fr\\\/magazine\\\/pourquoi-amenager-son-logement-avec-un-architecte-dinterieur-a-toulouse\\\/#primaryimage\"},\"image\":{\"@id\":\"https:\\\/\\\/www.mobilier-design-occasion.fr\\\/magazine\\\/pourquoi-amenager-son-logement-avec-un-architecte-dinterieur-a-toulouse\\\/#primaryimage\"},\"thumbnailUrl\":\"https:\\\/\\\/www.mobilier-design-occasion.fr\\\/magazine\\\/wp-content\\\/uploads\\\/2022\\\/03\\\/6-3.jpg\",\"datePublished\":\"2022-03-25T11:45:25+00:00\",\"dateModified\":\"2023-09-25T13:39:49+00:00\",\"breadcrumb\":{\"@id\":\"https:\\\/\\\/www.mobilier-design-occasion.fr\\\/magazine\\\/pourquoi-amenager-son-logement-avec-un-architecte-dinterieur-a-toulouse\\\/#breadcrumb\"},\"inLanguage\":\"fr-FR\",\"potentialAction\":[{\"@type\":\"ReadAction\",\"target\":[\"https:\\\/\\\/www.mobilier-design-occasion.fr\\\/magazine\\\/pourquoi-amenager-son-logement-avec-un-architecte-dinterieur-a-toulouse\\\/\"]}]},{\"@type\":\"ImageObject\",\"inLanguage\":\"fr-FR\",\"@id\":\"https:\\\/\\\/www.mobilier-design-occasion.fr\\\/magazine\\\/pourquoi-amenager-son-logement-avec-un-architecte-dinterieur-a-toulouse\\\/#primaryimage\",\"url\":\"https:\\\/\\\/www.mobilier-design-occasion.fr\\\/magazine\\\/wp-content\\\/uploads\\\/2022\\\/03\\\/6-3.jpg\",\"contentUrl\":\"https:\\\/\\\/www.mobilier-design-occasion.fr\\\/magazine\\\/wp-content\\\/uploads\\\/2022\\\/03\\\/6-3.jpg\",\"width\":1080,\"height\":1080},{\"@type\":\"BreadcrumbList\",\"@id\":\"https:\\\/\\\/www.mobilier-design-occasion.fr\\\/magazine\\\/pourquoi-amenager-son-logement-avec-un-architecte-dinterieur-a-toulouse\\\/#breadcrumb\",\"itemListElement\":[{\"@type\":\"ListItem\",\"position\":1,\"name\":\"Accueil\",\"item\":\"https:\\\/\\\/www.mobilier-design-occasion.fr\\\/magazine\\\/\"},{\"@type\":\"ListItem\",\"position\":2,\"name\":\"Pourquoi am\u00e9nager son logement avec un architecte d\u2019int\u00e9rieur \u00e0 Toulouse?\"}]},{\"@type\":\"WebSite\",\"@id\":\"https:\\\/\\\/www.mobilier-design-occasion.fr\\\/magazine\\\/#website\",\"url\":\"https:\\\/\\\/www.mobilier-design-occasion.fr\\\/magazine\\\/\",\"name\":\"Mobilier Design Magazine\",\"description\":\"\",\"publisher\":{\"@id\":\"https:\\\/\\\/www.mobilier-design-occasion.fr\\\/magazine\\\/#organization\"},\"potentialAction\":[{\"@type\":\"SearchAction\",\"target\":{\"@type\":\"EntryPoint\",\"urlTemplate\":\"https:\\\/\\\/www.mobilier-design-occasion.fr\\\/magazine\\\/?s={search_term_string}\"},\"query-input\":{\"@type\":\"PropertyValueSpecification\",\"valueRequired\":true,\"valueName\":\"search_term_string\"}}],\"inLanguage\":\"fr-FR\"},{\"@type\":\"Organization\",\"@id\":\"https:\\\/\\\/www.mobilier-design-occasion.fr\\\/magazine\\\/#organization\",\"name\":\"Mobilier Design Magazine\",\"url\":\"https:\\\/\\\/www.mobilier-design-occasion.fr\\\/magazine\\\/\",\"logo\":{\"@type\":\"ImageObject\",\"inLanguage\":\"fr-FR\",\"@id\":\"https:\\\/\\\/www.mobilier-design-occasion.fr\\\/magazine\\\/#\\\/schema\\\/logo\\\/image\\\/\",\"url\":\"https:\\\/\\\/www.mobilier-design-occasion.fr\\\/magazine\\\/wp-content\\\/uploads\\\/2024\\\/02\\\/android-chrome-192x192-1.png\",\"contentUrl\":\"https:\\\/\\\/www.mobilier-design-occasion.fr\\\/magazine\\\/wp-content\\\/uploads\\\/2024\\\/02\\\/android-chrome-192x192-1.png\",\"width\":192,\"height\":192,\"caption\":\"Mobilier Design Magazine\"},\"image\":{\"@id\":\"https:\\\/\\\/www.mobilier-design-occasion.fr\\\/magazine\\\/#\\\/schema\\\/logo\\\/image\\\/\"},\"sameAs\":[\"https:\\\/\\\/www.facebook.com\\\/mobilierdesignoccasion\"]},{\"@type\":\"Person\",\"@id\":\"https:\\\/\\\/www.mobilier-design-occasion.fr\\\/magazine\\\/#\\\/schema\\\/person\\\/5b2e5627a714ddadaaf8c9b886c55eff\",\"name\":\"Cyrielle Poirot\",\"image\":{\"@type\":\"ImageObject\",\"inLanguage\":\"fr-FR\",\"@id\":\"https:\\\/\\\/secure.gravatar.com\\\/avatar\\\/c8d2674e093b06894d8d1dc468b626bd752523471f3ac6e75f7c7a1400d40b4d?s=96&d=mm&r=g\",\"url\":\"https:\\\/\\\/secure.gravatar.com\\\/avatar\\\/c8d2674e093b06894d8d1dc468b626bd752523471f3ac6e75f7c7a1400d40b4d?s=96&d=mm&r=g\",\"contentUrl\":\"https:\\\/\\\/secure.gravatar.com\\\/avatar\\\/c8d2674e093b06894d8d1dc468b626bd752523471f3ac6e75f7c7a1400d40b4d?s=96&d=mm&r=g\",\"caption\":\"Cyrielle Poirot\"},\"description\":\"Cyrielle est passionn\u00e9e par la d\u00e9coration d'int\u00e9rieur et s'est sp\u00e9cialis\u00e9e depuis quelques ann\u00e9es dans l'\u00e9dition du site Mobilier-Design, avec une touche sp\u00e9cifique pour les produits d'occasion.\",\"sameAs\":[\"https:\\\/\\\/www.mobilier-design-occasion.fr\\\/magazine\"],\"url\":\"https:\\\/\\\/www.mobilier-design-occasion.fr\\\/magazine\\\/author\\\/cyrielle\\\/\"}]}<\/script>\n<!-- \/ Yoast SEO plugin. -->","yoast_head_json":{"title":"Pourquoi am\u00e9nager son logement avec un architecte d\u2019int\u00e9rieur \u00e0 Toulouse? - Mobilier Design Magazine","robots":{"index":"index","follow":"follow","max-snippet":"max-snippet:-1","max-image-preview":"max-image-preview:large","max-video-preview":"max-video-preview:-1"},"canonical":"https:\/\/www.mobilier-design-occasion.fr\/magazine\/pourquoi-amenager-son-logement-avec-un-architecte-dinterieur-a-toulouse\/","og_locale":"fr_FR","og_type":"article","og_title":"Pourquoi am\u00e9nager son logement avec un architecte d\u2019int\u00e9rieur \u00e0 Toulouse? - Mobilier Design Magazine","og_description":"Recherchez-vous des id\u00e9es originales pour sublimer l\u2019int\u00e9rieur de votre r\u00e9sidence\u2009 toulousaine ? Si oui, pourquoi ne pas faire appel \u00e0 un architecte d\u2019int\u00e9rieur\u2009? Dans cet article, nous vous donnons 2 bonnes raisons de recourir \u00e0 ce professionnel pour transformer votre logement en un espace unique et fonctionnel. R\u00e9sultats garantis. Pour une maison design \u00e0 Toulouse [&hellip;]","og_url":"https:\/\/www.mobilier-design-occasion.fr\/magazine\/pourquoi-amenager-son-logement-avec-un-architecte-dinterieur-a-toulouse\/","og_site_name":"Mobilier Design Magazine","article_publisher":"https:\/\/www.facebook.com\/mobilierdesignoccasion","article_published_time":"2022-03-25T11:45:25+00:00","article_modified_time":"2023-09-25T13:39:49+00:00","og_image":[{"width":1080,"height":1080,"url":"https:\/\/www.mobilier-design-occasion.fr\/magazine\/wp-content\/uploads\/2022\/03\/6-3.jpg","type":"image\/jpeg"}],"author":"Cyrielle Poirot","twitter_card":"summary_large_image","twitter_misc":{"\u00c9crit par":"Cyrielle Poirot","Dur\u00e9e de lecture estim\u00e9e":"2 minutes"},"schema":{"@context":"https:\/\/schema.org","@graph":[{"@type":"Article","@id":"https:\/\/www.mobilier-design-occasion.fr\/magazine\/pourquoi-amenager-son-logement-avec-un-architecte-dinterieur-a-toulouse\/#article","isPartOf":{"@id":"https:\/\/www.mobilier-design-occasion.fr\/magazine\/pourquoi-amenager-son-logement-avec-un-architecte-dinterieur-a-toulouse\/"},"author":{"name":"Cyrielle Poirot","@id":"https:\/\/www.mobilier-design-occasion.fr\/magazine\/#\/schema\/person\/5b2e5627a714ddadaaf8c9b886c55eff"},"headline":"Pourquoi am\u00e9nager son logement avec un architecte d\u2019int\u00e9rieur \u00e0 Toulouse?","datePublished":"2022-03-25T11:45:25+00:00","dateModified":"2023-09-25T13:39:49+00:00","mainEntityOfPage":{"@id":"https:\/\/www.mobilier-design-occasion.fr\/magazine\/pourquoi-amenager-son-logement-avec-un-architecte-dinterieur-a-toulouse\/"},"wordCount":368,"commentCount":0,"publisher":{"@id":"https:\/\/www.mobilier-design-occasion.fr\/magazine\/#organization"},"image":{"@id":"https:\/\/www.mobilier-design-occasion.fr\/magazine\/pourquoi-amenager-son-logement-avec-un-architecte-dinterieur-a-toulouse\/#primaryimage"},"thumbnailUrl":"https:\/\/www.mobilier-design-occasion.fr\/magazine\/wp-content\/uploads\/2022\/03\/6-3.jpg","articleSection":["Tendances"],"inLanguage":"fr-FR","potentialAction":[{"@type":"CommentAction","name":"Comment","target":["https:\/\/www.mobilier-design-occasion.fr\/magazine\/pourquoi-amenager-son-logement-avec-un-architecte-dinterieur-a-toulouse\/#respond"]}]},{"@type":"WebPage","@id":"https:\/\/www.mobilier-design-occasion.fr\/magazine\/pourquoi-amenager-son-logement-avec-un-architecte-dinterieur-a-toulouse\/","url":"https:\/\/www.mobilier-design-occasion.fr\/magazine\/pourquoi-amenager-son-logement-avec-un-architecte-dinterieur-a-toulouse\/","name":"Pourquoi am\u00e9nager son logement avec un architecte d\u2019int\u00e9rieur \u00e0 Toulouse? - Mobilier Design Magazine","isPartOf":{"@id":"https:\/\/www.mobilier-design-occasion.fr\/magazine\/#website"},"primaryImageOfPage":{"@id":"https:\/\/www.mobilier-design-occasion.fr\/magazine\/pourquoi-amenager-son-logement-avec-un-architecte-dinterieur-a-toulouse\/#primaryimage"},"image":{"@id":"https:\/\/www.mobilier-design-occasion.fr\/magazine\/pourquoi-amenager-son-logement-avec-un-architecte-dinterieur-a-toulouse\/#primaryimage"},"thumbnailUrl":"https:\/\/www.mobilier-design-occasion.fr\/magazine\/wp-content\/uploads\/2022\/03\/6-3.jpg","datePublished":"2022-03-25T11:45:25+00:00","dateModified":"2023-09-25T13:39:49+00:00","breadcrumb":{"@id":"https:\/\/www.mobilier-design-occasion.fr\/magazine\/pourquoi-amenager-son-logement-avec-un-architecte-dinterieur-a-toulouse\/#breadcrumb"},"inLanguage":"fr-FR","potentialAction":[{"@type":"ReadAction","target":["https:\/\/www.mobilier-design-occasion.fr\/magazine\/pourquoi-amenager-son-logement-avec-un-architecte-dinterieur-a-toulouse\/"]}]},{"@type":"ImageObject","inLanguage":"fr-FR","@id":"https:\/\/www.mobilier-design-occasion.fr\/magazine\/pourquoi-amenager-son-logement-avec-un-architecte-dinterieur-a-toulouse\/#primaryimage","url":"https:\/\/www.mobilier-design-occasion.fr\/magazine\/wp-content\/uploads\/2022\/03\/6-3.jpg","contentUrl":"https:\/\/www.mobilier-design-occasion.fr\/magazine\/wp-content\/uploads\/2022\/03\/6-3.jpg","width":1080,"height":1080},{"@type":"BreadcrumbList","@id":"https:\/\/www.mobilier-design-occasion.fr\/magazine\/pourquoi-amenager-son-logement-avec-un-architecte-dinterieur-a-toulouse\/#breadcrumb","itemListElement":[{"@type":"ListItem","position":1,"name":"Accueil","item":"https:\/\/www.mobilier-design-occasion.fr\/magazine\/"},{"@type":"ListItem","position":2,"name":"Pourquoi am\u00e9nager son logement avec un architecte d\u2019int\u00e9rieur \u00e0 Toulouse?"}]},{"@type":"WebSite","@id":"https:\/\/www.mobilier-design-occasion.fr\/magazine\/#website","url":"https:\/\/www.mobilier-design-occasion.fr\/magazine\/","name":"Mobilier Design Magazine","description":"","publisher":{"@id":"https:\/\/www.mobilier-design-occasion.fr\/magazine\/#organization"},"potentialAction":[{"@type":"SearchAction","target":{"@type":"EntryPoint","urlTemplate":"https:\/\/www.mobilier-design-occasion.fr\/magazine\/?s={search_term_string}"},"query-input":{"@type":"PropertyValueSpecification","valueRequired":true,"valueName":"search_term_string"}}],"inLanguage":"fr-FR"},{"@type":"Organization","@id":"https:\/\/www.mobilier-design-occasion.fr\/magazine\/#organization","name":"Mobilier Design Magazine","url":"https:\/\/www.mobilier-design-occasion.fr\/magazine\/","logo":{"@type":"ImageObject","inLanguage":"fr-FR","@id":"https:\/\/www.mobilier-design-occasion.fr\/magazine\/#\/schema\/logo\/image\/","url":"https:\/\/www.mobilier-design-occasion.fr\/magazine\/wp-content\/uploads\/2024\/02\/android-chrome-192x192-1.png","contentUrl":"https:\/\/www.mobilier-design-occasion.fr\/magazine\/wp-content\/uploads\/2024\/02\/android-chrome-192x192-1.png","width":192,"height":192,"caption":"Mobilier Design Magazine"},"image":{"@id":"https:\/\/www.mobilier-design-occasion.fr\/magazine\/#\/schema\/logo\/image\/"},"sameAs":["https:\/\/www.facebook.com\/mobilierdesignoccasion"]},{"@type":"Person","@id":"https:\/\/www.mobilier-design-occasion.fr\/magazine\/#\/schema\/person\/5b2e5627a714ddadaaf8c9b886c55eff","name":"Cyrielle Poirot","image":{"@type":"ImageObject","inLanguage":"fr-FR","@id":"https:\/\/secure.gravatar.com\/avatar\/c8d2674e093b06894d8d1dc468b626bd752523471f3ac6e75f7c7a1400d40b4d?s=96&d=mm&r=g","url":"https:\/\/secure.gravatar.com\/avatar\/c8d2674e093b06894d8d1dc468b626bd752523471f3ac6e75f7c7a1400d40b4d?s=96&d=mm&r=g","contentUrl":"https:\/\/secure.gravatar.com\/avatar\/c8d2674e093b06894d8d1dc468b626bd752523471f3ac6e75f7c7a1400d40b4d?s=96&d=mm&r=g","caption":"Cyrielle Poirot"},"description":"Cyrielle est passionn\u00e9e par la d\u00e9coration d'int\u00e9rieur et s'est sp\u00e9cialis\u00e9e depuis quelques ann\u00e9es dans l'\u00e9dition du site Mobilier-Design, avec une touche sp\u00e9cifique pour les produits d'occasion.","sameAs":["https:\/\/www.mobilier-design-occasion.fr\/magazine"],"url":"https:\/\/www.mobilier-design-occasion.fr\/magazine\/author\/cyrielle\/"}]}},"_links":{"self":[{"href":"https:\/\/www.mobilier-design-occasion.fr\/magazine\/wp-json\/wp\/v2\/posts\/3924","targetHints":{"allow":["GET"]}}],"collection":[{"href":"https:\/\/www.mobilier-design-occasion.fr\/magazine\/wp-json\/wp\/v2\/posts"}],"about":[{"href":"https:\/\/www.mobilier-design-occasion.fr\/magazine\/wp-json\/wp\/v2\/types\/post"}],"author":[{"embeddable":true,"href":"https:\/\/www.mobilier-design-occasion.fr\/magazine\/wp-json\/wp\/v2\/users\/1"}],"replies":[{"embeddable":true,"href":"https:\/\/www.mobilier-design-occasion.fr\/magazine\/wp-json\/wp\/v2\/comments?post=3924"}],"version-history":[{"count":1,"href":"https:\/\/www.mobilier-design-occasion.fr\/magazine\/wp-json\/wp\/v2\/posts\/3924\/revisions"}],"predecessor-version":[{"id":3927,"href":"https:\/\/www.mobilier-design-occasion.fr\/magazine\/wp-json\/wp\/v2\/posts\/3924\/revisions\/3927"}],"wp:featuredmedia":[{"embeddable":true,"href":"https:\/\/www.mobilier-design-occasion.fr\/magazine\/wp-json\/wp\/v2\/media\/3919"}],"wp:attachment":[{"href":"https:\/\/www.mobilier-design-occasion.fr\/magazine\/wp-json\/wp\/v2\/media?parent=3924"}],"wp:term":[{"taxonomy":"category","embeddable":true,"href":"https:\/\/www.mobilier-design-occasion.fr\/magazine\/wp-json\/wp\/v2\/categories?post=3924"},{"taxonomy":"post_tag","embeddable":true,"href":"https:\/\/www.mobilier-design-occasion.fr\/magazine\/wp-json\/wp\/v2\/tags?post=3924"}],"curies":[{"name":"wp","href":"https:\/\/api.w.org\/{rel}","templated":true}]}}