{"id":3907,"date":"2022-03-25T10:54:31","date_gmt":"2022-03-25T10:54:31","guid":{"rendered":"https:\/\/www.mobilier-design-occasion.fr\/magazine\/?p=3907"},"modified":"2022-03-25T10:57:37","modified_gmt":"2022-03-25T10:57:37","slug":"reussir-a-vendre-son-mobilier","status":"publish","type":"post","link":"https:\/\/www.mobilier-design-occasion.fr\/magazine\/reussir-a-vendre-son-mobilier\/","title":{"rendered":"Vendez rapidement votre mobilier"},"content":{"rendered":"\n<p>3 millions de fran\u00e7ais d\u00e9m\u00e9nagent chaque ann\u00e9e. Dans 70 % des cas, le d\u00e9m\u00e9nagement est li\u00e9 \u00e0 un \u00e9v\u00e9nement familial: naissance, d\u00e9c\u00e8s, mariage, divorce\u2026 Des changements de vie qui favorisent bien souvent l&#8217;envie de renouveler son <a href=\"https:\/\/www.mobilier-design-occasion.fr\/magazine\/test-avis-sur-la-redoute-interieurs-am-pm\/\">mobilier<\/a> pour recommencer sur une nouvelle base.<\/p>\n\n\n\n<p>Si un fran\u00e7ais d\u00e9m\u00e9nage en moyenne un peu plus de 4 fois tout au long de sa vie, mes chiffres d\u00e9fient tous les statistiques car j&#8217;ai r\u00e9alis\u00e9 que j&#8217;avais d\u00e9m\u00e9nag\u00e9 8 fois ces 15 derni\u00e8res ann\u00e9es! Acheter et vendre du mobilier d&#8217;occasion fait donc partie de mon ADN depuis des ann\u00e9es \ud83d\ude42<\/p>\n\n\n\n<p>Voici donc mes astuces pour r\u00e9ussir \u00e0 &#8211; bien &#8211; vendre son mobilier<\/p>\n\n\n\n<h2 class=\"wp-block-heading\"><span class=\"ez-toc-section\" id=\"Vendez_en_ligne\"><\/span>Vendez en ligne<span class=\"ez-toc-section-end\"><\/span><\/h2><div id=\"ez-toc-container\" class=\"ez-toc-v2_0_82_2 counter-hierarchy ez-toc-counter ez-toc-grey ez-toc-container-direction\">\n<div class=\"ez-toc-title-container\">\n<span class=\"ez-toc-title-toggle\"><a href=\"#\" class=\"ez-toc-pull-right ez-toc-btn ez-toc-btn-xs ez-toc-btn-default ez-toc-toggle\" aria-label=\"Toggle Table of Content\"><span class=\"ez-toc-js-icon-con\"><span class=\"\"><span class=\"eztoc-hide\" style=\"display:none;\">Toggle<\/span><span class=\"ez-toc-icon-toggle-span\"><svg style=\"fill: #999;color:#999\" xmlns=\"http:\/\/www.w3.org\/2000\/svg\" class=\"list-377408\" width=\"20px\" height=\"20px\" viewBox=\"0 0 24 24\" fill=\"none\"><path d=\"M6 6H4v2h2V6zm14 0H8v2h12V6zM4 11h2v2H4v-2zm16 0H8v2h12v-2zM4 16h2v2H4v-2zm16 0H8v2h12v-2z\" fill=\"currentColor\"><\/path><\/svg><svg style=\"fill: #999;color:#999\" class=\"arrow-unsorted-368013\" xmlns=\"http:\/\/www.w3.org\/2000\/svg\" width=\"10px\" height=\"10px\" viewBox=\"0 0 24 24\" version=\"1.2\" baseProfile=\"tiny\"><path d=\"M18.2 9.3l-6.2-6.3-6.2 6.3c-.2.2-.3.4-.3.7s.1.5.3.7c.2.2.4.3.7.3h11c.3 0 .5-.1.7-.3.2-.2.3-.5.3-.7s-.1-.5-.3-.7zM5.8 14.7l6.2 6.3 6.2-6.3c.2-.2.3-.5.3-.7s-.1-.5-.3-.7c-.2-.2-.4-.3-.7-.3h-11c-.3 0-.5.1-.7.3-.2.2-.3.5-.3.7s.1.5.3.7z\"\/><\/svg><\/span><\/span><\/span><\/a><\/span><\/div>\n<nav><ul class='ez-toc-list ez-toc-list-level-1 eztoc-toggle-hide-by-default' ><li class='ez-toc-page-1 ez-toc-heading-level-2'><a class=\"ez-toc-link ez-toc-heading-1\" href=\"https:\/\/www.mobilier-design-occasion.fr\/magazine\/reussir-a-vendre-son-mobilier\/#Vendez_en_ligne\" >Vendez en ligne<\/a><\/li><li class='ez-toc-page-1 ez-toc-heading-level-2'><a class=\"ez-toc-link ez-toc-heading-2\" href=\"https:\/\/www.mobilier-design-occasion.fr\/magazine\/reussir-a-vendre-son-mobilier\/#Redigez_une_annonce_de_qualite\" >R\u00e9digez une annonce de qualit\u00e9<\/a><ul class='ez-toc-list-level-3' ><li class='ez-toc-heading-level-3'><a class=\"ez-toc-link ez-toc-heading-3\" href=\"https:\/\/www.mobilier-design-occasion.fr\/magazine\/reussir-a-vendre-son-mobilier\/#Inserez_de_belles_photos\" >Ins\u00e9rez de belles photos<\/a><\/li><li class='ez-toc-page-1 ez-toc-heading-level-3'><a class=\"ez-toc-link ez-toc-heading-4\" href=\"https:\/\/www.mobilier-design-occasion.fr\/magazine\/reussir-a-vendre-son-mobilier\/#Description_complete\" >Description compl\u00e8te<\/a><\/li><li class='ez-toc-page-1 ez-toc-heading-level-3'><a class=\"ez-toc-link ez-toc-heading-5\" href=\"https:\/\/www.mobilier-design-occasion.fr\/magazine\/reussir-a-vendre-son-mobilier\/#Prix\" >Prix<\/a><\/li><li class='ez-toc-page-1 ez-toc-heading-level-3'><a class=\"ez-toc-link ez-toc-heading-6\" href=\"https:\/\/www.mobilier-design-occasion.fr\/magazine\/reussir-a-vendre-son-mobilier\/#Livraison\" >Livraison<\/a><\/li><\/ul><\/li><li class='ez-toc-page-1 ez-toc-heading-level-2'><a class=\"ez-toc-link ez-toc-heading-7\" href=\"https:\/\/www.mobilier-design-occasion.fr\/magazine\/reussir-a-vendre-son-mobilier\/#Soyez_reactif%E2%80%A6_et_sympa\" >Soyez r\u00e9actif&#8230; et sympa!<\/a><\/li><li class='ez-toc-page-1 ez-toc-heading-level-2'><a class=\"ez-toc-link ez-toc-heading-8\" href=\"https:\/\/www.mobilier-design-occasion.fr\/magazine\/reussir-a-vendre-son-mobilier\/#Mefiez-vous_des_arnaques\" >M\u00e9fiez-vous des arnaques<\/a><\/li><\/ul><\/nav><\/div>\n\n\n\n\n<p>Cela peut para\u00eetre banal pour certains mais il est tout de m\u00eame important de rappeler que vendre en ligne va vous permettre de toucher un maximum de d&#8217;acheteurs potentiels, bien plus que si vous participez un dimanche \u00e0 la brocante du village. <\/p>\n\n\n\n<blockquote class=\"wp-block-quote is-layout-flow wp-block-quote-is-layout-flow\"><p>Vendre en ligne va vous permettre de vendre plus rapidement et \u00e0 un meilleur prix. <\/p><\/blockquote>\n\n\n\n<p>Les avantages de la vente sur internet:<\/p>\n\n\n\n<ul class=\"wp-block-list\"><li>visibilit\u00e9 +++ <\/li><li>plus rapide <\/li><li>plus facile: sur <a href=\"https:\/\/www.mobilier-design-occasion.fr\/magazine\/nos-idees-pour-amenager-votre-terrasse-avec-fermob\/\">mobilier design<\/a>, nous avons simplifi\u00e9 les \u00e9tapes pour vous faire gagner du temps<\/li><li>vous n\u00e9gociez \u00e0 distance derri\u00e8re votre ordi. Avouez que c&#8217;est quand m\u00eame plus simple de maintenir sa position \ud83d\ude09<\/li><\/ul>\n\n\n\n<div class=\"wp-block-buttons is-layout-flex wp-block-buttons-is-layout-flex\">\n<div class=\"wp-block-button\"><a class=\"wp-block-button__link\" href=\"https:\/\/www.mobilier-design-occasion.fr\/connexion.html\">Vendez gratuitement votre mobilier<\/a><\/div>\n<\/div>\n\n\n\n<figure class=\"wp-block-image size-large\"><img loading=\"lazy\" decoding=\"async\" width=\"1024\" height=\"1024\" src=\"https:\/\/www.mobilier-design-occasion.fr\/magazine\/wp-content\/uploads\/2022\/03\/7-2-1024x1024.jpg\" alt=\"\" class=\"wp-image-3917\" srcset=\"https:\/\/www.mobilier-design-occasion.fr\/magazine\/wp-content\/uploads\/2022\/03\/7-2-1024x1024.jpg 1024w, https:\/\/www.mobilier-design-occasion.fr\/magazine\/wp-content\/uploads\/2022\/03\/7-2-300x300.jpg 300w, https:\/\/www.mobilier-design-occasion.fr\/magazine\/wp-content\/uploads\/2022\/03\/7-2-150x150.jpg 150w, https:\/\/www.mobilier-design-occasion.fr\/magazine\/wp-content\/uploads\/2022\/03\/7-2-768x768.jpg 768w, https:\/\/www.mobilier-design-occasion.fr\/magazine\/wp-content\/uploads\/2022\/03\/7-2-810x810.jpg 810w, https:\/\/www.mobilier-design-occasion.fr\/magazine\/wp-content\/uploads\/2022\/03\/7-2.jpg 1080w\" sizes=\"auto, (max-width: 1024px) 100vw, 1024px\" \/><\/figure>\n\n\n\n<h2 class=\"wp-block-heading\"><span class=\"ez-toc-section\" id=\"Redigez_une_annonce_de_qualite\"><\/span>R\u00e9digez une annonce de qualit\u00e9<span class=\"ez-toc-section-end\"><\/span><\/h2>\n\n\n\n<p>Sur le march\u00e9 de la <a href=\"https:\/\/www.mobilier-design-occasion.fr\/magazine\/fermob-occasion\/\">seconde main<\/a>, on trouve de plus en plus d&#8217;annonces. Alors pour vous d\u00e9marquer et attirer les acheteurs, une annone de qualit\u00e9 bien r\u00e9dig\u00e9e et avec de belles photos inspirera davantage la confiance et donnera envie d&#8217;aller plus loin. <\/p>\n\n\n\n<p>Le BA.BA d&#8217;une bonne annonce:<\/p>\n\n\n\n<ul class=\"wp-block-list\"><li>r\u00e9digez une description courte mais compl\u00e8te<\/li><li>pr\u00e9cisez un maximum d&#8217;informations (couleur, dimensions, mati\u00e8res etc&#8230;) pour aider l&#8217;acheteur et \u00e9viter les \u00e9changes ping-pong. Rien de plus fatigant que de donner 20 fois les dimensions de votre meuble. <\/li><li>notez l&#8217;\u00e9tat r\u00e9el. Cela ne sert \u00e0 rien de survendre, cela risque de se retourner contre vous au moment o\u00f9 ne vous vous y attendrez plus.<\/li><li>fixez un prix juste<\/li><li>donnez le motif de la vente, soyez honn\u00eate, \u00e7a paie toujours et vous inspirerez confiance<\/li><\/ul>\n\n\n\n<h3 class=\"wp-block-heading\"><span class=\"ez-toc-section\" id=\"Inserez_de_belles_photos\"><\/span>Ins\u00e9rez de belles photos<span class=\"ez-toc-section-end\"><\/span><\/h3>\n\n\n\n<p>On a d\u00e9j\u00e0 tous vu sur les sites de petites annonces, des photos noires ou mal cadr\u00e9es si bien que l&#8217;on se demande ce qui est r\u00e9ellement \u00e0 vendre ou si le vendeur a vraiment envie de vendre son meuble. On ne vous demande pas de faire des r\u00e9glages de pro et un simple smartphone fera largement l&#8217;affaire, mais ne n\u00e9gligez pas cette \u00e9tape. <\/p>\n\n\n\n<p>La premi\u00e8re photo va \u00eatre ce qui va attirer en premier l&#8217;\u0153il de l&#8217;acheteur. Prenez donc le temps de la soigner.<\/p>\n\n\n\n<div class=\"wp-block-columns is-layout-flex wp-container-core-columns-is-layout-9d6595d7 wp-block-columns-is-layout-flex\">\n<div class=\"wp-block-column is-layout-flow wp-block-column-is-layout-flow\">\n<figure class=\"wp-block-image size-large\"><img loading=\"lazy\" decoding=\"async\" width=\"1024\" height=\"1024\" src=\"https:\/\/www.mobilier-design-occasion.fr\/magazine\/wp-content\/uploads\/2022\/03\/4-2-1024x1024.jpg\" alt=\"\" class=\"wp-image-3918\" srcset=\"https:\/\/www.mobilier-design-occasion.fr\/magazine\/wp-content\/uploads\/2022\/03\/4-2-1024x1024.jpg 1024w, https:\/\/www.mobilier-design-occasion.fr\/magazine\/wp-content\/uploads\/2022\/03\/4-2-300x300.jpg 300w, https:\/\/www.mobilier-design-occasion.fr\/magazine\/wp-content\/uploads\/2022\/03\/4-2-150x150.jpg 150w, https:\/\/www.mobilier-design-occasion.fr\/magazine\/wp-content\/uploads\/2022\/03\/4-2-768x768.jpg 768w, https:\/\/www.mobilier-design-occasion.fr\/magazine\/wp-content\/uploads\/2022\/03\/4-2-810x810.jpg 810w, https:\/\/www.mobilier-design-occasion.fr\/magazine\/wp-content\/uploads\/2022\/03\/4-2.jpg 1080w\" sizes=\"auto, (max-width: 1024px) 100vw, 1024px\" \/><\/figure>\n<\/div>\n\n\n\n<div class=\"wp-block-column is-layout-flow wp-block-column-is-layout-flow\"><\/div>\n<\/div>\n\n\n\n<p>Je vous livre ci-dessous mes conseils pour r\u00e9aliser de belles photos (sans \u00eatre un.e pro!):<\/p>\n\n\n\n<ul class=\"wp-block-list\"><li>Prenez vos photos en journ\u00e9e quand la pi\u00e8ce est lumineuse. La lumi\u00e8re naturelle mettra toujours plus en valeur l&#8217;objet qu&#8217;un \u00e9clairage artificiel. <\/li><li>Pas de soleil direct sur le mobilier que vous voulez vendre, cela fausse la couleur<\/li><li>Eviter de prendre en photo \u00e0 contre-jour (= vous \u00eates face \u00e0 la fen\u00eatre)<\/li><li>La premi\u00e8re photo doit montrer l&#8217;objet \u00e0 vendre dans son int\u00e9gralit\u00e9. Les photos suivantes serviront \u00e0 montrer les d\u00e9tails et les \u00e9ventuels d\u00e9fauts.<\/li><li>Enlevez vos objets personnels pour que le vendeur puisse se faire une r\u00e9elle id\u00e9e de l&#8217;objet. <\/li><li>Faites des photos nettes (ne bougez pas en prenant vos photos!)<\/li><\/ul>\n\n\n\n<div class=\"wp-block-columns is-layout-flex wp-container-core-columns-is-layout-9d6595d7 wp-block-columns-is-layout-flex\">\n<div class=\"wp-block-column is-layout-flow wp-block-column-is-layout-flow\">\n<figure class=\"wp-block-image size-large\"><img loading=\"lazy\" decoding=\"async\" width=\"1080\" height=\"1080\" src=\"https:\/\/www.mobilier-design-occasion.fr\/magazine\/wp-content\/uploads\/2022\/03\/4-1024x1024.png\" alt=\"\" class=\"wp-image-3911\" srcset=\"https:\/\/www.mobilier-design-occasion.fr\/magazine\/wp-content\/uploads\/2022\/03\/4-1024x1024.png 1024w, https:\/\/www.mobilier-design-occasion.fr\/magazine\/wp-content\/uploads\/2022\/03\/4-300x300.png 300w, https:\/\/www.mobilier-design-occasion.fr\/magazine\/wp-content\/uploads\/2022\/03\/4-150x150.png 150w, https:\/\/www.mobilier-design-occasion.fr\/magazine\/wp-content\/uploads\/2022\/03\/4-768x768.png 768w, https:\/\/www.mobilier-design-occasion.fr\/magazine\/wp-content\/uploads\/2022\/03\/4-810x810.png 810w, https:\/\/www.mobilier-design-occasion.fr\/magazine\/wp-content\/uploads\/2022\/03\/4.png 1080w\" sizes=\"auto, (max-width: 1080px) 100vw, 1080px\" \/><\/figure>\n<\/div>\n\n\n\n<div class=\"wp-block-column is-layout-flow wp-block-column-is-layout-flow\">\n<figure class=\"wp-block-image size-large\"><img loading=\"lazy\" decoding=\"async\" width=\"1024\" height=\"1024\" src=\"https:\/\/www.mobilier-design-occasion.fr\/magazine\/wp-content\/uploads\/2022\/03\/3-1024x1024.png\" alt=\"\" class=\"wp-image-3912\" srcset=\"https:\/\/www.mobilier-design-occasion.fr\/magazine\/wp-content\/uploads\/2022\/03\/3-1024x1024.png 1024w, https:\/\/www.mobilier-design-occasion.fr\/magazine\/wp-content\/uploads\/2022\/03\/3-300x300.png 300w, https:\/\/www.mobilier-design-occasion.fr\/magazine\/wp-content\/uploads\/2022\/03\/3-150x150.png 150w, https:\/\/www.mobilier-design-occasion.fr\/magazine\/wp-content\/uploads\/2022\/03\/3-768x768.png 768w, https:\/\/www.mobilier-design-occasion.fr\/magazine\/wp-content\/uploads\/2022\/03\/3-810x810.png 810w, https:\/\/www.mobilier-design-occasion.fr\/magazine\/wp-content\/uploads\/2022\/03\/3.png 1080w\" sizes=\"auto, (max-width: 1024px) 100vw, 1024px\" \/><\/figure>\n<\/div>\n<\/div>\n\n\n\n<div class=\"wp-block-buttons is-layout-flex wp-block-buttons-is-layout-flex\">\n<div class=\"wp-block-button\"><a class=\"wp-block-button__link\" href=\"https:\/\/www.mobilier-design-occasion.fr\/connexion.html\">Mettez gratuitement votre meuble en vente!<\/a><\/div>\n<\/div>\n\n\n\n<h3 class=\"wp-block-heading\"><span class=\"ez-toc-section\" id=\"Description_complete\"><\/span>Description compl\u00e8te<span class=\"ez-toc-section-end\"><\/span><\/h3>\n\n\n\n<p>Si vous donnez d\u00e9j\u00e0 l&#8217;impression de n&#8217;en avoir rien \u00e0 faire, que la description est b\u00e2cl\u00e9e, \u00e0 peine compr\u00e9hensible et que l&#8217;acheteur doit faire un effort, \u00e0 moins que vous ne vendiez une perle rare, il va passer son chemin.<\/p>\n\n\n\n<p>Voici ce qu&#8217;une bonne description comporte:<\/p>\n\n\n\n<ul class=\"wp-block-list\"><li>des informations claires et concises sur le mobilier en question<\/li><li>description r\u00e9dig\u00e9e dans un fran\u00e7ais correct. On ne vous demande pas d&#8217;\u00eatre un as de la dict\u00e9e de Bernard Pivot, mais \u00e9vitez les abr\u00e9viations et relisez-vous pour \u00e9liminer les grosses fautes d&#8217;orthographe<\/li><li>n&#8217;h\u00e9sitez pas \u00e0 mettre un maximum d&#8217;informations: marque, taille, couleur, dimensions, date d&#8217;achat, prix neuf etc..) pour limiter les questions des acheteurs<\/li><li>pr\u00e9cisez l&#8217;\u00e9tat r\u00e9el<\/li><\/ul>\n\n\n\n<h3 class=\"wp-block-heading\"><span class=\"ez-toc-section\" id=\"Prix\"><\/span>Prix<span class=\"ez-toc-section-end\"><\/span><\/h3>\n\n\n\n<p>Mettre un prix juste est correct d\u00e8s le d\u00e9part va vous faire gagner du temps lors de la vente. Cela ne sert \u00e0 rien de surestimer votre mobilier. Au mieux les acheteurs passeront leur chemin, au pire vous allez vous prendre des rafales de messages der personnes d\u00e9cha\u00een\u00e9es, ce qui n&#8217;est pas toujours agr\u00e9able quand on savoure son vendredi soir dans le <a href=\"https:\/\/www.mobilier-design-occasion.fr\/magazine\/test-avis-sur-poltronesofa\/\">canap\u00e9<\/a>.<\/p>\n\n\n\n<p>Partez du principe que l&#8217;acheteur va l\u00e9g\u00e8rement n\u00e9gocier le prix donc fixez le prix l\u00e9g\u00e8rement plus haut que votre prix de vente id\u00e9al.<\/p>\n\n\n\n<figure class=\"wp-block-image size-large\"><img loading=\"lazy\" decoding=\"async\" width=\"1024\" height=\"1024\" src=\"https:\/\/www.mobilier-design-occasion.fr\/magazine\/wp-content\/uploads\/2022\/03\/9-1-1024x1024.jpg\" alt=\"\" class=\"wp-image-3915\" srcset=\"https:\/\/www.mobilier-design-occasion.fr\/magazine\/wp-content\/uploads\/2022\/03\/9-1-1024x1024.jpg 1024w, https:\/\/www.mobilier-design-occasion.fr\/magazine\/wp-content\/uploads\/2022\/03\/9-1-300x300.jpg 300w, https:\/\/www.mobilier-design-occasion.fr\/magazine\/wp-content\/uploads\/2022\/03\/9-1-150x150.jpg 150w, https:\/\/www.mobilier-design-occasion.fr\/magazine\/wp-content\/uploads\/2022\/03\/9-1-768x768.jpg 768w, https:\/\/www.mobilier-design-occasion.fr\/magazine\/wp-content\/uploads\/2022\/03\/9-1-810x810.jpg 810w, https:\/\/www.mobilier-design-occasion.fr\/magazine\/wp-content\/uploads\/2022\/03\/9-1.jpg 1080w\" sizes=\"auto, (max-width: 1024px) 100vw, 1024px\" \/><\/figure>\n\n\n\n<h3 class=\"wp-block-heading\"><span class=\"ez-toc-section\" id=\"Livraison\"><\/span>Livraison<span class=\"ez-toc-section-end\"><\/span><\/h3>\n\n\n\n<p>Pr\u00e9cisez dans l&#8217;annonce si vous disposez d&#8217;un moyen de livrer le mobilier \u00e0 l&#8217;acheteur. Si il doit venir le chercher, notez la ville\/village\/quartier, sans bien entendu noter votre adresse compl\u00e8te publiquement. <\/p>\n\n\n\n<h2 class=\"wp-block-heading\"><span class=\"ez-toc-section\" id=\"Soyez_reactif%E2%80%A6_et_sympa\"><\/span>Soyez r\u00e9actif&#8230; et sympa!<span class=\"ez-toc-section-end\"><\/span><\/h2>\n\n\n\n<p>R\u00e9pondre rapidement aux personnes int\u00e9ress\u00e9es par votre annonce de vente de mobilier est la cl\u00e9. G\u00e9n\u00e9ralement, si vous avez bien suivi les \u00e9tapes ci-dessus vous avez mis toutes les chances de votre c\u00f4t\u00e9 et le mobilier risque de se vendre rapidement.<\/p>\n\n\n\n<p>R\u00e9pondez donc pr\u00e9cis\u00e9ment et poliment aux acheteurs augmentera consid\u00e9rablement vos chances de vendre. Si vous mettez trop de temps \u00e0 r\u00e9pondre, l&#8217;acheteur va continuer \u00e0 chercher et trouvera son bonheur ailleurs.<\/p>\n\n\n\n<div class=\"wp-block-columns is-layout-flex wp-container-core-columns-is-layout-9d6595d7 wp-block-columns-is-layout-flex\">\n<div class=\"wp-block-column is-layout-flow wp-block-column-is-layout-flow\">\n<figure class=\"wp-block-image size-large\"><img loading=\"lazy\" decoding=\"async\" width=\"1024\" height=\"1024\" src=\"https:\/\/www.mobilier-design-occasion.fr\/magazine\/wp-content\/uploads\/2022\/03\/6-3-1024x1024.jpg\" alt=\"\" class=\"wp-image-3919\" srcset=\"https:\/\/www.mobilier-design-occasion.fr\/magazine\/wp-content\/uploads\/2022\/03\/6-3-1024x1024.jpg 1024w, https:\/\/www.mobilier-design-occasion.fr\/magazine\/wp-content\/uploads\/2022\/03\/6-3-300x300.jpg 300w, https:\/\/www.mobilier-design-occasion.fr\/magazine\/wp-content\/uploads\/2022\/03\/6-3-150x150.jpg 150w, https:\/\/www.mobilier-design-occasion.fr\/magazine\/wp-content\/uploads\/2022\/03\/6-3-768x768.jpg 768w, https:\/\/www.mobilier-design-occasion.fr\/magazine\/wp-content\/uploads\/2022\/03\/6-3-810x810.jpg 810w, https:\/\/www.mobilier-design-occasion.fr\/magazine\/wp-content\/uploads\/2022\/03\/6-3.jpg 1080w\" sizes=\"auto, (max-width: 1024px) 100vw, 1024px\" \/><\/figure>\n<\/div>\n\n\n\n<div class=\"wp-block-column is-layout-flow wp-block-column-is-layout-flow\"><\/div>\n<\/div>\n\n\n\n<h2 class=\"wp-block-heading\"><span class=\"ez-toc-section\" id=\"Mefiez-vous_des_arnaques\"><\/span>M\u00e9fiez-vous des arnaques<span class=\"ez-toc-section-end\"><\/span><\/h2>\n\n\n\n<p>Sur les marketplaces, les tentatives de fraudes sont malheureusement courantes. A l&#8217;heure actuelle, il n&#8217;existe pas de moyen radical pour \u00e9liminer d\u00e9finitivement ces spams, mais votre vigilance peut permettre de les contrer. Je reste convaincue que l&#8217;union collective contre ces spameurs peut r\u00e9ussir \u00e0 les d\u00e9courager. N&#8217;h\u00e9sitez donc pas \u00e0 les d\u00e9noncer en envoyant leur adresse mail. Sur <a href=\"https:\/\/www.mobilier-design-occasion.fr\/\">Mobilier Design Occasion<\/a>, votre tranquillit\u00e9 est notre priorit\u00e9, nous travaillons quotidiennement sur la s\u00e9curit\u00e9 pour diminuer les spams dans vos \u00e9changes.<\/p>\n\n\n\n<p>Les anarques du moment les plus courantes:<\/p>\n\n\n\n<ul class=\"wp-block-list\"><li>l&#8217;acheteur propose un paiement par ch\u00e8que (international ou non), mandat postal, contre-remboursement etc&#8230; passez votre chemin<\/li><li>l&#8217;acheteur propose un prix plus \u00e9lev\u00e9 que ce que vous avez fix\u00e9<\/li><li>l&#8217;acheteur est en vacances ou en d\u00e9placement pour le travail mais veut absolument que vous lui r\u00e9serviez l&#8217;article et est pr\u00eat \u00e0 payer pour \u00e7a, souvent via un moyen de paiement mentionn\u00e9 dans le premier point.<\/li><li>l&#8217;acheteur va vous envoyer son transporteur (UPS, DHL, DPDP etc&#8230;). Arnaque tr\u00e8s courante mais trop de personnes y croient encore.<\/li><\/ul>\n\n\n\n<p>Si vous \u00eates dans un cas mentionn\u00e9 ci-dessus, stoppez directement la discussion et signalez l&#8217;adresse mail comme spam. <\/p>\n\n\n\n<p>Pr\u00eat.e \u00e0 vous lancer?<\/p>\n\n\n\n<p>C&#8217;est parti!<\/p>\n\n\n\n<div class=\"wp-block-buttons is-layout-flex wp-block-buttons-is-layout-flex\">\n<div class=\"wp-block-button\"><a class=\"wp-block-button__link\" href=\"https:\/\/www.mobilier-design-occasion.fr\/connexion.html\">Vendez gratuitement votre mobilier!<\/a><\/div>\n<\/div>\n\n\n\n<p><\/p>\n","protected":false},"excerpt":{"rendered":"<p>3 millions de fran\u00e7ais d\u00e9m\u00e9nagent chaque ann\u00e9e. Dans 70 % des cas, le d\u00e9m\u00e9nagement est li\u00e9 \u00e0 un \u00e9v\u00e9nement familial: naissance, d\u00e9c\u00e8s, mariage, divorce\u2026 Des changements de vie qui favorisent bien souvent l&#8217;envie de renouveler son mobilier pour recommencer sur une nouvelle base. Si un fran\u00e7ais d\u00e9m\u00e9nage en moyenne un peu plus de 4 fois [&hellip;]<\/p>\n","protected":false},"author":1,"featured_media":3920,"comment_status":"open","ping_status":"open","sticky":false,"template":"","format":"standard","meta":{"footnotes":""},"categories":[2],"tags":[],"class_list":["post-3907","post","type-post","status-publish","format-standard","has-post-thumbnail","hentry","category-tendances"],"yoast_head":"<!-- This site is optimized with the Yoast SEO plugin v27.5 - https:\/\/yoast.com\/product\/yoast-seo-wordpress\/ -->\n<title>Vendez rapidement votre mobilier - Mobilier Design Magazine<\/title>\n<meta name=\"robots\" content=\"index, follow, max-snippet:-1, max-image-preview:large, max-video-preview:-1\" \/>\n<link rel=\"canonical\" href=\"https:\/\/www.mobilier-design-occasion.fr\/magazine\/reussir-a-vendre-son-mobilier\/\" \/>\n<meta property=\"og:locale\" content=\"fr_FR\" \/>\n<meta property=\"og:type\" content=\"article\" \/>\n<meta property=\"og:title\" content=\"Vendez rapidement votre mobilier - Mobilier Design Magazine\" \/>\n<meta property=\"og:description\" content=\"3 millions de fran\u00e7ais d\u00e9m\u00e9nagent chaque ann\u00e9e. Dans 70 % des cas, le d\u00e9m\u00e9nagement est li\u00e9 \u00e0 un \u00e9v\u00e9nement familial: naissance, d\u00e9c\u00e8s, mariage, divorce\u2026 Des changements de vie qui favorisent bien souvent l&#8217;envie de renouveler son mobilier pour recommencer sur une nouvelle base. Si un fran\u00e7ais d\u00e9m\u00e9nage en moyenne un peu plus de 4 fois [&hellip;]\" \/>\n<meta property=\"og:url\" content=\"https:\/\/www.mobilier-design-occasion.fr\/magazine\/reussir-a-vendre-son-mobilier\/\" \/>\n<meta property=\"og:site_name\" content=\"Mobilier Design Magazine\" \/>\n<meta property=\"article:publisher\" content=\"https:\/\/www.facebook.com\/mobilierdesignoccasion\" \/>\n<meta property=\"article:published_time\" content=\"2022-03-25T10:54:31+00:00\" \/>\n<meta property=\"article:modified_time\" content=\"2022-03-25T10:57:37+00:00\" \/>\n<meta property=\"og:image\" content=\"https:\/\/www.mobilier-design-occasion.fr\/magazine\/wp-content\/uploads\/2022\/03\/5-1.jpg\" \/>\n\t<meta property=\"og:image:width\" content=\"1080\" \/>\n\t<meta property=\"og:image:height\" content=\"1080\" \/>\n\t<meta property=\"og:image:type\" content=\"image\/jpeg\" \/>\n<meta name=\"author\" content=\"Cyrielle Poirot\" \/>\n<meta name=\"twitter:card\" content=\"summary_large_image\" \/>\n<meta name=\"twitter:label1\" content=\"\u00c9crit par\" \/>\n\t<meta name=\"twitter:data1\" content=\"Cyrielle Poirot\" \/>\n\t<meta name=\"twitter:label2\" content=\"Dur\u00e9e de lecture estim\u00e9e\" \/>\n\t<meta name=\"twitter:data2\" content=\"6 minutes\" \/>\n<script type=\"application\/ld+json\" class=\"yoast-schema-graph\">{\"@context\":\"https:\\\/\\\/schema.org\",\"@graph\":[{\"@type\":\"Article\",\"@id\":\"https:\\\/\\\/www.mobilier-design-occasion.fr\\\/magazine\\\/reussir-a-vendre-son-mobilier\\\/#article\",\"isPartOf\":{\"@id\":\"https:\\\/\\\/www.mobilier-design-occasion.fr\\\/magazine\\\/reussir-a-vendre-son-mobilier\\\/\"},\"author\":{\"name\":\"Cyrielle Poirot\",\"@id\":\"https:\\\/\\\/www.mobilier-design-occasion.fr\\\/magazine\\\/#\\\/schema\\\/person\\\/5b2e5627a714ddadaaf8c9b886c55eff\"},\"headline\":\"Vendez rapidement votre mobilier\",\"datePublished\":\"2022-03-25T10:54:31+00:00\",\"dateModified\":\"2022-03-25T10:57:37+00:00\",\"mainEntityOfPage\":{\"@id\":\"https:\\\/\\\/www.mobilier-design-occasion.fr\\\/magazine\\\/reussir-a-vendre-son-mobilier\\\/\"},\"wordCount\":1203,\"commentCount\":2,\"publisher\":{\"@id\":\"https:\\\/\\\/www.mobilier-design-occasion.fr\\\/magazine\\\/#organization\"},\"image\":{\"@id\":\"https:\\\/\\\/www.mobilier-design-occasion.fr\\\/magazine\\\/reussir-a-vendre-son-mobilier\\\/#primaryimage\"},\"thumbnailUrl\":\"https:\\\/\\\/www.mobilier-design-occasion.fr\\\/magazine\\\/wp-content\\\/uploads\\\/2022\\\/03\\\/5-1.jpg\",\"articleSection\":[\"Tendances\"],\"inLanguage\":\"fr-FR\",\"potentialAction\":[{\"@type\":\"CommentAction\",\"name\":\"Comment\",\"target\":[\"https:\\\/\\\/www.mobilier-design-occasion.fr\\\/magazine\\\/reussir-a-vendre-son-mobilier\\\/#respond\"]}]},{\"@type\":\"WebPage\",\"@id\":\"https:\\\/\\\/www.mobilier-design-occasion.fr\\\/magazine\\\/reussir-a-vendre-son-mobilier\\\/\",\"url\":\"https:\\\/\\\/www.mobilier-design-occasion.fr\\\/magazine\\\/reussir-a-vendre-son-mobilier\\\/\",\"name\":\"Vendez rapidement votre mobilier - Mobilier Design Magazine\",\"isPartOf\":{\"@id\":\"https:\\\/\\\/www.mobilier-design-occasion.fr\\\/magazine\\\/#website\"},\"primaryImageOfPage\":{\"@id\":\"https:\\\/\\\/www.mobilier-design-occasion.fr\\\/magazine\\\/reussir-a-vendre-son-mobilier\\\/#primaryimage\"},\"image\":{\"@id\":\"https:\\\/\\\/www.mobilier-design-occasion.fr\\\/magazine\\\/reussir-a-vendre-son-mobilier\\\/#primaryimage\"},\"thumbnailUrl\":\"https:\\\/\\\/www.mobilier-design-occasion.fr\\\/magazine\\\/wp-content\\\/uploads\\\/2022\\\/03\\\/5-1.jpg\",\"datePublished\":\"2022-03-25T10:54:31+00:00\",\"dateModified\":\"2022-03-25T10:57:37+00:00\",\"breadcrumb\":{\"@id\":\"https:\\\/\\\/www.mobilier-design-occasion.fr\\\/magazine\\\/reussir-a-vendre-son-mobilier\\\/#breadcrumb\"},\"inLanguage\":\"fr-FR\",\"potentialAction\":[{\"@type\":\"ReadAction\",\"target\":[\"https:\\\/\\\/www.mobilier-design-occasion.fr\\\/magazine\\\/reussir-a-vendre-son-mobilier\\\/\"]}]},{\"@type\":\"ImageObject\",\"inLanguage\":\"fr-FR\",\"@id\":\"https:\\\/\\\/www.mobilier-design-occasion.fr\\\/magazine\\\/reussir-a-vendre-son-mobilier\\\/#primaryimage\",\"url\":\"https:\\\/\\\/www.mobilier-design-occasion.fr\\\/magazine\\\/wp-content\\\/uploads\\\/2022\\\/03\\\/5-1.jpg\",\"contentUrl\":\"https:\\\/\\\/www.mobilier-design-occasion.fr\\\/magazine\\\/wp-content\\\/uploads\\\/2022\\\/03\\\/5-1.jpg\",\"width\":1080,\"height\":1080},{\"@type\":\"BreadcrumbList\",\"@id\":\"https:\\\/\\\/www.mobilier-design-occasion.fr\\\/magazine\\\/reussir-a-vendre-son-mobilier\\\/#breadcrumb\",\"itemListElement\":[{\"@type\":\"ListItem\",\"position\":1,\"name\":\"Accueil\",\"item\":\"https:\\\/\\\/www.mobilier-design-occasion.fr\\\/magazine\\\/\"},{\"@type\":\"ListItem\",\"position\":2,\"name\":\"Vendez rapidement votre mobilier\"}]},{\"@type\":\"WebSite\",\"@id\":\"https:\\\/\\\/www.mobilier-design-occasion.fr\\\/magazine\\\/#website\",\"url\":\"https:\\\/\\\/www.mobilier-design-occasion.fr\\\/magazine\\\/\",\"name\":\"Mobilier Design Magazine\",\"description\":\"\",\"publisher\":{\"@id\":\"https:\\\/\\\/www.mobilier-design-occasion.fr\\\/magazine\\\/#organization\"},\"potentialAction\":[{\"@type\":\"SearchAction\",\"target\":{\"@type\":\"EntryPoint\",\"urlTemplate\":\"https:\\\/\\\/www.mobilier-design-occasion.fr\\\/magazine\\\/?s={search_term_string}\"},\"query-input\":{\"@type\":\"PropertyValueSpecification\",\"valueRequired\":true,\"valueName\":\"search_term_string\"}}],\"inLanguage\":\"fr-FR\"},{\"@type\":\"Organization\",\"@id\":\"https:\\\/\\\/www.mobilier-design-occasion.fr\\\/magazine\\\/#organization\",\"name\":\"Mobilier Design Magazine\",\"url\":\"https:\\\/\\\/www.mobilier-design-occasion.fr\\\/magazine\\\/\",\"logo\":{\"@type\":\"ImageObject\",\"inLanguage\":\"fr-FR\",\"@id\":\"https:\\\/\\\/www.mobilier-design-occasion.fr\\\/magazine\\\/#\\\/schema\\\/logo\\\/image\\\/\",\"url\":\"https:\\\/\\\/www.mobilier-design-occasion.fr\\\/magazine\\\/wp-content\\\/uploads\\\/2024\\\/02\\\/android-chrome-192x192-1.png\",\"contentUrl\":\"https:\\\/\\\/www.mobilier-design-occasion.fr\\\/magazine\\\/wp-content\\\/uploads\\\/2024\\\/02\\\/android-chrome-192x192-1.png\",\"width\":192,\"height\":192,\"caption\":\"Mobilier Design Magazine\"},\"image\":{\"@id\":\"https:\\\/\\\/www.mobilier-design-occasion.fr\\\/magazine\\\/#\\\/schema\\\/logo\\\/image\\\/\"},\"sameAs\":[\"https:\\\/\\\/www.facebook.com\\\/mobilierdesignoccasion\"]},{\"@type\":\"Person\",\"@id\":\"https:\\\/\\\/www.mobilier-design-occasion.fr\\\/magazine\\\/#\\\/schema\\\/person\\\/5b2e5627a714ddadaaf8c9b886c55eff\",\"name\":\"Cyrielle Poirot\",\"image\":{\"@type\":\"ImageObject\",\"inLanguage\":\"fr-FR\",\"@id\":\"https:\\\/\\\/secure.gravatar.com\\\/avatar\\\/c8d2674e093b06894d8d1dc468b626bd752523471f3ac6e75f7c7a1400d40b4d?s=96&d=mm&r=g\",\"url\":\"https:\\\/\\\/secure.gravatar.com\\\/avatar\\\/c8d2674e093b06894d8d1dc468b626bd752523471f3ac6e75f7c7a1400d40b4d?s=96&d=mm&r=g\",\"contentUrl\":\"https:\\\/\\\/secure.gravatar.com\\\/avatar\\\/c8d2674e093b06894d8d1dc468b626bd752523471f3ac6e75f7c7a1400d40b4d?s=96&d=mm&r=g\",\"caption\":\"Cyrielle Poirot\"},\"description\":\"Cyrielle est passionn\u00e9e par la d\u00e9coration d'int\u00e9rieur et s'est sp\u00e9cialis\u00e9e depuis quelques ann\u00e9es dans l'\u00e9dition du site Mobilier-Design, avec une touche sp\u00e9cifique pour les produits d'occasion.\",\"sameAs\":[\"https:\\\/\\\/www.mobilier-design-occasion.fr\\\/magazine\"],\"url\":\"https:\\\/\\\/www.mobilier-design-occasion.fr\\\/magazine\\\/author\\\/cyrielle\\\/\"}]}<\/script>\n<!-- \/ Yoast SEO plugin. -->","yoast_head_json":{"title":"Vendez rapidement votre mobilier - Mobilier Design Magazine","robots":{"index":"index","follow":"follow","max-snippet":"max-snippet:-1","max-image-preview":"max-image-preview:large","max-video-preview":"max-video-preview:-1"},"canonical":"https:\/\/www.mobilier-design-occasion.fr\/magazine\/reussir-a-vendre-son-mobilier\/","og_locale":"fr_FR","og_type":"article","og_title":"Vendez rapidement votre mobilier - Mobilier Design Magazine","og_description":"3 millions de fran\u00e7ais d\u00e9m\u00e9nagent chaque ann\u00e9e. Dans 70 % des cas, le d\u00e9m\u00e9nagement est li\u00e9 \u00e0 un \u00e9v\u00e9nement familial: naissance, d\u00e9c\u00e8s, mariage, divorce\u2026 Des changements de vie qui favorisent bien souvent l&#8217;envie de renouveler son mobilier pour recommencer sur une nouvelle base. Si un fran\u00e7ais d\u00e9m\u00e9nage en moyenne un peu plus de 4 fois [&hellip;]","og_url":"https:\/\/www.mobilier-design-occasion.fr\/magazine\/reussir-a-vendre-son-mobilier\/","og_site_name":"Mobilier Design Magazine","article_publisher":"https:\/\/www.facebook.com\/mobilierdesignoccasion","article_published_time":"2022-03-25T10:54:31+00:00","article_modified_time":"2022-03-25T10:57:37+00:00","og_image":[{"width":1080,"height":1080,"url":"https:\/\/www.mobilier-design-occasion.fr\/magazine\/wp-content\/uploads\/2022\/03\/5-1.jpg","type":"image\/jpeg"}],"author":"Cyrielle Poirot","twitter_card":"summary_large_image","twitter_misc":{"\u00c9crit par":"Cyrielle Poirot","Dur\u00e9e de lecture estim\u00e9e":"6 minutes"},"schema":{"@context":"https:\/\/schema.org","@graph":[{"@type":"Article","@id":"https:\/\/www.mobilier-design-occasion.fr\/magazine\/reussir-a-vendre-son-mobilier\/#article","isPartOf":{"@id":"https:\/\/www.mobilier-design-occasion.fr\/magazine\/reussir-a-vendre-son-mobilier\/"},"author":{"name":"Cyrielle Poirot","@id":"https:\/\/www.mobilier-design-occasion.fr\/magazine\/#\/schema\/person\/5b2e5627a714ddadaaf8c9b886c55eff"},"headline":"Vendez rapidement votre mobilier","datePublished":"2022-03-25T10:54:31+00:00","dateModified":"2022-03-25T10:57:37+00:00","mainEntityOfPage":{"@id":"https:\/\/www.mobilier-design-occasion.fr\/magazine\/reussir-a-vendre-son-mobilier\/"},"wordCount":1203,"commentCount":2,"publisher":{"@id":"https:\/\/www.mobilier-design-occasion.fr\/magazine\/#organization"},"image":{"@id":"https:\/\/www.mobilier-design-occasion.fr\/magazine\/reussir-a-vendre-son-mobilier\/#primaryimage"},"thumbnailUrl":"https:\/\/www.mobilier-design-occasion.fr\/magazine\/wp-content\/uploads\/2022\/03\/5-1.jpg","articleSection":["Tendances"],"inLanguage":"fr-FR","potentialAction":[{"@type":"CommentAction","name":"Comment","target":["https:\/\/www.mobilier-design-occasion.fr\/magazine\/reussir-a-vendre-son-mobilier\/#respond"]}]},{"@type":"WebPage","@id":"https:\/\/www.mobilier-design-occasion.fr\/magazine\/reussir-a-vendre-son-mobilier\/","url":"https:\/\/www.mobilier-design-occasion.fr\/magazine\/reussir-a-vendre-son-mobilier\/","name":"Vendez rapidement votre mobilier - Mobilier Design Magazine","isPartOf":{"@id":"https:\/\/www.mobilier-design-occasion.fr\/magazine\/#website"},"primaryImageOfPage":{"@id":"https:\/\/www.mobilier-design-occasion.fr\/magazine\/reussir-a-vendre-son-mobilier\/#primaryimage"},"image":{"@id":"https:\/\/www.mobilier-design-occasion.fr\/magazine\/reussir-a-vendre-son-mobilier\/#primaryimage"},"thumbnailUrl":"https:\/\/www.mobilier-design-occasion.fr\/magazine\/wp-content\/uploads\/2022\/03\/5-1.jpg","datePublished":"2022-03-25T10:54:31+00:00","dateModified":"2022-03-25T10:57:37+00:00","breadcrumb":{"@id":"https:\/\/www.mobilier-design-occasion.fr\/magazine\/reussir-a-vendre-son-mobilier\/#breadcrumb"},"inLanguage":"fr-FR","potentialAction":[{"@type":"ReadAction","target":["https:\/\/www.mobilier-design-occasion.fr\/magazine\/reussir-a-vendre-son-mobilier\/"]}]},{"@type":"ImageObject","inLanguage":"fr-FR","@id":"https:\/\/www.mobilier-design-occasion.fr\/magazine\/reussir-a-vendre-son-mobilier\/#primaryimage","url":"https:\/\/www.mobilier-design-occasion.fr\/magazine\/wp-content\/uploads\/2022\/03\/5-1.jpg","contentUrl":"https:\/\/www.mobilier-design-occasion.fr\/magazine\/wp-content\/uploads\/2022\/03\/5-1.jpg","width":1080,"height":1080},{"@type":"BreadcrumbList","@id":"https:\/\/www.mobilier-design-occasion.fr\/magazine\/reussir-a-vendre-son-mobilier\/#breadcrumb","itemListElement":[{"@type":"ListItem","position":1,"name":"Accueil","item":"https:\/\/www.mobilier-design-occasion.fr\/magazine\/"},{"@type":"ListItem","position":2,"name":"Vendez rapidement votre mobilier"}]},{"@type":"WebSite","@id":"https:\/\/www.mobilier-design-occasion.fr\/magazine\/#website","url":"https:\/\/www.mobilier-design-occasion.fr\/magazine\/","name":"Mobilier Design Magazine","description":"","publisher":{"@id":"https:\/\/www.mobilier-design-occasion.fr\/magazine\/#organization"},"potentialAction":[{"@type":"SearchAction","target":{"@type":"EntryPoint","urlTemplate":"https:\/\/www.mobilier-design-occasion.fr\/magazine\/?s={search_term_string}"},"query-input":{"@type":"PropertyValueSpecification","valueRequired":true,"valueName":"search_term_string"}}],"inLanguage":"fr-FR"},{"@type":"Organization","@id":"https:\/\/www.mobilier-design-occasion.fr\/magazine\/#organization","name":"Mobilier Design Magazine","url":"https:\/\/www.mobilier-design-occasion.fr\/magazine\/","logo":{"@type":"ImageObject","inLanguage":"fr-FR","@id":"https:\/\/www.mobilier-design-occasion.fr\/magazine\/#\/schema\/logo\/image\/","url":"https:\/\/www.mobilier-design-occasion.fr\/magazine\/wp-content\/uploads\/2024\/02\/android-chrome-192x192-1.png","contentUrl":"https:\/\/www.mobilier-design-occasion.fr\/magazine\/wp-content\/uploads\/2024\/02\/android-chrome-192x192-1.png","width":192,"height":192,"caption":"Mobilier Design Magazine"},"image":{"@id":"https:\/\/www.mobilier-design-occasion.fr\/magazine\/#\/schema\/logo\/image\/"},"sameAs":["https:\/\/www.facebook.com\/mobilierdesignoccasion"]},{"@type":"Person","@id":"https:\/\/www.mobilier-design-occasion.fr\/magazine\/#\/schema\/person\/5b2e5627a714ddadaaf8c9b886c55eff","name":"Cyrielle Poirot","image":{"@type":"ImageObject","inLanguage":"fr-FR","@id":"https:\/\/secure.gravatar.com\/avatar\/c8d2674e093b06894d8d1dc468b626bd752523471f3ac6e75f7c7a1400d40b4d?s=96&d=mm&r=g","url":"https:\/\/secure.gravatar.com\/avatar\/c8d2674e093b06894d8d1dc468b626bd752523471f3ac6e75f7c7a1400d40b4d?s=96&d=mm&r=g","contentUrl":"https:\/\/secure.gravatar.com\/avatar\/c8d2674e093b06894d8d1dc468b626bd752523471f3ac6e75f7c7a1400d40b4d?s=96&d=mm&r=g","caption":"Cyrielle Poirot"},"description":"Cyrielle est passionn\u00e9e par la d\u00e9coration d'int\u00e9rieur et s'est sp\u00e9cialis\u00e9e depuis quelques ann\u00e9es dans l'\u00e9dition du site Mobilier-Design, avec une touche sp\u00e9cifique pour les produits d'occasion.","sameAs":["https:\/\/www.mobilier-design-occasion.fr\/magazine"],"url":"https:\/\/www.mobilier-design-occasion.fr\/magazine\/author\/cyrielle\/"}]}},"_links":{"self":[{"href":"https:\/\/www.mobilier-design-occasion.fr\/magazine\/wp-json\/wp\/v2\/posts\/3907","targetHints":{"allow":["GET"]}}],"collection":[{"href":"https:\/\/www.mobilier-design-occasion.fr\/magazine\/wp-json\/wp\/v2\/posts"}],"about":[{"href":"https:\/\/www.mobilier-design-occasion.fr\/magazine\/wp-json\/wp\/v2\/types\/post"}],"author":[{"embeddable":true,"href":"https:\/\/www.mobilier-design-occasion.fr\/magazine\/wp-json\/wp\/v2\/users\/1"}],"replies":[{"embeddable":true,"href":"https:\/\/www.mobilier-design-occasion.fr\/magazine\/wp-json\/wp\/v2\/comments?post=3907"}],"version-history":[{"count":5,"href":"https:\/\/www.mobilier-design-occasion.fr\/magazine\/wp-json\/wp\/v2\/posts\/3907\/revisions"}],"predecessor-version":[{"id":3922,"href":"https:\/\/www.mobilier-design-occasion.fr\/magazine\/wp-json\/wp\/v2\/posts\/3907\/revisions\/3922"}],"wp:featuredmedia":[{"embeddable":true,"href":"https:\/\/www.mobilier-design-occasion.fr\/magazine\/wp-json\/wp\/v2\/media\/3920"}],"wp:attachment":[{"href":"https:\/\/www.mobilier-design-occasion.fr\/magazine\/wp-json\/wp\/v2\/media?parent=3907"}],"wp:term":[{"taxonomy":"category","embeddable":true,"href":"https:\/\/www.mobilier-design-occasion.fr\/magazine\/wp-json\/wp\/v2\/categories?post=3907"},{"taxonomy":"post_tag","embeddable":true,"href":"https:\/\/www.mobilier-design-occasion.fr\/magazine\/wp-json\/wp\/v2\/tags?post=3907"}],"curies":[{"name":"wp","href":"https:\/\/api.w.org\/{rel}","templated":true}]}}