{"id":3536,"date":"2022-03-13T09:02:45","date_gmt":"2022-03-13T09:02:45","guid":{"rendered":"https:\/\/www.mobilier-design-occasion.fr\/magazine\/?p=3536"},"modified":"2022-03-13T09:02:52","modified_gmt":"2022-03-13T09:02:52","slug":"comment-garder-en-tout-temps-le-toit-de-votre-maison-en-bon-etat","status":"publish","type":"post","link":"https:\/\/www.mobilier-design-occasion.fr\/magazine\/comment-garder-en-tout-temps-le-toit-de-votre-maison-en-bon-etat\/","title":{"rendered":"Comment garder en tout temps le toit de votre maison en bon \u00e9tat\u2009?"},"content":{"rendered":"\n<p>La toiture d\u2019une maison est un \u00e9l\u00e9ment capital qui doit faire l\u2019objet d\u2019une attention particuli\u00e8re. En effet, lorsqu\u2019elle est n\u00e9glig\u00e9e, elle finit par se d\u00e9grader et les d\u00e9penses pour la r\u00e9parer ou installer une nouvelle toiture peuvent \u00eatre importantes. Cependant, des&nbsp;<strong>pr\u00e9cautions toutes simples<\/strong>&nbsp;peuvent permettre de&nbsp;<strong>garder votre toit en bon \u00e9tat<\/strong>&nbsp;en tout temps.<\/p>\n\n\n\n<h2 class=\"wp-block-heading\">Inspectez r\u00e9guli\u00e8rement votre toiture<\/h2>\n\n\n\n<p>N\u2019attendez pas que des fuites d\u2019eau se d\u00e9clenchent, ou que votre toiture soit recouverte de mousses avant de l\u2019inspecter. Faites-en une&nbsp;<strong>t\u00e2che r\u00e9guli\u00e8re<\/strong>&nbsp;\u00e0 accomplir. C\u2019est en effet une excellente d\u00e9marche de pr\u00e9vention \u00e0 mettre en place au moins une fois chaque ann\u00e9e. Vous pouvez confier cette t\u00e2che \u00e0 un professionnel couvreur qui saura entretenir ad\u00e9quatement votre toiture et&nbsp;<strong>d\u00e9tecter au plus t\u00f4t un \u00e9ventuel probl\u00e8me<\/strong>.<\/p>\n\n\n\n<h2 class=\"wp-block-heading\">En cas de signes de d\u00e9gradation de toiture, faites rapidement appel \u00e0 un professionnel<\/h2>\n\n\n\n<p>Certains signes ne trompent pas en mati\u00e8re de toiture&nbsp;:<\/p>\n\n\n\n<ul class=\"wp-block-list\"><li>Vous constatez&nbsp;<strong>une fuite d\u2019eau<\/strong>&nbsp;suite \u00e0 un orage qui a endommag\u00e9 vos tuiles ;<\/li><li>La toiture est en tr\u00e8s mauvais \u00e9tat avec des&nbsp;<strong>mousses et champignons<\/strong>&nbsp;qui la recouvrent ;<\/li><li><strong>Vos goutti\u00e8res sont carr\u00e9ment bouch\u00e9es<\/strong>.<\/li><\/ul>\n\n\n\n<p>Ce sont des indicateurs qui montrent que vous devrez&nbsp;<strong>faire appel \u00e0 un professionnel en toiture<\/strong>&nbsp;comme&nbsp;<a href=\"https:\/\/cl-couverture.fr\/couvreur-verrieres-le-buisson\/\">cl couverture<\/a>&nbsp;pour une intervention rapide et efficace.<\/p>\n\n\n\n<p>Il est pr\u00e9f\u00e9rable d\u2019inspecter souvent votre toiture ou de faire appel \u00e0 un professionnel d\u00e8s que vous remarquez des probl\u00e8mes. Le co\u00fbt d\u2019une&nbsp;<strong>r\u00e9novation compl\u00e8te de votre toit&nbsp;<\/strong>est assez cons\u00e9quent, et il vaut mieux ne pas attendre d\u2019arriver \u00e0 ce stade avant de recourir \u00e0 l\u2019aide d\u2019un professionnel en couverture.<\/p>\n","protected":false},"excerpt":{"rendered":"<p>La toiture d\u2019une maison est un \u00e9l\u00e9ment capital qui doit faire l\u2019objet d\u2019une attention particuli\u00e8re. En effet, lorsqu\u2019elle est n\u00e9glig\u00e9e, elle finit par se d\u00e9grader et les d\u00e9penses pour la r\u00e9parer ou installer une nouvelle toiture peuvent \u00eatre importantes. Cependant, des&nbsp;pr\u00e9cautions toutes simples&nbsp;peuvent permettre de&nbsp;garder votre toit en bon \u00e9tat&nbsp;en tout temps. Inspectez r\u00e9guli\u00e8rement votre [&hellip;]<\/p>\n","protected":false},"author":1,"featured_media":3537,"comment_status":"open","ping_status":"open","sticky":false,"template":"","format":"standard","meta":{"footnotes":""},"categories":[2],"tags":[],"class_list":["post-3536","post","type-post","status-publish","format-standard","has-post-thumbnail","hentry","category-tendances"],"yoast_head":"<!-- This site is optimized with the Yoast SEO plugin v27.5 - https:\/\/yoast.com\/product\/yoast-seo-wordpress\/ -->\n<title>Comment garder en tout temps le toit de votre maison en bon \u00e9tat\u2009? - Mobilier Design Magazine<\/title>\n<meta name=\"robots\" content=\"index, follow, max-snippet:-1, max-image-preview:large, max-video-preview:-1\" \/>\n<link rel=\"canonical\" href=\"https:\/\/www.mobilier-design-occasion.fr\/magazine\/comment-garder-en-tout-temps-le-toit-de-votre-maison-en-bon-etat\/\" \/>\n<meta property=\"og:locale\" content=\"fr_FR\" \/>\n<meta property=\"og:type\" content=\"article\" \/>\n<meta property=\"og:title\" content=\"Comment garder en tout temps le toit de votre maison en bon \u00e9tat\u2009? - Mobilier Design Magazine\" \/>\n<meta property=\"og:description\" content=\"La toiture d\u2019une maison est un \u00e9l\u00e9ment capital qui doit faire l\u2019objet d\u2019une attention particuli\u00e8re. En effet, lorsqu\u2019elle est n\u00e9glig\u00e9e, elle finit par se d\u00e9grader et les d\u00e9penses pour la r\u00e9parer ou installer une nouvelle toiture peuvent \u00eatre importantes. Cependant, des&nbsp;pr\u00e9cautions toutes simples&nbsp;peuvent permettre de&nbsp;garder votre toit en bon \u00e9tat&nbsp;en tout temps. Inspectez r\u00e9guli\u00e8rement votre [&hellip;]\" \/>\n<meta property=\"og:url\" content=\"https:\/\/www.mobilier-design-occasion.fr\/magazine\/comment-garder-en-tout-temps-le-toit-de-votre-maison-en-bon-etat\/\" \/>\n<meta property=\"og:site_name\" content=\"Mobilier Design Magazine\" \/>\n<meta property=\"article:publisher\" content=\"https:\/\/www.facebook.com\/mobilierdesignoccasion\" \/>\n<meta property=\"article:published_time\" content=\"2022-03-13T09:02:45+00:00\" \/>\n<meta property=\"article:modified_time\" content=\"2022-03-13T09:02:52+00:00\" \/>\n<meta property=\"og:image\" content=\"https:\/\/www.mobilier-design-occasion.fr\/magazine\/wp-content\/uploads\/2022\/03\/1-1.jpg\" \/>\n\t<meta property=\"og:image:width\" content=\"1080\" \/>\n\t<meta property=\"og:image:height\" content=\"1080\" \/>\n\t<meta property=\"og:image:type\" content=\"image\/jpeg\" \/>\n<meta name=\"author\" content=\"Cyrielle Poirot\" \/>\n<meta name=\"twitter:card\" content=\"summary_large_image\" \/>\n<meta name=\"twitter:label1\" content=\"\u00c9crit par\" \/>\n\t<meta name=\"twitter:data1\" content=\"Cyrielle Poirot\" \/>\n\t<meta name=\"twitter:label2\" content=\"Dur\u00e9e de lecture estim\u00e9e\" \/>\n\t<meta name=\"twitter:data2\" content=\"2 minutes\" \/>\n<script type=\"application\/ld+json\" class=\"yoast-schema-graph\">{\"@context\":\"https:\\\/\\\/schema.org\",\"@graph\":[{\"@type\":\"Article\",\"@id\":\"https:\\\/\\\/www.mobilier-design-occasion.fr\\\/magazine\\\/comment-garder-en-tout-temps-le-toit-de-votre-maison-en-bon-etat\\\/#article\",\"isPartOf\":{\"@id\":\"https:\\\/\\\/www.mobilier-design-occasion.fr\\\/magazine\\\/comment-garder-en-tout-temps-le-toit-de-votre-maison-en-bon-etat\\\/\"},\"author\":{\"name\":\"Cyrielle Poirot\",\"@id\":\"https:\\\/\\\/www.mobilier-design-occasion.fr\\\/magazine\\\/#\\\/schema\\\/person\\\/5b2e5627a714ddadaaf8c9b886c55eff\"},\"headline\":\"Comment garder en tout temps le toit de votre maison en bon \u00e9tat\u2009?\",\"datePublished\":\"2022-03-13T09:02:45+00:00\",\"dateModified\":\"2022-03-13T09:02:52+00:00\",\"mainEntityOfPage\":{\"@id\":\"https:\\\/\\\/www.mobilier-design-occasion.fr\\\/magazine\\\/comment-garder-en-tout-temps-le-toit-de-votre-maison-en-bon-etat\\\/\"},\"wordCount\":331,\"commentCount\":0,\"publisher\":{\"@id\":\"https:\\\/\\\/www.mobilier-design-occasion.fr\\\/magazine\\\/#organization\"},\"image\":{\"@id\":\"https:\\\/\\\/www.mobilier-design-occasion.fr\\\/magazine\\\/comment-garder-en-tout-temps-le-toit-de-votre-maison-en-bon-etat\\\/#primaryimage\"},\"thumbnailUrl\":\"https:\\\/\\\/www.mobilier-design-occasion.fr\\\/magazine\\\/wp-content\\\/uploads\\\/2022\\\/03\\\/1-1.jpg\",\"articleSection\":[\"Tendances\"],\"inLanguage\":\"fr-FR\",\"potentialAction\":[{\"@type\":\"CommentAction\",\"name\":\"Comment\",\"target\":[\"https:\\\/\\\/www.mobilier-design-occasion.fr\\\/magazine\\\/comment-garder-en-tout-temps-le-toit-de-votre-maison-en-bon-etat\\\/#respond\"]}]},{\"@type\":\"WebPage\",\"@id\":\"https:\\\/\\\/www.mobilier-design-occasion.fr\\\/magazine\\\/comment-garder-en-tout-temps-le-toit-de-votre-maison-en-bon-etat\\\/\",\"url\":\"https:\\\/\\\/www.mobilier-design-occasion.fr\\\/magazine\\\/comment-garder-en-tout-temps-le-toit-de-votre-maison-en-bon-etat\\\/\",\"name\":\"Comment garder en tout temps le toit de votre maison en bon \u00e9tat\u2009? - Mobilier Design Magazine\",\"isPartOf\":{\"@id\":\"https:\\\/\\\/www.mobilier-design-occasion.fr\\\/magazine\\\/#website\"},\"primaryImageOfPage\":{\"@id\":\"https:\\\/\\\/www.mobilier-design-occasion.fr\\\/magazine\\\/comment-garder-en-tout-temps-le-toit-de-votre-maison-en-bon-etat\\\/#primaryimage\"},\"image\":{\"@id\":\"https:\\\/\\\/www.mobilier-design-occasion.fr\\\/magazine\\\/comment-garder-en-tout-temps-le-toit-de-votre-maison-en-bon-etat\\\/#primaryimage\"},\"thumbnailUrl\":\"https:\\\/\\\/www.mobilier-design-occasion.fr\\\/magazine\\\/wp-content\\\/uploads\\\/2022\\\/03\\\/1-1.jpg\",\"datePublished\":\"2022-03-13T09:02:45+00:00\",\"dateModified\":\"2022-03-13T09:02:52+00:00\",\"breadcrumb\":{\"@id\":\"https:\\\/\\\/www.mobilier-design-occasion.fr\\\/magazine\\\/comment-garder-en-tout-temps-le-toit-de-votre-maison-en-bon-etat\\\/#breadcrumb\"},\"inLanguage\":\"fr-FR\",\"potentialAction\":[{\"@type\":\"ReadAction\",\"target\":[\"https:\\\/\\\/www.mobilier-design-occasion.fr\\\/magazine\\\/comment-garder-en-tout-temps-le-toit-de-votre-maison-en-bon-etat\\\/\"]}]},{\"@type\":\"ImageObject\",\"inLanguage\":\"fr-FR\",\"@id\":\"https:\\\/\\\/www.mobilier-design-occasion.fr\\\/magazine\\\/comment-garder-en-tout-temps-le-toit-de-votre-maison-en-bon-etat\\\/#primaryimage\",\"url\":\"https:\\\/\\\/www.mobilier-design-occasion.fr\\\/magazine\\\/wp-content\\\/uploads\\\/2022\\\/03\\\/1-1.jpg\",\"contentUrl\":\"https:\\\/\\\/www.mobilier-design-occasion.fr\\\/magazine\\\/wp-content\\\/uploads\\\/2022\\\/03\\\/1-1.jpg\",\"width\":1080,\"height\":1080},{\"@type\":\"BreadcrumbList\",\"@id\":\"https:\\\/\\\/www.mobilier-design-occasion.fr\\\/magazine\\\/comment-garder-en-tout-temps-le-toit-de-votre-maison-en-bon-etat\\\/#breadcrumb\",\"itemListElement\":[{\"@type\":\"ListItem\",\"position\":1,\"name\":\"Accueil\",\"item\":\"https:\\\/\\\/www.mobilier-design-occasion.fr\\\/magazine\\\/\"},{\"@type\":\"ListItem\",\"position\":2,\"name\":\"Comment garder en tout temps le toit de votre maison en bon \u00e9tat\u2009?\"}]},{\"@type\":\"WebSite\",\"@id\":\"https:\\\/\\\/www.mobilier-design-occasion.fr\\\/magazine\\\/#website\",\"url\":\"https:\\\/\\\/www.mobilier-design-occasion.fr\\\/magazine\\\/\",\"name\":\"Mobilier Design Magazine\",\"description\":\"\",\"publisher\":{\"@id\":\"https:\\\/\\\/www.mobilier-design-occasion.fr\\\/magazine\\\/#organization\"},\"potentialAction\":[{\"@type\":\"SearchAction\",\"target\":{\"@type\":\"EntryPoint\",\"urlTemplate\":\"https:\\\/\\\/www.mobilier-design-occasion.fr\\\/magazine\\\/?s={search_term_string}\"},\"query-input\":{\"@type\":\"PropertyValueSpecification\",\"valueRequired\":true,\"valueName\":\"search_term_string\"}}],\"inLanguage\":\"fr-FR\"},{\"@type\":\"Organization\",\"@id\":\"https:\\\/\\\/www.mobilier-design-occasion.fr\\\/magazine\\\/#organization\",\"name\":\"Mobilier Design Magazine\",\"url\":\"https:\\\/\\\/www.mobilier-design-occasion.fr\\\/magazine\\\/\",\"logo\":{\"@type\":\"ImageObject\",\"inLanguage\":\"fr-FR\",\"@id\":\"https:\\\/\\\/www.mobilier-design-occasion.fr\\\/magazine\\\/#\\\/schema\\\/logo\\\/image\\\/\",\"url\":\"https:\\\/\\\/www.mobilier-design-occasion.fr\\\/magazine\\\/wp-content\\\/uploads\\\/2024\\\/02\\\/android-chrome-192x192-1.png\",\"contentUrl\":\"https:\\\/\\\/www.mobilier-design-occasion.fr\\\/magazine\\\/wp-content\\\/uploads\\\/2024\\\/02\\\/android-chrome-192x192-1.png\",\"width\":192,\"height\":192,\"caption\":\"Mobilier Design Magazine\"},\"image\":{\"@id\":\"https:\\\/\\\/www.mobilier-design-occasion.fr\\\/magazine\\\/#\\\/schema\\\/logo\\\/image\\\/\"},\"sameAs\":[\"https:\\\/\\\/www.facebook.com\\\/mobilierdesignoccasion\"]},{\"@type\":\"Person\",\"@id\":\"https:\\\/\\\/www.mobilier-design-occasion.fr\\\/magazine\\\/#\\\/schema\\\/person\\\/5b2e5627a714ddadaaf8c9b886c55eff\",\"name\":\"Cyrielle Poirot\",\"image\":{\"@type\":\"ImageObject\",\"inLanguage\":\"fr-FR\",\"@id\":\"https:\\\/\\\/secure.gravatar.com\\\/avatar\\\/c8d2674e093b06894d8d1dc468b626bd752523471f3ac6e75f7c7a1400d40b4d?s=96&d=mm&r=g\",\"url\":\"https:\\\/\\\/secure.gravatar.com\\\/avatar\\\/c8d2674e093b06894d8d1dc468b626bd752523471f3ac6e75f7c7a1400d40b4d?s=96&d=mm&r=g\",\"contentUrl\":\"https:\\\/\\\/secure.gravatar.com\\\/avatar\\\/c8d2674e093b06894d8d1dc468b626bd752523471f3ac6e75f7c7a1400d40b4d?s=96&d=mm&r=g\",\"caption\":\"Cyrielle Poirot\"},\"description\":\"Cyrielle est passionn\u00e9e par la d\u00e9coration d'int\u00e9rieur et s'est sp\u00e9cialis\u00e9e depuis quelques ann\u00e9es dans l'\u00e9dition du site Mobilier-Design, avec une touche sp\u00e9cifique pour les produits d'occasion.\",\"sameAs\":[\"https:\\\/\\\/www.mobilier-design-occasion.fr\\\/magazine\"],\"url\":\"https:\\\/\\\/www.mobilier-design-occasion.fr\\\/magazine\\\/author\\\/cyrielle\\\/\"}]}<\/script>\n<!-- \/ Yoast SEO plugin. -->","yoast_head_json":{"title":"Comment garder en tout temps le toit de votre maison en bon \u00e9tat\u2009? - Mobilier Design Magazine","robots":{"index":"index","follow":"follow","max-snippet":"max-snippet:-1","max-image-preview":"max-image-preview:large","max-video-preview":"max-video-preview:-1"},"canonical":"https:\/\/www.mobilier-design-occasion.fr\/magazine\/comment-garder-en-tout-temps-le-toit-de-votre-maison-en-bon-etat\/","og_locale":"fr_FR","og_type":"article","og_title":"Comment garder en tout temps le toit de votre maison en bon \u00e9tat\u2009? - Mobilier Design Magazine","og_description":"La toiture d\u2019une maison est un \u00e9l\u00e9ment capital qui doit faire l\u2019objet d\u2019une attention particuli\u00e8re. En effet, lorsqu\u2019elle est n\u00e9glig\u00e9e, elle finit par se d\u00e9grader et les d\u00e9penses pour la r\u00e9parer ou installer une nouvelle toiture peuvent \u00eatre importantes. Cependant, des&nbsp;pr\u00e9cautions toutes simples&nbsp;peuvent permettre de&nbsp;garder votre toit en bon \u00e9tat&nbsp;en tout temps. Inspectez r\u00e9guli\u00e8rement votre [&hellip;]","og_url":"https:\/\/www.mobilier-design-occasion.fr\/magazine\/comment-garder-en-tout-temps-le-toit-de-votre-maison-en-bon-etat\/","og_site_name":"Mobilier Design Magazine","article_publisher":"https:\/\/www.facebook.com\/mobilierdesignoccasion","article_published_time":"2022-03-13T09:02:45+00:00","article_modified_time":"2022-03-13T09:02:52+00:00","og_image":[{"width":1080,"height":1080,"url":"https:\/\/www.mobilier-design-occasion.fr\/magazine\/wp-content\/uploads\/2022\/03\/1-1.jpg","type":"image\/jpeg"}],"author":"Cyrielle Poirot","twitter_card":"summary_large_image","twitter_misc":{"\u00c9crit par":"Cyrielle Poirot","Dur\u00e9e de lecture estim\u00e9e":"2 minutes"},"schema":{"@context":"https:\/\/schema.org","@graph":[{"@type":"Article","@id":"https:\/\/www.mobilier-design-occasion.fr\/magazine\/comment-garder-en-tout-temps-le-toit-de-votre-maison-en-bon-etat\/#article","isPartOf":{"@id":"https:\/\/www.mobilier-design-occasion.fr\/magazine\/comment-garder-en-tout-temps-le-toit-de-votre-maison-en-bon-etat\/"},"author":{"name":"Cyrielle Poirot","@id":"https:\/\/www.mobilier-design-occasion.fr\/magazine\/#\/schema\/person\/5b2e5627a714ddadaaf8c9b886c55eff"},"headline":"Comment garder en tout temps le toit de votre maison en bon \u00e9tat\u2009?","datePublished":"2022-03-13T09:02:45+00:00","dateModified":"2022-03-13T09:02:52+00:00","mainEntityOfPage":{"@id":"https:\/\/www.mobilier-design-occasion.fr\/magazine\/comment-garder-en-tout-temps-le-toit-de-votre-maison-en-bon-etat\/"},"wordCount":331,"commentCount":0,"publisher":{"@id":"https:\/\/www.mobilier-design-occasion.fr\/magazine\/#organization"},"image":{"@id":"https:\/\/www.mobilier-design-occasion.fr\/magazine\/comment-garder-en-tout-temps-le-toit-de-votre-maison-en-bon-etat\/#primaryimage"},"thumbnailUrl":"https:\/\/www.mobilier-design-occasion.fr\/magazine\/wp-content\/uploads\/2022\/03\/1-1.jpg","articleSection":["Tendances"],"inLanguage":"fr-FR","potentialAction":[{"@type":"CommentAction","name":"Comment","target":["https:\/\/www.mobilier-design-occasion.fr\/magazine\/comment-garder-en-tout-temps-le-toit-de-votre-maison-en-bon-etat\/#respond"]}]},{"@type":"WebPage","@id":"https:\/\/www.mobilier-design-occasion.fr\/magazine\/comment-garder-en-tout-temps-le-toit-de-votre-maison-en-bon-etat\/","url":"https:\/\/www.mobilier-design-occasion.fr\/magazine\/comment-garder-en-tout-temps-le-toit-de-votre-maison-en-bon-etat\/","name":"Comment garder en tout temps le toit de votre maison en bon \u00e9tat\u2009? - Mobilier Design Magazine","isPartOf":{"@id":"https:\/\/www.mobilier-design-occasion.fr\/magazine\/#website"},"primaryImageOfPage":{"@id":"https:\/\/www.mobilier-design-occasion.fr\/magazine\/comment-garder-en-tout-temps-le-toit-de-votre-maison-en-bon-etat\/#primaryimage"},"image":{"@id":"https:\/\/www.mobilier-design-occasion.fr\/magazine\/comment-garder-en-tout-temps-le-toit-de-votre-maison-en-bon-etat\/#primaryimage"},"thumbnailUrl":"https:\/\/www.mobilier-design-occasion.fr\/magazine\/wp-content\/uploads\/2022\/03\/1-1.jpg","datePublished":"2022-03-13T09:02:45+00:00","dateModified":"2022-03-13T09:02:52+00:00","breadcrumb":{"@id":"https:\/\/www.mobilier-design-occasion.fr\/magazine\/comment-garder-en-tout-temps-le-toit-de-votre-maison-en-bon-etat\/#breadcrumb"},"inLanguage":"fr-FR","potentialAction":[{"@type":"ReadAction","target":["https:\/\/www.mobilier-design-occasion.fr\/magazine\/comment-garder-en-tout-temps-le-toit-de-votre-maison-en-bon-etat\/"]}]},{"@type":"ImageObject","inLanguage":"fr-FR","@id":"https:\/\/www.mobilier-design-occasion.fr\/magazine\/comment-garder-en-tout-temps-le-toit-de-votre-maison-en-bon-etat\/#primaryimage","url":"https:\/\/www.mobilier-design-occasion.fr\/magazine\/wp-content\/uploads\/2022\/03\/1-1.jpg","contentUrl":"https:\/\/www.mobilier-design-occasion.fr\/magazine\/wp-content\/uploads\/2022\/03\/1-1.jpg","width":1080,"height":1080},{"@type":"BreadcrumbList","@id":"https:\/\/www.mobilier-design-occasion.fr\/magazine\/comment-garder-en-tout-temps-le-toit-de-votre-maison-en-bon-etat\/#breadcrumb","itemListElement":[{"@type":"ListItem","position":1,"name":"Accueil","item":"https:\/\/www.mobilier-design-occasion.fr\/magazine\/"},{"@type":"ListItem","position":2,"name":"Comment garder en tout temps le toit de votre maison en bon \u00e9tat\u2009?"}]},{"@type":"WebSite","@id":"https:\/\/www.mobilier-design-occasion.fr\/magazine\/#website","url":"https:\/\/www.mobilier-design-occasion.fr\/magazine\/","name":"Mobilier Design Magazine","description":"","publisher":{"@id":"https:\/\/www.mobilier-design-occasion.fr\/magazine\/#organization"},"potentialAction":[{"@type":"SearchAction","target":{"@type":"EntryPoint","urlTemplate":"https:\/\/www.mobilier-design-occasion.fr\/magazine\/?s={search_term_string}"},"query-input":{"@type":"PropertyValueSpecification","valueRequired":true,"valueName":"search_term_string"}}],"inLanguage":"fr-FR"},{"@type":"Organization","@id":"https:\/\/www.mobilier-design-occasion.fr\/magazine\/#organization","name":"Mobilier Design Magazine","url":"https:\/\/www.mobilier-design-occasion.fr\/magazine\/","logo":{"@type":"ImageObject","inLanguage":"fr-FR","@id":"https:\/\/www.mobilier-design-occasion.fr\/magazine\/#\/schema\/logo\/image\/","url":"https:\/\/www.mobilier-design-occasion.fr\/magazine\/wp-content\/uploads\/2024\/02\/android-chrome-192x192-1.png","contentUrl":"https:\/\/www.mobilier-design-occasion.fr\/magazine\/wp-content\/uploads\/2024\/02\/android-chrome-192x192-1.png","width":192,"height":192,"caption":"Mobilier Design Magazine"},"image":{"@id":"https:\/\/www.mobilier-design-occasion.fr\/magazine\/#\/schema\/logo\/image\/"},"sameAs":["https:\/\/www.facebook.com\/mobilierdesignoccasion"]},{"@type":"Person","@id":"https:\/\/www.mobilier-design-occasion.fr\/magazine\/#\/schema\/person\/5b2e5627a714ddadaaf8c9b886c55eff","name":"Cyrielle Poirot","image":{"@type":"ImageObject","inLanguage":"fr-FR","@id":"https:\/\/secure.gravatar.com\/avatar\/c8d2674e093b06894d8d1dc468b626bd752523471f3ac6e75f7c7a1400d40b4d?s=96&d=mm&r=g","url":"https:\/\/secure.gravatar.com\/avatar\/c8d2674e093b06894d8d1dc468b626bd752523471f3ac6e75f7c7a1400d40b4d?s=96&d=mm&r=g","contentUrl":"https:\/\/secure.gravatar.com\/avatar\/c8d2674e093b06894d8d1dc468b626bd752523471f3ac6e75f7c7a1400d40b4d?s=96&d=mm&r=g","caption":"Cyrielle Poirot"},"description":"Cyrielle est passionn\u00e9e par la d\u00e9coration d'int\u00e9rieur et s'est sp\u00e9cialis\u00e9e depuis quelques ann\u00e9es dans l'\u00e9dition du site Mobilier-Design, avec une touche sp\u00e9cifique pour les produits d'occasion.","sameAs":["https:\/\/www.mobilier-design-occasion.fr\/magazine"],"url":"https:\/\/www.mobilier-design-occasion.fr\/magazine\/author\/cyrielle\/"}]}},"_links":{"self":[{"href":"https:\/\/www.mobilier-design-occasion.fr\/magazine\/wp-json\/wp\/v2\/posts\/3536","targetHints":{"allow":["GET"]}}],"collection":[{"href":"https:\/\/www.mobilier-design-occasion.fr\/magazine\/wp-json\/wp\/v2\/posts"}],"about":[{"href":"https:\/\/www.mobilier-design-occasion.fr\/magazine\/wp-json\/wp\/v2\/types\/post"}],"author":[{"embeddable":true,"href":"https:\/\/www.mobilier-design-occasion.fr\/magazine\/wp-json\/wp\/v2\/users\/1"}],"replies":[{"embeddable":true,"href":"https:\/\/www.mobilier-design-occasion.fr\/magazine\/wp-json\/wp\/v2\/comments?post=3536"}],"version-history":[{"count":1,"href":"https:\/\/www.mobilier-design-occasion.fr\/magazine\/wp-json\/wp\/v2\/posts\/3536\/revisions"}],"predecessor-version":[{"id":3538,"href":"https:\/\/www.mobilier-design-occasion.fr\/magazine\/wp-json\/wp\/v2\/posts\/3536\/revisions\/3538"}],"wp:featuredmedia":[{"embeddable":true,"href":"https:\/\/www.mobilier-design-occasion.fr\/magazine\/wp-json\/wp\/v2\/media\/3537"}],"wp:attachment":[{"href":"https:\/\/www.mobilier-design-occasion.fr\/magazine\/wp-json\/wp\/v2\/media?parent=3536"}],"wp:term":[{"taxonomy":"category","embeddable":true,"href":"https:\/\/www.mobilier-design-occasion.fr\/magazine\/wp-json\/wp\/v2\/categories?post=3536"},{"taxonomy":"post_tag","embeddable":true,"href":"https:\/\/www.mobilier-design-occasion.fr\/magazine\/wp-json\/wp\/v2\/tags?post=3536"}],"curies":[{"name":"wp","href":"https:\/\/api.w.org\/{rel}","templated":true}]}}