{"id":3511,"date":"2022-03-14T14:54:38","date_gmt":"2022-03-14T14:54:38","guid":{"rendered":"https:\/\/www.mobilier-design-occasion.fr\/magazine\/?p=3511"},"modified":"2023-09-25T13:30:50","modified_gmt":"2023-09-25T13:30:50","slug":"avis-lit-cabane-ikea-catalogue-2022","status":"publish","type":"post","link":"https:\/\/www.mobilier-design-occasion.fr\/magazine\/avis-lit-cabane-ikea-catalogue-2022\/","title":{"rendered":"Avis lit cabane Ikea Catalogue 2023"},"content":{"rendered":"\n<p>Vous avez fait le choix d&#8217;opter pour un <a href=\"https:\/\/www.lelitcabane.fr\/collections\/lit-cabane-1\">lit cabane<\/a> pour la chambre de votre enfant et \u00e0 moins que d&#8217;avoir opt\u00e9 pour la fabrication maison en suivant un DIY, vous aurez probablement remarqu\u00e9 que les prix pour ce type de lit s&#8217;envolent.<\/p>\n\n\n\n<p>S&#8217;orienter vers le g\u00e9ant su\u00e9dois peut alors s&#8217;av\u00e9rer &#8211; comme souvent &#8211; un excellent rapport qualit\u00e9\/prix. D&#8217;autant plus que les inspirations pour le personnaliser le d\u00e9corer selon vos go\u00fbts (et celui de votre enfant!) sont nombreuses. <\/p>\n\n\n\n<p>Nous avons donc pris soin de regarder tous les mod\u00e8les pr\u00e9sents dans la collection du catalogue 2023 et nous vous donnons ici notre avis avec une analyse impartiale \ud83d\ude42<\/p>\n\n\n\n<h2 class=\"wp-block-heading\"><span class=\"ez-toc-section\" id=\"Lit_KURA_lincontournable\"><\/span>Lit KURA: l&#8217;incontournable<span class=\"ez-toc-section-end\"><\/span><\/h2><div id=\"ez-toc-container\" class=\"ez-toc-v2_0_82_2 counter-hierarchy ez-toc-counter ez-toc-grey ez-toc-container-direction\">\n<div class=\"ez-toc-title-container\">\n<span class=\"ez-toc-title-toggle\"><a href=\"#\" class=\"ez-toc-pull-right ez-toc-btn ez-toc-btn-xs ez-toc-btn-default ez-toc-toggle\" aria-label=\"Toggle Table of Content\"><span class=\"ez-toc-js-icon-con\"><span class=\"\"><span class=\"eztoc-hide\" style=\"display:none;\">Toggle<\/span><span class=\"ez-toc-icon-toggle-span\"><svg style=\"fill: #999;color:#999\" xmlns=\"http:\/\/www.w3.org\/2000\/svg\" class=\"list-377408\" width=\"20px\" height=\"20px\" viewBox=\"0 0 24 24\" fill=\"none\"><path d=\"M6 6H4v2h2V6zm14 0H8v2h12V6zM4 11h2v2H4v-2zm16 0H8v2h12v-2zM4 16h2v2H4v-2zm16 0H8v2h12v-2z\" fill=\"currentColor\"><\/path><\/svg><svg style=\"fill: #999;color:#999\" class=\"arrow-unsorted-368013\" xmlns=\"http:\/\/www.w3.org\/2000\/svg\" width=\"10px\" height=\"10px\" viewBox=\"0 0 24 24\" version=\"1.2\" baseProfile=\"tiny\"><path d=\"M18.2 9.3l-6.2-6.3-6.2 6.3c-.2.2-.3.4-.3.7s.1.5.3.7c.2.2.4.3.7.3h11c.3 0 .5-.1.7-.3.2-.2.3-.5.3-.7s-.1-.5-.3-.7zM5.8 14.7l6.2 6.3 6.2-6.3c.2-.2.3-.5.3-.7s-.1-.5-.3-.7c-.2-.2-.4-.3-.7-.3h-11c-.3 0-.5.1-.7.3-.2.2-.3.5-.3.7s.1.5.3.7z\"\/><\/svg><\/span><\/span><\/span><\/a><\/span><\/div>\n<nav><ul class='ez-toc-list ez-toc-list-level-1 eztoc-toggle-hide-by-default' ><li class='ez-toc-page-1 ez-toc-heading-level-2'><a class=\"ez-toc-link ez-toc-heading-1\" href=\"https:\/\/www.mobilier-design-occasion.fr\/magazine\/avis-lit-cabane-ikea-catalogue-2022\/#Lit_KURA_lincontournable\" >Lit KURA: l&#8217;incontournable<\/a><ul class='ez-toc-list-level-3' ><li class='ez-toc-heading-level-3'><a class=\"ez-toc-link ez-toc-heading-2\" href=\"https:\/\/www.mobilier-design-occasion.fr\/magazine\/avis-lit-cabane-ikea-catalogue-2022\/#Idees_de_personnalisation_du_lit_Kura\" >Id\u00e9es de personnalisation du lit Kura<\/a><\/li><\/ul><\/li><li class='ez-toc-page-1 ez-toc-heading-level-2'><a class=\"ez-toc-link ez-toc-heading-3\" href=\"https:\/\/www.mobilier-design-occasion.fr\/magazine\/avis-lit-cabane-ikea-catalogue-2022\/#Autre_alternative_les_tentes_pour_lit_cabane\" >Autre alternative: les tentes pour lit cabane<\/a><ul class='ez-toc-list-level-3' ><li class='ez-toc-heading-level-3'><a class=\"ez-toc-link ez-toc-heading-4\" href=\"https:\/\/www.mobilier-design-occasion.fr\/magazine\/avis-lit-cabane-ikea-catalogue-2022\/#La_tente_de_lit_KURA_dinosaure\" >La tente de lit KURA dinosaure<\/a><\/li><li class='ez-toc-page-1 ez-toc-heading-level-3'><a class=\"ez-toc-link ez-toc-heading-5\" href=\"https:\/\/www.mobilier-design-occasion.fr\/magazine\/avis-lit-cabane-ikea-catalogue-2022\/#La_tente_de_lit_KURA_stand_de_marche\" >La tente de lit KURA stand de march\u00e9<\/a><\/li><\/ul><\/li><\/ul><\/nav><\/div>\n\n\n\n\n<p>Le lit Kura de chez Ikea est un lit \u00e0 la fois pratique, esth\u00e9tique et ludique. <\/p>\n\n\n\n<p>Disponible en 90x200cm pour 179\u20ac sur le site Ikea.fr, il a la particularit\u00e9 de pouvoir \u00eatre modulable:<\/p>\n\n\n\n<ul class=\"wp-block-list\">\n<li>La position avec le lit en bas et une structure pour cr\u00e9er un lit cabane.<\/li>\n<\/ul>\n\n\n\n<div class=\"wp-block-columns is-layout-flex wp-container-core-columns-is-layout-9d6595d7 wp-block-columns-is-layout-flex\">\n<div class=\"wp-block-column is-layout-flow wp-block-column-is-layout-flow\">\n<figure class=\"wp-block-image size-full\"><img loading=\"lazy\" decoding=\"async\" width=\"552\" height=\"362\" src=\"https:\/\/www.mobilier-design-occasion.fr\/magazine\/wp-content\/uploads\/2022\/03\/Capture-4.png\" alt=\"\" class=\"wp-image-3601\" srcset=\"https:\/\/www.mobilier-design-occasion.fr\/magazine\/wp-content\/uploads\/2022\/03\/Capture-4.png 552w, https:\/\/www.mobilier-design-occasion.fr\/magazine\/wp-content\/uploads\/2022\/03\/Capture-4-300x197.png 300w\" sizes=\"auto, (max-width: 552px) 100vw, 552px\" \/><\/figure>\n<\/div>\n\n\n\n<div class=\"wp-block-column is-layout-flow wp-block-column-is-layout-flow\"><\/div>\n<\/div>\n\n\n\n<ul class=\"wp-block-list\">\n<li>Et l&#8217;autre avec le lit plus en hauteur, qui permet d&#8217;avoir une seconde option d&#8217;am\u00e9nagement, notamment lorsque l&#8217;enfant grandit. <\/li>\n<\/ul>\n\n\n\n<div class=\"wp-block-columns is-layout-flex wp-container-core-columns-is-layout-9d6595d7 wp-block-columns-is-layout-flex\">\n<div class=\"wp-block-column is-layout-flow wp-block-column-is-layout-flow\">\n<figure class=\"wp-block-image size-full\"><img loading=\"lazy\" decoding=\"async\" width=\"572\" height=\"379\" src=\"https:\/\/www.mobilier-design-occasion.fr\/magazine\/wp-content\/uploads\/2022\/03\/Capture2.png\" alt=\"\" class=\"wp-image-3599\" srcset=\"https:\/\/www.mobilier-design-occasion.fr\/magazine\/wp-content\/uploads\/2022\/03\/Capture2.png 572w, https:\/\/www.mobilier-design-occasion.fr\/magazine\/wp-content\/uploads\/2022\/03\/Capture2-300x199.png 300w\" sizes=\"auto, (max-width: 572px) 100vw, 572px\" \/><\/figure>\n<\/div>\n\n\n\n<div class=\"wp-block-column is-layout-flow wp-block-column-is-layout-flow\"><\/div>\n<\/div>\n\n\n\n<p>Les avis des utilisateurs du lit cabane Ikea sont globalement <strong>tr\u00e8s positifs:<\/strong> <\/p>\n\n\n\n<ul class=\"wp-block-list\">\n<li>fonctionnement conforme aux attentes<\/li>\n\n\n\n<li>lit modulable en fonction de l&#8217;\u00e2ge mais pas que, par exemple l&#8217;\u00e9chelle peut \u00eatre pos\u00e9e aux pieds ou \u00e0 la t\u00eate. <\/li>\n\n\n\n<li>lit tr\u00e8s bien, simple et donne du cachet \u00e0 une chambre avec un espace plut\u00f4t restreint <\/li>\n\n\n\n<li>trop beau, le concept et juste g\u00e9nial pas besoin de racheter un lit dans 3ans. Les dimensions sont sympas pour ma puce: elle s&#8217;y est fait d\u00e8s la premi\u00e8re nuit<\/li>\n<\/ul>\n\n\n\n<p>Cependant, sa r\u00e9cente <strong>augmentation de prix<\/strong> de plus de 30\u20ac a fait grincer les dents des consommateurs. <\/p>\n\n\n\n<p>Le lit Kura \u00e9tant populaire depuis de nombreuses ann\u00e9es, il se retrouve tr\u00e8s souvent sur les sites habituels de <strong>seconde main<\/strong> et sur Marketplace, en excellent \u00e9tat et \u00e0 des prix d\u00e9fiants toute concurrence. <\/p>\n\n\n\n<p>Nous vous conseillons donc d&#8217;avoir le r\u00e9flexe<strong> de chiner en seconde main<\/strong>, cela vous permet d&#8217;\u00e9viter la frustration des ruptures de stock r\u00e9currentes chez Ikea depuis plus d&#8217;un an. Et puis, c&#8217;est bon pour la plan\u00e8te et votre portefeuille \ud83d\ude09<\/p>\n\n\n\n<h3 class=\"wp-block-heading\"><span class=\"ez-toc-section\" id=\"Idees_de_personnalisation_du_lit_Kura\"><\/span>Id\u00e9es de personnalisation du lit Kura<span class=\"ez-toc-section-end\"><\/span><\/h3>\n\n\n\n<p>De nombreux accessoires sont disponibles pour personnaliser votre lit cabane Kura d&#8217;Ikea. Sur le site lelitcabane.fr, vous trouverez une magnifique s\u00e9lection <a href=\"https:\/\/www.lelitcabane.fr\/collections\/accessoires-lit-kura\">de rideaux et ciels de lit<\/a> dans de nombreux coloris. De quoi d\u00e9corer facilement le lit \u00e0 moindre co\u00fbt!<\/p>\n\n\n\n<div class=\"wp-block-columns is-layout-flex wp-container-core-columns-is-layout-9d6595d7 wp-block-columns-is-layout-flex\">\n<div class=\"wp-block-column is-layout-flow wp-block-column-is-layout-flow\">\n<figure class=\"wp-block-image size-full\"><img loading=\"lazy\" decoding=\"async\" width=\"720\" height=\"960\" src=\"https:\/\/www.mobilier-design-occasion.fr\/magazine\/wp-content\/uploads\/2022\/03\/199888227_3971185799643823_637737967064837232_n.jpg\" alt=\"\" class=\"wp-image-3602\" srcset=\"https:\/\/www.mobilier-design-occasion.fr\/magazine\/wp-content\/uploads\/2022\/03\/199888227_3971185799643823_637737967064837232_n.jpg 720w, https:\/\/www.mobilier-design-occasion.fr\/magazine\/wp-content\/uploads\/2022\/03\/199888227_3971185799643823_637737967064837232_n-225x300.jpg 225w\" sizes=\"auto, (max-width: 720px) 100vw, 720px\" \/><figcaption class=\"wp-element-caption\">Source FB<\/figcaption><\/figure>\n<\/div>\n\n\n\n<div class=\"wp-block-column is-layout-flow wp-block-column-is-layout-flow\">\n<figure class=\"wp-block-image size-full\"><img loading=\"lazy\" decoding=\"async\" width=\"720\" height=\"960\" src=\"https:\/\/www.mobilier-design-occasion.fr\/magazine\/wp-content\/uploads\/2022\/03\/199673484_3971185902977146_7611253030643258913_n.jpg\" alt=\"\" class=\"wp-image-3603\" srcset=\"https:\/\/www.mobilier-design-occasion.fr\/magazine\/wp-content\/uploads\/2022\/03\/199673484_3971185902977146_7611253030643258913_n.jpg 720w, https:\/\/www.mobilier-design-occasion.fr\/magazine\/wp-content\/uploads\/2022\/03\/199673484_3971185902977146_7611253030643258913_n-225x300.jpg 225w\" sizes=\"auto, (max-width: 720px) 100vw, 720px\" \/><\/figure>\n<\/div>\n\n\n\n<div class=\"wp-block-column is-layout-flow wp-block-column-is-layout-flow\">\n<figure class=\"wp-block-image size-full\"><img loading=\"lazy\" decoding=\"async\" width=\"720\" height=\"960\" src=\"https:\/\/www.mobilier-design-occasion.fr\/magazine\/wp-content\/uploads\/2022\/03\/131443986_3971185376310532_7044850863273645529_n.jpg\" alt=\"\" class=\"wp-image-3604\" srcset=\"https:\/\/www.mobilier-design-occasion.fr\/magazine\/wp-content\/uploads\/2022\/03\/131443986_3971185376310532_7044850863273645529_n.jpg 720w, https:\/\/www.mobilier-design-occasion.fr\/magazine\/wp-content\/uploads\/2022\/03\/131443986_3971185376310532_7044850863273645529_n-225x300.jpg 225w\" sizes=\"auto, (max-width: 720px) 100vw, 720px\" \/><\/figure>\n<\/div>\n<\/div>\n\n\n\n<p>De nombreuses id\u00e9es de customisation pour le lit Kura sont \u00e9galement visibles dans <a href=\"https:\/\/www.lelitcabane.fr\/collections\/rideau-lit-kura-ikea\">cet article <\/a>qui r\u00e9v\u00e8le comment personnaliser votre lit Kura en moins de 15 minutes sans \u00eatre bricoleur. <\/p>\n\n\n\n<p>Nous avons s\u00e9lectionn\u00e9 pour vous d&#8217;autres id\u00e9es sympas et accessibles:<\/p>\n\n\n\n<div class=\"wp-block-columns is-layout-flex wp-container-core-columns-is-layout-9d6595d7 wp-block-columns-is-layout-flex\">\n<div class=\"wp-block-column is-layout-flow wp-block-column-is-layout-flow\">\n<figure class=\"wp-block-image size-full\"><img loading=\"lazy\" decoding=\"async\" width=\"540\" height=\"960\" src=\"https:\/\/www.mobilier-design-occasion.fr\/magazine\/wp-content\/uploads\/2022\/03\/180852217_10159066907263609_8705695142279488464_n.jpg\" alt=\"\" class=\"wp-image-3606\" srcset=\"https:\/\/www.mobilier-design-occasion.fr\/magazine\/wp-content\/uploads\/2022\/03\/180852217_10159066907263609_8705695142279488464_n.jpg 540w, https:\/\/www.mobilier-design-occasion.fr\/magazine\/wp-content\/uploads\/2022\/03\/180852217_10159066907263609_8705695142279488464_n-169x300.jpg 169w\" sizes=\"auto, (max-width: 540px) 100vw, 540px\" \/><\/figure>\n<\/div>\n\n\n\n<div class=\"wp-block-column is-layout-flow wp-block-column-is-layout-flow\"><\/div>\n<\/div>\n\n\n\n<div class=\"wp-block-columns is-layout-flex wp-container-core-columns-is-layout-9d6595d7 wp-block-columns-is-layout-flex\">\n<div class=\"wp-block-column is-layout-flow wp-block-column-is-layout-flow\">\n<figure class=\"wp-block-image size-full\"><img loading=\"lazy\" decoding=\"async\" width=\"720\" height=\"960\" src=\"https:\/\/www.mobilier-design-occasion.fr\/magazine\/wp-content\/uploads\/2022\/03\/131338461_10222166920256252_4937436941137744405_n.jpg\" alt=\"\" class=\"wp-image-3608\" srcset=\"https:\/\/www.mobilier-design-occasion.fr\/magazine\/wp-content\/uploads\/2022\/03\/131338461_10222166920256252_4937436941137744405_n.jpg 720w, https:\/\/www.mobilier-design-occasion.fr\/magazine\/wp-content\/uploads\/2022\/03\/131338461_10222166920256252_4937436941137744405_n-225x300.jpg 225w\" sizes=\"auto, (max-width: 720px) 100vw, 720px\" \/><\/figure>\n<\/div>\n\n\n\n<div class=\"wp-block-column is-layout-flow wp-block-column-is-layout-flow\">\n<figure class=\"wp-block-image size-full\"><img loading=\"lazy\" decoding=\"async\" width=\"720\" height=\"960\" src=\"https:\/\/www.mobilier-design-occasion.fr\/magazine\/wp-content\/uploads\/2022\/03\/249402348_10158770754764472_1584824223278827295_n.jpg\" alt=\"\" class=\"wp-image-3609\" srcset=\"https:\/\/www.mobilier-design-occasion.fr\/magazine\/wp-content\/uploads\/2022\/03\/249402348_10158770754764472_1584824223278827295_n.jpg 720w, https:\/\/www.mobilier-design-occasion.fr\/magazine\/wp-content\/uploads\/2022\/03\/249402348_10158770754764472_1584824223278827295_n-225x300.jpg 225w\" sizes=\"auto, (max-width: 720px) 100vw, 720px\" \/><\/figure>\n<\/div>\n<\/div>\n\n\n\n<div class=\"wp-block-columns is-layout-flex wp-container-core-columns-is-layout-9d6595d7 wp-block-columns-is-layout-flex\">\n<div class=\"wp-block-column is-layout-flow wp-block-column-is-layout-flow\">\n<figure class=\"wp-block-image size-full\"><img loading=\"lazy\" decoding=\"async\" width=\"798\" height=\"960\" src=\"https:\/\/www.mobilier-design-occasion.fr\/magazine\/wp-content\/uploads\/2022\/03\/200301950_10158409556869958_5155742757598639490_n-1.jpg\" alt=\"\" class=\"wp-image-3613\" srcset=\"https:\/\/www.mobilier-design-occasion.fr\/magazine\/wp-content\/uploads\/2022\/03\/200301950_10158409556869958_5155742757598639490_n-1.jpg 798w, https:\/\/www.mobilier-design-occasion.fr\/magazine\/wp-content\/uploads\/2022\/03\/200301950_10158409556869958_5155742757598639490_n-1-249x300.jpg 249w, https:\/\/www.mobilier-design-occasion.fr\/magazine\/wp-content\/uploads\/2022\/03\/200301950_10158409556869958_5155742757598639490_n-1-768x924.jpg 768w\" sizes=\"auto, (max-width: 798px) 100vw, 798px\" \/><\/figure>\n<\/div>\n\n\n\n<div class=\"wp-block-column is-layout-flow wp-block-column-is-layout-flow\"><\/div>\n<\/div>\n\n\n\n<div class=\"wp-block-columns is-layout-flex wp-container-core-columns-is-layout-9d6595d7 wp-block-columns-is-layout-flex\">\n<div class=\"wp-block-column is-layout-flow wp-block-column-is-layout-flow\">\n<figure class=\"wp-block-image size-full\"><img loading=\"lazy\" decoding=\"async\" width=\"550\" height=\"550\" src=\"https:\/\/www.mobilier-design-occasion.fr\/magazine\/wp-content\/uploads\/2022\/03\/b9ed6d3ce16e3f349190c4fb4785dc10.jpg\" alt=\"\" class=\"wp-image-3623\" srcset=\"https:\/\/www.mobilier-design-occasion.fr\/magazine\/wp-content\/uploads\/2022\/03\/b9ed6d3ce16e3f349190c4fb4785dc10.jpg 550w, https:\/\/www.mobilier-design-occasion.fr\/magazine\/wp-content\/uploads\/2022\/03\/b9ed6d3ce16e3f349190c4fb4785dc10-300x300.jpg 300w, https:\/\/www.mobilier-design-occasion.fr\/magazine\/wp-content\/uploads\/2022\/03\/b9ed6d3ce16e3f349190c4fb4785dc10-150x150.jpg 150w\" sizes=\"auto, (max-width: 550px) 100vw, 550px\" \/><\/figure>\n<\/div>\n\n\n\n<div class=\"wp-block-column is-layout-flow wp-block-column-is-layout-flow\"><\/div>\n<\/div>\n\n\n\n<div class=\"wp-block-columns is-layout-flex wp-container-core-columns-is-layout-9d6595d7 wp-block-columns-is-layout-flex\">\n<div class=\"wp-block-column is-layout-flow wp-block-column-is-layout-flow\">\n<figure class=\"wp-block-image size-full\"><img loading=\"lazy\" decoding=\"async\" width=\"564\" height=\"1002\" src=\"https:\/\/www.mobilier-design-occasion.fr\/magazine\/wp-content\/uploads\/2022\/03\/fa64101068363c5bd38073668c42ad21.jpg\" alt=\"\" class=\"wp-image-3625\" srcset=\"https:\/\/www.mobilier-design-occasion.fr\/magazine\/wp-content\/uploads\/2022\/03\/fa64101068363c5bd38073668c42ad21.jpg 564w, https:\/\/www.mobilier-design-occasion.fr\/magazine\/wp-content\/uploads\/2022\/03\/fa64101068363c5bd38073668c42ad21-169x300.jpg 169w\" sizes=\"auto, (max-width: 564px) 100vw, 564px\" \/><\/figure>\n<\/div>\n\n\n\n<div class=\"wp-block-column is-layout-flow wp-block-column-is-layout-flow\"><\/div>\n<\/div>\n\n\n\n<div class=\"wp-block-columns is-layout-flex wp-container-core-columns-is-layout-9d6595d7 wp-block-columns-is-layout-flex\">\n<div class=\"wp-block-column is-layout-flow wp-block-column-is-layout-flow\">\n<figure class=\"wp-block-image size-full\"><img loading=\"lazy\" decoding=\"async\" width=\"828\" height=\"941\" src=\"https:\/\/www.mobilier-design-occasion.fr\/magazine\/wp-content\/uploads\/2022\/03\/215055347_2997868337204105_3443098840141112706_n.jpg\" alt=\"\" class=\"wp-image-3626\" srcset=\"https:\/\/www.mobilier-design-occasion.fr\/magazine\/wp-content\/uploads\/2022\/03\/215055347_2997868337204105_3443098840141112706_n.jpg 828w, https:\/\/www.mobilier-design-occasion.fr\/magazine\/wp-content\/uploads\/2022\/03\/215055347_2997868337204105_3443098840141112706_n-264x300.jpg 264w, https:\/\/www.mobilier-design-occasion.fr\/magazine\/wp-content\/uploads\/2022\/03\/215055347_2997868337204105_3443098840141112706_n-768x873.jpg 768w, https:\/\/www.mobilier-design-occasion.fr\/magazine\/wp-content\/uploads\/2022\/03\/215055347_2997868337204105_3443098840141112706_n-810x921.jpg 810w\" sizes=\"auto, (max-width: 828px) 100vw, 828px\" \/><\/figure>\n<\/div>\n\n\n\n<div class=\"wp-block-column is-layout-flow wp-block-column-is-layout-flow\"><\/div>\n<\/div>\n\n\n\n<div class=\"wp-block-columns is-layout-flex wp-container-core-columns-is-layout-9d6595d7 wp-block-columns-is-layout-flex\">\n<div class=\"wp-block-column is-layout-flow wp-block-column-is-layout-flow\">\n<figure class=\"wp-block-image size-full\"><img loading=\"lazy\" decoding=\"async\" width=\"564\" height=\"790\" src=\"https:\/\/www.mobilier-design-occasion.fr\/magazine\/wp-content\/uploads\/2022\/03\/131933575_10158249329913509_1479260845089723166_n.jpg\" alt=\"\" class=\"wp-image-3628\" srcset=\"https:\/\/www.mobilier-design-occasion.fr\/magazine\/wp-content\/uploads\/2022\/03\/131933575_10158249329913509_1479260845089723166_n.jpg 564w, https:\/\/www.mobilier-design-occasion.fr\/magazine\/wp-content\/uploads\/2022\/03\/131933575_10158249329913509_1479260845089723166_n-214x300.jpg 214w\" sizes=\"auto, (max-width: 564px) 100vw, 564px\" \/><\/figure>\n<\/div>\n\n\n\n<div class=\"wp-block-column is-layout-flow wp-block-column-is-layout-flow\"><\/div>\n<\/div>\n\n\n\n<h2 class=\"wp-block-heading\"><span class=\"ez-toc-section\" id=\"Autre_alternative_les_tentes_pour_lit_cabane\"><\/span>Autre alternative: les tentes pour lit cabane<span class=\"ez-toc-section-end\"><\/span><\/h2>\n\n\n\n<p>Si votre enfant dispose d\u00e9j\u00e0 d&#8217;un lit ordinaire et vous ne disposez ni du budget ni de la possibilit\u00e9 de lui offrir un lit cabane, Ikea propose un excellent compromis: la tente de lit.<\/p>\n\n\n\n<h3 class=\"wp-block-heading\"><span class=\"ez-toc-section\" id=\"La_tente_de_lit_KURA_dinosaure\"><\/span>La tente de lit KURA dinosaure<span class=\"ez-toc-section-end\"><\/span><\/h3>\n\n\n\n<p>La tente de lit Kura dinosaure est une belle alternative, facile \u00e0 installer et peu co\u00fbteuse, elle s&#8217;adapte au lit 1 place de votre enfant et lui offre la possibilit\u00e9 d&#8217;avoir un lit cabane en quelques secondes \ud83d\ude42<\/p>\n\n\n\n<div class=\"wp-block-columns is-layout-flex wp-container-core-columns-is-layout-9d6595d7 wp-block-columns-is-layout-flex\">\n<div class=\"wp-block-column is-layout-flow wp-block-column-is-layout-flow\">\n<figure class=\"wp-block-image size-full\"><img loading=\"lazy\" decoding=\"async\" width=\"728\" height=\"701\" src=\"https:\/\/www.mobilier-design-occasion.fr\/magazine\/wp-content\/uploads\/2022\/03\/Capture-6.png\" alt=\"\" class=\"wp-image-3616\" srcset=\"https:\/\/www.mobilier-design-occasion.fr\/magazine\/wp-content\/uploads\/2022\/03\/Capture-6.png 728w, https:\/\/www.mobilier-design-occasion.fr\/magazine\/wp-content\/uploads\/2022\/03\/Capture-6-300x289.png 300w\" sizes=\"auto, (max-width: 728px) 100vw, 728px\" \/><\/figure>\n<\/div>\n\n\n\n<div class=\"wp-block-column is-layout-flow wp-block-column-is-layout-flow\"><\/div>\n<\/div>\n\n\n\n<p>Voici quelques avis d&#8217;utilisateurs l&#8217;ayant achet\u00e9e, voici <strong>les avis plut\u00f4t positifs<\/strong>:<\/p>\n\n\n\n<ul class=\"wp-block-list\">\n<li>La tente est tr\u00e8s jolie, les couleurs sont parfaites pour un effet cocooning. Seulement, pour le prix, la tente pourrais \u00eatre am\u00e9lior\u00e9e: Il n&#8217;y a pas d&#8217;attaches si l&#8217;ont veux relever la partie basse pour avoir acc\u00e8s plus facilement au dessous du lit.<\/li>\n\n\n\n<li>Bon article, notre petit est ravi de dormir sous une voute \u00e9toil\u00e9e !<\/li>\n\n\n\n<li>Rapide \u00e0 monter, enfant heureux !!<\/li>\n<\/ul>\n\n\n\n<p>Et <strong>les avis plut\u00f4t n\u00e9gatifs<\/strong>:<\/p>\n\n\n\n<ul class=\"wp-block-list\">\n<li>Tr\u00e8s bien, sauf les \u00e9toiles qui auraient pu \u00eatre fluorescentes vu le prix<\/li>\n\n\n\n<li>L&#8217;article en lui m\u00eame ca va sauf le motif, nous avons achet\u00e9 le lit Kura et voulions acheter la tente jungle mais plus en magasin car changement de d\u00e9cor. Cool des dinosaures sauf que trop sombre donc cauchemars c&#8217;est pour cela que je l&#8217;ai ramen\u00e9 au magasin.<\/li>\n<\/ul>\n\n\n\n<h3 class=\"wp-block-heading\"><span class=\"ez-toc-section\" id=\"La_tente_de_lit_KURA_stand_de_marche\"><\/span>La tente de lit KURA stand de march\u00e9<span class=\"ez-toc-section-end\"><\/span><\/h3>\n\n\n\n<p>C&#8217;est notre v\u00e9ritable coup de \u2764<\/p>\n\n\n\n<div class=\"wp-block-columns is-layout-flex wp-container-core-columns-is-layout-9d6595d7 wp-block-columns-is-layout-flex\">\n<div class=\"wp-block-column is-layout-flow wp-block-column-is-layout-flow\">\n<figure class=\"wp-block-image size-full\"><img loading=\"lazy\" decoding=\"async\" width=\"822\" height=\"537\" src=\"https:\/\/www.mobilier-design-occasion.fr\/magazine\/wp-content\/uploads\/2022\/03\/Capture-decran-2022-03-14-154525-1.jpg\" alt=\"\" class=\"wp-image-3620\" srcset=\"https:\/\/www.mobilier-design-occasion.fr\/magazine\/wp-content\/uploads\/2022\/03\/Capture-decran-2022-03-14-154525-1.jpg 822w, https:\/\/www.mobilier-design-occasion.fr\/magazine\/wp-content\/uploads\/2022\/03\/Capture-decran-2022-03-14-154525-1-300x196.jpg 300w, https:\/\/www.mobilier-design-occasion.fr\/magazine\/wp-content\/uploads\/2022\/03\/Capture-decran-2022-03-14-154525-1-768x502.jpg 768w, https:\/\/www.mobilier-design-occasion.fr\/magazine\/wp-content\/uploads\/2022\/03\/Capture-decran-2022-03-14-154525-1-810x529.jpg 810w\" sizes=\"auto, (max-width: 822px) 100vw, 822px\" \/><\/figure>\n<\/div>\n\n\n\n<div class=\"wp-block-column is-layout-flow wp-block-column-is-layout-flow\"><\/div>\n<\/div>\n\n\n\n<p>Cette tente de lit repr\u00e9sentant un stand de march\u00e9 est tellement mignonne. Vous ne trouvez pas? <\/p>\n\n\n\n<p>Tr\u00e8s pratique car elle peut \u00eatre utilis\u00e9e quel que soit le sens du lit et quel que soit l&#8217;endroit o\u00f9 vous installez l&#8217;\u00e9chelle, elle offre \u00e9galement la possibilit\u00e9 \u00e0 votre enfant de laisser libre cours \u00e0 son imagination.. des heures de jeux sont \u00e0 port\u00e9e de main!<\/p>\n\n\n\n<div class=\"wp-block-columns is-layout-flex wp-container-core-columns-is-layout-9d6595d7 wp-block-columns-is-layout-flex\">\n<div class=\"wp-block-column is-layout-flow wp-block-column-is-layout-flow\">\n<figure class=\"wp-block-image size-full\"><img loading=\"lazy\" decoding=\"async\" width=\"669\" height=\"560\" src=\"https:\/\/www.mobilier-design-occasion.fr\/magazine\/wp-content\/uploads\/2022\/03\/Capture3.png\" alt=\"\" class=\"wp-image-3618\" srcset=\"https:\/\/www.mobilier-design-occasion.fr\/magazine\/wp-content\/uploads\/2022\/03\/Capture3.png 669w, https:\/\/www.mobilier-design-occasion.fr\/magazine\/wp-content\/uploads\/2022\/03\/Capture3-300x251.png 300w\" sizes=\"auto, (max-width: 669px) 100vw, 669px\" \/><\/figure>\n<\/div>\n\n\n\n<div class=\"wp-block-column is-layout-flow wp-block-column-is-layout-flow\"><\/div>\n<\/div>\n\n\n\n<p>Pour vous faire votre propre avis, voici les avis des utilisateurs:<\/p>\n\n\n\n<ul class=\"wp-block-list\">\n<li>Tr\u00e8s astucieux et ludique<\/li>\n\n\n\n<li>Joli rendu, mais ne s&#8217;adapte pas parfaitement \u00e0 tous les lits<\/li>\n\n\n\n<li>Tr\u00e8s beau rideau de lit mais un peu cher. Accroche pratique mais avec plus de solution pour accrocher, serait un plus<\/li>\n\n\n\n<li>Simplicit\u00e9 de montage\/d\u2019installation au top<\/li>\n<\/ul>\n\n\n\n<p><\/p>\n","protected":false},"excerpt":{"rendered":"<p>Vous avez fait le choix d&#8217;opter pour un lit cabane pour la chambre de votre enfant et \u00e0 moins que d&#8217;avoir opt\u00e9 pour la fabrication maison en suivant un DIY, vous aurez probablement remarqu\u00e9 que les prix pour ce type de lit s&#8217;envolent. S&#8217;orienter vers le g\u00e9ant su\u00e9dois peut alors s&#8217;av\u00e9rer &#8211; comme souvent &#8211; [&hellip;]<\/p>\n","protected":false},"author":1,"featured_media":3627,"comment_status":"open","ping_status":"open","sticky":false,"template":"","format":"standard","meta":{"footnotes":""},"categories":[8,120,129],"tags":[],"class_list":["post-3511","post","type-post","status-publish","format-standard","has-post-thumbnail","hentry","category-avis","category-chambre","category-lit-cabane"],"yoast_head":"<!-- This site is optimized with the Yoast SEO plugin v27.5 - https:\/\/yoast.com\/product\/yoast-seo-wordpress\/ -->\n<title>Avis lit cabane Ikea Catalogue 2023 - Mobilier Design Magazine<\/title>\n<meta name=\"robots\" content=\"index, follow, max-snippet:-1, max-image-preview:large, max-video-preview:-1\" \/>\n<link rel=\"canonical\" href=\"https:\/\/www.mobilier-design-occasion.fr\/magazine\/avis-lit-cabane-ikea-catalogue-2022\/\" \/>\n<meta property=\"og:locale\" content=\"fr_FR\" \/>\n<meta property=\"og:type\" content=\"article\" \/>\n<meta property=\"og:title\" content=\"Avis lit cabane Ikea Catalogue 2023 - Mobilier Design Magazine\" \/>\n<meta property=\"og:description\" content=\"Vous avez fait le choix d&#8217;opter pour un lit cabane pour la chambre de votre enfant et \u00e0 moins que d&#8217;avoir opt\u00e9 pour la fabrication maison en suivant un DIY, vous aurez probablement remarqu\u00e9 que les prix pour ce type de lit s&#8217;envolent. S&#8217;orienter vers le g\u00e9ant su\u00e9dois peut alors s&#8217;av\u00e9rer &#8211; comme souvent &#8211; [&hellip;]\" \/>\n<meta property=\"og:url\" content=\"https:\/\/www.mobilier-design-occasion.fr\/magazine\/avis-lit-cabane-ikea-catalogue-2022\/\" \/>\n<meta property=\"og:site_name\" content=\"Mobilier Design Magazine\" \/>\n<meta property=\"article:publisher\" content=\"https:\/\/www.facebook.com\/mobilierdesignoccasion\" \/>\n<meta property=\"article:published_time\" content=\"2022-03-14T14:54:38+00:00\" \/>\n<meta property=\"article:modified_time\" content=\"2023-09-25T13:30:50+00:00\" \/>\n<meta property=\"og:image\" content=\"https:\/\/www.mobilier-design-occasion.fr\/magazine\/wp-content\/uploads\/2022\/03\/215055347_2997868337204105_3443098840141112706_n-1.jpg\" \/>\n\t<meta property=\"og:image:width\" content=\"828\" \/>\n\t<meta property=\"og:image:height\" content=\"941\" \/>\n\t<meta property=\"og:image:type\" content=\"image\/jpeg\" \/>\n<meta name=\"author\" content=\"Cyrielle Poirot\" \/>\n<meta name=\"twitter:card\" content=\"summary_large_image\" \/>\n<meta name=\"twitter:label1\" content=\"\u00c9crit par\" \/>\n\t<meta name=\"twitter:data1\" content=\"Cyrielle Poirot\" \/>\n\t<meta name=\"twitter:label2\" content=\"Dur\u00e9e de lecture estim\u00e9e\" \/>\n\t<meta name=\"twitter:data2\" content=\"4 minutes\" \/>\n<script type=\"application\/ld+json\" class=\"yoast-schema-graph\">{\"@context\":\"https:\\\/\\\/schema.org\",\"@graph\":[{\"@type\":\"Article\",\"@id\":\"https:\\\/\\\/www.mobilier-design-occasion.fr\\\/magazine\\\/avis-lit-cabane-ikea-catalogue-2022\\\/#article\",\"isPartOf\":{\"@id\":\"https:\\\/\\\/www.mobilier-design-occasion.fr\\\/magazine\\\/avis-lit-cabane-ikea-catalogue-2022\\\/\"},\"author\":{\"name\":\"Cyrielle Poirot\",\"@id\":\"https:\\\/\\\/www.mobilier-design-occasion.fr\\\/magazine\\\/#\\\/schema\\\/person\\\/5b2e5627a714ddadaaf8c9b886c55eff\"},\"headline\":\"Avis lit cabane Ikea Catalogue 2023\",\"datePublished\":\"2022-03-14T14:54:38+00:00\",\"dateModified\":\"2023-09-25T13:30:50+00:00\",\"mainEntityOfPage\":{\"@id\":\"https:\\\/\\\/www.mobilier-design-occasion.fr\\\/magazine\\\/avis-lit-cabane-ikea-catalogue-2022\\\/\"},\"wordCount\":870,\"commentCount\":0,\"publisher\":{\"@id\":\"https:\\\/\\\/www.mobilier-design-occasion.fr\\\/magazine\\\/#organization\"},\"image\":{\"@id\":\"https:\\\/\\\/www.mobilier-design-occasion.fr\\\/magazine\\\/avis-lit-cabane-ikea-catalogue-2022\\\/#primaryimage\"},\"thumbnailUrl\":\"https:\\\/\\\/www.mobilier-design-occasion.fr\\\/magazine\\\/wp-content\\\/uploads\\\/2022\\\/03\\\/215055347_2997868337204105_3443098840141112706_n-1.jpg\",\"articleSection\":[\"Avis marques d\u00e9co\",\"Chambre\",\"Lit cabane\"],\"inLanguage\":\"fr-FR\",\"potentialAction\":[{\"@type\":\"CommentAction\",\"name\":\"Comment\",\"target\":[\"https:\\\/\\\/www.mobilier-design-occasion.fr\\\/magazine\\\/avis-lit-cabane-ikea-catalogue-2022\\\/#respond\"]}]},{\"@type\":\"WebPage\",\"@id\":\"https:\\\/\\\/www.mobilier-design-occasion.fr\\\/magazine\\\/avis-lit-cabane-ikea-catalogue-2022\\\/\",\"url\":\"https:\\\/\\\/www.mobilier-design-occasion.fr\\\/magazine\\\/avis-lit-cabane-ikea-catalogue-2022\\\/\",\"name\":\"Avis lit cabane Ikea Catalogue 2023 - Mobilier Design Magazine\",\"isPartOf\":{\"@id\":\"https:\\\/\\\/www.mobilier-design-occasion.fr\\\/magazine\\\/#website\"},\"primaryImageOfPage\":{\"@id\":\"https:\\\/\\\/www.mobilier-design-occasion.fr\\\/magazine\\\/avis-lit-cabane-ikea-catalogue-2022\\\/#primaryimage\"},\"image\":{\"@id\":\"https:\\\/\\\/www.mobilier-design-occasion.fr\\\/magazine\\\/avis-lit-cabane-ikea-catalogue-2022\\\/#primaryimage\"},\"thumbnailUrl\":\"https:\\\/\\\/www.mobilier-design-occasion.fr\\\/magazine\\\/wp-content\\\/uploads\\\/2022\\\/03\\\/215055347_2997868337204105_3443098840141112706_n-1.jpg\",\"datePublished\":\"2022-03-14T14:54:38+00:00\",\"dateModified\":\"2023-09-25T13:30:50+00:00\",\"breadcrumb\":{\"@id\":\"https:\\\/\\\/www.mobilier-design-occasion.fr\\\/magazine\\\/avis-lit-cabane-ikea-catalogue-2022\\\/#breadcrumb\"},\"inLanguage\":\"fr-FR\",\"potentialAction\":[{\"@type\":\"ReadAction\",\"target\":[\"https:\\\/\\\/www.mobilier-design-occasion.fr\\\/magazine\\\/avis-lit-cabane-ikea-catalogue-2022\\\/\"]}]},{\"@type\":\"ImageObject\",\"inLanguage\":\"fr-FR\",\"@id\":\"https:\\\/\\\/www.mobilier-design-occasion.fr\\\/magazine\\\/avis-lit-cabane-ikea-catalogue-2022\\\/#primaryimage\",\"url\":\"https:\\\/\\\/www.mobilier-design-occasion.fr\\\/magazine\\\/wp-content\\\/uploads\\\/2022\\\/03\\\/215055347_2997868337204105_3443098840141112706_n-1.jpg\",\"contentUrl\":\"https:\\\/\\\/www.mobilier-design-occasion.fr\\\/magazine\\\/wp-content\\\/uploads\\\/2022\\\/03\\\/215055347_2997868337204105_3443098840141112706_n-1.jpg\",\"width\":828,\"height\":941},{\"@type\":\"BreadcrumbList\",\"@id\":\"https:\\\/\\\/www.mobilier-design-occasion.fr\\\/magazine\\\/avis-lit-cabane-ikea-catalogue-2022\\\/#breadcrumb\",\"itemListElement\":[{\"@type\":\"ListItem\",\"position\":1,\"name\":\"Accueil\",\"item\":\"https:\\\/\\\/www.mobilier-design-occasion.fr\\\/magazine\\\/\"},{\"@type\":\"ListItem\",\"position\":2,\"name\":\"Avis lit cabane Ikea Catalogue 2023\"}]},{\"@type\":\"WebSite\",\"@id\":\"https:\\\/\\\/www.mobilier-design-occasion.fr\\\/magazine\\\/#website\",\"url\":\"https:\\\/\\\/www.mobilier-design-occasion.fr\\\/magazine\\\/\",\"name\":\"Mobilier Design Magazine\",\"description\":\"\",\"publisher\":{\"@id\":\"https:\\\/\\\/www.mobilier-design-occasion.fr\\\/magazine\\\/#organization\"},\"potentialAction\":[{\"@type\":\"SearchAction\",\"target\":{\"@type\":\"EntryPoint\",\"urlTemplate\":\"https:\\\/\\\/www.mobilier-design-occasion.fr\\\/magazine\\\/?s={search_term_string}\"},\"query-input\":{\"@type\":\"PropertyValueSpecification\",\"valueRequired\":true,\"valueName\":\"search_term_string\"}}],\"inLanguage\":\"fr-FR\"},{\"@type\":\"Organization\",\"@id\":\"https:\\\/\\\/www.mobilier-design-occasion.fr\\\/magazine\\\/#organization\",\"name\":\"Mobilier Design Magazine\",\"url\":\"https:\\\/\\\/www.mobilier-design-occasion.fr\\\/magazine\\\/\",\"logo\":{\"@type\":\"ImageObject\",\"inLanguage\":\"fr-FR\",\"@id\":\"https:\\\/\\\/www.mobilier-design-occasion.fr\\\/magazine\\\/#\\\/schema\\\/logo\\\/image\\\/\",\"url\":\"https:\\\/\\\/www.mobilier-design-occasion.fr\\\/magazine\\\/wp-content\\\/uploads\\\/2024\\\/02\\\/android-chrome-192x192-1.png\",\"contentUrl\":\"https:\\\/\\\/www.mobilier-design-occasion.fr\\\/magazine\\\/wp-content\\\/uploads\\\/2024\\\/02\\\/android-chrome-192x192-1.png\",\"width\":192,\"height\":192,\"caption\":\"Mobilier Design Magazine\"},\"image\":{\"@id\":\"https:\\\/\\\/www.mobilier-design-occasion.fr\\\/magazine\\\/#\\\/schema\\\/logo\\\/image\\\/\"},\"sameAs\":[\"https:\\\/\\\/www.facebook.com\\\/mobilierdesignoccasion\"]},{\"@type\":\"Person\",\"@id\":\"https:\\\/\\\/www.mobilier-design-occasion.fr\\\/magazine\\\/#\\\/schema\\\/person\\\/5b2e5627a714ddadaaf8c9b886c55eff\",\"name\":\"Cyrielle Poirot\",\"image\":{\"@type\":\"ImageObject\",\"inLanguage\":\"fr-FR\",\"@id\":\"https:\\\/\\\/secure.gravatar.com\\\/avatar\\\/c8d2674e093b06894d8d1dc468b626bd752523471f3ac6e75f7c7a1400d40b4d?s=96&d=mm&r=g\",\"url\":\"https:\\\/\\\/secure.gravatar.com\\\/avatar\\\/c8d2674e093b06894d8d1dc468b626bd752523471f3ac6e75f7c7a1400d40b4d?s=96&d=mm&r=g\",\"contentUrl\":\"https:\\\/\\\/secure.gravatar.com\\\/avatar\\\/c8d2674e093b06894d8d1dc468b626bd752523471f3ac6e75f7c7a1400d40b4d?s=96&d=mm&r=g\",\"caption\":\"Cyrielle Poirot\"},\"description\":\"Cyrielle est passionn\u00e9e par la d\u00e9coration d'int\u00e9rieur et s'est sp\u00e9cialis\u00e9e depuis quelques ann\u00e9es dans l'\u00e9dition du site Mobilier-Design, avec une touche sp\u00e9cifique pour les produits d'occasion.\",\"sameAs\":[\"https:\\\/\\\/www.mobilier-design-occasion.fr\\\/magazine\"],\"url\":\"https:\\\/\\\/www.mobilier-design-occasion.fr\\\/magazine\\\/author\\\/cyrielle\\\/\"}]}<\/script>\n<!-- \/ Yoast SEO plugin. -->","yoast_head_json":{"title":"Avis lit cabane Ikea Catalogue 2023 - Mobilier Design Magazine","robots":{"index":"index","follow":"follow","max-snippet":"max-snippet:-1","max-image-preview":"max-image-preview:large","max-video-preview":"max-video-preview:-1"},"canonical":"https:\/\/www.mobilier-design-occasion.fr\/magazine\/avis-lit-cabane-ikea-catalogue-2022\/","og_locale":"fr_FR","og_type":"article","og_title":"Avis lit cabane Ikea Catalogue 2023 - Mobilier Design Magazine","og_description":"Vous avez fait le choix d&#8217;opter pour un lit cabane pour la chambre de votre enfant et \u00e0 moins que d&#8217;avoir opt\u00e9 pour la fabrication maison en suivant un DIY, vous aurez probablement remarqu\u00e9 que les prix pour ce type de lit s&#8217;envolent. S&#8217;orienter vers le g\u00e9ant su\u00e9dois peut alors s&#8217;av\u00e9rer &#8211; comme souvent &#8211; [&hellip;]","og_url":"https:\/\/www.mobilier-design-occasion.fr\/magazine\/avis-lit-cabane-ikea-catalogue-2022\/","og_site_name":"Mobilier Design Magazine","article_publisher":"https:\/\/www.facebook.com\/mobilierdesignoccasion","article_published_time":"2022-03-14T14:54:38+00:00","article_modified_time":"2023-09-25T13:30:50+00:00","og_image":[{"width":828,"height":941,"url":"https:\/\/www.mobilier-design-occasion.fr\/magazine\/wp-content\/uploads\/2022\/03\/215055347_2997868337204105_3443098840141112706_n-1.jpg","type":"image\/jpeg"}],"author":"Cyrielle Poirot","twitter_card":"summary_large_image","twitter_misc":{"\u00c9crit par":"Cyrielle Poirot","Dur\u00e9e de lecture estim\u00e9e":"4 minutes"},"schema":{"@context":"https:\/\/schema.org","@graph":[{"@type":"Article","@id":"https:\/\/www.mobilier-design-occasion.fr\/magazine\/avis-lit-cabane-ikea-catalogue-2022\/#article","isPartOf":{"@id":"https:\/\/www.mobilier-design-occasion.fr\/magazine\/avis-lit-cabane-ikea-catalogue-2022\/"},"author":{"name":"Cyrielle Poirot","@id":"https:\/\/www.mobilier-design-occasion.fr\/magazine\/#\/schema\/person\/5b2e5627a714ddadaaf8c9b886c55eff"},"headline":"Avis lit cabane Ikea Catalogue 2023","datePublished":"2022-03-14T14:54:38+00:00","dateModified":"2023-09-25T13:30:50+00:00","mainEntityOfPage":{"@id":"https:\/\/www.mobilier-design-occasion.fr\/magazine\/avis-lit-cabane-ikea-catalogue-2022\/"},"wordCount":870,"commentCount":0,"publisher":{"@id":"https:\/\/www.mobilier-design-occasion.fr\/magazine\/#organization"},"image":{"@id":"https:\/\/www.mobilier-design-occasion.fr\/magazine\/avis-lit-cabane-ikea-catalogue-2022\/#primaryimage"},"thumbnailUrl":"https:\/\/www.mobilier-design-occasion.fr\/magazine\/wp-content\/uploads\/2022\/03\/215055347_2997868337204105_3443098840141112706_n-1.jpg","articleSection":["Avis marques d\u00e9co","Chambre","Lit cabane"],"inLanguage":"fr-FR","potentialAction":[{"@type":"CommentAction","name":"Comment","target":["https:\/\/www.mobilier-design-occasion.fr\/magazine\/avis-lit-cabane-ikea-catalogue-2022\/#respond"]}]},{"@type":"WebPage","@id":"https:\/\/www.mobilier-design-occasion.fr\/magazine\/avis-lit-cabane-ikea-catalogue-2022\/","url":"https:\/\/www.mobilier-design-occasion.fr\/magazine\/avis-lit-cabane-ikea-catalogue-2022\/","name":"Avis lit cabane Ikea Catalogue 2023 - Mobilier Design Magazine","isPartOf":{"@id":"https:\/\/www.mobilier-design-occasion.fr\/magazine\/#website"},"primaryImageOfPage":{"@id":"https:\/\/www.mobilier-design-occasion.fr\/magazine\/avis-lit-cabane-ikea-catalogue-2022\/#primaryimage"},"image":{"@id":"https:\/\/www.mobilier-design-occasion.fr\/magazine\/avis-lit-cabane-ikea-catalogue-2022\/#primaryimage"},"thumbnailUrl":"https:\/\/www.mobilier-design-occasion.fr\/magazine\/wp-content\/uploads\/2022\/03\/215055347_2997868337204105_3443098840141112706_n-1.jpg","datePublished":"2022-03-14T14:54:38+00:00","dateModified":"2023-09-25T13:30:50+00:00","breadcrumb":{"@id":"https:\/\/www.mobilier-design-occasion.fr\/magazine\/avis-lit-cabane-ikea-catalogue-2022\/#breadcrumb"},"inLanguage":"fr-FR","potentialAction":[{"@type":"ReadAction","target":["https:\/\/www.mobilier-design-occasion.fr\/magazine\/avis-lit-cabane-ikea-catalogue-2022\/"]}]},{"@type":"ImageObject","inLanguage":"fr-FR","@id":"https:\/\/www.mobilier-design-occasion.fr\/magazine\/avis-lit-cabane-ikea-catalogue-2022\/#primaryimage","url":"https:\/\/www.mobilier-design-occasion.fr\/magazine\/wp-content\/uploads\/2022\/03\/215055347_2997868337204105_3443098840141112706_n-1.jpg","contentUrl":"https:\/\/www.mobilier-design-occasion.fr\/magazine\/wp-content\/uploads\/2022\/03\/215055347_2997868337204105_3443098840141112706_n-1.jpg","width":828,"height":941},{"@type":"BreadcrumbList","@id":"https:\/\/www.mobilier-design-occasion.fr\/magazine\/avis-lit-cabane-ikea-catalogue-2022\/#breadcrumb","itemListElement":[{"@type":"ListItem","position":1,"name":"Accueil","item":"https:\/\/www.mobilier-design-occasion.fr\/magazine\/"},{"@type":"ListItem","position":2,"name":"Avis lit cabane Ikea Catalogue 2023"}]},{"@type":"WebSite","@id":"https:\/\/www.mobilier-design-occasion.fr\/magazine\/#website","url":"https:\/\/www.mobilier-design-occasion.fr\/magazine\/","name":"Mobilier Design Magazine","description":"","publisher":{"@id":"https:\/\/www.mobilier-design-occasion.fr\/magazine\/#organization"},"potentialAction":[{"@type":"SearchAction","target":{"@type":"EntryPoint","urlTemplate":"https:\/\/www.mobilier-design-occasion.fr\/magazine\/?s={search_term_string}"},"query-input":{"@type":"PropertyValueSpecification","valueRequired":true,"valueName":"search_term_string"}}],"inLanguage":"fr-FR"},{"@type":"Organization","@id":"https:\/\/www.mobilier-design-occasion.fr\/magazine\/#organization","name":"Mobilier Design Magazine","url":"https:\/\/www.mobilier-design-occasion.fr\/magazine\/","logo":{"@type":"ImageObject","inLanguage":"fr-FR","@id":"https:\/\/www.mobilier-design-occasion.fr\/magazine\/#\/schema\/logo\/image\/","url":"https:\/\/www.mobilier-design-occasion.fr\/magazine\/wp-content\/uploads\/2024\/02\/android-chrome-192x192-1.png","contentUrl":"https:\/\/www.mobilier-design-occasion.fr\/magazine\/wp-content\/uploads\/2024\/02\/android-chrome-192x192-1.png","width":192,"height":192,"caption":"Mobilier Design Magazine"},"image":{"@id":"https:\/\/www.mobilier-design-occasion.fr\/magazine\/#\/schema\/logo\/image\/"},"sameAs":["https:\/\/www.facebook.com\/mobilierdesignoccasion"]},{"@type":"Person","@id":"https:\/\/www.mobilier-design-occasion.fr\/magazine\/#\/schema\/person\/5b2e5627a714ddadaaf8c9b886c55eff","name":"Cyrielle Poirot","image":{"@type":"ImageObject","inLanguage":"fr-FR","@id":"https:\/\/secure.gravatar.com\/avatar\/c8d2674e093b06894d8d1dc468b626bd752523471f3ac6e75f7c7a1400d40b4d?s=96&d=mm&r=g","url":"https:\/\/secure.gravatar.com\/avatar\/c8d2674e093b06894d8d1dc468b626bd752523471f3ac6e75f7c7a1400d40b4d?s=96&d=mm&r=g","contentUrl":"https:\/\/secure.gravatar.com\/avatar\/c8d2674e093b06894d8d1dc468b626bd752523471f3ac6e75f7c7a1400d40b4d?s=96&d=mm&r=g","caption":"Cyrielle Poirot"},"description":"Cyrielle est passionn\u00e9e par la d\u00e9coration d'int\u00e9rieur et s'est sp\u00e9cialis\u00e9e depuis quelques ann\u00e9es dans l'\u00e9dition du site Mobilier-Design, avec une touche sp\u00e9cifique pour les produits d'occasion.","sameAs":["https:\/\/www.mobilier-design-occasion.fr\/magazine"],"url":"https:\/\/www.mobilier-design-occasion.fr\/magazine\/author\/cyrielle\/"}]}},"_links":{"self":[{"href":"https:\/\/www.mobilier-design-occasion.fr\/magazine\/wp-json\/wp\/v2\/posts\/3511","targetHints":{"allow":["GET"]}}],"collection":[{"href":"https:\/\/www.mobilier-design-occasion.fr\/magazine\/wp-json\/wp\/v2\/posts"}],"about":[{"href":"https:\/\/www.mobilier-design-occasion.fr\/magazine\/wp-json\/wp\/v2\/types\/post"}],"author":[{"embeddable":true,"href":"https:\/\/www.mobilier-design-occasion.fr\/magazine\/wp-json\/wp\/v2\/users\/1"}],"replies":[{"embeddable":true,"href":"https:\/\/www.mobilier-design-occasion.fr\/magazine\/wp-json\/wp\/v2\/comments?post=3511"}],"version-history":[{"count":18,"href":"https:\/\/www.mobilier-design-occasion.fr\/magazine\/wp-json\/wp\/v2\/posts\/3511\/revisions"}],"predecessor-version":[{"id":6482,"href":"https:\/\/www.mobilier-design-occasion.fr\/magazine\/wp-json\/wp\/v2\/posts\/3511\/revisions\/6482"}],"wp:featuredmedia":[{"embeddable":true,"href":"https:\/\/www.mobilier-design-occasion.fr\/magazine\/wp-json\/wp\/v2\/media\/3627"}],"wp:attachment":[{"href":"https:\/\/www.mobilier-design-occasion.fr\/magazine\/wp-json\/wp\/v2\/media?parent=3511"}],"wp:term":[{"taxonomy":"category","embeddable":true,"href":"https:\/\/www.mobilier-design-occasion.fr\/magazine\/wp-json\/wp\/v2\/categories?post=3511"},{"taxonomy":"post_tag","embeddable":true,"href":"https:\/\/www.mobilier-design-occasion.fr\/magazine\/wp-json\/wp\/v2\/tags?post=3511"}],"curies":[{"name":"wp","href":"https:\/\/api.w.org\/{rel}","templated":true}]}}