{"id":3490,"date":"2022-02-24T12:39:57","date_gmt":"2022-02-24T12:39:57","guid":{"rendered":"https:\/\/www.mobilier-design-occasion.fr\/magazine\/?p=3490"},"modified":"2023-09-25T13:39:49","modified_gmt":"2023-09-25T13:39:49","slug":"quels-sont-les-criteres-de-choix-dune-entreprise-pour-des-travaux-de-renovation","status":"publish","type":"post","link":"https:\/\/www.mobilier-design-occasion.fr\/magazine\/quels-sont-les-criteres-de-choix-dune-entreprise-pour-des-travaux-de-renovation\/","title":{"rendered":"Quels sont les crit\u00e8res de choix d&#8217;une entreprise pour des travaux de r\u00e9novation\u2009?"},"content":{"rendered":"\n<p>Choisir la bonne entreprise pour r\u00e9aliser des travaux de r\u00e9novation peut s\u2019av\u00e9rer difficile. En d\u00e9terminant les besoins et en se posant les bonnes questions, il sera beaucoup plus facile de trouver le professionnel ad\u00e9quat pour vos projets. Il faut toutefois proc\u00e9der \u00e0 certaines v\u00e9rifications pour s\u2019assurer de la fid\u00e9lit\u00e9 de la structure. D\u00e9couvrez dans cet article quelques crit\u00e8res de choix pour les travaux de r\u00e9novation.<\/p>\n\n\n\n<h2 class=\"wp-block-heading\"><span class=\"ez-toc-section\" id=\"Determiner_les_besoins_de_construction_ou_de_renovation\"><\/span>D\u00e9terminer les besoins de construction ou de r\u00e9novation<span class=\"ez-toc-section-end\"><\/span><\/h2><div id=\"ez-toc-container\" class=\"ez-toc-v2_0_82_2 counter-hierarchy ez-toc-counter ez-toc-grey ez-toc-container-direction\">\n<div class=\"ez-toc-title-container\">\n<span class=\"ez-toc-title-toggle\"><a href=\"#\" class=\"ez-toc-pull-right ez-toc-btn ez-toc-btn-xs ez-toc-btn-default ez-toc-toggle\" aria-label=\"Toggle Table of Content\"><span class=\"ez-toc-js-icon-con\"><span class=\"\"><span class=\"eztoc-hide\" style=\"display:none;\">Toggle<\/span><span class=\"ez-toc-icon-toggle-span\"><svg style=\"fill: #999;color:#999\" xmlns=\"http:\/\/www.w3.org\/2000\/svg\" class=\"list-377408\" width=\"20px\" height=\"20px\" viewBox=\"0 0 24 24\" fill=\"none\"><path d=\"M6 6H4v2h2V6zm14 0H8v2h12V6zM4 11h2v2H4v-2zm16 0H8v2h12v-2zM4 16h2v2H4v-2zm16 0H8v2h12v-2z\" fill=\"currentColor\"><\/path><\/svg><svg style=\"fill: #999;color:#999\" class=\"arrow-unsorted-368013\" xmlns=\"http:\/\/www.w3.org\/2000\/svg\" width=\"10px\" height=\"10px\" viewBox=\"0 0 24 24\" version=\"1.2\" baseProfile=\"tiny\"><path d=\"M18.2 9.3l-6.2-6.3-6.2 6.3c-.2.2-.3.4-.3.7s.1.5.3.7c.2.2.4.3.7.3h11c.3 0 .5-.1.7-.3.2-.2.3-.5.3-.7s-.1-.5-.3-.7zM5.8 14.7l6.2 6.3 6.2-6.3c.2-.2.3-.5.3-.7s-.1-.5-.3-.7c-.2-.2-.4-.3-.7-.3h-11c-.3 0-.5.1-.7.3-.2.2-.3.5-.3.7s.1.5.3.7z\"\/><\/svg><\/span><\/span><\/span><\/a><\/span><\/div>\n<nav><ul class='ez-toc-list ez-toc-list-level-1 eztoc-toggle-hide-by-default' ><li class='ez-toc-page-1 ez-toc-heading-level-2'><a class=\"ez-toc-link ez-toc-heading-1\" href=\"https:\/\/www.mobilier-design-occasion.fr\/magazine\/quels-sont-les-criteres-de-choix-dune-entreprise-pour-des-travaux-de-renovation\/#Determiner_les_besoins_de_construction_ou_de_renovation\" >D\u00e9terminer les besoins de construction ou de r\u00e9novation<\/a><\/li><li class='ez-toc-page-1 ez-toc-heading-level-2'><a class=\"ez-toc-link ez-toc-heading-2\" href=\"https:\/\/www.mobilier-design-occasion.fr\/magazine\/quels-sont-les-criteres-de-choix-dune-entreprise-pour-des-travaux-de-renovation\/#Trouver_le_maitre_doeuvre_et_larchitecte\" >Trouver le ma\u00eetre d\u2019\u0153uvre et l\u2019architecte<\/a><\/li><li class='ez-toc-page-1 ez-toc-heading-level-2'><a class=\"ez-toc-link ez-toc-heading-3\" href=\"https:\/\/www.mobilier-design-occasion.fr\/magazine\/quels-sont-les-criteres-de-choix-dune-entreprise-pour-des-travaux-de-renovation\/#Verifier_la_certification_la_reputation_et_la_fiabilite_de_lentreprise\" >V\u00e9rifier la certification, la r\u00e9putation et la fiabilit\u00e9 de l&#8217;entreprise<\/a><\/li><\/ul><\/nav><\/div>\n\n\n\n\n<p>Avant de collaborer avec une entreprise de r\u00e9novation ou de construction, il faut&nbsp;<strong>\u00e9tablir de mani\u00e8re pr\u00e9cise les besoins et le projet<\/strong>&nbsp;en question. Ce travail permet d\u2019\u00e9viter les mauvaises surprises. Selon le chantier, il est possible de faire appel \u00e0 un courtier en travaux, un contractant g\u00e9n\u00e9ral, une entreprise g\u00e9n\u00e9rale du b\u00e2timent ou un simple <a href=\"https:\/\/www.mobilier-design-occasion.fr\/magazine\/test-avis-sur-poltronesofa\/\">artisan<\/a> du b\u00e2timent.&nbsp;<\/p>\n\n\n\n<p>Rendez-vous donc sur le site de&nbsp;<a href=\"https:\/\/www.tafsquare.com\/fr\/\">tafsquare<\/a>&nbsp;pour entrer en relation avec le professionnel qu\u2019il vous faut. Vous y trouverez \u00e9galement des particuliers d\u00e9sireux de r\u00e9aliser des travaux de construction. Les deux derniers r\u00e9alisent les travaux directement avec leurs propres employ\u00e9s ou \u00e9quipes, le contractant g\u00e9n\u00e9ral sous-traite avec d\u2019autres entreprises une partie des travaux.&nbsp;<\/p>\n\n\n\n<p>Cependant, il s\u2019assurera de la responsabilit\u00e9 et de la qualit\u00e9 des travaux exerc\u00e9s. En revanche, le courtier en travaux trouve les entreprises au meilleur prix afin de les mettre en relation avec le ma\u00eetre d\u2019ouvrage ou le donneur d\u2019ordre.<\/p>\n\n\n\n<h2 class=\"wp-block-heading\"><span class=\"ez-toc-section\" id=\"Trouver_le_maitre_doeuvre_et_larchitecte\"><\/span>Trouver le ma\u00eetre d\u2019\u0153uvre et l\u2019architecte<span class=\"ez-toc-section-end\"><\/span><\/h2>\n\n\n\n<p>Pour r\u00e9aliser un projet de r\u00e9novation global, il est possible de&nbsp;<strong>faire appel \u00e0 un architecte<\/strong>&nbsp;notamment si l\u2019espace d\u00e9passe 150&nbsp;m\u00b2. En effet, il peut \u00e9galement jouer le r\u00f4le de ma\u00eetre d\u2019\u0153uvre. L\u2019architecte s\u00e9lectionne les entreprises puis assure le lien entre le ma\u00eetre d\u2019ouvrage (le commanditaire) et toutes les entreprises et le corps de m\u00e9tier devant r\u00e9aliser les travaux. Il&nbsp;<strong>s\u2019occupe du suivi du chantier<\/strong>&nbsp;et des v\u00e9rifications concernant les structures.&nbsp;<\/p>\n\n\n\n<p>Une soci\u00e9t\u00e9 de travaux ou un artisan du b\u00e2timent peut effectuer les moyens ou les petits travaux puis est en communication directe avec le ma\u00eetre d\u2019ouvrage. De son c\u00f4t\u00e9, une entreprise g\u00e9n\u00e9rale du b\u00e2timent met ensemble plusieurs corps de m\u00e9tiers. Elle est plut\u00f4t recommand\u00e9e pour les chantiers de moyenne et grande ampleur.<\/p>\n\n\n\n<p>Le choix d\u2019un professionnel se fait en fonction de la grandeur du chantier. Il peut \u00eatre \u00e9galement choisi en fonction&nbsp;<strong>des relations du ma\u00eetre d\u2019ouvrage<\/strong>. Afin d\u2019obtenir une communication fluide et rapproch\u00e9e qui favorisera l\u2019\u00e9volution du chantier, il est conseill\u00e9 de privil\u00e9gier une entreprise ou un artisan du b\u00e2timent.<br>Par contre, le contractant g\u00e9n\u00e9ral est une solution \u00ab\u2009clef en main\u2009\u00bb, qui vous permettra de d\u00e9l\u00e9guer la gestion du chantier au maximum et de n\u2019avoir qu\u2019un seul interlocuteur. Dans ce cas, la relation est donc sans surprise contractuelle surtout au niveau des d\u00e9lais.<\/p>\n\n\n\n<figure class=\"wp-block-image size-large\"><img loading=\"lazy\" decoding=\"async\" width=\"1024\" height=\"682\" src=\"https:\/\/www.mobilier-design-occasion.fr\/magazine\/wp-content\/uploads\/2022\/02\/7771517208fbd9ed46122e9cec418377-1-1024x682.jpeg\" alt=\"\" class=\"wp-image-3492\" srcset=\"https:\/\/www.mobilier-design-occasion.fr\/magazine\/wp-content\/uploads\/2022\/02\/7771517208fbd9ed46122e9cec418377-1-1024x682.jpeg 1024w, https:\/\/www.mobilier-design-occasion.fr\/magazine\/wp-content\/uploads\/2022\/02\/7771517208fbd9ed46122e9cec418377-1-300x200.jpeg 300w, https:\/\/www.mobilier-design-occasion.fr\/magazine\/wp-content\/uploads\/2022\/02\/7771517208fbd9ed46122e9cec418377-1-768x512.jpeg 768w, https:\/\/www.mobilier-design-occasion.fr\/magazine\/wp-content\/uploads\/2022\/02\/7771517208fbd9ed46122e9cec418377-1-1536x1024.jpeg 1536w, https:\/\/www.mobilier-design-occasion.fr\/magazine\/wp-content\/uploads\/2022\/02\/7771517208fbd9ed46122e9cec418377-1-810x540.jpeg 810w, https:\/\/www.mobilier-design-occasion.fr\/magazine\/wp-content\/uploads\/2022\/02\/7771517208fbd9ed46122e9cec418377-1-1140x760.jpeg 1140w, https:\/\/www.mobilier-design-occasion.fr\/magazine\/wp-content\/uploads\/2022\/02\/7771517208fbd9ed46122e9cec418377-1.jpeg 1880w\" sizes=\"auto, (max-width: 1024px) 100vw, 1024px\" \/><\/figure>\n\n\n\n<h2 class=\"wp-block-heading\"><span class=\"ez-toc-section\" id=\"Verifier_la_certification_la_reputation_et_la_fiabilite_de_lentreprise\"><\/span>V\u00e9rifier la certification, la r\u00e9putation et la fiabilit\u00e9 de l&#8217;entreprise<span class=\"ez-toc-section-end\"><\/span><\/h2>\n\n\n\n<p>Si le chantier de construction est relatif aux travaux de r\u00e9novation \u00e9nerg\u00e9tique, il faut&nbsp;<strong>v\u00e9rifier que la structure choisie b\u00e9n\u00e9ficie de la mention Reconnu Garant de l\u2019Environnement<\/strong>&nbsp;(RGE). Cette condition est obligatoire afin de pr\u00e9tendre aux primes et aides de l\u2019\u00c9tat pour donner un coup de pouce au financement des travaux. G\u00e9n\u00e9ralement, il existe diff\u00e9rentes certifications RGE. Ainsi, le professionnel doit avoir la certification qui correspond \u00e0 sa qualification.&nbsp;<\/p>\n\n\n\n<p>En dehors de la certification, vous pouvez poser des questions \u00e0 votre entourage pour&nbsp;<strong>v\u00e9rifier la r\u00e9putation de ladite structure<\/strong>. Ici, il faut essentiellement r\u00e9unir les informations sur les chantiers d\u00e9j\u00e0 r\u00e9alis\u00e9s par l\u2019entreprise. Vous pouvez vous renseigner aupr\u00e8s du voisinage ou de l\u2019entreprise en demandant \u00e0 visiter les chantiers en cours ou voir des photos. Au-del\u00e0 de cela, c\u2019est l\u2019occasion de v\u00e9rifier si la communication se passe bien et est fluide.&nbsp;<\/p>\n\n\n\n<p>Une entreprise fiable est&nbsp;<strong>immatricul\u00e9e<\/strong>,&nbsp;<strong>r\u00e9f\u00e9renc\u00e9e<\/strong>&nbsp;et&nbsp;<strong>clairement identifi\u00e9e<\/strong>&nbsp;aupr\u00e8s des institutions professionnelles. Elle est \u00e9galement en r\u00e8gle vis-\u00e0-vis des assurances en ce qui concerne la&nbsp;<strong>responsabilit\u00e9 d\u2019assurance d\u00e9cennale et de responsabilit\u00e9 civile d\u2019entreprise<\/strong>. De m\u00eame, l\u2019appartenance d\u2019une entreprise \u00e0 une organisation professionnelle reconnue est aussi une bonne id\u00e9e.<\/p>\n\n\n\n<p>Par ailleurs, il est recommand\u00e9 de&nbsp;<strong>comparer les devis des entreprises de r\u00e9novation<\/strong>&nbsp;avant d\u2019effectuer un choix d\u00e9finitif. En fonction des travaux et de votre budget, r\u00e9alisez au moins trois devis de trois entreprises ou artisans diff\u00e9rents avant de vous d\u00e9cider. Profitez-en pour&nbsp;<strong>d\u00e9finir les conditions de paiement<\/strong>. La r\u00e8gle d\u2019usage est de r\u00e9gler les frais des travaux&nbsp;:<\/p>\n\n\n\n<ul class=\"wp-block-list\"><li>au cours ou au d\u00e9but des travaux\u2009;<\/li><li>\u00e0 la signature du devis\u2009;<\/li><li>\u00e0 la r\u00e9ception des travaux.<\/li><\/ul>\n\n\n\n<p>Sauf dans le cas d\u2019un contrat pr\u00e9cis, cette pratique n\u2019est pas une obligation l\u00e9gale. Il est d\u00e9conseill\u00e9 de verser plus de 50&nbsp;% sans que les travaux soient s\u00e9rieusement engag\u00e9s et 20&nbsp;% \u00e0 la signature.<\/p>\n","protected":false},"excerpt":{"rendered":"<p>Choisir la bonne entreprise pour r\u00e9aliser des travaux de r\u00e9novation peut s\u2019av\u00e9rer difficile. En d\u00e9terminant les besoins et en se posant les bonnes questions, il sera beaucoup plus facile de trouver le professionnel ad\u00e9quat pour vos projets. Il faut toutefois proc\u00e9der \u00e0 certaines v\u00e9rifications pour s\u2019assurer de la fid\u00e9lit\u00e9 de la structure. D\u00e9couvrez dans cet [&hellip;]<\/p>\n","protected":false},"author":1,"featured_media":3491,"comment_status":"open","ping_status":"open","sticky":false,"template":"","format":"standard","meta":{"footnotes":""},"categories":[2],"tags":[],"class_list":["post-3490","post","type-post","status-publish","format-standard","has-post-thumbnail","hentry","category-tendances"],"yoast_head":"<!-- This site is optimized with the Yoast SEO plugin v27.5 - https:\/\/yoast.com\/product\/yoast-seo-wordpress\/ -->\n<title>Quels sont les crit\u00e8res de choix d&#039;une entreprise pour des travaux de r\u00e9novation\u2009? - Mobilier Design Magazine<\/title>\n<meta name=\"robots\" content=\"index, follow, max-snippet:-1, max-image-preview:large, max-video-preview:-1\" \/>\n<link rel=\"canonical\" href=\"https:\/\/www.mobilier-design-occasion.fr\/magazine\/quels-sont-les-criteres-de-choix-dune-entreprise-pour-des-travaux-de-renovation\/\" \/>\n<meta property=\"og:locale\" content=\"fr_FR\" \/>\n<meta property=\"og:type\" content=\"article\" \/>\n<meta property=\"og:title\" content=\"Quels sont les crit\u00e8res de choix d&#039;une entreprise pour des travaux de r\u00e9novation\u2009? - Mobilier Design Magazine\" \/>\n<meta property=\"og:description\" content=\"Choisir la bonne entreprise pour r\u00e9aliser des travaux de r\u00e9novation peut s\u2019av\u00e9rer difficile. En d\u00e9terminant les besoins et en se posant les bonnes questions, il sera beaucoup plus facile de trouver le professionnel ad\u00e9quat pour vos projets. Il faut toutefois proc\u00e9der \u00e0 certaines v\u00e9rifications pour s\u2019assurer de la fid\u00e9lit\u00e9 de la structure. D\u00e9couvrez dans cet [&hellip;]\" \/>\n<meta property=\"og:url\" content=\"https:\/\/www.mobilier-design-occasion.fr\/magazine\/quels-sont-les-criteres-de-choix-dune-entreprise-pour-des-travaux-de-renovation\/\" \/>\n<meta property=\"og:site_name\" content=\"Mobilier Design Magazine\" \/>\n<meta property=\"article:publisher\" content=\"https:\/\/www.facebook.com\/mobilierdesignoccasion\" \/>\n<meta property=\"article:published_time\" content=\"2022-02-24T12:39:57+00:00\" \/>\n<meta property=\"article:modified_time\" content=\"2023-09-25T13:39:49+00:00\" \/>\n<meta property=\"og:image\" content=\"https:\/\/www.mobilier-design-occasion.fr\/magazine\/wp-content\/uploads\/2022\/02\/7771517208fbd9ed46122e9cec418377.jpeg\" \/>\n\t<meta property=\"og:image:width\" content=\"1880\" \/>\n\t<meta property=\"og:image:height\" content=\"1253\" \/>\n\t<meta property=\"og:image:type\" content=\"image\/jpeg\" \/>\n<meta name=\"author\" content=\"Cyrielle Poirot\" \/>\n<meta name=\"twitter:card\" content=\"summary_large_image\" \/>\n<meta name=\"twitter:label1\" content=\"\u00c9crit par\" \/>\n\t<meta name=\"twitter:data1\" content=\"Cyrielle Poirot\" \/>\n\t<meta name=\"twitter:label2\" content=\"Dur\u00e9e de lecture estim\u00e9e\" \/>\n\t<meta name=\"twitter:data2\" content=\"5 minutes\" \/>\n<script type=\"application\/ld+json\" class=\"yoast-schema-graph\">{\"@context\":\"https:\\\/\\\/schema.org\",\"@graph\":[{\"@type\":\"Article\",\"@id\":\"https:\\\/\\\/www.mobilier-design-occasion.fr\\\/magazine\\\/quels-sont-les-criteres-de-choix-dune-entreprise-pour-des-travaux-de-renovation\\\/#article\",\"isPartOf\":{\"@id\":\"https:\\\/\\\/www.mobilier-design-occasion.fr\\\/magazine\\\/quels-sont-les-criteres-de-choix-dune-entreprise-pour-des-travaux-de-renovation\\\/\"},\"author\":{\"name\":\"Cyrielle Poirot\",\"@id\":\"https:\\\/\\\/www.mobilier-design-occasion.fr\\\/magazine\\\/#\\\/schema\\\/person\\\/5b2e5627a714ddadaaf8c9b886c55eff\"},\"headline\":\"Quels sont les crit\u00e8res de choix d&#8217;une entreprise pour des travaux de r\u00e9novation\u2009?\",\"datePublished\":\"2022-02-24T12:39:57+00:00\",\"dateModified\":\"2023-09-25T13:39:49+00:00\",\"mainEntityOfPage\":{\"@id\":\"https:\\\/\\\/www.mobilier-design-occasion.fr\\\/magazine\\\/quels-sont-les-criteres-de-choix-dune-entreprise-pour-des-travaux-de-renovation\\\/\"},\"wordCount\":931,\"commentCount\":0,\"publisher\":{\"@id\":\"https:\\\/\\\/www.mobilier-design-occasion.fr\\\/magazine\\\/#organization\"},\"image\":{\"@id\":\"https:\\\/\\\/www.mobilier-design-occasion.fr\\\/magazine\\\/quels-sont-les-criteres-de-choix-dune-entreprise-pour-des-travaux-de-renovation\\\/#primaryimage\"},\"thumbnailUrl\":\"https:\\\/\\\/www.mobilier-design-occasion.fr\\\/magazine\\\/wp-content\\\/uploads\\\/2022\\\/02\\\/7771517208fbd9ed46122e9cec418377.jpeg\",\"articleSection\":[\"Tendances\"],\"inLanguage\":\"fr-FR\",\"potentialAction\":[{\"@type\":\"CommentAction\",\"name\":\"Comment\",\"target\":[\"https:\\\/\\\/www.mobilier-design-occasion.fr\\\/magazine\\\/quels-sont-les-criteres-de-choix-dune-entreprise-pour-des-travaux-de-renovation\\\/#respond\"]}]},{\"@type\":\"WebPage\",\"@id\":\"https:\\\/\\\/www.mobilier-design-occasion.fr\\\/magazine\\\/quels-sont-les-criteres-de-choix-dune-entreprise-pour-des-travaux-de-renovation\\\/\",\"url\":\"https:\\\/\\\/www.mobilier-design-occasion.fr\\\/magazine\\\/quels-sont-les-criteres-de-choix-dune-entreprise-pour-des-travaux-de-renovation\\\/\",\"name\":\"Quels sont les crit\u00e8res de choix d'une entreprise pour des travaux de r\u00e9novation\u2009? - Mobilier Design Magazine\",\"isPartOf\":{\"@id\":\"https:\\\/\\\/www.mobilier-design-occasion.fr\\\/magazine\\\/#website\"},\"primaryImageOfPage\":{\"@id\":\"https:\\\/\\\/www.mobilier-design-occasion.fr\\\/magazine\\\/quels-sont-les-criteres-de-choix-dune-entreprise-pour-des-travaux-de-renovation\\\/#primaryimage\"},\"image\":{\"@id\":\"https:\\\/\\\/www.mobilier-design-occasion.fr\\\/magazine\\\/quels-sont-les-criteres-de-choix-dune-entreprise-pour-des-travaux-de-renovation\\\/#primaryimage\"},\"thumbnailUrl\":\"https:\\\/\\\/www.mobilier-design-occasion.fr\\\/magazine\\\/wp-content\\\/uploads\\\/2022\\\/02\\\/7771517208fbd9ed46122e9cec418377.jpeg\",\"datePublished\":\"2022-02-24T12:39:57+00:00\",\"dateModified\":\"2023-09-25T13:39:49+00:00\",\"breadcrumb\":{\"@id\":\"https:\\\/\\\/www.mobilier-design-occasion.fr\\\/magazine\\\/quels-sont-les-criteres-de-choix-dune-entreprise-pour-des-travaux-de-renovation\\\/#breadcrumb\"},\"inLanguage\":\"fr-FR\",\"potentialAction\":[{\"@type\":\"ReadAction\",\"target\":[\"https:\\\/\\\/www.mobilier-design-occasion.fr\\\/magazine\\\/quels-sont-les-criteres-de-choix-dune-entreprise-pour-des-travaux-de-renovation\\\/\"]}]},{\"@type\":\"ImageObject\",\"inLanguage\":\"fr-FR\",\"@id\":\"https:\\\/\\\/www.mobilier-design-occasion.fr\\\/magazine\\\/quels-sont-les-criteres-de-choix-dune-entreprise-pour-des-travaux-de-renovation\\\/#primaryimage\",\"url\":\"https:\\\/\\\/www.mobilier-design-occasion.fr\\\/magazine\\\/wp-content\\\/uploads\\\/2022\\\/02\\\/7771517208fbd9ed46122e9cec418377.jpeg\",\"contentUrl\":\"https:\\\/\\\/www.mobilier-design-occasion.fr\\\/magazine\\\/wp-content\\\/uploads\\\/2022\\\/02\\\/7771517208fbd9ed46122e9cec418377.jpeg\",\"width\":1880,\"height\":1253},{\"@type\":\"BreadcrumbList\",\"@id\":\"https:\\\/\\\/www.mobilier-design-occasion.fr\\\/magazine\\\/quels-sont-les-criteres-de-choix-dune-entreprise-pour-des-travaux-de-renovation\\\/#breadcrumb\",\"itemListElement\":[{\"@type\":\"ListItem\",\"position\":1,\"name\":\"Accueil\",\"item\":\"https:\\\/\\\/www.mobilier-design-occasion.fr\\\/magazine\\\/\"},{\"@type\":\"ListItem\",\"position\":2,\"name\":\"Quels sont les crit\u00e8res de choix d&rsquo;une entreprise pour des travaux de r\u00e9novation\u2009?\"}]},{\"@type\":\"WebSite\",\"@id\":\"https:\\\/\\\/www.mobilier-design-occasion.fr\\\/magazine\\\/#website\",\"url\":\"https:\\\/\\\/www.mobilier-design-occasion.fr\\\/magazine\\\/\",\"name\":\"Mobilier Design Magazine\",\"description\":\"\",\"publisher\":{\"@id\":\"https:\\\/\\\/www.mobilier-design-occasion.fr\\\/magazine\\\/#organization\"},\"potentialAction\":[{\"@type\":\"SearchAction\",\"target\":{\"@type\":\"EntryPoint\",\"urlTemplate\":\"https:\\\/\\\/www.mobilier-design-occasion.fr\\\/magazine\\\/?s={search_term_string}\"},\"query-input\":{\"@type\":\"PropertyValueSpecification\",\"valueRequired\":true,\"valueName\":\"search_term_string\"}}],\"inLanguage\":\"fr-FR\"},{\"@type\":\"Organization\",\"@id\":\"https:\\\/\\\/www.mobilier-design-occasion.fr\\\/magazine\\\/#organization\",\"name\":\"Mobilier Design Magazine\",\"url\":\"https:\\\/\\\/www.mobilier-design-occasion.fr\\\/magazine\\\/\",\"logo\":{\"@type\":\"ImageObject\",\"inLanguage\":\"fr-FR\",\"@id\":\"https:\\\/\\\/www.mobilier-design-occasion.fr\\\/magazine\\\/#\\\/schema\\\/logo\\\/image\\\/\",\"url\":\"https:\\\/\\\/www.mobilier-design-occasion.fr\\\/magazine\\\/wp-content\\\/uploads\\\/2024\\\/02\\\/android-chrome-192x192-1.png\",\"contentUrl\":\"https:\\\/\\\/www.mobilier-design-occasion.fr\\\/magazine\\\/wp-content\\\/uploads\\\/2024\\\/02\\\/android-chrome-192x192-1.png\",\"width\":192,\"height\":192,\"caption\":\"Mobilier Design Magazine\"},\"image\":{\"@id\":\"https:\\\/\\\/www.mobilier-design-occasion.fr\\\/magazine\\\/#\\\/schema\\\/logo\\\/image\\\/\"},\"sameAs\":[\"https:\\\/\\\/www.facebook.com\\\/mobilierdesignoccasion\"]},{\"@type\":\"Person\",\"@id\":\"https:\\\/\\\/www.mobilier-design-occasion.fr\\\/magazine\\\/#\\\/schema\\\/person\\\/5b2e5627a714ddadaaf8c9b886c55eff\",\"name\":\"Cyrielle Poirot\",\"image\":{\"@type\":\"ImageObject\",\"inLanguage\":\"fr-FR\",\"@id\":\"https:\\\/\\\/secure.gravatar.com\\\/avatar\\\/c8d2674e093b06894d8d1dc468b626bd752523471f3ac6e75f7c7a1400d40b4d?s=96&d=mm&r=g\",\"url\":\"https:\\\/\\\/secure.gravatar.com\\\/avatar\\\/c8d2674e093b06894d8d1dc468b626bd752523471f3ac6e75f7c7a1400d40b4d?s=96&d=mm&r=g\",\"contentUrl\":\"https:\\\/\\\/secure.gravatar.com\\\/avatar\\\/c8d2674e093b06894d8d1dc468b626bd752523471f3ac6e75f7c7a1400d40b4d?s=96&d=mm&r=g\",\"caption\":\"Cyrielle Poirot\"},\"description\":\"Cyrielle est passionn\u00e9e par la d\u00e9coration d'int\u00e9rieur et s'est sp\u00e9cialis\u00e9e depuis quelques ann\u00e9es dans l'\u00e9dition du site Mobilier-Design, avec une touche sp\u00e9cifique pour les produits d'occasion.\",\"sameAs\":[\"https:\\\/\\\/www.mobilier-design-occasion.fr\\\/magazine\"],\"url\":\"https:\\\/\\\/www.mobilier-design-occasion.fr\\\/magazine\\\/author\\\/cyrielle\\\/\"}]}<\/script>\n<!-- \/ Yoast SEO plugin. -->","yoast_head_json":{"title":"Quels sont les crit\u00e8res de choix d'une entreprise pour des travaux de r\u00e9novation\u2009? - Mobilier Design Magazine","robots":{"index":"index","follow":"follow","max-snippet":"max-snippet:-1","max-image-preview":"max-image-preview:large","max-video-preview":"max-video-preview:-1"},"canonical":"https:\/\/www.mobilier-design-occasion.fr\/magazine\/quels-sont-les-criteres-de-choix-dune-entreprise-pour-des-travaux-de-renovation\/","og_locale":"fr_FR","og_type":"article","og_title":"Quels sont les crit\u00e8res de choix d'une entreprise pour des travaux de r\u00e9novation\u2009? - Mobilier Design Magazine","og_description":"Choisir la bonne entreprise pour r\u00e9aliser des travaux de r\u00e9novation peut s\u2019av\u00e9rer difficile. En d\u00e9terminant les besoins et en se posant les bonnes questions, il sera beaucoup plus facile de trouver le professionnel ad\u00e9quat pour vos projets. Il faut toutefois proc\u00e9der \u00e0 certaines v\u00e9rifications pour s\u2019assurer de la fid\u00e9lit\u00e9 de la structure. D\u00e9couvrez dans cet [&hellip;]","og_url":"https:\/\/www.mobilier-design-occasion.fr\/magazine\/quels-sont-les-criteres-de-choix-dune-entreprise-pour-des-travaux-de-renovation\/","og_site_name":"Mobilier Design Magazine","article_publisher":"https:\/\/www.facebook.com\/mobilierdesignoccasion","article_published_time":"2022-02-24T12:39:57+00:00","article_modified_time":"2023-09-25T13:39:49+00:00","og_image":[{"width":1880,"height":1253,"url":"https:\/\/www.mobilier-design-occasion.fr\/magazine\/wp-content\/uploads\/2022\/02\/7771517208fbd9ed46122e9cec418377.jpeg","type":"image\/jpeg"}],"author":"Cyrielle Poirot","twitter_card":"summary_large_image","twitter_misc":{"\u00c9crit par":"Cyrielle Poirot","Dur\u00e9e de lecture estim\u00e9e":"5 minutes"},"schema":{"@context":"https:\/\/schema.org","@graph":[{"@type":"Article","@id":"https:\/\/www.mobilier-design-occasion.fr\/magazine\/quels-sont-les-criteres-de-choix-dune-entreprise-pour-des-travaux-de-renovation\/#article","isPartOf":{"@id":"https:\/\/www.mobilier-design-occasion.fr\/magazine\/quels-sont-les-criteres-de-choix-dune-entreprise-pour-des-travaux-de-renovation\/"},"author":{"name":"Cyrielle Poirot","@id":"https:\/\/www.mobilier-design-occasion.fr\/magazine\/#\/schema\/person\/5b2e5627a714ddadaaf8c9b886c55eff"},"headline":"Quels sont les crit\u00e8res de choix d&#8217;une entreprise pour des travaux de r\u00e9novation\u2009?","datePublished":"2022-02-24T12:39:57+00:00","dateModified":"2023-09-25T13:39:49+00:00","mainEntityOfPage":{"@id":"https:\/\/www.mobilier-design-occasion.fr\/magazine\/quels-sont-les-criteres-de-choix-dune-entreprise-pour-des-travaux-de-renovation\/"},"wordCount":931,"commentCount":0,"publisher":{"@id":"https:\/\/www.mobilier-design-occasion.fr\/magazine\/#organization"},"image":{"@id":"https:\/\/www.mobilier-design-occasion.fr\/magazine\/quels-sont-les-criteres-de-choix-dune-entreprise-pour-des-travaux-de-renovation\/#primaryimage"},"thumbnailUrl":"https:\/\/www.mobilier-design-occasion.fr\/magazine\/wp-content\/uploads\/2022\/02\/7771517208fbd9ed46122e9cec418377.jpeg","articleSection":["Tendances"],"inLanguage":"fr-FR","potentialAction":[{"@type":"CommentAction","name":"Comment","target":["https:\/\/www.mobilier-design-occasion.fr\/magazine\/quels-sont-les-criteres-de-choix-dune-entreprise-pour-des-travaux-de-renovation\/#respond"]}]},{"@type":"WebPage","@id":"https:\/\/www.mobilier-design-occasion.fr\/magazine\/quels-sont-les-criteres-de-choix-dune-entreprise-pour-des-travaux-de-renovation\/","url":"https:\/\/www.mobilier-design-occasion.fr\/magazine\/quels-sont-les-criteres-de-choix-dune-entreprise-pour-des-travaux-de-renovation\/","name":"Quels sont les crit\u00e8res de choix d'une entreprise pour des travaux de r\u00e9novation\u2009? - Mobilier Design Magazine","isPartOf":{"@id":"https:\/\/www.mobilier-design-occasion.fr\/magazine\/#website"},"primaryImageOfPage":{"@id":"https:\/\/www.mobilier-design-occasion.fr\/magazine\/quels-sont-les-criteres-de-choix-dune-entreprise-pour-des-travaux-de-renovation\/#primaryimage"},"image":{"@id":"https:\/\/www.mobilier-design-occasion.fr\/magazine\/quels-sont-les-criteres-de-choix-dune-entreprise-pour-des-travaux-de-renovation\/#primaryimage"},"thumbnailUrl":"https:\/\/www.mobilier-design-occasion.fr\/magazine\/wp-content\/uploads\/2022\/02\/7771517208fbd9ed46122e9cec418377.jpeg","datePublished":"2022-02-24T12:39:57+00:00","dateModified":"2023-09-25T13:39:49+00:00","breadcrumb":{"@id":"https:\/\/www.mobilier-design-occasion.fr\/magazine\/quels-sont-les-criteres-de-choix-dune-entreprise-pour-des-travaux-de-renovation\/#breadcrumb"},"inLanguage":"fr-FR","potentialAction":[{"@type":"ReadAction","target":["https:\/\/www.mobilier-design-occasion.fr\/magazine\/quels-sont-les-criteres-de-choix-dune-entreprise-pour-des-travaux-de-renovation\/"]}]},{"@type":"ImageObject","inLanguage":"fr-FR","@id":"https:\/\/www.mobilier-design-occasion.fr\/magazine\/quels-sont-les-criteres-de-choix-dune-entreprise-pour-des-travaux-de-renovation\/#primaryimage","url":"https:\/\/www.mobilier-design-occasion.fr\/magazine\/wp-content\/uploads\/2022\/02\/7771517208fbd9ed46122e9cec418377.jpeg","contentUrl":"https:\/\/www.mobilier-design-occasion.fr\/magazine\/wp-content\/uploads\/2022\/02\/7771517208fbd9ed46122e9cec418377.jpeg","width":1880,"height":1253},{"@type":"BreadcrumbList","@id":"https:\/\/www.mobilier-design-occasion.fr\/magazine\/quels-sont-les-criteres-de-choix-dune-entreprise-pour-des-travaux-de-renovation\/#breadcrumb","itemListElement":[{"@type":"ListItem","position":1,"name":"Accueil","item":"https:\/\/www.mobilier-design-occasion.fr\/magazine\/"},{"@type":"ListItem","position":2,"name":"Quels sont les crit\u00e8res de choix d&rsquo;une entreprise pour des travaux de r\u00e9novation\u2009?"}]},{"@type":"WebSite","@id":"https:\/\/www.mobilier-design-occasion.fr\/magazine\/#website","url":"https:\/\/www.mobilier-design-occasion.fr\/magazine\/","name":"Mobilier Design Magazine","description":"","publisher":{"@id":"https:\/\/www.mobilier-design-occasion.fr\/magazine\/#organization"},"potentialAction":[{"@type":"SearchAction","target":{"@type":"EntryPoint","urlTemplate":"https:\/\/www.mobilier-design-occasion.fr\/magazine\/?s={search_term_string}"},"query-input":{"@type":"PropertyValueSpecification","valueRequired":true,"valueName":"search_term_string"}}],"inLanguage":"fr-FR"},{"@type":"Organization","@id":"https:\/\/www.mobilier-design-occasion.fr\/magazine\/#organization","name":"Mobilier Design Magazine","url":"https:\/\/www.mobilier-design-occasion.fr\/magazine\/","logo":{"@type":"ImageObject","inLanguage":"fr-FR","@id":"https:\/\/www.mobilier-design-occasion.fr\/magazine\/#\/schema\/logo\/image\/","url":"https:\/\/www.mobilier-design-occasion.fr\/magazine\/wp-content\/uploads\/2024\/02\/android-chrome-192x192-1.png","contentUrl":"https:\/\/www.mobilier-design-occasion.fr\/magazine\/wp-content\/uploads\/2024\/02\/android-chrome-192x192-1.png","width":192,"height":192,"caption":"Mobilier Design Magazine"},"image":{"@id":"https:\/\/www.mobilier-design-occasion.fr\/magazine\/#\/schema\/logo\/image\/"},"sameAs":["https:\/\/www.facebook.com\/mobilierdesignoccasion"]},{"@type":"Person","@id":"https:\/\/www.mobilier-design-occasion.fr\/magazine\/#\/schema\/person\/5b2e5627a714ddadaaf8c9b886c55eff","name":"Cyrielle Poirot","image":{"@type":"ImageObject","inLanguage":"fr-FR","@id":"https:\/\/secure.gravatar.com\/avatar\/c8d2674e093b06894d8d1dc468b626bd752523471f3ac6e75f7c7a1400d40b4d?s=96&d=mm&r=g","url":"https:\/\/secure.gravatar.com\/avatar\/c8d2674e093b06894d8d1dc468b626bd752523471f3ac6e75f7c7a1400d40b4d?s=96&d=mm&r=g","contentUrl":"https:\/\/secure.gravatar.com\/avatar\/c8d2674e093b06894d8d1dc468b626bd752523471f3ac6e75f7c7a1400d40b4d?s=96&d=mm&r=g","caption":"Cyrielle Poirot"},"description":"Cyrielle est passionn\u00e9e par la d\u00e9coration d'int\u00e9rieur et s'est sp\u00e9cialis\u00e9e depuis quelques ann\u00e9es dans l'\u00e9dition du site Mobilier-Design, avec une touche sp\u00e9cifique pour les produits d'occasion.","sameAs":["https:\/\/www.mobilier-design-occasion.fr\/magazine"],"url":"https:\/\/www.mobilier-design-occasion.fr\/magazine\/author\/cyrielle\/"}]}},"_links":{"self":[{"href":"https:\/\/www.mobilier-design-occasion.fr\/magazine\/wp-json\/wp\/v2\/posts\/3490","targetHints":{"allow":["GET"]}}],"collection":[{"href":"https:\/\/www.mobilier-design-occasion.fr\/magazine\/wp-json\/wp\/v2\/posts"}],"about":[{"href":"https:\/\/www.mobilier-design-occasion.fr\/magazine\/wp-json\/wp\/v2\/types\/post"}],"author":[{"embeddable":true,"href":"https:\/\/www.mobilier-design-occasion.fr\/magazine\/wp-json\/wp\/v2\/users\/1"}],"replies":[{"embeddable":true,"href":"https:\/\/www.mobilier-design-occasion.fr\/magazine\/wp-json\/wp\/v2\/comments?post=3490"}],"version-history":[{"count":2,"href":"https:\/\/www.mobilier-design-occasion.fr\/magazine\/wp-json\/wp\/v2\/posts\/3490\/revisions"}],"predecessor-version":[{"id":3494,"href":"https:\/\/www.mobilier-design-occasion.fr\/magazine\/wp-json\/wp\/v2\/posts\/3490\/revisions\/3494"}],"wp:featuredmedia":[{"embeddable":true,"href":"https:\/\/www.mobilier-design-occasion.fr\/magazine\/wp-json\/wp\/v2\/media\/3491"}],"wp:attachment":[{"href":"https:\/\/www.mobilier-design-occasion.fr\/magazine\/wp-json\/wp\/v2\/media?parent=3490"}],"wp:term":[{"taxonomy":"category","embeddable":true,"href":"https:\/\/www.mobilier-design-occasion.fr\/magazine\/wp-json\/wp\/v2\/categories?post=3490"},{"taxonomy":"post_tag","embeddable":true,"href":"https:\/\/www.mobilier-design-occasion.fr\/magazine\/wp-json\/wp\/v2\/tags?post=3490"}],"curies":[{"name":"wp","href":"https:\/\/api.w.org\/{rel}","templated":true}]}}