{"id":3486,"date":"2022-02-18T07:54:12","date_gmt":"2022-02-18T07:54:12","guid":{"rendered":"https:\/\/www.mobilier-design-occasion.fr\/magazine\/?p=3486"},"modified":"2023-09-25T13:40:10","modified_gmt":"2023-09-25T13:40:10","slug":"quels-parametres-considerer-pour-le-choix-de-vos-luminaires","status":"publish","type":"post","link":"https:\/\/www.mobilier-design-occasion.fr\/magazine\/quels-parametres-considerer-pour-le-choix-de-vos-luminaires\/","title":{"rendered":"Quels param\u00e8tres consid\u00e9rer pour le choix de vos luminaires\u2009?"},"content":{"rendered":"\n<p>Accessoires d\u2019ornement pour certains, objets pratiques pour d\u2019autres, les luminaires sont des outils essentiels pour \u00e9clairer une pi\u00e8ce et lui donner une certaine ambiance. Compte tenu de la multitude de luminaires existant sur le march\u00e9, il n\u2019est pas toujours facile d\u2019effectuer un choix ad\u00e9quat. D\u00e9couvrez ici comment faire un bon choix de vos luminaires.<\/p>\n\n\n\n<h2 class=\"wp-block-heading\" id=\"les-differents-types-de-luminaires-existants\">Les diff\u00e9rents types de luminaires existants\u00a0<\/h2>\n\n\n\n<p>Sur le march\u00e9, il existe diff\u00e9rents types de&nbsp;<strong>luminaires<\/strong>&nbsp;se d\u00e9marquant les uns des autres par leurs aspects et designs. Comme luminaire, on peut citer&nbsp;:<\/p>\n\n\n\n<ul class=\"wp-block-list\"><li>les lampadaires ou lampes de plancher\u2009;<\/li><li>les appliques\u2009;<\/li><li>les LED encastr\u00e9es\u2009;<\/li><li>les suspensions\u2009;<\/li><li>les lustres\u2009;<\/li><li>les plafonniers\u2009;<\/li><li>les lampes de bureau\u2009;<\/li><li>les spots orientables\u2009;<\/li><li>les lampes de chevet.<\/li><\/ul>\n\n\n\n<p>Ces luminaires peuvent se pr\u00e9senter&nbsp;<strong>dans un style<\/strong>&nbsp;industriel, scandinave ou en grappe.<\/p>\n\n\n\n<p>La&nbsp;<a href=\"https:\/\/www.barak7.com\/272-luminaires\">Collection de luminaires industriels Barak&nbsp;7<\/a>&nbsp;vous offre une multitude de choix, si vous envisagez de choisir des luminaires de type industriels.<\/p>\n\n\n\n<p>Les lustres et les suspensions sont fix\u00e9s au plafond. Plus clairement, ils servent \u00e0 l\u2019\u00e9clairage de l\u2019ensemble d\u2019une pi\u00e8ce sans pour autant obstruer le passage au sol. Les lampadaires par contre, sont dispos\u00e9s au sol et offrent un&nbsp;<strong>\u00e9clairage directionnel<\/strong>, et ce, en fonction de l\u2019abat-jour.<\/p>\n\n\n\n<p>Les plafonniers sont \u00e0 privil\u00e9gier dans les parties basses de plafonds puisqu\u2019ils recouvrent la totalit\u00e9 de l\u2019espace et ne pendent pas.<\/p>\n\n\n\n<p>Les lampes de chevet et de bureau quant \u00e0 elles, sont dispos\u00e9es sur une table et offrent un \u00e9clairage directionnel, car elles permettent de lire ou travailler dans un environnement apaisant.<\/p>\n\n\n\n<p>Diffusant une&nbsp;<strong>lumi\u00e8re tamis\u00e9e<\/strong>, les appliques sont fix\u00e9es au mur. Elles se font discr\u00e8tes et se pr\u00eatent agr\u00e9ablement aux endroits de passage.<\/p>\n\n\n\n<p>Les LED encastr\u00e9es, mises au plafond, offrent une lumi\u00e8re directionnelle et sont habituellement install\u00e9es en groupes. Elles offrent un tr\u00e8s beau rendu les soirs.<\/p>\n\n\n\n<p>Les spots orientables permettent l\u2019\u00e9clairage d\u2019un endroit sp\u00e9cifique mettant en relief un objet ou autres.<\/p>\n\n\n\n<h2 class=\"wp-block-heading\" id=\"le-style-et-la-taille-du-luminaire\">Le style et la taille du luminaire<\/h2>\n\n\n\n<p>Le&nbsp;<strong>choix de luminaire<\/strong>&nbsp;se fait le plus souvent quand la pi\u00e8ce est d\u00e9j\u00e0 orn\u00e9e et garnie. Dans ce cas, il faudra faire un accord entre le style d\u00e9j\u00e0 d\u00e9fini et l\u2019agencement de la salle. Vous pouvez toutefois rester dans un style identique \u00e0 votre int\u00e9rieur, qu\u2019il soit classique, scandinave, rustique.<\/p>\n\n\n\n<p>Il est \u00e9galement important de faire son choix en fonction de la mati\u00e8re des luminaires. Tout est autoris\u00e9 en mati\u00e8re de mat\u00e9riaux pour les luminaires. Les mati\u00e8res naturelles comme le <a href=\"https:\/\/www.mobilier-design-occasion.fr\/magazine\/avis-mathy-by-bols\/\">bois<\/a>, le bambou, l\u2019osier\u2026 sont chaleureuses et adapt\u00e9es au style rustique et bien aussi au moderne. Cependant, abstenez-vous de les mettre dans des pi\u00e8ces humides.<\/p>\n\n\n\n<p>Les mati\u00e8res lisses quant \u00e0 elles sont plus simples \u00e0 mettre au propre et froides, elles savent se faire discr\u00e8tes dans un style contemporain.<\/p>\n\n\n\n<p>Pour faire le choix de la taille de vos luminaires, vous devez le faire en fonction des dimensions de la pi\u00e8ce. Les&nbsp;<strong>dimensions des meubles<\/strong>&nbsp;et objets sont \u00e9galement \u00e0 prendre en compte pour effectuer ce choix.<\/p>\n\n\n\n<p>Un luminaire doit rester dans les dimensions de l\u2019espace \u00e0 moins que vous ne vouliez en faire une&nbsp;<strong>pi\u00e8ce maitresse<\/strong>.<\/p>\n","protected":false},"excerpt":{"rendered":"<p>Accessoires d\u2019ornement pour certains, objets pratiques pour d\u2019autres, les luminaires sont des outils essentiels pour \u00e9clairer une pi\u00e8ce et lui donner une certaine ambiance. Compte tenu de la multitude de luminaires existant sur le march\u00e9, il n\u2019est pas toujours facile d\u2019effectuer un choix ad\u00e9quat. D\u00e9couvrez ici comment faire un bon choix de vos luminaires. Les [&hellip;]<\/p>\n","protected":false},"author":1,"featured_media":3487,"comment_status":"open","ping_status":"open","sticky":false,"template":"","format":"standard","meta":{"footnotes":""},"categories":[2],"tags":[],"class_list":["post-3486","post","type-post","status-publish","format-standard","has-post-thumbnail","hentry","category-tendances"],"yoast_head":"<!-- This site is optimized with the Yoast SEO plugin v27.5 - https:\/\/yoast.com\/product\/yoast-seo-wordpress\/ -->\n<title>Quels param\u00e8tres consid\u00e9rer pour le choix de vos luminaires\u2009? - Mobilier Design Magazine<\/title>\n<meta name=\"robots\" content=\"index, follow, max-snippet:-1, max-image-preview:large, max-video-preview:-1\" \/>\n<link rel=\"canonical\" href=\"https:\/\/www.mobilier-design-occasion.fr\/magazine\/quels-parametres-considerer-pour-le-choix-de-vos-luminaires\/\" \/>\n<meta property=\"og:locale\" content=\"fr_FR\" \/>\n<meta property=\"og:type\" content=\"article\" \/>\n<meta property=\"og:title\" content=\"Quels param\u00e8tres consid\u00e9rer pour le choix de vos luminaires\u2009? - Mobilier Design Magazine\" \/>\n<meta property=\"og:description\" content=\"Accessoires d\u2019ornement pour certains, objets pratiques pour d\u2019autres, les luminaires sont des outils essentiels pour \u00e9clairer une pi\u00e8ce et lui donner une certaine ambiance. Compte tenu de la multitude de luminaires existant sur le march\u00e9, il n\u2019est pas toujours facile d\u2019effectuer un choix ad\u00e9quat. D\u00e9couvrez ici comment faire un bon choix de vos luminaires. Les [&hellip;]\" \/>\n<meta property=\"og:url\" content=\"https:\/\/www.mobilier-design-occasion.fr\/magazine\/quels-parametres-considerer-pour-le-choix-de-vos-luminaires\/\" \/>\n<meta property=\"og:site_name\" content=\"Mobilier Design Magazine\" \/>\n<meta property=\"article:publisher\" content=\"https:\/\/www.facebook.com\/mobilierdesignoccasion\" \/>\n<meta property=\"article:published_time\" content=\"2022-02-18T07:54:12+00:00\" \/>\n<meta property=\"article:modified_time\" content=\"2023-09-25T13:40:10+00:00\" \/>\n<meta property=\"og:image\" content=\"https:\/\/www.mobilier-design-occasion.fr\/magazine\/wp-content\/uploads\/2022\/02\/37be7f6e0cc827d86062041758d3db64.jpeg\" \/>\n\t<meta property=\"og:image:width\" content=\"847\" \/>\n\t<meta property=\"og:image:height\" content=\"565\" \/>\n\t<meta property=\"og:image:type\" content=\"image\/jpeg\" \/>\n<meta name=\"author\" content=\"Cyrielle Poirot\" \/>\n<meta name=\"twitter:card\" content=\"summary_large_image\" \/>\n<meta name=\"twitter:label1\" content=\"\u00c9crit par\" \/>\n\t<meta name=\"twitter:data1\" content=\"Cyrielle Poirot\" \/>\n\t<meta name=\"twitter:label2\" content=\"Dur\u00e9e de lecture estim\u00e9e\" \/>\n\t<meta name=\"twitter:data2\" content=\"3 minutes\" \/>\n<script type=\"application\/ld+json\" class=\"yoast-schema-graph\">{\"@context\":\"https:\\\/\\\/schema.org\",\"@graph\":[{\"@type\":\"Article\",\"@id\":\"https:\\\/\\\/www.mobilier-design-occasion.fr\\\/magazine\\\/quels-parametres-considerer-pour-le-choix-de-vos-luminaires\\\/#article\",\"isPartOf\":{\"@id\":\"https:\\\/\\\/www.mobilier-design-occasion.fr\\\/magazine\\\/quels-parametres-considerer-pour-le-choix-de-vos-luminaires\\\/\"},\"author\":{\"name\":\"Cyrielle Poirot\",\"@id\":\"https:\\\/\\\/www.mobilier-design-occasion.fr\\\/magazine\\\/#\\\/schema\\\/person\\\/5b2e5627a714ddadaaf8c9b886c55eff\"},\"headline\":\"Quels param\u00e8tres consid\u00e9rer pour le choix de vos luminaires\u2009?\",\"datePublished\":\"2022-02-18T07:54:12+00:00\",\"dateModified\":\"2023-09-25T13:40:10+00:00\",\"mainEntityOfPage\":{\"@id\":\"https:\\\/\\\/www.mobilier-design-occasion.fr\\\/magazine\\\/quels-parametres-considerer-pour-le-choix-de-vos-luminaires\\\/\"},\"wordCount\":575,\"commentCount\":0,\"publisher\":{\"@id\":\"https:\\\/\\\/www.mobilier-design-occasion.fr\\\/magazine\\\/#organization\"},\"image\":{\"@id\":\"https:\\\/\\\/www.mobilier-design-occasion.fr\\\/magazine\\\/quels-parametres-considerer-pour-le-choix-de-vos-luminaires\\\/#primaryimage\"},\"thumbnailUrl\":\"https:\\\/\\\/www.mobilier-design-occasion.fr\\\/magazine\\\/wp-content\\\/uploads\\\/2022\\\/02\\\/37be7f6e0cc827d86062041758d3db64.jpeg\",\"articleSection\":[\"Tendances\"],\"inLanguage\":\"fr-FR\",\"potentialAction\":[{\"@type\":\"CommentAction\",\"name\":\"Comment\",\"target\":[\"https:\\\/\\\/www.mobilier-design-occasion.fr\\\/magazine\\\/quels-parametres-considerer-pour-le-choix-de-vos-luminaires\\\/#respond\"]}]},{\"@type\":\"WebPage\",\"@id\":\"https:\\\/\\\/www.mobilier-design-occasion.fr\\\/magazine\\\/quels-parametres-considerer-pour-le-choix-de-vos-luminaires\\\/\",\"url\":\"https:\\\/\\\/www.mobilier-design-occasion.fr\\\/magazine\\\/quels-parametres-considerer-pour-le-choix-de-vos-luminaires\\\/\",\"name\":\"Quels param\u00e8tres consid\u00e9rer pour le choix de vos luminaires\u2009? - Mobilier Design Magazine\",\"isPartOf\":{\"@id\":\"https:\\\/\\\/www.mobilier-design-occasion.fr\\\/magazine\\\/#website\"},\"primaryImageOfPage\":{\"@id\":\"https:\\\/\\\/www.mobilier-design-occasion.fr\\\/magazine\\\/quels-parametres-considerer-pour-le-choix-de-vos-luminaires\\\/#primaryimage\"},\"image\":{\"@id\":\"https:\\\/\\\/www.mobilier-design-occasion.fr\\\/magazine\\\/quels-parametres-considerer-pour-le-choix-de-vos-luminaires\\\/#primaryimage\"},\"thumbnailUrl\":\"https:\\\/\\\/www.mobilier-design-occasion.fr\\\/magazine\\\/wp-content\\\/uploads\\\/2022\\\/02\\\/37be7f6e0cc827d86062041758d3db64.jpeg\",\"datePublished\":\"2022-02-18T07:54:12+00:00\",\"dateModified\":\"2023-09-25T13:40:10+00:00\",\"breadcrumb\":{\"@id\":\"https:\\\/\\\/www.mobilier-design-occasion.fr\\\/magazine\\\/quels-parametres-considerer-pour-le-choix-de-vos-luminaires\\\/#breadcrumb\"},\"inLanguage\":\"fr-FR\",\"potentialAction\":[{\"@type\":\"ReadAction\",\"target\":[\"https:\\\/\\\/www.mobilier-design-occasion.fr\\\/magazine\\\/quels-parametres-considerer-pour-le-choix-de-vos-luminaires\\\/\"]}]},{\"@type\":\"ImageObject\",\"inLanguage\":\"fr-FR\",\"@id\":\"https:\\\/\\\/www.mobilier-design-occasion.fr\\\/magazine\\\/quels-parametres-considerer-pour-le-choix-de-vos-luminaires\\\/#primaryimage\",\"url\":\"https:\\\/\\\/www.mobilier-design-occasion.fr\\\/magazine\\\/wp-content\\\/uploads\\\/2022\\\/02\\\/37be7f6e0cc827d86062041758d3db64.jpeg\",\"contentUrl\":\"https:\\\/\\\/www.mobilier-design-occasion.fr\\\/magazine\\\/wp-content\\\/uploads\\\/2022\\\/02\\\/37be7f6e0cc827d86062041758d3db64.jpeg\",\"width\":847,\"height\":565},{\"@type\":\"BreadcrumbList\",\"@id\":\"https:\\\/\\\/www.mobilier-design-occasion.fr\\\/magazine\\\/quels-parametres-considerer-pour-le-choix-de-vos-luminaires\\\/#breadcrumb\",\"itemListElement\":[{\"@type\":\"ListItem\",\"position\":1,\"name\":\"Accueil\",\"item\":\"https:\\\/\\\/www.mobilier-design-occasion.fr\\\/magazine\\\/\"},{\"@type\":\"ListItem\",\"position\":2,\"name\":\"Quels param\u00e8tres consid\u00e9rer pour le choix de vos luminaires\u2009?\"}]},{\"@type\":\"WebSite\",\"@id\":\"https:\\\/\\\/www.mobilier-design-occasion.fr\\\/magazine\\\/#website\",\"url\":\"https:\\\/\\\/www.mobilier-design-occasion.fr\\\/magazine\\\/\",\"name\":\"Mobilier Design Magazine\",\"description\":\"\",\"publisher\":{\"@id\":\"https:\\\/\\\/www.mobilier-design-occasion.fr\\\/magazine\\\/#organization\"},\"potentialAction\":[{\"@type\":\"SearchAction\",\"target\":{\"@type\":\"EntryPoint\",\"urlTemplate\":\"https:\\\/\\\/www.mobilier-design-occasion.fr\\\/magazine\\\/?s={search_term_string}\"},\"query-input\":{\"@type\":\"PropertyValueSpecification\",\"valueRequired\":true,\"valueName\":\"search_term_string\"}}],\"inLanguage\":\"fr-FR\"},{\"@type\":\"Organization\",\"@id\":\"https:\\\/\\\/www.mobilier-design-occasion.fr\\\/magazine\\\/#organization\",\"name\":\"Mobilier Design Magazine\",\"url\":\"https:\\\/\\\/www.mobilier-design-occasion.fr\\\/magazine\\\/\",\"logo\":{\"@type\":\"ImageObject\",\"inLanguage\":\"fr-FR\",\"@id\":\"https:\\\/\\\/www.mobilier-design-occasion.fr\\\/magazine\\\/#\\\/schema\\\/logo\\\/image\\\/\",\"url\":\"https:\\\/\\\/www.mobilier-design-occasion.fr\\\/magazine\\\/wp-content\\\/uploads\\\/2024\\\/02\\\/android-chrome-192x192-1.png\",\"contentUrl\":\"https:\\\/\\\/www.mobilier-design-occasion.fr\\\/magazine\\\/wp-content\\\/uploads\\\/2024\\\/02\\\/android-chrome-192x192-1.png\",\"width\":192,\"height\":192,\"caption\":\"Mobilier Design Magazine\"},\"image\":{\"@id\":\"https:\\\/\\\/www.mobilier-design-occasion.fr\\\/magazine\\\/#\\\/schema\\\/logo\\\/image\\\/\"},\"sameAs\":[\"https:\\\/\\\/www.facebook.com\\\/mobilierdesignoccasion\"]},{\"@type\":\"Person\",\"@id\":\"https:\\\/\\\/www.mobilier-design-occasion.fr\\\/magazine\\\/#\\\/schema\\\/person\\\/5b2e5627a714ddadaaf8c9b886c55eff\",\"name\":\"Cyrielle Poirot\",\"image\":{\"@type\":\"ImageObject\",\"inLanguage\":\"fr-FR\",\"@id\":\"https:\\\/\\\/secure.gravatar.com\\\/avatar\\\/c8d2674e093b06894d8d1dc468b626bd752523471f3ac6e75f7c7a1400d40b4d?s=96&d=mm&r=g\",\"url\":\"https:\\\/\\\/secure.gravatar.com\\\/avatar\\\/c8d2674e093b06894d8d1dc468b626bd752523471f3ac6e75f7c7a1400d40b4d?s=96&d=mm&r=g\",\"contentUrl\":\"https:\\\/\\\/secure.gravatar.com\\\/avatar\\\/c8d2674e093b06894d8d1dc468b626bd752523471f3ac6e75f7c7a1400d40b4d?s=96&d=mm&r=g\",\"caption\":\"Cyrielle Poirot\"},\"description\":\"Cyrielle est passionn\u00e9e par la d\u00e9coration d'int\u00e9rieur et s'est sp\u00e9cialis\u00e9e depuis quelques ann\u00e9es dans l'\u00e9dition du site Mobilier-Design, avec une touche sp\u00e9cifique pour les produits d'occasion.\",\"sameAs\":[\"https:\\\/\\\/www.mobilier-design-occasion.fr\\\/magazine\"],\"url\":\"https:\\\/\\\/www.mobilier-design-occasion.fr\\\/magazine\\\/author\\\/cyrielle\\\/\"}]}<\/script>\n<!-- \/ Yoast SEO plugin. -->","yoast_head_json":{"title":"Quels param\u00e8tres consid\u00e9rer pour le choix de vos luminaires\u2009? - Mobilier Design Magazine","robots":{"index":"index","follow":"follow","max-snippet":"max-snippet:-1","max-image-preview":"max-image-preview:large","max-video-preview":"max-video-preview:-1"},"canonical":"https:\/\/www.mobilier-design-occasion.fr\/magazine\/quels-parametres-considerer-pour-le-choix-de-vos-luminaires\/","og_locale":"fr_FR","og_type":"article","og_title":"Quels param\u00e8tres consid\u00e9rer pour le choix de vos luminaires\u2009? - Mobilier Design Magazine","og_description":"Accessoires d\u2019ornement pour certains, objets pratiques pour d\u2019autres, les luminaires sont des outils essentiels pour \u00e9clairer une pi\u00e8ce et lui donner une certaine ambiance. Compte tenu de la multitude de luminaires existant sur le march\u00e9, il n\u2019est pas toujours facile d\u2019effectuer un choix ad\u00e9quat. D\u00e9couvrez ici comment faire un bon choix de vos luminaires. Les [&hellip;]","og_url":"https:\/\/www.mobilier-design-occasion.fr\/magazine\/quels-parametres-considerer-pour-le-choix-de-vos-luminaires\/","og_site_name":"Mobilier Design Magazine","article_publisher":"https:\/\/www.facebook.com\/mobilierdesignoccasion","article_published_time":"2022-02-18T07:54:12+00:00","article_modified_time":"2023-09-25T13:40:10+00:00","og_image":[{"width":847,"height":565,"url":"https:\/\/www.mobilier-design-occasion.fr\/magazine\/wp-content\/uploads\/2022\/02\/37be7f6e0cc827d86062041758d3db64.jpeg","type":"image\/jpeg"}],"author":"Cyrielle Poirot","twitter_card":"summary_large_image","twitter_misc":{"\u00c9crit par":"Cyrielle Poirot","Dur\u00e9e de lecture estim\u00e9e":"3 minutes"},"schema":{"@context":"https:\/\/schema.org","@graph":[{"@type":"Article","@id":"https:\/\/www.mobilier-design-occasion.fr\/magazine\/quels-parametres-considerer-pour-le-choix-de-vos-luminaires\/#article","isPartOf":{"@id":"https:\/\/www.mobilier-design-occasion.fr\/magazine\/quels-parametres-considerer-pour-le-choix-de-vos-luminaires\/"},"author":{"name":"Cyrielle Poirot","@id":"https:\/\/www.mobilier-design-occasion.fr\/magazine\/#\/schema\/person\/5b2e5627a714ddadaaf8c9b886c55eff"},"headline":"Quels param\u00e8tres consid\u00e9rer pour le choix de vos luminaires\u2009?","datePublished":"2022-02-18T07:54:12+00:00","dateModified":"2023-09-25T13:40:10+00:00","mainEntityOfPage":{"@id":"https:\/\/www.mobilier-design-occasion.fr\/magazine\/quels-parametres-considerer-pour-le-choix-de-vos-luminaires\/"},"wordCount":575,"commentCount":0,"publisher":{"@id":"https:\/\/www.mobilier-design-occasion.fr\/magazine\/#organization"},"image":{"@id":"https:\/\/www.mobilier-design-occasion.fr\/magazine\/quels-parametres-considerer-pour-le-choix-de-vos-luminaires\/#primaryimage"},"thumbnailUrl":"https:\/\/www.mobilier-design-occasion.fr\/magazine\/wp-content\/uploads\/2022\/02\/37be7f6e0cc827d86062041758d3db64.jpeg","articleSection":["Tendances"],"inLanguage":"fr-FR","potentialAction":[{"@type":"CommentAction","name":"Comment","target":["https:\/\/www.mobilier-design-occasion.fr\/magazine\/quels-parametres-considerer-pour-le-choix-de-vos-luminaires\/#respond"]}]},{"@type":"WebPage","@id":"https:\/\/www.mobilier-design-occasion.fr\/magazine\/quels-parametres-considerer-pour-le-choix-de-vos-luminaires\/","url":"https:\/\/www.mobilier-design-occasion.fr\/magazine\/quels-parametres-considerer-pour-le-choix-de-vos-luminaires\/","name":"Quels param\u00e8tres consid\u00e9rer pour le choix de vos luminaires\u2009? - Mobilier Design Magazine","isPartOf":{"@id":"https:\/\/www.mobilier-design-occasion.fr\/magazine\/#website"},"primaryImageOfPage":{"@id":"https:\/\/www.mobilier-design-occasion.fr\/magazine\/quels-parametres-considerer-pour-le-choix-de-vos-luminaires\/#primaryimage"},"image":{"@id":"https:\/\/www.mobilier-design-occasion.fr\/magazine\/quels-parametres-considerer-pour-le-choix-de-vos-luminaires\/#primaryimage"},"thumbnailUrl":"https:\/\/www.mobilier-design-occasion.fr\/magazine\/wp-content\/uploads\/2022\/02\/37be7f6e0cc827d86062041758d3db64.jpeg","datePublished":"2022-02-18T07:54:12+00:00","dateModified":"2023-09-25T13:40:10+00:00","breadcrumb":{"@id":"https:\/\/www.mobilier-design-occasion.fr\/magazine\/quels-parametres-considerer-pour-le-choix-de-vos-luminaires\/#breadcrumb"},"inLanguage":"fr-FR","potentialAction":[{"@type":"ReadAction","target":["https:\/\/www.mobilier-design-occasion.fr\/magazine\/quels-parametres-considerer-pour-le-choix-de-vos-luminaires\/"]}]},{"@type":"ImageObject","inLanguage":"fr-FR","@id":"https:\/\/www.mobilier-design-occasion.fr\/magazine\/quels-parametres-considerer-pour-le-choix-de-vos-luminaires\/#primaryimage","url":"https:\/\/www.mobilier-design-occasion.fr\/magazine\/wp-content\/uploads\/2022\/02\/37be7f6e0cc827d86062041758d3db64.jpeg","contentUrl":"https:\/\/www.mobilier-design-occasion.fr\/magazine\/wp-content\/uploads\/2022\/02\/37be7f6e0cc827d86062041758d3db64.jpeg","width":847,"height":565},{"@type":"BreadcrumbList","@id":"https:\/\/www.mobilier-design-occasion.fr\/magazine\/quels-parametres-considerer-pour-le-choix-de-vos-luminaires\/#breadcrumb","itemListElement":[{"@type":"ListItem","position":1,"name":"Accueil","item":"https:\/\/www.mobilier-design-occasion.fr\/magazine\/"},{"@type":"ListItem","position":2,"name":"Quels param\u00e8tres consid\u00e9rer pour le choix de vos luminaires\u2009?"}]},{"@type":"WebSite","@id":"https:\/\/www.mobilier-design-occasion.fr\/magazine\/#website","url":"https:\/\/www.mobilier-design-occasion.fr\/magazine\/","name":"Mobilier Design Magazine","description":"","publisher":{"@id":"https:\/\/www.mobilier-design-occasion.fr\/magazine\/#organization"},"potentialAction":[{"@type":"SearchAction","target":{"@type":"EntryPoint","urlTemplate":"https:\/\/www.mobilier-design-occasion.fr\/magazine\/?s={search_term_string}"},"query-input":{"@type":"PropertyValueSpecification","valueRequired":true,"valueName":"search_term_string"}}],"inLanguage":"fr-FR"},{"@type":"Organization","@id":"https:\/\/www.mobilier-design-occasion.fr\/magazine\/#organization","name":"Mobilier Design Magazine","url":"https:\/\/www.mobilier-design-occasion.fr\/magazine\/","logo":{"@type":"ImageObject","inLanguage":"fr-FR","@id":"https:\/\/www.mobilier-design-occasion.fr\/magazine\/#\/schema\/logo\/image\/","url":"https:\/\/www.mobilier-design-occasion.fr\/magazine\/wp-content\/uploads\/2024\/02\/android-chrome-192x192-1.png","contentUrl":"https:\/\/www.mobilier-design-occasion.fr\/magazine\/wp-content\/uploads\/2024\/02\/android-chrome-192x192-1.png","width":192,"height":192,"caption":"Mobilier Design Magazine"},"image":{"@id":"https:\/\/www.mobilier-design-occasion.fr\/magazine\/#\/schema\/logo\/image\/"},"sameAs":["https:\/\/www.facebook.com\/mobilierdesignoccasion"]},{"@type":"Person","@id":"https:\/\/www.mobilier-design-occasion.fr\/magazine\/#\/schema\/person\/5b2e5627a714ddadaaf8c9b886c55eff","name":"Cyrielle Poirot","image":{"@type":"ImageObject","inLanguage":"fr-FR","@id":"https:\/\/secure.gravatar.com\/avatar\/c8d2674e093b06894d8d1dc468b626bd752523471f3ac6e75f7c7a1400d40b4d?s=96&d=mm&r=g","url":"https:\/\/secure.gravatar.com\/avatar\/c8d2674e093b06894d8d1dc468b626bd752523471f3ac6e75f7c7a1400d40b4d?s=96&d=mm&r=g","contentUrl":"https:\/\/secure.gravatar.com\/avatar\/c8d2674e093b06894d8d1dc468b626bd752523471f3ac6e75f7c7a1400d40b4d?s=96&d=mm&r=g","caption":"Cyrielle Poirot"},"description":"Cyrielle est passionn\u00e9e par la d\u00e9coration d'int\u00e9rieur et s'est sp\u00e9cialis\u00e9e depuis quelques ann\u00e9es dans l'\u00e9dition du site Mobilier-Design, avec une touche sp\u00e9cifique pour les produits d'occasion.","sameAs":["https:\/\/www.mobilier-design-occasion.fr\/magazine"],"url":"https:\/\/www.mobilier-design-occasion.fr\/magazine\/author\/cyrielle\/"}]}},"_links":{"self":[{"href":"https:\/\/www.mobilier-design-occasion.fr\/magazine\/wp-json\/wp\/v2\/posts\/3486","targetHints":{"allow":["GET"]}}],"collection":[{"href":"https:\/\/www.mobilier-design-occasion.fr\/magazine\/wp-json\/wp\/v2\/posts"}],"about":[{"href":"https:\/\/www.mobilier-design-occasion.fr\/magazine\/wp-json\/wp\/v2\/types\/post"}],"author":[{"embeddable":true,"href":"https:\/\/www.mobilier-design-occasion.fr\/magazine\/wp-json\/wp\/v2\/users\/1"}],"replies":[{"embeddable":true,"href":"https:\/\/www.mobilier-design-occasion.fr\/magazine\/wp-json\/wp\/v2\/comments?post=3486"}],"version-history":[{"count":1,"href":"https:\/\/www.mobilier-design-occasion.fr\/magazine\/wp-json\/wp\/v2\/posts\/3486\/revisions"}],"predecessor-version":[{"id":3488,"href":"https:\/\/www.mobilier-design-occasion.fr\/magazine\/wp-json\/wp\/v2\/posts\/3486\/revisions\/3488"}],"wp:featuredmedia":[{"embeddable":true,"href":"https:\/\/www.mobilier-design-occasion.fr\/magazine\/wp-json\/wp\/v2\/media\/3487"}],"wp:attachment":[{"href":"https:\/\/www.mobilier-design-occasion.fr\/magazine\/wp-json\/wp\/v2\/media?parent=3486"}],"wp:term":[{"taxonomy":"category","embeddable":true,"href":"https:\/\/www.mobilier-design-occasion.fr\/magazine\/wp-json\/wp\/v2\/categories?post=3486"},{"taxonomy":"post_tag","embeddable":true,"href":"https:\/\/www.mobilier-design-occasion.fr\/magazine\/wp-json\/wp\/v2\/tags?post=3486"}],"curies":[{"name":"wp","href":"https:\/\/api.w.org\/{rel}","templated":true}]}}