{"id":3483,"date":"2022-02-17T08:42:52","date_gmt":"2022-02-17T08:42:52","guid":{"rendered":"https:\/\/www.mobilier-design-occasion.fr\/magazine\/?p=3483"},"modified":"2022-02-17T08:42:53","modified_gmt":"2022-02-17T08:42:53","slug":"pourquoi-choisir-les-poufs-pour-la-decoration-de-votre-piece","status":"publish","type":"post","link":"https:\/\/www.mobilier-design-occasion.fr\/magazine\/pourquoi-choisir-les-poufs-pour-la-decoration-de-votre-piece\/","title":{"rendered":"Pourquoi choisir les poufs pour la d\u00e9coration de votre pi\u00e8ce ?"},"content":{"rendered":"\n<p>Pour votre propre confort et la d\u00e9coration int\u00e9rieure de votre&nbsp;<strong>appartement<\/strong>, il est important que vous meubliez vos pi\u00e8ces. Ainsi, plusieurs options de meubles s\u2019offrent \u00e0 vous. Parmi ceux-ci, vous avez&nbsp;<strong>les poufs<\/strong>. Ces derniers sont des mobiliers qui adoptent toutes les couleurs de l\u2019arc-en-ciel et r\u00e9pondent \u00e0 vos attentes du point de vue confort et relaxation. D\u00e9couvrez ici les avantages que pr\u00e9sentent les poufs pour vos jardins et vos pi\u00e8ces.&nbsp;<\/p>\n\n\n\n<h2 class=\"wp-block-heading\" id=\"pourquoi-opter-pour-des-poufs-pour-meubler-vos-pieces\">Pourquoi opter pour des poufs pour meubler vos pi\u00e8ces&nbsp;?&nbsp;<\/h2>\n\n\n\n<p>Les poufs sont des&nbsp;<strong>accessoires \u00e0 la fois d\u00e9coratifs et mobiliers<\/strong>. Ils se d\u00e9marquent des autres mobiliers traditionnels servant de si\u00e8ges dans les pi\u00e8ces par leurs formes,&nbsp;<strong>leurs designs<\/strong>&nbsp;ainsi que les mati\u00e8res qui servent \u00e0 leurs fabrications. En optant pour des poufs pour \u00e9quiper les pi\u00e8ces de votre maison, vous faites un choix unique. Si vous&nbsp;<a href=\"https:\/\/www.casabiloba.fr\/\" target=\"_blank\" rel=\"noreferrer noopener\">cliquez ici<\/a>, vous trouverez une large collection de poufs r\u00e9pondant \u00e0 vos attentes tels que&nbsp;:<\/p>\n\n\n\n<ul class=\"wp-block-list\"><li>les poufs Fausse fourrure&nbsp;;<\/li><li>les Zen Ball Lin Bleu&nbsp;;<\/li><li>les coussins de sol&nbsp;;<\/li><li>les poufs de piscine.<\/li><\/ul>\n\n\n\n<h2 class=\"wp-block-heading\" id=\"comment-choisir-le-pouf-adapte-a-votre-piece\">Comment choisir le pouf adapt\u00e9 \u00e0 votre pi\u00e8ce&nbsp;?<\/h2>\n\n\n\n<p>Les poufs sont ludiques et plaisent aussi bien&nbsp;<strong>aux enfants comme aux adultes<\/strong>. Alors pour mieux choisir votre pouf, vous devez tenir compte&nbsp;:<\/p>\n\n\n\n<ul class=\"wp-block-list\"><li>de la composition du meuble ;<\/li><li>de la forme du meuble&nbsp;;<\/li><li>de l\u2019emplacement de votre pi\u00e8ce.<\/li><\/ul>\n\n\n\n<p>Ce sont des accessoires ad\u00e9quats pour vos salons, car ils offrent un espace confortable pour prendre vos aises, pour lire un livre ou pour regarder la t\u00e9l\u00e9vision. En dehors des salons, le pouf est tr\u00e8s souvent recommand\u00e9 dans les chambres d\u2019ados ou d\u2019enfants. Ils existent sous&nbsp;<strong>multiples formes<\/strong>&nbsp;(carr\u00e9, rectangle, circulaire). Cette vari\u00e9t\u00e9 des formes lui permet d\u2019int\u00e9grer n\u2019importe quel environnement et d\u2019en apporter une touche de d\u00e9coration originale.<\/p>\n","protected":false},"excerpt":{"rendered":"<p>Pour votre propre confort et la d\u00e9coration int\u00e9rieure de votre&nbsp;appartement, il est important que vous meubliez vos pi\u00e8ces. Ainsi, plusieurs options de meubles s\u2019offrent \u00e0 vous. Parmi ceux-ci, vous avez&nbsp;les poufs. Ces derniers sont des mobiliers qui adoptent toutes les couleurs de l\u2019arc-en-ciel et r\u00e9pondent \u00e0 vos attentes du point de vue confort et relaxation. [&hellip;]<\/p>\n","protected":false},"author":1,"featured_media":3484,"comment_status":"open","ping_status":"open","sticky":false,"template":"","format":"standard","meta":{"footnotes":""},"categories":[2],"tags":[],"class_list":["post-3483","post","type-post","status-publish","format-standard","has-post-thumbnail","hentry","category-tendances"],"yoast_head":"<!-- This site is optimized with the Yoast SEO plugin v27.5 - https:\/\/yoast.com\/product\/yoast-seo-wordpress\/ -->\n<title>Pourquoi choisir les poufs pour la d\u00e9coration de votre pi\u00e8ce ? - Mobilier Design Magazine<\/title>\n<meta name=\"robots\" content=\"index, follow, max-snippet:-1, max-image-preview:large, max-video-preview:-1\" \/>\n<link rel=\"canonical\" href=\"https:\/\/www.mobilier-design-occasion.fr\/magazine\/pourquoi-choisir-les-poufs-pour-la-decoration-de-votre-piece\/\" \/>\n<meta property=\"og:locale\" content=\"fr_FR\" \/>\n<meta property=\"og:type\" content=\"article\" \/>\n<meta property=\"og:title\" content=\"Pourquoi choisir les poufs pour la d\u00e9coration de votre pi\u00e8ce ? - Mobilier Design Magazine\" \/>\n<meta property=\"og:description\" content=\"Pour votre propre confort et la d\u00e9coration int\u00e9rieure de votre&nbsp;appartement, il est important que vous meubliez vos pi\u00e8ces. Ainsi, plusieurs options de meubles s\u2019offrent \u00e0 vous. Parmi ceux-ci, vous avez&nbsp;les poufs. Ces derniers sont des mobiliers qui adoptent toutes les couleurs de l\u2019arc-en-ciel et r\u00e9pondent \u00e0 vos attentes du point de vue confort et relaxation. [&hellip;]\" \/>\n<meta property=\"og:url\" content=\"https:\/\/www.mobilier-design-occasion.fr\/magazine\/pourquoi-choisir-les-poufs-pour-la-decoration-de-votre-piece\/\" \/>\n<meta property=\"og:site_name\" content=\"Mobilier Design Magazine\" \/>\n<meta property=\"article:publisher\" content=\"https:\/\/www.facebook.com\/mobilierdesignoccasion\" \/>\n<meta property=\"article:published_time\" content=\"2022-02-17T08:42:52+00:00\" \/>\n<meta property=\"article:modified_time\" content=\"2022-02-17T08:42:53+00:00\" \/>\n<meta property=\"og:image\" content=\"https:\/\/www.mobilier-design-occasion.fr\/magazine\/wp-content\/uploads\/2022\/02\/c218b2d37b8a87606836226a3cbdbef1.jpeg\" \/>\n\t<meta property=\"og:image:width\" content=\"533\" \/>\n\t<meta property=\"og:image:height\" content=\"355\" \/>\n\t<meta property=\"og:image:type\" content=\"image\/jpeg\" \/>\n<meta name=\"author\" content=\"Cyrielle Poirot\" \/>\n<meta name=\"twitter:card\" content=\"summary_large_image\" \/>\n<meta name=\"twitter:label1\" content=\"\u00c9crit par\" \/>\n\t<meta name=\"twitter:data1\" content=\"Cyrielle Poirot\" \/>\n\t<meta name=\"twitter:label2\" content=\"Dur\u00e9e de lecture estim\u00e9e\" \/>\n\t<meta name=\"twitter:data2\" content=\"2 minutes\" \/>\n<script type=\"application\/ld+json\" class=\"yoast-schema-graph\">{\"@context\":\"https:\\\/\\\/schema.org\",\"@graph\":[{\"@type\":\"Article\",\"@id\":\"https:\\\/\\\/www.mobilier-design-occasion.fr\\\/magazine\\\/pourquoi-choisir-les-poufs-pour-la-decoration-de-votre-piece\\\/#article\",\"isPartOf\":{\"@id\":\"https:\\\/\\\/www.mobilier-design-occasion.fr\\\/magazine\\\/pourquoi-choisir-les-poufs-pour-la-decoration-de-votre-piece\\\/\"},\"author\":{\"name\":\"Cyrielle Poirot\",\"@id\":\"https:\\\/\\\/www.mobilier-design-occasion.fr\\\/magazine\\\/#\\\/schema\\\/person\\\/5b2e5627a714ddadaaf8c9b886c55eff\"},\"headline\":\"Pourquoi choisir les poufs pour la d\u00e9coration de votre pi\u00e8ce ?\",\"datePublished\":\"2022-02-17T08:42:52+00:00\",\"dateModified\":\"2022-02-17T08:42:53+00:00\",\"mainEntityOfPage\":{\"@id\":\"https:\\\/\\\/www.mobilier-design-occasion.fr\\\/magazine\\\/pourquoi-choisir-les-poufs-pour-la-decoration-de-votre-piece\\\/\"},\"wordCount\":341,\"commentCount\":0,\"publisher\":{\"@id\":\"https:\\\/\\\/www.mobilier-design-occasion.fr\\\/magazine\\\/#organization\"},\"image\":{\"@id\":\"https:\\\/\\\/www.mobilier-design-occasion.fr\\\/magazine\\\/pourquoi-choisir-les-poufs-pour-la-decoration-de-votre-piece\\\/#primaryimage\"},\"thumbnailUrl\":\"https:\\\/\\\/www.mobilier-design-occasion.fr\\\/magazine\\\/wp-content\\\/uploads\\\/2022\\\/02\\\/c218b2d37b8a87606836226a3cbdbef1.jpeg\",\"articleSection\":[\"Tendances\"],\"inLanguage\":\"fr-FR\",\"potentialAction\":[{\"@type\":\"CommentAction\",\"name\":\"Comment\",\"target\":[\"https:\\\/\\\/www.mobilier-design-occasion.fr\\\/magazine\\\/pourquoi-choisir-les-poufs-pour-la-decoration-de-votre-piece\\\/#respond\"]}]},{\"@type\":\"WebPage\",\"@id\":\"https:\\\/\\\/www.mobilier-design-occasion.fr\\\/magazine\\\/pourquoi-choisir-les-poufs-pour-la-decoration-de-votre-piece\\\/\",\"url\":\"https:\\\/\\\/www.mobilier-design-occasion.fr\\\/magazine\\\/pourquoi-choisir-les-poufs-pour-la-decoration-de-votre-piece\\\/\",\"name\":\"Pourquoi choisir les poufs pour la d\u00e9coration de votre pi\u00e8ce ? - Mobilier Design Magazine\",\"isPartOf\":{\"@id\":\"https:\\\/\\\/www.mobilier-design-occasion.fr\\\/magazine\\\/#website\"},\"primaryImageOfPage\":{\"@id\":\"https:\\\/\\\/www.mobilier-design-occasion.fr\\\/magazine\\\/pourquoi-choisir-les-poufs-pour-la-decoration-de-votre-piece\\\/#primaryimage\"},\"image\":{\"@id\":\"https:\\\/\\\/www.mobilier-design-occasion.fr\\\/magazine\\\/pourquoi-choisir-les-poufs-pour-la-decoration-de-votre-piece\\\/#primaryimage\"},\"thumbnailUrl\":\"https:\\\/\\\/www.mobilier-design-occasion.fr\\\/magazine\\\/wp-content\\\/uploads\\\/2022\\\/02\\\/c218b2d37b8a87606836226a3cbdbef1.jpeg\",\"datePublished\":\"2022-02-17T08:42:52+00:00\",\"dateModified\":\"2022-02-17T08:42:53+00:00\",\"breadcrumb\":{\"@id\":\"https:\\\/\\\/www.mobilier-design-occasion.fr\\\/magazine\\\/pourquoi-choisir-les-poufs-pour-la-decoration-de-votre-piece\\\/#breadcrumb\"},\"inLanguage\":\"fr-FR\",\"potentialAction\":[{\"@type\":\"ReadAction\",\"target\":[\"https:\\\/\\\/www.mobilier-design-occasion.fr\\\/magazine\\\/pourquoi-choisir-les-poufs-pour-la-decoration-de-votre-piece\\\/\"]}]},{\"@type\":\"ImageObject\",\"inLanguage\":\"fr-FR\",\"@id\":\"https:\\\/\\\/www.mobilier-design-occasion.fr\\\/magazine\\\/pourquoi-choisir-les-poufs-pour-la-decoration-de-votre-piece\\\/#primaryimage\",\"url\":\"https:\\\/\\\/www.mobilier-design-occasion.fr\\\/magazine\\\/wp-content\\\/uploads\\\/2022\\\/02\\\/c218b2d37b8a87606836226a3cbdbef1.jpeg\",\"contentUrl\":\"https:\\\/\\\/www.mobilier-design-occasion.fr\\\/magazine\\\/wp-content\\\/uploads\\\/2022\\\/02\\\/c218b2d37b8a87606836226a3cbdbef1.jpeg\",\"width\":533,\"height\":355},{\"@type\":\"BreadcrumbList\",\"@id\":\"https:\\\/\\\/www.mobilier-design-occasion.fr\\\/magazine\\\/pourquoi-choisir-les-poufs-pour-la-decoration-de-votre-piece\\\/#breadcrumb\",\"itemListElement\":[{\"@type\":\"ListItem\",\"position\":1,\"name\":\"Accueil\",\"item\":\"https:\\\/\\\/www.mobilier-design-occasion.fr\\\/magazine\\\/\"},{\"@type\":\"ListItem\",\"position\":2,\"name\":\"Pourquoi choisir les poufs pour la d\u00e9coration de votre pi\u00e8ce ?\"}]},{\"@type\":\"WebSite\",\"@id\":\"https:\\\/\\\/www.mobilier-design-occasion.fr\\\/magazine\\\/#website\",\"url\":\"https:\\\/\\\/www.mobilier-design-occasion.fr\\\/magazine\\\/\",\"name\":\"Mobilier Design Magazine\",\"description\":\"\",\"publisher\":{\"@id\":\"https:\\\/\\\/www.mobilier-design-occasion.fr\\\/magazine\\\/#organization\"},\"potentialAction\":[{\"@type\":\"SearchAction\",\"target\":{\"@type\":\"EntryPoint\",\"urlTemplate\":\"https:\\\/\\\/www.mobilier-design-occasion.fr\\\/magazine\\\/?s={search_term_string}\"},\"query-input\":{\"@type\":\"PropertyValueSpecification\",\"valueRequired\":true,\"valueName\":\"search_term_string\"}}],\"inLanguage\":\"fr-FR\"},{\"@type\":\"Organization\",\"@id\":\"https:\\\/\\\/www.mobilier-design-occasion.fr\\\/magazine\\\/#organization\",\"name\":\"Mobilier Design Magazine\",\"url\":\"https:\\\/\\\/www.mobilier-design-occasion.fr\\\/magazine\\\/\",\"logo\":{\"@type\":\"ImageObject\",\"inLanguage\":\"fr-FR\",\"@id\":\"https:\\\/\\\/www.mobilier-design-occasion.fr\\\/magazine\\\/#\\\/schema\\\/logo\\\/image\\\/\",\"url\":\"https:\\\/\\\/www.mobilier-design-occasion.fr\\\/magazine\\\/wp-content\\\/uploads\\\/2024\\\/02\\\/android-chrome-192x192-1.png\",\"contentUrl\":\"https:\\\/\\\/www.mobilier-design-occasion.fr\\\/magazine\\\/wp-content\\\/uploads\\\/2024\\\/02\\\/android-chrome-192x192-1.png\",\"width\":192,\"height\":192,\"caption\":\"Mobilier Design Magazine\"},\"image\":{\"@id\":\"https:\\\/\\\/www.mobilier-design-occasion.fr\\\/magazine\\\/#\\\/schema\\\/logo\\\/image\\\/\"},\"sameAs\":[\"https:\\\/\\\/www.facebook.com\\\/mobilierdesignoccasion\"]},{\"@type\":\"Person\",\"@id\":\"https:\\\/\\\/www.mobilier-design-occasion.fr\\\/magazine\\\/#\\\/schema\\\/person\\\/5b2e5627a714ddadaaf8c9b886c55eff\",\"name\":\"Cyrielle Poirot\",\"image\":{\"@type\":\"ImageObject\",\"inLanguage\":\"fr-FR\",\"@id\":\"https:\\\/\\\/secure.gravatar.com\\\/avatar\\\/c8d2674e093b06894d8d1dc468b626bd752523471f3ac6e75f7c7a1400d40b4d?s=96&d=mm&r=g\",\"url\":\"https:\\\/\\\/secure.gravatar.com\\\/avatar\\\/c8d2674e093b06894d8d1dc468b626bd752523471f3ac6e75f7c7a1400d40b4d?s=96&d=mm&r=g\",\"contentUrl\":\"https:\\\/\\\/secure.gravatar.com\\\/avatar\\\/c8d2674e093b06894d8d1dc468b626bd752523471f3ac6e75f7c7a1400d40b4d?s=96&d=mm&r=g\",\"caption\":\"Cyrielle Poirot\"},\"description\":\"Cyrielle est passionn\u00e9e par la d\u00e9coration d'int\u00e9rieur et s'est sp\u00e9cialis\u00e9e depuis quelques ann\u00e9es dans l'\u00e9dition du site Mobilier-Design, avec une touche sp\u00e9cifique pour les produits d'occasion.\",\"sameAs\":[\"https:\\\/\\\/www.mobilier-design-occasion.fr\\\/magazine\"],\"url\":\"https:\\\/\\\/www.mobilier-design-occasion.fr\\\/magazine\\\/author\\\/cyrielle\\\/\"}]}<\/script>\n<!-- \/ Yoast SEO plugin. -->","yoast_head_json":{"title":"Pourquoi choisir les poufs pour la d\u00e9coration de votre pi\u00e8ce ? - Mobilier Design Magazine","robots":{"index":"index","follow":"follow","max-snippet":"max-snippet:-1","max-image-preview":"max-image-preview:large","max-video-preview":"max-video-preview:-1"},"canonical":"https:\/\/www.mobilier-design-occasion.fr\/magazine\/pourquoi-choisir-les-poufs-pour-la-decoration-de-votre-piece\/","og_locale":"fr_FR","og_type":"article","og_title":"Pourquoi choisir les poufs pour la d\u00e9coration de votre pi\u00e8ce ? - Mobilier Design Magazine","og_description":"Pour votre propre confort et la d\u00e9coration int\u00e9rieure de votre&nbsp;appartement, il est important que vous meubliez vos pi\u00e8ces. Ainsi, plusieurs options de meubles s\u2019offrent \u00e0 vous. Parmi ceux-ci, vous avez&nbsp;les poufs. Ces derniers sont des mobiliers qui adoptent toutes les couleurs de l\u2019arc-en-ciel et r\u00e9pondent \u00e0 vos attentes du point de vue confort et relaxation. [&hellip;]","og_url":"https:\/\/www.mobilier-design-occasion.fr\/magazine\/pourquoi-choisir-les-poufs-pour-la-decoration-de-votre-piece\/","og_site_name":"Mobilier Design Magazine","article_publisher":"https:\/\/www.facebook.com\/mobilierdesignoccasion","article_published_time":"2022-02-17T08:42:52+00:00","article_modified_time":"2022-02-17T08:42:53+00:00","og_image":[{"width":533,"height":355,"url":"https:\/\/www.mobilier-design-occasion.fr\/magazine\/wp-content\/uploads\/2022\/02\/c218b2d37b8a87606836226a3cbdbef1.jpeg","type":"image\/jpeg"}],"author":"Cyrielle Poirot","twitter_card":"summary_large_image","twitter_misc":{"\u00c9crit par":"Cyrielle Poirot","Dur\u00e9e de lecture estim\u00e9e":"2 minutes"},"schema":{"@context":"https:\/\/schema.org","@graph":[{"@type":"Article","@id":"https:\/\/www.mobilier-design-occasion.fr\/magazine\/pourquoi-choisir-les-poufs-pour-la-decoration-de-votre-piece\/#article","isPartOf":{"@id":"https:\/\/www.mobilier-design-occasion.fr\/magazine\/pourquoi-choisir-les-poufs-pour-la-decoration-de-votre-piece\/"},"author":{"name":"Cyrielle Poirot","@id":"https:\/\/www.mobilier-design-occasion.fr\/magazine\/#\/schema\/person\/5b2e5627a714ddadaaf8c9b886c55eff"},"headline":"Pourquoi choisir les poufs pour la d\u00e9coration de votre pi\u00e8ce ?","datePublished":"2022-02-17T08:42:52+00:00","dateModified":"2022-02-17T08:42:53+00:00","mainEntityOfPage":{"@id":"https:\/\/www.mobilier-design-occasion.fr\/magazine\/pourquoi-choisir-les-poufs-pour-la-decoration-de-votre-piece\/"},"wordCount":341,"commentCount":0,"publisher":{"@id":"https:\/\/www.mobilier-design-occasion.fr\/magazine\/#organization"},"image":{"@id":"https:\/\/www.mobilier-design-occasion.fr\/magazine\/pourquoi-choisir-les-poufs-pour-la-decoration-de-votre-piece\/#primaryimage"},"thumbnailUrl":"https:\/\/www.mobilier-design-occasion.fr\/magazine\/wp-content\/uploads\/2022\/02\/c218b2d37b8a87606836226a3cbdbef1.jpeg","articleSection":["Tendances"],"inLanguage":"fr-FR","potentialAction":[{"@type":"CommentAction","name":"Comment","target":["https:\/\/www.mobilier-design-occasion.fr\/magazine\/pourquoi-choisir-les-poufs-pour-la-decoration-de-votre-piece\/#respond"]}]},{"@type":"WebPage","@id":"https:\/\/www.mobilier-design-occasion.fr\/magazine\/pourquoi-choisir-les-poufs-pour-la-decoration-de-votre-piece\/","url":"https:\/\/www.mobilier-design-occasion.fr\/magazine\/pourquoi-choisir-les-poufs-pour-la-decoration-de-votre-piece\/","name":"Pourquoi choisir les poufs pour la d\u00e9coration de votre pi\u00e8ce ? - Mobilier Design Magazine","isPartOf":{"@id":"https:\/\/www.mobilier-design-occasion.fr\/magazine\/#website"},"primaryImageOfPage":{"@id":"https:\/\/www.mobilier-design-occasion.fr\/magazine\/pourquoi-choisir-les-poufs-pour-la-decoration-de-votre-piece\/#primaryimage"},"image":{"@id":"https:\/\/www.mobilier-design-occasion.fr\/magazine\/pourquoi-choisir-les-poufs-pour-la-decoration-de-votre-piece\/#primaryimage"},"thumbnailUrl":"https:\/\/www.mobilier-design-occasion.fr\/magazine\/wp-content\/uploads\/2022\/02\/c218b2d37b8a87606836226a3cbdbef1.jpeg","datePublished":"2022-02-17T08:42:52+00:00","dateModified":"2022-02-17T08:42:53+00:00","breadcrumb":{"@id":"https:\/\/www.mobilier-design-occasion.fr\/magazine\/pourquoi-choisir-les-poufs-pour-la-decoration-de-votre-piece\/#breadcrumb"},"inLanguage":"fr-FR","potentialAction":[{"@type":"ReadAction","target":["https:\/\/www.mobilier-design-occasion.fr\/magazine\/pourquoi-choisir-les-poufs-pour-la-decoration-de-votre-piece\/"]}]},{"@type":"ImageObject","inLanguage":"fr-FR","@id":"https:\/\/www.mobilier-design-occasion.fr\/magazine\/pourquoi-choisir-les-poufs-pour-la-decoration-de-votre-piece\/#primaryimage","url":"https:\/\/www.mobilier-design-occasion.fr\/magazine\/wp-content\/uploads\/2022\/02\/c218b2d37b8a87606836226a3cbdbef1.jpeg","contentUrl":"https:\/\/www.mobilier-design-occasion.fr\/magazine\/wp-content\/uploads\/2022\/02\/c218b2d37b8a87606836226a3cbdbef1.jpeg","width":533,"height":355},{"@type":"BreadcrumbList","@id":"https:\/\/www.mobilier-design-occasion.fr\/magazine\/pourquoi-choisir-les-poufs-pour-la-decoration-de-votre-piece\/#breadcrumb","itemListElement":[{"@type":"ListItem","position":1,"name":"Accueil","item":"https:\/\/www.mobilier-design-occasion.fr\/magazine\/"},{"@type":"ListItem","position":2,"name":"Pourquoi choisir les poufs pour la d\u00e9coration de votre pi\u00e8ce ?"}]},{"@type":"WebSite","@id":"https:\/\/www.mobilier-design-occasion.fr\/magazine\/#website","url":"https:\/\/www.mobilier-design-occasion.fr\/magazine\/","name":"Mobilier Design Magazine","description":"","publisher":{"@id":"https:\/\/www.mobilier-design-occasion.fr\/magazine\/#organization"},"potentialAction":[{"@type":"SearchAction","target":{"@type":"EntryPoint","urlTemplate":"https:\/\/www.mobilier-design-occasion.fr\/magazine\/?s={search_term_string}"},"query-input":{"@type":"PropertyValueSpecification","valueRequired":true,"valueName":"search_term_string"}}],"inLanguage":"fr-FR"},{"@type":"Organization","@id":"https:\/\/www.mobilier-design-occasion.fr\/magazine\/#organization","name":"Mobilier Design Magazine","url":"https:\/\/www.mobilier-design-occasion.fr\/magazine\/","logo":{"@type":"ImageObject","inLanguage":"fr-FR","@id":"https:\/\/www.mobilier-design-occasion.fr\/magazine\/#\/schema\/logo\/image\/","url":"https:\/\/www.mobilier-design-occasion.fr\/magazine\/wp-content\/uploads\/2024\/02\/android-chrome-192x192-1.png","contentUrl":"https:\/\/www.mobilier-design-occasion.fr\/magazine\/wp-content\/uploads\/2024\/02\/android-chrome-192x192-1.png","width":192,"height":192,"caption":"Mobilier Design Magazine"},"image":{"@id":"https:\/\/www.mobilier-design-occasion.fr\/magazine\/#\/schema\/logo\/image\/"},"sameAs":["https:\/\/www.facebook.com\/mobilierdesignoccasion"]},{"@type":"Person","@id":"https:\/\/www.mobilier-design-occasion.fr\/magazine\/#\/schema\/person\/5b2e5627a714ddadaaf8c9b886c55eff","name":"Cyrielle Poirot","image":{"@type":"ImageObject","inLanguage":"fr-FR","@id":"https:\/\/secure.gravatar.com\/avatar\/c8d2674e093b06894d8d1dc468b626bd752523471f3ac6e75f7c7a1400d40b4d?s=96&d=mm&r=g","url":"https:\/\/secure.gravatar.com\/avatar\/c8d2674e093b06894d8d1dc468b626bd752523471f3ac6e75f7c7a1400d40b4d?s=96&d=mm&r=g","contentUrl":"https:\/\/secure.gravatar.com\/avatar\/c8d2674e093b06894d8d1dc468b626bd752523471f3ac6e75f7c7a1400d40b4d?s=96&d=mm&r=g","caption":"Cyrielle Poirot"},"description":"Cyrielle est passionn\u00e9e par la d\u00e9coration d'int\u00e9rieur et s'est sp\u00e9cialis\u00e9e depuis quelques ann\u00e9es dans l'\u00e9dition du site Mobilier-Design, avec une touche sp\u00e9cifique pour les produits d'occasion.","sameAs":["https:\/\/www.mobilier-design-occasion.fr\/magazine"],"url":"https:\/\/www.mobilier-design-occasion.fr\/magazine\/author\/cyrielle\/"}]}},"_links":{"self":[{"href":"https:\/\/www.mobilier-design-occasion.fr\/magazine\/wp-json\/wp\/v2\/posts\/3483","targetHints":{"allow":["GET"]}}],"collection":[{"href":"https:\/\/www.mobilier-design-occasion.fr\/magazine\/wp-json\/wp\/v2\/posts"}],"about":[{"href":"https:\/\/www.mobilier-design-occasion.fr\/magazine\/wp-json\/wp\/v2\/types\/post"}],"author":[{"embeddable":true,"href":"https:\/\/www.mobilier-design-occasion.fr\/magazine\/wp-json\/wp\/v2\/users\/1"}],"replies":[{"embeddable":true,"href":"https:\/\/www.mobilier-design-occasion.fr\/magazine\/wp-json\/wp\/v2\/comments?post=3483"}],"version-history":[{"count":1,"href":"https:\/\/www.mobilier-design-occasion.fr\/magazine\/wp-json\/wp\/v2\/posts\/3483\/revisions"}],"predecessor-version":[{"id":3485,"href":"https:\/\/www.mobilier-design-occasion.fr\/magazine\/wp-json\/wp\/v2\/posts\/3483\/revisions\/3485"}],"wp:featuredmedia":[{"embeddable":true,"href":"https:\/\/www.mobilier-design-occasion.fr\/magazine\/wp-json\/wp\/v2\/media\/3484"}],"wp:attachment":[{"href":"https:\/\/www.mobilier-design-occasion.fr\/magazine\/wp-json\/wp\/v2\/media?parent=3483"}],"wp:term":[{"taxonomy":"category","embeddable":true,"href":"https:\/\/www.mobilier-design-occasion.fr\/magazine\/wp-json\/wp\/v2\/categories?post=3483"},{"taxonomy":"post_tag","embeddable":true,"href":"https:\/\/www.mobilier-design-occasion.fr\/magazine\/wp-json\/wp\/v2\/tags?post=3483"}],"curies":[{"name":"wp","href":"https:\/\/api.w.org\/{rel}","templated":true}]}}