{"id":3471,"date":"2022-02-02T07:47:43","date_gmt":"2022-02-02T07:47:43","guid":{"rendered":"https:\/\/www.mobilier-design-occasion.fr\/magazine\/?p=3471"},"modified":"2023-09-25T13:39:49","modified_gmt":"2023-09-25T13:39:49","slug":"quel-cadeau-de-decoration-offrir","status":"publish","type":"post","link":"https:\/\/www.mobilier-design-occasion.fr\/magazine\/quel-cadeau-de-decoration-offrir\/","title":{"rendered":"Quel cadeau de d\u00e9coration offrir\u2009?&nbsp;"},"content":{"rendered":"\n<p> Les f\u00eates sont-elles proches\u2009? \u00cates-vous sur le point de c\u00e9l\u00e9brer un \u00e9v\u00e8nement sp\u00e9cial\u2009? Ou voulez-vous simplement faire plaisir \u00e0 un proche sans raison particuli\u00e8re\u2009?<\/p>\n\n\n\n<p>Avant de vous lancer dans la recherche du <a href=\"https:\/\/www.mobilier-design-occasion.fr\/magazine\/collection-fete-des-meres-my-jolie-candle\/\">cadeau<\/a> id\u00e9al, prenez le soin de savoir quels sont les go\u00fbts et les envies du destinataire. Si vous avez affaire \u00e0 un fan de d\u00e9co, vous \u00eates au bon endroit. D\u00e9couvrez dans cet article un cadeau de d\u00e9coration que vous pouvez offrir.<\/p>\n\n\n\n<h2 class=\"wp-block-heading\" id=\"opter-pour-une-horloge-murale\">Opter pour une horloge murale<\/h2>\n\n\n\n<p>Lorsqu\u2019il s\u2019agit de trouver un cadeau de d\u00e9co, sachez que vous avez \u00e9norm\u00e9ment de possibilit\u00e9s qui s\u2019offrent \u00e0 vous.<\/p>\n\n\n\n<p>C\u2019est pr\u00e9cis\u00e9ment de cette r\u00e9alit\u00e9 que na\u00eet paradoxalement la difficult\u00e9 de choisir. N\u00e9anmoins, on peut retenir que l\u2019un des nombreux cadeaux de d\u00e9coration \u00e0 la fois original, moderne et tr\u00e8s tendance est l\u2019horloge murale&nbsp;: c\u2019est un&nbsp;<strong>cadeau de d\u00e9coration<\/strong>&nbsp;par excellence.<\/p>\n\n\n\n<p>Il s\u2019adapte parfaitement \u00e0 tous les styles de maisons. Mieux, si vous avez une id\u00e9e pr\u00e9cise de l\u2019aspect int\u00e9rieur de la maison du b\u00e9n\u00e9ficiaire du cadeau, vous pourrez jouer sur les tons et harmoniser l\u2019horloge \u00e0 sa d\u00e9coration int\u00e9rieure.<\/p>\n\n\n\n<p>Si vous avez par exemple un ami d\u2019enfance qui vit&nbsp;<a href=\"https:\/\/belgium.mademoiselle.flowers\/fr\/livraison-fleurs-bruxelles-1000-1.html\">\u00e0 Bruxelles<\/a>, vous pouvez lui faire parvenir une belle horloge murale d\u00e9corative et personnalis\u00e9e. En effet, en dehors de tous les attributs et commodit\u00e9s reconnus \u00e0 l\u2019horloge murale, il vous est \u00e9galement possible de l\u2019offrir \u00e0 quelqu\u2019un qui vit \u00e0 une certaine distance de votre ville.<\/p>\n\n\n\n<p>L\u2019horloge murale est tr\u00e8s pratique et il vous suffira de confier son exp\u00e9dition \u00e0 une agence cr\u00e9dible. Vous pouvez aussi opter pour&nbsp;:<\/p>\n\n\n\n<ul class=\"wp-block-list\"><li>des coussins personnalis\u00e9s\u2009;<\/li><li>une lampe \u00e0 lave g\u00e9ante\u2009;<\/li><li>un miroir Art D\u00e9co\u2009;<\/li><li>un mug personnalis\u00e9, etc.<\/li><\/ul>\n\n\n\n<p>Tous ces cadeaux feront certainement le bonheur de vos&nbsp;<strong>amateurs de d\u00e9coration<\/strong>.<\/p>\n","protected":false},"excerpt":{"rendered":"<p>Les f\u00eates sont-elles proches\u2009? \u00cates-vous sur le point de c\u00e9l\u00e9brer un \u00e9v\u00e8nement sp\u00e9cial\u2009? Ou voulez-vous simplement faire plaisir \u00e0 un proche sans raison particuli\u00e8re\u2009? Avant de vous lancer dans la recherche du cadeau id\u00e9al, prenez le soin de savoir quels sont les go\u00fbts et les envies du destinataire. Si vous avez affaire \u00e0 un fan [&hellip;]<\/p>\n","protected":false},"author":1,"featured_media":3507,"comment_status":"open","ping_status":"open","sticky":false,"template":"","format":"standard","meta":{"footnotes":""},"categories":[2],"tags":[],"class_list":["post-3471","post","type-post","status-publish","format-standard","has-post-thumbnail","hentry","category-tendances"],"yoast_head":"<!-- This site is optimized with the Yoast SEO plugin v27.5 - https:\/\/yoast.com\/product\/yoast-seo-wordpress\/ -->\n<title>Quel cadeau de d\u00e9coration offrir\u2009?&nbsp; - Mobilier Design Magazine<\/title>\n<meta name=\"robots\" content=\"index, follow, max-snippet:-1, max-image-preview:large, max-video-preview:-1\" \/>\n<link rel=\"canonical\" href=\"https:\/\/www.mobilier-design-occasion.fr\/magazine\/quel-cadeau-de-decoration-offrir\/\" \/>\n<meta property=\"og:locale\" content=\"fr_FR\" \/>\n<meta property=\"og:type\" content=\"article\" \/>\n<meta property=\"og:title\" content=\"Quel cadeau de d\u00e9coration offrir\u2009?&nbsp; - Mobilier Design Magazine\" \/>\n<meta property=\"og:description\" content=\"Les f\u00eates sont-elles proches\u2009? \u00cates-vous sur le point de c\u00e9l\u00e9brer un \u00e9v\u00e8nement sp\u00e9cial\u2009? Ou voulez-vous simplement faire plaisir \u00e0 un proche sans raison particuli\u00e8re\u2009? Avant de vous lancer dans la recherche du cadeau id\u00e9al, prenez le soin de savoir quels sont les go\u00fbts et les envies du destinataire. Si vous avez affaire \u00e0 un fan [&hellip;]\" \/>\n<meta property=\"og:url\" content=\"https:\/\/www.mobilier-design-occasion.fr\/magazine\/quel-cadeau-de-decoration-offrir\/\" \/>\n<meta property=\"og:site_name\" content=\"Mobilier Design Magazine\" \/>\n<meta property=\"article:publisher\" content=\"https:\/\/www.facebook.com\/mobilierdesignoccasion\" \/>\n<meta property=\"article:published_time\" content=\"2022-02-02T07:47:43+00:00\" \/>\n<meta property=\"article:modified_time\" content=\"2023-09-25T13:39:49+00:00\" \/>\n<meta property=\"og:image\" content=\"https:\/\/www.mobilier-design-occasion.fr\/magazine\/wp-content\/uploads\/2022\/02\/Design-sans-titre-20.png\" \/>\n\t<meta property=\"og:image:width\" content=\"1080\" \/>\n\t<meta property=\"og:image:height\" content=\"1080\" \/>\n\t<meta property=\"og:image:type\" content=\"image\/png\" \/>\n<meta name=\"author\" content=\"Cyrielle Poirot\" \/>\n<meta name=\"twitter:card\" content=\"summary_large_image\" \/>\n<meta name=\"twitter:label1\" content=\"\u00c9crit par\" \/>\n\t<meta name=\"twitter:data1\" content=\"Cyrielle Poirot\" \/>\n\t<meta name=\"twitter:label2\" content=\"Dur\u00e9e de lecture estim\u00e9e\" \/>\n\t<meta name=\"twitter:data2\" content=\"2 minutes\" \/>\n<script type=\"application\/ld+json\" class=\"yoast-schema-graph\">{\"@context\":\"https:\\\/\\\/schema.org\",\"@graph\":[{\"@type\":\"Article\",\"@id\":\"https:\\\/\\\/www.mobilier-design-occasion.fr\\\/magazine\\\/quel-cadeau-de-decoration-offrir\\\/#article\",\"isPartOf\":{\"@id\":\"https:\\\/\\\/www.mobilier-design-occasion.fr\\\/magazine\\\/quel-cadeau-de-decoration-offrir\\\/\"},\"author\":{\"name\":\"Cyrielle Poirot\",\"@id\":\"https:\\\/\\\/www.mobilier-design-occasion.fr\\\/magazine\\\/#\\\/schema\\\/person\\\/5b2e5627a714ddadaaf8c9b886c55eff\"},\"headline\":\"Quel cadeau de d\u00e9coration offrir\u2009?&nbsp;\",\"datePublished\":\"2022-02-02T07:47:43+00:00\",\"dateModified\":\"2023-09-25T13:39:49+00:00\",\"mainEntityOfPage\":{\"@id\":\"https:\\\/\\\/www.mobilier-design-occasion.fr\\\/magazine\\\/quel-cadeau-de-decoration-offrir\\\/\"},\"wordCount\":339,\"commentCount\":0,\"publisher\":{\"@id\":\"https:\\\/\\\/www.mobilier-design-occasion.fr\\\/magazine\\\/#organization\"},\"image\":{\"@id\":\"https:\\\/\\\/www.mobilier-design-occasion.fr\\\/magazine\\\/quel-cadeau-de-decoration-offrir\\\/#primaryimage\"},\"thumbnailUrl\":\"https:\\\/\\\/www.mobilier-design-occasion.fr\\\/magazine\\\/wp-content\\\/uploads\\\/2022\\\/02\\\/Design-sans-titre-20.png\",\"articleSection\":[\"Tendances\"],\"inLanguage\":\"fr-FR\",\"potentialAction\":[{\"@type\":\"CommentAction\",\"name\":\"Comment\",\"target\":[\"https:\\\/\\\/www.mobilier-design-occasion.fr\\\/magazine\\\/quel-cadeau-de-decoration-offrir\\\/#respond\"]}]},{\"@type\":\"WebPage\",\"@id\":\"https:\\\/\\\/www.mobilier-design-occasion.fr\\\/magazine\\\/quel-cadeau-de-decoration-offrir\\\/\",\"url\":\"https:\\\/\\\/www.mobilier-design-occasion.fr\\\/magazine\\\/quel-cadeau-de-decoration-offrir\\\/\",\"name\":\"Quel cadeau de d\u00e9coration offrir\u2009?&nbsp; - Mobilier Design Magazine\",\"isPartOf\":{\"@id\":\"https:\\\/\\\/www.mobilier-design-occasion.fr\\\/magazine\\\/#website\"},\"primaryImageOfPage\":{\"@id\":\"https:\\\/\\\/www.mobilier-design-occasion.fr\\\/magazine\\\/quel-cadeau-de-decoration-offrir\\\/#primaryimage\"},\"image\":{\"@id\":\"https:\\\/\\\/www.mobilier-design-occasion.fr\\\/magazine\\\/quel-cadeau-de-decoration-offrir\\\/#primaryimage\"},\"thumbnailUrl\":\"https:\\\/\\\/www.mobilier-design-occasion.fr\\\/magazine\\\/wp-content\\\/uploads\\\/2022\\\/02\\\/Design-sans-titre-20.png\",\"datePublished\":\"2022-02-02T07:47:43+00:00\",\"dateModified\":\"2023-09-25T13:39:49+00:00\",\"breadcrumb\":{\"@id\":\"https:\\\/\\\/www.mobilier-design-occasion.fr\\\/magazine\\\/quel-cadeau-de-decoration-offrir\\\/#breadcrumb\"},\"inLanguage\":\"fr-FR\",\"potentialAction\":[{\"@type\":\"ReadAction\",\"target\":[\"https:\\\/\\\/www.mobilier-design-occasion.fr\\\/magazine\\\/quel-cadeau-de-decoration-offrir\\\/\"]}]},{\"@type\":\"ImageObject\",\"inLanguage\":\"fr-FR\",\"@id\":\"https:\\\/\\\/www.mobilier-design-occasion.fr\\\/magazine\\\/quel-cadeau-de-decoration-offrir\\\/#primaryimage\",\"url\":\"https:\\\/\\\/www.mobilier-design-occasion.fr\\\/magazine\\\/wp-content\\\/uploads\\\/2022\\\/02\\\/Design-sans-titre-20.png\",\"contentUrl\":\"https:\\\/\\\/www.mobilier-design-occasion.fr\\\/magazine\\\/wp-content\\\/uploads\\\/2022\\\/02\\\/Design-sans-titre-20.png\",\"width\":1080,\"height\":1080},{\"@type\":\"BreadcrumbList\",\"@id\":\"https:\\\/\\\/www.mobilier-design-occasion.fr\\\/magazine\\\/quel-cadeau-de-decoration-offrir\\\/#breadcrumb\",\"itemListElement\":[{\"@type\":\"ListItem\",\"position\":1,\"name\":\"Accueil\",\"item\":\"https:\\\/\\\/www.mobilier-design-occasion.fr\\\/magazine\\\/\"},{\"@type\":\"ListItem\",\"position\":2,\"name\":\"Quel cadeau de d\u00e9coration offrir\u2009?&nbsp;\"}]},{\"@type\":\"WebSite\",\"@id\":\"https:\\\/\\\/www.mobilier-design-occasion.fr\\\/magazine\\\/#website\",\"url\":\"https:\\\/\\\/www.mobilier-design-occasion.fr\\\/magazine\\\/\",\"name\":\"Mobilier Design Magazine\",\"description\":\"\",\"publisher\":{\"@id\":\"https:\\\/\\\/www.mobilier-design-occasion.fr\\\/magazine\\\/#organization\"},\"potentialAction\":[{\"@type\":\"SearchAction\",\"target\":{\"@type\":\"EntryPoint\",\"urlTemplate\":\"https:\\\/\\\/www.mobilier-design-occasion.fr\\\/magazine\\\/?s={search_term_string}\"},\"query-input\":{\"@type\":\"PropertyValueSpecification\",\"valueRequired\":true,\"valueName\":\"search_term_string\"}}],\"inLanguage\":\"fr-FR\"},{\"@type\":\"Organization\",\"@id\":\"https:\\\/\\\/www.mobilier-design-occasion.fr\\\/magazine\\\/#organization\",\"name\":\"Mobilier Design Magazine\",\"url\":\"https:\\\/\\\/www.mobilier-design-occasion.fr\\\/magazine\\\/\",\"logo\":{\"@type\":\"ImageObject\",\"inLanguage\":\"fr-FR\",\"@id\":\"https:\\\/\\\/www.mobilier-design-occasion.fr\\\/magazine\\\/#\\\/schema\\\/logo\\\/image\\\/\",\"url\":\"https:\\\/\\\/www.mobilier-design-occasion.fr\\\/magazine\\\/wp-content\\\/uploads\\\/2024\\\/02\\\/android-chrome-192x192-1.png\",\"contentUrl\":\"https:\\\/\\\/www.mobilier-design-occasion.fr\\\/magazine\\\/wp-content\\\/uploads\\\/2024\\\/02\\\/android-chrome-192x192-1.png\",\"width\":192,\"height\":192,\"caption\":\"Mobilier Design Magazine\"},\"image\":{\"@id\":\"https:\\\/\\\/www.mobilier-design-occasion.fr\\\/magazine\\\/#\\\/schema\\\/logo\\\/image\\\/\"},\"sameAs\":[\"https:\\\/\\\/www.facebook.com\\\/mobilierdesignoccasion\"]},{\"@type\":\"Person\",\"@id\":\"https:\\\/\\\/www.mobilier-design-occasion.fr\\\/magazine\\\/#\\\/schema\\\/person\\\/5b2e5627a714ddadaaf8c9b886c55eff\",\"name\":\"Cyrielle Poirot\",\"image\":{\"@type\":\"ImageObject\",\"inLanguage\":\"fr-FR\",\"@id\":\"https:\\\/\\\/secure.gravatar.com\\\/avatar\\\/c8d2674e093b06894d8d1dc468b626bd752523471f3ac6e75f7c7a1400d40b4d?s=96&d=mm&r=g\",\"url\":\"https:\\\/\\\/secure.gravatar.com\\\/avatar\\\/c8d2674e093b06894d8d1dc468b626bd752523471f3ac6e75f7c7a1400d40b4d?s=96&d=mm&r=g\",\"contentUrl\":\"https:\\\/\\\/secure.gravatar.com\\\/avatar\\\/c8d2674e093b06894d8d1dc468b626bd752523471f3ac6e75f7c7a1400d40b4d?s=96&d=mm&r=g\",\"caption\":\"Cyrielle Poirot\"},\"description\":\"Cyrielle est passionn\u00e9e par la d\u00e9coration d'int\u00e9rieur et s'est sp\u00e9cialis\u00e9e depuis quelques ann\u00e9es dans l'\u00e9dition du site Mobilier-Design, avec une touche sp\u00e9cifique pour les produits d'occasion.\",\"sameAs\":[\"https:\\\/\\\/www.mobilier-design-occasion.fr\\\/magazine\"],\"url\":\"https:\\\/\\\/www.mobilier-design-occasion.fr\\\/magazine\\\/author\\\/cyrielle\\\/\"}]}<\/script>\n<!-- \/ Yoast SEO plugin. -->","yoast_head_json":{"title":"Quel cadeau de d\u00e9coration offrir\u2009?&nbsp; - Mobilier Design Magazine","robots":{"index":"index","follow":"follow","max-snippet":"max-snippet:-1","max-image-preview":"max-image-preview:large","max-video-preview":"max-video-preview:-1"},"canonical":"https:\/\/www.mobilier-design-occasion.fr\/magazine\/quel-cadeau-de-decoration-offrir\/","og_locale":"fr_FR","og_type":"article","og_title":"Quel cadeau de d\u00e9coration offrir\u2009?&nbsp; - Mobilier Design Magazine","og_description":"Les f\u00eates sont-elles proches\u2009? \u00cates-vous sur le point de c\u00e9l\u00e9brer un \u00e9v\u00e8nement sp\u00e9cial\u2009? Ou voulez-vous simplement faire plaisir \u00e0 un proche sans raison particuli\u00e8re\u2009? Avant de vous lancer dans la recherche du cadeau id\u00e9al, prenez le soin de savoir quels sont les go\u00fbts et les envies du destinataire. Si vous avez affaire \u00e0 un fan [&hellip;]","og_url":"https:\/\/www.mobilier-design-occasion.fr\/magazine\/quel-cadeau-de-decoration-offrir\/","og_site_name":"Mobilier Design Magazine","article_publisher":"https:\/\/www.facebook.com\/mobilierdesignoccasion","article_published_time":"2022-02-02T07:47:43+00:00","article_modified_time":"2023-09-25T13:39:49+00:00","og_image":[{"width":1080,"height":1080,"url":"https:\/\/www.mobilier-design-occasion.fr\/magazine\/wp-content\/uploads\/2022\/02\/Design-sans-titre-20.png","type":"image\/png"}],"author":"Cyrielle Poirot","twitter_card":"summary_large_image","twitter_misc":{"\u00c9crit par":"Cyrielle Poirot","Dur\u00e9e de lecture estim\u00e9e":"2 minutes"},"schema":{"@context":"https:\/\/schema.org","@graph":[{"@type":"Article","@id":"https:\/\/www.mobilier-design-occasion.fr\/magazine\/quel-cadeau-de-decoration-offrir\/#article","isPartOf":{"@id":"https:\/\/www.mobilier-design-occasion.fr\/magazine\/quel-cadeau-de-decoration-offrir\/"},"author":{"name":"Cyrielle Poirot","@id":"https:\/\/www.mobilier-design-occasion.fr\/magazine\/#\/schema\/person\/5b2e5627a714ddadaaf8c9b886c55eff"},"headline":"Quel cadeau de d\u00e9coration offrir\u2009?&nbsp;","datePublished":"2022-02-02T07:47:43+00:00","dateModified":"2023-09-25T13:39:49+00:00","mainEntityOfPage":{"@id":"https:\/\/www.mobilier-design-occasion.fr\/magazine\/quel-cadeau-de-decoration-offrir\/"},"wordCount":339,"commentCount":0,"publisher":{"@id":"https:\/\/www.mobilier-design-occasion.fr\/magazine\/#organization"},"image":{"@id":"https:\/\/www.mobilier-design-occasion.fr\/magazine\/quel-cadeau-de-decoration-offrir\/#primaryimage"},"thumbnailUrl":"https:\/\/www.mobilier-design-occasion.fr\/magazine\/wp-content\/uploads\/2022\/02\/Design-sans-titre-20.png","articleSection":["Tendances"],"inLanguage":"fr-FR","potentialAction":[{"@type":"CommentAction","name":"Comment","target":["https:\/\/www.mobilier-design-occasion.fr\/magazine\/quel-cadeau-de-decoration-offrir\/#respond"]}]},{"@type":"WebPage","@id":"https:\/\/www.mobilier-design-occasion.fr\/magazine\/quel-cadeau-de-decoration-offrir\/","url":"https:\/\/www.mobilier-design-occasion.fr\/magazine\/quel-cadeau-de-decoration-offrir\/","name":"Quel cadeau de d\u00e9coration offrir\u2009?&nbsp; - Mobilier Design Magazine","isPartOf":{"@id":"https:\/\/www.mobilier-design-occasion.fr\/magazine\/#website"},"primaryImageOfPage":{"@id":"https:\/\/www.mobilier-design-occasion.fr\/magazine\/quel-cadeau-de-decoration-offrir\/#primaryimage"},"image":{"@id":"https:\/\/www.mobilier-design-occasion.fr\/magazine\/quel-cadeau-de-decoration-offrir\/#primaryimage"},"thumbnailUrl":"https:\/\/www.mobilier-design-occasion.fr\/magazine\/wp-content\/uploads\/2022\/02\/Design-sans-titre-20.png","datePublished":"2022-02-02T07:47:43+00:00","dateModified":"2023-09-25T13:39:49+00:00","breadcrumb":{"@id":"https:\/\/www.mobilier-design-occasion.fr\/magazine\/quel-cadeau-de-decoration-offrir\/#breadcrumb"},"inLanguage":"fr-FR","potentialAction":[{"@type":"ReadAction","target":["https:\/\/www.mobilier-design-occasion.fr\/magazine\/quel-cadeau-de-decoration-offrir\/"]}]},{"@type":"ImageObject","inLanguage":"fr-FR","@id":"https:\/\/www.mobilier-design-occasion.fr\/magazine\/quel-cadeau-de-decoration-offrir\/#primaryimage","url":"https:\/\/www.mobilier-design-occasion.fr\/magazine\/wp-content\/uploads\/2022\/02\/Design-sans-titre-20.png","contentUrl":"https:\/\/www.mobilier-design-occasion.fr\/magazine\/wp-content\/uploads\/2022\/02\/Design-sans-titre-20.png","width":1080,"height":1080},{"@type":"BreadcrumbList","@id":"https:\/\/www.mobilier-design-occasion.fr\/magazine\/quel-cadeau-de-decoration-offrir\/#breadcrumb","itemListElement":[{"@type":"ListItem","position":1,"name":"Accueil","item":"https:\/\/www.mobilier-design-occasion.fr\/magazine\/"},{"@type":"ListItem","position":2,"name":"Quel cadeau de d\u00e9coration offrir\u2009?&nbsp;"}]},{"@type":"WebSite","@id":"https:\/\/www.mobilier-design-occasion.fr\/magazine\/#website","url":"https:\/\/www.mobilier-design-occasion.fr\/magazine\/","name":"Mobilier Design Magazine","description":"","publisher":{"@id":"https:\/\/www.mobilier-design-occasion.fr\/magazine\/#organization"},"potentialAction":[{"@type":"SearchAction","target":{"@type":"EntryPoint","urlTemplate":"https:\/\/www.mobilier-design-occasion.fr\/magazine\/?s={search_term_string}"},"query-input":{"@type":"PropertyValueSpecification","valueRequired":true,"valueName":"search_term_string"}}],"inLanguage":"fr-FR"},{"@type":"Organization","@id":"https:\/\/www.mobilier-design-occasion.fr\/magazine\/#organization","name":"Mobilier Design Magazine","url":"https:\/\/www.mobilier-design-occasion.fr\/magazine\/","logo":{"@type":"ImageObject","inLanguage":"fr-FR","@id":"https:\/\/www.mobilier-design-occasion.fr\/magazine\/#\/schema\/logo\/image\/","url":"https:\/\/www.mobilier-design-occasion.fr\/magazine\/wp-content\/uploads\/2024\/02\/android-chrome-192x192-1.png","contentUrl":"https:\/\/www.mobilier-design-occasion.fr\/magazine\/wp-content\/uploads\/2024\/02\/android-chrome-192x192-1.png","width":192,"height":192,"caption":"Mobilier Design Magazine"},"image":{"@id":"https:\/\/www.mobilier-design-occasion.fr\/magazine\/#\/schema\/logo\/image\/"},"sameAs":["https:\/\/www.facebook.com\/mobilierdesignoccasion"]},{"@type":"Person","@id":"https:\/\/www.mobilier-design-occasion.fr\/magazine\/#\/schema\/person\/5b2e5627a714ddadaaf8c9b886c55eff","name":"Cyrielle Poirot","image":{"@type":"ImageObject","inLanguage":"fr-FR","@id":"https:\/\/secure.gravatar.com\/avatar\/c8d2674e093b06894d8d1dc468b626bd752523471f3ac6e75f7c7a1400d40b4d?s=96&d=mm&r=g","url":"https:\/\/secure.gravatar.com\/avatar\/c8d2674e093b06894d8d1dc468b626bd752523471f3ac6e75f7c7a1400d40b4d?s=96&d=mm&r=g","contentUrl":"https:\/\/secure.gravatar.com\/avatar\/c8d2674e093b06894d8d1dc468b626bd752523471f3ac6e75f7c7a1400d40b4d?s=96&d=mm&r=g","caption":"Cyrielle Poirot"},"description":"Cyrielle est passionn\u00e9e par la d\u00e9coration d'int\u00e9rieur et s'est sp\u00e9cialis\u00e9e depuis quelques ann\u00e9es dans l'\u00e9dition du site Mobilier-Design, avec une touche sp\u00e9cifique pour les produits d'occasion.","sameAs":["https:\/\/www.mobilier-design-occasion.fr\/magazine"],"url":"https:\/\/www.mobilier-design-occasion.fr\/magazine\/author\/cyrielle\/"}]}},"_links":{"self":[{"href":"https:\/\/www.mobilier-design-occasion.fr\/magazine\/wp-json\/wp\/v2\/posts\/3471","targetHints":{"allow":["GET"]}}],"collection":[{"href":"https:\/\/www.mobilier-design-occasion.fr\/magazine\/wp-json\/wp\/v2\/posts"}],"about":[{"href":"https:\/\/www.mobilier-design-occasion.fr\/magazine\/wp-json\/wp\/v2\/types\/post"}],"author":[{"embeddable":true,"href":"https:\/\/www.mobilier-design-occasion.fr\/magazine\/wp-json\/wp\/v2\/users\/1"}],"replies":[{"embeddable":true,"href":"https:\/\/www.mobilier-design-occasion.fr\/magazine\/wp-json\/wp\/v2\/comments?post=3471"}],"version-history":[{"count":1,"href":"https:\/\/www.mobilier-design-occasion.fr\/magazine\/wp-json\/wp\/v2\/posts\/3471\/revisions"}],"predecessor-version":[{"id":3473,"href":"https:\/\/www.mobilier-design-occasion.fr\/magazine\/wp-json\/wp\/v2\/posts\/3471\/revisions\/3473"}],"wp:featuredmedia":[{"embeddable":true,"href":"https:\/\/www.mobilier-design-occasion.fr\/magazine\/wp-json\/wp\/v2\/media\/3507"}],"wp:attachment":[{"href":"https:\/\/www.mobilier-design-occasion.fr\/magazine\/wp-json\/wp\/v2\/media?parent=3471"}],"wp:term":[{"taxonomy":"category","embeddable":true,"href":"https:\/\/www.mobilier-design-occasion.fr\/magazine\/wp-json\/wp\/v2\/categories?post=3471"},{"taxonomy":"post_tag","embeddable":true,"href":"https:\/\/www.mobilier-design-occasion.fr\/magazine\/wp-json\/wp\/v2\/tags?post=3471"}],"curies":[{"name":"wp","href":"https:\/\/api.w.org\/{rel}","templated":true}]}}