{"id":3444,"date":"2022-01-19T08:49:52","date_gmt":"2022-01-19T08:49:52","guid":{"rendered":"https:\/\/www.mobilier-design-occasion.fr\/magazine\/?p=3444"},"modified":"2022-01-19T08:50:47","modified_gmt":"2022-01-19T08:50:47","slug":"comment-creer-une-decoration-interieure-tendance-en-2022%e2%80%89","status":"publish","type":"post","link":"https:\/\/www.mobilier-design-occasion.fr\/magazine\/comment-creer-une-decoration-interieure-tendance-en-2022%e2%80%89\/","title":{"rendered":"Comment cr\u00e9er une d\u00e9coration int\u00e9rieure tendance en 2022\u2009 ?"},"content":{"rendered":"\n<p>Avec le Covid-19 qui a tout chamboul\u00e9 et le travail qui se d\u00e9localise \u00e0 domicile,&nbsp;<strong>cr\u00e9er une d\u00e9coration int\u00e9rieure tendance en 2022<\/strong>&nbsp;est le souhait de beaucoup de personnes. En r\u00e9alit\u00e9, devenues \u00e0 la fois le lieu de travail et de repos, les maisons sont d\u00e9sormais le lieu o\u00f9 bon nombre de personnes passent le plus clair de leur temps.<\/p>\n\n\n\n<p>Il convient donc de les d\u00e9corer comme cela se doit pour s\u2019y sentir confortable. Mais pour cr\u00e9er une d\u00e9coration int\u00e9rieure tendance en 2022 pour votre maison, vous devez tenir compte de certains \u00e9l\u00e9ments tr\u00e8s importants. Nous vous invitons \u00e0 les d\u00e9couvrir dans cet article.<\/p>\n\n\n\n<h2 class=\"wp-block-heading\"><span class=\"ez-toc-section\" id=\"Decoration_interieure_tendance_en_2022_quelles_couleurs_choisir%E2%80%89\"><\/span>D\u00e9coration int\u00e9rieure tendance en 2022&nbsp;: quelles couleurs choisir\u2009?<span class=\"ez-toc-section-end\"><\/span><\/h2><div id=\"ez-toc-container\" class=\"ez-toc-v2_0_82_2 counter-hierarchy ez-toc-counter ez-toc-grey ez-toc-container-direction\">\n<div class=\"ez-toc-title-container\">\n<span class=\"ez-toc-title-toggle\"><a href=\"#\" class=\"ez-toc-pull-right ez-toc-btn ez-toc-btn-xs ez-toc-btn-default ez-toc-toggle\" aria-label=\"Toggle Table of Content\"><span class=\"ez-toc-js-icon-con\"><span class=\"\"><span class=\"eztoc-hide\" style=\"display:none;\">Toggle<\/span><span class=\"ez-toc-icon-toggle-span\"><svg style=\"fill: #999;color:#999\" xmlns=\"http:\/\/www.w3.org\/2000\/svg\" class=\"list-377408\" width=\"20px\" height=\"20px\" viewBox=\"0 0 24 24\" fill=\"none\"><path d=\"M6 6H4v2h2V6zm14 0H8v2h12V6zM4 11h2v2H4v-2zm16 0H8v2h12v-2zM4 16h2v2H4v-2zm16 0H8v2h12v-2z\" fill=\"currentColor\"><\/path><\/svg><svg style=\"fill: #999;color:#999\" class=\"arrow-unsorted-368013\" xmlns=\"http:\/\/www.w3.org\/2000\/svg\" width=\"10px\" height=\"10px\" viewBox=\"0 0 24 24\" version=\"1.2\" baseProfile=\"tiny\"><path d=\"M18.2 9.3l-6.2-6.3-6.2 6.3c-.2.2-.3.4-.3.7s.1.5.3.7c.2.2.4.3.7.3h11c.3 0 .5-.1.7-.3.2-.2.3-.5.3-.7s-.1-.5-.3-.7zM5.8 14.7l6.2 6.3 6.2-6.3c.2-.2.3-.5.3-.7s-.1-.5-.3-.7c-.2-.2-.4-.3-.7-.3h-11c-.3 0-.5.1-.7.3-.2.2-.3.5-.3.7s.1.5.3.7z\"\/><\/svg><\/span><\/span><\/span><\/a><\/span><\/div>\n<nav><ul class='ez-toc-list ez-toc-list-level-1 eztoc-toggle-hide-by-default' ><li class='ez-toc-page-1 ez-toc-heading-level-2'><a class=\"ez-toc-link ez-toc-heading-1\" href=\"https:\/\/www.mobilier-design-occasion.fr\/magazine\/comment-creer-une-decoration-interieure-tendance-en-2022%e2%80%89\/#Decoration_interieure_tendance_en_2022_quelles_couleurs_choisir%E2%80%89\" >D\u00e9coration int\u00e9rieure tendance en 2022&nbsp;: quelles couleurs choisir\u2009?<\/a><ul class='ez-toc-list-level-3' ><li class='ez-toc-heading-level-3'><a class=\"ez-toc-link ez-toc-heading-2\" href=\"https:\/\/www.mobilier-design-occasion.fr\/magazine\/comment-creer-une-decoration-interieure-tendance-en-2022%e2%80%89\/#Le_ton_chaud_et_naturel\" >Le ton chaud et naturel<\/a><\/li><li class='ez-toc-page-1 ez-toc-heading-level-3'><a class=\"ez-toc-link ez-toc-heading-3\" href=\"https:\/\/www.mobilier-design-occasion.fr\/magazine\/comment-creer-une-decoration-interieure-tendance-en-2022%e2%80%89\/#Le_bleu_et_le_vert\" >Le bleu et le vert<\/a><\/li><\/ul><\/li><li class='ez-toc-page-1 ez-toc-heading-level-2'><a class=\"ez-toc-link ez-toc-heading-4\" href=\"https:\/\/www.mobilier-design-occasion.fr\/magazine\/comment-creer-une-decoration-interieure-tendance-en-2022%e2%80%89\/#Les_matieres_utilisees_pour_la_decoration_en_2022\" >Les mati\u00e8res utilis\u00e9es pour la d\u00e9coration en 2022<\/a><ul class='ez-toc-list-level-3' ><li class='ez-toc-heading-level-3'><a class=\"ez-toc-link ez-toc-heading-5\" href=\"https:\/\/www.mobilier-design-occasion.fr\/magazine\/comment-creer-une-decoration-interieure-tendance-en-2022%e2%80%89\/#Le_velours\" >Le velours<\/a><\/li><li class='ez-toc-page-1 ez-toc-heading-level-3'><a class=\"ez-toc-link ez-toc-heading-6\" href=\"https:\/\/www.mobilier-design-occasion.fr\/magazine\/comment-creer-une-decoration-interieure-tendance-en-2022%e2%80%89\/#Les_matieres_naturelles\" >Les mati\u00e8res naturelles<\/a><\/li><li class='ez-toc-page-1 ez-toc-heading-level-3'><a class=\"ez-toc-link ez-toc-heading-7\" href=\"https:\/\/www.mobilier-design-occasion.fr\/magazine\/comment-creer-une-decoration-interieure-tendance-en-2022%e2%80%89\/#Le_metal_dore\" >Le m\u00e9tal dor\u00e9<\/a><\/li><\/ul><\/li><li class='ez-toc-page-1 ez-toc-heading-level-2'><a class=\"ez-toc-link ez-toc-heading-8\" href=\"https:\/\/www.mobilier-design-occasion.fr\/magazine\/comment-creer-une-decoration-interieure-tendance-en-2022%e2%80%89\/#Decoration_interieure_tendance_en_2022_quel_style_pour_le_mobilier%E2%80%89\" >D\u00e9coration int\u00e9rieure tendance en 2022&nbsp;: quel style pour le mobilier\u2009?<\/a><\/li><li class='ez-toc-page-1 ez-toc-heading-level-2'><a class=\"ez-toc-link ez-toc-heading-9\" href=\"https:\/\/www.mobilier-design-occasion.fr\/magazine\/comment-creer-une-decoration-interieure-tendance-en-2022%e2%80%89\/#Decoration_interne_tendance_2022_quid_des_styles_de_decoration%E2%80%89\" >D\u00e9coration interne tendance 2022&nbsp;: quid des styles de d\u00e9coration\u2009?<\/a><\/li><\/ul><\/nav><\/div>\n\n\n\n\n<p>Le choix de la couleur est tr\u00e8s important dans la&nbsp;<a href=\"https:\/\/www.encd.fr\/decoration\/\">d\u00e9coration int\u00e9rieure<\/a>&nbsp;des maisons. La tendance en 2022 opte pour&nbsp;<strong>des couleurs qui ravivent l\u2019ambiance int\u00e9rieure<\/strong>&nbsp;de la maison. Ce sont un ensemble de couleurs claires et pastel \u00e9voquant la d\u00e9coration scandinave, nordique et des tons naturels.<\/p>\n\n\n\n<figure class=\"wp-block-image size-full\"><img loading=\"lazy\" decoding=\"async\" width=\"799\" height=\"599\" src=\"https:\/\/www.mobilier-design-occasion.fr\/magazine\/wp-content\/uploads\/2022\/01\/6c9915a59bd30a4c4cfe5f37fd43ffbb.jpeg\" alt=\"\" class=\"wp-image-3447\" srcset=\"https:\/\/www.mobilier-design-occasion.fr\/magazine\/wp-content\/uploads\/2022\/01\/6c9915a59bd30a4c4cfe5f37fd43ffbb.jpeg 799w, https:\/\/www.mobilier-design-occasion.fr\/magazine\/wp-content\/uploads\/2022\/01\/6c9915a59bd30a4c4cfe5f37fd43ffbb-300x225.jpeg 300w, https:\/\/www.mobilier-design-occasion.fr\/magazine\/wp-content\/uploads\/2022\/01\/6c9915a59bd30a4c4cfe5f37fd43ffbb-768x576.jpeg 768w\" sizes=\"auto, (max-width: 799px) 100vw, 799px\" \/><\/figure>\n\n\n\n<h3 class=\"wp-block-heading\"><span class=\"ez-toc-section\" id=\"Le_ton_chaud_et_naturel\"><\/span>Le ton chaud et naturel<span class=\"ez-toc-section-end\"><\/span><\/h3>\n\n\n\n<p>Le&nbsp;<strong>ton naturel<\/strong>&nbsp;est toujours au rendez-vous chaque ann\u00e9e. Cependant, cette ann\u00e9e, le d\u00e9sir ardent de voir haut en couleur exclut le beige et le gris. Les couleurs au rendez-vous sont notamment&nbsp;:<\/p>\n\n\n\n<ul class=\"wp-block-list\"><li>L\u2019ocre, de ton jaune qui r\u00e9chauffe l\u2019int\u00e9rieur\u2009;<\/li><li>Le rose nude pour apporter une touche d\u2019\u00e9clairage surdimensionn\u00e9e au sein des pi\u00e8ces\u2009;<\/li><li>Le cognac pour l\u2019obtention des teintes chics et masculines\u2009;<\/li><li>Le caramel pour son esprit chic, lumineux et toujours \u00e0 la mode.<\/li><\/ul>\n\n\n\n<p>Chacune de ces couleurs va parfaitement l\u2019une avec l\u2019autre. Elles permettent de cr\u00e9er un cadre cosy, peu importe la pi\u00e8ce choisie dans la maison.<\/p>\n\n\n\n<h3 class=\"wp-block-heading\"><span class=\"ez-toc-section\" id=\"Le_bleu_et_le_vert\"><\/span>Le bleu et le vert<span class=\"ez-toc-section-end\"><\/span><\/h3>\n\n\n\n<p>Toujours de la partie, ces deux couleurs int\u00e8grent la d\u00e9coration int\u00e9rieure tendance en 2022&nbsp;sous divers aspects.<\/p>\n\n\n\n<ul class=\"wp-block-list\"><li>Le bleu clair est utilis\u00e9 pour cr\u00e9er un d\u00e9cor vintage en association avec le camel\u2009;<\/li><li>Le bleu pervenche, rebaptis\u00e9 Very Pery, c\u2019est un bleu qui tire sur du violet\u2009;<\/li><li>Le vert sauge pour cr\u00e9er une ambiance douce et fraiche.<\/li><\/ul>\n\n\n\n<p>Offrant&nbsp;<strong>des teintes plus douces<\/strong>, ces couleurs s\u2019approprient ais\u00e9ment dans la d\u00e9coration int\u00e9rieure de votre maison.<\/p>\n\n\n\n<h2 class=\"wp-block-heading\"><span class=\"ez-toc-section\" id=\"Les_matieres_utilisees_pour_la_decoration_en_2022\"><\/span>Les mati\u00e8res utilis\u00e9es pour la d\u00e9coration en 2022<span class=\"ez-toc-section-end\"><\/span><\/h2>\n\n\n\n<p>Vous souhaitez cr\u00e9er une d\u00e9coration int\u00e9rieure tendance en 2022\u2009? Sachez que la tendance veut l\u2019utilisation des mati\u00e8res sp\u00e9cifiques pour&nbsp;<strong>redonner une touche moderne \u00e0 l\u2019int\u00e9rieur&nbsp;<\/strong>sans pour autant l\u2019alourdir.<\/p>\n\n\n\n<figure class=\"wp-block-image size-full\"><img loading=\"lazy\" decoding=\"async\" width=\"848\" height=\"565\" src=\"https:\/\/www.mobilier-design-occasion.fr\/magazine\/wp-content\/uploads\/2022\/01\/75effaa08ab407c4c648aecc1cf35e81.jpeg\" alt=\"\" class=\"wp-image-3448\" srcset=\"https:\/\/www.mobilier-design-occasion.fr\/magazine\/wp-content\/uploads\/2022\/01\/75effaa08ab407c4c648aecc1cf35e81.jpeg 848w, https:\/\/www.mobilier-design-occasion.fr\/magazine\/wp-content\/uploads\/2022\/01\/75effaa08ab407c4c648aecc1cf35e81-300x200.jpeg 300w, https:\/\/www.mobilier-design-occasion.fr\/magazine\/wp-content\/uploads\/2022\/01\/75effaa08ab407c4c648aecc1cf35e81-768x512.jpeg 768w, https:\/\/www.mobilier-design-occasion.fr\/magazine\/wp-content\/uploads\/2022\/01\/75effaa08ab407c4c648aecc1cf35e81-810x540.jpeg 810w\" sizes=\"auto, (max-width: 848px) 100vw, 848px\" \/><\/figure>\n\n\n\n<h3 class=\"wp-block-heading\"><span class=\"ez-toc-section\" id=\"Le_velours\"><\/span>Le velours<span class=\"ez-toc-section-end\"><\/span><\/h3>\n\n\n\n<p>La d\u00e9coration int\u00e9rieure tendance en 2022 fait un retour dans les ann\u00e9es&nbsp;70 avec l\u2019utilisation du velours. En raison de la touche de chaleur et de confort qu\u2019elle apporte dans les maisons, cette mati\u00e8re int\u00e8gre les d\u00e9corations d\u2019hiver et d\u2019automne. En plus de recouvrir les meubles de la maison, elle s\u2019adaptera \u00e0 toute sa d\u00e9coration <a href=\"https:\/\/www.mobilier-design-occasion.fr\/magazine\/test-avis-essix-home\/\">textile<\/a>.<\/p>\n\n\n\n<h3 class=\"wp-block-heading\"><span class=\"ez-toc-section\" id=\"Les_matieres_naturelles\"><\/span>Les mati\u00e8res naturelles<span class=\"ez-toc-section-end\"><\/span><\/h3>\n\n\n\n<p>La d\u00e9coration en 2022 se veut&nbsp;<strong>une d\u00e9coration \u00e9coresponsable<\/strong>. C\u2019est ainsi qu\u2019elle int\u00e8gre l\u2019utilisation des mati\u00e8res naturelles telles que&nbsp;:<\/p>\n\n\n\n<ul class=\"wp-block-list\"><li>La jute\u2009;<\/li><li>La gaze de coton\u2009;<\/li><li>Le rotin.<\/li><\/ul>\n\n\n\n<p>L\u2019utilisation de ces mati\u00e8res affirme \u00e0 nouveau le d\u00e9sir de&nbsp;<strong>retourner dans les ann\u00e9es&nbsp;70<\/strong>. Choisies pour leur c\u00f4t\u00e9 chaleureux et r\u00e9confortant, ces mati\u00e8res subliment convenablement l\u2019int\u00e9rieur des maisons.<\/p>\n\n\n\n<h3 class=\"wp-block-heading\"><span class=\"ez-toc-section\" id=\"Le_metal_dore\"><\/span>Le m\u00e9tal dor\u00e9<span class=\"ez-toc-section-end\"><\/span><\/h3>\n\n\n\n<p>Depuis quelques ann\u00e9es, le m\u00e9tal dor\u00e9 occupe une place de choix dans la d\u00e9coration int\u00e9rieure des maisons. Il maintient toujours sa place, avec les miroirs et luminaires dor\u00e9s qui int\u00e8grent d\u00e9sormais une ambiance lumineuse. Il accompagne convenablement les couleurs claires et pastel utilis\u00e9es pour la d\u00e9coration int\u00e9rieure tendance en 2022.<\/p>\n\n\n\n<h2 class=\"wp-block-heading\"><span class=\"ez-toc-section\" id=\"Decoration_interieure_tendance_en_2022_quel_style_pour_le_mobilier%E2%80%89\"><\/span>D\u00e9coration int\u00e9rieure tendance en 2022&nbsp;: quel style pour le mobilier\u2009?<span class=\"ez-toc-section-end\"><\/span><\/h2>\n\n\n\n<figure class=\"wp-block-image size-full\"><img loading=\"lazy\" decoding=\"async\" width=\"848\" height=\"565\" src=\"https:\/\/www.mobilier-design-occasion.fr\/magazine\/wp-content\/uploads\/2022\/01\/ae0bf6407e8a2f8beff51ec4f9aa90c0.jpeg\" alt=\"\" class=\"wp-image-3449\" srcset=\"https:\/\/www.mobilier-design-occasion.fr\/magazine\/wp-content\/uploads\/2022\/01\/ae0bf6407e8a2f8beff51ec4f9aa90c0.jpeg 848w, https:\/\/www.mobilier-design-occasion.fr\/magazine\/wp-content\/uploads\/2022\/01\/ae0bf6407e8a2f8beff51ec4f9aa90c0-300x200.jpeg 300w, https:\/\/www.mobilier-design-occasion.fr\/magazine\/wp-content\/uploads\/2022\/01\/ae0bf6407e8a2f8beff51ec4f9aa90c0-768x512.jpeg 768w, https:\/\/www.mobilier-design-occasion.fr\/magazine\/wp-content\/uploads\/2022\/01\/ae0bf6407e8a2f8beff51ec4f9aa90c0-810x540.jpeg 810w\" sizes=\"auto, (max-width: 848px) 100vw, 848px\" \/><\/figure>\n\n\n\n<p>La tendance en 2022 opte pour le&nbsp;<strong><a href=\"https:\/\/www.mobilier-design-occasion.fr\/magazine\/test-avis-sur-la-redoute-interieurs-am-pm\/\">mobilier<\/a> repens\u00e9 au sein de la d\u00e9coration<\/strong>. Avec des formes organiques inspir\u00e9es de l\u2019art naturel et des courbes rassurantes, le mobilier se montre&nbsp;<strong>enveloppant et chaleureux<\/strong>. Les meubles offrent ainsi la douceur et le confort n\u00e9cessaire au sein de l\u2019habitat.<br><br>De plus, pour affirmer \u00e0 nouveau le d\u00e9sir de l\u2019\u00e9coresponsabilit\u00e9, certaines marques optent pour les meubles confectionn\u00e9s avec des mati\u00e8res recycl\u00e9es de diverses natures.<\/p>\n\n\n\n<h2 class=\"wp-block-heading\"><span class=\"ez-toc-section\" id=\"Decoration_interne_tendance_2022_quid_des_styles_de_decoration%E2%80%89\"><\/span>D\u00e9coration interne tendance 2022&nbsp;: quid des styles de d\u00e9coration\u2009?<span class=\"ez-toc-section-end\"><\/span><\/h2>\n\n\n\n<figure class=\"wp-block-image size-full\"><img loading=\"lazy\" decoding=\"async\" width=\"847\" height=\"565\" src=\"https:\/\/www.mobilier-design-occasion.fr\/magazine\/wp-content\/uploads\/2022\/01\/5e07167780142e25f597829b535e1923.jpeg\" alt=\"\" class=\"wp-image-3450\" srcset=\"https:\/\/www.mobilier-design-occasion.fr\/magazine\/wp-content\/uploads\/2022\/01\/5e07167780142e25f597829b535e1923.jpeg 847w, https:\/\/www.mobilier-design-occasion.fr\/magazine\/wp-content\/uploads\/2022\/01\/5e07167780142e25f597829b535e1923-300x200.jpeg 300w, https:\/\/www.mobilier-design-occasion.fr\/magazine\/wp-content\/uploads\/2022\/01\/5e07167780142e25f597829b535e1923-768x512.jpeg 768w, https:\/\/www.mobilier-design-occasion.fr\/magazine\/wp-content\/uploads\/2022\/01\/5e07167780142e25f597829b535e1923-810x540.jpeg 810w\" sizes=\"auto, (max-width: 847px) 100vw, 847px\" \/><\/figure>\n\n\n\n<p>La tendance en 2022 int\u00e8gre des styles de d\u00e9coration qui se veulent tant naturels qu\u2019industriels. Que ce soit&nbsp;<strong>la tendance Arty, le boh\u00e8me chic ou le vintage<\/strong>, chacun de ces styles sublime l\u2019int\u00e9rieur de votre domicile en y apportant une touche particuli\u00e8re pour votre confort.<\/p>\n\n\n\n<p>C\u2019est ainsi que des cousins aux visages graphiques, les formes g\u00e9om\u00e9triques entrem\u00eal\u00e9es fa\u00e7on collage font leur entr\u00e9e pour dynamiser la d\u00e9co \u00e0 travers un art abstrait. Par ailleurs, on retrouve aussi des d\u00e9corations vieillies faites avec des commodes vitr\u00e9es, des meubles au style vieilli pour&nbsp;<strong>am\u00e9liorer l\u2019ambiance par une d\u00e9co vintage<\/strong>.<\/p>\n\n\n\n<p>En somme, retenez que pour cr\u00e9er une d\u00e9coration int\u00e9rieure tendance en 2022, vous devez miser sur plusieurs aspects d\u00e9coratifs et faire un vrai&nbsp;<strong>mariage entre moderne et classique<\/strong>. Cela vous permet de cr\u00e9er le cadre et l\u2019ambiance n\u00e9cessaires dans votre int\u00e9rieur pour toute l\u2019ann\u00e9e.<\/p>\n","protected":false},"excerpt":{"rendered":"<p>Avec le Covid-19 qui a tout chamboul\u00e9 et le travail qui se d\u00e9localise \u00e0 domicile,&nbsp;cr\u00e9er une d\u00e9coration int\u00e9rieure tendance en 2022&nbsp;est le souhait de beaucoup de personnes. En r\u00e9alit\u00e9, devenues \u00e0 la fois le lieu de travail et de repos, les maisons sont d\u00e9sormais le lieu o\u00f9 bon nombre de personnes passent le plus clair [&hellip;]<\/p>\n","protected":false},"author":1,"featured_media":3446,"comment_status":"open","ping_status":"open","sticky":false,"template":"","format":"standard","meta":{"footnotes":""},"categories":[2],"tags":[],"class_list":["post-3444","post","type-post","status-publish","format-standard","has-post-thumbnail","hentry","category-tendances"],"yoast_head":"<!-- This site is optimized with the Yoast SEO plugin v27.5 - https:\/\/yoast.com\/product\/yoast-seo-wordpress\/ -->\n<title>Comment cr\u00e9er une d\u00e9coration int\u00e9rieure tendance en 2022\u2009 ? - Mobilier Design Magazine<\/title>\n<meta name=\"robots\" content=\"index, follow, max-snippet:-1, max-image-preview:large, max-video-preview:-1\" \/>\n<link rel=\"canonical\" href=\"https:\/\/www.mobilier-design-occasion.fr\/magazine\/comment-creer-une-decoration-interieure-tendance-en-2022\u2009\/\" \/>\n<meta property=\"og:locale\" content=\"fr_FR\" \/>\n<meta property=\"og:type\" content=\"article\" \/>\n<meta property=\"og:title\" content=\"Comment cr\u00e9er une d\u00e9coration int\u00e9rieure tendance en 2022\u2009 ? - Mobilier Design Magazine\" \/>\n<meta property=\"og:description\" content=\"Avec le Covid-19 qui a tout chamboul\u00e9 et le travail qui se d\u00e9localise \u00e0 domicile,&nbsp;cr\u00e9er une d\u00e9coration int\u00e9rieure tendance en 2022&nbsp;est le souhait de beaucoup de personnes. En r\u00e9alit\u00e9, devenues \u00e0 la fois le lieu de travail et de repos, les maisons sont d\u00e9sormais le lieu o\u00f9 bon nombre de personnes passent le plus clair [&hellip;]\" \/>\n<meta property=\"og:url\" content=\"https:\/\/www.mobilier-design-occasion.fr\/magazine\/comment-creer-une-decoration-interieure-tendance-en-2022\u2009\/\" \/>\n<meta property=\"og:site_name\" content=\"Mobilier Design Magazine\" \/>\n<meta property=\"article:publisher\" content=\"https:\/\/www.facebook.com\/mobilierdesignoccasion\" \/>\n<meta property=\"article:published_time\" content=\"2022-01-19T08:49:52+00:00\" \/>\n<meta property=\"article:modified_time\" content=\"2022-01-19T08:50:47+00:00\" \/>\n<meta property=\"og:image\" content=\"https:\/\/www.mobilier-design-occasion.fr\/magazine\/wp-content\/uploads\/2022\/01\/30bec8d7f216de2ac0bece7188ab89b4.jpeg\" \/>\n\t<meta property=\"og:image:width\" content=\"847\" \/>\n\t<meta property=\"og:image:height\" content=\"565\" \/>\n\t<meta property=\"og:image:type\" content=\"image\/jpeg\" \/>\n<meta name=\"author\" content=\"Cyrielle Poirot\" \/>\n<meta name=\"twitter:card\" content=\"summary_large_image\" \/>\n<meta name=\"twitter:label1\" content=\"\u00c9crit par\" \/>\n\t<meta name=\"twitter:data1\" content=\"Cyrielle Poirot\" \/>\n\t<meta name=\"twitter:label2\" content=\"Dur\u00e9e de lecture estim\u00e9e\" \/>\n\t<meta name=\"twitter:data2\" content=\"5 minutes\" \/>\n<script type=\"application\/ld+json\" class=\"yoast-schema-graph\">{\"@context\":\"https:\\\/\\\/schema.org\",\"@graph\":[{\"@type\":\"Article\",\"@id\":\"https:\\\/\\\/www.mobilier-design-occasion.fr\\\/magazine\\\/comment-creer-une-decoration-interieure-tendance-en-2022%e2%80%89\\\/#article\",\"isPartOf\":{\"@id\":\"https:\\\/\\\/www.mobilier-design-occasion.fr\\\/magazine\\\/comment-creer-une-decoration-interieure-tendance-en-2022%e2%80%89\\\/\"},\"author\":{\"name\":\"Cyrielle Poirot\",\"@id\":\"https:\\\/\\\/www.mobilier-design-occasion.fr\\\/magazine\\\/#\\\/schema\\\/person\\\/5b2e5627a714ddadaaf8c9b886c55eff\"},\"headline\":\"Comment cr\u00e9er une d\u00e9coration int\u00e9rieure tendance en 2022\u2009 ?\",\"datePublished\":\"2022-01-19T08:49:52+00:00\",\"dateModified\":\"2022-01-19T08:50:47+00:00\",\"mainEntityOfPage\":{\"@id\":\"https:\\\/\\\/www.mobilier-design-occasion.fr\\\/magazine\\\/comment-creer-une-decoration-interieure-tendance-en-2022%e2%80%89\\\/\"},\"wordCount\":929,\"commentCount\":0,\"publisher\":{\"@id\":\"https:\\\/\\\/www.mobilier-design-occasion.fr\\\/magazine\\\/#organization\"},\"image\":{\"@id\":\"https:\\\/\\\/www.mobilier-design-occasion.fr\\\/magazine\\\/comment-creer-une-decoration-interieure-tendance-en-2022%e2%80%89\\\/#primaryimage\"},\"thumbnailUrl\":\"https:\\\/\\\/www.mobilier-design-occasion.fr\\\/magazine\\\/wp-content\\\/uploads\\\/2022\\\/01\\\/30bec8d7f216de2ac0bece7188ab89b4.jpeg\",\"articleSection\":[\"Tendances\"],\"inLanguage\":\"fr-FR\",\"potentialAction\":[{\"@type\":\"CommentAction\",\"name\":\"Comment\",\"target\":[\"https:\\\/\\\/www.mobilier-design-occasion.fr\\\/magazine\\\/comment-creer-une-decoration-interieure-tendance-en-2022%e2%80%89\\\/#respond\"]}]},{\"@type\":\"WebPage\",\"@id\":\"https:\\\/\\\/www.mobilier-design-occasion.fr\\\/magazine\\\/comment-creer-une-decoration-interieure-tendance-en-2022%e2%80%89\\\/\",\"url\":\"https:\\\/\\\/www.mobilier-design-occasion.fr\\\/magazine\\\/comment-creer-une-decoration-interieure-tendance-en-2022%e2%80%89\\\/\",\"name\":\"Comment cr\u00e9er une d\u00e9coration int\u00e9rieure tendance en 2022\u2009 ? - Mobilier Design Magazine\",\"isPartOf\":{\"@id\":\"https:\\\/\\\/www.mobilier-design-occasion.fr\\\/magazine\\\/#website\"},\"primaryImageOfPage\":{\"@id\":\"https:\\\/\\\/www.mobilier-design-occasion.fr\\\/magazine\\\/comment-creer-une-decoration-interieure-tendance-en-2022%e2%80%89\\\/#primaryimage\"},\"image\":{\"@id\":\"https:\\\/\\\/www.mobilier-design-occasion.fr\\\/magazine\\\/comment-creer-une-decoration-interieure-tendance-en-2022%e2%80%89\\\/#primaryimage\"},\"thumbnailUrl\":\"https:\\\/\\\/www.mobilier-design-occasion.fr\\\/magazine\\\/wp-content\\\/uploads\\\/2022\\\/01\\\/30bec8d7f216de2ac0bece7188ab89b4.jpeg\",\"datePublished\":\"2022-01-19T08:49:52+00:00\",\"dateModified\":\"2022-01-19T08:50:47+00:00\",\"breadcrumb\":{\"@id\":\"https:\\\/\\\/www.mobilier-design-occasion.fr\\\/magazine\\\/comment-creer-une-decoration-interieure-tendance-en-2022%e2%80%89\\\/#breadcrumb\"},\"inLanguage\":\"fr-FR\",\"potentialAction\":[{\"@type\":\"ReadAction\",\"target\":[\"https:\\\/\\\/www.mobilier-design-occasion.fr\\\/magazine\\\/comment-creer-une-decoration-interieure-tendance-en-2022%e2%80%89\\\/\"]}]},{\"@type\":\"ImageObject\",\"inLanguage\":\"fr-FR\",\"@id\":\"https:\\\/\\\/www.mobilier-design-occasion.fr\\\/magazine\\\/comment-creer-une-decoration-interieure-tendance-en-2022%e2%80%89\\\/#primaryimage\",\"url\":\"https:\\\/\\\/www.mobilier-design-occasion.fr\\\/magazine\\\/wp-content\\\/uploads\\\/2022\\\/01\\\/30bec8d7f216de2ac0bece7188ab89b4.jpeg\",\"contentUrl\":\"https:\\\/\\\/www.mobilier-design-occasion.fr\\\/magazine\\\/wp-content\\\/uploads\\\/2022\\\/01\\\/30bec8d7f216de2ac0bece7188ab89b4.jpeg\",\"width\":847,\"height\":565,\"caption\":\"White and blue living room with sofa, armchair, lamp, posters\"},{\"@type\":\"BreadcrumbList\",\"@id\":\"https:\\\/\\\/www.mobilier-design-occasion.fr\\\/magazine\\\/comment-creer-une-decoration-interieure-tendance-en-2022%e2%80%89\\\/#breadcrumb\",\"itemListElement\":[{\"@type\":\"ListItem\",\"position\":1,\"name\":\"Accueil\",\"item\":\"https:\\\/\\\/www.mobilier-design-occasion.fr\\\/magazine\\\/\"},{\"@type\":\"ListItem\",\"position\":2,\"name\":\"Comment cr\u00e9er une d\u00e9coration int\u00e9rieure tendance en 2022\u2009 ?\"}]},{\"@type\":\"WebSite\",\"@id\":\"https:\\\/\\\/www.mobilier-design-occasion.fr\\\/magazine\\\/#website\",\"url\":\"https:\\\/\\\/www.mobilier-design-occasion.fr\\\/magazine\\\/\",\"name\":\"Mobilier Design Magazine\",\"description\":\"\",\"publisher\":{\"@id\":\"https:\\\/\\\/www.mobilier-design-occasion.fr\\\/magazine\\\/#organization\"},\"potentialAction\":[{\"@type\":\"SearchAction\",\"target\":{\"@type\":\"EntryPoint\",\"urlTemplate\":\"https:\\\/\\\/www.mobilier-design-occasion.fr\\\/magazine\\\/?s={search_term_string}\"},\"query-input\":{\"@type\":\"PropertyValueSpecification\",\"valueRequired\":true,\"valueName\":\"search_term_string\"}}],\"inLanguage\":\"fr-FR\"},{\"@type\":\"Organization\",\"@id\":\"https:\\\/\\\/www.mobilier-design-occasion.fr\\\/magazine\\\/#organization\",\"name\":\"Mobilier Design Magazine\",\"url\":\"https:\\\/\\\/www.mobilier-design-occasion.fr\\\/magazine\\\/\",\"logo\":{\"@type\":\"ImageObject\",\"inLanguage\":\"fr-FR\",\"@id\":\"https:\\\/\\\/www.mobilier-design-occasion.fr\\\/magazine\\\/#\\\/schema\\\/logo\\\/image\\\/\",\"url\":\"https:\\\/\\\/www.mobilier-design-occasion.fr\\\/magazine\\\/wp-content\\\/uploads\\\/2024\\\/02\\\/android-chrome-192x192-1.png\",\"contentUrl\":\"https:\\\/\\\/www.mobilier-design-occasion.fr\\\/magazine\\\/wp-content\\\/uploads\\\/2024\\\/02\\\/android-chrome-192x192-1.png\",\"width\":192,\"height\":192,\"caption\":\"Mobilier Design Magazine\"},\"image\":{\"@id\":\"https:\\\/\\\/www.mobilier-design-occasion.fr\\\/magazine\\\/#\\\/schema\\\/logo\\\/image\\\/\"},\"sameAs\":[\"https:\\\/\\\/www.facebook.com\\\/mobilierdesignoccasion\"]},{\"@type\":\"Person\",\"@id\":\"https:\\\/\\\/www.mobilier-design-occasion.fr\\\/magazine\\\/#\\\/schema\\\/person\\\/5b2e5627a714ddadaaf8c9b886c55eff\",\"name\":\"Cyrielle Poirot\",\"image\":{\"@type\":\"ImageObject\",\"inLanguage\":\"fr-FR\",\"@id\":\"https:\\\/\\\/secure.gravatar.com\\\/avatar\\\/c8d2674e093b06894d8d1dc468b626bd752523471f3ac6e75f7c7a1400d40b4d?s=96&d=mm&r=g\",\"url\":\"https:\\\/\\\/secure.gravatar.com\\\/avatar\\\/c8d2674e093b06894d8d1dc468b626bd752523471f3ac6e75f7c7a1400d40b4d?s=96&d=mm&r=g\",\"contentUrl\":\"https:\\\/\\\/secure.gravatar.com\\\/avatar\\\/c8d2674e093b06894d8d1dc468b626bd752523471f3ac6e75f7c7a1400d40b4d?s=96&d=mm&r=g\",\"caption\":\"Cyrielle Poirot\"},\"description\":\"Cyrielle est passionn\u00e9e par la d\u00e9coration d'int\u00e9rieur et s'est sp\u00e9cialis\u00e9e depuis quelques ann\u00e9es dans l'\u00e9dition du site Mobilier-Design, avec une touche sp\u00e9cifique pour les produits d'occasion.\",\"sameAs\":[\"https:\\\/\\\/www.mobilier-design-occasion.fr\\\/magazine\"],\"url\":\"https:\\\/\\\/www.mobilier-design-occasion.fr\\\/magazine\\\/author\\\/cyrielle\\\/\"}]}<\/script>\n<!-- \/ Yoast SEO plugin. -->","yoast_head_json":{"title":"Comment cr\u00e9er une d\u00e9coration int\u00e9rieure tendance en 2022\u2009 ? - Mobilier Design Magazine","robots":{"index":"index","follow":"follow","max-snippet":"max-snippet:-1","max-image-preview":"max-image-preview:large","max-video-preview":"max-video-preview:-1"},"canonical":"https:\/\/www.mobilier-design-occasion.fr\/magazine\/comment-creer-une-decoration-interieure-tendance-en-2022\u2009\/","og_locale":"fr_FR","og_type":"article","og_title":"Comment cr\u00e9er une d\u00e9coration int\u00e9rieure tendance en 2022\u2009 ? - Mobilier Design Magazine","og_description":"Avec le Covid-19 qui a tout chamboul\u00e9 et le travail qui se d\u00e9localise \u00e0 domicile,&nbsp;cr\u00e9er une d\u00e9coration int\u00e9rieure tendance en 2022&nbsp;est le souhait de beaucoup de personnes. En r\u00e9alit\u00e9, devenues \u00e0 la fois le lieu de travail et de repos, les maisons sont d\u00e9sormais le lieu o\u00f9 bon nombre de personnes passent le plus clair [&hellip;]","og_url":"https:\/\/www.mobilier-design-occasion.fr\/magazine\/comment-creer-une-decoration-interieure-tendance-en-2022\u2009\/","og_site_name":"Mobilier Design Magazine","article_publisher":"https:\/\/www.facebook.com\/mobilierdesignoccasion","article_published_time":"2022-01-19T08:49:52+00:00","article_modified_time":"2022-01-19T08:50:47+00:00","og_image":[{"width":847,"height":565,"url":"https:\/\/www.mobilier-design-occasion.fr\/magazine\/wp-content\/uploads\/2022\/01\/30bec8d7f216de2ac0bece7188ab89b4.jpeg","type":"image\/jpeg"}],"author":"Cyrielle Poirot","twitter_card":"summary_large_image","twitter_misc":{"\u00c9crit par":"Cyrielle Poirot","Dur\u00e9e de lecture estim\u00e9e":"5 minutes"},"schema":{"@context":"https:\/\/schema.org","@graph":[{"@type":"Article","@id":"https:\/\/www.mobilier-design-occasion.fr\/magazine\/comment-creer-une-decoration-interieure-tendance-en-2022%e2%80%89\/#article","isPartOf":{"@id":"https:\/\/www.mobilier-design-occasion.fr\/magazine\/comment-creer-une-decoration-interieure-tendance-en-2022%e2%80%89\/"},"author":{"name":"Cyrielle Poirot","@id":"https:\/\/www.mobilier-design-occasion.fr\/magazine\/#\/schema\/person\/5b2e5627a714ddadaaf8c9b886c55eff"},"headline":"Comment cr\u00e9er une d\u00e9coration int\u00e9rieure tendance en 2022\u2009 ?","datePublished":"2022-01-19T08:49:52+00:00","dateModified":"2022-01-19T08:50:47+00:00","mainEntityOfPage":{"@id":"https:\/\/www.mobilier-design-occasion.fr\/magazine\/comment-creer-une-decoration-interieure-tendance-en-2022%e2%80%89\/"},"wordCount":929,"commentCount":0,"publisher":{"@id":"https:\/\/www.mobilier-design-occasion.fr\/magazine\/#organization"},"image":{"@id":"https:\/\/www.mobilier-design-occasion.fr\/magazine\/comment-creer-une-decoration-interieure-tendance-en-2022%e2%80%89\/#primaryimage"},"thumbnailUrl":"https:\/\/www.mobilier-design-occasion.fr\/magazine\/wp-content\/uploads\/2022\/01\/30bec8d7f216de2ac0bece7188ab89b4.jpeg","articleSection":["Tendances"],"inLanguage":"fr-FR","potentialAction":[{"@type":"CommentAction","name":"Comment","target":["https:\/\/www.mobilier-design-occasion.fr\/magazine\/comment-creer-une-decoration-interieure-tendance-en-2022%e2%80%89\/#respond"]}]},{"@type":"WebPage","@id":"https:\/\/www.mobilier-design-occasion.fr\/magazine\/comment-creer-une-decoration-interieure-tendance-en-2022%e2%80%89\/","url":"https:\/\/www.mobilier-design-occasion.fr\/magazine\/comment-creer-une-decoration-interieure-tendance-en-2022%e2%80%89\/","name":"Comment cr\u00e9er une d\u00e9coration int\u00e9rieure tendance en 2022\u2009 ? - Mobilier Design Magazine","isPartOf":{"@id":"https:\/\/www.mobilier-design-occasion.fr\/magazine\/#website"},"primaryImageOfPage":{"@id":"https:\/\/www.mobilier-design-occasion.fr\/magazine\/comment-creer-une-decoration-interieure-tendance-en-2022%e2%80%89\/#primaryimage"},"image":{"@id":"https:\/\/www.mobilier-design-occasion.fr\/magazine\/comment-creer-une-decoration-interieure-tendance-en-2022%e2%80%89\/#primaryimage"},"thumbnailUrl":"https:\/\/www.mobilier-design-occasion.fr\/magazine\/wp-content\/uploads\/2022\/01\/30bec8d7f216de2ac0bece7188ab89b4.jpeg","datePublished":"2022-01-19T08:49:52+00:00","dateModified":"2022-01-19T08:50:47+00:00","breadcrumb":{"@id":"https:\/\/www.mobilier-design-occasion.fr\/magazine\/comment-creer-une-decoration-interieure-tendance-en-2022%e2%80%89\/#breadcrumb"},"inLanguage":"fr-FR","potentialAction":[{"@type":"ReadAction","target":["https:\/\/www.mobilier-design-occasion.fr\/magazine\/comment-creer-une-decoration-interieure-tendance-en-2022%e2%80%89\/"]}]},{"@type":"ImageObject","inLanguage":"fr-FR","@id":"https:\/\/www.mobilier-design-occasion.fr\/magazine\/comment-creer-une-decoration-interieure-tendance-en-2022%e2%80%89\/#primaryimage","url":"https:\/\/www.mobilier-design-occasion.fr\/magazine\/wp-content\/uploads\/2022\/01\/30bec8d7f216de2ac0bece7188ab89b4.jpeg","contentUrl":"https:\/\/www.mobilier-design-occasion.fr\/magazine\/wp-content\/uploads\/2022\/01\/30bec8d7f216de2ac0bece7188ab89b4.jpeg","width":847,"height":565,"caption":"White and blue living room with sofa, armchair, lamp, posters"},{"@type":"BreadcrumbList","@id":"https:\/\/www.mobilier-design-occasion.fr\/magazine\/comment-creer-une-decoration-interieure-tendance-en-2022%e2%80%89\/#breadcrumb","itemListElement":[{"@type":"ListItem","position":1,"name":"Accueil","item":"https:\/\/www.mobilier-design-occasion.fr\/magazine\/"},{"@type":"ListItem","position":2,"name":"Comment cr\u00e9er une d\u00e9coration int\u00e9rieure tendance en 2022\u2009 ?"}]},{"@type":"WebSite","@id":"https:\/\/www.mobilier-design-occasion.fr\/magazine\/#website","url":"https:\/\/www.mobilier-design-occasion.fr\/magazine\/","name":"Mobilier Design Magazine","description":"","publisher":{"@id":"https:\/\/www.mobilier-design-occasion.fr\/magazine\/#organization"},"potentialAction":[{"@type":"SearchAction","target":{"@type":"EntryPoint","urlTemplate":"https:\/\/www.mobilier-design-occasion.fr\/magazine\/?s={search_term_string}"},"query-input":{"@type":"PropertyValueSpecification","valueRequired":true,"valueName":"search_term_string"}}],"inLanguage":"fr-FR"},{"@type":"Organization","@id":"https:\/\/www.mobilier-design-occasion.fr\/magazine\/#organization","name":"Mobilier Design Magazine","url":"https:\/\/www.mobilier-design-occasion.fr\/magazine\/","logo":{"@type":"ImageObject","inLanguage":"fr-FR","@id":"https:\/\/www.mobilier-design-occasion.fr\/magazine\/#\/schema\/logo\/image\/","url":"https:\/\/www.mobilier-design-occasion.fr\/magazine\/wp-content\/uploads\/2024\/02\/android-chrome-192x192-1.png","contentUrl":"https:\/\/www.mobilier-design-occasion.fr\/magazine\/wp-content\/uploads\/2024\/02\/android-chrome-192x192-1.png","width":192,"height":192,"caption":"Mobilier Design Magazine"},"image":{"@id":"https:\/\/www.mobilier-design-occasion.fr\/magazine\/#\/schema\/logo\/image\/"},"sameAs":["https:\/\/www.facebook.com\/mobilierdesignoccasion"]},{"@type":"Person","@id":"https:\/\/www.mobilier-design-occasion.fr\/magazine\/#\/schema\/person\/5b2e5627a714ddadaaf8c9b886c55eff","name":"Cyrielle Poirot","image":{"@type":"ImageObject","inLanguage":"fr-FR","@id":"https:\/\/secure.gravatar.com\/avatar\/c8d2674e093b06894d8d1dc468b626bd752523471f3ac6e75f7c7a1400d40b4d?s=96&d=mm&r=g","url":"https:\/\/secure.gravatar.com\/avatar\/c8d2674e093b06894d8d1dc468b626bd752523471f3ac6e75f7c7a1400d40b4d?s=96&d=mm&r=g","contentUrl":"https:\/\/secure.gravatar.com\/avatar\/c8d2674e093b06894d8d1dc468b626bd752523471f3ac6e75f7c7a1400d40b4d?s=96&d=mm&r=g","caption":"Cyrielle Poirot"},"description":"Cyrielle est passionn\u00e9e par la d\u00e9coration d'int\u00e9rieur et s'est sp\u00e9cialis\u00e9e depuis quelques ann\u00e9es dans l'\u00e9dition du site Mobilier-Design, avec une touche sp\u00e9cifique pour les produits d'occasion.","sameAs":["https:\/\/www.mobilier-design-occasion.fr\/magazine"],"url":"https:\/\/www.mobilier-design-occasion.fr\/magazine\/author\/cyrielle\/"}]}},"_links":{"self":[{"href":"https:\/\/www.mobilier-design-occasion.fr\/magazine\/wp-json\/wp\/v2\/posts\/3444","targetHints":{"allow":["GET"]}}],"collection":[{"href":"https:\/\/www.mobilier-design-occasion.fr\/magazine\/wp-json\/wp\/v2\/posts"}],"about":[{"href":"https:\/\/www.mobilier-design-occasion.fr\/magazine\/wp-json\/wp\/v2\/types\/post"}],"author":[{"embeddable":true,"href":"https:\/\/www.mobilier-design-occasion.fr\/magazine\/wp-json\/wp\/v2\/users\/1"}],"replies":[{"embeddable":true,"href":"https:\/\/www.mobilier-design-occasion.fr\/magazine\/wp-json\/wp\/v2\/comments?post=3444"}],"version-history":[{"count":4,"href":"https:\/\/www.mobilier-design-occasion.fr\/magazine\/wp-json\/wp\/v2\/posts\/3444\/revisions"}],"predecessor-version":[{"id":3454,"href":"https:\/\/www.mobilier-design-occasion.fr\/magazine\/wp-json\/wp\/v2\/posts\/3444\/revisions\/3454"}],"wp:featuredmedia":[{"embeddable":true,"href":"https:\/\/www.mobilier-design-occasion.fr\/magazine\/wp-json\/wp\/v2\/media\/3446"}],"wp:attachment":[{"href":"https:\/\/www.mobilier-design-occasion.fr\/magazine\/wp-json\/wp\/v2\/media?parent=3444"}],"wp:term":[{"taxonomy":"category","embeddable":true,"href":"https:\/\/www.mobilier-design-occasion.fr\/magazine\/wp-json\/wp\/v2\/categories?post=3444"},{"taxonomy":"post_tag","embeddable":true,"href":"https:\/\/www.mobilier-design-occasion.fr\/magazine\/wp-json\/wp\/v2\/tags?post=3444"}],"curies":[{"name":"wp","href":"https:\/\/api.w.org\/{rel}","templated":true}]}}