{"id":3425,"date":"2022-01-08T09:13:45","date_gmt":"2022-01-08T09:13:45","guid":{"rendered":"https:\/\/www.mobilier-design-occasion.fr\/magazine\/?p=3425"},"modified":"2022-01-08T09:15:08","modified_gmt":"2022-01-08T09:15:08","slug":"comment-bien-reussir-votre-projet-de-decoration-dinterieur%e2%80%89","status":"publish","type":"post","link":"https:\/\/www.mobilier-design-occasion.fr\/magazine\/comment-bien-reussir-votre-projet-de-decoration-dinterieur%e2%80%89\/","title":{"rendered":"Comment bien r\u00e9ussir votre projet de d\u00e9coration d int\u00e9rieur ?"},"content":{"rendered":"\n<p>Vous d\u00e9sirez apporter un souffle \u00e9l\u00e9gant dans votre maison\u2009? Vous cherchez un moyen de rendre somptueux le relooking de votre int\u00e9rieur\u2009? D\u00e9couvrez ici la cl\u00e9 pour mat\u00e9rialiser votre r\u00eave.<\/p>\n\n\n\n<h2 class=\"wp-block-heading\">Les grandes \u00e9tapes pour une d\u00e9coration soign\u00e9e<\/h2>\n\n\n\n<p>Redonner un coup sensationnel \u00e0 votre habitation passe par&nbsp;<strong>une d\u00e9coration int\u00e9rieure r\u00e9ussie<\/strong>. Cependant, pour obtenir au final une ambiance harmonieuse ainsi qu\u2019un cachet personnalis\u00e9 de votre int\u00e9rieur il existe&nbsp;<strong>quelques r\u00e8gles de base \u00e0 respecter.<\/strong><\/p>\n\n\n\n<p>Parmi celles-ci y figurent&nbsp;:<\/p>\n\n\n\n<ul class=\"wp-block-list\"><li>Planifier au pr\u00e9alable les atouts et les obstacles relatifs au volume de la pi\u00e8ce \u00e0 am\u00e9nager&nbsp;en prenant en consid\u00e9ration l\u2019\u00e9clairage, l\u2019architecture&nbsp;et bien d\u2019autres choses\u2009;<\/li><li>Essayer de&nbsp;<strong>lib\u00e9rer de l\u2019espace par rangement<\/strong>&nbsp;et se d\u00e9barrasser des meubles non souhait\u00e9s\u2009;<\/li><li><strong>Rester dans la tendance<\/strong>&nbsp;pour l\u2019\u00e9quipement de votre pi\u00e8ce en concordance avec le style de d\u00e9co voulu\u2009;<\/li><li>Choisir de mani\u00e8re pr\u00e9cise avec&nbsp;<a href=\"https:\/\/www.magazine-house.com\/\">magazine-house<\/a>&nbsp;l\u2019ameublement, les coloris, les tableaux pour un d\u00e9cor qui s\u2019accordent \u00e0 votre go\u00fbt\u2009;<\/li><li>Pr\u00e9f\u00e9rer au maximum trois coloris, dont une teinte vive de base.<\/li><\/ul>\n\n\n\n<p>Gardez \u00e0 l\u2019esprit que privil\u00e9gier la d\u00e9coration de votre salon r\u00e9v\u00e8le d\u2019une importance capitale. Il est en effet, la premi\u00e8re pi\u00e8ce dans laquelle vous recevez vos invit\u00e9s, par cons\u00e9quent il m\u00e9rite un traitement sp\u00e9cial. Pour se faire bonne image, il se doit d\u2019\u00eatre accueillant.<\/p>\n\n\n\n<h2 class=\"wp-block-heading\">Engager un professionnel pour votre d\u00e9co<\/h2>\n\n\n\n<p>\u00c0 l\u2019exception que vous soyiez un expert dans le domaine de la d\u00e9coration int\u00e9rieure, les id\u00e9es et les propositions d\u2019un professionnel vous seront d\u2019une aide pr\u00e9cieuse pour l\u2019embellissement de votre espace. En effet, son intervention vous permettra d\u2019\u00eatre \u00e9clair\u00e9 globalement sur votre projet avant le d\u00e9but des travaux.<\/p>\n\n\n\n<p>De plus, sa pr\u00e9sence est un atout pour bien choisir les mat\u00e9riaux d\u00e9coratifs et les couleurs pour parfaire votre d\u00e9co int\u00e9rieures. Vous b\u00e9n\u00e9ficierez sans doute d\u2019un bon rapport qualit\u00e9\/prix sur les fournitures.<\/p>\n","protected":false},"excerpt":{"rendered":"<p>Vous d\u00e9sirez apporter un souffle \u00e9l\u00e9gant dans votre maison\u2009? Vous cherchez un moyen de rendre somptueux le relooking de votre int\u00e9rieur\u2009? D\u00e9couvrez ici la cl\u00e9 pour mat\u00e9rialiser votre r\u00eave. Les grandes \u00e9tapes pour une d\u00e9coration soign\u00e9e Redonner un coup sensationnel \u00e0 votre habitation passe par&nbsp;une d\u00e9coration int\u00e9rieure r\u00e9ussie. Cependant, pour obtenir au final une ambiance [&hellip;]<\/p>\n","protected":false},"author":1,"featured_media":3426,"comment_status":"open","ping_status":"open","sticky":false,"template":"","format":"standard","meta":{"footnotes":""},"categories":[2],"tags":[],"class_list":["post-3425","post","type-post","status-publish","format-standard","has-post-thumbnail","hentry","category-tendances"],"yoast_head":"<!-- This site is optimized with the Yoast SEO plugin v27.5 - https:\/\/yoast.com\/product\/yoast-seo-wordpress\/ -->\n<title>Comment bien r\u00e9ussir votre projet de d\u00e9coration d int\u00e9rieur ? - Mobilier Design Magazine<\/title>\n<meta name=\"robots\" content=\"index, follow, max-snippet:-1, max-image-preview:large, max-video-preview:-1\" \/>\n<link rel=\"canonical\" href=\"https:\/\/www.mobilier-design-occasion.fr\/magazine\/comment-bien-reussir-votre-projet-de-decoration-dinterieur\u2009\/\" \/>\n<meta property=\"og:locale\" content=\"fr_FR\" \/>\n<meta property=\"og:type\" content=\"article\" \/>\n<meta property=\"og:title\" content=\"Comment bien r\u00e9ussir votre projet de d\u00e9coration d int\u00e9rieur ? - Mobilier Design Magazine\" \/>\n<meta property=\"og:description\" content=\"Vous d\u00e9sirez apporter un souffle \u00e9l\u00e9gant dans votre maison\u2009? Vous cherchez un moyen de rendre somptueux le relooking de votre int\u00e9rieur\u2009? D\u00e9couvrez ici la cl\u00e9 pour mat\u00e9rialiser votre r\u00eave. Les grandes \u00e9tapes pour une d\u00e9coration soign\u00e9e Redonner un coup sensationnel \u00e0 votre habitation passe par&nbsp;une d\u00e9coration int\u00e9rieure r\u00e9ussie. Cependant, pour obtenir au final une ambiance [&hellip;]\" \/>\n<meta property=\"og:url\" content=\"https:\/\/www.mobilier-design-occasion.fr\/magazine\/comment-bien-reussir-votre-projet-de-decoration-dinterieur\u2009\/\" \/>\n<meta property=\"og:site_name\" content=\"Mobilier Design Magazine\" \/>\n<meta property=\"article:publisher\" content=\"https:\/\/www.facebook.com\/mobilierdesignoccasion\" \/>\n<meta property=\"article:published_time\" content=\"2022-01-08T09:13:45+00:00\" \/>\n<meta property=\"article:modified_time\" content=\"2022-01-08T09:15:08+00:00\" \/>\n<meta property=\"og:image\" content=\"https:\/\/www.mobilier-design-occasion.fr\/magazine\/wp-content\/uploads\/2022\/01\/c7d618cb2ac635fc45a1b950ae6e64e5.jpeg\" \/>\n\t<meta property=\"og:image:width\" content=\"847\" \/>\n\t<meta property=\"og:image:height\" content=\"565\" \/>\n\t<meta property=\"og:image:type\" content=\"image\/jpeg\" \/>\n<meta name=\"author\" content=\"Cyrielle Poirot\" \/>\n<meta name=\"twitter:card\" content=\"summary_large_image\" \/>\n<meta name=\"twitter:label1\" content=\"\u00c9crit par\" \/>\n\t<meta name=\"twitter:data1\" content=\"Cyrielle Poirot\" \/>\n\t<meta name=\"twitter:label2\" content=\"Dur\u00e9e de lecture estim\u00e9e\" \/>\n\t<meta name=\"twitter:data2\" content=\"2 minutes\" \/>\n<script type=\"application\/ld+json\" class=\"yoast-schema-graph\">{\"@context\":\"https:\\\/\\\/schema.org\",\"@graph\":[{\"@type\":\"Article\",\"@id\":\"https:\\\/\\\/www.mobilier-design-occasion.fr\\\/magazine\\\/comment-bien-reussir-votre-projet-de-decoration-dinterieur%e2%80%89\\\/#article\",\"isPartOf\":{\"@id\":\"https:\\\/\\\/www.mobilier-design-occasion.fr\\\/magazine\\\/comment-bien-reussir-votre-projet-de-decoration-dinterieur%e2%80%89\\\/\"},\"author\":{\"name\":\"Cyrielle Poirot\",\"@id\":\"https:\\\/\\\/www.mobilier-design-occasion.fr\\\/magazine\\\/#\\\/schema\\\/person\\\/5b2e5627a714ddadaaf8c9b886c55eff\"},\"headline\":\"Comment bien r\u00e9ussir votre projet de d\u00e9coration d int\u00e9rieur ?\",\"datePublished\":\"2022-01-08T09:13:45+00:00\",\"dateModified\":\"2022-01-08T09:15:08+00:00\",\"mainEntityOfPage\":{\"@id\":\"https:\\\/\\\/www.mobilier-design-occasion.fr\\\/magazine\\\/comment-bien-reussir-votre-projet-de-decoration-dinterieur%e2%80%89\\\/\"},\"wordCount\":378,\"commentCount\":0,\"publisher\":{\"@id\":\"https:\\\/\\\/www.mobilier-design-occasion.fr\\\/magazine\\\/#organization\"},\"image\":{\"@id\":\"https:\\\/\\\/www.mobilier-design-occasion.fr\\\/magazine\\\/comment-bien-reussir-votre-projet-de-decoration-dinterieur%e2%80%89\\\/#primaryimage\"},\"thumbnailUrl\":\"https:\\\/\\\/www.mobilier-design-occasion.fr\\\/magazine\\\/wp-content\\\/uploads\\\/2022\\\/01\\\/c7d618cb2ac635fc45a1b950ae6e64e5.jpeg\",\"articleSection\":[\"Tendances\"],\"inLanguage\":\"fr-FR\",\"potentialAction\":[{\"@type\":\"CommentAction\",\"name\":\"Comment\",\"target\":[\"https:\\\/\\\/www.mobilier-design-occasion.fr\\\/magazine\\\/comment-bien-reussir-votre-projet-de-decoration-dinterieur%e2%80%89\\\/#respond\"]}]},{\"@type\":\"WebPage\",\"@id\":\"https:\\\/\\\/www.mobilier-design-occasion.fr\\\/magazine\\\/comment-bien-reussir-votre-projet-de-decoration-dinterieur%e2%80%89\\\/\",\"url\":\"https:\\\/\\\/www.mobilier-design-occasion.fr\\\/magazine\\\/comment-bien-reussir-votre-projet-de-decoration-dinterieur%e2%80%89\\\/\",\"name\":\"Comment bien r\u00e9ussir votre projet de d\u00e9coration d int\u00e9rieur ? - Mobilier Design Magazine\",\"isPartOf\":{\"@id\":\"https:\\\/\\\/www.mobilier-design-occasion.fr\\\/magazine\\\/#website\"},\"primaryImageOfPage\":{\"@id\":\"https:\\\/\\\/www.mobilier-design-occasion.fr\\\/magazine\\\/comment-bien-reussir-votre-projet-de-decoration-dinterieur%e2%80%89\\\/#primaryimage\"},\"image\":{\"@id\":\"https:\\\/\\\/www.mobilier-design-occasion.fr\\\/magazine\\\/comment-bien-reussir-votre-projet-de-decoration-dinterieur%e2%80%89\\\/#primaryimage\"},\"thumbnailUrl\":\"https:\\\/\\\/www.mobilier-design-occasion.fr\\\/magazine\\\/wp-content\\\/uploads\\\/2022\\\/01\\\/c7d618cb2ac635fc45a1b950ae6e64e5.jpeg\",\"datePublished\":\"2022-01-08T09:13:45+00:00\",\"dateModified\":\"2022-01-08T09:15:08+00:00\",\"breadcrumb\":{\"@id\":\"https:\\\/\\\/www.mobilier-design-occasion.fr\\\/magazine\\\/comment-bien-reussir-votre-projet-de-decoration-dinterieur%e2%80%89\\\/#breadcrumb\"},\"inLanguage\":\"fr-FR\",\"potentialAction\":[{\"@type\":\"ReadAction\",\"target\":[\"https:\\\/\\\/www.mobilier-design-occasion.fr\\\/magazine\\\/comment-bien-reussir-votre-projet-de-decoration-dinterieur%e2%80%89\\\/\"]}]},{\"@type\":\"ImageObject\",\"inLanguage\":\"fr-FR\",\"@id\":\"https:\\\/\\\/www.mobilier-design-occasion.fr\\\/magazine\\\/comment-bien-reussir-votre-projet-de-decoration-dinterieur%e2%80%89\\\/#primaryimage\",\"url\":\"https:\\\/\\\/www.mobilier-design-occasion.fr\\\/magazine\\\/wp-content\\\/uploads\\\/2022\\\/01\\\/c7d618cb2ac635fc45a1b950ae6e64e5.jpeg\",\"contentUrl\":\"https:\\\/\\\/www.mobilier-design-occasion.fr\\\/magazine\\\/wp-content\\\/uploads\\\/2022\\\/01\\\/c7d618cb2ac635fc45a1b950ae6e64e5.jpeg\",\"width\":847,\"height\":565},{\"@type\":\"BreadcrumbList\",\"@id\":\"https:\\\/\\\/www.mobilier-design-occasion.fr\\\/magazine\\\/comment-bien-reussir-votre-projet-de-decoration-dinterieur%e2%80%89\\\/#breadcrumb\",\"itemListElement\":[{\"@type\":\"ListItem\",\"position\":1,\"name\":\"Accueil\",\"item\":\"https:\\\/\\\/www.mobilier-design-occasion.fr\\\/magazine\\\/\"},{\"@type\":\"ListItem\",\"position\":2,\"name\":\"Comment bien r\u00e9ussir votre projet de d\u00e9coration d int\u00e9rieur ?\"}]},{\"@type\":\"WebSite\",\"@id\":\"https:\\\/\\\/www.mobilier-design-occasion.fr\\\/magazine\\\/#website\",\"url\":\"https:\\\/\\\/www.mobilier-design-occasion.fr\\\/magazine\\\/\",\"name\":\"Mobilier Design Magazine\",\"description\":\"\",\"publisher\":{\"@id\":\"https:\\\/\\\/www.mobilier-design-occasion.fr\\\/magazine\\\/#organization\"},\"potentialAction\":[{\"@type\":\"SearchAction\",\"target\":{\"@type\":\"EntryPoint\",\"urlTemplate\":\"https:\\\/\\\/www.mobilier-design-occasion.fr\\\/magazine\\\/?s={search_term_string}\"},\"query-input\":{\"@type\":\"PropertyValueSpecification\",\"valueRequired\":true,\"valueName\":\"search_term_string\"}}],\"inLanguage\":\"fr-FR\"},{\"@type\":\"Organization\",\"@id\":\"https:\\\/\\\/www.mobilier-design-occasion.fr\\\/magazine\\\/#organization\",\"name\":\"Mobilier Design Magazine\",\"url\":\"https:\\\/\\\/www.mobilier-design-occasion.fr\\\/magazine\\\/\",\"logo\":{\"@type\":\"ImageObject\",\"inLanguage\":\"fr-FR\",\"@id\":\"https:\\\/\\\/www.mobilier-design-occasion.fr\\\/magazine\\\/#\\\/schema\\\/logo\\\/image\\\/\",\"url\":\"https:\\\/\\\/www.mobilier-design-occasion.fr\\\/magazine\\\/wp-content\\\/uploads\\\/2024\\\/02\\\/android-chrome-192x192-1.png\",\"contentUrl\":\"https:\\\/\\\/www.mobilier-design-occasion.fr\\\/magazine\\\/wp-content\\\/uploads\\\/2024\\\/02\\\/android-chrome-192x192-1.png\",\"width\":192,\"height\":192,\"caption\":\"Mobilier Design Magazine\"},\"image\":{\"@id\":\"https:\\\/\\\/www.mobilier-design-occasion.fr\\\/magazine\\\/#\\\/schema\\\/logo\\\/image\\\/\"},\"sameAs\":[\"https:\\\/\\\/www.facebook.com\\\/mobilierdesignoccasion\"]},{\"@type\":\"Person\",\"@id\":\"https:\\\/\\\/www.mobilier-design-occasion.fr\\\/magazine\\\/#\\\/schema\\\/person\\\/5b2e5627a714ddadaaf8c9b886c55eff\",\"name\":\"Cyrielle Poirot\",\"image\":{\"@type\":\"ImageObject\",\"inLanguage\":\"fr-FR\",\"@id\":\"https:\\\/\\\/secure.gravatar.com\\\/avatar\\\/c8d2674e093b06894d8d1dc468b626bd752523471f3ac6e75f7c7a1400d40b4d?s=96&d=mm&r=g\",\"url\":\"https:\\\/\\\/secure.gravatar.com\\\/avatar\\\/c8d2674e093b06894d8d1dc468b626bd752523471f3ac6e75f7c7a1400d40b4d?s=96&d=mm&r=g\",\"contentUrl\":\"https:\\\/\\\/secure.gravatar.com\\\/avatar\\\/c8d2674e093b06894d8d1dc468b626bd752523471f3ac6e75f7c7a1400d40b4d?s=96&d=mm&r=g\",\"caption\":\"Cyrielle Poirot\"},\"description\":\"Cyrielle est passionn\u00e9e par la d\u00e9coration d'int\u00e9rieur et s'est sp\u00e9cialis\u00e9e depuis quelques ann\u00e9es dans l'\u00e9dition du site Mobilier-Design, avec une touche sp\u00e9cifique pour les produits d'occasion.\",\"sameAs\":[\"https:\\\/\\\/www.mobilier-design-occasion.fr\\\/magazine\"],\"url\":\"https:\\\/\\\/www.mobilier-design-occasion.fr\\\/magazine\\\/author\\\/cyrielle\\\/\"}]}<\/script>\n<!-- \/ Yoast SEO plugin. -->","yoast_head_json":{"title":"Comment bien r\u00e9ussir votre projet de d\u00e9coration d int\u00e9rieur ? - Mobilier Design Magazine","robots":{"index":"index","follow":"follow","max-snippet":"max-snippet:-1","max-image-preview":"max-image-preview:large","max-video-preview":"max-video-preview:-1"},"canonical":"https:\/\/www.mobilier-design-occasion.fr\/magazine\/comment-bien-reussir-votre-projet-de-decoration-dinterieur\u2009\/","og_locale":"fr_FR","og_type":"article","og_title":"Comment bien r\u00e9ussir votre projet de d\u00e9coration d int\u00e9rieur ? - Mobilier Design Magazine","og_description":"Vous d\u00e9sirez apporter un souffle \u00e9l\u00e9gant dans votre maison\u2009? Vous cherchez un moyen de rendre somptueux le relooking de votre int\u00e9rieur\u2009? D\u00e9couvrez ici la cl\u00e9 pour mat\u00e9rialiser votre r\u00eave. Les grandes \u00e9tapes pour une d\u00e9coration soign\u00e9e Redonner un coup sensationnel \u00e0 votre habitation passe par&nbsp;une d\u00e9coration int\u00e9rieure r\u00e9ussie. Cependant, pour obtenir au final une ambiance [&hellip;]","og_url":"https:\/\/www.mobilier-design-occasion.fr\/magazine\/comment-bien-reussir-votre-projet-de-decoration-dinterieur\u2009\/","og_site_name":"Mobilier Design Magazine","article_publisher":"https:\/\/www.facebook.com\/mobilierdesignoccasion","article_published_time":"2022-01-08T09:13:45+00:00","article_modified_time":"2022-01-08T09:15:08+00:00","og_image":[{"width":847,"height":565,"url":"https:\/\/www.mobilier-design-occasion.fr\/magazine\/wp-content\/uploads\/2022\/01\/c7d618cb2ac635fc45a1b950ae6e64e5.jpeg","type":"image\/jpeg"}],"author":"Cyrielle Poirot","twitter_card":"summary_large_image","twitter_misc":{"\u00c9crit par":"Cyrielle Poirot","Dur\u00e9e de lecture estim\u00e9e":"2 minutes"},"schema":{"@context":"https:\/\/schema.org","@graph":[{"@type":"Article","@id":"https:\/\/www.mobilier-design-occasion.fr\/magazine\/comment-bien-reussir-votre-projet-de-decoration-dinterieur%e2%80%89\/#article","isPartOf":{"@id":"https:\/\/www.mobilier-design-occasion.fr\/magazine\/comment-bien-reussir-votre-projet-de-decoration-dinterieur%e2%80%89\/"},"author":{"name":"Cyrielle Poirot","@id":"https:\/\/www.mobilier-design-occasion.fr\/magazine\/#\/schema\/person\/5b2e5627a714ddadaaf8c9b886c55eff"},"headline":"Comment bien r\u00e9ussir votre projet de d\u00e9coration d int\u00e9rieur ?","datePublished":"2022-01-08T09:13:45+00:00","dateModified":"2022-01-08T09:15:08+00:00","mainEntityOfPage":{"@id":"https:\/\/www.mobilier-design-occasion.fr\/magazine\/comment-bien-reussir-votre-projet-de-decoration-dinterieur%e2%80%89\/"},"wordCount":378,"commentCount":0,"publisher":{"@id":"https:\/\/www.mobilier-design-occasion.fr\/magazine\/#organization"},"image":{"@id":"https:\/\/www.mobilier-design-occasion.fr\/magazine\/comment-bien-reussir-votre-projet-de-decoration-dinterieur%e2%80%89\/#primaryimage"},"thumbnailUrl":"https:\/\/www.mobilier-design-occasion.fr\/magazine\/wp-content\/uploads\/2022\/01\/c7d618cb2ac635fc45a1b950ae6e64e5.jpeg","articleSection":["Tendances"],"inLanguage":"fr-FR","potentialAction":[{"@type":"CommentAction","name":"Comment","target":["https:\/\/www.mobilier-design-occasion.fr\/magazine\/comment-bien-reussir-votre-projet-de-decoration-dinterieur%e2%80%89\/#respond"]}]},{"@type":"WebPage","@id":"https:\/\/www.mobilier-design-occasion.fr\/magazine\/comment-bien-reussir-votre-projet-de-decoration-dinterieur%e2%80%89\/","url":"https:\/\/www.mobilier-design-occasion.fr\/magazine\/comment-bien-reussir-votre-projet-de-decoration-dinterieur%e2%80%89\/","name":"Comment bien r\u00e9ussir votre projet de d\u00e9coration d int\u00e9rieur ? - Mobilier Design Magazine","isPartOf":{"@id":"https:\/\/www.mobilier-design-occasion.fr\/magazine\/#website"},"primaryImageOfPage":{"@id":"https:\/\/www.mobilier-design-occasion.fr\/magazine\/comment-bien-reussir-votre-projet-de-decoration-dinterieur%e2%80%89\/#primaryimage"},"image":{"@id":"https:\/\/www.mobilier-design-occasion.fr\/magazine\/comment-bien-reussir-votre-projet-de-decoration-dinterieur%e2%80%89\/#primaryimage"},"thumbnailUrl":"https:\/\/www.mobilier-design-occasion.fr\/magazine\/wp-content\/uploads\/2022\/01\/c7d618cb2ac635fc45a1b950ae6e64e5.jpeg","datePublished":"2022-01-08T09:13:45+00:00","dateModified":"2022-01-08T09:15:08+00:00","breadcrumb":{"@id":"https:\/\/www.mobilier-design-occasion.fr\/magazine\/comment-bien-reussir-votre-projet-de-decoration-dinterieur%e2%80%89\/#breadcrumb"},"inLanguage":"fr-FR","potentialAction":[{"@type":"ReadAction","target":["https:\/\/www.mobilier-design-occasion.fr\/magazine\/comment-bien-reussir-votre-projet-de-decoration-dinterieur%e2%80%89\/"]}]},{"@type":"ImageObject","inLanguage":"fr-FR","@id":"https:\/\/www.mobilier-design-occasion.fr\/magazine\/comment-bien-reussir-votre-projet-de-decoration-dinterieur%e2%80%89\/#primaryimage","url":"https:\/\/www.mobilier-design-occasion.fr\/magazine\/wp-content\/uploads\/2022\/01\/c7d618cb2ac635fc45a1b950ae6e64e5.jpeg","contentUrl":"https:\/\/www.mobilier-design-occasion.fr\/magazine\/wp-content\/uploads\/2022\/01\/c7d618cb2ac635fc45a1b950ae6e64e5.jpeg","width":847,"height":565},{"@type":"BreadcrumbList","@id":"https:\/\/www.mobilier-design-occasion.fr\/magazine\/comment-bien-reussir-votre-projet-de-decoration-dinterieur%e2%80%89\/#breadcrumb","itemListElement":[{"@type":"ListItem","position":1,"name":"Accueil","item":"https:\/\/www.mobilier-design-occasion.fr\/magazine\/"},{"@type":"ListItem","position":2,"name":"Comment bien r\u00e9ussir votre projet de d\u00e9coration d int\u00e9rieur ?"}]},{"@type":"WebSite","@id":"https:\/\/www.mobilier-design-occasion.fr\/magazine\/#website","url":"https:\/\/www.mobilier-design-occasion.fr\/magazine\/","name":"Mobilier Design Magazine","description":"","publisher":{"@id":"https:\/\/www.mobilier-design-occasion.fr\/magazine\/#organization"},"potentialAction":[{"@type":"SearchAction","target":{"@type":"EntryPoint","urlTemplate":"https:\/\/www.mobilier-design-occasion.fr\/magazine\/?s={search_term_string}"},"query-input":{"@type":"PropertyValueSpecification","valueRequired":true,"valueName":"search_term_string"}}],"inLanguage":"fr-FR"},{"@type":"Organization","@id":"https:\/\/www.mobilier-design-occasion.fr\/magazine\/#organization","name":"Mobilier Design Magazine","url":"https:\/\/www.mobilier-design-occasion.fr\/magazine\/","logo":{"@type":"ImageObject","inLanguage":"fr-FR","@id":"https:\/\/www.mobilier-design-occasion.fr\/magazine\/#\/schema\/logo\/image\/","url":"https:\/\/www.mobilier-design-occasion.fr\/magazine\/wp-content\/uploads\/2024\/02\/android-chrome-192x192-1.png","contentUrl":"https:\/\/www.mobilier-design-occasion.fr\/magazine\/wp-content\/uploads\/2024\/02\/android-chrome-192x192-1.png","width":192,"height":192,"caption":"Mobilier Design Magazine"},"image":{"@id":"https:\/\/www.mobilier-design-occasion.fr\/magazine\/#\/schema\/logo\/image\/"},"sameAs":["https:\/\/www.facebook.com\/mobilierdesignoccasion"]},{"@type":"Person","@id":"https:\/\/www.mobilier-design-occasion.fr\/magazine\/#\/schema\/person\/5b2e5627a714ddadaaf8c9b886c55eff","name":"Cyrielle Poirot","image":{"@type":"ImageObject","inLanguage":"fr-FR","@id":"https:\/\/secure.gravatar.com\/avatar\/c8d2674e093b06894d8d1dc468b626bd752523471f3ac6e75f7c7a1400d40b4d?s=96&d=mm&r=g","url":"https:\/\/secure.gravatar.com\/avatar\/c8d2674e093b06894d8d1dc468b626bd752523471f3ac6e75f7c7a1400d40b4d?s=96&d=mm&r=g","contentUrl":"https:\/\/secure.gravatar.com\/avatar\/c8d2674e093b06894d8d1dc468b626bd752523471f3ac6e75f7c7a1400d40b4d?s=96&d=mm&r=g","caption":"Cyrielle Poirot"},"description":"Cyrielle est passionn\u00e9e par la d\u00e9coration d'int\u00e9rieur et s'est sp\u00e9cialis\u00e9e depuis quelques ann\u00e9es dans l'\u00e9dition du site Mobilier-Design, avec une touche sp\u00e9cifique pour les produits d'occasion.","sameAs":["https:\/\/www.mobilier-design-occasion.fr\/magazine"],"url":"https:\/\/www.mobilier-design-occasion.fr\/magazine\/author\/cyrielle\/"}]}},"_links":{"self":[{"href":"https:\/\/www.mobilier-design-occasion.fr\/magazine\/wp-json\/wp\/v2\/posts\/3425","targetHints":{"allow":["GET"]}}],"collection":[{"href":"https:\/\/www.mobilier-design-occasion.fr\/magazine\/wp-json\/wp\/v2\/posts"}],"about":[{"href":"https:\/\/www.mobilier-design-occasion.fr\/magazine\/wp-json\/wp\/v2\/types\/post"}],"author":[{"embeddable":true,"href":"https:\/\/www.mobilier-design-occasion.fr\/magazine\/wp-json\/wp\/v2\/users\/1"}],"replies":[{"embeddable":true,"href":"https:\/\/www.mobilier-design-occasion.fr\/magazine\/wp-json\/wp\/v2\/comments?post=3425"}],"version-history":[{"count":5,"href":"https:\/\/www.mobilier-design-occasion.fr\/magazine\/wp-json\/wp\/v2\/posts\/3425\/revisions"}],"predecessor-version":[{"id":3431,"href":"https:\/\/www.mobilier-design-occasion.fr\/magazine\/wp-json\/wp\/v2\/posts\/3425\/revisions\/3431"}],"wp:featuredmedia":[{"embeddable":true,"href":"https:\/\/www.mobilier-design-occasion.fr\/magazine\/wp-json\/wp\/v2\/media\/3426"}],"wp:attachment":[{"href":"https:\/\/www.mobilier-design-occasion.fr\/magazine\/wp-json\/wp\/v2\/media?parent=3425"}],"wp:term":[{"taxonomy":"category","embeddable":true,"href":"https:\/\/www.mobilier-design-occasion.fr\/magazine\/wp-json\/wp\/v2\/categories?post=3425"},{"taxonomy":"post_tag","embeddable":true,"href":"https:\/\/www.mobilier-design-occasion.fr\/magazine\/wp-json\/wp\/v2\/tags?post=3425"}],"curies":[{"name":"wp","href":"https:\/\/api.w.org\/{rel}","templated":true}]}}