{"id":337,"date":"2021-03-11T08:20:37","date_gmt":"2021-03-11T08:20:37","guid":{"rendered":"https:\/\/www.mobilier-design-occasion.fr\/magazine\/?p=337"},"modified":"2023-09-25T13:39:50","modified_gmt":"2023-09-25T13:39:50","slug":"comment-preparer-mon-meuble-pour-mieux-le-vendre-en-seconde-main","status":"publish","type":"post","link":"https:\/\/www.mobilier-design-occasion.fr\/magazine\/comment-preparer-mon-meuble-pour-mieux-le-vendre-en-seconde-main\/","title":{"rendered":"Comment pr\u00e9parer mon meuble pour mieux le vendre en seconde main?"},"content":{"rendered":"\n<p><\/p>\n\n\n\n<p><br>Vous avez d\u00e9cid\u00e9 du prix auquel vous allez vendre votre meuble <a href=\"https:\/\/www.mobilier-design-occasion.fr\/magazine\/table-tulipe-knoll-indemodable-du-design\/\">design<\/a> d&#8217;occasion? Il ne vous reste plus qu&#8217;\u00e0 le pr\u00e9parer de la meilleure fa\u00e7on possible pour attirer l&#8217;attention du potentiel acheteur.<\/p>\n\n\n\n<p>Voici quelques conseils indispensables pour vendre vos meubles en ligne et les pr\u00e9senter au mieux.<\/p>\n\n\n\n<p><\/p>\n\n\n\n<h2 class=\"wp-block-heading\"><span class=\"ez-toc-section\" id=\"Etape_incontournable_le_nettoyage\"><\/span>Etape incontournable: le nettoyage<span class=\"ez-toc-section-end\"><\/span><\/h2><div id=\"ez-toc-container\" class=\"ez-toc-v2_0_82_2 counter-hierarchy ez-toc-counter ez-toc-grey ez-toc-container-direction\">\n<div class=\"ez-toc-title-container\">\n<span class=\"ez-toc-title-toggle\"><a href=\"#\" class=\"ez-toc-pull-right ez-toc-btn ez-toc-btn-xs ez-toc-btn-default ez-toc-toggle\" aria-label=\"Toggle Table of Content\"><span class=\"ez-toc-js-icon-con\"><span class=\"\"><span class=\"eztoc-hide\" style=\"display:none;\">Toggle<\/span><span class=\"ez-toc-icon-toggle-span\"><svg style=\"fill: #999;color:#999\" xmlns=\"http:\/\/www.w3.org\/2000\/svg\" class=\"list-377408\" width=\"20px\" height=\"20px\" viewBox=\"0 0 24 24\" fill=\"none\"><path d=\"M6 6H4v2h2V6zm14 0H8v2h12V6zM4 11h2v2H4v-2zm16 0H8v2h12v-2zM4 16h2v2H4v-2zm16 0H8v2h12v-2z\" fill=\"currentColor\"><\/path><\/svg><svg style=\"fill: #999;color:#999\" class=\"arrow-unsorted-368013\" xmlns=\"http:\/\/www.w3.org\/2000\/svg\" width=\"10px\" height=\"10px\" viewBox=\"0 0 24 24\" version=\"1.2\" baseProfile=\"tiny\"><path d=\"M18.2 9.3l-6.2-6.3-6.2 6.3c-.2.2-.3.4-.3.7s.1.5.3.7c.2.2.4.3.7.3h11c.3 0 .5-.1.7-.3.2-.2.3-.5.3-.7s-.1-.5-.3-.7zM5.8 14.7l6.2 6.3 6.2-6.3c.2-.2.3-.5.3-.7s-.1-.5-.3-.7c-.2-.2-.4-.3-.7-.3h-11c-.3 0-.5.1-.7.3-.2.2-.3.5-.3.7s.1.5.3.7z\"\/><\/svg><\/span><\/span><\/span><\/a><\/span><\/div>\n<nav><ul class='ez-toc-list ez-toc-list-level-1 eztoc-toggle-hide-by-default' ><li class='ez-toc-page-1 ez-toc-heading-level-2'><a class=\"ez-toc-link ez-toc-heading-1\" href=\"https:\/\/www.mobilier-design-occasion.fr\/magazine\/comment-preparer-mon-meuble-pour-mieux-le-vendre-en-seconde-main\/#Etape_incontournable_le_nettoyage\" >Etape incontournable: le nettoyage<\/a><\/li><li class='ez-toc-page-1 ez-toc-heading-level-2'><a class=\"ez-toc-link ez-toc-heading-2\" href=\"https:\/\/www.mobilier-design-occasion.fr\/magazine\/comment-preparer-mon-meuble-pour-mieux-le-vendre-en-seconde-main\/#Les_petites_reparations_qui_font_toute_la_difference\" >Les petites r\u00e9parations qui font (toute) la diff\u00e9rence<\/a><\/li><li class='ez-toc-page-1 ez-toc-heading-level-2'><a class=\"ez-toc-link ez-toc-heading-3\" href=\"https:\/\/www.mobilier-design-occasion.fr\/magazine\/comment-preparer-mon-meuble-pour-mieux-le-vendre-en-seconde-main\/#Le_role_determinant_des_photos\" >Le r\u00f4le d\u00e9terminant des photos<\/a><\/li><li class='ez-toc-page-1 ez-toc-heading-level-2'><a class=\"ez-toc-link ez-toc-heading-4\" href=\"https:\/\/www.mobilier-design-occasion.fr\/magazine\/comment-preparer-mon-meuble-pour-mieux-le-vendre-en-seconde-main\/#Travailler_la_description\" >Travailler la description<\/a><\/li><\/ul><\/nav><\/div>\n\n\n\n\n<p><\/p>\n\n\n\n<div class=\"wp-block-image\"><figure class=\"aligncenter size-large is-resized\"><img loading=\"lazy\" decoding=\"async\" src=\"https:\/\/www.mobilier-design-occasion.fr\/magazine\/wp-content\/uploads\/2021\/03\/daiga-ellaby-uooMllXe6gE-unsplash-683x1024.jpg\" alt=\"\" class=\"wp-image-344\" width=\"353\" height=\"529\" srcset=\"https:\/\/www.mobilier-design-occasion.fr\/magazine\/wp-content\/uploads\/2021\/03\/daiga-ellaby-uooMllXe6gE-unsplash-683x1024.jpg 683w, https:\/\/www.mobilier-design-occasion.fr\/magazine\/wp-content\/uploads\/2021\/03\/daiga-ellaby-uooMllXe6gE-unsplash-200x300.jpg 200w, https:\/\/www.mobilier-design-occasion.fr\/magazine\/wp-content\/uploads\/2021\/03\/daiga-ellaby-uooMllXe6gE-unsplash-768x1152.jpg 768w, https:\/\/www.mobilier-design-occasion.fr\/magazine\/wp-content\/uploads\/2021\/03\/daiga-ellaby-uooMllXe6gE-unsplash-1024x1536.jpg 1024w, https:\/\/www.mobilier-design-occasion.fr\/magazine\/wp-content\/uploads\/2021\/03\/daiga-ellaby-uooMllXe6gE-unsplash-1365x2048.jpg 1365w, https:\/\/www.mobilier-design-occasion.fr\/magazine\/wp-content\/uploads\/2021\/03\/daiga-ellaby-uooMllXe6gE-unsplash-810x1215.jpg 810w, https:\/\/www.mobilier-design-occasion.fr\/magazine\/wp-content\/uploads\/2021\/03\/daiga-ellaby-uooMllXe6gE-unsplash-1140x1710.jpg 1140w, https:\/\/www.mobilier-design-occasion.fr\/magazine\/wp-content\/uploads\/2021\/03\/daiga-ellaby-uooMllXe6gE-unsplash-scaled.jpg 1707w\" sizes=\"auto, (max-width: 353px) 100vw, 353px\" \/><\/figure><\/div>\n\n\n\n<p>Quel que soit le <a href=\"https:\/\/www.mobilier-design-occasion.fr\/magazine\/test-avis-sur-la-redoute-interieurs-am-pm\/\">mobilier<\/a> que vous souhaitez mettre en vente, passer par cette \u00e9tape est indispensable m\u00eame si ce n&#8217;est pas la plus r\u00e9jouissante on vous l&#8217;accorde! <\/p>\n\n\n\n<p>Tout d&#8217;abord, nettoyez et rangez les meubles que vous allez vendre : s&#8217;il s&#8217;agit d&#8217;enfilades, de bahuts, de commodes, de buffets ou d&#8217;armoires et que vous ne pouvez pas les vider avant de les mettre en vente, veillez \u00e0 ce que l&#8217;ordre soit agr\u00e9able \u00e0 l&#8217;\u0153il. Nettoyez \u00e0 l&#8217;aide d&#8217;un chiffon humide les parties accessibles, a\u00e9rer et laisser s\u00e9cher \u00e0 l&#8217;air libre. <\/p>\n\n\n\n<p>D&#8217;autre part, s&#8217;il s&#8217;agit de canap\u00e9s, de chaises, de repose-pieds, de m\u00e9ridiennes ou d&#8217;articles en tissu, nettoyez-les bien \u00e0 l&#8217;aide d&#8217;eau ti\u00e8de l\u00e9g\u00e8rement savonneuse (l&#8217;id\u00e9al est le savon de Marseille) et essayez d&#8217;enlever les taches en frottant tr\u00e8s l\u00e9g\u00e8rement avec une petite brosse douce : personne n&#8217;aime acheter des articles qui sont &#8220;visiblement&#8221; us\u00e9s ou sales.<\/p>\n\n\n\n<p><\/p>\n\n\n\n<h2 class=\"wp-block-heading\"><span class=\"ez-toc-section\" id=\"Les_petites_reparations_qui_font_toute_la_difference\"><\/span>Les petites r\u00e9parations qui font (toute) la diff\u00e9rence <span class=\"ez-toc-section-end\"><\/span><\/h2>\n\n\n\n<p><\/p>\n\n\n\n<p>Si vous avez le temps, essayez de r\u00e9parer ou de rem\u00e9dier aux petits d\u00e9fauts ou dommages des meubles que vous voulez mettre en vente. Par exemple, comblez les fissures des meubles en <a href=\"https:\/\/www.mobilier-design-occasion.fr\/magazine\/avis-mathy-by-bols\/\">bois<\/a>, passez un vernis sp\u00e9cifique pour redonner de la vie et de la lumi\u00e8re \u00e0 une surface terne ou r\u00e9parez les petites d\u00e9chirures des tissus d&#8217;ameublement.<\/p>\n\n\n\n<p><\/p>\n\n\n\n<h2 class=\"wp-block-heading\"><span class=\"ez-toc-section\" id=\"Le_role_determinant_des_photos\"><\/span>Le r\u00f4le d\u00e9terminant des photos<span class=\"ez-toc-section-end\"><\/span><\/h2>\n\n\n\n<p><\/p>\n\n\n\n<p><\/p>\n\n\n\n<div class=\"wp-block-image\"><figure class=\"aligncenter size-large is-resized\"><img loading=\"lazy\" decoding=\"async\" src=\"https:\/\/www.mobilier-design-occasion.fr\/magazine\/wp-content\/uploads\/2021\/03\/kari-shea-ItMggD0EguY-unsplash-715x1024.jpg\" alt=\"\" class=\"wp-image-346\" width=\"353\" height=\"529\"\/><\/figure><\/div>\n\n\n\n<p>Lorsque l&#8217;objet est pr\u00eat, prenez des photos qui attirent l&#8217;attention des utilisateurs, mais qui sont en m\u00eame temps claires. Il suffit de tr\u00e8s peu de choses pour obtenir de jolis r\u00e9sultats:<\/p>\n\n\n\n<ul class=\"wp-block-list\"><li>Prendre des photos avec une bonne lumi\u00e8re, de pr\u00e9f\u00e9rence naturelle et si possible avec un fond clair neutre, dans un espace rang\u00e9.<\/li><\/ul>\n\n\n\n<ul class=\"wp-block-list\"><li>Photographier le m\u00eame objet sous diff\u00e9rents angles : ne vous limitez pas \u00e0 prendre uniquement des photos de face, prendre une photo dans un angle ajoute de la perspective.<\/li><\/ul>\n\n\n\n<ul class=\"wp-block-list\"><li>Photographier les d\u00e9tails. Les d\u00e9tails int\u00e9ressants qui vous aideront \u00e0 \u00e9valuer s&#8217;il faut acheter le mobilier, tels que les boutons, les syst\u00e8mes de verrouillage, les coutures, etc.<\/li><\/ul>\n\n\n\n<ul class=\"wp-block-list\"><li>N&#8217;oubliez pas de photographier chaque produit individuellement : le sujet est unique et doit attirer l&#8217;attention, il doit donc \u00eatre pr\u00e9sent\u00e9 le plus clairement possible<\/li><\/ul>\n\n\n\n<ul class=\"wp-block-list\"><li>N&#8217;utilisez pas de filtres qui pourraient fausser de mani\u00e8re significative les couleurs r\u00e9elles de ce que vous vendez<\/li><\/ul>\n\n\n\n<p><\/p>\n\n\n\n<h2 class=\"wp-block-heading\"><span class=\"ez-toc-section\" id=\"Travailler_la_description\"><\/span>Travailler la description<span class=\"ez-toc-section-end\"><\/span><\/h2>\n\n\n\n<p><\/p>\n\n\n\n<div class=\"wp-block-image\"><figure class=\"aligncenter size-large is-resized\"><img decoding=\"async\" src=\"https:\/\/www.mobilier-design-occasion.fr\/magazine\/wp-content\/uploads\/2021\/03\/glenn-carstens-peters-npxXWgQ33ZQ-unsplash-1024x681.jpg\" alt=\"\" class=\"wp-image-347\" width=\"353\" srcset=\"https:\/\/www.mobilier-design-occasion.fr\/magazine\/wp-content\/uploads\/2021\/03\/glenn-carstens-peters-npxXWgQ33ZQ-unsplash-1024x681.jpg 1024w, https:\/\/www.mobilier-design-occasion.fr\/magazine\/wp-content\/uploads\/2021\/03\/glenn-carstens-peters-npxXWgQ33ZQ-unsplash-300x200.jpg 300w, https:\/\/www.mobilier-design-occasion.fr\/magazine\/wp-content\/uploads\/2021\/03\/glenn-carstens-peters-npxXWgQ33ZQ-unsplash-768x511.jpg 768w, https:\/\/www.mobilier-design-occasion.fr\/magazine\/wp-content\/uploads\/2021\/03\/glenn-carstens-peters-npxXWgQ33ZQ-unsplash-1536x1022.jpg 1536w, https:\/\/www.mobilier-design-occasion.fr\/magazine\/wp-content\/uploads\/2021\/03\/glenn-carstens-peters-npxXWgQ33ZQ-unsplash-scaled.jpg 2048w, https:\/\/www.mobilier-design-occasion.fr\/magazine\/wp-content\/uploads\/2021\/03\/glenn-carstens-peters-npxXWgQ33ZQ-unsplash-810x539.jpg 810w, https:\/\/www.mobilier-design-occasion.fr\/magazine\/wp-content\/uploads\/2021\/03\/glenn-carstens-peters-npxXWgQ33ZQ-unsplash-1140x759.jpg 1140w\" sizes=\"(max-width: 1024px) 100vw, 1024px\" \/><\/figure><\/div>\n\n\n\n<p><\/p>\n\n\n\n<p>Pr\u00e9parez une description pr\u00e9cise et d\u00e9taill\u00e9e du mobilier d&#8217;occasion que vous comptez vendre. Veillez donc \u00e0 ce que vos mots permettent aux futurs acheteurs de voir ce qui ne peut \u00eatre essay\u00e9. <\/p>\n\n\n\n<p>Un travail minutieux qui vous demandera du temps, mais qui vous permettra de rentabiliser votre investissement gr\u00e2ce \u00e0 une vente plus facile.<\/p>\n\n\n\n<ul class=\"wp-block-list\"><li>Rapportez fid\u00e8lement et minutieusement toutes les informations sur les mat\u00e9riaux et les caract\u00e9ristiques de ceux-ci.<\/li><\/ul>\n\n\n\n<ul class=\"wp-block-list\"><li>Communiquez clairement et exactement les dimensions des meubles, \u00e9num\u00e9rez les m\u00e9rites et les d\u00e9fauts de ce que vous vendez.<\/li><\/ul>\n\n\n\n<ul class=\"wp-block-list\"><li>Rendre claires et imm\u00e9diatement visibles les informations sur le lieu o\u00f9 se trouve l&#8217;objet et sur sa disponibilit\u00e9 pour l&#8217;exp\u00e9dition ou non. De nombreux utilisateurs recherchent d&#8217;abord ces informations pour faire un premier tour d&#8217;horizon des r\u00e9sultats de la recherche et \u00e9valuer sur quel meuble d&#8217;occasion attirer leur attention. <\/li><\/ul>\n\n\n\n<ul class=\"wp-block-list\"><li>D\u00e9finissez le mode de paiement que vous accepterez afin d&#8217;\u00e9viter tout malentendu entre le vendeur et l&#8217;acheteur.<\/li><\/ul>\n\n\n\n<ul class=\"wp-block-list\"><li>Et enfin, augmentez l\u00e9g\u00e8rement le prix de vente car, surtout dans l&#8217;achat et la vente de meubles d&#8217;occasion, il y a une tendance \u00e0 marchander le prix. Ainsi, vous gagnerez ce qui a \u00e9t\u00e9 \u00e9tabli au d\u00e9part et votre client sera heureux d&#8217;avoir r\u00e9ussi \u00e0 obtenir un prix inf\u00e9rieur.<\/li><\/ul>\n\n\n\n<p><\/p>\n\n\n\n<p><\/p>\n\n\n\n<p>Voil\u00e0, vous savez tout! Bonne vente sur <a href=\"https:\/\/www.mobilier-design-occasion.fr\/\">Mobilier Design Occasion<\/a>!<\/p>\n\n\n\n<p><\/p>\n\n\n\n<figure class=\"wp-block-image size-large\"><img loading=\"lazy\" decoding=\"async\" width=\"1024\" height=\"1024\" src=\"https:\/\/www.mobilier-design-occasion.fr\/magazine\/wp-content\/uploads\/2021\/03\/Mobilier-Design-Occasion-1024x1024.jpg\" alt=\"\" class=\"wp-image-349\" srcset=\"https:\/\/www.mobilier-design-occasion.fr\/magazine\/wp-content\/uploads\/2021\/03\/Mobilier-Design-Occasion-1024x1024.jpg 1024w, https:\/\/www.mobilier-design-occasion.fr\/magazine\/wp-content\/uploads\/2021\/03\/Mobilier-Design-Occasion-300x300.jpg 300w, https:\/\/www.mobilier-design-occasion.fr\/magazine\/wp-content\/uploads\/2021\/03\/Mobilier-Design-Occasion-150x150.jpg 150w, https:\/\/www.mobilier-design-occasion.fr\/magazine\/wp-content\/uploads\/2021\/03\/Mobilier-Design-Occasion-768x768.jpg 768w, https:\/\/www.mobilier-design-occasion.fr\/magazine\/wp-content\/uploads\/2021\/03\/Mobilier-Design-Occasion-810x810.jpg 810w, https:\/\/www.mobilier-design-occasion.fr\/magazine\/wp-content\/uploads\/2021\/03\/Mobilier-Design-Occasion.jpg 1080w\" sizes=\"auto, (max-width: 1024px) 100vw, 1024px\" \/><\/figure>\n","protected":false},"excerpt":{"rendered":"<p>Vous avez d\u00e9cid\u00e9 du prix auquel vous allez vendre votre meuble design d&#8217;occasion? Il ne vous reste plus qu&#8217;\u00e0 le pr\u00e9parer de la meilleure fa\u00e7on possible pour attirer l&#8217;attention du potentiel acheteur. Voici quelques conseils indispensables pour vendre vos meubles en ligne et les pr\u00e9senter au mieux. Etape incontournable: le nettoyage Quel que soit le [&hellip;]<\/p>\n","protected":false},"author":1,"featured_media":341,"comment_status":"open","ping_status":"open","sticky":false,"template":"","format":"standard","meta":{"footnotes":""},"categories":[2],"tags":[],"class_list":["post-337","post","type-post","status-publish","format-standard","has-post-thumbnail","hentry","category-tendances"],"yoast_head":"<!-- This site is optimized with the Yoast SEO plugin v27.5 - https:\/\/yoast.com\/product\/yoast-seo-wordpress\/ -->\n<title>Comment pr\u00e9parer mon meuble pour mieux le vendre en seconde main? - Mobilier Design Magazine<\/title>\n<meta name=\"robots\" content=\"index, follow, max-snippet:-1, max-image-preview:large, max-video-preview:-1\" \/>\n<link rel=\"canonical\" href=\"https:\/\/www.mobilier-design-occasion.fr\/magazine\/comment-preparer-mon-meuble-pour-mieux-le-vendre-en-seconde-main\/\" \/>\n<meta property=\"og:locale\" content=\"fr_FR\" \/>\n<meta property=\"og:type\" content=\"article\" \/>\n<meta property=\"og:title\" content=\"Comment pr\u00e9parer mon meuble pour mieux le vendre en seconde main? - Mobilier Design Magazine\" \/>\n<meta property=\"og:description\" content=\"Vous avez d\u00e9cid\u00e9 du prix auquel vous allez vendre votre meuble design d&#8217;occasion? Il ne vous reste plus qu&#8217;\u00e0 le pr\u00e9parer de la meilleure fa\u00e7on possible pour attirer l&#8217;attention du potentiel acheteur. Voici quelques conseils indispensables pour vendre vos meubles en ligne et les pr\u00e9senter au mieux. Etape incontournable: le nettoyage Quel que soit le [&hellip;]\" \/>\n<meta property=\"og:url\" content=\"https:\/\/www.mobilier-design-occasion.fr\/magazine\/comment-preparer-mon-meuble-pour-mieux-le-vendre-en-seconde-main\/\" \/>\n<meta property=\"og:site_name\" content=\"Mobilier Design Magazine\" \/>\n<meta property=\"article:publisher\" content=\"https:\/\/www.facebook.com\/mobilierdesignoccasion\" \/>\n<meta property=\"article:published_time\" content=\"2021-03-11T08:20:37+00:00\" \/>\n<meta property=\"article:modified_time\" content=\"2023-09-25T13:39:50+00:00\" \/>\n<meta property=\"og:image\" content=\"https:\/\/www.mobilier-design-occasion.fr\/magazine\/wp-content\/uploads\/2021\/03\/phillip-goldsberry-fZuleEfeA1Q-unsplash-scaled.jpg\" \/>\n\t<meta property=\"og:image:width\" content=\"2048\" \/>\n\t<meta property=\"og:image:height\" content=\"1366\" \/>\n\t<meta property=\"og:image:type\" content=\"image\/jpeg\" \/>\n<meta name=\"author\" content=\"Cyrielle Poirot\" \/>\n<meta name=\"twitter:card\" content=\"summary_large_image\" \/>\n<meta name=\"twitter:label1\" content=\"\u00c9crit par\" \/>\n\t<meta name=\"twitter:data1\" content=\"Cyrielle Poirot\" \/>\n\t<meta name=\"twitter:label2\" content=\"Dur\u00e9e de lecture estim\u00e9e\" \/>\n\t<meta name=\"twitter:data2\" content=\"3 minutes\" \/>\n<script type=\"application\/ld+json\" class=\"yoast-schema-graph\">{\"@context\":\"https:\\\/\\\/schema.org\",\"@graph\":[{\"@type\":\"Article\",\"@id\":\"https:\\\/\\\/www.mobilier-design-occasion.fr\\\/magazine\\\/comment-preparer-mon-meuble-pour-mieux-le-vendre-en-seconde-main\\\/#article\",\"isPartOf\":{\"@id\":\"https:\\\/\\\/www.mobilier-design-occasion.fr\\\/magazine\\\/comment-preparer-mon-meuble-pour-mieux-le-vendre-en-seconde-main\\\/\"},\"author\":{\"name\":\"Cyrielle Poirot\",\"@id\":\"https:\\\/\\\/www.mobilier-design-occasion.fr\\\/magazine\\\/#\\\/schema\\\/person\\\/5b2e5627a714ddadaaf8c9b886c55eff\"},\"headline\":\"Comment pr\u00e9parer mon meuble pour mieux le vendre en seconde main?\",\"datePublished\":\"2021-03-11T08:20:37+00:00\",\"dateModified\":\"2023-09-25T13:39:50+00:00\",\"mainEntityOfPage\":{\"@id\":\"https:\\\/\\\/www.mobilier-design-occasion.fr\\\/magazine\\\/comment-preparer-mon-meuble-pour-mieux-le-vendre-en-seconde-main\\\/\"},\"wordCount\":739,\"commentCount\":0,\"publisher\":{\"@id\":\"https:\\\/\\\/www.mobilier-design-occasion.fr\\\/magazine\\\/#organization\"},\"image\":{\"@id\":\"https:\\\/\\\/www.mobilier-design-occasion.fr\\\/magazine\\\/comment-preparer-mon-meuble-pour-mieux-le-vendre-en-seconde-main\\\/#primaryimage\"},\"thumbnailUrl\":\"https:\\\/\\\/www.mobilier-design-occasion.fr\\\/magazine\\\/wp-content\\\/uploads\\\/2021\\\/03\\\/phillip-goldsberry-fZuleEfeA1Q-unsplash-scaled.jpg\",\"articleSection\":[\"Tendances\"],\"inLanguage\":\"fr-FR\",\"potentialAction\":[{\"@type\":\"CommentAction\",\"name\":\"Comment\",\"target\":[\"https:\\\/\\\/www.mobilier-design-occasion.fr\\\/magazine\\\/comment-preparer-mon-meuble-pour-mieux-le-vendre-en-seconde-main\\\/#respond\"]}]},{\"@type\":\"WebPage\",\"@id\":\"https:\\\/\\\/www.mobilier-design-occasion.fr\\\/magazine\\\/comment-preparer-mon-meuble-pour-mieux-le-vendre-en-seconde-main\\\/\",\"url\":\"https:\\\/\\\/www.mobilier-design-occasion.fr\\\/magazine\\\/comment-preparer-mon-meuble-pour-mieux-le-vendre-en-seconde-main\\\/\",\"name\":\"Comment pr\u00e9parer mon meuble pour mieux le vendre en seconde main? - Mobilier Design Magazine\",\"isPartOf\":{\"@id\":\"https:\\\/\\\/www.mobilier-design-occasion.fr\\\/magazine\\\/#website\"},\"primaryImageOfPage\":{\"@id\":\"https:\\\/\\\/www.mobilier-design-occasion.fr\\\/magazine\\\/comment-preparer-mon-meuble-pour-mieux-le-vendre-en-seconde-main\\\/#primaryimage\"},\"image\":{\"@id\":\"https:\\\/\\\/www.mobilier-design-occasion.fr\\\/magazine\\\/comment-preparer-mon-meuble-pour-mieux-le-vendre-en-seconde-main\\\/#primaryimage\"},\"thumbnailUrl\":\"https:\\\/\\\/www.mobilier-design-occasion.fr\\\/magazine\\\/wp-content\\\/uploads\\\/2021\\\/03\\\/phillip-goldsberry-fZuleEfeA1Q-unsplash-scaled.jpg\",\"datePublished\":\"2021-03-11T08:20:37+00:00\",\"dateModified\":\"2023-09-25T13:39:50+00:00\",\"breadcrumb\":{\"@id\":\"https:\\\/\\\/www.mobilier-design-occasion.fr\\\/magazine\\\/comment-preparer-mon-meuble-pour-mieux-le-vendre-en-seconde-main\\\/#breadcrumb\"},\"inLanguage\":\"fr-FR\",\"potentialAction\":[{\"@type\":\"ReadAction\",\"target\":[\"https:\\\/\\\/www.mobilier-design-occasion.fr\\\/magazine\\\/comment-preparer-mon-meuble-pour-mieux-le-vendre-en-seconde-main\\\/\"]}]},{\"@type\":\"ImageObject\",\"inLanguage\":\"fr-FR\",\"@id\":\"https:\\\/\\\/www.mobilier-design-occasion.fr\\\/magazine\\\/comment-preparer-mon-meuble-pour-mieux-le-vendre-en-seconde-main\\\/#primaryimage\",\"url\":\"https:\\\/\\\/www.mobilier-design-occasion.fr\\\/magazine\\\/wp-content\\\/uploads\\\/2021\\\/03\\\/phillip-goldsberry-fZuleEfeA1Q-unsplash-scaled.jpg\",\"contentUrl\":\"https:\\\/\\\/www.mobilier-design-occasion.fr\\\/magazine\\\/wp-content\\\/uploads\\\/2021\\\/03\\\/phillip-goldsberry-fZuleEfeA1Q-unsplash-scaled.jpg\",\"width\":2048,\"height\":1366,\"caption\":\"Canap\u00e9 vert\"},{\"@type\":\"BreadcrumbList\",\"@id\":\"https:\\\/\\\/www.mobilier-design-occasion.fr\\\/magazine\\\/comment-preparer-mon-meuble-pour-mieux-le-vendre-en-seconde-main\\\/#breadcrumb\",\"itemListElement\":[{\"@type\":\"ListItem\",\"position\":1,\"name\":\"Accueil\",\"item\":\"https:\\\/\\\/www.mobilier-design-occasion.fr\\\/magazine\\\/\"},{\"@type\":\"ListItem\",\"position\":2,\"name\":\"Comment pr\u00e9parer mon meuble pour mieux le vendre en seconde main?\"}]},{\"@type\":\"WebSite\",\"@id\":\"https:\\\/\\\/www.mobilier-design-occasion.fr\\\/magazine\\\/#website\",\"url\":\"https:\\\/\\\/www.mobilier-design-occasion.fr\\\/magazine\\\/\",\"name\":\"Mobilier Design Magazine\",\"description\":\"\",\"publisher\":{\"@id\":\"https:\\\/\\\/www.mobilier-design-occasion.fr\\\/magazine\\\/#organization\"},\"potentialAction\":[{\"@type\":\"SearchAction\",\"target\":{\"@type\":\"EntryPoint\",\"urlTemplate\":\"https:\\\/\\\/www.mobilier-design-occasion.fr\\\/magazine\\\/?s={search_term_string}\"},\"query-input\":{\"@type\":\"PropertyValueSpecification\",\"valueRequired\":true,\"valueName\":\"search_term_string\"}}],\"inLanguage\":\"fr-FR\"},{\"@type\":\"Organization\",\"@id\":\"https:\\\/\\\/www.mobilier-design-occasion.fr\\\/magazine\\\/#organization\",\"name\":\"Mobilier Design Magazine\",\"url\":\"https:\\\/\\\/www.mobilier-design-occasion.fr\\\/magazine\\\/\",\"logo\":{\"@type\":\"ImageObject\",\"inLanguage\":\"fr-FR\",\"@id\":\"https:\\\/\\\/www.mobilier-design-occasion.fr\\\/magazine\\\/#\\\/schema\\\/logo\\\/image\\\/\",\"url\":\"https:\\\/\\\/www.mobilier-design-occasion.fr\\\/magazine\\\/wp-content\\\/uploads\\\/2024\\\/02\\\/android-chrome-192x192-1.png\",\"contentUrl\":\"https:\\\/\\\/www.mobilier-design-occasion.fr\\\/magazine\\\/wp-content\\\/uploads\\\/2024\\\/02\\\/android-chrome-192x192-1.png\",\"width\":192,\"height\":192,\"caption\":\"Mobilier Design Magazine\"},\"image\":{\"@id\":\"https:\\\/\\\/www.mobilier-design-occasion.fr\\\/magazine\\\/#\\\/schema\\\/logo\\\/image\\\/\"},\"sameAs\":[\"https:\\\/\\\/www.facebook.com\\\/mobilierdesignoccasion\"]},{\"@type\":\"Person\",\"@id\":\"https:\\\/\\\/www.mobilier-design-occasion.fr\\\/magazine\\\/#\\\/schema\\\/person\\\/5b2e5627a714ddadaaf8c9b886c55eff\",\"name\":\"Cyrielle Poirot\",\"image\":{\"@type\":\"ImageObject\",\"inLanguage\":\"fr-FR\",\"@id\":\"https:\\\/\\\/secure.gravatar.com\\\/avatar\\\/c8d2674e093b06894d8d1dc468b626bd752523471f3ac6e75f7c7a1400d40b4d?s=96&d=mm&r=g\",\"url\":\"https:\\\/\\\/secure.gravatar.com\\\/avatar\\\/c8d2674e093b06894d8d1dc468b626bd752523471f3ac6e75f7c7a1400d40b4d?s=96&d=mm&r=g\",\"contentUrl\":\"https:\\\/\\\/secure.gravatar.com\\\/avatar\\\/c8d2674e093b06894d8d1dc468b626bd752523471f3ac6e75f7c7a1400d40b4d?s=96&d=mm&r=g\",\"caption\":\"Cyrielle Poirot\"},\"description\":\"Cyrielle est passionn\u00e9e par la d\u00e9coration d'int\u00e9rieur et s'est sp\u00e9cialis\u00e9e depuis quelques ann\u00e9es dans l'\u00e9dition du site Mobilier-Design, avec une touche sp\u00e9cifique pour les produits d'occasion.\",\"sameAs\":[\"https:\\\/\\\/www.mobilier-design-occasion.fr\\\/magazine\"],\"url\":\"https:\\\/\\\/www.mobilier-design-occasion.fr\\\/magazine\\\/author\\\/cyrielle\\\/\"}]}<\/script>\n<!-- \/ Yoast SEO plugin. -->","yoast_head_json":{"title":"Comment pr\u00e9parer mon meuble pour mieux le vendre en seconde main? - Mobilier Design Magazine","robots":{"index":"index","follow":"follow","max-snippet":"max-snippet:-1","max-image-preview":"max-image-preview:large","max-video-preview":"max-video-preview:-1"},"canonical":"https:\/\/www.mobilier-design-occasion.fr\/magazine\/comment-preparer-mon-meuble-pour-mieux-le-vendre-en-seconde-main\/","og_locale":"fr_FR","og_type":"article","og_title":"Comment pr\u00e9parer mon meuble pour mieux le vendre en seconde main? - Mobilier Design Magazine","og_description":"Vous avez d\u00e9cid\u00e9 du prix auquel vous allez vendre votre meuble design d&#8217;occasion? Il ne vous reste plus qu&#8217;\u00e0 le pr\u00e9parer de la meilleure fa\u00e7on possible pour attirer l&#8217;attention du potentiel acheteur. Voici quelques conseils indispensables pour vendre vos meubles en ligne et les pr\u00e9senter au mieux. Etape incontournable: le nettoyage Quel que soit le [&hellip;]","og_url":"https:\/\/www.mobilier-design-occasion.fr\/magazine\/comment-preparer-mon-meuble-pour-mieux-le-vendre-en-seconde-main\/","og_site_name":"Mobilier Design Magazine","article_publisher":"https:\/\/www.facebook.com\/mobilierdesignoccasion","article_published_time":"2021-03-11T08:20:37+00:00","article_modified_time":"2023-09-25T13:39:50+00:00","og_image":[{"width":2048,"height":1366,"url":"https:\/\/www.mobilier-design-occasion.fr\/magazine\/wp-content\/uploads\/2021\/03\/phillip-goldsberry-fZuleEfeA1Q-unsplash-scaled.jpg","type":"image\/jpeg"}],"author":"Cyrielle Poirot","twitter_card":"summary_large_image","twitter_misc":{"\u00c9crit par":"Cyrielle Poirot","Dur\u00e9e de lecture estim\u00e9e":"3 minutes"},"schema":{"@context":"https:\/\/schema.org","@graph":[{"@type":"Article","@id":"https:\/\/www.mobilier-design-occasion.fr\/magazine\/comment-preparer-mon-meuble-pour-mieux-le-vendre-en-seconde-main\/#article","isPartOf":{"@id":"https:\/\/www.mobilier-design-occasion.fr\/magazine\/comment-preparer-mon-meuble-pour-mieux-le-vendre-en-seconde-main\/"},"author":{"name":"Cyrielle Poirot","@id":"https:\/\/www.mobilier-design-occasion.fr\/magazine\/#\/schema\/person\/5b2e5627a714ddadaaf8c9b886c55eff"},"headline":"Comment pr\u00e9parer mon meuble pour mieux le vendre en seconde main?","datePublished":"2021-03-11T08:20:37+00:00","dateModified":"2023-09-25T13:39:50+00:00","mainEntityOfPage":{"@id":"https:\/\/www.mobilier-design-occasion.fr\/magazine\/comment-preparer-mon-meuble-pour-mieux-le-vendre-en-seconde-main\/"},"wordCount":739,"commentCount":0,"publisher":{"@id":"https:\/\/www.mobilier-design-occasion.fr\/magazine\/#organization"},"image":{"@id":"https:\/\/www.mobilier-design-occasion.fr\/magazine\/comment-preparer-mon-meuble-pour-mieux-le-vendre-en-seconde-main\/#primaryimage"},"thumbnailUrl":"https:\/\/www.mobilier-design-occasion.fr\/magazine\/wp-content\/uploads\/2021\/03\/phillip-goldsberry-fZuleEfeA1Q-unsplash-scaled.jpg","articleSection":["Tendances"],"inLanguage":"fr-FR","potentialAction":[{"@type":"CommentAction","name":"Comment","target":["https:\/\/www.mobilier-design-occasion.fr\/magazine\/comment-preparer-mon-meuble-pour-mieux-le-vendre-en-seconde-main\/#respond"]}]},{"@type":"WebPage","@id":"https:\/\/www.mobilier-design-occasion.fr\/magazine\/comment-preparer-mon-meuble-pour-mieux-le-vendre-en-seconde-main\/","url":"https:\/\/www.mobilier-design-occasion.fr\/magazine\/comment-preparer-mon-meuble-pour-mieux-le-vendre-en-seconde-main\/","name":"Comment pr\u00e9parer mon meuble pour mieux le vendre en seconde main? - Mobilier Design Magazine","isPartOf":{"@id":"https:\/\/www.mobilier-design-occasion.fr\/magazine\/#website"},"primaryImageOfPage":{"@id":"https:\/\/www.mobilier-design-occasion.fr\/magazine\/comment-preparer-mon-meuble-pour-mieux-le-vendre-en-seconde-main\/#primaryimage"},"image":{"@id":"https:\/\/www.mobilier-design-occasion.fr\/magazine\/comment-preparer-mon-meuble-pour-mieux-le-vendre-en-seconde-main\/#primaryimage"},"thumbnailUrl":"https:\/\/www.mobilier-design-occasion.fr\/magazine\/wp-content\/uploads\/2021\/03\/phillip-goldsberry-fZuleEfeA1Q-unsplash-scaled.jpg","datePublished":"2021-03-11T08:20:37+00:00","dateModified":"2023-09-25T13:39:50+00:00","breadcrumb":{"@id":"https:\/\/www.mobilier-design-occasion.fr\/magazine\/comment-preparer-mon-meuble-pour-mieux-le-vendre-en-seconde-main\/#breadcrumb"},"inLanguage":"fr-FR","potentialAction":[{"@type":"ReadAction","target":["https:\/\/www.mobilier-design-occasion.fr\/magazine\/comment-preparer-mon-meuble-pour-mieux-le-vendre-en-seconde-main\/"]}]},{"@type":"ImageObject","inLanguage":"fr-FR","@id":"https:\/\/www.mobilier-design-occasion.fr\/magazine\/comment-preparer-mon-meuble-pour-mieux-le-vendre-en-seconde-main\/#primaryimage","url":"https:\/\/www.mobilier-design-occasion.fr\/magazine\/wp-content\/uploads\/2021\/03\/phillip-goldsberry-fZuleEfeA1Q-unsplash-scaled.jpg","contentUrl":"https:\/\/www.mobilier-design-occasion.fr\/magazine\/wp-content\/uploads\/2021\/03\/phillip-goldsberry-fZuleEfeA1Q-unsplash-scaled.jpg","width":2048,"height":1366,"caption":"Canap\u00e9 vert"},{"@type":"BreadcrumbList","@id":"https:\/\/www.mobilier-design-occasion.fr\/magazine\/comment-preparer-mon-meuble-pour-mieux-le-vendre-en-seconde-main\/#breadcrumb","itemListElement":[{"@type":"ListItem","position":1,"name":"Accueil","item":"https:\/\/www.mobilier-design-occasion.fr\/magazine\/"},{"@type":"ListItem","position":2,"name":"Comment pr\u00e9parer mon meuble pour mieux le vendre en seconde main?"}]},{"@type":"WebSite","@id":"https:\/\/www.mobilier-design-occasion.fr\/magazine\/#website","url":"https:\/\/www.mobilier-design-occasion.fr\/magazine\/","name":"Mobilier Design Magazine","description":"","publisher":{"@id":"https:\/\/www.mobilier-design-occasion.fr\/magazine\/#organization"},"potentialAction":[{"@type":"SearchAction","target":{"@type":"EntryPoint","urlTemplate":"https:\/\/www.mobilier-design-occasion.fr\/magazine\/?s={search_term_string}"},"query-input":{"@type":"PropertyValueSpecification","valueRequired":true,"valueName":"search_term_string"}}],"inLanguage":"fr-FR"},{"@type":"Organization","@id":"https:\/\/www.mobilier-design-occasion.fr\/magazine\/#organization","name":"Mobilier Design Magazine","url":"https:\/\/www.mobilier-design-occasion.fr\/magazine\/","logo":{"@type":"ImageObject","inLanguage":"fr-FR","@id":"https:\/\/www.mobilier-design-occasion.fr\/magazine\/#\/schema\/logo\/image\/","url":"https:\/\/www.mobilier-design-occasion.fr\/magazine\/wp-content\/uploads\/2024\/02\/android-chrome-192x192-1.png","contentUrl":"https:\/\/www.mobilier-design-occasion.fr\/magazine\/wp-content\/uploads\/2024\/02\/android-chrome-192x192-1.png","width":192,"height":192,"caption":"Mobilier Design Magazine"},"image":{"@id":"https:\/\/www.mobilier-design-occasion.fr\/magazine\/#\/schema\/logo\/image\/"},"sameAs":["https:\/\/www.facebook.com\/mobilierdesignoccasion"]},{"@type":"Person","@id":"https:\/\/www.mobilier-design-occasion.fr\/magazine\/#\/schema\/person\/5b2e5627a714ddadaaf8c9b886c55eff","name":"Cyrielle Poirot","image":{"@type":"ImageObject","inLanguage":"fr-FR","@id":"https:\/\/secure.gravatar.com\/avatar\/c8d2674e093b06894d8d1dc468b626bd752523471f3ac6e75f7c7a1400d40b4d?s=96&d=mm&r=g","url":"https:\/\/secure.gravatar.com\/avatar\/c8d2674e093b06894d8d1dc468b626bd752523471f3ac6e75f7c7a1400d40b4d?s=96&d=mm&r=g","contentUrl":"https:\/\/secure.gravatar.com\/avatar\/c8d2674e093b06894d8d1dc468b626bd752523471f3ac6e75f7c7a1400d40b4d?s=96&d=mm&r=g","caption":"Cyrielle Poirot"},"description":"Cyrielle est passionn\u00e9e par la d\u00e9coration d'int\u00e9rieur et s'est sp\u00e9cialis\u00e9e depuis quelques ann\u00e9es dans l'\u00e9dition du site Mobilier-Design, avec une touche sp\u00e9cifique pour les produits d'occasion.","sameAs":["https:\/\/www.mobilier-design-occasion.fr\/magazine"],"url":"https:\/\/www.mobilier-design-occasion.fr\/magazine\/author\/cyrielle\/"}]}},"_links":{"self":[{"href":"https:\/\/www.mobilier-design-occasion.fr\/magazine\/wp-json\/wp\/v2\/posts\/337","targetHints":{"allow":["GET"]}}],"collection":[{"href":"https:\/\/www.mobilier-design-occasion.fr\/magazine\/wp-json\/wp\/v2\/posts"}],"about":[{"href":"https:\/\/www.mobilier-design-occasion.fr\/magazine\/wp-json\/wp\/v2\/types\/post"}],"author":[{"embeddable":true,"href":"https:\/\/www.mobilier-design-occasion.fr\/magazine\/wp-json\/wp\/v2\/users\/1"}],"replies":[{"embeddable":true,"href":"https:\/\/www.mobilier-design-occasion.fr\/magazine\/wp-json\/wp\/v2\/comments?post=337"}],"version-history":[{"count":5,"href":"https:\/\/www.mobilier-design-occasion.fr\/magazine\/wp-json\/wp\/v2\/posts\/337\/revisions"}],"predecessor-version":[{"id":350,"href":"https:\/\/www.mobilier-design-occasion.fr\/magazine\/wp-json\/wp\/v2\/posts\/337\/revisions\/350"}],"wp:featuredmedia":[{"embeddable":true,"href":"https:\/\/www.mobilier-design-occasion.fr\/magazine\/wp-json\/wp\/v2\/media\/341"}],"wp:attachment":[{"href":"https:\/\/www.mobilier-design-occasion.fr\/magazine\/wp-json\/wp\/v2\/media?parent=337"}],"wp:term":[{"taxonomy":"category","embeddable":true,"href":"https:\/\/www.mobilier-design-occasion.fr\/magazine\/wp-json\/wp\/v2\/categories?post=337"},{"taxonomy":"post_tag","embeddable":true,"href":"https:\/\/www.mobilier-design-occasion.fr\/magazine\/wp-json\/wp\/v2\/tags?post=337"}],"curies":[{"name":"wp","href":"https:\/\/api.w.org\/{rel}","templated":true}]}}