{"id":3145,"date":"2022-05-02T09:26:32","date_gmt":"2022-05-02T09:26:32","guid":{"rendered":"https:\/\/www.mobilier-design-occasion.fr\/magazine\/?p=3145"},"modified":"2022-05-02T12:24:58","modified_gmt":"2022-05-02T12:24:58","slug":"test-avis-sur-ripaton","status":"publish","type":"post","link":"https:\/\/www.mobilier-design-occasion.fr\/magazine\/test-avis-sur-ripaton\/","title":{"rendered":"Avis Ripaton"},"content":{"rendered":"\n<h2 class=\"wp-block-heading\"><span class=\"ez-toc-section\" id=\"Ripaton_une_entreprise_francaise\"><\/span>Ripaton, une entreprise fran\u00e7aise<span class=\"ez-toc-section-end\"><\/span><\/h2><div id=\"ez-toc-container\" class=\"ez-toc-v2_0_82_2 counter-hierarchy ez-toc-counter ez-toc-grey ez-toc-container-direction\">\n<div class=\"ez-toc-title-container\">\n<span class=\"ez-toc-title-toggle\"><a href=\"#\" class=\"ez-toc-pull-right ez-toc-btn ez-toc-btn-xs ez-toc-btn-default ez-toc-toggle\" aria-label=\"Toggle Table of Content\"><span class=\"ez-toc-js-icon-con\"><span class=\"\"><span class=\"eztoc-hide\" style=\"display:none;\">Toggle<\/span><span class=\"ez-toc-icon-toggle-span\"><svg style=\"fill: #999;color:#999\" xmlns=\"http:\/\/www.w3.org\/2000\/svg\" class=\"list-377408\" width=\"20px\" height=\"20px\" viewBox=\"0 0 24 24\" fill=\"none\"><path d=\"M6 6H4v2h2V6zm14 0H8v2h12V6zM4 11h2v2H4v-2zm16 0H8v2h12v-2zM4 16h2v2H4v-2zm16 0H8v2h12v-2z\" fill=\"currentColor\"><\/path><\/svg><svg style=\"fill: #999;color:#999\" class=\"arrow-unsorted-368013\" xmlns=\"http:\/\/www.w3.org\/2000\/svg\" width=\"10px\" height=\"10px\" viewBox=\"0 0 24 24\" version=\"1.2\" baseProfile=\"tiny\"><path d=\"M18.2 9.3l-6.2-6.3-6.2 6.3c-.2.2-.3.4-.3.7s.1.5.3.7c.2.2.4.3.7.3h11c.3 0 .5-.1.7-.3.2-.2.3-.5.3-.7s-.1-.5-.3-.7zM5.8 14.7l6.2 6.3 6.2-6.3c.2-.2.3-.5.3-.7s-.1-.5-.3-.7c-.2-.2-.4-.3-.7-.3h-11c-.3 0-.5.1-.7.3-.2.2-.3.5-.3.7s.1.5.3.7z\"\/><\/svg><\/span><\/span><\/span><\/a><\/span><\/div>\n<nav><ul class='ez-toc-list ez-toc-list-level-1 eztoc-toggle-hide-by-default' ><li class='ez-toc-page-1 ez-toc-heading-level-2'><a class=\"ez-toc-link ez-toc-heading-1\" href=\"https:\/\/www.mobilier-design-occasion.fr\/magazine\/test-avis-sur-ripaton\/#Ripaton_une_entreprise_francaise\" >Ripaton, une entreprise fran\u00e7aise<\/a><\/li><li class='ez-toc-page-1 ez-toc-heading-level-2'><a class=\"ez-toc-link ez-toc-heading-2\" href=\"https:\/\/www.mobilier-design-occasion.fr\/magazine\/test-avis-sur-ripaton\/#Leur_promesse\" >Leur promesse?<\/a><\/li><li class='ez-toc-page-1 ez-toc-heading-level-2'><a class=\"ez-toc-link ez-toc-heading-3\" href=\"https:\/\/www.mobilier-design-occasion.fr\/magazine\/test-avis-sur-ripaton\/#Leurs_valeurs\" >Leurs valeurs<\/a><\/li><li class='ez-toc-page-1 ez-toc-heading-level-2'><a class=\"ez-toc-link ez-toc-heading-4\" href=\"https:\/\/www.mobilier-design-occasion.fr\/magazine\/test-avis-sur-ripaton\/#La_collection_Ripaton\" >La collection Ripaton<\/a><\/li><li class='ez-toc-page-1 ez-toc-heading-level-2'><a class=\"ez-toc-link ez-toc-heading-5\" href=\"https:\/\/www.mobilier-design-occasion.fr\/magazine\/test-avis-sur-ripaton\/#Livraison_Ripaton\" >Livraison Ripaton<\/a><\/li><li class='ez-toc-page-1 ez-toc-heading-level-2'><a class=\"ez-toc-link ez-toc-heading-6\" href=\"https:\/\/www.mobilier-design-occasion.fr\/magazine\/test-avis-sur-ripaton\/#Les_coordonnees_de_Ripaton\" >Les coordonn\u00e9es de Ripaton<\/a><\/li><li class='ez-toc-page-1 ez-toc-heading-level-2'><a class=\"ez-toc-link ez-toc-heading-7\" href=\"https:\/\/www.mobilier-design-occasion.fr\/magazine\/test-avis-sur-ripaton\/#Contacter_le_service_client_SAV_Ripaton\" >Contacter le service client SAV Ripaton<\/a><\/li><li class='ez-toc-page-1 ez-toc-heading-level-2'><a class=\"ez-toc-link ez-toc-heading-8\" href=\"https:\/\/www.mobilier-design-occasion.fr\/magazine\/test-avis-sur-ripaton\/#Avis_clients_sur_Ripaton\" >Avis clients sur Ripaton<\/a><ul class='ez-toc-list-level-3' ><li class='ez-toc-heading-level-3'><a class=\"ez-toc-link ez-toc-heading-9\" href=\"https:\/\/www.mobilier-design-occasion.fr\/magazine\/test-avis-sur-ripaton\/#Avis_plutot_positifs\" >Avis plut\u00f4t positifs<\/a><\/li><li class='ez-toc-page-1 ez-toc-heading-level-3'><a class=\"ez-toc-link ez-toc-heading-10\" href=\"https:\/\/www.mobilier-design-occasion.fr\/magazine\/test-avis-sur-ripaton\/#Avis_plutot_negatifs\" >Avis plut\u00f4t n\u00e9gatifs<\/a><\/li><li class='ez-toc-page-1 ez-toc-heading-level-3'><a class=\"ez-toc-link ez-toc-heading-11\" href=\"https:\/\/www.mobilier-design-occasion.fr\/magazine\/test-avis-sur-ripaton\/#Quest-ce_qui_nous_manque\" >Qu\u2019est-ce qui nous manque&nbsp;?<\/a><\/li><\/ul><\/li><\/ul><\/nav><\/div>\n\n\n\n\n<figure class=\"wp-block-image size-full\"><img loading=\"lazy\" decoding=\"async\" width=\"458\" height=\"66\" src=\"https:\/\/www.mobilier-design-occasion.fr\/magazine\/wp-content\/uploads\/2021\/10\/r-1.jpg\" alt=\"\" class=\"wp-image-3147\" srcset=\"https:\/\/www.mobilier-design-occasion.fr\/magazine\/wp-content\/uploads\/2021\/10\/r-1.jpg 458w, https:\/\/www.mobilier-design-occasion.fr\/magazine\/wp-content\/uploads\/2021\/10\/r-1-300x43.jpg 300w\" sizes=\"auto, (max-width: 458px) 100vw, 458px\" \/><\/figure>\n\n\n\n<p>Ripaton est une entreprise fran\u00e7aise, situ\u00e9e pr\u00e8s de Montpellier<strong> cr\u00e9\u00e9e en 2015<\/strong> par Tom Million et Margot Ijssel. Leur volont\u00e9? Cr\u00e9er la premi\u00e8re marque fran\u00e7aise d\u00e9di\u00e9e aux<strong> pieds de table<\/strong> avec une \u00e9thique <strong>durable<\/strong> et <strong>engag\u00e9e<\/strong>. La start-up a commenc\u00e9 dans un petit atelier de 50m2 et s&#8217;est fait conna\u00eetre gr\u00e2ce \u00e0 ses deux <strong>mod\u00e8les de pieds de table en acier<\/strong> d\u00e9sormais incontournables: L&#8217;Orginal et le Costaud. <\/p>\n\n\n\n<h2 class=\"wp-block-heading\"><span class=\"ez-toc-section\" id=\"Leur_promesse\"><\/span>Leur promesse?<span class=\"ez-toc-section-end\"><\/span><\/h2>\n\n\n\n<p>La collection est <strong>fabriqu\u00e9e en France<\/strong> dans leurs ateliers avec de l&#8217;acier provenant d&#8217;Italie. 7 ans plus tard, ils connaissent un succ\u00e8s florissant. Ils continuent toujours de mettre au centre de leur marque leurs valeurs fondamentales, \u00e0 savoir, cr\u00e9er du <a href=\"https:\/\/www.mobilier-design-occasion.fr\/magazine\/test-avis-sur-la-redoute-interieurs-am-pm\/\">mobilier<\/a>:<\/p>\n\n\n\n<ul class=\"wp-block-list\"><li>beau<\/li><li>solide<\/li><li>durable<\/li><li>\u00e0 un prix juste<\/li><li>sans interm\u00e9diaires<\/li><li>bien pens\u00e9 \ud83d\ude42<\/li><\/ul>\n\n\n\n<blockquote class=\"wp-block-quote is-layout-flow wp-block-quote-is-layout-flow\"><p><strong>Un mobilier<\/strong> <strong>durable et cr\u00e9atif <\/strong><\/p><\/blockquote>\n\n\n\n<div class=\"wp-block-columns is-layout-flex wp-container-core-columns-is-layout-9d6595d7 wp-block-columns-is-layout-flex\">\n<div class=\"wp-block-column is-layout-flow wp-block-column-is-layout-flow\">\n<figure class=\"wp-block-image size-full\"><img loading=\"lazy\" decoding=\"async\" width=\"831\" height=\"834\" src=\"https:\/\/www.mobilier-design-occasion.fr\/magazine\/wp-content\/uploads\/2022\/05\/Capture41.png\" alt=\"\" class=\"wp-image-4297\" srcset=\"https:\/\/www.mobilier-design-occasion.fr\/magazine\/wp-content\/uploads\/2022\/05\/Capture41.png 831w, https:\/\/www.mobilier-design-occasion.fr\/magazine\/wp-content\/uploads\/2022\/05\/Capture41-300x300.png 300w, https:\/\/www.mobilier-design-occasion.fr\/magazine\/wp-content\/uploads\/2022\/05\/Capture41-150x150.png 150w, https:\/\/www.mobilier-design-occasion.fr\/magazine\/wp-content\/uploads\/2022\/05\/Capture41-768x771.png 768w, https:\/\/www.mobilier-design-occasion.fr\/magazine\/wp-content\/uploads\/2022\/05\/Capture41-810x813.png 810w\" sizes=\"auto, (max-width: 831px) 100vw, 831px\" \/><\/figure>\n<\/div>\n\n\n\n<div class=\"wp-block-column is-layout-flow wp-block-column-is-layout-flow\">\n<figure class=\"wp-block-image size-full\"><img loading=\"lazy\" decoding=\"async\" width=\"830\" height=\"827\" src=\"https:\/\/www.mobilier-design-occasion.fr\/magazine\/wp-content\/uploads\/2022\/05\/Capture40.png\" alt=\"\" class=\"wp-image-4298\" srcset=\"https:\/\/www.mobilier-design-occasion.fr\/magazine\/wp-content\/uploads\/2022\/05\/Capture40.png 830w, https:\/\/www.mobilier-design-occasion.fr\/magazine\/wp-content\/uploads\/2022\/05\/Capture40-300x300.png 300w, https:\/\/www.mobilier-design-occasion.fr\/magazine\/wp-content\/uploads\/2022\/05\/Capture40-150x150.png 150w, https:\/\/www.mobilier-design-occasion.fr\/magazine\/wp-content\/uploads\/2022\/05\/Capture40-768x765.png 768w, https:\/\/www.mobilier-design-occasion.fr\/magazine\/wp-content\/uploads\/2022\/05\/Capture40-810x807.png 810w\" sizes=\"auto, (max-width: 830px) 100vw, 830px\" \/><\/figure>\n<\/div>\n<\/div>\n\n\n\n<h2 class=\"wp-block-heading\"><span class=\"ez-toc-section\" id=\"Leurs_valeurs\"><\/span>Leurs valeurs<span class=\"ez-toc-section-end\"><\/span><\/h2>\n\n\n\n<p>Si Ripaton conna\u00eet un succ\u00e8s grandissant c&#8217;est parce qu&#8217;ils ont placer leurs valeurs au centre de leur projet puis de leur marque:<\/p>\n\n\n\n<ul class=\"wp-block-list\"><li><strong>La durabilit\u00e9<\/strong>: fabriquer du mobilier de mani\u00e8re \u00e9co-responsable et \u00e9viter la surproduction<\/li><li><strong>La qualit\u00e9<\/strong>: choisir de travailler avec des artisans et entreprises aux 4 coins de la France pour pr\u00e9server la qualit\u00e9 des mat\u00e9riaux choisis, limiter les interm\u00e9diaires et donc ma\u00eetriser les co\u00fbts<\/li><li><strong>L&#8217;esprit fran\u00e7ais: <\/strong>chez Ripaton les employ\u00e9s et les ouvriers sont bas\u00e9s en France<\/li><\/ul>\n\n\n\n<h2 class=\"wp-block-heading\"><span class=\"ez-toc-section\" id=\"La_collection_Ripaton\"><\/span>La collection Ripaton<span class=\"ez-toc-section-end\"><\/span><\/h2>\n\n\n\n<p><strong>Cr\u00e9ez votre mobilier durable sur mesure<\/strong> gr\u00e2ce \u00e0 leur large gamme. Leur collection s&#8217;est \u00e9toff\u00e9e au fil des saisons et vous retrouvez de nombreuses solutions d&#8217;am\u00e9nagement afin de cr\u00e9er le <strong>mobilier de vos r\u00eaves<\/strong>:<\/p>\n\n\n\n<ul class=\"wp-block-list\"><li>Pieds de table<\/li><li>Pieds de meuble<\/li><li>Etag\u00e8res &amp; supports muraux<\/li><li>Portants<\/li><li>Collection d\u00e9di\u00e9e aux enfants<\/li><li>Une gamme sur mesure<\/li><li>Une gamme d\u00e9di\u00e9e aux professionnels de la d\u00e9coration<\/li><\/ul>\n\n\n\n<p>Je tiens \u00e0 souligner que j&#8217;ai \u00e9t\u00e9 agr\u00e9ablement surprise par les prix de vente chez Ripaton. Certaines autres marques surfent sur le fait de fabriquer localement et de mani\u00e8re durable pour pratiquer des prix exorbitants. Ripaton propose des <strong>produits hauts de gamme \u00e0 des prix justes et accessibles<\/strong>, c&#8217;est assez rare pour le mentionner \ud83d\ude09<\/p>\n\n\n\n<div class=\"wp-block-columns is-layout-flex wp-container-core-columns-is-layout-9d6595d7 wp-block-columns-is-layout-flex\">\n<div class=\"wp-block-column is-layout-flow wp-block-column-is-layout-flow\">\n<figure class=\"wp-block-image size-full\"><img loading=\"lazy\" decoding=\"async\" width=\"934\" height=\"481\" src=\"https:\/\/www.mobilier-design-occasion.fr\/magazine\/wp-content\/uploads\/2022\/05\/Capture2.png\" alt=\"\" class=\"wp-image-4299\" srcset=\"https:\/\/www.mobilier-design-occasion.fr\/magazine\/wp-content\/uploads\/2022\/05\/Capture2.png 934w, https:\/\/www.mobilier-design-occasion.fr\/magazine\/wp-content\/uploads\/2022\/05\/Capture2-300x154.png 300w, https:\/\/www.mobilier-design-occasion.fr\/magazine\/wp-content\/uploads\/2022\/05\/Capture2-768x396.png 768w, https:\/\/www.mobilier-design-occasion.fr\/magazine\/wp-content\/uploads\/2022\/05\/Capture2-810x417.png 810w\" sizes=\"auto, (max-width: 934px) 100vw, 934px\" \/><\/figure>\n<\/div>\n\n\n\n<div class=\"wp-block-column is-layout-flow wp-block-column-is-layout-flow\">\n<figure class=\"wp-block-image size-full\"><img loading=\"lazy\" decoding=\"async\" width=\"933\" height=\"482\" src=\"https:\/\/www.mobilier-design-occasion.fr\/magazine\/wp-content\/uploads\/2022\/05\/Capture.png\" alt=\"\" class=\"wp-image-4300\" srcset=\"https:\/\/www.mobilier-design-occasion.fr\/magazine\/wp-content\/uploads\/2022\/05\/Capture.png 933w, https:\/\/www.mobilier-design-occasion.fr\/magazine\/wp-content\/uploads\/2022\/05\/Capture-300x155.png 300w, https:\/\/www.mobilier-design-occasion.fr\/magazine\/wp-content\/uploads\/2022\/05\/Capture-768x397.png 768w, https:\/\/www.mobilier-design-occasion.fr\/magazine\/wp-content\/uploads\/2022\/05\/Capture-810x418.png 810w, https:\/\/www.mobilier-design-occasion.fr\/magazine\/wp-content\/uploads\/2022\/05\/Capture-375x195.png 375w\" sizes=\"auto, (max-width: 933px) 100vw, 933px\" \/><\/figure>\n<\/div>\n<\/div>\n\n\n\n<h2 class=\"wp-block-heading\"><span class=\"ez-toc-section\" id=\"Livraison_Ripaton\"><\/span>Livraison Ripaton<span class=\"ez-toc-section-end\"><\/span><\/h2>\n\n\n\n<p><strong>Livraison partout en Europe<\/strong> et en ce moment offerte \u00e0 partir de 169\u20ac d&#8217;achat en <strong>France<\/strong> m\u00e9tropolitaine et en <strong>Belgique<\/strong>.<\/p>\n\n\n\n<p>Sinon le co\u00fbt du transport est calcul\u00e9 en fonction poids et du volume de votre commande. <\/p>\n\n\n\n<h2 class=\"wp-block-heading\"><span class=\"ez-toc-section\" id=\"Les_coordonnees_de_Ripaton\"><\/span>Les coordonn\u00e9es de Ripaton<span class=\"ez-toc-section-end\"><\/span><\/h2>\n\n\n\n<p>A l&#8217;heure o\u00f9 j&#8217;\u00e9cris cet article ils ont fait le choix de ne pas ouvrir de magasins physiques mais toute la collection de Ripaton est disponible sur leur <a rel=\"noreferrer noopener\" href=\"https:\/\/www.ripaton.fr\/fr\/\" target=\"_blank\">site internet<\/a><\/p>\n\n\n\n<p>Vous pouvez les contacter:<\/p>\n\n\n\n<ul class=\"wp-block-list\"><li>Par mail: <a href=\"mailto:bonjour@ripaton.fr\">bonjour@ripaton.fr<\/a><\/li><li>Via leur <a rel=\"noreferrer noopener\" href=\"https:\/\/www.ripaton.fr\/fr\/nous-contacter\" target=\"_blank\">formulaire de contact<\/a> sur le site<\/li><li>Par t\u00e9l\u00e9phone: +33 (0)1 84 60 02 02 (non surtax\u00e9) de 9h \u00e0 17h<\/li><li>Par chat directement sur leur site<\/li><\/ul>\n\n\n\n<p>Mais aussi sur les <strong>r\u00e9seaux sociaux<\/strong>:<\/p>\n\n\n\n<ul class=\"wp-block-social-links is-layout-flex wp-block-social-links-is-layout-flex\"><li class=\"wp-social-link wp-social-link-facebook  wp-block-social-link\"><a href=\"https:\/\/www.facebook.com\/Ripaton.France\/\" class=\"wp-block-social-link-anchor\"><svg width=\"24\" height=\"24\" viewBox=\"0 0 24 24\" version=\"1.1\" xmlns=\"http:\/\/www.w3.org\/2000\/svg\" aria-hidden=\"true\" focusable=\"false\"><path d=\"M12 2C6.5 2 2 6.5 2 12c0 5 3.7 9.1 8.4 9.9v-7H7.9V12h2.5V9.8c0-2.5 1.5-3.9 3.8-3.9 1.1 0 2.2.2 2.2.2v2.5h-1.3c-1.2 0-1.6.8-1.6 1.6V12h2.8l-.4 2.9h-2.3v7C18.3 21.1 22 17 22 12c0-5.5-4.5-10-10-10z\"><\/path><\/svg><span class=\"wp-block-social-link-label screen-reader-text\">Facebook<\/span><\/a><\/li>\n\n<li class=\"wp-social-link wp-social-link-pinterest  wp-block-social-link\"><a href=\"https:\/\/www.pinterest.fr\/aripaton\/_shop\/\" class=\"wp-block-social-link-anchor\"><svg width=\"24\" height=\"24\" viewBox=\"0 0 24 24\" version=\"1.1\" xmlns=\"http:\/\/www.w3.org\/2000\/svg\" aria-hidden=\"true\" focusable=\"false\"><path d=\"M12.289,2C6.617,2,3.606,5.648,3.606,9.622c0,1.846,1.025,4.146,2.666,4.878c0.25,0.111,0.381,0.063,0.439-0.169 c0.044-0.175,0.267-1.029,0.365-1.428c0.032-0.128,0.017-0.237-0.091-0.362C6.445,11.911,6.01,10.75,6.01,9.668 c0-2.777,2.194-5.464,5.933-5.464c3.23,0,5.49,2.108,5.49,5.122c0,3.407-1.794,5.768-4.13,5.768c-1.291,0-2.257-1.021-1.948-2.277 c0.372-1.495,1.089-3.112,1.089-4.191c0-0.967-0.542-1.775-1.663-1.775c-1.319,0-2.379,1.309-2.379,3.059 c0,1.115,0.394,1.869,0.394,1.869s-1.302,5.279-1.54,6.261c-0.405,1.666,0.053,4.368,0.094,4.604 c0.021,0.126,0.167,0.169,0.25,0.063c0.129-0.165,1.699-2.419,2.142-4.051c0.158-0.59,0.817-2.995,0.817-2.995 c0.43,0.784,1.681,1.446,3.013,1.446c3.963,0,6.822-3.494,6.822-7.833C20.394,5.112,16.849,2,12.289,2\"><\/path><\/svg><span class=\"wp-block-social-link-label screen-reader-text\">Pinterest<\/span><\/a><\/li>\n\n<li class=\"wp-social-link wp-social-link-instagram  wp-block-social-link\"><a href=\"https:\/\/www.instagram.com\/atelier_ripaton\/\" class=\"wp-block-social-link-anchor\"><svg width=\"24\" height=\"24\" viewBox=\"0 0 24 24\" version=\"1.1\" xmlns=\"http:\/\/www.w3.org\/2000\/svg\" aria-hidden=\"true\" focusable=\"false\"><path d=\"M12,4.622c2.403,0,2.688,0.009,3.637,0.052c0.877,0.04,1.354,0.187,1.671,0.31c0.42,0.163,0.72,0.358,1.035,0.673 c0.315,0.315,0.51,0.615,0.673,1.035c0.123,0.317,0.27,0.794,0.31,1.671c0.043,0.949,0.052,1.234,0.052,3.637 s-0.009,2.688-0.052,3.637c-0.04,0.877-0.187,1.354-0.31,1.671c-0.163,0.42-0.358,0.72-0.673,1.035 c-0.315,0.315-0.615,0.51-1.035,0.673c-0.317,0.123-0.794,0.27-1.671,0.31c-0.949,0.043-1.233,0.052-3.637,0.052 s-2.688-0.009-3.637-0.052c-0.877-0.04-1.354-0.187-1.671-0.31c-0.42-0.163-0.72-0.358-1.035-0.673 c-0.315-0.315-0.51-0.615-0.673-1.035c-0.123-0.317-0.27-0.794-0.31-1.671C4.631,14.688,4.622,14.403,4.622,12 s0.009-2.688,0.052-3.637c0.04-0.877,0.187-1.354,0.31-1.671c0.163-0.42,0.358-0.72,0.673-1.035 c0.315-0.315,0.615-0.51,1.035-0.673c0.317-0.123,0.794-0.27,1.671-0.31C9.312,4.631,9.597,4.622,12,4.622 M12,3 C9.556,3,9.249,3.01,8.289,3.054C7.331,3.098,6.677,3.25,6.105,3.472C5.513,3.702,5.011,4.01,4.511,4.511 c-0.5,0.5-0.808,1.002-1.038,1.594C3.25,6.677,3.098,7.331,3.054,8.289C3.01,9.249,3,9.556,3,12c0,2.444,0.01,2.751,0.054,3.711 c0.044,0.958,0.196,1.612,0.418,2.185c0.23,0.592,0.538,1.094,1.038,1.594c0.5,0.5,1.002,0.808,1.594,1.038 c0.572,0.222,1.227,0.375,2.185,0.418C9.249,20.99,9.556,21,12,21s2.751-0.01,3.711-0.054c0.958-0.044,1.612-0.196,2.185-0.418 c0.592-0.23,1.094-0.538,1.594-1.038c0.5-0.5,0.808-1.002,1.038-1.594c0.222-0.572,0.375-1.227,0.418-2.185 C20.99,14.751,21,14.444,21,12s-0.01-2.751-0.054-3.711c-0.044-0.958-0.196-1.612-0.418-2.185c-0.23-0.592-0.538-1.094-1.038-1.594 c-0.5-0.5-1.002-0.808-1.594-1.038c-0.572-0.222-1.227-0.375-2.185-0.418C14.751,3.01,14.444,3,12,3L12,3z M12,7.378 c-2.552,0-4.622,2.069-4.622,4.622S9.448,16.622,12,16.622s4.622-2.069,4.622-4.622S14.552,7.378,12,7.378z M12,15 c-1.657,0-3-1.343-3-3s1.343-3,3-3s3,1.343,3,3S13.657,15,12,15z M16.804,6.116c-0.596,0-1.08,0.484-1.08,1.08 s0.484,1.08,1.08,1.08c0.596,0,1.08-0.484,1.08-1.08S17.401,6.116,16.804,6.116z\"><\/path><\/svg><span class=\"wp-block-social-link-label screen-reader-text\">Instagram<\/span><\/a><\/li>\n\n<li class=\"wp-social-link wp-social-link-youtube  wp-block-social-link\"><a href=\"https:\/\/www.youtube.com\/channel\/UCPSUH4143zuM1Piy29PvcEg\" class=\"wp-block-social-link-anchor\"><svg width=\"24\" height=\"24\" viewBox=\"0 0 24 24\" version=\"1.1\" xmlns=\"http:\/\/www.w3.org\/2000\/svg\" aria-hidden=\"true\" focusable=\"false\"><path d=\"M21.8,8.001c0,0-0.195-1.378-0.795-1.985c-0.76-0.797-1.613-0.801-2.004-0.847c-2.799-0.202-6.997-0.202-6.997-0.202 h-0.009c0,0-4.198,0-6.997,0.202C4.608,5.216,3.756,5.22,2.995,6.016C2.395,6.623,2.2,8.001,2.2,8.001S2,9.62,2,11.238v1.517 c0,1.618,0.2,3.237,0.2,3.237s0.195,1.378,0.795,1.985c0.761,0.797,1.76,0.771,2.205,0.855c1.6,0.153,6.8,0.201,6.8,0.201 s4.203-0.006,7.001-0.209c0.391-0.047,1.243-0.051,2.004-0.847c0.6-0.607,0.795-1.985,0.795-1.985s0.2-1.618,0.2-3.237v-1.517 C22,9.62,21.8,8.001,21.8,8.001z M9.935,14.594l-0.001-5.62l5.404,2.82L9.935,14.594z\"><\/path><\/svg><span class=\"wp-block-social-link-label screen-reader-text\">YouTube<\/span><\/a><\/li><\/ul>\n\n\n\n<p><strong>Adresse du si\u00e8ge social:<\/strong> 305 rue de Chambert &#8211; 34080 Montpellier &#8211; France<\/p>\n\n\n\n<h2 class=\"wp-block-heading\"><span class=\"ez-toc-section\" id=\"Contacter_le_service_client_SAV_Ripaton\"><\/span>Contacter le service client SAV Ripaton<span class=\"ez-toc-section-end\"><\/span><\/h2>\n\n\n\n<p>L\u2019\u00e9quipe de Ripaton est tr\u00e8s disponible pour vous aider et r\u00e9pondre \u00e0 vos questions. <br>Si vous voulez les joindre et obtenir une r\u00e9ponse rapide, le plus simple est de les appeler au num\u00e9ro suivant<\/p>\n\n\n\n<ul class=\"wp-block-list\"><li>T\u00e9l\u00e9phone SAV:<strong> +33 (0)1 84 60 02 02<\/strong><\/li><li>Mail SAV: <strong>bonjour@ripaton.fr<\/strong><\/li><li>Chat: il se trouve en bas \u00e0 droite de votre \u00e9cran quand vous \u00eates sur le site de Ripaton<\/li><\/ul>\n\n\n\n<p>Toute l\u2019\u00e9quipe est \u00e0 votre disposition du<strong> lundi au vendredi de 9h \u00e0 17h. <\/strong><\/p>\n\n\n\n<figure class=\"wp-block-image size-full\"><img loading=\"lazy\" decoding=\"async\" width=\"665\" height=\"837\" src=\"https:\/\/www.mobilier-design-occasion.fr\/magazine\/wp-content\/uploads\/2022\/05\/Capture39.png\" alt=\"\" class=\"wp-image-4302\" srcset=\"https:\/\/www.mobilier-design-occasion.fr\/magazine\/wp-content\/uploads\/2022\/05\/Capture39.png 665w, https:\/\/www.mobilier-design-occasion.fr\/magazine\/wp-content\/uploads\/2022\/05\/Capture39-238x300.png 238w\" sizes=\"auto, (max-width: 665px) 100vw, 665px\" \/><\/figure>\n\n\n\n<h2 class=\"wp-block-heading\"><span class=\"ez-toc-section\" id=\"Avis_clients_sur_Ripaton\"><\/span>Avis clients sur Ripaton<span class=\"ez-toc-section-end\"><\/span><\/h2>\n\n\n\n<p>Ripaton obtient la note de 9.6\/10 sur le site AvisV\u00e9rifi\u00e9s.com. Note bas\u00e9e sur 402 avis au cours des 12 derniers mois. <\/p>\n\n\n\n<p>Ce qui est une <strong>excellente note<\/strong> et confirme que Ripaton est une marque <strong>fiable <\/strong>et <strong>s\u00e9rieuse<\/strong>, \u00e0 l&#8217;\u00e9coute de ses clients. <\/p>\n\n\n\n<h3 class=\"wp-block-heading\"><span class=\"ez-toc-section\" id=\"Avis_plutot_positifs\"><\/span><strong>Avis plut\u00f4t positifs<\/strong><span class=\"ez-toc-section-end\"><\/span><\/h3>\n\n\n\n<ul class=\"wp-block-list\"><li><strong>Produit de qualit\u00e9&nbsp;: <\/strong>les produits fabriqu\u00e9s par Ripaton sont aussi esth\u00e9tiques que qualitatifs<\/li><li><strong>\u00c9quipe r\u00e9active&nbsp;:<\/strong> le service client de Ripaton est r\u00e9actif et cherche vraiment  trouver une solution pour ses clients.<\/li><\/ul>\n\n\n\n<blockquote class=\"wp-block-quote is-layout-flow wp-block-quote-is-layout-flow\"><p>\u00ab&nbsp;Je recommande vivement les produits Ripaton , pour leur esth\u00e9tisme et leur qualit\u00e9. Il m\u2019a \u00e9t\u00e9 tr\u00e8s facile et rapide d\u2019installer les pieds sur un joli plateau en <a href=\"https:\/\/www.mobilier-design-occasion.fr\/magazine\/avis-mathy-by-bols\/\">bois<\/a>.<br>Aussi l\u2019\u00e9quipe est tr\u00e8s agr\u00e9able et \u00e0 l\u2019\u00e9coute de ses clients.<\/p><cite>Carole G.<\/cite><\/blockquote>\n\n\n\n<p><\/p>\n\n\n\n<blockquote class=\"wp-block-quote is-layout-flow wp-block-quote-is-layout-flow\"><p>\u00ab&nbsp;J&#8217;\u00e9tais \u00e0 la recherche de pieds de meubles sur mesure. J&#8217;ai \u00e9t\u00e9 s\u00e9duite non seulement par le <a href=\"https:\/\/www.mobilier-design-occasion.fr\/magazine\/table-tulipe-knoll-indemodable-du-design\/\">design<\/a> des produits Ripaton, mais \u00e9galement par leur d\u00e9marche, avec des produits fabriqu\u00e9s en France, des processus en circuit court, des mat\u00e9riaux respectueux de l&#8217;environnement et la collaboration avec un CAT local.<br>J&#8217;ai re\u00e7u mes pieds sur mesure tr\u00e8s rapidement, et le service client est extr\u00eamement r\u00e9actif et particuli\u00e8rement agr\u00e9able au contact. Je recommande et m\u00e9morise ce nom !&nbsp;\u00bb<\/p><cite>Alice V.<\/cite><\/blockquote>\n\n\n\n<blockquote class=\"wp-block-quote is-layout-flow wp-block-quote-is-layout-flow\"><p>\u00ab\u00a0Qualit\u00e9 et service au top, des d\u00e9lais rapides que demander de plus!!\u00a0\u00bb<\/p><cite>S\u00e9bastien B<\/cite><\/blockquote>\n\n\n\n<h3 class=\"wp-block-heading\"><span class=\"ez-toc-section\" id=\"Avis_plutot_negatifs\"><\/span><strong>Avis plut\u00f4t n\u00e9gatifs<\/strong><span class=\"ez-toc-section-end\"><\/span><\/h3>\n\n\n\n<p>Je tiens \u00e0 pr\u00e9ciser que pour chacun des avis ci-dessous, la marque Ripaton y a apport\u00e9 rapidement une r\u00e9ponse personnalis\u00e9e et une solution concr\u00e8te suivant chaque probl\u00e9matique rencontr\u00e9e.<\/p>\n\n\n\n<blockquote class=\"wp-block-quote is-layout-flow wp-block-quote-is-layout-flow\"><p>Nous avons pris l&#8217;option vernis mat sur l&#8217;intr\u00e9pide mais nous ne pensions pas qu&#8217;il y aurait une diff\u00e9rence de teinte avec le meulage sur les coins qui du coup est gris clair et le pied gris fonc\u00e9. Il conviendrait peut \u00eatre de le pr\u00e9ciser ou de mettre une photo pour la finition. C&#8217;est dommage.<\/p><cite>Florian A.<\/cite><\/blockquote>\n\n\n\n<blockquote class=\"wp-block-quote is-layout-flow wp-block-quote-is-layout-flow\"><p>par contre la livraison a \u00e9t\u00e9 catastrophique au lieu d&#8217;\u00eatre livr\u00e9 le vendredi matin celle ci a eu lieu le mardi apr\u00e8s midi de la semaine suivante pour cette raison je ne commanderai plus sur ce site malgr\u00e9 la bonne qualit\u00e9 du produit<\/p><cite>Marie G.<\/cite><\/blockquote>\n\n\n\n<blockquote class=\"wp-block-quote is-layout-flow wp-block-quote-is-layout-flow\"><p>Mauvais produit re\u00e7u. \u00c9norme carton pour une petite \u00e9tag\u00e8re.<\/p><cite>S\u00e9bastien M.<\/cite><\/blockquote>\n\n\n\n<div class=\"wp-block-columns is-layout-flex wp-container-core-columns-is-layout-9d6595d7 wp-block-columns-is-layout-flex\">\n<div class=\"wp-block-column is-layout-flow wp-block-column-is-layout-flow\">\n<figure class=\"wp-block-image size-full\"><img loading=\"lazy\" decoding=\"async\" width=\"830\" height=\"827\" src=\"https:\/\/www.mobilier-design-occasion.fr\/magazine\/wp-content\/uploads\/2022\/05\/Capture40-1.png\" alt=\"\" class=\"wp-image-4308\" srcset=\"https:\/\/www.mobilier-design-occasion.fr\/magazine\/wp-content\/uploads\/2022\/05\/Capture40-1.png 830w, https:\/\/www.mobilier-design-occasion.fr\/magazine\/wp-content\/uploads\/2022\/05\/Capture40-1-300x300.png 300w, https:\/\/www.mobilier-design-occasion.fr\/magazine\/wp-content\/uploads\/2022\/05\/Capture40-1-150x150.png 150w, https:\/\/www.mobilier-design-occasion.fr\/magazine\/wp-content\/uploads\/2022\/05\/Capture40-1-768x765.png 768w, https:\/\/www.mobilier-design-occasion.fr\/magazine\/wp-content\/uploads\/2022\/05\/Capture40-1-810x807.png 810w\" sizes=\"auto, (max-width: 830px) 100vw, 830px\" \/><\/figure>\n<\/div>\n\n\n\n<div class=\"wp-block-column is-layout-flow wp-block-column-is-layout-flow\"><\/div>\n<\/div>\n\n\n\n<h3 class=\"wp-block-heading\"><span class=\"ez-toc-section\" id=\"Quest-ce_qui_nous_manque\"><\/span>Qu\u2019est-ce qui nous manque&nbsp;?<span class=\"ez-toc-section-end\"><\/span><\/h3>\n\n\n\n<ul class=\"wp-block-list\"><li>des petits conseils d\u00e9co pour mettre en \u00e9vidence les produits<\/li><li>encore plus d&#8217;id\u00e9es de conception<\/li><li>des astuces sur l&#8217;entretien des produits pour les faire durer<\/li><\/ul>\n\n\n\n<p><strong>Si vous aussi vous avez test\u00e9 la marque Ripaton et command\u00e9 chez eux, n&#8217;h\u00e9sitez pas \u00e0 nous laisser un commentaire sous cet article pour nous faire part de votre exp\u00e9rience. Cela aide \u00e9norm\u00e9ment les internautes dans leurs prises de d\u00e9cision.<\/strong><\/p>\n","protected":false},"excerpt":{"rendered":"<p>Ripaton, une entreprise fran\u00e7aise Ripaton est une entreprise fran\u00e7aise, situ\u00e9e pr\u00e8s de Montpellier cr\u00e9\u00e9e en 2015 par Tom Million et Margot Ijssel. Leur volont\u00e9? Cr\u00e9er la premi\u00e8re marque fran\u00e7aise d\u00e9di\u00e9e aux pieds de table avec une \u00e9thique durable et engag\u00e9e. La start-up a commenc\u00e9 dans un petit atelier de 50m2 et s&#8217;est fait conna\u00eetre gr\u00e2ce [&hellip;]<\/p>\n","protected":false},"author":1,"featured_media":4296,"comment_status":"open","ping_status":"open","sticky":false,"template":"","format":"standard","meta":{"footnotes":""},"categories":[8],"tags":[],"class_list":["post-3145","post","type-post","status-publish","format-standard","has-post-thumbnail","hentry","category-avis"],"yoast_head":"<!-- This site is optimized with the Yoast SEO plugin v27.5 - https:\/\/yoast.com\/product\/yoast-seo-wordpress\/ -->\n<title>Avis Ripaton - Mobilier Design Magazine<\/title>\n<meta name=\"robots\" content=\"index, follow, max-snippet:-1, max-image-preview:large, max-video-preview:-1\" \/>\n<link rel=\"canonical\" href=\"https:\/\/www.mobilier-design-occasion.fr\/magazine\/test-avis-sur-ripaton\/\" \/>\n<meta property=\"og:locale\" content=\"fr_FR\" \/>\n<meta property=\"og:type\" content=\"article\" \/>\n<meta property=\"og:title\" content=\"Avis Ripaton - Mobilier Design Magazine\" \/>\n<meta property=\"og:description\" content=\"Ripaton, une entreprise fran\u00e7aise Ripaton est une entreprise fran\u00e7aise, situ\u00e9e pr\u00e8s de Montpellier cr\u00e9\u00e9e en 2015 par Tom Million et Margot Ijssel. Leur volont\u00e9? Cr\u00e9er la premi\u00e8re marque fran\u00e7aise d\u00e9di\u00e9e aux pieds de table avec une \u00e9thique durable et engag\u00e9e. La start-up a commenc\u00e9 dans un petit atelier de 50m2 et s&#8217;est fait conna\u00eetre gr\u00e2ce [&hellip;]\" \/>\n<meta property=\"og:url\" content=\"https:\/\/www.mobilier-design-occasion.fr\/magazine\/test-avis-sur-ripaton\/\" \/>\n<meta property=\"og:site_name\" content=\"Mobilier Design Magazine\" \/>\n<meta property=\"article:publisher\" content=\"https:\/\/www.facebook.com\/mobilierdesignoccasion\" \/>\n<meta property=\"article:published_time\" content=\"2022-05-02T09:26:32+00:00\" \/>\n<meta property=\"article:modified_time\" content=\"2022-05-02T12:24:58+00:00\" \/>\n<meta property=\"og:image\" content=\"https:\/\/www.mobilier-design-occasion.fr\/magazine\/wp-content\/uploads\/2021\/10\/Capture45.png\" \/>\n\t<meta property=\"og:image:width\" content=\"688\" \/>\n\t<meta property=\"og:image:height\" content=\"727\" \/>\n\t<meta property=\"og:image:type\" content=\"image\/png\" \/>\n<meta name=\"author\" content=\"Cyrielle Poirot\" \/>\n<meta name=\"twitter:card\" content=\"summary_large_image\" \/>\n<meta name=\"twitter:label1\" content=\"\u00c9crit par\" \/>\n\t<meta name=\"twitter:data1\" content=\"Cyrielle Poirot\" \/>\n\t<meta name=\"twitter:label2\" content=\"Dur\u00e9e de lecture estim\u00e9e\" \/>\n\t<meta name=\"twitter:data2\" content=\"5 minutes\" \/>\n<script type=\"application\/ld+json\" class=\"yoast-schema-graph\">{\"@context\":\"https:\\\/\\\/schema.org\",\"@graph\":[{\"@type\":\"Article\",\"@id\":\"https:\\\/\\\/www.mobilier-design-occasion.fr\\\/magazine\\\/test-avis-sur-ripaton\\\/#article\",\"isPartOf\":{\"@id\":\"https:\\\/\\\/www.mobilier-design-occasion.fr\\\/magazine\\\/test-avis-sur-ripaton\\\/\"},\"author\":{\"name\":\"Cyrielle Poirot\",\"@id\":\"https:\\\/\\\/www.mobilier-design-occasion.fr\\\/magazine\\\/#\\\/schema\\\/person\\\/5b2e5627a714ddadaaf8c9b886c55eff\"},\"headline\":\"Avis Ripaton\",\"datePublished\":\"2022-05-02T09:26:32+00:00\",\"dateModified\":\"2022-05-02T12:24:58+00:00\",\"mainEntityOfPage\":{\"@id\":\"https:\\\/\\\/www.mobilier-design-occasion.fr\\\/magazine\\\/test-avis-sur-ripaton\\\/\"},\"wordCount\":1076,\"commentCount\":0,\"publisher\":{\"@id\":\"https:\\\/\\\/www.mobilier-design-occasion.fr\\\/magazine\\\/#organization\"},\"image\":{\"@id\":\"https:\\\/\\\/www.mobilier-design-occasion.fr\\\/magazine\\\/test-avis-sur-ripaton\\\/#primaryimage\"},\"thumbnailUrl\":\"https:\\\/\\\/www.mobilier-design-occasion.fr\\\/magazine\\\/wp-content\\\/uploads\\\/2021\\\/10\\\/Capture45.png\",\"articleSection\":[\"Avis marques d\u00e9co\"],\"inLanguage\":\"fr-FR\",\"potentialAction\":[{\"@type\":\"CommentAction\",\"name\":\"Comment\",\"target\":[\"https:\\\/\\\/www.mobilier-design-occasion.fr\\\/magazine\\\/test-avis-sur-ripaton\\\/#respond\"]}]},{\"@type\":\"WebPage\",\"@id\":\"https:\\\/\\\/www.mobilier-design-occasion.fr\\\/magazine\\\/test-avis-sur-ripaton\\\/\",\"url\":\"https:\\\/\\\/www.mobilier-design-occasion.fr\\\/magazine\\\/test-avis-sur-ripaton\\\/\",\"name\":\"Avis Ripaton - Mobilier Design Magazine\",\"isPartOf\":{\"@id\":\"https:\\\/\\\/www.mobilier-design-occasion.fr\\\/magazine\\\/#website\"},\"primaryImageOfPage\":{\"@id\":\"https:\\\/\\\/www.mobilier-design-occasion.fr\\\/magazine\\\/test-avis-sur-ripaton\\\/#primaryimage\"},\"image\":{\"@id\":\"https:\\\/\\\/www.mobilier-design-occasion.fr\\\/magazine\\\/test-avis-sur-ripaton\\\/#primaryimage\"},\"thumbnailUrl\":\"https:\\\/\\\/www.mobilier-design-occasion.fr\\\/magazine\\\/wp-content\\\/uploads\\\/2021\\\/10\\\/Capture45.png\",\"datePublished\":\"2022-05-02T09:26:32+00:00\",\"dateModified\":\"2022-05-02T12:24:58+00:00\",\"breadcrumb\":{\"@id\":\"https:\\\/\\\/www.mobilier-design-occasion.fr\\\/magazine\\\/test-avis-sur-ripaton\\\/#breadcrumb\"},\"inLanguage\":\"fr-FR\",\"potentialAction\":[{\"@type\":\"ReadAction\",\"target\":[\"https:\\\/\\\/www.mobilier-design-occasion.fr\\\/magazine\\\/test-avis-sur-ripaton\\\/\"]}]},{\"@type\":\"ImageObject\",\"inLanguage\":\"fr-FR\",\"@id\":\"https:\\\/\\\/www.mobilier-design-occasion.fr\\\/magazine\\\/test-avis-sur-ripaton\\\/#primaryimage\",\"url\":\"https:\\\/\\\/www.mobilier-design-occasion.fr\\\/magazine\\\/wp-content\\\/uploads\\\/2021\\\/10\\\/Capture45.png\",\"contentUrl\":\"https:\\\/\\\/www.mobilier-design-occasion.fr\\\/magazine\\\/wp-content\\\/uploads\\\/2021\\\/10\\\/Capture45.png\",\"width\":688,\"height\":727},{\"@type\":\"BreadcrumbList\",\"@id\":\"https:\\\/\\\/www.mobilier-design-occasion.fr\\\/magazine\\\/test-avis-sur-ripaton\\\/#breadcrumb\",\"itemListElement\":[{\"@type\":\"ListItem\",\"position\":1,\"name\":\"Accueil\",\"item\":\"https:\\\/\\\/www.mobilier-design-occasion.fr\\\/magazine\\\/\"},{\"@type\":\"ListItem\",\"position\":2,\"name\":\"Avis Ripaton\"}]},{\"@type\":\"WebSite\",\"@id\":\"https:\\\/\\\/www.mobilier-design-occasion.fr\\\/magazine\\\/#website\",\"url\":\"https:\\\/\\\/www.mobilier-design-occasion.fr\\\/magazine\\\/\",\"name\":\"Mobilier Design Magazine\",\"description\":\"\",\"publisher\":{\"@id\":\"https:\\\/\\\/www.mobilier-design-occasion.fr\\\/magazine\\\/#organization\"},\"potentialAction\":[{\"@type\":\"SearchAction\",\"target\":{\"@type\":\"EntryPoint\",\"urlTemplate\":\"https:\\\/\\\/www.mobilier-design-occasion.fr\\\/magazine\\\/?s={search_term_string}\"},\"query-input\":{\"@type\":\"PropertyValueSpecification\",\"valueRequired\":true,\"valueName\":\"search_term_string\"}}],\"inLanguage\":\"fr-FR\"},{\"@type\":\"Organization\",\"@id\":\"https:\\\/\\\/www.mobilier-design-occasion.fr\\\/magazine\\\/#organization\",\"name\":\"Mobilier Design Magazine\",\"url\":\"https:\\\/\\\/www.mobilier-design-occasion.fr\\\/magazine\\\/\",\"logo\":{\"@type\":\"ImageObject\",\"inLanguage\":\"fr-FR\",\"@id\":\"https:\\\/\\\/www.mobilier-design-occasion.fr\\\/magazine\\\/#\\\/schema\\\/logo\\\/image\\\/\",\"url\":\"https:\\\/\\\/www.mobilier-design-occasion.fr\\\/magazine\\\/wp-content\\\/uploads\\\/2024\\\/02\\\/android-chrome-192x192-1.png\",\"contentUrl\":\"https:\\\/\\\/www.mobilier-design-occasion.fr\\\/magazine\\\/wp-content\\\/uploads\\\/2024\\\/02\\\/android-chrome-192x192-1.png\",\"width\":192,\"height\":192,\"caption\":\"Mobilier Design Magazine\"},\"image\":{\"@id\":\"https:\\\/\\\/www.mobilier-design-occasion.fr\\\/magazine\\\/#\\\/schema\\\/logo\\\/image\\\/\"},\"sameAs\":[\"https:\\\/\\\/www.facebook.com\\\/mobilierdesignoccasion\"]},{\"@type\":\"Person\",\"@id\":\"https:\\\/\\\/www.mobilier-design-occasion.fr\\\/magazine\\\/#\\\/schema\\\/person\\\/5b2e5627a714ddadaaf8c9b886c55eff\",\"name\":\"Cyrielle Poirot\",\"image\":{\"@type\":\"ImageObject\",\"inLanguage\":\"fr-FR\",\"@id\":\"https:\\\/\\\/secure.gravatar.com\\\/avatar\\\/c8d2674e093b06894d8d1dc468b626bd752523471f3ac6e75f7c7a1400d40b4d?s=96&d=mm&r=g\",\"url\":\"https:\\\/\\\/secure.gravatar.com\\\/avatar\\\/c8d2674e093b06894d8d1dc468b626bd752523471f3ac6e75f7c7a1400d40b4d?s=96&d=mm&r=g\",\"contentUrl\":\"https:\\\/\\\/secure.gravatar.com\\\/avatar\\\/c8d2674e093b06894d8d1dc468b626bd752523471f3ac6e75f7c7a1400d40b4d?s=96&d=mm&r=g\",\"caption\":\"Cyrielle Poirot\"},\"description\":\"Cyrielle est passionn\u00e9e par la d\u00e9coration d'int\u00e9rieur et s'est sp\u00e9cialis\u00e9e depuis quelques ann\u00e9es dans l'\u00e9dition du site Mobilier-Design, avec une touche sp\u00e9cifique pour les produits d'occasion.\",\"sameAs\":[\"https:\\\/\\\/www.mobilier-design-occasion.fr\\\/magazine\"],\"url\":\"https:\\\/\\\/www.mobilier-design-occasion.fr\\\/magazine\\\/author\\\/cyrielle\\\/\"}]}<\/script>\n<!-- \/ Yoast SEO plugin. -->","yoast_head_json":{"title":"Avis Ripaton - Mobilier Design Magazine","robots":{"index":"index","follow":"follow","max-snippet":"max-snippet:-1","max-image-preview":"max-image-preview:large","max-video-preview":"max-video-preview:-1"},"canonical":"https:\/\/www.mobilier-design-occasion.fr\/magazine\/test-avis-sur-ripaton\/","og_locale":"fr_FR","og_type":"article","og_title":"Avis Ripaton - Mobilier Design Magazine","og_description":"Ripaton, une entreprise fran\u00e7aise Ripaton est une entreprise fran\u00e7aise, situ\u00e9e pr\u00e8s de Montpellier cr\u00e9\u00e9e en 2015 par Tom Million et Margot Ijssel. Leur volont\u00e9? Cr\u00e9er la premi\u00e8re marque fran\u00e7aise d\u00e9di\u00e9e aux pieds de table avec une \u00e9thique durable et engag\u00e9e. La start-up a commenc\u00e9 dans un petit atelier de 50m2 et s&#8217;est fait conna\u00eetre gr\u00e2ce [&hellip;]","og_url":"https:\/\/www.mobilier-design-occasion.fr\/magazine\/test-avis-sur-ripaton\/","og_site_name":"Mobilier Design Magazine","article_publisher":"https:\/\/www.facebook.com\/mobilierdesignoccasion","article_published_time":"2022-05-02T09:26:32+00:00","article_modified_time":"2022-05-02T12:24:58+00:00","og_image":[{"width":688,"height":727,"url":"https:\/\/www.mobilier-design-occasion.fr\/magazine\/wp-content\/uploads\/2021\/10\/Capture45.png","type":"image\/png"}],"author":"Cyrielle Poirot","twitter_card":"summary_large_image","twitter_misc":{"\u00c9crit par":"Cyrielle Poirot","Dur\u00e9e de lecture estim\u00e9e":"5 minutes"},"schema":{"@context":"https:\/\/schema.org","@graph":[{"@type":"Article","@id":"https:\/\/www.mobilier-design-occasion.fr\/magazine\/test-avis-sur-ripaton\/#article","isPartOf":{"@id":"https:\/\/www.mobilier-design-occasion.fr\/magazine\/test-avis-sur-ripaton\/"},"author":{"name":"Cyrielle Poirot","@id":"https:\/\/www.mobilier-design-occasion.fr\/magazine\/#\/schema\/person\/5b2e5627a714ddadaaf8c9b886c55eff"},"headline":"Avis Ripaton","datePublished":"2022-05-02T09:26:32+00:00","dateModified":"2022-05-02T12:24:58+00:00","mainEntityOfPage":{"@id":"https:\/\/www.mobilier-design-occasion.fr\/magazine\/test-avis-sur-ripaton\/"},"wordCount":1076,"commentCount":0,"publisher":{"@id":"https:\/\/www.mobilier-design-occasion.fr\/magazine\/#organization"},"image":{"@id":"https:\/\/www.mobilier-design-occasion.fr\/magazine\/test-avis-sur-ripaton\/#primaryimage"},"thumbnailUrl":"https:\/\/www.mobilier-design-occasion.fr\/magazine\/wp-content\/uploads\/2021\/10\/Capture45.png","articleSection":["Avis marques d\u00e9co"],"inLanguage":"fr-FR","potentialAction":[{"@type":"CommentAction","name":"Comment","target":["https:\/\/www.mobilier-design-occasion.fr\/magazine\/test-avis-sur-ripaton\/#respond"]}]},{"@type":"WebPage","@id":"https:\/\/www.mobilier-design-occasion.fr\/magazine\/test-avis-sur-ripaton\/","url":"https:\/\/www.mobilier-design-occasion.fr\/magazine\/test-avis-sur-ripaton\/","name":"Avis Ripaton - Mobilier Design Magazine","isPartOf":{"@id":"https:\/\/www.mobilier-design-occasion.fr\/magazine\/#website"},"primaryImageOfPage":{"@id":"https:\/\/www.mobilier-design-occasion.fr\/magazine\/test-avis-sur-ripaton\/#primaryimage"},"image":{"@id":"https:\/\/www.mobilier-design-occasion.fr\/magazine\/test-avis-sur-ripaton\/#primaryimage"},"thumbnailUrl":"https:\/\/www.mobilier-design-occasion.fr\/magazine\/wp-content\/uploads\/2021\/10\/Capture45.png","datePublished":"2022-05-02T09:26:32+00:00","dateModified":"2022-05-02T12:24:58+00:00","breadcrumb":{"@id":"https:\/\/www.mobilier-design-occasion.fr\/magazine\/test-avis-sur-ripaton\/#breadcrumb"},"inLanguage":"fr-FR","potentialAction":[{"@type":"ReadAction","target":["https:\/\/www.mobilier-design-occasion.fr\/magazine\/test-avis-sur-ripaton\/"]}]},{"@type":"ImageObject","inLanguage":"fr-FR","@id":"https:\/\/www.mobilier-design-occasion.fr\/magazine\/test-avis-sur-ripaton\/#primaryimage","url":"https:\/\/www.mobilier-design-occasion.fr\/magazine\/wp-content\/uploads\/2021\/10\/Capture45.png","contentUrl":"https:\/\/www.mobilier-design-occasion.fr\/magazine\/wp-content\/uploads\/2021\/10\/Capture45.png","width":688,"height":727},{"@type":"BreadcrumbList","@id":"https:\/\/www.mobilier-design-occasion.fr\/magazine\/test-avis-sur-ripaton\/#breadcrumb","itemListElement":[{"@type":"ListItem","position":1,"name":"Accueil","item":"https:\/\/www.mobilier-design-occasion.fr\/magazine\/"},{"@type":"ListItem","position":2,"name":"Avis Ripaton"}]},{"@type":"WebSite","@id":"https:\/\/www.mobilier-design-occasion.fr\/magazine\/#website","url":"https:\/\/www.mobilier-design-occasion.fr\/magazine\/","name":"Mobilier Design Magazine","description":"","publisher":{"@id":"https:\/\/www.mobilier-design-occasion.fr\/magazine\/#organization"},"potentialAction":[{"@type":"SearchAction","target":{"@type":"EntryPoint","urlTemplate":"https:\/\/www.mobilier-design-occasion.fr\/magazine\/?s={search_term_string}"},"query-input":{"@type":"PropertyValueSpecification","valueRequired":true,"valueName":"search_term_string"}}],"inLanguage":"fr-FR"},{"@type":"Organization","@id":"https:\/\/www.mobilier-design-occasion.fr\/magazine\/#organization","name":"Mobilier Design Magazine","url":"https:\/\/www.mobilier-design-occasion.fr\/magazine\/","logo":{"@type":"ImageObject","inLanguage":"fr-FR","@id":"https:\/\/www.mobilier-design-occasion.fr\/magazine\/#\/schema\/logo\/image\/","url":"https:\/\/www.mobilier-design-occasion.fr\/magazine\/wp-content\/uploads\/2024\/02\/android-chrome-192x192-1.png","contentUrl":"https:\/\/www.mobilier-design-occasion.fr\/magazine\/wp-content\/uploads\/2024\/02\/android-chrome-192x192-1.png","width":192,"height":192,"caption":"Mobilier Design Magazine"},"image":{"@id":"https:\/\/www.mobilier-design-occasion.fr\/magazine\/#\/schema\/logo\/image\/"},"sameAs":["https:\/\/www.facebook.com\/mobilierdesignoccasion"]},{"@type":"Person","@id":"https:\/\/www.mobilier-design-occasion.fr\/magazine\/#\/schema\/person\/5b2e5627a714ddadaaf8c9b886c55eff","name":"Cyrielle Poirot","image":{"@type":"ImageObject","inLanguage":"fr-FR","@id":"https:\/\/secure.gravatar.com\/avatar\/c8d2674e093b06894d8d1dc468b626bd752523471f3ac6e75f7c7a1400d40b4d?s=96&d=mm&r=g","url":"https:\/\/secure.gravatar.com\/avatar\/c8d2674e093b06894d8d1dc468b626bd752523471f3ac6e75f7c7a1400d40b4d?s=96&d=mm&r=g","contentUrl":"https:\/\/secure.gravatar.com\/avatar\/c8d2674e093b06894d8d1dc468b626bd752523471f3ac6e75f7c7a1400d40b4d?s=96&d=mm&r=g","caption":"Cyrielle Poirot"},"description":"Cyrielle est passionn\u00e9e par la d\u00e9coration d'int\u00e9rieur et s'est sp\u00e9cialis\u00e9e depuis quelques ann\u00e9es dans l'\u00e9dition du site Mobilier-Design, avec une touche sp\u00e9cifique pour les produits d'occasion.","sameAs":["https:\/\/www.mobilier-design-occasion.fr\/magazine"],"url":"https:\/\/www.mobilier-design-occasion.fr\/magazine\/author\/cyrielle\/"}]}},"_links":{"self":[{"href":"https:\/\/www.mobilier-design-occasion.fr\/magazine\/wp-json\/wp\/v2\/posts\/3145","targetHints":{"allow":["GET"]}}],"collection":[{"href":"https:\/\/www.mobilier-design-occasion.fr\/magazine\/wp-json\/wp\/v2\/posts"}],"about":[{"href":"https:\/\/www.mobilier-design-occasion.fr\/magazine\/wp-json\/wp\/v2\/types\/post"}],"author":[{"embeddable":true,"href":"https:\/\/www.mobilier-design-occasion.fr\/magazine\/wp-json\/wp\/v2\/users\/1"}],"replies":[{"embeddable":true,"href":"https:\/\/www.mobilier-design-occasion.fr\/magazine\/wp-json\/wp\/v2\/comments?post=3145"}],"version-history":[{"count":16,"href":"https:\/\/www.mobilier-design-occasion.fr\/magazine\/wp-json\/wp\/v2\/posts\/3145\/revisions"}],"predecessor-version":[{"id":4311,"href":"https:\/\/www.mobilier-design-occasion.fr\/magazine\/wp-json\/wp\/v2\/posts\/3145\/revisions\/4311"}],"wp:featuredmedia":[{"embeddable":true,"href":"https:\/\/www.mobilier-design-occasion.fr\/magazine\/wp-json\/wp\/v2\/media\/4296"}],"wp:attachment":[{"href":"https:\/\/www.mobilier-design-occasion.fr\/magazine\/wp-json\/wp\/v2\/media?parent=3145"}],"wp:term":[{"taxonomy":"category","embeddable":true,"href":"https:\/\/www.mobilier-design-occasion.fr\/magazine\/wp-json\/wp\/v2\/categories?post=3145"},{"taxonomy":"post_tag","embeddable":true,"href":"https:\/\/www.mobilier-design-occasion.fr\/magazine\/wp-json\/wp\/v2\/tags?post=3145"}],"curies":[{"name":"wp","href":"https:\/\/api.w.org\/{rel}","templated":true}]}}