{"id":314,"date":"2021-03-03T16:04:30","date_gmt":"2021-03-03T16:04:30","guid":{"rendered":"https:\/\/www.mobilier-design-occasion.fr\/magazine\/?p=314"},"modified":"2023-09-25T13:39:50","modified_gmt":"2023-09-25T13:39:50","slug":"verner-panton-le-designer-danois-a-lame-pop-fete-les-50-ans-de-sa-lampe-panthella","status":"publish","type":"post","link":"https:\/\/www.mobilier-design-occasion.fr\/magazine\/verner-panton-le-designer-danois-a-lame-pop-fete-les-50-ans-de-sa-lampe-panthella\/","title":{"rendered":"Verner Panton: le designer danois \u00e0 l&#8217;\u00e2me pop f\u00eate les 50 ans de sa lampe &#8220;Panthella&#8221;"},"content":{"rendered":"\n<p><\/p>\n\n\n\n<p><\/p>\n\n\n\n<p>Comme tout visionnaire tenace, <a href=\"https:\/\/www.mobilier-design-occasion.fr\/designer\/verner-panton.html\">Verner Panton<\/a>, le designer danois du si\u00e8cle dernier, avait fait sienne la devise de Walt Disney &#8220;Si tu peux en r\u00eaver, tu peux le faire&#8221;. Panton (1926-1998), n\u00e9 et \u00e9lev\u00e9 au Danemark, alors occup\u00e9 par les troupes allemandes, est toujours consid\u00e9r\u00e9 comme un <strong>artiste hors du commun<\/strong>. Ou plut\u00f4t, un designer nordique qui \u00e9tait tout sauf minimal.<\/p>\n\n\n\n<p>Les ann\u00e9es 60 et 70 avaient impos\u00e9 au march\u00e9 et au go\u00fbt commun une gamme chromatique audacieuse et vibrante qui a d\u00e9vers\u00e9 des vagues de couleurs intenses dans la mode, la production industrielle et l&#8217;ameublement.<\/p>\n\n\n\n<p>Verner Panton \u00e9tait justement cela : <strong>un architecte visionnaire<\/strong> et <strong>novateur<\/strong> de cette r\u00e9volution de l&#8217;esth\u00e9tique et de la pens\u00e9e. Ses \u0153uvres sont l&#8217;exception qui confirme la r\u00e8gle, une exception \u00e0 ce qui, dans l&#8217;esprit et dans l&#8217;imaginaire commun, est qualifi\u00e9 de <a href=\"https:\/\/www.mobilier-design-occasion.fr\/magazine\/table-tulipe-knoll-indemodable-du-design\/\">design<\/a> nordique : le fameux &#8220;Less is more&#8221;.<\/p>\n\n\n\n<p><\/p>\n\n\n\n<p>En 1963, il s&#8217;installe \u00e0 B\u00e2le avec Marianne Person-Oertenheim, sa future \u00e9pouse, o\u00f9 il entame une collaboration stimulante et durable avec <strong>Vitra<\/strong>. Au cours de ces ann\u00e9es, ses collaborations et les champs d&#8217;application de ses projets se sont multipli\u00e9s : les collections color\u00e9es de tissus et de <a href=\"https:\/\/www.mobilier-design-occasion.fr\/magazine\/pourquoi-adopter-un-tapis-en-jute-dans-son-salon\/\">tapis<\/a> pour Mira-X, les premi\u00e8res <strong>lampes Shell<\/strong> qui ont suscit\u00e9 un grand int\u00e9r\u00eat au salon du meuble de Cologne, suivies des lampes \u00e0 boule, des lampes \u00e0 spirale et de nombreuses autres lampes encore en production.<\/p>\n\n\n\n<p><\/p>\n\n\n\n<p><\/p>\n\n\n\n<h2 class=\"wp-block-heading\"><span class=\"ez-toc-section\" id=\"La_lampe_Panthella_loeuvre_dart\"><\/span>La lampe Panthella: l&#8217;oeuvre d&#8217;art<span class=\"ez-toc-section-end\"><\/span><\/h2><div id=\"ez-toc-container\" class=\"ez-toc-v2_0_82_2 counter-hierarchy ez-toc-counter ez-toc-grey ez-toc-container-direction\">\n<div class=\"ez-toc-title-container\">\n<span class=\"ez-toc-title-toggle\"><a href=\"#\" class=\"ez-toc-pull-right ez-toc-btn ez-toc-btn-xs ez-toc-btn-default ez-toc-toggle\" aria-label=\"Toggle Table of Content\"><span class=\"ez-toc-js-icon-con\"><span class=\"\"><span class=\"eztoc-hide\" style=\"display:none;\">Toggle<\/span><span class=\"ez-toc-icon-toggle-span\"><svg style=\"fill: #999;color:#999\" xmlns=\"http:\/\/www.w3.org\/2000\/svg\" class=\"list-377408\" width=\"20px\" height=\"20px\" viewBox=\"0 0 24 24\" fill=\"none\"><path d=\"M6 6H4v2h2V6zm14 0H8v2h12V6zM4 11h2v2H4v-2zm16 0H8v2h12v-2zM4 16h2v2H4v-2zm16 0H8v2h12v-2z\" fill=\"currentColor\"><\/path><\/svg><svg style=\"fill: #999;color:#999\" class=\"arrow-unsorted-368013\" xmlns=\"http:\/\/www.w3.org\/2000\/svg\" width=\"10px\" height=\"10px\" viewBox=\"0 0 24 24\" version=\"1.2\" baseProfile=\"tiny\"><path d=\"M18.2 9.3l-6.2-6.3-6.2 6.3c-.2.2-.3.4-.3.7s.1.5.3.7c.2.2.4.3.7.3h11c.3 0 .5-.1.7-.3.2-.2.3-.5.3-.7s-.1-.5-.3-.7zM5.8 14.7l6.2 6.3 6.2-6.3c.2-.2.3-.5.3-.7s-.1-.5-.3-.7c-.2-.2-.4-.3-.7-.3h-11c-.3 0-.5.1-.7.3-.2.2-.3.5-.3.7s.1.5.3.7z\"\/><\/svg><\/span><\/span><\/span><\/a><\/span><\/div>\n<nav><ul class='ez-toc-list ez-toc-list-level-1 eztoc-toggle-hide-by-default' ><li class='ez-toc-page-1 ez-toc-heading-level-2'><a class=\"ez-toc-link ez-toc-heading-1\" href=\"https:\/\/www.mobilier-design-occasion.fr\/magazine\/verner-panton-le-designer-danois-a-lame-pop-fete-les-50-ans-de-sa-lampe-panthella\/#La_lampe_Panthella_loeuvre_dart\" >La lampe Panthella: l&#8217;oeuvre d&#8217;art<\/a><\/li><li class='ez-toc-page-1 ez-toc-heading-level-2'><a class=\"ez-toc-link ez-toc-heading-2\" href=\"https:\/\/www.mobilier-design-occasion.fr\/magazine\/verner-panton-le-designer-danois-a-lame-pop-fete-les-50-ans-de-sa-lampe-panthella\/#Les_premieres_experiences_Pop\" >Les premi\u00e8res exp\u00e9riences Pop<\/a><\/li><li class='ez-toc-page-1 ez-toc-heading-level-2'><a class=\"ez-toc-link ez-toc-heading-3\" href=\"https:\/\/www.mobilier-design-occasion.fr\/magazine\/verner-panton-le-designer-danois-a-lame-pop-fete-les-50-ans-de-sa-lampe-panthella\/#Le_principe_du_%E2%80%9CTotal_Environment%E2%80%9D\" >Le principe du &#8220;Total Environment&#8221;<\/a><\/li><li class='ez-toc-page-1 ez-toc-heading-level-2'><a class=\"ez-toc-link ez-toc-heading-4\" href=\"https:\/\/www.mobilier-design-occasion.fr\/magazine\/verner-panton-le-designer-danois-a-lame-pop-fete-les-50-ans-de-sa-lampe-panthella\/#La_couleur_comme_unicite\" >La couleur comme unicit\u00e9<\/a><\/li><li class='ez-toc-page-1 ez-toc-heading-level-2'><a class=\"ez-toc-link ez-toc-heading-5\" href=\"https:\/\/www.mobilier-design-occasion.fr\/magazine\/verner-panton-le-designer-danois-a-lame-pop-fete-les-50-ans-de-sa-lampe-panthella\/#Une_fascination_pour_les_nouvelles_technologies\" >Une fascination pour les nouvelles technologies<\/a><\/li><\/ul><\/nav><\/div>\n\n\n\n\n<p><\/p>\n\n\n\n<p>Parmi toutes les cr\u00e9ations lumineuses de Verner Panton c&#8217;est  <strong>la Panthella<\/strong> qui remporte le plus grand succ\u00e8s \u00e0 travers les d\u00e9cennies. Celle qui <a href=\"https:\/\/www.mobilier-design-occasion.fr\/magazine\/collection-fete-des-meres-my-jolie-candle\/\">f\u00eate<\/a> ses 50 ans cette ann\u00e9e, est une v\u00e9ritable \u0153uvre d&#8217;art. Aussi belle \u00e9teinte qu&#8217;allum\u00e9e, le plus n\u00e9ophyte en mati\u00e8re design peut la reconna\u00eetre au premier coup d&#8217;\u0153il. <\/p>\n\n\n\n<p>Sa particularit\u00e9&nbsp;? Un abat-jour arrondi en acrylique opalis\u00e9 qui \u00e9met une lumi\u00e8re douce et diffuse en direction de son pi\u00e9tement. Ainsi, une fois le luminaire allum\u00e9, sa base devient aussi r\u00e9flecteur, pour ne former qu\u2019un avec le globe. Forte de son succ\u00e8s la lampe Panthella a \u00e9t\u00e9 \u00e9dit\u00e9e en diff\u00e9rentes tailles: lampe sur pied, lampe de table, lampe baladeuse etc&#8230;<\/p>\n\n\n\n<p>C&#8217;est donc \u00e0 l&#8217;occasion de son demi-si\u00e8cle que  <strong><a href=\"https:\/\/www.mobilier-design-occasion.fr\/editeur\/louis-poulsen.html\">Louis Poulsen<\/a><\/strong> \u00e9dite la lampe en un nouveau format et en version m\u00e9tallis\u00e9e. Sur les r\u00e9seaux sociaux on ne parle que d&#8217;elle depuis quelques semaines, le succ\u00e8s s&#8217;annonce d&#8217;ores et d\u00e9j\u00e0 retentissant!<\/p>\n\n\n\n<p><\/p>\n\n\n\n<p><\/p>\n\n\n\n<figure class=\"wp-block-image size-large\"><img loading=\"lazy\" decoding=\"async\" width=\"720\" height=\"720\" src=\"https:\/\/www.mobilier-design-occasion.fr\/magazine\/wp-content\/uploads\/2021\/03\/Louis-Poulsen-Panthella-Mini.jpg\" alt=\"\" class=\"wp-image-324\" srcset=\"https:\/\/www.mobilier-design-occasion.fr\/magazine\/wp-content\/uploads\/2021\/03\/Louis-Poulsen-Panthella-Mini.jpg 720w, https:\/\/www.mobilier-design-occasion.fr\/magazine\/wp-content\/uploads\/2021\/03\/Louis-Poulsen-Panthella-Mini-300x300.jpg 300w, https:\/\/www.mobilier-design-occasion.fr\/magazine\/wp-content\/uploads\/2021\/03\/Louis-Poulsen-Panthella-Mini-150x150.jpg 150w\" sizes=\"auto, (max-width: 720px) 100vw, 720px\" \/><figcaption>Panthella Mini Lampe de table &#8211; Louis Poulsen<\/figcaption><\/figure>\n\n\n\n<p><\/p>\n\n\n\n<p><\/p>\n\n\n\n<p><\/p>\n\n\n\n<h2 class=\"wp-block-heading\"><span class=\"ez-toc-section\" id=\"Les_premieres_experiences_Pop\"><\/span>Les premi\u00e8res exp\u00e9riences Pop<span class=\"ez-toc-section-end\"><\/span><\/h2>\n\n\n\n<p><\/p>\n\n\n\n<p>Une utilisation audacieuse et habile de la couleur, des atmosph\u00e8res psych\u00e9d\u00e9liques et des formes fluides impr\u00e9visibles. Il attendait juste la bonne <a href=\"https:\/\/www.mobilier-design-occasion.fr\/magazine\/le-canape-togo-doccasion\/\">occasion<\/a> pour r\u00e9aliser, en r\u00e9alit\u00e9, le mat\u00e9riel qu&#8217;il avait d\u00e9j\u00e0 imagin\u00e9 dans son esprit, comme les prototypes des <strong>Flying Chairs<\/strong> de 1963\/1964 suspendus au plafond et r\u00e9glables en hauteur. Qui aurait pu imaginer que ce serait une grande soci\u00e9t\u00e9 chimico-pharmaceutique qui lui donnerait cette chance ?<\/p>\n\n\n\n<p><br>En 1968, Bayer, dans le but de promouvoir l&#8217;utilisation de certains mat\u00e9riaux synth\u00e9tiques connus dans l&#8217;ameublement, a demand\u00e9 au designer Panton de transformer un bateau flottant sur le Rhin en une installation-manifeste qui fonctionnerait comme une salle d&#8217;exposition temporaire pendant le Salon du meuble de Cologne.<\/p>\n\n\n\n<p>Visiona 0 et Visiona 2 sont n\u00e9s (en 1968 et 1970) : deux paysages fantastiques (r\u00e9alis\u00e9s avec la fibre synth\u00e9tique Dralon) capables de projeter les visiteurs dans une dimension onirique inattendue qui raconte le potentiel d&#8217;un mat\u00e9riau pouvant \u00eatre utilis\u00e9 dans la d\u00e9coration int\u00e9rieure.<\/p>\n\n\n\n<p>Plut\u00f4t que de s\u00e9parer les pi\u00e8ces du <a href=\"https:\/\/www.mobilier-design-occasion.fr\/magazine\/test-avis-sur-la-redoute-interieurs-am-pm\/\">mobilier<\/a>, Panton d\u00e9veloppe un int\u00e9rieur domestique compos\u00e9 <strong>d&#8217;\u00e9l\u00e9ments rembourr\u00e9s color\u00e9s<\/strong> qui refl\u00e8tent l&#8217;attitude informelle de l&#8217;\u00e9poque \u00e0 l&#8217;\u00e9gard du th\u00e8me de la vie. L&#8217;\u00e9l\u00e9ment central de <strong>Visiona 2<\/strong> est une sorte de grotte compos\u00e9e de formes organiques et de couleurs vives, dont une reproduction fid\u00e8le a \u00e9t\u00e9 r\u00e9alis\u00e9e pour l&#8217;exposition du <strong>Vitra Design Museum<\/strong> de 2014.<\/p>\n\n\n\n<p>C&#8217;est de l\u00e0 que le designer danois a commenc\u00e9 sa carri\u00e8re. Les exemples les plus marquants sont la conception des int\u00e9rieurs du si\u00e8ge du journal allemand Der Spiegel en 1969 et du restaurant Varna \u00e0 Arhus \u00e0 Damimarca en 1971.<\/p>\n\n\n\n<p><\/p>\n\n\n\n<p><\/p>\n\n\n\n<h2 class=\"wp-block-heading\"><span class=\"ez-toc-section\" id=\"Le_principe_du_%E2%80%9CTotal_Environment%E2%80%9D\"><\/span>Le principe du &#8220;Total Environment&#8221;<span class=\"ez-toc-section-end\"><\/span><\/h2>\n\n\n\n<p><\/p>\n\n\n\n<p><br>Le directeur de la maison d&#8217;\u00e9dition de l&#8217;\u00e9poque a demand\u00e9 \u00e0 <a href=\"https:\/\/www.mobilier-design-occasion.fr\/designer\/verner-panton.html\">Verner Panton<\/a> de concevoir enti\u00e8rement le grand hall et la cour \u00e0 l&#8217;entr\u00e9e du nouveau b\u00e2timent du si\u00e8ge allemand, la cantine et le bar, la piscine des employ\u00e9s au sous-sol, ainsi que les salles de conf\u00e9rence et les salons au premier \u00e9tage. En outre, pour assurer la coh\u00e9rence avec les \u00e9tages sup\u00e9rieurs, il lui a \u00e9galement \u00e9t\u00e9 demand\u00e9 de concevoir les palettes de couleurs des couloirs des principaux bureaux, diff\u00e9renci\u00e9es pour chacun des \u00e9tages.<\/p>\n\n\n\n<p>La coh\u00e9rence \u00e0 360\u00b0 du projet \u00e9tait en fait un objectif central dans la pens\u00e9e et la mani\u00e8re de concevoir du designer danois (Total Environment). Dans les espaces qui lui sont confi\u00e9s, Panton s&#8217;occupe en effet non seulement de <strong>l&#8217;am\u00e9nagement des espaces<\/strong>, mais aussi de <strong>100% du mobilier<\/strong>, des <strong>lampes<\/strong> aux tissus, des <strong>si\u00e8ges <\/strong>rembourr\u00e9s aux panneaux modulaires pour recouvrir les murs et les plafonds.<\/p>\n\n\n\n<p>\u00c9videmment, destin commun de nombreux projets <strong>visionnaires<\/strong> et <strong>futuristes<\/strong>, ces int\u00e9rieurs d&#8217;avant-garde de Verner Panton ont \u00e9galement d\u00fb faire face \u00e0 un certain nombre de difficult\u00e9s pour \u00eatre accept\u00e9s, tout d&#8217;abord par les journalistes qui travaillaient dans le b\u00e2timent, mais aussi par les contemporains de l&#8217;\u00e9poque.<\/p>\n\n\n\n<p><\/p>\n\n\n\n<h2 class=\"wp-block-heading\"><span class=\"ez-toc-section\" id=\"La_couleur_comme_unicite\"><\/span>La couleur comme unicit\u00e9<span class=\"ez-toc-section-end\"><\/span><\/h2>\n\n\n\n<p><br>Sa capacit\u00e9 naturelle \u00e0 combiner des couleurs pures et intenses a \u00e9galement \u00e9t\u00e9 utilis\u00e9e dans les int\u00e9rieurs du palais de Varna. Ici, tous les \u00e9l\u00e9ments du projet ont \u00e9t\u00e9 con\u00e7us et combin\u00e9s par Panton pour g\u00e9n\u00e9rer, d&#8217;une part, l&#8217;effet d&#8217;une immersion totale dans un monde unifi\u00e9 et fantastique, et d&#8217;autre part, pour caract\u00e9riser chaque pi\u00e8ce de mani\u00e8re unique.<\/p>\n\n\n\n<p>Suivant cette logique, la salle principale du restaurant \u00e9tait domin\u00e9e par une couleur <strong>violet intense<\/strong>, marqu\u00e9e par les volumes sph\u00e9riques <strong>orange <\/strong>et <strong>bleu <\/strong>du plafond et \u00e9clair\u00e9e par les reflets m\u00e9talliques des lampes Spiral et des chaises <strong>Pantonova <\/strong>chrom\u00e9es (Fritz Hansen), tandis que la salle ronde (\u00e9galement appel\u00e9e Salle rouge) \u00e9tait domin\u00e9e par un <strong>rouge primair<\/strong>e de chaque \u00e9l\u00e9ment &#8211; rideaux, luminaires, sols, plafonds, tables et chaises &#8211; et accentu\u00e9e par la lumi\u00e8re chaude r\u00e9fl\u00e9chie des suspensions <strong>Flowerpot <\/strong>suspendues au plafond.<\/p>\n\n\n\n<p><\/p>\n\n\n\n<h2 class=\"wp-block-heading\"><span class=\"ez-toc-section\" id=\"Une_fascination_pour_les_nouvelles_technologies\"><\/span>Une fascination pour les nouvelles technologies<span class=\"ez-toc-section-end\"><\/span><\/h2>\n\n\n\n<p><br>Panton \u00e9tait fascin\u00e9 par les technologies modernes qui apparaissaient \u00e0 l&#8217;\u00e9poque sur la sc\u00e8ne de la production, \u00e9largissant les possibilit\u00e9s de l&#8217;industrie du meuble et des nouveaux mat\u00e9riaux. Pas seulement de l&#8217;espace \u00e0 occuper et \u00e0 transformer, mais des objets \u00e0 cr\u00e9er, toujours \u00e0 partir de la mati\u00e8re premi\u00e8re. Il a commenc\u00e9 par le plastique, avec lequel il voulait cr\u00e9er <strong><a href=\"https:\/\/www.mobilier-design-occasion.fr\/designer\/verner-panton.html\">la premi\u00e8re chaise<\/a><\/strong> coul\u00e9e et moul\u00e9e <strong>d&#8217;une seule pi\u00e8ce.<\/strong><\/p>\n\n\n\n<p>Sa carri\u00e8re de <strong>designer<\/strong> industriel est marqu\u00e9e par une date importante : 1960. L&#8217;ann\u00e9e o\u00f9 il a con\u00e7u la s\u00e9rie de chaises <strong>Stacking <\/strong>produites par moulage par injection. Ce projet fondamental se transformera ensuite en S-Chair, puis en la c\u00e9l\u00e8bre <strong>Panton Chair<\/strong> (photo ci-dessus), qui sera produite par Vitra en 1967 et qui reste, encore aujourd&#8217;hui, l&#8217;une des pi\u00e8ces de design les plus aim\u00e9es et les plus connues de tous les temps.<\/p>\n\n\n\n<p><\/p>\n\n\n\n<figure class=\"wp-block-image size-large\"><img loading=\"lazy\" decoding=\"async\" width=\"1024\" height=\"1024\" src=\"https:\/\/www.mobilier-design-occasion.fr\/magazine\/wp-content\/uploads\/2021\/03\/PantonChair_Vitra-1024x1024.jpg\" alt=\"\" class=\"wp-image-318\" srcset=\"https:\/\/www.mobilier-design-occasion.fr\/magazine\/wp-content\/uploads\/2021\/03\/PantonChair_Vitra-1024x1024.jpg 1024w, https:\/\/www.mobilier-design-occasion.fr\/magazine\/wp-content\/uploads\/2021\/03\/PantonChair_Vitra-300x300.jpg 300w, https:\/\/www.mobilier-design-occasion.fr\/magazine\/wp-content\/uploads\/2021\/03\/PantonChair_Vitra-150x150.jpg 150w, https:\/\/www.mobilier-design-occasion.fr\/magazine\/wp-content\/uploads\/2021\/03\/PantonChair_Vitra-768x768.jpg 768w, https:\/\/www.mobilier-design-occasion.fr\/magazine\/wp-content\/uploads\/2021\/03\/PantonChair_Vitra-810x810.jpg 810w, https:\/\/www.mobilier-design-occasion.fr\/magazine\/wp-content\/uploads\/2021\/03\/PantonChair_Vitra-1140x1140.jpg 1140w, https:\/\/www.mobilier-design-occasion.fr\/magazine\/wp-content\/uploads\/2021\/03\/PantonChair_Vitra.jpg 1440w\" sizes=\"auto, (max-width: 1024px) 100vw, 1024px\" \/><figcaption>Panton Chair by Verner Panton &#8211; Credit Photo Vitra<\/figcaption><\/figure>\n\n\n\n<p><\/p>\n\n\n\n<p><\/p>\n\n\n\n<h2 class=\"wp-block-heading\"><\/h2>\n\n\n\n<p><\/p>\n\n\n\n<p><\/p>\n","protected":false},"excerpt":{"rendered":"<p>L&#8217;histoire d&#8217;un Scandinave surdou\u00e9 qui a utilis\u00e9 la 3D, la couleur, les formes fluides et les nouveaux mat\u00e9riaux pour transformer les espaces et le design.<\/p>\n","protected":false},"author":1,"featured_media":320,"comment_status":"open","ping_status":"open","sticky":false,"template":"","format":"standard","meta":{"footnotes":""},"categories":[2],"tags":[],"class_list":["post-314","post","type-post","status-publish","format-standard","has-post-thumbnail","hentry","category-tendances"],"yoast_head":"<!-- This site is optimized with the Yoast SEO plugin v27.5 - https:\/\/yoast.com\/product\/yoast-seo-wordpress\/ -->\n<title>Verner Panton: le designer danois \u00e0 l&#039;\u00e2me pop f\u00eate les 50 ans de sa lampe &quot;Panthella&quot; - Mobilier Design Magazine<\/title>\n<meta name=\"robots\" content=\"index, follow, max-snippet:-1, max-image-preview:large, max-video-preview:-1\" \/>\n<link rel=\"canonical\" href=\"https:\/\/www.mobilier-design-occasion.fr\/magazine\/verner-panton-le-designer-danois-a-lame-pop-fete-les-50-ans-de-sa-lampe-panthella\/\" \/>\n<meta property=\"og:locale\" content=\"fr_FR\" \/>\n<meta property=\"og:type\" content=\"article\" \/>\n<meta property=\"og:title\" content=\"Verner Panton: le designer danois \u00e0 l&#039;\u00e2me pop f\u00eate les 50 ans de sa lampe &quot;Panthella&quot; - Mobilier Design Magazine\" \/>\n<meta property=\"og:description\" content=\"L&#039;histoire d&#039;un Scandinave surdou\u00e9 qui a utilis\u00e9 la 3D, la couleur, les formes fluides et les nouveaux mat\u00e9riaux pour transformer les espaces et le design.\" \/>\n<meta property=\"og:url\" content=\"https:\/\/www.mobilier-design-occasion.fr\/magazine\/verner-panton-le-designer-danois-a-lame-pop-fete-les-50-ans-de-sa-lampe-panthella\/\" \/>\n<meta property=\"og:site_name\" content=\"Mobilier Design Magazine\" \/>\n<meta property=\"article:publisher\" content=\"https:\/\/www.facebook.com\/mobilierdesignoccasion\" \/>\n<meta property=\"article:published_time\" content=\"2021-03-03T16:04:30+00:00\" \/>\n<meta property=\"article:modified_time\" content=\"2023-09-25T13:39:50+00:00\" \/>\n<meta property=\"og:image\" content=\"https:\/\/www.mobilier-design-occasion.fr\/magazine\/wp-content\/uploads\/2021\/03\/Louis-Poulsen-Ambiente-Panthella-1.jpg\" \/>\n\t<meta property=\"og:image:width\" content=\"720\" \/>\n\t<meta property=\"og:image:height\" content=\"720\" \/>\n\t<meta property=\"og:image:type\" content=\"image\/jpeg\" \/>\n<meta name=\"author\" content=\"Cyrielle Poirot\" \/>\n<meta name=\"twitter:card\" content=\"summary_large_image\" \/>\n<meta name=\"twitter:label1\" content=\"\u00c9crit par\" \/>\n\t<meta name=\"twitter:data1\" content=\"Cyrielle Poirot\" \/>\n\t<meta name=\"twitter:label2\" content=\"Dur\u00e9e de lecture estim\u00e9e\" \/>\n\t<meta name=\"twitter:data2\" content=\"6 minutes\" \/>\n<script type=\"application\/ld+json\" class=\"yoast-schema-graph\">{\"@context\":\"https:\\\/\\\/schema.org\",\"@graph\":[{\"@type\":\"Article\",\"@id\":\"https:\\\/\\\/www.mobilier-design-occasion.fr\\\/magazine\\\/verner-panton-le-designer-danois-a-lame-pop-fete-les-50-ans-de-sa-lampe-panthella\\\/#article\",\"isPartOf\":{\"@id\":\"https:\\\/\\\/www.mobilier-design-occasion.fr\\\/magazine\\\/verner-panton-le-designer-danois-a-lame-pop-fete-les-50-ans-de-sa-lampe-panthella\\\/\"},\"author\":{\"name\":\"Cyrielle Poirot\",\"@id\":\"https:\\\/\\\/www.mobilier-design-occasion.fr\\\/magazine\\\/#\\\/schema\\\/person\\\/5b2e5627a714ddadaaf8c9b886c55eff\"},\"headline\":\"Verner Panton: le designer danois \u00e0 l&#8217;\u00e2me pop f\u00eate les 50 ans de sa lampe &#8220;Panthella&#8221;\",\"datePublished\":\"2021-03-03T16:04:30+00:00\",\"dateModified\":\"2023-09-25T13:39:50+00:00\",\"mainEntityOfPage\":{\"@id\":\"https:\\\/\\\/www.mobilier-design-occasion.fr\\\/magazine\\\/verner-panton-le-designer-danois-a-lame-pop-fete-les-50-ans-de-sa-lampe-panthella\\\/\"},\"wordCount\":1324,\"commentCount\":0,\"publisher\":{\"@id\":\"https:\\\/\\\/www.mobilier-design-occasion.fr\\\/magazine\\\/#organization\"},\"image\":{\"@id\":\"https:\\\/\\\/www.mobilier-design-occasion.fr\\\/magazine\\\/verner-panton-le-designer-danois-a-lame-pop-fete-les-50-ans-de-sa-lampe-panthella\\\/#primaryimage\"},\"thumbnailUrl\":\"https:\\\/\\\/www.mobilier-design-occasion.fr\\\/magazine\\\/wp-content\\\/uploads\\\/2021\\\/03\\\/Louis-Poulsen-Ambiente-Panthella-1.jpg\",\"articleSection\":[\"Tendances\"],\"inLanguage\":\"fr-FR\",\"potentialAction\":[{\"@type\":\"CommentAction\",\"name\":\"Comment\",\"target\":[\"https:\\\/\\\/www.mobilier-design-occasion.fr\\\/magazine\\\/verner-panton-le-designer-danois-a-lame-pop-fete-les-50-ans-de-sa-lampe-panthella\\\/#respond\"]}]},{\"@type\":\"WebPage\",\"@id\":\"https:\\\/\\\/www.mobilier-design-occasion.fr\\\/magazine\\\/verner-panton-le-designer-danois-a-lame-pop-fete-les-50-ans-de-sa-lampe-panthella\\\/\",\"url\":\"https:\\\/\\\/www.mobilier-design-occasion.fr\\\/magazine\\\/verner-panton-le-designer-danois-a-lame-pop-fete-les-50-ans-de-sa-lampe-panthella\\\/\",\"name\":\"Verner Panton: le designer danois \u00e0 l'\u00e2me pop f\u00eate les 50 ans de sa lampe \\\"Panthella\\\" - Mobilier Design Magazine\",\"isPartOf\":{\"@id\":\"https:\\\/\\\/www.mobilier-design-occasion.fr\\\/magazine\\\/#website\"},\"primaryImageOfPage\":{\"@id\":\"https:\\\/\\\/www.mobilier-design-occasion.fr\\\/magazine\\\/verner-panton-le-designer-danois-a-lame-pop-fete-les-50-ans-de-sa-lampe-panthella\\\/#primaryimage\"},\"image\":{\"@id\":\"https:\\\/\\\/www.mobilier-design-occasion.fr\\\/magazine\\\/verner-panton-le-designer-danois-a-lame-pop-fete-les-50-ans-de-sa-lampe-panthella\\\/#primaryimage\"},\"thumbnailUrl\":\"https:\\\/\\\/www.mobilier-design-occasion.fr\\\/magazine\\\/wp-content\\\/uploads\\\/2021\\\/03\\\/Louis-Poulsen-Ambiente-Panthella-1.jpg\",\"datePublished\":\"2021-03-03T16:04:30+00:00\",\"dateModified\":\"2023-09-25T13:39:50+00:00\",\"breadcrumb\":{\"@id\":\"https:\\\/\\\/www.mobilier-design-occasion.fr\\\/magazine\\\/verner-panton-le-designer-danois-a-lame-pop-fete-les-50-ans-de-sa-lampe-panthella\\\/#breadcrumb\"},\"inLanguage\":\"fr-FR\",\"potentialAction\":[{\"@type\":\"ReadAction\",\"target\":[\"https:\\\/\\\/www.mobilier-design-occasion.fr\\\/magazine\\\/verner-panton-le-designer-danois-a-lame-pop-fete-les-50-ans-de-sa-lampe-panthella\\\/\"]}]},{\"@type\":\"ImageObject\",\"inLanguage\":\"fr-FR\",\"@id\":\"https:\\\/\\\/www.mobilier-design-occasion.fr\\\/magazine\\\/verner-panton-le-designer-danois-a-lame-pop-fete-les-50-ans-de-sa-lampe-panthella\\\/#primaryimage\",\"url\":\"https:\\\/\\\/www.mobilier-design-occasion.fr\\\/magazine\\\/wp-content\\\/uploads\\\/2021\\\/03\\\/Louis-Poulsen-Ambiente-Panthella-1.jpg\",\"contentUrl\":\"https:\\\/\\\/www.mobilier-design-occasion.fr\\\/magazine\\\/wp-content\\\/uploads\\\/2021\\\/03\\\/Louis-Poulsen-Ambiente-Panthella-1.jpg\",\"width\":720,\"height\":720,\"caption\":\"Louis Poulsen Phantella\"},{\"@type\":\"BreadcrumbList\",\"@id\":\"https:\\\/\\\/www.mobilier-design-occasion.fr\\\/magazine\\\/verner-panton-le-designer-danois-a-lame-pop-fete-les-50-ans-de-sa-lampe-panthella\\\/#breadcrumb\",\"itemListElement\":[{\"@type\":\"ListItem\",\"position\":1,\"name\":\"Accueil\",\"item\":\"https:\\\/\\\/www.mobilier-design-occasion.fr\\\/magazine\\\/\"},{\"@type\":\"ListItem\",\"position\":2,\"name\":\"Verner Panton: le designer danois \u00e0 l&rsquo;\u00e2me pop f\u00eate les 50 ans de sa lampe \u00ab\u00a0Panthella\u00a0\u00bb\"}]},{\"@type\":\"WebSite\",\"@id\":\"https:\\\/\\\/www.mobilier-design-occasion.fr\\\/magazine\\\/#website\",\"url\":\"https:\\\/\\\/www.mobilier-design-occasion.fr\\\/magazine\\\/\",\"name\":\"Mobilier Design Magazine\",\"description\":\"\",\"publisher\":{\"@id\":\"https:\\\/\\\/www.mobilier-design-occasion.fr\\\/magazine\\\/#organization\"},\"potentialAction\":[{\"@type\":\"SearchAction\",\"target\":{\"@type\":\"EntryPoint\",\"urlTemplate\":\"https:\\\/\\\/www.mobilier-design-occasion.fr\\\/magazine\\\/?s={search_term_string}\"},\"query-input\":{\"@type\":\"PropertyValueSpecification\",\"valueRequired\":true,\"valueName\":\"search_term_string\"}}],\"inLanguage\":\"fr-FR\"},{\"@type\":\"Organization\",\"@id\":\"https:\\\/\\\/www.mobilier-design-occasion.fr\\\/magazine\\\/#organization\",\"name\":\"Mobilier Design Magazine\",\"url\":\"https:\\\/\\\/www.mobilier-design-occasion.fr\\\/magazine\\\/\",\"logo\":{\"@type\":\"ImageObject\",\"inLanguage\":\"fr-FR\",\"@id\":\"https:\\\/\\\/www.mobilier-design-occasion.fr\\\/magazine\\\/#\\\/schema\\\/logo\\\/image\\\/\",\"url\":\"https:\\\/\\\/www.mobilier-design-occasion.fr\\\/magazine\\\/wp-content\\\/uploads\\\/2024\\\/02\\\/android-chrome-192x192-1.png\",\"contentUrl\":\"https:\\\/\\\/www.mobilier-design-occasion.fr\\\/magazine\\\/wp-content\\\/uploads\\\/2024\\\/02\\\/android-chrome-192x192-1.png\",\"width\":192,\"height\":192,\"caption\":\"Mobilier Design Magazine\"},\"image\":{\"@id\":\"https:\\\/\\\/www.mobilier-design-occasion.fr\\\/magazine\\\/#\\\/schema\\\/logo\\\/image\\\/\"},\"sameAs\":[\"https:\\\/\\\/www.facebook.com\\\/mobilierdesignoccasion\"]},{\"@type\":\"Person\",\"@id\":\"https:\\\/\\\/www.mobilier-design-occasion.fr\\\/magazine\\\/#\\\/schema\\\/person\\\/5b2e5627a714ddadaaf8c9b886c55eff\",\"name\":\"Cyrielle Poirot\",\"image\":{\"@type\":\"ImageObject\",\"inLanguage\":\"fr-FR\",\"@id\":\"https:\\\/\\\/secure.gravatar.com\\\/avatar\\\/c8d2674e093b06894d8d1dc468b626bd752523471f3ac6e75f7c7a1400d40b4d?s=96&d=mm&r=g\",\"url\":\"https:\\\/\\\/secure.gravatar.com\\\/avatar\\\/c8d2674e093b06894d8d1dc468b626bd752523471f3ac6e75f7c7a1400d40b4d?s=96&d=mm&r=g\",\"contentUrl\":\"https:\\\/\\\/secure.gravatar.com\\\/avatar\\\/c8d2674e093b06894d8d1dc468b626bd752523471f3ac6e75f7c7a1400d40b4d?s=96&d=mm&r=g\",\"caption\":\"Cyrielle Poirot\"},\"description\":\"Cyrielle est passionn\u00e9e par la d\u00e9coration d'int\u00e9rieur et s'est sp\u00e9cialis\u00e9e depuis quelques ann\u00e9es dans l'\u00e9dition du site Mobilier-Design, avec une touche sp\u00e9cifique pour les produits d'occasion.\",\"sameAs\":[\"https:\\\/\\\/www.mobilier-design-occasion.fr\\\/magazine\"],\"url\":\"https:\\\/\\\/www.mobilier-design-occasion.fr\\\/magazine\\\/author\\\/cyrielle\\\/\"}]}<\/script>\n<!-- \/ Yoast SEO plugin. -->","yoast_head_json":{"title":"Verner Panton: le designer danois \u00e0 l'\u00e2me pop f\u00eate les 50 ans de sa lampe \"Panthella\" - Mobilier Design Magazine","robots":{"index":"index","follow":"follow","max-snippet":"max-snippet:-1","max-image-preview":"max-image-preview:large","max-video-preview":"max-video-preview:-1"},"canonical":"https:\/\/www.mobilier-design-occasion.fr\/magazine\/verner-panton-le-designer-danois-a-lame-pop-fete-les-50-ans-de-sa-lampe-panthella\/","og_locale":"fr_FR","og_type":"article","og_title":"Verner Panton: le designer danois \u00e0 l'\u00e2me pop f\u00eate les 50 ans de sa lampe \"Panthella\" - Mobilier Design Magazine","og_description":"L'histoire d'un Scandinave surdou\u00e9 qui a utilis\u00e9 la 3D, la couleur, les formes fluides et les nouveaux mat\u00e9riaux pour transformer les espaces et le design.","og_url":"https:\/\/www.mobilier-design-occasion.fr\/magazine\/verner-panton-le-designer-danois-a-lame-pop-fete-les-50-ans-de-sa-lampe-panthella\/","og_site_name":"Mobilier Design Magazine","article_publisher":"https:\/\/www.facebook.com\/mobilierdesignoccasion","article_published_time":"2021-03-03T16:04:30+00:00","article_modified_time":"2023-09-25T13:39:50+00:00","og_image":[{"width":720,"height":720,"url":"https:\/\/www.mobilier-design-occasion.fr\/magazine\/wp-content\/uploads\/2021\/03\/Louis-Poulsen-Ambiente-Panthella-1.jpg","type":"image\/jpeg"}],"author":"Cyrielle Poirot","twitter_card":"summary_large_image","twitter_misc":{"\u00c9crit par":"Cyrielle Poirot","Dur\u00e9e de lecture estim\u00e9e":"6 minutes"},"schema":{"@context":"https:\/\/schema.org","@graph":[{"@type":"Article","@id":"https:\/\/www.mobilier-design-occasion.fr\/magazine\/verner-panton-le-designer-danois-a-lame-pop-fete-les-50-ans-de-sa-lampe-panthella\/#article","isPartOf":{"@id":"https:\/\/www.mobilier-design-occasion.fr\/magazine\/verner-panton-le-designer-danois-a-lame-pop-fete-les-50-ans-de-sa-lampe-panthella\/"},"author":{"name":"Cyrielle Poirot","@id":"https:\/\/www.mobilier-design-occasion.fr\/magazine\/#\/schema\/person\/5b2e5627a714ddadaaf8c9b886c55eff"},"headline":"Verner Panton: le designer danois \u00e0 l&#8217;\u00e2me pop f\u00eate les 50 ans de sa lampe &#8220;Panthella&#8221;","datePublished":"2021-03-03T16:04:30+00:00","dateModified":"2023-09-25T13:39:50+00:00","mainEntityOfPage":{"@id":"https:\/\/www.mobilier-design-occasion.fr\/magazine\/verner-panton-le-designer-danois-a-lame-pop-fete-les-50-ans-de-sa-lampe-panthella\/"},"wordCount":1324,"commentCount":0,"publisher":{"@id":"https:\/\/www.mobilier-design-occasion.fr\/magazine\/#organization"},"image":{"@id":"https:\/\/www.mobilier-design-occasion.fr\/magazine\/verner-panton-le-designer-danois-a-lame-pop-fete-les-50-ans-de-sa-lampe-panthella\/#primaryimage"},"thumbnailUrl":"https:\/\/www.mobilier-design-occasion.fr\/magazine\/wp-content\/uploads\/2021\/03\/Louis-Poulsen-Ambiente-Panthella-1.jpg","articleSection":["Tendances"],"inLanguage":"fr-FR","potentialAction":[{"@type":"CommentAction","name":"Comment","target":["https:\/\/www.mobilier-design-occasion.fr\/magazine\/verner-panton-le-designer-danois-a-lame-pop-fete-les-50-ans-de-sa-lampe-panthella\/#respond"]}]},{"@type":"WebPage","@id":"https:\/\/www.mobilier-design-occasion.fr\/magazine\/verner-panton-le-designer-danois-a-lame-pop-fete-les-50-ans-de-sa-lampe-panthella\/","url":"https:\/\/www.mobilier-design-occasion.fr\/magazine\/verner-panton-le-designer-danois-a-lame-pop-fete-les-50-ans-de-sa-lampe-panthella\/","name":"Verner Panton: le designer danois \u00e0 l'\u00e2me pop f\u00eate les 50 ans de sa lampe \"Panthella\" - Mobilier Design Magazine","isPartOf":{"@id":"https:\/\/www.mobilier-design-occasion.fr\/magazine\/#website"},"primaryImageOfPage":{"@id":"https:\/\/www.mobilier-design-occasion.fr\/magazine\/verner-panton-le-designer-danois-a-lame-pop-fete-les-50-ans-de-sa-lampe-panthella\/#primaryimage"},"image":{"@id":"https:\/\/www.mobilier-design-occasion.fr\/magazine\/verner-panton-le-designer-danois-a-lame-pop-fete-les-50-ans-de-sa-lampe-panthella\/#primaryimage"},"thumbnailUrl":"https:\/\/www.mobilier-design-occasion.fr\/magazine\/wp-content\/uploads\/2021\/03\/Louis-Poulsen-Ambiente-Panthella-1.jpg","datePublished":"2021-03-03T16:04:30+00:00","dateModified":"2023-09-25T13:39:50+00:00","breadcrumb":{"@id":"https:\/\/www.mobilier-design-occasion.fr\/magazine\/verner-panton-le-designer-danois-a-lame-pop-fete-les-50-ans-de-sa-lampe-panthella\/#breadcrumb"},"inLanguage":"fr-FR","potentialAction":[{"@type":"ReadAction","target":["https:\/\/www.mobilier-design-occasion.fr\/magazine\/verner-panton-le-designer-danois-a-lame-pop-fete-les-50-ans-de-sa-lampe-panthella\/"]}]},{"@type":"ImageObject","inLanguage":"fr-FR","@id":"https:\/\/www.mobilier-design-occasion.fr\/magazine\/verner-panton-le-designer-danois-a-lame-pop-fete-les-50-ans-de-sa-lampe-panthella\/#primaryimage","url":"https:\/\/www.mobilier-design-occasion.fr\/magazine\/wp-content\/uploads\/2021\/03\/Louis-Poulsen-Ambiente-Panthella-1.jpg","contentUrl":"https:\/\/www.mobilier-design-occasion.fr\/magazine\/wp-content\/uploads\/2021\/03\/Louis-Poulsen-Ambiente-Panthella-1.jpg","width":720,"height":720,"caption":"Louis Poulsen Phantella"},{"@type":"BreadcrumbList","@id":"https:\/\/www.mobilier-design-occasion.fr\/magazine\/verner-panton-le-designer-danois-a-lame-pop-fete-les-50-ans-de-sa-lampe-panthella\/#breadcrumb","itemListElement":[{"@type":"ListItem","position":1,"name":"Accueil","item":"https:\/\/www.mobilier-design-occasion.fr\/magazine\/"},{"@type":"ListItem","position":2,"name":"Verner Panton: le designer danois \u00e0 l&rsquo;\u00e2me pop f\u00eate les 50 ans de sa lampe \u00ab\u00a0Panthella\u00a0\u00bb"}]},{"@type":"WebSite","@id":"https:\/\/www.mobilier-design-occasion.fr\/magazine\/#website","url":"https:\/\/www.mobilier-design-occasion.fr\/magazine\/","name":"Mobilier Design Magazine","description":"","publisher":{"@id":"https:\/\/www.mobilier-design-occasion.fr\/magazine\/#organization"},"potentialAction":[{"@type":"SearchAction","target":{"@type":"EntryPoint","urlTemplate":"https:\/\/www.mobilier-design-occasion.fr\/magazine\/?s={search_term_string}"},"query-input":{"@type":"PropertyValueSpecification","valueRequired":true,"valueName":"search_term_string"}}],"inLanguage":"fr-FR"},{"@type":"Organization","@id":"https:\/\/www.mobilier-design-occasion.fr\/magazine\/#organization","name":"Mobilier Design Magazine","url":"https:\/\/www.mobilier-design-occasion.fr\/magazine\/","logo":{"@type":"ImageObject","inLanguage":"fr-FR","@id":"https:\/\/www.mobilier-design-occasion.fr\/magazine\/#\/schema\/logo\/image\/","url":"https:\/\/www.mobilier-design-occasion.fr\/magazine\/wp-content\/uploads\/2024\/02\/android-chrome-192x192-1.png","contentUrl":"https:\/\/www.mobilier-design-occasion.fr\/magazine\/wp-content\/uploads\/2024\/02\/android-chrome-192x192-1.png","width":192,"height":192,"caption":"Mobilier Design Magazine"},"image":{"@id":"https:\/\/www.mobilier-design-occasion.fr\/magazine\/#\/schema\/logo\/image\/"},"sameAs":["https:\/\/www.facebook.com\/mobilierdesignoccasion"]},{"@type":"Person","@id":"https:\/\/www.mobilier-design-occasion.fr\/magazine\/#\/schema\/person\/5b2e5627a714ddadaaf8c9b886c55eff","name":"Cyrielle Poirot","image":{"@type":"ImageObject","inLanguage":"fr-FR","@id":"https:\/\/secure.gravatar.com\/avatar\/c8d2674e093b06894d8d1dc468b626bd752523471f3ac6e75f7c7a1400d40b4d?s=96&d=mm&r=g","url":"https:\/\/secure.gravatar.com\/avatar\/c8d2674e093b06894d8d1dc468b626bd752523471f3ac6e75f7c7a1400d40b4d?s=96&d=mm&r=g","contentUrl":"https:\/\/secure.gravatar.com\/avatar\/c8d2674e093b06894d8d1dc468b626bd752523471f3ac6e75f7c7a1400d40b4d?s=96&d=mm&r=g","caption":"Cyrielle Poirot"},"description":"Cyrielle est passionn\u00e9e par la d\u00e9coration d'int\u00e9rieur et s'est sp\u00e9cialis\u00e9e depuis quelques ann\u00e9es dans l'\u00e9dition du site Mobilier-Design, avec une touche sp\u00e9cifique pour les produits d'occasion.","sameAs":["https:\/\/www.mobilier-design-occasion.fr\/magazine"],"url":"https:\/\/www.mobilier-design-occasion.fr\/magazine\/author\/cyrielle\/"}]}},"_links":{"self":[{"href":"https:\/\/www.mobilier-design-occasion.fr\/magazine\/wp-json\/wp\/v2\/posts\/314","targetHints":{"allow":["GET"]}}],"collection":[{"href":"https:\/\/www.mobilier-design-occasion.fr\/magazine\/wp-json\/wp\/v2\/posts"}],"about":[{"href":"https:\/\/www.mobilier-design-occasion.fr\/magazine\/wp-json\/wp\/v2\/types\/post"}],"author":[{"embeddable":true,"href":"https:\/\/www.mobilier-design-occasion.fr\/magazine\/wp-json\/wp\/v2\/users\/1"}],"replies":[{"embeddable":true,"href":"https:\/\/www.mobilier-design-occasion.fr\/magazine\/wp-json\/wp\/v2\/comments?post=314"}],"version-history":[{"count":7,"href":"https:\/\/www.mobilier-design-occasion.fr\/magazine\/wp-json\/wp\/v2\/posts\/314\/revisions"}],"predecessor-version":[{"id":325,"href":"https:\/\/www.mobilier-design-occasion.fr\/magazine\/wp-json\/wp\/v2\/posts\/314\/revisions\/325"}],"wp:featuredmedia":[{"embeddable":true,"href":"https:\/\/www.mobilier-design-occasion.fr\/magazine\/wp-json\/wp\/v2\/media\/320"}],"wp:attachment":[{"href":"https:\/\/www.mobilier-design-occasion.fr\/magazine\/wp-json\/wp\/v2\/media?parent=314"}],"wp:term":[{"taxonomy":"category","embeddable":true,"href":"https:\/\/www.mobilier-design-occasion.fr\/magazine\/wp-json\/wp\/v2\/categories?post=314"},{"taxonomy":"post_tag","embeddable":true,"href":"https:\/\/www.mobilier-design-occasion.fr\/magazine\/wp-json\/wp\/v2\/tags?post=314"}],"curies":[{"name":"wp","href":"https:\/\/api.w.org\/{rel}","templated":true}]}}