{"id":2915,"date":"2022-03-16T07:00:00","date_gmt":"2022-03-16T07:00:00","guid":{"rendered":"https:\/\/www.mobilier-design-occasion.fr\/magazine\/?p=2915"},"modified":"2023-09-25T13:30:50","modified_gmt":"2023-09-25T13:30:50","slug":"test-et-avis-mon-lit-cabane","status":"publish","type":"post","link":"https:\/\/www.mobilier-design-occasion.fr\/magazine\/test-et-avis-mon-lit-cabane\/","title":{"rendered":"Test &#038; avis sur Mon Lit Cabane"},"content":{"rendered":"<p><\/p>\n<ul>\n<li>Qui est Mon <a href=\"https:\/\/www.mobilier-design-occasion.fr\/magazine\/lit-cabane-montessori-90x190cm\/\">Lit Cabane<\/a>?<\/li>\n<\/ul>\n<p><\/p>\n<p><\/p>\n<h2><img decoding=\"async\" src=\"https:\/\/www.mobilier-design-occasion.fr\/magazine\/wp-content\/uploads\/2021\/10\/c1-2.jpg\" alt=\"\" \/><\/h2>\n<p><\/p>\n<p><\/p>\n<p><a href=\"https:\/\/www.mobilier-design-occasion.fr\/magazine\/code-promo-le-lit-cabane\/\">Mon Lit Cabane<\/a> est <strong>entreprise fran\u00e7aise<\/strong> bas\u00e9e \u00e0 Anglet (64) qui vend des lits en <a href=\"https:\/\/www.mobilier-design-occasion.fr\/magazine\/avis-mathy-by-bols\/\">bois<\/a> massif et des objets de d\u00e9coration pour les b\u00e9b\u00e9s et les enfants.<\/p>\n<p><\/p>\n<p><\/p>\n<p>Mon <a href=\"https:\/\/www.mobilier-design-occasion.fr\/magazine\/combien-dheures-de-sommeil-pour-mon-enfant\/\">lit<\/a> Cabane est un incontournable sur le march\u00e9 pour meubler une <a href=\"https:\/\/www.mobilier-design-occasion.fr\/magazine\/5-elements-pour-amenager-une-chambre-montessori\/\">chambre<\/a> d&#8217;enfant. Essentiellement pr\u00e9sent en ligne gr\u00e2ce \u00e0 son site internet, il est \u00e0 l&#8217;heure actuelle devenu le <strong>leader dans la vente du lit cabane<\/strong>. A travers leur collection qui se renouvelle \u00e0 chaque saison, on retrouve de tr\u00e8s nombreux mod\u00e8les pour satisfaire toutes les envies: principalement des <b>lits en bois<\/b> (superpos\u00e9, cabane&#8230;) avec diverses options comme un tiroir de rangement, une barri\u00e8re amovible, un chevet ou une commode assortie. La marque se renouvelle r\u00e9guli\u00e8rement en proposant de nouveaux produits tout en gardant comme best-seller le<b> lit cabane enfant\u00a0<\/b>qui a fait sa renomm\u00e9e.<\/p>\n<p><\/p>\n<p><\/p>\n<p>Sp\u00e9cialis\u00e9 dans le domaine de la <strong>d\u00e9coration pour enfant<\/strong>, Mon Lit Cabane est une v\u00e9ritable mine d&#8217;or pour tout ceux qui aiment meubler les chambres de leurs enfants avec go\u00fbt et originalit\u00e9.<\/p>\n<p><\/p>\n<p><\/p>\n<h2 class=\"wp-block-heading\"><span class=\"ez-toc-section\" id=\"La_promesse\"><\/span>La promesse<span class=\"ez-toc-section-end\"><\/span><\/h2><div id=\"ez-toc-container\" class=\"ez-toc-v2_0_82_2 counter-hierarchy ez-toc-counter ez-toc-grey ez-toc-container-direction\">\n<div class=\"ez-toc-title-container\">\n<span class=\"ez-toc-title-toggle\"><a href=\"#\" class=\"ez-toc-pull-right ez-toc-btn ez-toc-btn-xs ez-toc-btn-default ez-toc-toggle\" aria-label=\"Toggle Table of Content\"><span class=\"ez-toc-js-icon-con\"><span class=\"\"><span class=\"eztoc-hide\" style=\"display:none;\">Toggle<\/span><span class=\"ez-toc-icon-toggle-span\"><svg style=\"fill: #999;color:#999\" xmlns=\"http:\/\/www.w3.org\/2000\/svg\" class=\"list-377408\" width=\"20px\" height=\"20px\" viewBox=\"0 0 24 24\" fill=\"none\"><path d=\"M6 6H4v2h2V6zm14 0H8v2h12V6zM4 11h2v2H4v-2zm16 0H8v2h12v-2zM4 16h2v2H4v-2zm16 0H8v2h12v-2z\" fill=\"currentColor\"><\/path><\/svg><svg style=\"fill: #999;color:#999\" class=\"arrow-unsorted-368013\" xmlns=\"http:\/\/www.w3.org\/2000\/svg\" width=\"10px\" height=\"10px\" viewBox=\"0 0 24 24\" version=\"1.2\" baseProfile=\"tiny\"><path d=\"M18.2 9.3l-6.2-6.3-6.2 6.3c-.2.2-.3.4-.3.7s.1.5.3.7c.2.2.4.3.7.3h11c.3 0 .5-.1.7-.3.2-.2.3-.5.3-.7s-.1-.5-.3-.7zM5.8 14.7l6.2 6.3 6.2-6.3c.2-.2.3-.5.3-.7s-.1-.5-.3-.7c-.2-.2-.4-.3-.7-.3h-11c-.3 0-.5.1-.7.3-.2.2-.3.5-.3.7s.1.5.3.7z\"\/><\/svg><\/span><\/span><\/span><\/a><\/span><\/div>\n<nav><ul class='ez-toc-list ez-toc-list-level-1 eztoc-toggle-hide-by-default' ><li class='ez-toc-page-1 ez-toc-heading-level-2'><a class=\"ez-toc-link ez-toc-heading-1\" href=\"https:\/\/www.mobilier-design-occasion.fr\/magazine\/test-et-avis-mon-lit-cabane\/#La_promesse\" >La promesse<\/a><\/li><li class='ez-toc-page-1 ez-toc-heading-level-2'><a class=\"ez-toc-link ez-toc-heading-2\" href=\"https:\/\/www.mobilier-design-occasion.fr\/magazine\/test-et-avis-mon-lit-cabane\/#Les_coordonnees_de_Mon_Lit_Cabane\" >Les coordonn\u00e9es de Mon Lit Cabane<\/a><\/li><li class='ez-toc-page-1 ez-toc-heading-level-2'><a class=\"ez-toc-link ez-toc-heading-3\" href=\"https:\/\/www.mobilier-design-occasion.fr\/magazine\/test-et-avis-mon-lit-cabane\/#Magasin_Mon_lit_cabane\" >Magasin Mon lit cabane<\/a><ul class='ez-toc-list-level-3' ><li class='ez-toc-heading-level-3'><a class=\"ez-toc-link ez-toc-heading-4\" href=\"https:\/\/www.mobilier-design-occasion.fr\/magazine\/test-et-avis-mon-lit-cabane\/#Prix_du_lit_cabane\" >Prix du lit cabane<\/a><\/li><\/ul><\/li><li class='ez-toc-page-1 ez-toc-heading-level-2'><a class=\"ez-toc-link ez-toc-heading-5\" href=\"https:\/\/www.mobilier-design-occasion.fr\/magazine\/test-et-avis-mon-lit-cabane\/#Les_frais_de_livraison\" >Les frais de livraison<\/a><\/li><li class='ez-toc-page-1 ez-toc-heading-level-2'><a class=\"ez-toc-link ez-toc-heading-6\" href=\"https:\/\/www.mobilier-design-occasion.fr\/magazine\/test-et-avis-mon-lit-cabane\/#i\" >\u00a0<\/a><\/li><li class='ez-toc-page-1 ez-toc-heading-level-2'><a class=\"ez-toc-link ez-toc-heading-7\" href=\"https:\/\/www.mobilier-design-occasion.fr\/magazine\/test-et-avis-mon-lit-cabane\/#i-2\" >\u00a0<\/a><\/li><li class='ez-toc-page-1 ez-toc-heading-level-2'><a class=\"ez-toc-link ez-toc-heading-8\" href=\"https:\/\/www.mobilier-design-occasion.fr\/magazine\/test-et-avis-mon-lit-cabane\/#i-3\" >\u00a0<\/a><\/li><li class='ez-toc-page-1 ez-toc-heading-level-2'><a class=\"ez-toc-link ez-toc-heading-9\" href=\"https:\/\/www.mobilier-design-occasion.fr\/magazine\/test-et-avis-mon-lit-cabane\/#i-4\" >\u00a0<\/a><\/li><li class='ez-toc-page-1 ez-toc-heading-level-2'><a class=\"ez-toc-link ez-toc-heading-10\" href=\"https:\/\/www.mobilier-design-occasion.fr\/magazine\/test-et-avis-mon-lit-cabane\/#Les_moyens_de_paiement\" >Les moyens de paiement<\/a><\/li><li class='ez-toc-page-1 ez-toc-heading-level-2'><a class=\"ez-toc-link ez-toc-heading-11\" href=\"https:\/\/www.mobilier-design-occasion.fr\/magazine\/test-et-avis-mon-lit-cabane\/#Service_apres_vente\" >Service apr\u00e8s vente<\/a><\/li><li class='ez-toc-page-1 ez-toc-heading-level-2'><a class=\"ez-toc-link ez-toc-heading-12\" href=\"https:\/\/www.mobilier-design-occasion.fr\/magazine\/test-et-avis-mon-lit-cabane\/#Notice_de_montage\" >Notice de montage<\/a><\/li><li class='ez-toc-page-1 ez-toc-heading-level-2'><a class=\"ez-toc-link ez-toc-heading-13\" href=\"https:\/\/www.mobilier-design-occasion.fr\/magazine\/test-et-avis-mon-lit-cabane\/#Quest-ce_qui_nous_manque\" >Qu&#8217;est-ce qui nous manque?<\/a><\/li><li class='ez-toc-page-1 ez-toc-heading-level-2'><a class=\"ez-toc-link ez-toc-heading-14\" href=\"https:\/\/www.mobilier-design-occasion.fr\/magazine\/test-et-avis-mon-lit-cabane\/#Avis_des_clients_sur_Mon_Lit_Cabane\" >Avis des clients sur Mon Lit Cabane<\/a><ul class='ez-toc-list-level-3' ><li class='ez-toc-heading-level-3'><a class=\"ez-toc-link ez-toc-heading-15\" href=\"https:\/\/www.mobilier-design-occasion.fr\/magazine\/test-et-avis-mon-lit-cabane\/#Avis_positifs\" >Avis positifs:<\/a><\/li><li class='ez-toc-page-1 ez-toc-heading-level-3'><a class=\"ez-toc-link ez-toc-heading-16\" href=\"https:\/\/www.mobilier-design-occasion.fr\/magazine\/test-et-avis-mon-lit-cabane\/#Avis_negatifs\" >Avis n\u00e9gatifs:<\/a><\/li><\/ul><\/li><\/ul><\/nav><\/div>\n\n<p><\/p>\n<p><\/p>\n<figure><a href=\"https:\/\/www.lelitcabane.fr\/\"><img decoding=\"async\" src=\"https:\/\/www.mobilier-design-occasion.fr\/magazine\/wp-content\/uploads\/2022\/03\/158292487_1344943075882789_500388043932866519_n-1024x390.jpg\" alt=\"\" \/><\/a><\/figure>\n<p><\/p>\n<p><\/p>\n<ul class=\"wp-block-list\">\n<li>Une belle <strong>s\u00e9lection tendance <\/strong>d&#8217;articles de d\u00e9coration, de <a href=\"https:\/\/www.mobilier-design-occasion.fr\/magazine\/test-avis-sur-la-redoute-interieurs-am-pm\/\">mobilier<\/a>, de v\u00eatements et de jouets pour votre enfant<\/li>\n<li>Des articles de <strong>qualit\u00e9<\/strong>: <a href=\"https:\/\/www.mobilier-design-occasion.fr\/magazine\/pollution-de-lair-dans-la-chambre-comment-proteger-nos-enfants\/\">bois massif<\/a><\/li>\n<li>Une livraison rapide et peu co\u00fbteuse: 30\u20ac pour l&#8217;ensemble des lits dans l&#8217;Union Europ\u00e9enne et gratuite pour tous les autres produits<\/li>\n<li>Paiement en ligne s\u00e9curis\u00e9<\/li>\n<li>Paiement en 3 fois \u00e0 partir de 100\u20ac ou en 4 fois \u00e0 partir de 200\u20ac d&#8217;achat sur le site<\/li>\n<\/ul>\n<p><\/p>\n<p><\/p>\n<h2 class=\"wp-block-heading\"><span class=\"ez-toc-section\" id=\"Les_coordonnees_de_Mon_Lit_Cabane\"><\/span>Les coordonn\u00e9es de Mon Lit Cabane<span class=\"ez-toc-section-end\"><\/span><\/h2>\n<p><\/p>\n<p><\/p>\n<figure><img decoding=\"async\" src=\"https:\/\/www.mobilier-design-occasion.fr\/magazine\/wp-content\/uploads\/2021\/10\/c2-2.jpg\" alt=\"\" \/><\/figure>\n<p><\/p>\n<p><\/p>\n<p>Gr\u00e2ce \u00e0 leur <a href=\"https:\/\/monlitcabane.com\/fr\/\" target=\"_blank\" rel=\"noreferrer noopener\">site internet<\/a>, Mon Lit Cabane vous pr\u00e9sente toute une gamme de produits, avec de jolies photos les mettant en valeur. Les descriptions sont compl\u00e8tes et il y a m\u00eame des <strong>petites vid\u00e9os tuto tr\u00e8s pratiques<\/strong> pour montrer comment le lit cabane se monte.<\/p>\n<p><\/p>\n<p><\/p>\n<ul class=\"wp-block-list\">\n<li><strong>Site internet:<\/strong> https:\/\/monlitcabane.com\/fr\/<\/li>\n<li><strong>T\u00e9l\u00e9phone:<\/strong> (+33) 05 35 45 63 10 du lundi au vendredi de 10h \u00e0 18h et le samedi de 9h \u00e0 12h<\/li>\n<li><strong>Mail:<\/strong> \u00a0info@monlitcabane.com<\/li>\n<li><strong>Adresse du magasin:<\/strong> centre commercial Ametzondo Shopping, 2-4 Av. du Portou, 64990 Saint-Pierre-d&#8217;Irube<\/li>\n<li><strong>Adresse si\u00e8ge social:<\/strong> 12 Route de Pitoys, 64600 ANGLET<\/li>\n<\/ul>\n<p><\/p>\n<p><\/p>\n<h2 class=\"wp-block-heading\"><span class=\"ez-toc-section\" id=\"Magasin_Mon_lit_cabane\"><\/span>Magasin Mon lit cabane<span class=\"ez-toc-section-end\"><\/span><\/h2>\n<p><\/p>\n<p><\/p>\n<p>Pour ceux qui ont la chance d&#8217;habiter dans le Sud Ouest de la <a href=\"https:\/\/www.mobilier-design-occasion.fr\/magazine\/test-avis-sur-ripaton\/\">France<\/a>, la marque poss\u00e8de \u00e9galement un <strong>magasin physique \u00e0 Bayonne<\/strong> qui permet de choisir et acheter les produits directement.<\/p>\n<p><\/p>\n<p><\/p>\n<p class=\"is-layout-flex wp-container-core-columns-is-layout-9d6595d7 wp-block-columns-is-layout-flex\"><\/p>\n<p class=\"is-layout-flow wp-block-column-is-layout-flow\"><\/p>\n<figure><img decoding=\"async\" src=\"https:\/\/www.mobilier-design-occasion.fr\/magazine\/wp-content\/uploads\/2022\/03\/MagMLC.png\" alt=\"\" \/>\n<p>\u00a0<\/p>\n<figcaption>Magasin MLC \u00e0 Bayonne<\/figcaption>\n<\/figure>\n<p><\/p>\n<p><\/p>\n<p><\/p>\n<p class=\"is-layout-flow wp-block-column-is-layout-flow\"><\/p>\n<figure><img decoding=\"async\" src=\"https:\/\/www.mobilier-design-occasion.fr\/magazine\/wp-content\/uploads\/2022\/03\/Mag2.png\" alt=\"\" \/>\n<p>\u00a0<\/p>\n<figcaption>Magasin MLC \u00e0 Bayonne<\/figcaption>\n<\/figure>\n<p><\/p>\n<p><\/p>\n<p><\/p>\n<p><\/p>\n<ul class=\"wp-block-list\">\n<li><strong>Adresse du magasin:<\/strong> centre commercial Ametzondo Shopping, 2-4 Av. du Portou, 64990 Saint-Pierre-d&#8217;Irube<\/li>\n<\/ul>\n<p><\/p>\n<p><\/p>\n<ul class=\"wp-block-list\">\n<li><strong>Horaires:<\/strong> magasin ouvert de 10h \u00e0 20h du lundi au samedi (ferm\u00e9 le dimanche)<\/li>\n<\/ul>\n<p><\/p>\n<p><\/p>\n<ul class=\"wp-block-list\">\n<li><strong>T\u00e9l\u00e9phone:<\/strong> (+33) 05 35 45 63 10<\/li>\n<\/ul>\n<p><\/p>\n<p><\/p>\n<p><\/p>\n<p>\u00a0<\/p>\n<p>Bien \u00e9videmment comme l&#8217;offre est tr\u00e8s vari\u00e9e sur le site, les prix des petits objets commencent \u00e0 quelques euros pour monter \u00e0 plusieurs centaines d&#8217;euros pour les lits par exemple. En effet, en plus du mobilier pour enfant, la marque propose de nombreux accessoires pour d\u00e9corer et harmonier la chambre votre petite fille ou petit gar\u00e7on: linge de lit color\u00e9, rideaux, sommier \u00e0 lattes, <a href=\"https:\/\/www.mobilier-design-occasion.fr\/magazine\/test-avis-essix-home\/\">drap<\/a>, tipi, ciel de lit&#8230; de quoi faire de la chambre de votre enfant un joli petit cocon.\u00a0<\/p>\n<p>\u00a0<\/p>\n<p><\/p>\n<p><\/p>\n<p>Vous pouvez confirmer un achat \u00e0 partir de 4.95\u20ac. Les prix des produits sont directement affich\u00e9s sur le site internet et comme tout e-commerce vous pouvez constituer un panier et le modifier \u00e0 votre guise.<\/p>\n<p><\/p>\n<p><\/p>\n<h3 class=\"wp-block-heading\"><span class=\"ez-toc-section\" id=\"Prix_du_lit_cabane\"><\/span>Prix du lit cabane<span class=\"ez-toc-section-end\"><\/span><\/h3>\n<p><\/p>\n<p><\/p>\n<p>Voici une <strong>id\u00e9e des prix<\/strong> du lit cabane chez Mon Lit Cabane. Il s&#8217;agit de <strong>quelques exemples<\/strong>, la liste est bien \u00e9videmment non exhaustive.<\/p>\n<p><\/p>\n<p><\/p>\n<p>Nous vous conseillons de vous rendre sur le site internet pour voir \u00e0 quel prix est le mod\u00e8le qui correspond exactement \u00e0 vos attentes.<\/p>\n<p><\/p>\n<p><\/p>\n<ul class=\"wp-block-list\">\n<li>Prix lit cabane K, best-seller de la marque, \u00e0 partir de 320\u20ac<\/li>\n<li>Prix lit cabane DK, lit \u00e9lu produit de l&#8217;ann\u00e9e 2021, \u00e0 partir de 340\u20ac<\/li>\n<li>Prix lit cabane toboggan: \u00e0 partir de 840\u20ac en 80x160cm<\/li>\n<li>Prix lit cabane tiroir: \u00e0 partir de 460\u20ac<\/li>\n<li>Prix lit cabane superpos\u00e9: \u00e0 partir de 380\u20ac<\/li>\n<li>Prix lit cabane double: \u00e0 partir de 280\u20ac en 120x200cm<\/li>\n<\/ul>\n<p><\/p>\n<p><\/p>\n<h2 class=\"wp-block-heading\"><span class=\"ez-toc-section\" id=\"Les_frais_de_livraison\"><\/span>Les frais de livraison<span class=\"ez-toc-section-end\"><\/span><\/h2>\n<p><\/p>\n<p><\/p>\n<p>Mon Lit Cabane a mis en place un syst\u00e8me tr\u00e8s simple pour contenter un maximum ses clients en ligne:<\/p>\n<p><\/p>\n<p><\/p>\n<ul class=\"wp-block-list\">\n<li>30\u20ac pour la livraison des lits dans toute l&#8217;Union Europ\u00e9enne<\/li>\n<li>Gratuite pour tous les autres produits<\/li>\n<\/ul>\n<p><\/p>\n<p><\/p>\n<figure><img loading=\"lazy\" decoding=\"async\" src=\"https:\/\/www.mobilier-design-occasion.fr\/magazine\/wp-content\/uploads\/2021\/10\/c7-2.jpg\" alt=\"\" width=\"233\" height=\"106\" \/>\n<p>\u00a0<\/p>\n<figcaption>Exemple de frais de livraison<\/figcaption>\n<\/figure>\n<p><\/p>\n<p><\/p>\n<p><\/p>\n<p><\/p>\n<p><\/p>\n<p><\/p>\n<p><\/p>\n<p><\/p>\n<h2 class=\"wp-block-heading\"><span class=\"ez-toc-section\" id=\"i\"><\/span>\u00a0<span class=\"ez-toc-section-end\"><\/span><\/h2>\n<h2><span class=\"ez-toc-section\" id=\"i-2\"><\/span>\u00a0<span class=\"ez-toc-section-end\"><\/span><\/h2>\n<h2><span class=\"ez-toc-section\" id=\"i-3\"><\/span>\u00a0<span class=\"ez-toc-section-end\"><\/span><\/h2>\n<h2><span class=\"ez-toc-section\" id=\"i-4\"><\/span>\u00a0<span class=\"ez-toc-section-end\"><\/span><\/h2>\n<h2><span class=\"ez-toc-section\" id=\"Les_moyens_de_paiement\"><\/span>Les moyens de paiement<span class=\"ez-toc-section-end\"><\/span><\/h2>\n<p><\/p>\n<p><\/p>\n<p>Il est possible de payer directement en ligne sur le site de Mon Lit Cabane via <strong>carte bancaire: <\/strong><\/p>\n<p><\/p>\n<p><\/p>\n<ul class=\"wp-block-list\">\n<li>Visa<\/li>\n<li>Mastercard<\/li>\n<\/ul>\n<p><\/p>\n<p><\/p>\n<p>Vous avez \u00e9galement la possibilit\u00e9 de payer <strong>en 3 fois \u00e0 partir de 100\u20ac d&#8217;achat<\/strong> ou en <strong>4 fois \u00e0 partir de 200\u20ac d&#8217;achat.<\/strong> Les informations n\u00e9cessaires vous seront demand\u00e9es via le formulaire Oney au moment du paiement.<\/p>\n<p><\/p>\n<p><\/p>\n<p><\/p>\n<p><\/p>\n<h2 class=\"wp-block-heading\"><span class=\"ez-toc-section\" id=\"Service_apres_vente\"><\/span>Service apr\u00e8s vente<span class=\"ez-toc-section-end\"><\/span><\/h2>\n<p><\/p>\n<p><\/p>\n<figure><img decoding=\"async\" src=\"https:\/\/www.mobilier-design-occasion.fr\/magazine\/wp-content\/uploads\/2021\/10\/c8-2.jpg\" alt=\"\" \/><\/figure>\n<p><\/p>\n<p><\/p>\n<figure><img decoding=\"async\" src=\"https:\/\/www.mobilier-design-occasion.fr\/magazine\/wp-content\/uploads\/2021\/10\/c9-2.jpg\" alt=\"\" \/><\/figure>\n<p><\/p>\n<p><\/p>\n<p>Si vous avez des questions, besoin d&#8217;informations avant d&#8217;effectuer un achat ou un probl\u00e8me apr\u00e8s avoir pass\u00e9 votre commande, le service client de Mon Lit Cabane est \u00e0 votre disposition.<\/p>\n<p><\/p>\n<p><\/p>\n<p>Diff\u00e9rentes possibilit\u00e9s sont \u00e0 votre disposition pour contacter le service client de Mon Lit Cabane:<\/p>\n<p><\/p>\n<p><\/p>\n<ul class=\"wp-block-list\">\n<li>Par t\u00e9l\u00e9phone au (+33) 05 35 45 63 10<strong> disponible du lundi au vendredi, de 10h \u00e0 18h et le samedi de 9h \u00e0 12h<\/strong><\/li>\n<li>Par mail \u00e0 <strong>info@monlitcabane.com<\/strong><\/li>\n<li>En compl\u00e9tant le <a href=\"https:\/\/www.lelitcabane.fr\/pages\/contact\">formulaire de\u00a0contact<\/a><a href=\"https:\/\/www.lelitcabane.fr\/pages\/contact\" target=\"_blank\" rel=\"noopener\">\u00a0<\/a>directement sur le site<\/li>\n<li>Via les r\u00e9seaux sociaux, notamment sur Instagram<a href=\"https:\/\/www.instagram.com\/monlitcabane\/?hl=fr\">\u00a0<\/a>o\u00f9 ils sont tr\u00e8s actifs<\/li>\n<\/ul>\n<p><\/p>\n<p><\/p>\n<h2 class=\"wp-block-heading\"><span class=\"ez-toc-section\" id=\"Notice_de_montage\"><\/span>Notice de montage<span class=\"ez-toc-section-end\"><\/span><\/h2>\n<p><\/p>\n<p><\/p>\n<p>Si par malchance, la notice de montage de votre lit cabane n&#8217;est pas pr\u00e9sente lors de la r\u00e9ception de l&#8217;article, ou n&#8217;est pas dans la langue souhait\u00e9e, vous pouvez la t\u00e9l\u00e9charger directement en ligne en vous connectant sur votre espace personnel.<\/p>\n<p><\/p>\n<p><\/p>\n<h2 class=\"wp-block-heading\"><span class=\"ez-toc-section\" id=\"Quest-ce_qui_nous_manque\"><\/span>Qu&#8217;est-ce qui nous manque?<span class=\"ez-toc-section-end\"><\/span><\/h2>\n<p><\/p>\n<p><\/p>\n<ul class=\"wp-block-list\">\n<li>une meilleure gestion des livraisons<\/li>\n<li>am\u00e9liorer la qualit\u00e9 et la r\u00e9activit\u00e9 du service client<\/li>\n<li>un syst\u00e8me d&#8217;alerte<\/li>\n<li>des notices multilingues sans oublier le fran\u00e7ais \ud83d\ude09<\/li>\n<li>une meilleure qualit\u00e9 de bois<\/li>\n<\/ul>\n<p><\/p>\n<p><\/p>\n<p><\/p>\t\t\n\t\t\t<style>\/*! elementor - v3.8.1 - 13-11-2022 *\/\n.elementor-heading-title{padding:0;margin:0;line-height:1}.elementor-widget-heading .elementor-heading-title[class*=elementor-size-]>a{color:inherit;font-size:inherit;line-height:inherit}.elementor-widget-heading .elementor-heading-title.elementor-size-small{font-size:15px}.elementor-widget-heading .elementor-heading-title.elementor-size-medium{font-size:19px}.elementor-widget-heading .elementor-heading-title.elementor-size-large{font-size:29px}.elementor-widget-heading .elementor-heading-title.elementor-size-xl{font-size:39px}.elementor-widget-heading .elementor-heading-title.elementor-size-xxl{font-size:59px}<\/style><h2><span class=\"ez-toc-section\" id=\"Avis_des_clients_sur_Mon_Lit_Cabane\"><\/span>Avis des clients sur Mon Lit Cabane<span class=\"ez-toc-section-end\"><\/span><\/h2>\t\t\n\t\t<p>Que pensent les clients du site Mon Lit Cabane ?<br \/>Globalement leur note est de 3.3\/5 sur Trustpilot, bas\u00e9e sur 178 avis \u00e0 ce jour, ce qui est globalement correct.<\/p>\t\t\n\t\t\t<style>\/*! elementor - v3.8.1 - 13-11-2022 *\/\n.elementor-column .elementor-spacer-inner{height:var(--spacer-size)}.e-con{--container-widget-width:100%}.e-con-inner>.elementor-widget-spacer,.e-con>.elementor-widget-spacer{width:var(--container-widget-width,var(--spacer-size));-ms-flex-item-align:stretch;align-self:stretch;-ms-flex-negative:0;flex-shrink:0}.e-con-inner>.elementor-widget-spacer>.elementor-widget-container,.e-con-inner>.elementor-widget-spacer>.elementor-widget-container>.elementor-spacer,.e-con>.elementor-widget-spacer>.elementor-widget-container,.e-con>.elementor-widget-spacer>.elementor-widget-container>.elementor-spacer{height:100%}.e-con-inner>.elementor-widget-spacer>.elementor-widget-container>.elementor-spacer>.elementor-spacer-inner,.e-con>.elementor-widget-spacer>.elementor-widget-container>.elementor-spacer>.elementor-spacer-inner{height:var(--container-widget-height,var(--spacer-size))}<\/style>\t\t\n\t\t\t<style>\/*! elementor - v3.8.1 - 13-11-2022 *\/\n.elementor-widget-image{text-align:center}.elementor-widget-image a{display:inline-block}.elementor-widget-image a img[src$=\".svg\"]{width:48px}.elementor-widget-image img{vertical-align:middle;display:inline-block}<\/style>\t\t\t\t\t\t\t\t\t\t\t\t<img decoding=\"async\" width=\"810\" height=\"638\" src=\"https:\/\/www.mobilier-design-occasion.fr\/magazine\/wp-content\/uploads\/2021\/10\/Capture.png\" alt=\"\" loading=\"lazy\" srcset=\"https:\/\/www.mobilier-design-occasion.fr\/magazine\/wp-content\/uploads\/2021\/10\/Capture.png 905w, https:\/\/www.mobilier-design-occasion.fr\/magazine\/wp-content\/uploads\/2021\/10\/Capture-300x236.png 300w, https:\/\/www.mobilier-design-occasion.fr\/magazine\/wp-content\/uploads\/2021\/10\/Capture-768x605.png 768w, https:\/\/www.mobilier-design-occasion.fr\/magazine\/wp-content\/uploads\/2021\/10\/Capture-810x638.png 810w\" sizes=\"auto, (max-width: 810px) 100vw, 810px\" \/>\t\t\t\t\t\t\t\t\t\t\t\t\t\t\t\n\t\t\t<h3><span class=\"ez-toc-section\" id=\"Avis_positifs\"><\/span>Avis positifs:<span class=\"ez-toc-section-end\"><\/span><\/h3>\t\t\n\t\t\t<link rel=\"stylesheet\" href=\"https:\/\/www.mobilier-design-occasion.fr\/magazine\/wp-content\/plugins\/elementor-pro\/assets\/css\/widget-carousel.min.css\">\t\t\n\t\t\t\t\t\t\t\t\t\t<cite>Derenn<\/cite>\t\t\t\t\tLire plus\t\t\t\t\n\t\t\t\t\t\t&#8220;Super lit, bois d\u2019excellente qualit\u00e9, bien ponc\u00e9 et tr\u00e8s bien fini. Il est \u00e9galement tr\u00e8s solide, le montage est facile, bien \u00e9tudi\u00e9, je r\u00e9ussi \u00e0 le monter toute seule il faut juste avoir de la force dans les mains pour bien visser et bien rentrer dans le bois. Je suis vraiment ravi (il vaut son prix), mon fils de 4 ans l\u2019adore aussi mais ce lit peut tr\u00e8s bien convenir \u00e0 des plus petits (d\u00e8s qu\u2019ils marchent) car il tr\u00e8s bas et il y a les barri\u00e8res. Bref, si vous h\u00e9sitez encore, foncez !!!! PS : pour la livraison, c\u2019est du s\u00e9rieux, j\u2019\u00e9tais pr\u00e9venu en temps et en heure de tout son p\u00e9riple, tr\u00e8s rassurant.&#8221;\t\t\t\t\t\n\t\t\t\t\t\t\t\t\t\t<cite>Justine C.<\/cite>\t\t\t\t\tLire plus\t\t\t\t\n\t\t\t\t\t\t&#8220;J\u2019ai command\u00e9 le Lit Cabane H Demie Barri\u00e8re 90\u00d7190 le 9 juin 2021. La livraison \u00e9tait pr\u00e9vue entre le 16 et le 22 juin 2021. Les colis partent de Pologne. \u00c0 ma grande surprise ils ont \u00e9t\u00e9 livr\u00e9s ce-jour le 18 juin 2021 alors que le transporteur avait programm\u00e9 une livraison le 22 juin 2021. Je suis super contente car d\u00e9lai de livraison tr\u00e8s tr\u00e8s court \ud83d\ude01 Concernant la notice du produit, un bricoleur s\u2019adapte \ud83d\udc4d Mais manque l\u00e9g\u00e8rement d\u2019informations car la notice n\u2019est pas tr\u00e8s explicite. Sinon le lit ce monte tr\u00e8s facilement, le bois est de tr\u00e8s bonne qualit\u00e9 et a l\u2019air tr\u00e8s solide. Le rendu est magnifique \ud83e\udd29&#8221;\t\t\t\t\t\n\t\t\t\t\t\t\t\t\t\t<cite>Karima<\/cite>\t\t\t\t\tLire plus\t\t\t\t\n\t\t\t\t\t\t\u00ab Je suis ultra, mais ultra satisfaite ! Que ce soit du lit, du montage, et du service apr\u00e8s vente, tout c\u2019est parfaitement bien d\u00e9roul\u00e9. Lit magnifique et de qualit\u00e9, montage facile, et service apr\u00e8s vente tr\u00e8s r\u00e9actif ! Si je pouvais je mettrais 10 \u00e9toiles \ud83d\udc4c. Je recommande a 1000%. \u00bb\t\t\t\t\t\n\t\t\t\t\t\t\t\t\t\t<cite>Elodie C.<\/cite>\t\t\t\t\tLire plus\t\t\t\t\n\t\t\t\t\t\t&#8220;Superbe lit !\nLit cabane \u00e9dition \u00ab Le loup \u00bb adopt\u00e9 ici ! Montage assez simple, bois de qualit\u00e9.\nLe matelas est au top \u00e9galement !\nProchain achat, la tresse de lit pour compl\u00e9ter le tout !&#8221;\t\t\t\t\t\n\t\t\t\t\t\t\t\t\t\t<cite>Amandine n.<\/cite>\t\t\t\t\tLire plus\t\t\t\t\n\t\t\t\t\t\t&#8220;Je ne connaissais pas ce site mais j&#8217;ai pris l&#8217;initiative de commander le lit cabane K pour ma fille.\nJ&#8217;en suis ravie et ma fille aussi.\nUne vrai chambre de princesse il est beau et solide. Nous avons d\u00e9m\u00e9nag\u00e9 et l&#8217;avons d\u00e9mont\u00e9 puis remont\u00e9 et il est nickel. \u00c7a fait deux ans que nous l&#8217;avons et il est toujours impeccable\nJe recommande et je vais \u00e9galement en prendre un pour mon fils pour ses 2 ans.&#8221;\t\t\t\t\t\n\t\t\t\t\t\t\t\t\t\t\t\t\t\tPr\u00e9c\u00e9dent\n\t\t\t\t\t\t\t\t\t\t\t\t\t\tSuivant\n\t\t\t<h3><span class=\"ez-toc-section\" id=\"Avis_negatifs\"><\/span>Avis n\u00e9gatifs:<span class=\"ez-toc-section-end\"><\/span><\/h3>\t\t\n\t\t\t\t\t\t\t\t\t\t<cite>Laura B.<\/cite>\t\t\t\t\tLire plus\t\t\t\t\n\t\t\t\t\t\t&#8220;Je d\u00e9conseille fortement ceux site car payer un lit cabane 450 \u20ac et recevoir un colis certes dans les d\u00e9lais mais non conforme \u00e0 nos attentes !\nbois de mauvaise qualit\u00e9; vis de mauvaise qualit\u00e9; quand j&#8217;ai vu la colle, j&#8217;en ait rigol\u00e9, m\u00eame colle quand j&#8217;\u00e9tais au CM1. notice peux explicite et qui ne correspond pas vraiment au mod\u00e8le du lit. c&#8217;est du tape a l&#8217;oeil s\u00e9rieusement passez votre chemin, le lit cabane et aller dans le parc pour mes chiens.&#8221;\t\t\t\t\t\n\t\t\t\t\t\t\t\t\t\t<cite>Bouzon<\/cite>\t\t\t\t\tLire plus\t\t\t\t\n\t\t\t\t\t\t&#8220;Lattes \u00e0 clouer soi-m\u00eame une a une&#8230; Celles-ci sont peu robustes apr\u00e8s 6 mois d&#8217;utilisation nous avons d\u00e9j\u00e0 la barre transversale du sommier cass\u00e9e ainsi qu&#8217;une des lattes. Les barres hautes transversales (&#8220;c\u00f4t\u00e9s du toit&#8221;) semblent \u00e9galement bien maigrelettes&#8230;. Quant au tiroir sous le lit il n&#8217;y a aucun rail pour le guider, donc c&#8217;est toujours la gal\u00e8re pour bien le remettre en place&#8230; Bref, tr\u00e8s d\u00e9\u00e7ue par le produit. Je trouve le <a href=\"https:\/\/www.mobilier-design-occasion.fr\/magazine\/table-tulipe-knoll-indemodable-du-design\/\">design<\/a> tr\u00e8s sympa mais la qualit\u00e9 n&#8217;est clairement pas au rdv, surtout quand on voit le prix!!! J&#8217;avais pris cette marque (alors que j&#8217;avais vu \u00e0 presque moiti\u00e9 prix ailleurs) en pensant que c&#8217;\u00e9tait du solide et que ma fille le conserverait jusqu&#8217;\u00e0 ce qu&#8217;elle soit pr\u00e9-ado en prenant un 90&#215;190 mais je crois que je vais d\u00e9j\u00e0 commencer \u00e0 lui chercher autre chose (ma fille n&#8217;a pas 3 ans, ok je me couche dans son lit pour lire l&#8217;histoire mais je fais 60kg)&#8230;. Quelle d\u00e9sillusion !!!&#8221;\t\t\t\t\t\n\t\t\t\t\t\t\t\t\t\t<cite>Aur\u00e9lie P.<\/cite>\t\t\t\t\tLire plus\t\t\t\t\n\t\t\t\t\t\t&#8220;J&#8217;ai achet\u00e9 un lit cabane pour mon enfant, je l&#8217;ai re\u00e7u abim\u00e9 et hors d\u00e9lai. La notice n&#8217;est ni en fran\u00e7ais ni en anglais&#8230;Ce n&#8217;est ni plus ni moins que du Dropshipping d&#8217;un site polonais&#8230; tr\u00e8s d\u00e9\u00e7u pour le prix je recommande pas du tout ! vous ne pouvez pas laisser d&#8217;avis sur leur site puisqu&#8217;il le mod\u00e8re.&#8221;\t\t\t\t\t\n\t\t\t\t\t\t\t\t\t\t<cite>Catherine S.<\/cite>\t\t\t\t\tLire plus\t\t\t\t\n\t\t\t\t\t\t&#8220;Ma fille a command\u00e9 un lit cabane. Il est arriv\u00e9 avec un montant cass\u00e9. Elle leur a envoy\u00e9 un Mail et &#8230; rien&#8230; Le service client\u00e8le est absent !!!!!! Pour un lit pay\u00e9 + de 360\u20ac (sans matelas), cette marque est vraiment nulle . Aucun suivit. Ses commentaires sur instagram ont \u00e9t\u00e9 retir\u00e9s. Soci\u00e9t\u00e9 \u00e0 \u00e9viter.&#8221;\t\t\t\t\t\n\t\t\t\t\t\t\t\t\t\t<cite>Luna<\/cite>\t\t\t\t\tLire plus\t\t\t\t\n\t\t\t\t\t\t&#8220;Entreprise malhonn\u00eate. La conception du lit est tr\u00e8s approximative (pour ne pas dire amatrice) et les pi\u00e8ces ne s\u2019enchev\u00eatrent pas comme cela est indiqu\u00e9 dans la notice de montage. Lorsqu\u2019on leur r\u00e9f\u00e8re les probl\u00e8mes existants en leur expliquant par A+B, ils bottent en touche et refusent toute reprise de leur produit \u00e0 leurs frais.\nEn outre, la qualit\u00e9 est m\u00e9diocre.\nEn bref, une start up qui surfe sur la vague des lits <a href=\"https:\/\/www.mobilier-design-occasion.fr\/magazine\/lit-cabane-montessori\/\">montessori<\/a> en oubliant qualit\u00e9 constructive et s\u00e9curit\u00e9.\nA fuir, vraiment !&#8221;\t\t\t\t\t\n\t\t\t\t\t\t\t\t\t\t\t\t\t\tPr\u00e9c\u00e9dent\n\t\t\t\t\t\t\t\t\t\t\t\t\t\tSuivant","protected":false},"excerpt":{"rendered":"<p>Qui est Mon Lit Cabane? Mon Lit Cabane est entreprise fran\u00e7aise bas\u00e9e \u00e0 Anglet (64) qui vend des lits en bois massif et des objets de d\u00e9coration pour les b\u00e9b\u00e9s et les enfants. Mon lit Cabane est un incontournable sur le march\u00e9 pour meubler une chambre d&#8217;enfant. Essentiellement pr\u00e9sent en ligne gr\u00e2ce \u00e0 son site [&hellip;]<\/p>\n","protected":false},"author":1,"featured_media":2926,"comment_status":"open","ping_status":"open","sticky":false,"template":"","format":"standard","meta":{"footnotes":""},"categories":[8,120,129],"tags":[],"class_list":["post-2915","post","type-post","status-publish","format-standard","has-post-thumbnail","hentry","category-avis","category-chambre","category-lit-cabane"],"yoast_head":"<!-- This site is optimized with the Yoast SEO plugin v27.5 - https:\/\/yoast.com\/product\/yoast-seo-wordpress\/ -->\n<title>Test &amp; avis sur Mon Lit Cabane - Mobilier Design Magazine<\/title>\n<meta name=\"robots\" content=\"index, follow, max-snippet:-1, max-image-preview:large, max-video-preview:-1\" \/>\n<link rel=\"canonical\" href=\"https:\/\/www.mobilier-design-occasion.fr\/magazine\/test-et-avis-mon-lit-cabane\/\" \/>\n<meta property=\"og:locale\" content=\"fr_FR\" \/>\n<meta property=\"og:type\" content=\"article\" \/>\n<meta property=\"og:title\" content=\"Test &amp; avis sur Mon Lit Cabane - Mobilier Design Magazine\" \/>\n<meta property=\"og:description\" content=\"Qui est Mon Lit Cabane? Mon Lit Cabane est entreprise fran\u00e7aise bas\u00e9e \u00e0 Anglet (64) qui vend des lits en bois massif et des objets de d\u00e9coration pour les b\u00e9b\u00e9s et les enfants. Mon lit Cabane est un incontournable sur le march\u00e9 pour meubler une chambre d&#8217;enfant. Essentiellement pr\u00e9sent en ligne gr\u00e2ce \u00e0 son site [&hellip;]\" \/>\n<meta property=\"og:url\" content=\"https:\/\/www.mobilier-design-occasion.fr\/magazine\/test-et-avis-mon-lit-cabane\/\" \/>\n<meta property=\"og:site_name\" content=\"Mobilier Design Magazine\" \/>\n<meta property=\"article:publisher\" content=\"https:\/\/www.facebook.com\/mobilierdesignoccasion\" \/>\n<meta property=\"article:published_time\" content=\"2022-03-16T07:00:00+00:00\" \/>\n<meta property=\"article:modified_time\" content=\"2023-09-25T13:30:50+00:00\" \/>\n<meta property=\"og:image\" content=\"https:\/\/www.mobilier-design-occasion.fr\/magazine\/wp-content\/uploads\/2021\/10\/c-1.jpg\" \/>\n\t<meta property=\"og:image:width\" content=\"542\" \/>\n\t<meta property=\"og:image:height\" content=\"525\" \/>\n\t<meta property=\"og:image:type\" content=\"image\/jpeg\" \/>\n<meta name=\"author\" content=\"Cyrielle Poirot\" \/>\n<meta name=\"twitter:card\" content=\"summary_large_image\" \/>\n<meta name=\"twitter:label1\" content=\"\u00c9crit par\" \/>\n\t<meta name=\"twitter:data1\" content=\"Cyrielle Poirot\" \/>\n\t<meta name=\"twitter:label2\" content=\"Dur\u00e9e de lecture estim\u00e9e\" \/>\n\t<meta name=\"twitter:data2\" content=\"9 minutes\" \/>\n<script type=\"application\/ld+json\" class=\"yoast-schema-graph\">{\"@context\":\"https:\\\/\\\/schema.org\",\"@graph\":[{\"@type\":\"Article\",\"@id\":\"https:\\\/\\\/www.mobilier-design-occasion.fr\\\/magazine\\\/test-et-avis-mon-lit-cabane\\\/#article\",\"isPartOf\":{\"@id\":\"https:\\\/\\\/www.mobilier-design-occasion.fr\\\/magazine\\\/test-et-avis-mon-lit-cabane\\\/\"},\"author\":{\"name\":\"Cyrielle Poirot\",\"@id\":\"https:\\\/\\\/www.mobilier-design-occasion.fr\\\/magazine\\\/#\\\/schema\\\/person\\\/5b2e5627a714ddadaaf8c9b886c55eff\"},\"headline\":\"Test &#038; avis sur Mon Lit Cabane\",\"datePublished\":\"2022-03-16T07:00:00+00:00\",\"dateModified\":\"2023-09-25T13:30:50+00:00\",\"mainEntityOfPage\":{\"@id\":\"https:\\\/\\\/www.mobilier-design-occasion.fr\\\/magazine\\\/test-et-avis-mon-lit-cabane\\\/\"},\"wordCount\":1943,\"commentCount\":1,\"publisher\":{\"@id\":\"https:\\\/\\\/www.mobilier-design-occasion.fr\\\/magazine\\\/#organization\"},\"image\":{\"@id\":\"https:\\\/\\\/www.mobilier-design-occasion.fr\\\/magazine\\\/test-et-avis-mon-lit-cabane\\\/#primaryimage\"},\"thumbnailUrl\":\"https:\\\/\\\/www.mobilier-design-occasion.fr\\\/magazine\\\/wp-content\\\/uploads\\\/2021\\\/10\\\/c-1.jpg\",\"articleSection\":[\"Avis marques d\u00e9co\",\"Chambre\",\"Lit cabane\"],\"inLanguage\":\"fr-FR\",\"potentialAction\":[{\"@type\":\"CommentAction\",\"name\":\"Comment\",\"target\":[\"https:\\\/\\\/www.mobilier-design-occasion.fr\\\/magazine\\\/test-et-avis-mon-lit-cabane\\\/#respond\"]}]},{\"@type\":\"WebPage\",\"@id\":\"https:\\\/\\\/www.mobilier-design-occasion.fr\\\/magazine\\\/test-et-avis-mon-lit-cabane\\\/\",\"url\":\"https:\\\/\\\/www.mobilier-design-occasion.fr\\\/magazine\\\/test-et-avis-mon-lit-cabane\\\/\",\"name\":\"Test & avis sur Mon Lit Cabane - Mobilier Design Magazine\",\"isPartOf\":{\"@id\":\"https:\\\/\\\/www.mobilier-design-occasion.fr\\\/magazine\\\/#website\"},\"primaryImageOfPage\":{\"@id\":\"https:\\\/\\\/www.mobilier-design-occasion.fr\\\/magazine\\\/test-et-avis-mon-lit-cabane\\\/#primaryimage\"},\"image\":{\"@id\":\"https:\\\/\\\/www.mobilier-design-occasion.fr\\\/magazine\\\/test-et-avis-mon-lit-cabane\\\/#primaryimage\"},\"thumbnailUrl\":\"https:\\\/\\\/www.mobilier-design-occasion.fr\\\/magazine\\\/wp-content\\\/uploads\\\/2021\\\/10\\\/c-1.jpg\",\"datePublished\":\"2022-03-16T07:00:00+00:00\",\"dateModified\":\"2023-09-25T13:30:50+00:00\",\"breadcrumb\":{\"@id\":\"https:\\\/\\\/www.mobilier-design-occasion.fr\\\/magazine\\\/test-et-avis-mon-lit-cabane\\\/#breadcrumb\"},\"inLanguage\":\"fr-FR\",\"potentialAction\":[{\"@type\":\"ReadAction\",\"target\":[\"https:\\\/\\\/www.mobilier-design-occasion.fr\\\/magazine\\\/test-et-avis-mon-lit-cabane\\\/\"]}]},{\"@type\":\"ImageObject\",\"inLanguage\":\"fr-FR\",\"@id\":\"https:\\\/\\\/www.mobilier-design-occasion.fr\\\/magazine\\\/test-et-avis-mon-lit-cabane\\\/#primaryimage\",\"url\":\"https:\\\/\\\/www.mobilier-design-occasion.fr\\\/magazine\\\/wp-content\\\/uploads\\\/2021\\\/10\\\/c-1.jpg\",\"contentUrl\":\"https:\\\/\\\/www.mobilier-design-occasion.fr\\\/magazine\\\/wp-content\\\/uploads\\\/2021\\\/10\\\/c-1.jpg\",\"width\":542,\"height\":525},{\"@type\":\"BreadcrumbList\",\"@id\":\"https:\\\/\\\/www.mobilier-design-occasion.fr\\\/magazine\\\/test-et-avis-mon-lit-cabane\\\/#breadcrumb\",\"itemListElement\":[{\"@type\":\"ListItem\",\"position\":1,\"name\":\"Accueil\",\"item\":\"https:\\\/\\\/www.mobilier-design-occasion.fr\\\/magazine\\\/\"},{\"@type\":\"ListItem\",\"position\":2,\"name\":\"Test &#038; avis sur Mon Lit Cabane\"}]},{\"@type\":\"WebSite\",\"@id\":\"https:\\\/\\\/www.mobilier-design-occasion.fr\\\/magazine\\\/#website\",\"url\":\"https:\\\/\\\/www.mobilier-design-occasion.fr\\\/magazine\\\/\",\"name\":\"Mobilier Design Magazine\",\"description\":\"\",\"publisher\":{\"@id\":\"https:\\\/\\\/www.mobilier-design-occasion.fr\\\/magazine\\\/#organization\"},\"potentialAction\":[{\"@type\":\"SearchAction\",\"target\":{\"@type\":\"EntryPoint\",\"urlTemplate\":\"https:\\\/\\\/www.mobilier-design-occasion.fr\\\/magazine\\\/?s={search_term_string}\"},\"query-input\":{\"@type\":\"PropertyValueSpecification\",\"valueRequired\":true,\"valueName\":\"search_term_string\"}}],\"inLanguage\":\"fr-FR\"},{\"@type\":\"Organization\",\"@id\":\"https:\\\/\\\/www.mobilier-design-occasion.fr\\\/magazine\\\/#organization\",\"name\":\"Mobilier Design Magazine\",\"url\":\"https:\\\/\\\/www.mobilier-design-occasion.fr\\\/magazine\\\/\",\"logo\":{\"@type\":\"ImageObject\",\"inLanguage\":\"fr-FR\",\"@id\":\"https:\\\/\\\/www.mobilier-design-occasion.fr\\\/magazine\\\/#\\\/schema\\\/logo\\\/image\\\/\",\"url\":\"https:\\\/\\\/www.mobilier-design-occasion.fr\\\/magazine\\\/wp-content\\\/uploads\\\/2024\\\/02\\\/android-chrome-192x192-1.png\",\"contentUrl\":\"https:\\\/\\\/www.mobilier-design-occasion.fr\\\/magazine\\\/wp-content\\\/uploads\\\/2024\\\/02\\\/android-chrome-192x192-1.png\",\"width\":192,\"height\":192,\"caption\":\"Mobilier Design Magazine\"},\"image\":{\"@id\":\"https:\\\/\\\/www.mobilier-design-occasion.fr\\\/magazine\\\/#\\\/schema\\\/logo\\\/image\\\/\"},\"sameAs\":[\"https:\\\/\\\/www.facebook.com\\\/mobilierdesignoccasion\"]},{\"@type\":\"Person\",\"@id\":\"https:\\\/\\\/www.mobilier-design-occasion.fr\\\/magazine\\\/#\\\/schema\\\/person\\\/5b2e5627a714ddadaaf8c9b886c55eff\",\"name\":\"Cyrielle Poirot\",\"image\":{\"@type\":\"ImageObject\",\"inLanguage\":\"fr-FR\",\"@id\":\"https:\\\/\\\/secure.gravatar.com\\\/avatar\\\/c8d2674e093b06894d8d1dc468b626bd752523471f3ac6e75f7c7a1400d40b4d?s=96&d=mm&r=g\",\"url\":\"https:\\\/\\\/secure.gravatar.com\\\/avatar\\\/c8d2674e093b06894d8d1dc468b626bd752523471f3ac6e75f7c7a1400d40b4d?s=96&d=mm&r=g\",\"contentUrl\":\"https:\\\/\\\/secure.gravatar.com\\\/avatar\\\/c8d2674e093b06894d8d1dc468b626bd752523471f3ac6e75f7c7a1400d40b4d?s=96&d=mm&r=g\",\"caption\":\"Cyrielle Poirot\"},\"description\":\"Cyrielle est passionn\u00e9e par la d\u00e9coration d'int\u00e9rieur et s'est sp\u00e9cialis\u00e9e depuis quelques ann\u00e9es dans l'\u00e9dition du site Mobilier-Design, avec une touche sp\u00e9cifique pour les produits d'occasion.\",\"sameAs\":[\"https:\\\/\\\/www.mobilier-design-occasion.fr\\\/magazine\"],\"url\":\"https:\\\/\\\/www.mobilier-design-occasion.fr\\\/magazine\\\/author\\\/cyrielle\\\/\"}]}<\/script>\n<!-- \/ Yoast SEO plugin. -->","yoast_head_json":{"title":"Test & avis sur Mon Lit Cabane - Mobilier Design Magazine","robots":{"index":"index","follow":"follow","max-snippet":"max-snippet:-1","max-image-preview":"max-image-preview:large","max-video-preview":"max-video-preview:-1"},"canonical":"https:\/\/www.mobilier-design-occasion.fr\/magazine\/test-et-avis-mon-lit-cabane\/","og_locale":"fr_FR","og_type":"article","og_title":"Test & avis sur Mon Lit Cabane - Mobilier Design Magazine","og_description":"Qui est Mon Lit Cabane? Mon Lit Cabane est entreprise fran\u00e7aise bas\u00e9e \u00e0 Anglet (64) qui vend des lits en bois massif et des objets de d\u00e9coration pour les b\u00e9b\u00e9s et les enfants. Mon lit Cabane est un incontournable sur le march\u00e9 pour meubler une chambre d&#8217;enfant. Essentiellement pr\u00e9sent en ligne gr\u00e2ce \u00e0 son site [&hellip;]","og_url":"https:\/\/www.mobilier-design-occasion.fr\/magazine\/test-et-avis-mon-lit-cabane\/","og_site_name":"Mobilier Design Magazine","article_publisher":"https:\/\/www.facebook.com\/mobilierdesignoccasion","article_published_time":"2022-03-16T07:00:00+00:00","article_modified_time":"2023-09-25T13:30:50+00:00","og_image":[{"width":542,"height":525,"url":"https:\/\/www.mobilier-design-occasion.fr\/magazine\/wp-content\/uploads\/2021\/10\/c-1.jpg","type":"image\/jpeg"}],"author":"Cyrielle Poirot","twitter_card":"summary_large_image","twitter_misc":{"\u00c9crit par":"Cyrielle Poirot","Dur\u00e9e de lecture estim\u00e9e":"9 minutes"},"schema":{"@context":"https:\/\/schema.org","@graph":[{"@type":"Article","@id":"https:\/\/www.mobilier-design-occasion.fr\/magazine\/test-et-avis-mon-lit-cabane\/#article","isPartOf":{"@id":"https:\/\/www.mobilier-design-occasion.fr\/magazine\/test-et-avis-mon-lit-cabane\/"},"author":{"name":"Cyrielle Poirot","@id":"https:\/\/www.mobilier-design-occasion.fr\/magazine\/#\/schema\/person\/5b2e5627a714ddadaaf8c9b886c55eff"},"headline":"Test &#038; avis sur Mon Lit Cabane","datePublished":"2022-03-16T07:00:00+00:00","dateModified":"2023-09-25T13:30:50+00:00","mainEntityOfPage":{"@id":"https:\/\/www.mobilier-design-occasion.fr\/magazine\/test-et-avis-mon-lit-cabane\/"},"wordCount":1943,"commentCount":1,"publisher":{"@id":"https:\/\/www.mobilier-design-occasion.fr\/magazine\/#organization"},"image":{"@id":"https:\/\/www.mobilier-design-occasion.fr\/magazine\/test-et-avis-mon-lit-cabane\/#primaryimage"},"thumbnailUrl":"https:\/\/www.mobilier-design-occasion.fr\/magazine\/wp-content\/uploads\/2021\/10\/c-1.jpg","articleSection":["Avis marques d\u00e9co","Chambre","Lit cabane"],"inLanguage":"fr-FR","potentialAction":[{"@type":"CommentAction","name":"Comment","target":["https:\/\/www.mobilier-design-occasion.fr\/magazine\/test-et-avis-mon-lit-cabane\/#respond"]}]},{"@type":"WebPage","@id":"https:\/\/www.mobilier-design-occasion.fr\/magazine\/test-et-avis-mon-lit-cabane\/","url":"https:\/\/www.mobilier-design-occasion.fr\/magazine\/test-et-avis-mon-lit-cabane\/","name":"Test & avis sur Mon Lit Cabane - Mobilier Design Magazine","isPartOf":{"@id":"https:\/\/www.mobilier-design-occasion.fr\/magazine\/#website"},"primaryImageOfPage":{"@id":"https:\/\/www.mobilier-design-occasion.fr\/magazine\/test-et-avis-mon-lit-cabane\/#primaryimage"},"image":{"@id":"https:\/\/www.mobilier-design-occasion.fr\/magazine\/test-et-avis-mon-lit-cabane\/#primaryimage"},"thumbnailUrl":"https:\/\/www.mobilier-design-occasion.fr\/magazine\/wp-content\/uploads\/2021\/10\/c-1.jpg","datePublished":"2022-03-16T07:00:00+00:00","dateModified":"2023-09-25T13:30:50+00:00","breadcrumb":{"@id":"https:\/\/www.mobilier-design-occasion.fr\/magazine\/test-et-avis-mon-lit-cabane\/#breadcrumb"},"inLanguage":"fr-FR","potentialAction":[{"@type":"ReadAction","target":["https:\/\/www.mobilier-design-occasion.fr\/magazine\/test-et-avis-mon-lit-cabane\/"]}]},{"@type":"ImageObject","inLanguage":"fr-FR","@id":"https:\/\/www.mobilier-design-occasion.fr\/magazine\/test-et-avis-mon-lit-cabane\/#primaryimage","url":"https:\/\/www.mobilier-design-occasion.fr\/magazine\/wp-content\/uploads\/2021\/10\/c-1.jpg","contentUrl":"https:\/\/www.mobilier-design-occasion.fr\/magazine\/wp-content\/uploads\/2021\/10\/c-1.jpg","width":542,"height":525},{"@type":"BreadcrumbList","@id":"https:\/\/www.mobilier-design-occasion.fr\/magazine\/test-et-avis-mon-lit-cabane\/#breadcrumb","itemListElement":[{"@type":"ListItem","position":1,"name":"Accueil","item":"https:\/\/www.mobilier-design-occasion.fr\/magazine\/"},{"@type":"ListItem","position":2,"name":"Test &#038; avis sur Mon Lit Cabane"}]},{"@type":"WebSite","@id":"https:\/\/www.mobilier-design-occasion.fr\/magazine\/#website","url":"https:\/\/www.mobilier-design-occasion.fr\/magazine\/","name":"Mobilier Design Magazine","description":"","publisher":{"@id":"https:\/\/www.mobilier-design-occasion.fr\/magazine\/#organization"},"potentialAction":[{"@type":"SearchAction","target":{"@type":"EntryPoint","urlTemplate":"https:\/\/www.mobilier-design-occasion.fr\/magazine\/?s={search_term_string}"},"query-input":{"@type":"PropertyValueSpecification","valueRequired":true,"valueName":"search_term_string"}}],"inLanguage":"fr-FR"},{"@type":"Organization","@id":"https:\/\/www.mobilier-design-occasion.fr\/magazine\/#organization","name":"Mobilier Design Magazine","url":"https:\/\/www.mobilier-design-occasion.fr\/magazine\/","logo":{"@type":"ImageObject","inLanguage":"fr-FR","@id":"https:\/\/www.mobilier-design-occasion.fr\/magazine\/#\/schema\/logo\/image\/","url":"https:\/\/www.mobilier-design-occasion.fr\/magazine\/wp-content\/uploads\/2024\/02\/android-chrome-192x192-1.png","contentUrl":"https:\/\/www.mobilier-design-occasion.fr\/magazine\/wp-content\/uploads\/2024\/02\/android-chrome-192x192-1.png","width":192,"height":192,"caption":"Mobilier Design Magazine"},"image":{"@id":"https:\/\/www.mobilier-design-occasion.fr\/magazine\/#\/schema\/logo\/image\/"},"sameAs":["https:\/\/www.facebook.com\/mobilierdesignoccasion"]},{"@type":"Person","@id":"https:\/\/www.mobilier-design-occasion.fr\/magazine\/#\/schema\/person\/5b2e5627a714ddadaaf8c9b886c55eff","name":"Cyrielle Poirot","image":{"@type":"ImageObject","inLanguage":"fr-FR","@id":"https:\/\/secure.gravatar.com\/avatar\/c8d2674e093b06894d8d1dc468b626bd752523471f3ac6e75f7c7a1400d40b4d?s=96&d=mm&r=g","url":"https:\/\/secure.gravatar.com\/avatar\/c8d2674e093b06894d8d1dc468b626bd752523471f3ac6e75f7c7a1400d40b4d?s=96&d=mm&r=g","contentUrl":"https:\/\/secure.gravatar.com\/avatar\/c8d2674e093b06894d8d1dc468b626bd752523471f3ac6e75f7c7a1400d40b4d?s=96&d=mm&r=g","caption":"Cyrielle Poirot"},"description":"Cyrielle est passionn\u00e9e par la d\u00e9coration d'int\u00e9rieur et s'est sp\u00e9cialis\u00e9e depuis quelques ann\u00e9es dans l'\u00e9dition du site Mobilier-Design, avec une touche sp\u00e9cifique pour les produits d'occasion.","sameAs":["https:\/\/www.mobilier-design-occasion.fr\/magazine"],"url":"https:\/\/www.mobilier-design-occasion.fr\/magazine\/author\/cyrielle\/"}]}},"_links":{"self":[{"href":"https:\/\/www.mobilier-design-occasion.fr\/magazine\/wp-json\/wp\/v2\/posts\/2915","targetHints":{"allow":["GET"]}}],"collection":[{"href":"https:\/\/www.mobilier-design-occasion.fr\/magazine\/wp-json\/wp\/v2\/posts"}],"about":[{"href":"https:\/\/www.mobilier-design-occasion.fr\/magazine\/wp-json\/wp\/v2\/types\/post"}],"author":[{"embeddable":true,"href":"https:\/\/www.mobilier-design-occasion.fr\/magazine\/wp-json\/wp\/v2\/users\/1"}],"replies":[{"embeddable":true,"href":"https:\/\/www.mobilier-design-occasion.fr\/magazine\/wp-json\/wp\/v2\/comments?post=2915"}],"version-history":[{"count":49,"href":"https:\/\/www.mobilier-design-occasion.fr\/magazine\/wp-json\/wp\/v2\/posts\/2915\/revisions"}],"predecessor-version":[{"id":6226,"href":"https:\/\/www.mobilier-design-occasion.fr\/magazine\/wp-json\/wp\/v2\/posts\/2915\/revisions\/6226"}],"wp:featuredmedia":[{"embeddable":true,"href":"https:\/\/www.mobilier-design-occasion.fr\/magazine\/wp-json\/wp\/v2\/media\/2926"}],"wp:attachment":[{"href":"https:\/\/www.mobilier-design-occasion.fr\/magazine\/wp-json\/wp\/v2\/media?parent=2915"}],"wp:term":[{"taxonomy":"category","embeddable":true,"href":"https:\/\/www.mobilier-design-occasion.fr\/magazine\/wp-json\/wp\/v2\/categories?post=2915"},{"taxonomy":"post_tag","embeddable":true,"href":"https:\/\/www.mobilier-design-occasion.fr\/magazine\/wp-json\/wp\/v2\/tags?post=2915"}],"curies":[{"name":"wp","href":"https:\/\/api.w.org\/{rel}","templated":true}]}}