{"id":2801,"date":"2021-10-27T14:10:28","date_gmt":"2021-10-27T14:10:28","guid":{"rendered":"https:\/\/www.mobilier-design-occasion.fr\/magazine\/?p=2801"},"modified":"2021-10-27T14:10:29","modified_gmt":"2021-10-27T14:10:29","slug":"test-avis-sur-habitat-jardin","status":"publish","type":"post","link":"https:\/\/www.mobilier-design-occasion.fr\/magazine\/test-avis-sur-habitat-jardin\/","title":{"rendered":"Test &#038; avis sur Habitat &#038; Jardin"},"content":{"rendered":"\n<h2 class=\"wp-block-heading\"><span class=\"ez-toc-section\" id=\"Qui_est_Habitat_Jardin\"><\/span>Qui est Habitat &amp; Jardin&nbsp;?<span class=\"ez-toc-section-end\"><\/span><\/h2><div id=\"ez-toc-container\" class=\"ez-toc-v2_0_82_2 counter-hierarchy ez-toc-counter ez-toc-grey ez-toc-container-direction\">\n<div class=\"ez-toc-title-container\">\n<span class=\"ez-toc-title-toggle\"><a href=\"#\" class=\"ez-toc-pull-right ez-toc-btn ez-toc-btn-xs ez-toc-btn-default ez-toc-toggle\" aria-label=\"Toggle Table of Content\"><span class=\"ez-toc-js-icon-con\"><span class=\"\"><span class=\"eztoc-hide\" style=\"display:none;\">Toggle<\/span><span class=\"ez-toc-icon-toggle-span\"><svg style=\"fill: #999;color:#999\" xmlns=\"http:\/\/www.w3.org\/2000\/svg\" class=\"list-377408\" width=\"20px\" height=\"20px\" viewBox=\"0 0 24 24\" fill=\"none\"><path d=\"M6 6H4v2h2V6zm14 0H8v2h12V6zM4 11h2v2H4v-2zm16 0H8v2h12v-2zM4 16h2v2H4v-2zm16 0H8v2h12v-2z\" fill=\"currentColor\"><\/path><\/svg><svg style=\"fill: #999;color:#999\" class=\"arrow-unsorted-368013\" xmlns=\"http:\/\/www.w3.org\/2000\/svg\" width=\"10px\" height=\"10px\" viewBox=\"0 0 24 24\" version=\"1.2\" baseProfile=\"tiny\"><path d=\"M18.2 9.3l-6.2-6.3-6.2 6.3c-.2.2-.3.4-.3.7s.1.5.3.7c.2.2.4.3.7.3h11c.3 0 .5-.1.7-.3.2-.2.3-.5.3-.7s-.1-.5-.3-.7zM5.8 14.7l6.2 6.3 6.2-6.3c.2-.2.3-.5.3-.7s-.1-.5-.3-.7c-.2-.2-.4-.3-.7-.3h-11c-.3 0-.5.1-.7.3-.2.2-.3.5-.3.7s.1.5.3.7z\"\/><\/svg><\/span><\/span><\/span><\/a><\/span><\/div>\n<nav><ul class='ez-toc-list ez-toc-list-level-1 eztoc-toggle-hide-by-default' ><li class='ez-toc-page-1 ez-toc-heading-level-2'><a class=\"ez-toc-link ez-toc-heading-1\" href=\"https:\/\/www.mobilier-design-occasion.fr\/magazine\/test-avis-sur-habitat-jardin\/#Qui_est_Habitat_Jardin\" >Qui est Habitat &amp; Jardin&nbsp;?<\/a><\/li><li class='ez-toc-page-1 ez-toc-heading-level-2'><a class=\"ez-toc-link ez-toc-heading-2\" href=\"https:\/\/www.mobilier-design-occasion.fr\/magazine\/test-avis-sur-habitat-jardin\/#Les_coordonnees_dHabitat_Jardin\" >Les coordonn\u00e9es d\u2019Habitat &amp; Jardin<\/a><\/li><li class='ez-toc-page-1 ez-toc-heading-level-2'><a class=\"ez-toc-link ez-toc-heading-3\" href=\"https:\/\/www.mobilier-design-occasion.fr\/magazine\/test-avis-sur-habitat-jardin\/#La_promesse\" >La promesse<\/a><\/li><li class='ez-toc-page-1 ez-toc-heading-level-2'><a class=\"ez-toc-link ez-toc-heading-4\" href=\"https:\/\/www.mobilier-design-occasion.fr\/magazine\/test-avis-sur-habitat-jardin\/#Les_magasins_dHabitat_Jardin\" >Les magasins d\u2019Habitat &amp; Jardin<\/a><\/li><li class='ez-toc-page-1 ez-toc-heading-level-2'><a class=\"ez-toc-link ez-toc-heading-5\" href=\"https:\/\/www.mobilier-design-occasion.fr\/magazine\/test-avis-sur-habitat-jardin\/#Les_avis_clients_sur_Habitat_Jardin\" >Les avis clients sur Habitat &amp; Jardin<\/a><ul class='ez-toc-list-level-3' ><li class='ez-toc-heading-level-3'><a class=\"ez-toc-link ez-toc-heading-6\" href=\"https:\/\/www.mobilier-design-occasion.fr\/magazine\/test-avis-sur-habitat-jardin\/#Plutot_negatif\" >Plut\u00f4t n\u00e9gatif\u00a0:<\/a><\/li><li class='ez-toc-page-1 ez-toc-heading-level-3'><a class=\"ez-toc-link ez-toc-heading-7\" href=\"https:\/\/www.mobilier-design-occasion.fr\/magazine\/test-avis-sur-habitat-jardin\/#Plutot_positif\" >Plut\u00f4t positif&nbsp;:<\/a><\/li><li class='ez-toc-page-1 ez-toc-heading-level-3'><a class=\"ez-toc-link ez-toc-heading-8\" href=\"https:\/\/www.mobilier-design-occasion.fr\/magazine\/test-avis-sur-habitat-jardin\/#Prix_du_produit\" >Prix du produit<\/a><\/li><li class='ez-toc-page-1 ez-toc-heading-level-3'><a class=\"ez-toc-link ez-toc-heading-9\" href=\"https:\/\/www.mobilier-design-occasion.fr\/magazine\/test-avis-sur-habitat-jardin\/#Les_frais_de_livraison\" >Les frais de livraison<\/a><\/li><li class='ez-toc-page-1 ez-toc-heading-level-3'><a class=\"ez-toc-link ez-toc-heading-10\" href=\"https:\/\/www.mobilier-design-occasion.fr\/magazine\/test-avis-sur-habitat-jardin\/#Les_moyens_de_paiement\" >Les moyens de paiement<\/a><\/li><li class='ez-toc-page-1 ez-toc-heading-level-3'><a class=\"ez-toc-link ez-toc-heading-11\" href=\"https:\/\/www.mobilier-design-occasion.fr\/magazine\/test-avis-sur-habitat-jardin\/#Service_apres-vente\" >Service apr\u00e8s-vente<\/a><\/li><li class='ez-toc-page-1 ez-toc-heading-level-3'><a class=\"ez-toc-link ez-toc-heading-12\" href=\"https:\/\/www.mobilier-design-occasion.fr\/magazine\/test-avis-sur-habitat-jardin\/#Les_garanties\" >Les garanties<\/a><\/li><li class='ez-toc-page-1 ez-toc-heading-level-3'><a class=\"ez-toc-link ez-toc-heading-13\" href=\"https:\/\/www.mobilier-design-occasion.fr\/magazine\/test-avis-sur-habitat-jardin\/#Quest-ce_qui_nous_manque\" >Qu\u2019est-ce qui nous manque&nbsp;?<\/a><\/li><\/ul><\/li><\/ul><\/nav><\/div>\n\n\n\n\n<figure class=\"wp-block-image size-full\"><img loading=\"lazy\" decoding=\"async\" width=\"240\" height=\"70\" src=\"https:\/\/www.mobilier-design-occasion.fr\/magazine\/wp-content\/uploads\/2021\/10\/hj.jpg\" alt=\"\" class=\"wp-image-2803\"\/><\/figure>\n\n\n\n<p>Habitat &amp; Jardin est une plateforme de vente pour une large s\u00e9lection d\u2019articles de qualit\u00e9 sur le domaine de l\u2019habitat. Plusieurs types de produits sont \u00e0 d\u00e9couvrir chez Habitat &amp; Jardin, que ce soit du jardin, de la piscine, du bricolage et pour toute la maison enti\u00e8re. Habitat &amp; Jardin vous propose pr\u00e8s de 10000 r\u00e9f\u00e9rences pour trouver ce qu\u2019il vous faut dans votre habitat.<\/p>\n\n\n\n<h2 class=\"wp-block-heading\"><span class=\"ez-toc-section\" id=\"Les_coordonnees_dHabitat_Jardin\"><\/span>Les coordonn\u00e9es d\u2019Habitat &amp; Jardin<span class=\"ez-toc-section-end\"><\/span><\/h2>\n\n\n\n<div class=\"wp-block-image\"><figure class=\"alignleft size-full\"><img loading=\"lazy\" decoding=\"async\" width=\"179\" height=\"130\" src=\"https:\/\/www.mobilier-design-occasion.fr\/magazine\/wp-content\/uploads\/2021\/10\/hj1.jpg\" alt=\"\" class=\"wp-image-2804\"\/><figcaption>illustration habitatetjardin.com<\/figcaption><\/figure><\/div>\n\n\n\n<p>Habitat &amp; Jardin ne poss\u00e8de pas de magasin physique, mais tout se passe en ligne et \u00e0 distance.<\/p>\n\n\n\n<p>Vous pouvez d\u00e9couvrir les produits d\u2019Habitat &amp; Jardin sur leur site via ce lien\u00a0: <a href=\"https:\/\/www.habitatetjardin.com\/\">https:\/\/www.habitatetjardin.com\/<\/a> .<\/p>\n\n\n\n<p><\/p>\n\n\n\n<h2 class=\"wp-block-heading\"><span class=\"ez-toc-section\" id=\"La_promesse\"><\/span>La promesse<span class=\"ez-toc-section-end\"><\/span><\/h2>\n\n\n\n<div class=\"wp-block-image\"><figure class=\"alignleft size-full\"><img loading=\"lazy\" decoding=\"async\" width=\"175\" height=\"128\" src=\"https:\/\/www.mobilier-design-occasion.fr\/magazine\/wp-content\/uploads\/2021\/10\/hj2.jpg\" alt=\"\" class=\"wp-image-2805\"\/><figcaption>illustration habitatetjardin.com<\/figcaption><\/figure><\/div>\n\n\n\n<p><strong>Facilit\u00e9 de paiement<\/strong><br>Vous pouvez payer en plusieurs fois les produits que vous achetez chez Habitat &amp; Jardin, gr\u00e2ce \u00e0 leur partenaire bancaire.<\/p>\n\n\n\n<p><strong>Promotion<\/strong><br>Habitat &amp; Jardin propose toujours des offres promotionnelles jusqu\u2019\u00e0 \u00e9puisement de stock.<\/p>\n\n\n\n<p><strong>Des produits de qualit\u00e9<br><\/strong>Afin de satisfaire sa client\u00e8le, Habitat&amp;Jardin propose des produits de bonne qualit\u00e9.<\/p>\n\n\n\n<h2 class=\"wp-block-heading\"><span class=\"ez-toc-section\" id=\"Les_magasins_dHabitat_Jardin\"><\/span>Les magasins d\u2019Habitat &amp; Jardin<span class=\"ez-toc-section-end\"><\/span><\/h2>\n\n\n\n<p>Habitat &amp; Jardin n\u2019a pas de magasin physique, mais toute l\u2019\u00e9quipe est pr\u00eate \u00e0 vous recevoir et \u00e0 vous guider sur le site\u00a0: <a href=\"https:\/\/www.habitatetjardin.com\/\">https:\/\/www.habitatetjardin.com\/<\/a> .<\/p>\n\n\n\n<h2 class=\"wp-block-heading\"><span class=\"ez-toc-section\" id=\"Les_avis_clients_sur_Habitat_Jardin\"><\/span>Les avis clients sur Habitat &amp; Jardin<span class=\"ez-toc-section-end\"><\/span><\/h2>\n\n\n\n<div class=\"wp-block-image\"><figure class=\"alignleft size-full is-resized\"><img loading=\"lazy\" decoding=\"async\" src=\"https:\/\/www.mobilier-design-occasion.fr\/magazine\/wp-content\/uploads\/2021\/10\/hj4.jpg\" alt=\"\" class=\"wp-image-2808\" width=\"292\" height=\"128\"\/><figcaption>Truspilot<\/figcaption><\/figure><\/div>\n\n\n\n<p>Habitat &amp; Jardin \u00e0 une note de 2.9\/5 sur Trustpilot. Voyons \u00e7a de plus pr\u00e8s.<\/p>\n\n\n\n<p><\/p>\n\n\n\n<p><\/p>\n\n\n\n<h3 class=\"wp-block-heading\"><span class=\"ez-toc-section\" id=\"Plutot_negatif\"><\/span><strong>Plut\u00f4t n\u00e9gatif\u00a0:<\/strong><span class=\"ez-toc-section-end\"><\/span><\/h3>\n\n\n\n<ul class=\"wp-block-list\"><li><strong>Produit non conforme\u00a0: <\/strong>le produit re\u00e7u ne correspond pas \u00e0 la description sur le site.<\/li><\/ul>\n\n\n\n<blockquote class=\"wp-block-quote is-layout-flow wp-block-quote-is-layout-flow\"><p>\u00ab&nbsp;Le matelas command\u00e9 ne correspond pas a la description, il devait \u00eatre ferme et au contraire il est tr\u00e8s mou,<br>Tr\u00e8s mauvaises informations car avec mon mal de dos, impossible de dormir sur ce matelas, achat inutile.&nbsp;\u00bb<\/p><cite>Lelarge Christian<\/cite><\/blockquote>\n\n\n\n<p><\/p>\n\n\n\n<ul class=\"wp-block-list\"><li><strong>SAV non professionnel\u00a0: <\/strong>le service apr\u00e8s-vente ne prend pas en consid\u00e9ration les probl\u00e8mes r\u00e9clam\u00e9s par les clients.<\/li><\/ul>\n\n\n\n<blockquote class=\"wp-block-quote is-layout-flow wp-block-quote-is-layout-flow\"><p>apr\u00e8s une livraison d\u00e9but ao\u00fbt de la moiti\u00e9 d un <a href=\"https:\/\/www.mobilier-design-occasion.fr\/magazine\/test-avis-sur-poltronesofa\/\">canap\u00e9<\/a><br>et nos multiples multiples demande de r\u00e9cup\u00e9rer l autre part<br>deux mois apr\u00e8s nous avons enfin \u00e0 obtenir de votre soci\u00e9t\u00e9 de venir r\u00e9cup\u00e8re et proc\u00e9der au remboursement<br>vous nous avez fix\u00e9 un jour d \u00e9nlevement vendredi 15 avec un espace horaire de 8h \u00e0 18 h ce qui m\u2019a impos\u00e9 de prendre une journ\u00e9e de cong\u00e9 pour attendre les livreurs qui ne sont jamais pass\u00e9 ni aucun appel pour pr\u00e9venir<br>aujourd\u2019hui nous avons toujours la<br>gene importante de cette moiti\u00e9 de canap\u00e9 dans notre s\u00e9jour depuis 3 mois <\/p><cite>Lina<\/cite><\/blockquote>\n\n\n\n<h3 class=\"wp-block-heading\"><span class=\"ez-toc-section\" id=\"Plutot_positif\"><\/span><strong>Plut\u00f4t positif&nbsp;:<\/strong><span class=\"ez-toc-section-end\"><\/span><\/h3>\n\n\n\n<p><strong>Produit de qualit\u00e9\u00a0: <\/strong>le produit re\u00e7u est de bonne qualit\u00e9 selon les clients.<\/p>\n\n\n\n<blockquote class=\"wp-block-quote is-layout-flow wp-block-quote-is-layout-flow\"><p>\u00ab&nbsp;Conforme \u00e0 ce que j\u2019ai command\u00e9 et conforme \u00e0 la description des articles .<br>Satisfaites des produits .<br>Frais de port un peu cher pour ce que j\u2019ai achet\u00e9 mais c\u2019est arriv\u00e9 par transporteur particulier sur mon lieu de travail donc cela a un co\u00fbt je suppose &#8230; mais je n\u2019ai pas eu le choix du transporteur &#8230;&nbsp;\u00bb<\/p><cite>Client<\/cite><\/blockquote>\n\n\n\n<p><\/p>\n\n\n\n<ul class=\"wp-block-list\"><li><strong>Produit livr\u00e9 \u00e0 temps\u00a0: <\/strong>le produit est exp\u00e9di\u00e9 \u00e0 temps et est bien arriv\u00e9 dans le d\u00e9lai.<\/li><\/ul>\n\n\n\n<blockquote class=\"wp-block-quote is-layout-flow wp-block-quote-is-layout-flow\"><p>\u00ab\u00a0Service remarquable produit excellent a la hauteur de ce que j attendais livraison s\u00e9rieuse je recommande Habitat et jardin\u00a0\u00bb<\/p><cite>Montferrand<\/cite><\/blockquote>\n\n\n\n<blockquote class=\"wp-block-quote is-layout-flow wp-block-quote-is-layout-flow\"><p>\u00ab\u00a0Bon produit conforme au catalogue<br>Envoi rapide\u00a0\u00bb<\/p><cite>Bernard<\/cite><\/blockquote>\n\n\n\n<h3 class=\"wp-block-heading\"><span class=\"ez-toc-section\" id=\"Prix_du_produit\"><\/span>Prix du produit<span class=\"ez-toc-section-end\"><\/span><\/h3>\n\n\n\n<figure class=\"wp-block-image size-full\"><img loading=\"lazy\" decoding=\"async\" width=\"105\" height=\"56\" src=\"https:\/\/www.mobilier-design-occasion.fr\/magazine\/wp-content\/uploads\/2021\/10\/hj5.jpg\" alt=\"\" class=\"wp-image-2809\"\/><figcaption>exemple de prix<\/figcaption><\/figure>\n\n\n\n<p>Les produits chez Habitat &amp; Jardin sont tr\u00e8s vari\u00e9s et le prix \u00e9galement. Le prix diff\u00e8re selon la marque, le mod\u00e8le, le type et la cat\u00e9gorie du produit en elle-m\u00eame. Le prix est affich\u00e9 en dessous de chaque photo du produit.<\/p>\n\n\n\n<h3 class=\"wp-block-heading\"><span class=\"ez-toc-section\" id=\"Les_frais_de_livraison\"><\/span>Les frais de livraison<span class=\"ez-toc-section-end\"><\/span><\/h3>\n\n\n\n<p>Les frais de livraison sont calcul\u00e9s selon l\u2019endroit o\u00f9 vous souhaitez recevoir votre colis, le tarif n\u2019est donc pas pareil pour la <a href=\"https:\/\/www.mobilier-design-occasion.fr\/magazine\/test-avis-sur-ripaton\/\">France<\/a>, la Corse, les DOM TOM ou d\u2019autres pays.<\/p>\n\n\n\n<p>Les frais de livraison sont \u00e9galement calcul\u00e9s selon le poids de votre produit.<\/p>\n\n\n\n<h3 class=\"wp-block-heading\"><span class=\"ez-toc-section\" id=\"Les_moyens_de_paiement\"><\/span>Les moyens de paiement<span class=\"ez-toc-section-end\"><\/span><\/h3>\n\n\n\n<p>Pas beaucoup de choix sur le mode de paiement sur Habitat &amp; Jardin, soit vous payez par carte bancaire, soit vous payez par carte Aurore.<\/p>\n\n\n\n<p>\u00c0 partir d\u2019un achat \u00e0 100 \u20ac, Habitat&amp;Jardin propose un paiement en 3 fois.<\/p>\n\n\n\n<h3 class=\"wp-block-heading\"><span class=\"ez-toc-section\" id=\"Service_apres-vente\"><\/span>Service apr\u00e8s-vente<span class=\"ez-toc-section-end\"><\/span><\/h3>\n\n\n\n<figure class=\"wp-block-image size-full\"><img loading=\"lazy\" decoding=\"async\" width=\"660\" height=\"523\" src=\"https:\/\/www.mobilier-design-occasion.fr\/magazine\/wp-content\/uploads\/2021\/10\/hj6.1.jpg\" alt=\"\" class=\"wp-image-2810\" srcset=\"https:\/\/www.mobilier-design-occasion.fr\/magazine\/wp-content\/uploads\/2021\/10\/hj6.1.jpg 660w, https:\/\/www.mobilier-design-occasion.fr\/magazine\/wp-content\/uploads\/2021\/10\/hj6.1-300x238.jpg 300w\" sizes=\"auto, (max-width: 660px) 100vw, 660px\" \/><\/figure>\n\n\n\n<p>Pour le service client, vous pouvez les contacter par leur num\u00e9ro t\u00e9l\u00e9phone du lundi au jeudi de 9h \u00e0 18h et le vendredi de 9h \u00e0 17h, vous pouvez les contacter via le formulaire de contact&nbsp;: <a href=\"https:\/\/www.habitatetjardin.com\/contact\/contact.html\">https:\/\/www.habitatetjardin.com\/contact\/contact.html<\/a> , et vous pouvez aussi les suivre sur les r\u00e9seaux sociaux.<\/p>\n\n\n\n<h3 class=\"wp-block-heading\"><span class=\"ez-toc-section\" id=\"Les_garanties\"><\/span>Les garanties<span class=\"ez-toc-section-end\"><\/span><\/h3>\n\n\n\n<figure class=\"wp-block-image size-full\"><img loading=\"lazy\" decoding=\"async\" width=\"191\" height=\"191\" src=\"https:\/\/www.mobilier-design-occasion.fr\/magazine\/wp-content\/uploads\/2021\/10\/hj7.jpg\" alt=\"\" class=\"wp-image-2813\" srcset=\"https:\/\/www.mobilier-design-occasion.fr\/magazine\/wp-content\/uploads\/2021\/10\/hj7.jpg 191w, https:\/\/www.mobilier-design-occasion.fr\/magazine\/wp-content\/uploads\/2021\/10\/hj7-150x150.jpg 150w\" sizes=\"auto, (max-width: 191px) 100vw, 191px\" \/><\/figure>\n\n\n\n<p>Avec Habitat &amp; Jardin, les produits sont tous de bonne qualit\u00e9 parce que si vous n\u2019\u00eates pas satisfait de votre achat, vous \u00eates totalement rembours\u00e9. Votre paiement sur Habitat &amp; Jardin est totalement s\u00e9curis\u00e9. L\u2019enseigne Habitat &amp; Jardin a pr\u00e8s de 10000 r\u00e9f\u00e9rences pour que vous trouviez le bon produit.<\/p>\n\n\n\n<h3 class=\"wp-block-heading\"><span class=\"ez-toc-section\" id=\"Quest-ce_qui_nous_manque\"><\/span>Qu\u2019est-ce qui nous manque&nbsp;?<span class=\"ez-toc-section-end\"><\/span><\/h3>\n\n\n\n<ul class=\"wp-block-list\"><li>Un service client plus r\u00e9actif<\/li><li>Plus de d\u00e9tail sur le paiement et la livraison<\/li><li>Outil de comparaison<\/li><li>Syst\u00e8me d\u2019alerte<\/li><\/ul>\n","protected":false},"excerpt":{"rendered":"<p>Qui est Habitat &amp; Jardin&nbsp;? Habitat &amp; Jardin est une plateforme de vente pour une large s\u00e9lection d\u2019articles de qualit\u00e9 sur le domaine de l\u2019habitat. Plusieurs types de produits sont \u00e0 d\u00e9couvrir chez Habitat &amp; Jardin, que ce soit du jardin, de la piscine, du bricolage et pour toute la maison enti\u00e8re. Habitat &amp; Jardin [&hellip;]<\/p>\n","protected":false},"author":1,"featured_media":2807,"comment_status":"open","ping_status":"open","sticky":false,"template":"","format":"standard","meta":{"footnotes":""},"categories":[8],"tags":[],"class_list":["post-2801","post","type-post","status-publish","format-standard","has-post-thumbnail","hentry","category-avis"],"yoast_head":"<!-- This site is optimized with the Yoast SEO plugin v27.5 - https:\/\/yoast.com\/product\/yoast-seo-wordpress\/ -->\n<title>Test &amp; avis sur Habitat &amp; Jardin - Mobilier Design Magazine<\/title>\n<meta name=\"robots\" content=\"index, follow, max-snippet:-1, max-image-preview:large, max-video-preview:-1\" \/>\n<link rel=\"canonical\" href=\"https:\/\/www.mobilier-design-occasion.fr\/magazine\/test-avis-sur-habitat-jardin\/\" \/>\n<meta property=\"og:locale\" content=\"fr_FR\" \/>\n<meta property=\"og:type\" content=\"article\" \/>\n<meta property=\"og:title\" content=\"Test &amp; avis sur Habitat &amp; Jardin - Mobilier Design Magazine\" \/>\n<meta property=\"og:description\" content=\"Qui est Habitat &amp; Jardin&nbsp;? Habitat &amp; Jardin est une plateforme de vente pour une large s\u00e9lection d\u2019articles de qualit\u00e9 sur le domaine de l\u2019habitat. Plusieurs types de produits sont \u00e0 d\u00e9couvrir chez Habitat &amp; Jardin, que ce soit du jardin, de la piscine, du bricolage et pour toute la maison enti\u00e8re. Habitat &amp; Jardin [&hellip;]\" \/>\n<meta property=\"og:url\" content=\"https:\/\/www.mobilier-design-occasion.fr\/magazine\/test-avis-sur-habitat-jardin\/\" \/>\n<meta property=\"og:site_name\" content=\"Mobilier Design Magazine\" \/>\n<meta property=\"article:publisher\" content=\"https:\/\/www.facebook.com\/mobilierdesignoccasion\" \/>\n<meta property=\"article:published_time\" content=\"2021-10-27T14:10:28+00:00\" \/>\n<meta property=\"article:modified_time\" content=\"2021-10-27T14:10:29+00:00\" \/>\n<meta property=\"og:image\" content=\"https:\/\/www.mobilier-design-occasion.fr\/magazine\/wp-content\/uploads\/2021\/10\/hj3.jpg\" \/>\n\t<meta property=\"og:image:width\" content=\"456\" \/>\n\t<meta property=\"og:image:height\" content=\"299\" \/>\n\t<meta property=\"og:image:type\" content=\"image\/jpeg\" \/>\n<meta name=\"author\" content=\"Cyrielle Poirot\" \/>\n<meta name=\"twitter:card\" content=\"summary_large_image\" \/>\n<meta name=\"twitter:label1\" content=\"\u00c9crit par\" \/>\n\t<meta name=\"twitter:data1\" content=\"Cyrielle Poirot\" \/>\n\t<meta name=\"twitter:label2\" content=\"Dur\u00e9e de lecture estim\u00e9e\" \/>\n\t<meta name=\"twitter:data2\" content=\"4 minutes\" \/>\n<script type=\"application\/ld+json\" class=\"yoast-schema-graph\">{\"@context\":\"https:\\\/\\\/schema.org\",\"@graph\":[{\"@type\":\"Article\",\"@id\":\"https:\\\/\\\/www.mobilier-design-occasion.fr\\\/magazine\\\/test-avis-sur-habitat-jardin\\\/#article\",\"isPartOf\":{\"@id\":\"https:\\\/\\\/www.mobilier-design-occasion.fr\\\/magazine\\\/test-avis-sur-habitat-jardin\\\/\"},\"author\":{\"name\":\"Cyrielle Poirot\",\"@id\":\"https:\\\/\\\/www.mobilier-design-occasion.fr\\\/magazine\\\/#\\\/schema\\\/person\\\/5b2e5627a714ddadaaf8c9b886c55eff\"},\"headline\":\"Test &#038; avis sur Habitat &#038; Jardin\",\"datePublished\":\"2021-10-27T14:10:28+00:00\",\"dateModified\":\"2021-10-27T14:10:29+00:00\",\"mainEntityOfPage\":{\"@id\":\"https:\\\/\\\/www.mobilier-design-occasion.fr\\\/magazine\\\/test-avis-sur-habitat-jardin\\\/\"},\"wordCount\":853,\"commentCount\":0,\"publisher\":{\"@id\":\"https:\\\/\\\/www.mobilier-design-occasion.fr\\\/magazine\\\/#organization\"},\"image\":{\"@id\":\"https:\\\/\\\/www.mobilier-design-occasion.fr\\\/magazine\\\/test-avis-sur-habitat-jardin\\\/#primaryimage\"},\"thumbnailUrl\":\"https:\\\/\\\/www.mobilier-design-occasion.fr\\\/magazine\\\/wp-content\\\/uploads\\\/2021\\\/10\\\/hj3.jpg\",\"articleSection\":[\"Avis marques d\u00e9co\"],\"inLanguage\":\"fr-FR\",\"potentialAction\":[{\"@type\":\"CommentAction\",\"name\":\"Comment\",\"target\":[\"https:\\\/\\\/www.mobilier-design-occasion.fr\\\/magazine\\\/test-avis-sur-habitat-jardin\\\/#respond\"]}]},{\"@type\":\"WebPage\",\"@id\":\"https:\\\/\\\/www.mobilier-design-occasion.fr\\\/magazine\\\/test-avis-sur-habitat-jardin\\\/\",\"url\":\"https:\\\/\\\/www.mobilier-design-occasion.fr\\\/magazine\\\/test-avis-sur-habitat-jardin\\\/\",\"name\":\"Test & avis sur Habitat & Jardin - Mobilier Design Magazine\",\"isPartOf\":{\"@id\":\"https:\\\/\\\/www.mobilier-design-occasion.fr\\\/magazine\\\/#website\"},\"primaryImageOfPage\":{\"@id\":\"https:\\\/\\\/www.mobilier-design-occasion.fr\\\/magazine\\\/test-avis-sur-habitat-jardin\\\/#primaryimage\"},\"image\":{\"@id\":\"https:\\\/\\\/www.mobilier-design-occasion.fr\\\/magazine\\\/test-avis-sur-habitat-jardin\\\/#primaryimage\"},\"thumbnailUrl\":\"https:\\\/\\\/www.mobilier-design-occasion.fr\\\/magazine\\\/wp-content\\\/uploads\\\/2021\\\/10\\\/hj3.jpg\",\"datePublished\":\"2021-10-27T14:10:28+00:00\",\"dateModified\":\"2021-10-27T14:10:29+00:00\",\"breadcrumb\":{\"@id\":\"https:\\\/\\\/www.mobilier-design-occasion.fr\\\/magazine\\\/test-avis-sur-habitat-jardin\\\/#breadcrumb\"},\"inLanguage\":\"fr-FR\",\"potentialAction\":[{\"@type\":\"ReadAction\",\"target\":[\"https:\\\/\\\/www.mobilier-design-occasion.fr\\\/magazine\\\/test-avis-sur-habitat-jardin\\\/\"]}]},{\"@type\":\"ImageObject\",\"inLanguage\":\"fr-FR\",\"@id\":\"https:\\\/\\\/www.mobilier-design-occasion.fr\\\/magazine\\\/test-avis-sur-habitat-jardin\\\/#primaryimage\",\"url\":\"https:\\\/\\\/www.mobilier-design-occasion.fr\\\/magazine\\\/wp-content\\\/uploads\\\/2021\\\/10\\\/hj3.jpg\",\"contentUrl\":\"https:\\\/\\\/www.mobilier-design-occasion.fr\\\/magazine\\\/wp-content\\\/uploads\\\/2021\\\/10\\\/hj3.jpg\",\"width\":456,\"height\":299},{\"@type\":\"BreadcrumbList\",\"@id\":\"https:\\\/\\\/www.mobilier-design-occasion.fr\\\/magazine\\\/test-avis-sur-habitat-jardin\\\/#breadcrumb\",\"itemListElement\":[{\"@type\":\"ListItem\",\"position\":1,\"name\":\"Accueil\",\"item\":\"https:\\\/\\\/www.mobilier-design-occasion.fr\\\/magazine\\\/\"},{\"@type\":\"ListItem\",\"position\":2,\"name\":\"Test &#038; avis sur Habitat &#038; Jardin\"}]},{\"@type\":\"WebSite\",\"@id\":\"https:\\\/\\\/www.mobilier-design-occasion.fr\\\/magazine\\\/#website\",\"url\":\"https:\\\/\\\/www.mobilier-design-occasion.fr\\\/magazine\\\/\",\"name\":\"Mobilier Design Magazine\",\"description\":\"\",\"publisher\":{\"@id\":\"https:\\\/\\\/www.mobilier-design-occasion.fr\\\/magazine\\\/#organization\"},\"potentialAction\":[{\"@type\":\"SearchAction\",\"target\":{\"@type\":\"EntryPoint\",\"urlTemplate\":\"https:\\\/\\\/www.mobilier-design-occasion.fr\\\/magazine\\\/?s={search_term_string}\"},\"query-input\":{\"@type\":\"PropertyValueSpecification\",\"valueRequired\":true,\"valueName\":\"search_term_string\"}}],\"inLanguage\":\"fr-FR\"},{\"@type\":\"Organization\",\"@id\":\"https:\\\/\\\/www.mobilier-design-occasion.fr\\\/magazine\\\/#organization\",\"name\":\"Mobilier Design Magazine\",\"url\":\"https:\\\/\\\/www.mobilier-design-occasion.fr\\\/magazine\\\/\",\"logo\":{\"@type\":\"ImageObject\",\"inLanguage\":\"fr-FR\",\"@id\":\"https:\\\/\\\/www.mobilier-design-occasion.fr\\\/magazine\\\/#\\\/schema\\\/logo\\\/image\\\/\",\"url\":\"https:\\\/\\\/www.mobilier-design-occasion.fr\\\/magazine\\\/wp-content\\\/uploads\\\/2024\\\/02\\\/android-chrome-192x192-1.png\",\"contentUrl\":\"https:\\\/\\\/www.mobilier-design-occasion.fr\\\/magazine\\\/wp-content\\\/uploads\\\/2024\\\/02\\\/android-chrome-192x192-1.png\",\"width\":192,\"height\":192,\"caption\":\"Mobilier Design Magazine\"},\"image\":{\"@id\":\"https:\\\/\\\/www.mobilier-design-occasion.fr\\\/magazine\\\/#\\\/schema\\\/logo\\\/image\\\/\"},\"sameAs\":[\"https:\\\/\\\/www.facebook.com\\\/mobilierdesignoccasion\"]},{\"@type\":\"Person\",\"@id\":\"https:\\\/\\\/www.mobilier-design-occasion.fr\\\/magazine\\\/#\\\/schema\\\/person\\\/5b2e5627a714ddadaaf8c9b886c55eff\",\"name\":\"Cyrielle Poirot\",\"image\":{\"@type\":\"ImageObject\",\"inLanguage\":\"fr-FR\",\"@id\":\"https:\\\/\\\/secure.gravatar.com\\\/avatar\\\/c8d2674e093b06894d8d1dc468b626bd752523471f3ac6e75f7c7a1400d40b4d?s=96&d=mm&r=g\",\"url\":\"https:\\\/\\\/secure.gravatar.com\\\/avatar\\\/c8d2674e093b06894d8d1dc468b626bd752523471f3ac6e75f7c7a1400d40b4d?s=96&d=mm&r=g\",\"contentUrl\":\"https:\\\/\\\/secure.gravatar.com\\\/avatar\\\/c8d2674e093b06894d8d1dc468b626bd752523471f3ac6e75f7c7a1400d40b4d?s=96&d=mm&r=g\",\"caption\":\"Cyrielle Poirot\"},\"description\":\"Cyrielle est passionn\u00e9e par la d\u00e9coration d'int\u00e9rieur et s'est sp\u00e9cialis\u00e9e depuis quelques ann\u00e9es dans l'\u00e9dition du site Mobilier-Design, avec une touche sp\u00e9cifique pour les produits d'occasion.\",\"sameAs\":[\"https:\\\/\\\/www.mobilier-design-occasion.fr\\\/magazine\"],\"url\":\"https:\\\/\\\/www.mobilier-design-occasion.fr\\\/magazine\\\/author\\\/cyrielle\\\/\"}]}<\/script>\n<!-- \/ Yoast SEO plugin. -->","yoast_head_json":{"title":"Test & avis sur Habitat & Jardin - Mobilier Design Magazine","robots":{"index":"index","follow":"follow","max-snippet":"max-snippet:-1","max-image-preview":"max-image-preview:large","max-video-preview":"max-video-preview:-1"},"canonical":"https:\/\/www.mobilier-design-occasion.fr\/magazine\/test-avis-sur-habitat-jardin\/","og_locale":"fr_FR","og_type":"article","og_title":"Test & avis sur Habitat & Jardin - Mobilier Design Magazine","og_description":"Qui est Habitat &amp; Jardin&nbsp;? Habitat &amp; Jardin est une plateforme de vente pour une large s\u00e9lection d\u2019articles de qualit\u00e9 sur le domaine de l\u2019habitat. Plusieurs types de produits sont \u00e0 d\u00e9couvrir chez Habitat &amp; Jardin, que ce soit du jardin, de la piscine, du bricolage et pour toute la maison enti\u00e8re. Habitat &amp; Jardin [&hellip;]","og_url":"https:\/\/www.mobilier-design-occasion.fr\/magazine\/test-avis-sur-habitat-jardin\/","og_site_name":"Mobilier Design Magazine","article_publisher":"https:\/\/www.facebook.com\/mobilierdesignoccasion","article_published_time":"2021-10-27T14:10:28+00:00","article_modified_time":"2021-10-27T14:10:29+00:00","og_image":[{"width":456,"height":299,"url":"https:\/\/www.mobilier-design-occasion.fr\/magazine\/wp-content\/uploads\/2021\/10\/hj3.jpg","type":"image\/jpeg"}],"author":"Cyrielle Poirot","twitter_card":"summary_large_image","twitter_misc":{"\u00c9crit par":"Cyrielle Poirot","Dur\u00e9e de lecture estim\u00e9e":"4 minutes"},"schema":{"@context":"https:\/\/schema.org","@graph":[{"@type":"Article","@id":"https:\/\/www.mobilier-design-occasion.fr\/magazine\/test-avis-sur-habitat-jardin\/#article","isPartOf":{"@id":"https:\/\/www.mobilier-design-occasion.fr\/magazine\/test-avis-sur-habitat-jardin\/"},"author":{"name":"Cyrielle Poirot","@id":"https:\/\/www.mobilier-design-occasion.fr\/magazine\/#\/schema\/person\/5b2e5627a714ddadaaf8c9b886c55eff"},"headline":"Test &#038; avis sur Habitat &#038; Jardin","datePublished":"2021-10-27T14:10:28+00:00","dateModified":"2021-10-27T14:10:29+00:00","mainEntityOfPage":{"@id":"https:\/\/www.mobilier-design-occasion.fr\/magazine\/test-avis-sur-habitat-jardin\/"},"wordCount":853,"commentCount":0,"publisher":{"@id":"https:\/\/www.mobilier-design-occasion.fr\/magazine\/#organization"},"image":{"@id":"https:\/\/www.mobilier-design-occasion.fr\/magazine\/test-avis-sur-habitat-jardin\/#primaryimage"},"thumbnailUrl":"https:\/\/www.mobilier-design-occasion.fr\/magazine\/wp-content\/uploads\/2021\/10\/hj3.jpg","articleSection":["Avis marques d\u00e9co"],"inLanguage":"fr-FR","potentialAction":[{"@type":"CommentAction","name":"Comment","target":["https:\/\/www.mobilier-design-occasion.fr\/magazine\/test-avis-sur-habitat-jardin\/#respond"]}]},{"@type":"WebPage","@id":"https:\/\/www.mobilier-design-occasion.fr\/magazine\/test-avis-sur-habitat-jardin\/","url":"https:\/\/www.mobilier-design-occasion.fr\/magazine\/test-avis-sur-habitat-jardin\/","name":"Test & avis sur Habitat & Jardin - Mobilier Design Magazine","isPartOf":{"@id":"https:\/\/www.mobilier-design-occasion.fr\/magazine\/#website"},"primaryImageOfPage":{"@id":"https:\/\/www.mobilier-design-occasion.fr\/magazine\/test-avis-sur-habitat-jardin\/#primaryimage"},"image":{"@id":"https:\/\/www.mobilier-design-occasion.fr\/magazine\/test-avis-sur-habitat-jardin\/#primaryimage"},"thumbnailUrl":"https:\/\/www.mobilier-design-occasion.fr\/magazine\/wp-content\/uploads\/2021\/10\/hj3.jpg","datePublished":"2021-10-27T14:10:28+00:00","dateModified":"2021-10-27T14:10:29+00:00","breadcrumb":{"@id":"https:\/\/www.mobilier-design-occasion.fr\/magazine\/test-avis-sur-habitat-jardin\/#breadcrumb"},"inLanguage":"fr-FR","potentialAction":[{"@type":"ReadAction","target":["https:\/\/www.mobilier-design-occasion.fr\/magazine\/test-avis-sur-habitat-jardin\/"]}]},{"@type":"ImageObject","inLanguage":"fr-FR","@id":"https:\/\/www.mobilier-design-occasion.fr\/magazine\/test-avis-sur-habitat-jardin\/#primaryimage","url":"https:\/\/www.mobilier-design-occasion.fr\/magazine\/wp-content\/uploads\/2021\/10\/hj3.jpg","contentUrl":"https:\/\/www.mobilier-design-occasion.fr\/magazine\/wp-content\/uploads\/2021\/10\/hj3.jpg","width":456,"height":299},{"@type":"BreadcrumbList","@id":"https:\/\/www.mobilier-design-occasion.fr\/magazine\/test-avis-sur-habitat-jardin\/#breadcrumb","itemListElement":[{"@type":"ListItem","position":1,"name":"Accueil","item":"https:\/\/www.mobilier-design-occasion.fr\/magazine\/"},{"@type":"ListItem","position":2,"name":"Test &#038; avis sur Habitat &#038; Jardin"}]},{"@type":"WebSite","@id":"https:\/\/www.mobilier-design-occasion.fr\/magazine\/#website","url":"https:\/\/www.mobilier-design-occasion.fr\/magazine\/","name":"Mobilier Design Magazine","description":"","publisher":{"@id":"https:\/\/www.mobilier-design-occasion.fr\/magazine\/#organization"},"potentialAction":[{"@type":"SearchAction","target":{"@type":"EntryPoint","urlTemplate":"https:\/\/www.mobilier-design-occasion.fr\/magazine\/?s={search_term_string}"},"query-input":{"@type":"PropertyValueSpecification","valueRequired":true,"valueName":"search_term_string"}}],"inLanguage":"fr-FR"},{"@type":"Organization","@id":"https:\/\/www.mobilier-design-occasion.fr\/magazine\/#organization","name":"Mobilier Design Magazine","url":"https:\/\/www.mobilier-design-occasion.fr\/magazine\/","logo":{"@type":"ImageObject","inLanguage":"fr-FR","@id":"https:\/\/www.mobilier-design-occasion.fr\/magazine\/#\/schema\/logo\/image\/","url":"https:\/\/www.mobilier-design-occasion.fr\/magazine\/wp-content\/uploads\/2024\/02\/android-chrome-192x192-1.png","contentUrl":"https:\/\/www.mobilier-design-occasion.fr\/magazine\/wp-content\/uploads\/2024\/02\/android-chrome-192x192-1.png","width":192,"height":192,"caption":"Mobilier Design Magazine"},"image":{"@id":"https:\/\/www.mobilier-design-occasion.fr\/magazine\/#\/schema\/logo\/image\/"},"sameAs":["https:\/\/www.facebook.com\/mobilierdesignoccasion"]},{"@type":"Person","@id":"https:\/\/www.mobilier-design-occasion.fr\/magazine\/#\/schema\/person\/5b2e5627a714ddadaaf8c9b886c55eff","name":"Cyrielle Poirot","image":{"@type":"ImageObject","inLanguage":"fr-FR","@id":"https:\/\/secure.gravatar.com\/avatar\/c8d2674e093b06894d8d1dc468b626bd752523471f3ac6e75f7c7a1400d40b4d?s=96&d=mm&r=g","url":"https:\/\/secure.gravatar.com\/avatar\/c8d2674e093b06894d8d1dc468b626bd752523471f3ac6e75f7c7a1400d40b4d?s=96&d=mm&r=g","contentUrl":"https:\/\/secure.gravatar.com\/avatar\/c8d2674e093b06894d8d1dc468b626bd752523471f3ac6e75f7c7a1400d40b4d?s=96&d=mm&r=g","caption":"Cyrielle Poirot"},"description":"Cyrielle est passionn\u00e9e par la d\u00e9coration d'int\u00e9rieur et s'est sp\u00e9cialis\u00e9e depuis quelques ann\u00e9es dans l'\u00e9dition du site Mobilier-Design, avec une touche sp\u00e9cifique pour les produits d'occasion.","sameAs":["https:\/\/www.mobilier-design-occasion.fr\/magazine"],"url":"https:\/\/www.mobilier-design-occasion.fr\/magazine\/author\/cyrielle\/"}]}},"_links":{"self":[{"href":"https:\/\/www.mobilier-design-occasion.fr\/magazine\/wp-json\/wp\/v2\/posts\/2801","targetHints":{"allow":["GET"]}}],"collection":[{"href":"https:\/\/www.mobilier-design-occasion.fr\/magazine\/wp-json\/wp\/v2\/posts"}],"about":[{"href":"https:\/\/www.mobilier-design-occasion.fr\/magazine\/wp-json\/wp\/v2\/types\/post"}],"author":[{"embeddable":true,"href":"https:\/\/www.mobilier-design-occasion.fr\/magazine\/wp-json\/wp\/v2\/users\/1"}],"replies":[{"embeddable":true,"href":"https:\/\/www.mobilier-design-occasion.fr\/magazine\/wp-json\/wp\/v2\/comments?post=2801"}],"version-history":[{"count":2,"href":"https:\/\/www.mobilier-design-occasion.fr\/magazine\/wp-json\/wp\/v2\/posts\/2801\/revisions"}],"predecessor-version":[{"id":3171,"href":"https:\/\/www.mobilier-design-occasion.fr\/magazine\/wp-json\/wp\/v2\/posts\/2801\/revisions\/3171"}],"wp:featuredmedia":[{"embeddable":true,"href":"https:\/\/www.mobilier-design-occasion.fr\/magazine\/wp-json\/wp\/v2\/media\/2807"}],"wp:attachment":[{"href":"https:\/\/www.mobilier-design-occasion.fr\/magazine\/wp-json\/wp\/v2\/media?parent=2801"}],"wp:term":[{"taxonomy":"category","embeddable":true,"href":"https:\/\/www.mobilier-design-occasion.fr\/magazine\/wp-json\/wp\/v2\/categories?post=2801"},{"taxonomy":"post_tag","embeddable":true,"href":"https:\/\/www.mobilier-design-occasion.fr\/magazine\/wp-json\/wp\/v2\/tags?post=2801"}],"curies":[{"name":"wp","href":"https:\/\/api.w.org\/{rel}","templated":true}]}}