{"id":2708,"date":"2021-10-26T19:26:47","date_gmt":"2021-10-26T19:26:47","guid":{"rendered":"https:\/\/www.mobilier-design-occasion.fr\/magazine\/?p=2708"},"modified":"2021-11-08T15:54:10","modified_gmt":"2021-11-08T15:54:10","slug":"test-avis-la-maison-du-canape","status":"publish","type":"post","link":"https:\/\/www.mobilier-design-occasion.fr\/magazine\/test-avis-la-maison-du-canape\/","title":{"rendered":"Test &#038; avis sur LA MAISON DU CANAP\u00c9"},"content":{"rendered":"\n<h2 class=\"wp-block-heading\"><span class=\"ez-toc-section\" id=\"Qui_est_LA_MAISON_DU_CANAPE\"><\/span>Qui est LA MAISON DU CANAP\u00c9?<span class=\"ez-toc-section-end\"><\/span><\/h2><div id=\"ez-toc-container\" class=\"ez-toc-v2_0_82_2 counter-hierarchy ez-toc-counter ez-toc-grey ez-toc-container-direction\">\n<div class=\"ez-toc-title-container\">\n<span class=\"ez-toc-title-toggle\"><a href=\"#\" class=\"ez-toc-pull-right ez-toc-btn ez-toc-btn-xs ez-toc-btn-default ez-toc-toggle\" aria-label=\"Toggle Table of Content\"><span class=\"ez-toc-js-icon-con\"><span class=\"\"><span class=\"eztoc-hide\" style=\"display:none;\">Toggle<\/span><span class=\"ez-toc-icon-toggle-span\"><svg style=\"fill: #999;color:#999\" xmlns=\"http:\/\/www.w3.org\/2000\/svg\" class=\"list-377408\" width=\"20px\" height=\"20px\" viewBox=\"0 0 24 24\" fill=\"none\"><path d=\"M6 6H4v2h2V6zm14 0H8v2h12V6zM4 11h2v2H4v-2zm16 0H8v2h12v-2zM4 16h2v2H4v-2zm16 0H8v2h12v-2z\" fill=\"currentColor\"><\/path><\/svg><svg style=\"fill: #999;color:#999\" class=\"arrow-unsorted-368013\" xmlns=\"http:\/\/www.w3.org\/2000\/svg\" width=\"10px\" height=\"10px\" viewBox=\"0 0 24 24\" version=\"1.2\" baseProfile=\"tiny\"><path d=\"M18.2 9.3l-6.2-6.3-6.2 6.3c-.2.2-.3.4-.3.7s.1.5.3.7c.2.2.4.3.7.3h11c.3 0 .5-.1.7-.3.2-.2.3-.5.3-.7s-.1-.5-.3-.7zM5.8 14.7l6.2 6.3 6.2-6.3c.2-.2.3-.5.3-.7s-.1-.5-.3-.7c-.2-.2-.4-.3-.7-.3h-11c-.3 0-.5.1-.7.3-.2.2-.3.5-.3.7s.1.5.3.7z\"\/><\/svg><\/span><\/span><\/span><\/a><\/span><\/div>\n<nav><ul class='ez-toc-list ez-toc-list-level-1 eztoc-toggle-hide-by-default' ><li class='ez-toc-page-1 ez-toc-heading-level-2'><a class=\"ez-toc-link ez-toc-heading-1\" href=\"https:\/\/www.mobilier-design-occasion.fr\/magazine\/test-avis-la-maison-du-canape\/#Qui_est_LA_MAISON_DU_CANAPE\" >Qui est LA MAISON DU CANAP\u00c9?<\/a><\/li><li class='ez-toc-page-1 ez-toc-heading-level-2'><a class=\"ez-toc-link ez-toc-heading-2\" href=\"https:\/\/www.mobilier-design-occasion.fr\/magazine\/test-avis-la-maison-du-canape\/#Les_coordonnees_de_LA_MAISON_DU_CANAPE\" >Les coordonn\u00e9es de LA MAISON DU CANAP\u00c9<\/a><\/li><li class='ez-toc-page-1 ez-toc-heading-level-2'><a class=\"ez-toc-link ez-toc-heading-3\" href=\"https:\/\/www.mobilier-design-occasion.fr\/magazine\/test-avis-la-maison-du-canape\/#La_promesse\" >La promesse<\/a><\/li><li class='ez-toc-page-1 ez-toc-heading-level-2'><a class=\"ez-toc-link ez-toc-heading-4\" href=\"https:\/\/www.mobilier-design-occasion.fr\/magazine\/test-avis-la-maison-du-canape\/#Les_magasins_LA_MAISON_DU_CANAPE\" >Les magasins LA MAISON DU CANAP\u00c9<\/a><\/li><li class='ez-toc-page-1 ez-toc-heading-level-2'><a class=\"ez-toc-link ez-toc-heading-5\" href=\"https:\/\/www.mobilier-design-occasion.fr\/magazine\/test-avis-la-maison-du-canape\/#Les_avis_clients_sur_LA_MAISON_DU_CANAPE\" >Les avis clients sur LA MAISON DU CANAP\u00c9<\/a><ul class='ez-toc-list-level-3' ><li class='ez-toc-heading-level-3'><a class=\"ez-toc-link ez-toc-heading-6\" href=\"https:\/\/www.mobilier-design-occasion.fr\/magazine\/test-avis-la-maison-du-canape\/#Plutot_negatif\" >Plut\u00f4t n\u00e9gatif:<\/a><\/li><li class='ez-toc-page-1 ez-toc-heading-level-3'><a class=\"ez-toc-link ez-toc-heading-7\" href=\"https:\/\/www.mobilier-design-occasion.fr\/magazine\/test-avis-la-maison-du-canape\/#Plutot_positif\" >Plut\u00f4t positif:<\/a><\/li><li class='ez-toc-page-1 ez-toc-heading-level-3'><a class=\"ez-toc-link ez-toc-heading-8\" href=\"https:\/\/www.mobilier-design-occasion.fr\/magazine\/test-avis-la-maison-du-canape\/#Prix_du_produit\" >Prix du produit<\/a><\/li><li class='ez-toc-page-1 ez-toc-heading-level-3'><a class=\"ez-toc-link ez-toc-heading-9\" href=\"https:\/\/www.mobilier-design-occasion.fr\/magazine\/test-avis-la-maison-du-canape\/#Les_frais_de_livraison\" >Les frais de livraison<\/a><\/li><li class='ez-toc-page-1 ez-toc-heading-level-3'><a class=\"ez-toc-link ez-toc-heading-10\" href=\"https:\/\/www.mobilier-design-occasion.fr\/magazine\/test-avis-la-maison-du-canape\/#Les_moyens_de_paiement\" >Les moyens de paiement<\/a><\/li><li class='ez-toc-page-1 ez-toc-heading-level-3'><a class=\"ez-toc-link ez-toc-heading-11\" href=\"https:\/\/www.mobilier-design-occasion.fr\/magazine\/test-avis-la-maison-du-canape\/#Service_apres_vente\" >Service apr\u00e8s vente<\/a><\/li><li class='ez-toc-page-1 ez-toc-heading-level-3'><a class=\"ez-toc-link ez-toc-heading-12\" href=\"https:\/\/www.mobilier-design-occasion.fr\/magazine\/test-avis-la-maison-du-canape\/#Les_garanties\" >Les garanties<\/a><\/li><li class='ez-toc-page-1 ez-toc-heading-level-3'><a class=\"ez-toc-link ez-toc-heading-13\" href=\"https:\/\/www.mobilier-design-occasion.fr\/magazine\/test-avis-la-maison-du-canape\/#Quest-ce_qui_nous_manque\" >Qu&#8217;est-ce qui nous manque?<\/a><\/li><\/ul><\/li><\/ul><\/nav><\/div>\n\n\n\n\n<div class=\"wp-block-image\"><figure class=\"alignleft size-full\"><img loading=\"lazy\" decoding=\"async\" width=\"349\" height=\"75\" src=\"https:\/\/www.mobilier-design-occasion.fr\/magazine\/wp-content\/uploads\/2021\/10\/L1-2.jpg\" alt=\"\" class=\"wp-image-2719\" srcset=\"https:\/\/www.mobilier-design-occasion.fr\/magazine\/wp-content\/uploads\/2021\/10\/L1-2.jpg 349w, https:\/\/www.mobilier-design-occasion.fr\/magazine\/wp-content\/uploads\/2021\/10\/L1-2-300x64.jpg 300w\" sizes=\"auto, (max-width: 349px) 100vw, 349px\" \/><\/figure><\/div>\n\n\n\n<p>LA MAISON DU <a href=\"https:\/\/www.mobilier-design-occasion.fr\/magazine\/test-avis-sur-poltronesofa\/\">CANAP\u00c9<\/a> est une boutique en ligne qui est sp\u00e9cialis\u00e9e dans le domaine du canap\u00e9, que ce soit en cuir ou en tissu. La plateforme a \u00e9galement \u00e9largi sa gamme en ajoutant une collection de tables et des meubles de rangement. LA MAISON DU CANAP\u00c9 vous propose une large gamme de canap\u00e9s. <\/p>\n\n\n\n<h2 class=\"wp-block-heading\"><span class=\"ez-toc-section\" id=\"Les_coordonnees_de_LA_MAISON_DU_CANAPE\"><\/span>Les coordonn\u00e9es de LA MAISON DU CANAP\u00c9<span class=\"ez-toc-section-end\"><\/span><\/h2>\n\n\n\n<div class=\"wp-block-image\"><figure class=\"alignleft size-full\"><img loading=\"lazy\" decoding=\"async\" width=\"660\" height=\"366\" src=\"https:\/\/www.mobilier-design-occasion.fr\/magazine\/wp-content\/uploads\/2021\/10\/L2-2.jpg\" alt=\"\" class=\"wp-image-2720\" srcset=\"https:\/\/www.mobilier-design-occasion.fr\/magazine\/wp-content\/uploads\/2021\/10\/L2-2.jpg 660w, https:\/\/www.mobilier-design-occasion.fr\/magazine\/wp-content\/uploads\/2021\/10\/L2-2-300x166.jpg 300w\" sizes=\"auto, (max-width: 660px) 100vw, 660px\" \/><figcaption>Illustration lamaisonducanape.com<\/figcaption><\/figure><\/div>\n\n\n\n<p>Vous pouvez d\u00e9couvrir tous les produits mis en vente chez LA MAISON DU CANAP\u00c9, avec plusieurs photos et des informations d\u00e9taill\u00e9es des produits sur le site internet&nbsp;: <a href=\"https:\/\/www.lamaisonducanape.com\/\">https:\/\/www.lamaisonducanape.com\/<\/a>. Que ce soit pour les tables, les canap\u00e9s ou les meubles de rangement, vous pouvez trouver ce qui vous convient  chez LA MAISON DU CANAP\u00c9.<\/p>\n\n\n\n<h2 class=\"wp-block-heading\"><span class=\"ez-toc-section\" id=\"La_promesse\"><\/span>La promesse<span class=\"ez-toc-section-end\"><\/span><\/h2>\n\n\n\n<div class=\"wp-block-image\"><figure class=\"alignleft size-full\"><img loading=\"lazy\" decoding=\"async\" width=\"233\" height=\"190\" src=\"https:\/\/www.mobilier-design-occasion.fr\/magazine\/wp-content\/uploads\/2021\/10\/L3-2.jpg\" alt=\"\" class=\"wp-image-2721\"\/><figcaption>Illustration lamaisonducanape.com<\/figcaption><\/figure><\/div>\n\n\n\n<p><strong><a href=\"https:\/\/www.mobilier-design-occasion.fr\/magazine\/table-tulipe-knoll-indemodable-du-design\/\">Design<\/a> original<\/strong><br>Vous pouvez b\u00e9n\u00e9ficier d\u2019un canap\u00e9 design tr\u00e8s original et sur mesure en optant pour LA MAISON DU CANAP\u00c9.<\/p>\n\n\n\n<p><strong>Excellent service<\/strong><br>Les services clients et les conseillers sont \u00e0 votre disposition afin de r\u00e9pondre \u00e0 vos questions et \u00e0 vos demandes.<\/p>\n\n\n\n<p><strong>Exp\u00e9dition rapide<\/strong><br>LA MAISON DU CANAP\u00c9 fait tout leur possible afin que votre produit soit livr\u00e9 sous 24 \u00e0 72h, si ce dernier est en stock.<\/p>\n\n\n\n<p><strong>Des produits de qualit\u00e9<br><\/strong>La boutique en ligne effectue une s\u00e9lection minutieuse afin de vous satisfaire.<\/p>\n\n\n\n<h2 class=\"wp-block-heading\"><span class=\"ez-toc-section\" id=\"Les_magasins_LA_MAISON_DU_CANAPE\"><\/span>Les magasins LA MAISON DU CANAP\u00c9<span class=\"ez-toc-section-end\"><\/span><\/h2>\n\n\n\n<p>Sur le site internet&nbsp;: <a href=\"https:\/\/www.lamaisonducanape.com\/\">https:\/\/www.lamaisonducanape.com\/<\/a>, vous pouvez d\u00e9couvrir toute la gamme et les collections de meubles propos\u00e9s par LA MAISON DU CANAP\u00c9. Vous pouvez voir plusieurs photos des produits sur la plateforme, il est donc possible d\u2019avoir plus de d\u00e9tails m\u00eame si la plateforme ne poss\u00e8de pas de magasin afin de voir les produits physiquement.<\/p>\n\n\n\n<p><\/p>\n\n\n\n<h2 class=\"wp-block-heading\"><span class=\"ez-toc-section\" id=\"Les_avis_clients_sur_LA_MAISON_DU_CANAPE\"><\/span>Les avis clients sur LA MAISON DU CANAP\u00c9<span class=\"ez-toc-section-end\"><\/span><\/h2>\n\n\n\n<div class=\"wp-block-image\"><figure class=\"alignleft size-full\"><img loading=\"lazy\" decoding=\"async\" width=\"417\" height=\"145\" src=\"https:\/\/www.mobilier-design-occasion.fr\/magazine\/wp-content\/uploads\/2021\/10\/L4-2.jpg\" alt=\"\" class=\"wp-image-2722\" srcset=\"https:\/\/www.mobilier-design-occasion.fr\/magazine\/wp-content\/uploads\/2021\/10\/L4-2.jpg 417w, https:\/\/www.mobilier-design-occasion.fr\/magazine\/wp-content\/uploads\/2021\/10\/L4-2-300x104.jpg 300w\" sizes=\"auto, (max-width: 417px) 100vw, 417px\" \/><figcaption>Trustpilot<\/figcaption><\/figure><\/div>\n\n\n\n<p>Que pensent les clients du site LA MAISON DU CANAP\u00c9 ?<br>Globalement leur note est de 3.5\/5 sur Trustpilot, ce qui est une assez bonne note. Mais analysons cela en d\u00e9tail :<\/p>\n\n\n\n<h3 class=\"wp-block-heading\"><span class=\"ez-toc-section\" id=\"Plutot_negatif\"><\/span><strong>Plut\u00f4t n\u00e9gatif:<\/strong><span class=\"ez-toc-section-end\"><\/span><\/h3>\n\n\n\n<ul class=\"wp-block-list\"><li><strong>Produit Non conforme<\/strong> : certains produits livr\u00e9s aupr\u00e8s des clients ne sont pas conforme \u00e0 la commande et \u00e0 la demande du client.<\/li><li><strong>Qualit\u00e9 : <\/strong>certains clients r\u00e9clament avoir re\u00e7u des articles de mauvaise qualit\u00e9 \u00e0 la livraison.<\/li><li><strong>S A V :<\/strong> le SAV ne r\u00e9pond pas aux r\u00e9clamations des clients<\/li><\/ul>\n\n\n\n<blockquote class=\"wp-block-quote is-layout-flow wp-block-quote-is-layout-flow\"><p><em>\u00ab&nbsp;CATASTROPHIQUE ! Je regrette tellement de ne pas m\u2019\u00eatre renseign\u00e9e avant de commander un produit chez eux. J\u2019ai achet\u00e9 le model \u00ab JACOB \u00bb. Le canap\u00e9 qui m\u2019a \u00e9t\u00e9 livr\u00e9 n\u2019est clairement pas neuf. Certains coins sont tellement ab\u00eem\u00e9s que la mousse en sort. Des coutures se d\u00e9font. Il y a des traces de stylo. La couleur est blanche cass\u00e9e qui vire au jaune alors que sur les photos de leur site, elle est blanche pure. L\u2019aspect non plus n\u2019est pas le m\u00eame que celui du site, le canap\u00e9 est affaiss\u00e9 et le cuir est compl\u00e8tement d\u00e9tendu alors que sur le site il parait robuste. Bref rien ne va. Dommage qu\u2019on ne puisse pas joindre des photos ici.<\/em><\/p><p><em>Le service client n\u2019entend pas me rembourser.<\/em> <em>Je suis tellement en col\u00e8re. Pour la premi\u00e8re fois je vais tenter une proc\u00e9dure juridique contre une soci\u00e9t\u00e9. Si certains souhaitent se joindre \u00e0 moi, vous \u00eates les bienvenus. Plus on est nombreux plus notre action aura de l\u2019impact.<\/em> <em>Pour ma part, je vais d\u00e9j\u00e0 m\u2019atteler \u00e0 laisser ce commentaire sur tous les forums que je vais trouver en esp\u00e9rant qu\u2019il aidera ceux qui comptaient acheter un produit chez La Maison du canap\u00e9 prennent garde.\u00bb<\/em><\/p><cite>Belle Fleur<\/cite><\/blockquote>\n\n\n\n<blockquote class=\"wp-block-quote is-layout-flow wp-block-quote-is-layout-flow\"><p><em>\u00ab&nbsp;Nous aussi nous avons saut\u00e9 le pas d&#8217;un achat dans une maison \u00e0 priori r\u00e9put\u00e9e pour la qualit\u00e9 de ses produits. Bien mal nous en a pris. Apr\u00e8s quelques mois d&#8217;utilisation notre canap\u00e9 relax est tomb\u00e9 en panne et depuis 10 mois nous avons eu 4 d\u00e9pannages qui n&#8217;ont rien r\u00e9solu. De plus lorsqu&#8217;il se bloque il n&#8217;est pas utilisable (position allong\u00e9e ou appui t\u00eate rabattu sur le devant&#8230;). Le SAV est en dessous de tout (pi\u00e8ces livr\u00e9es ne sont pas les bonnes par ex). Malgr\u00e9 de nombreux appels nous n&#8217;avons jamais de r\u00e9ponse. Nous avons demand\u00e9 son remplacement il y a 10 jours d\u00e9j\u00e0 sans nouvelle! \u00bb<\/em><\/p><cite><em>Mitra Hejazy<\/em><\/cite><\/blockquote>\n\n\n\n<h3 class=\"wp-block-heading\"><span class=\"ez-toc-section\" id=\"Plutot_positif\"><\/span>Plut\u00f4t positif:<span class=\"ez-toc-section-end\"><\/span><\/h3>\n\n\n\n<ul class=\"wp-block-list\"><li><strong>Excellente qualit\u00e9<\/strong> : les produits mis en vente et exp\u00e9di\u00e9 par LA MAISON DU CANAP\u00c9 sont de bonne qualit\u00e9 selon les clients<\/li><li><strong>Livraison rapide <\/strong>: les produits sont livr\u00e9s dans le temps indiqu\u00e9 et ces derniers sont tr\u00e8s bien emball\u00e9.<\/li><\/ul>\n\n\n\n<blockquote class=\"wp-block-quote is-layout-flow wp-block-quote-is-layout-flow\"><p><em>\u00ab&nbsp;Ce vendeur est extremement professionnel, la qualit\u00e9 des articles est parfaite! je viens de recevoir ma Cde de 2 fauteuils en cuir parfaitement bien emball\u00e9, le cuir est superbe et d&#8217;excellente qualit\u00e9, respect de la livraison aussi. Tout est parfait pour moi, je recommande vivement ce site c&#8217;est un bon 10\/10. <\/em>\u00bb<\/p><cite>Christiane<\/cite><\/blockquote>\n\n\n\n<p><\/p>\n\n\n\n<blockquote class=\"wp-block-quote is-layout-flow wp-block-quote-is-layout-flow\"><p><em>\u00ab&nbsp;Canap\u00e9 conforme et livr\u00e9 dans les d\u00e9lais<\/em><\/p><p><em>Le service commercial r\u00e9pond rapidement aux questions laiss\u00e9es sur la page de contact. Seul petit d\u00e9sagr\u00e9ment, je n&#8217;ai pas \u00e9t\u00e9 notifi\u00e9 au moment de l&#8217;exp\u00e9dition, seul le transporteur m&#8217;a notifi\u00e9 peu avant la livraison. <\/em>\u00bb<\/p><cite>J.F.<\/cite><\/blockquote>\n\n\n\n<h3 class=\"wp-block-heading\"><span class=\"ez-toc-section\" id=\"Prix_du_produit\"><\/span>Prix du produit<span class=\"ez-toc-section-end\"><\/span><\/h3>\n\n\n\n<div class=\"wp-block-image\"><figure class=\"alignleft size-full\"><img loading=\"lazy\" decoding=\"async\" width=\"258\" height=\"179\" src=\"https:\/\/www.mobilier-design-occasion.fr\/magazine\/wp-content\/uploads\/2021\/10\/L5-2.jpg\" alt=\"\" class=\"wp-image-2723\" srcset=\"https:\/\/www.mobilier-design-occasion.fr\/magazine\/wp-content\/uploads\/2021\/10\/L5-2.jpg 258w, https:\/\/www.mobilier-design-occasion.fr\/magazine\/wp-content\/uploads\/2021\/10\/L5-2-145x100.jpg 145w\" sizes=\"auto, (max-width: 258px) 100vw, 258px\" \/><figcaption>Exemple de prix<\/figcaption><\/figure><\/div>\n\n\n\n<p>\u00c9tant donn\u00e9 que LA MAISON DU CANAP\u00c9 propose une vaste gamme de produits et plusieurs articles y sont mis en vente, il peut avoir une large diff\u00e9rence sur le prix, selon l\u2019article que vous commandez. Apr\u00e8s, tous les prix des produits sont affich\u00e9s sur leur site internet.<\/p>\n\n\n\n<p><\/p>\n\n\n\n<h3 class=\"wp-block-heading\"><span class=\"ez-toc-section\" id=\"Les_frais_de_livraison\"><\/span>Les frais de livraison<span class=\"ez-toc-section-end\"><\/span><\/h3>\n\n\n\n<div class=\"wp-block-image\"><figure class=\"alignleft size-full\"><img loading=\"lazy\" decoding=\"async\" width=\"213\" height=\"160\" src=\"https:\/\/www.mobilier-design-occasion.fr\/magazine\/wp-content\/uploads\/2021\/10\/L6.jpg\" alt=\"\" class=\"wp-image-2724\"\/><figcaption>Exemple de frais de livraison<\/figcaption><\/figure><\/div>\n\n\n\n<p>Pour la livraison de meubles, les frais de livraison sont toujours assez chers, par contre, vous n\u2019avez pas \u00e0 vous soucier des frais de livraison. Pour tous produits achet\u00e9s chez LA MAISON DU CANAPE, la livraison est offerte par la plateforme.<\/p>\n\n\n\n<p><\/p>\n\n\n\n<h3 class=\"wp-block-heading\"><span class=\"ez-toc-section\" id=\"Les_moyens_de_paiement\"><\/span>Les moyens de paiement<span class=\"ez-toc-section-end\"><\/span><\/h3>\n\n\n\n<figure class=\"wp-block-image size-full\"><img loading=\"lazy\" decoding=\"async\" width=\"219\" height=\"62\" src=\"https:\/\/www.mobilier-design-occasion.fr\/magazine\/wp-content\/uploads\/2021\/10\/L7-2.jpg\" alt=\"\" class=\"wp-image-2725\"\/><\/figure>\n\n\n\n<p>Le paiement par carte bancaire est l\u2019un des paiements accept\u00e9s par LA MAISON DU CANAPE, le paiement par ch\u00e8que et par virement bancaire font \u00e9galement parties des moyens de paiement de la boutique de vente en ligne. Il est \u00e9galement possible de confirmer votre paiement avec PayPal. <br>Vu le prix du <a href=\"https:\/\/www.mobilier-design-occasion.fr\/magazine\/test-avis-sur-la-redoute-interieurs-am-pm\/\">mobilier<\/a>, LA MAISON DU CANAP\u00c9 vous offre la possibilit\u00e9 de payer votre commande en 4 fois sans frais.<\/p>\n\n\n\n<h3 class=\"wp-block-heading\"><span class=\"ez-toc-section\" id=\"Service_apres_vente\"><\/span>Service apr\u00e8s vente<span class=\"ez-toc-section-end\"><\/span><\/h3>\n\n\n\n<figure class=\"wp-block-image size-full\"><img loading=\"lazy\" decoding=\"async\" width=\"206\" height=\"86\" src=\"https:\/\/www.mobilier-design-occasion.fr\/magazine\/wp-content\/uploads\/2021\/10\/L8-1.jpg\" alt=\"\" class=\"wp-image-2726\"\/><\/figure>\n\n\n\n<div class=\"wp-block-image\"><figure class=\"alignleft size-large\"><img loading=\"lazy\" decoding=\"async\" width=\"1024\" height=\"250\" src=\"https:\/\/www.mobilier-design-occasion.fr\/magazine\/wp-content\/uploads\/2021\/10\/L9-1-1024x250.jpg\" alt=\"\" class=\"wp-image-2727\" srcset=\"https:\/\/www.mobilier-design-occasion.fr\/magazine\/wp-content\/uploads\/2021\/10\/L9-1-1024x250.jpg 1024w, https:\/\/www.mobilier-design-occasion.fr\/magazine\/wp-content\/uploads\/2021\/10\/L9-1-300x73.jpg 300w, https:\/\/www.mobilier-design-occasion.fr\/magazine\/wp-content\/uploads\/2021\/10\/L9-1-768x187.jpg 768w, https:\/\/www.mobilier-design-occasion.fr\/magazine\/wp-content\/uploads\/2021\/10\/L9-1-810x198.jpg 810w, https:\/\/www.mobilier-design-occasion.fr\/magazine\/wp-content\/uploads\/2021\/10\/L9-1-1140x278.jpg 1140w, https:\/\/www.mobilier-design-occasion.fr\/magazine\/wp-content\/uploads\/2021\/10\/L9-1.jpg 1148w\" sizes=\"auto, (max-width: 1024px) 100vw, 1024px\" \/><\/figure><\/div>\n\n\n\n<p>Le service client de la plateforme est toujours \u00e0 votre disposition si vous avez des questions ou des requ\u00eates. Vous pouvez contacter le service par t\u00e9l\u00e9phone au 02 47 50 75 52 du lundi au vendredi, de 10h \u00e0 12h et de 14h \u00e0 18h. Il est \u00e9galement possible d\u2019envoyer un mail en remplissant le formulaire de contact. Vous pouvez envoyer un courrier \u00e0 l\u2019adresse, 3 all\u00e9e John Ropper, 37250 MONTBAZON.<\/p>\n\n\n\n<h3 class=\"wp-block-heading\"><span class=\"ez-toc-section\" id=\"Les_garanties\"><\/span>Les garanties<span class=\"ez-toc-section-end\"><\/span><\/h3>\n\n\n\n<div class=\"wp-block-image\"><figure class=\"alignleft size-large\"><img loading=\"lazy\" decoding=\"async\" width=\"1024\" height=\"152\" src=\"https:\/\/www.mobilier-design-occasion.fr\/magazine\/wp-content\/uploads\/2021\/10\/L10-1-1024x152.jpg\" alt=\"\" class=\"wp-image-2728\" srcset=\"https:\/\/www.mobilier-design-occasion.fr\/magazine\/wp-content\/uploads\/2021\/10\/L10-1-1024x152.jpg 1024w, https:\/\/www.mobilier-design-occasion.fr\/magazine\/wp-content\/uploads\/2021\/10\/L10-1-300x44.jpg 300w, https:\/\/www.mobilier-design-occasion.fr\/magazine\/wp-content\/uploads\/2021\/10\/L10-1-768x114.jpg 768w, https:\/\/www.mobilier-design-occasion.fr\/magazine\/wp-content\/uploads\/2021\/10\/L10-1-810x120.jpg 810w, https:\/\/www.mobilier-design-occasion.fr\/magazine\/wp-content\/uploads\/2021\/10\/L10-1.jpg 1121w\" sizes=\"auto, (max-width: 1024px) 100vw, 1024px\" \/><\/figure><\/div>\n\n\n\n<p>Selon le site : LA MAISON DU CANAP\u00c9 vous offre des paiements s\u00e9curis\u00e9s \u00e0 100%, une garantie de 2 ans pour l\u2019ensemble des produits, satisfait ou rembours\u00e9, service client disponible 7j\/7 par mail.<\/p>\n\n\n\n<h3 class=\"wp-block-heading\"><span class=\"ez-toc-section\" id=\"Quest-ce_qui_nous_manque\"><\/span>Qu&#8217;est-ce qui nous manque?<span class=\"ez-toc-section-end\"><\/span><\/h3>\n\n\n\n<ul class=\"wp-block-list\"><li>un contr\u00f4le qualit\u00e9 avant les livraisons<\/li><li>syst\u00e8me d\u2019alerte<\/li><\/ul>\n","protected":false},"excerpt":{"rendered":"<p>Qui est LA MAISON DU CANAP\u00c9? LA MAISON DU CANAP\u00c9 est une boutique en ligne qui est sp\u00e9cialis\u00e9e dans le domaine du canap\u00e9, que ce soit en cuir ou en tissu. La plateforme a \u00e9galement \u00e9largi sa gamme en ajoutant une collection de tables et des meubles de rangement. LA MAISON DU CANAP\u00c9 vous propose [&hellip;]<\/p>\n","protected":false},"author":1,"featured_media":2729,"comment_status":"open","ping_status":"open","sticky":false,"template":"","format":"standard","meta":{"footnotes":""},"categories":[8],"tags":[],"class_list":["post-2708","post","type-post","status-publish","format-standard","has-post-thumbnail","hentry","category-avis"],"yoast_head":"<!-- This site is optimized with the Yoast SEO plugin v27.5 - https:\/\/yoast.com\/product\/yoast-seo-wordpress\/ -->\n<title>Test &amp; avis sur LA MAISON DU CANAP\u00c9 - Mobilier Design Magazine<\/title>\n<meta name=\"robots\" content=\"index, follow, max-snippet:-1, max-image-preview:large, max-video-preview:-1\" \/>\n<link rel=\"canonical\" href=\"https:\/\/www.mobilier-design-occasion.fr\/magazine\/test-avis-la-maison-du-canape\/\" \/>\n<meta property=\"og:locale\" content=\"fr_FR\" \/>\n<meta property=\"og:type\" content=\"article\" \/>\n<meta property=\"og:title\" content=\"Test &amp; avis sur LA MAISON DU CANAP\u00c9 - Mobilier Design Magazine\" \/>\n<meta property=\"og:description\" content=\"Qui est LA MAISON DU CANAP\u00c9? LA MAISON DU CANAP\u00c9 est une boutique en ligne qui est sp\u00e9cialis\u00e9e dans le domaine du canap\u00e9, que ce soit en cuir ou en tissu. La plateforme a \u00e9galement \u00e9largi sa gamme en ajoutant une collection de tables et des meubles de rangement. LA MAISON DU CANAP\u00c9 vous propose [&hellip;]\" \/>\n<meta property=\"og:url\" content=\"https:\/\/www.mobilier-design-occasion.fr\/magazine\/test-avis-la-maison-du-canape\/\" \/>\n<meta property=\"og:site_name\" content=\"Mobilier Design Magazine\" \/>\n<meta property=\"article:publisher\" content=\"https:\/\/www.facebook.com\/mobilierdesignoccasion\" \/>\n<meta property=\"article:published_time\" content=\"2021-10-26T19:26:47+00:00\" \/>\n<meta property=\"article:modified_time\" content=\"2021-11-08T15:54:10+00:00\" \/>\n<meta property=\"og:image\" content=\"https:\/\/www.mobilier-design-occasion.fr\/magazine\/wp-content\/uploads\/2021\/10\/L.jpg\" \/>\n\t<meta property=\"og:image:width\" content=\"694\" \/>\n\t<meta property=\"og:image:height\" content=\"405\" \/>\n\t<meta property=\"og:image:type\" content=\"image\/jpeg\" \/>\n<meta name=\"author\" content=\"Cyrielle Poirot\" \/>\n<meta name=\"twitter:card\" content=\"summary_large_image\" \/>\n<meta name=\"twitter:label1\" content=\"\u00c9crit par\" \/>\n\t<meta name=\"twitter:data1\" content=\"Cyrielle Poirot\" \/>\n\t<meta name=\"twitter:label2\" content=\"Dur\u00e9e de lecture estim\u00e9e\" \/>\n\t<meta name=\"twitter:data2\" content=\"6 minutes\" \/>\n<script type=\"application\/ld+json\" class=\"yoast-schema-graph\">{\"@context\":\"https:\\\/\\\/schema.org\",\"@graph\":[{\"@type\":\"Article\",\"@id\":\"https:\\\/\\\/www.mobilier-design-occasion.fr\\\/magazine\\\/test-avis-la-maison-du-canape\\\/#article\",\"isPartOf\":{\"@id\":\"https:\\\/\\\/www.mobilier-design-occasion.fr\\\/magazine\\\/test-avis-la-maison-du-canape\\\/\"},\"author\":{\"name\":\"Cyrielle Poirot\",\"@id\":\"https:\\\/\\\/www.mobilier-design-occasion.fr\\\/magazine\\\/#\\\/schema\\\/person\\\/5b2e5627a714ddadaaf8c9b886c55eff\"},\"headline\":\"Test &#038; avis sur LA MAISON DU CANAP\u00c9\",\"datePublished\":\"2021-10-26T19:26:47+00:00\",\"dateModified\":\"2021-11-08T15:54:10+00:00\",\"mainEntityOfPage\":{\"@id\":\"https:\\\/\\\/www.mobilier-design-occasion.fr\\\/magazine\\\/test-avis-la-maison-du-canape\\\/\"},\"wordCount\":1197,\"commentCount\":5,\"publisher\":{\"@id\":\"https:\\\/\\\/www.mobilier-design-occasion.fr\\\/magazine\\\/#organization\"},\"image\":{\"@id\":\"https:\\\/\\\/www.mobilier-design-occasion.fr\\\/magazine\\\/test-avis-la-maison-du-canape\\\/#primaryimage\"},\"thumbnailUrl\":\"https:\\\/\\\/www.mobilier-design-occasion.fr\\\/magazine\\\/wp-content\\\/uploads\\\/2021\\\/10\\\/L.jpg\",\"articleSection\":[\"Avis marques d\u00e9co\"],\"inLanguage\":\"fr-FR\",\"potentialAction\":[{\"@type\":\"CommentAction\",\"name\":\"Comment\",\"target\":[\"https:\\\/\\\/www.mobilier-design-occasion.fr\\\/magazine\\\/test-avis-la-maison-du-canape\\\/#respond\"]}]},{\"@type\":\"WebPage\",\"@id\":\"https:\\\/\\\/www.mobilier-design-occasion.fr\\\/magazine\\\/test-avis-la-maison-du-canape\\\/\",\"url\":\"https:\\\/\\\/www.mobilier-design-occasion.fr\\\/magazine\\\/test-avis-la-maison-du-canape\\\/\",\"name\":\"Test & avis sur LA MAISON DU CANAP\u00c9 - Mobilier Design Magazine\",\"isPartOf\":{\"@id\":\"https:\\\/\\\/www.mobilier-design-occasion.fr\\\/magazine\\\/#website\"},\"primaryImageOfPage\":{\"@id\":\"https:\\\/\\\/www.mobilier-design-occasion.fr\\\/magazine\\\/test-avis-la-maison-du-canape\\\/#primaryimage\"},\"image\":{\"@id\":\"https:\\\/\\\/www.mobilier-design-occasion.fr\\\/magazine\\\/test-avis-la-maison-du-canape\\\/#primaryimage\"},\"thumbnailUrl\":\"https:\\\/\\\/www.mobilier-design-occasion.fr\\\/magazine\\\/wp-content\\\/uploads\\\/2021\\\/10\\\/L.jpg\",\"datePublished\":\"2021-10-26T19:26:47+00:00\",\"dateModified\":\"2021-11-08T15:54:10+00:00\",\"breadcrumb\":{\"@id\":\"https:\\\/\\\/www.mobilier-design-occasion.fr\\\/magazine\\\/test-avis-la-maison-du-canape\\\/#breadcrumb\"},\"inLanguage\":\"fr-FR\",\"potentialAction\":[{\"@type\":\"ReadAction\",\"target\":[\"https:\\\/\\\/www.mobilier-design-occasion.fr\\\/magazine\\\/test-avis-la-maison-du-canape\\\/\"]}]},{\"@type\":\"ImageObject\",\"inLanguage\":\"fr-FR\",\"@id\":\"https:\\\/\\\/www.mobilier-design-occasion.fr\\\/magazine\\\/test-avis-la-maison-du-canape\\\/#primaryimage\",\"url\":\"https:\\\/\\\/www.mobilier-design-occasion.fr\\\/magazine\\\/wp-content\\\/uploads\\\/2021\\\/10\\\/L.jpg\",\"contentUrl\":\"https:\\\/\\\/www.mobilier-design-occasion.fr\\\/magazine\\\/wp-content\\\/uploads\\\/2021\\\/10\\\/L.jpg\",\"width\":694,\"height\":405},{\"@type\":\"BreadcrumbList\",\"@id\":\"https:\\\/\\\/www.mobilier-design-occasion.fr\\\/magazine\\\/test-avis-la-maison-du-canape\\\/#breadcrumb\",\"itemListElement\":[{\"@type\":\"ListItem\",\"position\":1,\"name\":\"Accueil\",\"item\":\"https:\\\/\\\/www.mobilier-design-occasion.fr\\\/magazine\\\/\"},{\"@type\":\"ListItem\",\"position\":2,\"name\":\"Test &#038; avis sur LA MAISON DU CANAP\u00c9\"}]},{\"@type\":\"WebSite\",\"@id\":\"https:\\\/\\\/www.mobilier-design-occasion.fr\\\/magazine\\\/#website\",\"url\":\"https:\\\/\\\/www.mobilier-design-occasion.fr\\\/magazine\\\/\",\"name\":\"Mobilier Design Magazine\",\"description\":\"\",\"publisher\":{\"@id\":\"https:\\\/\\\/www.mobilier-design-occasion.fr\\\/magazine\\\/#organization\"},\"potentialAction\":[{\"@type\":\"SearchAction\",\"target\":{\"@type\":\"EntryPoint\",\"urlTemplate\":\"https:\\\/\\\/www.mobilier-design-occasion.fr\\\/magazine\\\/?s={search_term_string}\"},\"query-input\":{\"@type\":\"PropertyValueSpecification\",\"valueRequired\":true,\"valueName\":\"search_term_string\"}}],\"inLanguage\":\"fr-FR\"},{\"@type\":\"Organization\",\"@id\":\"https:\\\/\\\/www.mobilier-design-occasion.fr\\\/magazine\\\/#organization\",\"name\":\"Mobilier Design Magazine\",\"url\":\"https:\\\/\\\/www.mobilier-design-occasion.fr\\\/magazine\\\/\",\"logo\":{\"@type\":\"ImageObject\",\"inLanguage\":\"fr-FR\",\"@id\":\"https:\\\/\\\/www.mobilier-design-occasion.fr\\\/magazine\\\/#\\\/schema\\\/logo\\\/image\\\/\",\"url\":\"https:\\\/\\\/www.mobilier-design-occasion.fr\\\/magazine\\\/wp-content\\\/uploads\\\/2024\\\/02\\\/android-chrome-192x192-1.png\",\"contentUrl\":\"https:\\\/\\\/www.mobilier-design-occasion.fr\\\/magazine\\\/wp-content\\\/uploads\\\/2024\\\/02\\\/android-chrome-192x192-1.png\",\"width\":192,\"height\":192,\"caption\":\"Mobilier Design Magazine\"},\"image\":{\"@id\":\"https:\\\/\\\/www.mobilier-design-occasion.fr\\\/magazine\\\/#\\\/schema\\\/logo\\\/image\\\/\"},\"sameAs\":[\"https:\\\/\\\/www.facebook.com\\\/mobilierdesignoccasion\"]},{\"@type\":\"Person\",\"@id\":\"https:\\\/\\\/www.mobilier-design-occasion.fr\\\/magazine\\\/#\\\/schema\\\/person\\\/5b2e5627a714ddadaaf8c9b886c55eff\",\"name\":\"Cyrielle Poirot\",\"image\":{\"@type\":\"ImageObject\",\"inLanguage\":\"fr-FR\",\"@id\":\"https:\\\/\\\/secure.gravatar.com\\\/avatar\\\/c8d2674e093b06894d8d1dc468b626bd752523471f3ac6e75f7c7a1400d40b4d?s=96&d=mm&r=g\",\"url\":\"https:\\\/\\\/secure.gravatar.com\\\/avatar\\\/c8d2674e093b06894d8d1dc468b626bd752523471f3ac6e75f7c7a1400d40b4d?s=96&d=mm&r=g\",\"contentUrl\":\"https:\\\/\\\/secure.gravatar.com\\\/avatar\\\/c8d2674e093b06894d8d1dc468b626bd752523471f3ac6e75f7c7a1400d40b4d?s=96&d=mm&r=g\",\"caption\":\"Cyrielle Poirot\"},\"description\":\"Cyrielle est passionn\u00e9e par la d\u00e9coration d'int\u00e9rieur et s'est sp\u00e9cialis\u00e9e depuis quelques ann\u00e9es dans l'\u00e9dition du site Mobilier-Design, avec une touche sp\u00e9cifique pour les produits d'occasion.\",\"sameAs\":[\"https:\\\/\\\/www.mobilier-design-occasion.fr\\\/magazine\"],\"url\":\"https:\\\/\\\/www.mobilier-design-occasion.fr\\\/magazine\\\/author\\\/cyrielle\\\/\"}]}<\/script>\n<!-- \/ Yoast SEO plugin. -->","yoast_head_json":{"title":"Test & avis sur LA MAISON DU CANAP\u00c9 - Mobilier Design Magazine","robots":{"index":"index","follow":"follow","max-snippet":"max-snippet:-1","max-image-preview":"max-image-preview:large","max-video-preview":"max-video-preview:-1"},"canonical":"https:\/\/www.mobilier-design-occasion.fr\/magazine\/test-avis-la-maison-du-canape\/","og_locale":"fr_FR","og_type":"article","og_title":"Test & avis sur LA MAISON DU CANAP\u00c9 - Mobilier Design Magazine","og_description":"Qui est LA MAISON DU CANAP\u00c9? LA MAISON DU CANAP\u00c9 est une boutique en ligne qui est sp\u00e9cialis\u00e9e dans le domaine du canap\u00e9, que ce soit en cuir ou en tissu. La plateforme a \u00e9galement \u00e9largi sa gamme en ajoutant une collection de tables et des meubles de rangement. LA MAISON DU CANAP\u00c9 vous propose [&hellip;]","og_url":"https:\/\/www.mobilier-design-occasion.fr\/magazine\/test-avis-la-maison-du-canape\/","og_site_name":"Mobilier Design Magazine","article_publisher":"https:\/\/www.facebook.com\/mobilierdesignoccasion","article_published_time":"2021-10-26T19:26:47+00:00","article_modified_time":"2021-11-08T15:54:10+00:00","og_image":[{"width":694,"height":405,"url":"https:\/\/www.mobilier-design-occasion.fr\/magazine\/wp-content\/uploads\/2021\/10\/L.jpg","type":"image\/jpeg"}],"author":"Cyrielle Poirot","twitter_card":"summary_large_image","twitter_misc":{"\u00c9crit par":"Cyrielle Poirot","Dur\u00e9e de lecture estim\u00e9e":"6 minutes"},"schema":{"@context":"https:\/\/schema.org","@graph":[{"@type":"Article","@id":"https:\/\/www.mobilier-design-occasion.fr\/magazine\/test-avis-la-maison-du-canape\/#article","isPartOf":{"@id":"https:\/\/www.mobilier-design-occasion.fr\/magazine\/test-avis-la-maison-du-canape\/"},"author":{"name":"Cyrielle Poirot","@id":"https:\/\/www.mobilier-design-occasion.fr\/magazine\/#\/schema\/person\/5b2e5627a714ddadaaf8c9b886c55eff"},"headline":"Test &#038; avis sur LA MAISON DU CANAP\u00c9","datePublished":"2021-10-26T19:26:47+00:00","dateModified":"2021-11-08T15:54:10+00:00","mainEntityOfPage":{"@id":"https:\/\/www.mobilier-design-occasion.fr\/magazine\/test-avis-la-maison-du-canape\/"},"wordCount":1197,"commentCount":5,"publisher":{"@id":"https:\/\/www.mobilier-design-occasion.fr\/magazine\/#organization"},"image":{"@id":"https:\/\/www.mobilier-design-occasion.fr\/magazine\/test-avis-la-maison-du-canape\/#primaryimage"},"thumbnailUrl":"https:\/\/www.mobilier-design-occasion.fr\/magazine\/wp-content\/uploads\/2021\/10\/L.jpg","articleSection":["Avis marques d\u00e9co"],"inLanguage":"fr-FR","potentialAction":[{"@type":"CommentAction","name":"Comment","target":["https:\/\/www.mobilier-design-occasion.fr\/magazine\/test-avis-la-maison-du-canape\/#respond"]}]},{"@type":"WebPage","@id":"https:\/\/www.mobilier-design-occasion.fr\/magazine\/test-avis-la-maison-du-canape\/","url":"https:\/\/www.mobilier-design-occasion.fr\/magazine\/test-avis-la-maison-du-canape\/","name":"Test & avis sur LA MAISON DU CANAP\u00c9 - Mobilier Design Magazine","isPartOf":{"@id":"https:\/\/www.mobilier-design-occasion.fr\/magazine\/#website"},"primaryImageOfPage":{"@id":"https:\/\/www.mobilier-design-occasion.fr\/magazine\/test-avis-la-maison-du-canape\/#primaryimage"},"image":{"@id":"https:\/\/www.mobilier-design-occasion.fr\/magazine\/test-avis-la-maison-du-canape\/#primaryimage"},"thumbnailUrl":"https:\/\/www.mobilier-design-occasion.fr\/magazine\/wp-content\/uploads\/2021\/10\/L.jpg","datePublished":"2021-10-26T19:26:47+00:00","dateModified":"2021-11-08T15:54:10+00:00","breadcrumb":{"@id":"https:\/\/www.mobilier-design-occasion.fr\/magazine\/test-avis-la-maison-du-canape\/#breadcrumb"},"inLanguage":"fr-FR","potentialAction":[{"@type":"ReadAction","target":["https:\/\/www.mobilier-design-occasion.fr\/magazine\/test-avis-la-maison-du-canape\/"]}]},{"@type":"ImageObject","inLanguage":"fr-FR","@id":"https:\/\/www.mobilier-design-occasion.fr\/magazine\/test-avis-la-maison-du-canape\/#primaryimage","url":"https:\/\/www.mobilier-design-occasion.fr\/magazine\/wp-content\/uploads\/2021\/10\/L.jpg","contentUrl":"https:\/\/www.mobilier-design-occasion.fr\/magazine\/wp-content\/uploads\/2021\/10\/L.jpg","width":694,"height":405},{"@type":"BreadcrumbList","@id":"https:\/\/www.mobilier-design-occasion.fr\/magazine\/test-avis-la-maison-du-canape\/#breadcrumb","itemListElement":[{"@type":"ListItem","position":1,"name":"Accueil","item":"https:\/\/www.mobilier-design-occasion.fr\/magazine\/"},{"@type":"ListItem","position":2,"name":"Test &#038; avis sur LA MAISON DU CANAP\u00c9"}]},{"@type":"WebSite","@id":"https:\/\/www.mobilier-design-occasion.fr\/magazine\/#website","url":"https:\/\/www.mobilier-design-occasion.fr\/magazine\/","name":"Mobilier Design Magazine","description":"","publisher":{"@id":"https:\/\/www.mobilier-design-occasion.fr\/magazine\/#organization"},"potentialAction":[{"@type":"SearchAction","target":{"@type":"EntryPoint","urlTemplate":"https:\/\/www.mobilier-design-occasion.fr\/magazine\/?s={search_term_string}"},"query-input":{"@type":"PropertyValueSpecification","valueRequired":true,"valueName":"search_term_string"}}],"inLanguage":"fr-FR"},{"@type":"Organization","@id":"https:\/\/www.mobilier-design-occasion.fr\/magazine\/#organization","name":"Mobilier Design Magazine","url":"https:\/\/www.mobilier-design-occasion.fr\/magazine\/","logo":{"@type":"ImageObject","inLanguage":"fr-FR","@id":"https:\/\/www.mobilier-design-occasion.fr\/magazine\/#\/schema\/logo\/image\/","url":"https:\/\/www.mobilier-design-occasion.fr\/magazine\/wp-content\/uploads\/2024\/02\/android-chrome-192x192-1.png","contentUrl":"https:\/\/www.mobilier-design-occasion.fr\/magazine\/wp-content\/uploads\/2024\/02\/android-chrome-192x192-1.png","width":192,"height":192,"caption":"Mobilier Design Magazine"},"image":{"@id":"https:\/\/www.mobilier-design-occasion.fr\/magazine\/#\/schema\/logo\/image\/"},"sameAs":["https:\/\/www.facebook.com\/mobilierdesignoccasion"]},{"@type":"Person","@id":"https:\/\/www.mobilier-design-occasion.fr\/magazine\/#\/schema\/person\/5b2e5627a714ddadaaf8c9b886c55eff","name":"Cyrielle Poirot","image":{"@type":"ImageObject","inLanguage":"fr-FR","@id":"https:\/\/secure.gravatar.com\/avatar\/c8d2674e093b06894d8d1dc468b626bd752523471f3ac6e75f7c7a1400d40b4d?s=96&d=mm&r=g","url":"https:\/\/secure.gravatar.com\/avatar\/c8d2674e093b06894d8d1dc468b626bd752523471f3ac6e75f7c7a1400d40b4d?s=96&d=mm&r=g","contentUrl":"https:\/\/secure.gravatar.com\/avatar\/c8d2674e093b06894d8d1dc468b626bd752523471f3ac6e75f7c7a1400d40b4d?s=96&d=mm&r=g","caption":"Cyrielle Poirot"},"description":"Cyrielle est passionn\u00e9e par la d\u00e9coration d'int\u00e9rieur et s'est sp\u00e9cialis\u00e9e depuis quelques ann\u00e9es dans l'\u00e9dition du site Mobilier-Design, avec une touche sp\u00e9cifique pour les produits d'occasion.","sameAs":["https:\/\/www.mobilier-design-occasion.fr\/magazine"],"url":"https:\/\/www.mobilier-design-occasion.fr\/magazine\/author\/cyrielle\/"}]}},"_links":{"self":[{"href":"https:\/\/www.mobilier-design-occasion.fr\/magazine\/wp-json\/wp\/v2\/posts\/2708","targetHints":{"allow":["GET"]}}],"collection":[{"href":"https:\/\/www.mobilier-design-occasion.fr\/magazine\/wp-json\/wp\/v2\/posts"}],"about":[{"href":"https:\/\/www.mobilier-design-occasion.fr\/magazine\/wp-json\/wp\/v2\/types\/post"}],"author":[{"embeddable":true,"href":"https:\/\/www.mobilier-design-occasion.fr\/magazine\/wp-json\/wp\/v2\/users\/1"}],"replies":[{"embeddable":true,"href":"https:\/\/www.mobilier-design-occasion.fr\/magazine\/wp-json\/wp\/v2\/comments?post=2708"}],"version-history":[{"count":4,"href":"https:\/\/www.mobilier-design-occasion.fr\/magazine\/wp-json\/wp\/v2\/posts\/2708\/revisions"}],"predecessor-version":[{"id":3369,"href":"https:\/\/www.mobilier-design-occasion.fr\/magazine\/wp-json\/wp\/v2\/posts\/2708\/revisions\/3369"}],"wp:featuredmedia":[{"embeddable":true,"href":"https:\/\/www.mobilier-design-occasion.fr\/magazine\/wp-json\/wp\/v2\/media\/2729"}],"wp:attachment":[{"href":"https:\/\/www.mobilier-design-occasion.fr\/magazine\/wp-json\/wp\/v2\/media?parent=2708"}],"wp:term":[{"taxonomy":"category","embeddable":true,"href":"https:\/\/www.mobilier-design-occasion.fr\/magazine\/wp-json\/wp\/v2\/categories?post=2708"},{"taxonomy":"post_tag","embeddable":true,"href":"https:\/\/www.mobilier-design-occasion.fr\/magazine\/wp-json\/wp\/v2\/tags?post=2708"}],"curies":[{"name":"wp","href":"https:\/\/api.w.org\/{rel}","templated":true}]}}