{"id":248,"date":"2021-02-11T09:19:46","date_gmt":"2021-02-11T09:19:46","guid":{"rendered":"https:\/\/www.mobilier-design-occasion.fr\/magazine\/?p=248"},"modified":"2023-09-25T13:39:50","modified_gmt":"2023-09-25T13:39:50","slug":"marcel-breuer-larchitecte-du-bauhaus-devenu-le-maitre-du-beton","status":"publish","type":"post","link":"https:\/\/www.mobilier-design-occasion.fr\/magazine\/marcel-breuer-larchitecte-du-bauhaus-devenu-le-maitre-du-beton\/","title":{"rendered":"Marcel Breuer: l&#8217;architecte du Bauhaus devenu le ma\u00eetre du b\u00e9ton"},"content":{"rendered":"\n<p>Marcel <a href=\"https:\/\/www.mobilier-design-occasion.fr\/magazine\/chaise-marcel-breuer\/\">Breuer<\/a>, architecte du Bauhaus, a jou\u00e9 un r\u00f4le cl\u00e9 dans la formation de l&#8217;architecture et du <a href=\"https:\/\/www.mobilier-design-occasion.fr\/magazine\/table-tulipe-knoll-indemodable-du-design\/\">design<\/a> du XXe si\u00e8cle.<\/p>\n\n\n\n<p>N\u00e9 \u00e0 Pecs, en Hongrie, le 21 mai 1902, et mort \u00e0 Manhattan le 1er juillet 1982, \u00e0 l&#8217;\u00e2ge de 79 ans, Marcel Breuer a commenc\u00e9 \u00e0 \u00e9tudier l&#8217;art \u00e0 Vienne en 1920, mais a quitt\u00e9 l&#8217;Acad\u00e9mie des Beaux-Arts apr\u00e8s seulement cinq semaines lorsqu&#8217;il a entendu parler de la nouvelle \u00e9cole du Bauhaus \u00e0 Weimar. Il s&#8217;inscrit la m\u00eame ann\u00e9e et, en 1924, est nomm\u00e9 au d\u00e9partement de la menuiserie et du <a href=\"https:\/\/www.mobilier-design-occasion.fr\/magazine\/test-avis-sur-la-redoute-interieurs-am-pm\/\">mobilier<\/a>.<\/p>\n\n\n\n<p><\/p>\n\n\n\n<p><\/p>\n\n\n\n<h2 class=\"wp-block-heading\">Marcel Breuer, l&#8217;histoire du designer<\/h2>\n\n\n\n<p><\/p>\n\n\n\n<p>\u00c0 Weimar, Marcel Breuer a con\u00e7u certaines des chaises qui sont aujourd&#8217;hui consid\u00e9r\u00e9es comme des classiques du XXe si\u00e8cle, \u00e0 tel point que J. Stewart Johnson, conservateur du <strong>design<\/strong> au d\u00e9partement d&#8217;architecture et de design du mus\u00e9e d&#8217;art moderne, \u00e0 l&#8217;occasion de l&#8217;exposition consacr\u00e9e par le mus\u00e9e \u00e0 son mobilier en 1981, a d\u00e9clar\u00e9 ceci:<\/p>\n\n\n\n<p><\/p>\n\n\n\n<figure class=\"wp-block-pullquote\"><blockquote><p>&#8220;Breuer a simplement chang\u00e9 le cours du mobilier du XXe si\u00e8cle. Il est un pr\u00e9curseur. Il a tout commenc\u00e9 et a fait en sorte que tout arrive&#8221;.<\/p><cite>J. Stewart Johnson<\/cite><\/blockquote><\/figure>\n\n\n\n<p><\/p>\n\n\n\n<p>L&#8217;une des premi\u00e8res cr\u00e9ations de<a href=\"https:\/\/www.mobilier-design-occasion.fr\/designer\/marcel-breuer.html\"> <strong>Marcel Breuer<\/strong><\/a> est la <a href=\"https:\/\/www.mobilier-design-occasion.fr\/magazine\/fermob-occasion\/\">chaise<\/a> africaine ou chaise romantique, un si\u00e8ge en <a href=\"https:\/\/www.mobilier-design-occasion.fr\/magazine\/avis-mathy-by-bols\/\">bois<\/a> model\u00e9 \u00e0 la main et rembourr\u00e9 avec des tissus con\u00e7us avec la tisserande Gunta St\u00f6lzl, con\u00e7u en 1921 en retravaillant les chaises hongroises traditionnelles et en rendant hommage \u00e0 la tradition artisanale de son pays.<\/p>\n\n\n\n<p><\/p>\n\n\n\n<p>Cependant, l&#8217;adh\u00e9sion de Marcel Breuer au Bauhaus n&#8217;\u00e9tait pas inconditionnelle : bien qu&#8217;il partageait la conviction que l&#8217;\u00e8re des machines n\u00e9cessitait une nouvelle approche de la conception, il appela \u00e0 mettre davantage l&#8217;accent sur l&#8217;architecture et la technologie du b\u00e2timent.<\/p>\n\n\n\n<p>Pour cette raison, il a combin\u00e9 l&#8217;\u00e9tude de meubles modulaires avec des projets de construction pr\u00e9fabriqu\u00e9e.<\/p>\n\n\n\n<p>L&#8217;une de ses plus c\u00e9l\u00e8bres cr\u00e9ations remonte \u00e0 son \u00e9poque \u00e0 l&#8217;\u00e9cole de Weimar, la <strong>chaise Wassily<\/strong> faite de lani\u00e8res de cuir soutenues par un cadre en acier tubulaire, inspir\u00e9e dans sa forme par la courbe en acier tubulaire d&#8217;un guidon de bicyclette et nomm\u00e9e d&#8217;apr\u00e8s Wassily Kandisnsky.<\/p>\n\n\n\n<p><\/p>\n\n\n\n<figure class=\"wp-block-image size-large\"><img loading=\"lazy\" decoding=\"async\" width=\"776\" height=\"728\" src=\"https:\/\/www.mobilier-design-occasion.fr\/magazine\/wp-content\/uploads\/2021\/02\/Chaise-Wassily.png\" alt=\"\" class=\"wp-image-249\" srcset=\"https:\/\/www.mobilier-design-occasion.fr\/magazine\/wp-content\/uploads\/2021\/02\/Chaise-Wassily.png 776w, https:\/\/www.mobilier-design-occasion.fr\/magazine\/wp-content\/uploads\/2021\/02\/Chaise-Wassily-300x281.png 300w, https:\/\/www.mobilier-design-occasion.fr\/magazine\/wp-content\/uploads\/2021\/02\/Chaise-Wassily-768x720.png 768w\" sizes=\"auto, (max-width: 776px) 100vw, 776px\" \/><figcaption>La chaise Wassily d\u00e9sormais \u00e9dit\u00e9e par Knoll<\/figcaption><\/figure>\n\n\n\n<p><\/p>\n\n\n\n<p><\/p>\n\n\n\n<p>En 1928, Breuer quitte le Bauhaus pour Berlin, o\u00f9 il ouvre son propre studio d&#8217;architecture. Peu de temps apr\u00e8s, il con\u00e7oit une chaise de salle \u00e0 manger en tube d&#8217;acier pli\u00e9 avec une assise et un dossier en forme de bo\u00eete : c&#8217;est la <strong>chaise Cesca<\/strong>, toujours l&#8217;une des plus populaires au monde aujourd&#8217;hui.<\/p>\n\n\n\n<p><\/p>\n\n\n\n<figure class=\"wp-block-image size-large\"><img loading=\"lazy\" decoding=\"async\" width=\"570\" height=\"570\" src=\"https:\/\/www.mobilier-design-occasion.fr\/magazine\/wp-content\/uploads\/2021\/02\/chaise-cesca.jpg\" alt=\"\" class=\"wp-image-250\" srcset=\"https:\/\/www.mobilier-design-occasion.fr\/magazine\/wp-content\/uploads\/2021\/02\/chaise-cesca.jpg 570w, https:\/\/www.mobilier-design-occasion.fr\/magazine\/wp-content\/uploads\/2021\/02\/chaise-cesca-300x300.jpg 300w, https:\/\/www.mobilier-design-occasion.fr\/magazine\/wp-content\/uploads\/2021\/02\/chaise-cesca-150x150.jpg 150w\" sizes=\"auto, (max-width: 570px) 100vw, 570px\" \/><figcaption>Chaise Cesca &#8211; Conception en cannage et en tube<\/figcaption><\/figure>\n\n\n\n<p><\/p>\n\n\n\n<p><\/p>\n\n\n\n<h2 class=\"wp-block-heading\">Marcel Breuer: l&#8217;architecte<\/h2>\n\n\n\n<p><\/p>\n\n\n\n<p>En tant qu&#8217;architecte, <a href=\"https:\/\/www.mobilier-design-occasion.fr\/designer\/marcel-breuer.html\">Breuer<\/a> entreprend des projets de tr\u00e8s grande envergure : parmi ses \u0153uvres les plus importantes figurent le <strong>si\u00e8ge parisien de l&#8217;Organisation des Nations unies<\/strong> pour l&#8217;\u00e9ducation, la science et la culture (UNESCO), con\u00e7u avec Pier Luigi Nervi en 1953-58 ; le <strong>centre de recherche IBM \u00e0 La Gaude<\/strong>, en <a href=\"https:\/\/www.mobilier-design-occasion.fr\/magazine\/test-avis-sur-ripaton\/\">France<\/a>, 1960-61 ; <strong>l&#8217;abbaye de St. John&#8217;s <\/strong>\u00e0 Collegeville, dans le Minnesota, 1953-61 ; et le Whitney Museum sur Madison Avenue \u00e0 Manhattan, 1963-66.<\/p>\n\n\n\n<p>En 1931, il quitte Berlin pour voyager en Europe et en Afrique du Nord. Au cours de la m\u00eame p\u00e9riode, il re\u00e7oit deux importantes commandes, pour la maison Harnischmacher \u00e0 Weisbaden, en Allemagne, une structure l\u00e9g\u00e8re de portiques en saillie qui utilise des c\u00e2bles d&#8217;acier comme syst\u00e8me de contreventement, et l&#8217;appartement Doldertal \u00e0 Zurich.<\/p>\n\n\n\n<p>Apr\u00e8s un an en Angleterre, il rejoint Walter Gropius \u00e0 l&#8217;\u00e9cole d&#8217;architecture de l&#8217;universit\u00e9 de Harvard, o\u00f9 il enseigne \u00e0 des architectes tels que IM Pei, Edward Larrabee Barnes, Ulrich Franzen, Philip Johnson et Paul Rudolph.<\/p>\n\n\n\n<p>Dans ces m\u00eames ann\u00e9es, il explore l&#8217;architecture r\u00e9sidentielle avec de petits projets qui combinent son pass\u00e9 moderniste avec les mat\u00e9riaux utilis\u00e9s dans l&#8217;architecture am\u00e9ricaine, le bois en premier lieu.<\/p>\n\n\n\n<p>En 1946, Breuer s&#8217;installe \u00e0 New York et se construit une maison en bois en porte-\u00e0-faux sur un socle en b\u00e9ton \u00e0 New Canaan, dans le Connecticut, qui sera remplac\u00e9e quatre ans plus tard par une deuxi\u00e8me maison solidement pos\u00e9e sur le sol et dot\u00e9e de murs en pierre.<\/p>\n\n\n\n<p><\/p>\n\n\n\n<p>C&#8217;est le d\u00e9but d&#8217;une nouvelle direction dans l&#8217;architecture de Marcel Breuer, qui devient <strong>plus lourde et plus sculpturale<\/strong>. John&#8217;s Abbey \u00e0 Collegeville, dans le Minnesota, une \u00e9glise faite de dalles de b\u00e9ton avec une fa\u00e7ade en forme de grille et un clocher constitu\u00e9 d&#8217;une \u00e9norme dalle de b\u00e9ton pos\u00e9e sur quatre pieds courbes et perc\u00e9e d&#8217;ouvertures ; le <strong>Whitney Museum \u00e0 Manhattan<\/strong>, un b\u00e2timent rev\u00eatu de granit et marqu\u00e9 par une forme en porte-\u00e0-faux qui projette chaque \u00e9tage l\u00e9g\u00e8rement plus vers la rue que l&#8217;\u00e9tage du dessous ; et le Centre de recherche IBM, construit avec des panneaux de b\u00e9ton pr\u00e9fabriqu\u00e9s, consid\u00e9r\u00e9 par de nombreux historiens de l&#8217;architecture comme la premi\u00e8re utilisation mature de ce syst\u00e8me de construction.<\/p>\n\n\n\n<p><\/p>\n\n\n\n<p><\/p>\n\n\n\n<figure class=\"wp-block-image size-large\"><img loading=\"lazy\" decoding=\"async\" width=\"598\" height=\"503\" src=\"https:\/\/www.mobilier-design-occasion.fr\/magazine\/wp-content\/uploads\/2021\/02\/Whitney-Museum.jpg\" alt=\"\" class=\"wp-image-251\" srcset=\"https:\/\/www.mobilier-design-occasion.fr\/magazine\/wp-content\/uploads\/2021\/02\/Whitney-Museum.jpg 598w, https:\/\/www.mobilier-design-occasion.fr\/magazine\/wp-content\/uploads\/2021\/02\/Whitney-Museum-300x252.jpg 300w\" sizes=\"auto, (max-width: 598px) 100vw, 598px\" \/><figcaption>Le Whitney Museum \u00e0 Manhattan &#8211; Source Pinterest<\/figcaption><\/figure>\n\n\n\n<p><\/p>\n","protected":false},"excerpt":{"rendered":"<p>La vie et l&#8217;\u0153uvre d&#8217;un designer qui a fa\u00e7onn\u00e9 le mobilier du XXe si\u00e8cle, et d&#8217;un architecte qui a d\u00e9couvert les nombreuses potentialit\u00e9s du b\u00e9ton pr\u00e9fabriqu\u00e9.<\/p>\n","protected":false},"author":1,"featured_media":252,"comment_status":"open","ping_status":"open","sticky":false,"template":"","format":"standard","meta":{"footnotes":""},"categories":[2],"tags":[],"class_list":["post-248","post","type-post","status-publish","format-standard","has-post-thumbnail","hentry","category-tendances"],"yoast_head":"<!-- This site is optimized with the Yoast SEO plugin v27.5 - https:\/\/yoast.com\/product\/yoast-seo-wordpress\/ -->\n<title>Marcel Breuer: l&#039;architecte du Bauhaus devenu le ma\u00eetre du b\u00e9ton - Mobilier Design Magazine<\/title>\n<meta name=\"robots\" content=\"index, follow, max-snippet:-1, max-image-preview:large, max-video-preview:-1\" \/>\n<link rel=\"canonical\" href=\"https:\/\/www.mobilier-design-occasion.fr\/magazine\/marcel-breuer-larchitecte-du-bauhaus-devenu-le-maitre-du-beton\/\" \/>\n<meta property=\"og:locale\" content=\"fr_FR\" \/>\n<meta property=\"og:type\" content=\"article\" \/>\n<meta property=\"og:title\" content=\"Marcel Breuer: l&#039;architecte du Bauhaus devenu le ma\u00eetre du b\u00e9ton - Mobilier Design Magazine\" \/>\n<meta property=\"og:description\" content=\"La vie et l&#039;\u0153uvre d&#039;un designer qui a fa\u00e7onn\u00e9 le mobilier du XXe si\u00e8cle, et d&#039;un architecte qui a d\u00e9couvert les nombreuses potentialit\u00e9s du b\u00e9ton pr\u00e9fabriqu\u00e9.\" \/>\n<meta property=\"og:url\" content=\"https:\/\/www.mobilier-design-occasion.fr\/magazine\/marcel-breuer-larchitecte-du-bauhaus-devenu-le-maitre-du-beton\/\" \/>\n<meta property=\"og:site_name\" content=\"Mobilier Design Magazine\" \/>\n<meta property=\"article:publisher\" content=\"https:\/\/www.facebook.com\/mobilierdesignoccasion\" \/>\n<meta property=\"article:published_time\" content=\"2021-02-11T09:19:46+00:00\" \/>\n<meta property=\"article:modified_time\" content=\"2023-09-25T13:39:50+00:00\" \/>\n<meta property=\"og:image\" content=\"https:\/\/www.mobilier-design-occasion.fr\/magazine\/wp-content\/uploads\/2021\/02\/Marcel_Breuer_Bio-scaled.jpg\" \/>\n\t<meta property=\"og:image:width\" content=\"2048\" \/>\n\t<meta property=\"og:image:height\" content=\"1737\" \/>\n\t<meta property=\"og:image:type\" content=\"image\/jpeg\" \/>\n<meta name=\"author\" content=\"Cyrielle Poirot\" \/>\n<meta name=\"twitter:card\" content=\"summary_large_image\" \/>\n<meta name=\"twitter:label1\" content=\"\u00c9crit par\" \/>\n\t<meta name=\"twitter:data1\" content=\"Cyrielle Poirot\" \/>\n\t<meta name=\"twitter:label2\" content=\"Dur\u00e9e de lecture estim\u00e9e\" \/>\n\t<meta name=\"twitter:data2\" content=\"4 minutes\" \/>\n<script type=\"application\/ld+json\" class=\"yoast-schema-graph\">{\"@context\":\"https:\\\/\\\/schema.org\",\"@graph\":[{\"@type\":\"Article\",\"@id\":\"https:\\\/\\\/www.mobilier-design-occasion.fr\\\/magazine\\\/marcel-breuer-larchitecte-du-bauhaus-devenu-le-maitre-du-beton\\\/#article\",\"isPartOf\":{\"@id\":\"https:\\\/\\\/www.mobilier-design-occasion.fr\\\/magazine\\\/marcel-breuer-larchitecte-du-bauhaus-devenu-le-maitre-du-beton\\\/\"},\"author\":{\"name\":\"Cyrielle Poirot\",\"@id\":\"https:\\\/\\\/www.mobilier-design-occasion.fr\\\/magazine\\\/#\\\/schema\\\/person\\\/5b2e5627a714ddadaaf8c9b886c55eff\"},\"headline\":\"Marcel Breuer: l&#8217;architecte du Bauhaus devenu le ma\u00eetre du b\u00e9ton\",\"datePublished\":\"2021-02-11T09:19:46+00:00\",\"dateModified\":\"2023-09-25T13:39:50+00:00\",\"mainEntityOfPage\":{\"@id\":\"https:\\\/\\\/www.mobilier-design-occasion.fr\\\/magazine\\\/marcel-breuer-larchitecte-du-bauhaus-devenu-le-maitre-du-beton\\\/\"},\"wordCount\":882,\"commentCount\":0,\"publisher\":{\"@id\":\"https:\\\/\\\/www.mobilier-design-occasion.fr\\\/magazine\\\/#organization\"},\"image\":{\"@id\":\"https:\\\/\\\/www.mobilier-design-occasion.fr\\\/magazine\\\/marcel-breuer-larchitecte-du-bauhaus-devenu-le-maitre-du-beton\\\/#primaryimage\"},\"thumbnailUrl\":\"https:\\\/\\\/www.mobilier-design-occasion.fr\\\/magazine\\\/wp-content\\\/uploads\\\/2021\\\/02\\\/Marcel_Breuer_Bio-scaled.jpg\",\"articleSection\":[\"Tendances\"],\"inLanguage\":\"fr-FR\",\"potentialAction\":[{\"@type\":\"CommentAction\",\"name\":\"Comment\",\"target\":[\"https:\\\/\\\/www.mobilier-design-occasion.fr\\\/magazine\\\/marcel-breuer-larchitecte-du-bauhaus-devenu-le-maitre-du-beton\\\/#respond\"]}]},{\"@type\":\"WebPage\",\"@id\":\"https:\\\/\\\/www.mobilier-design-occasion.fr\\\/magazine\\\/marcel-breuer-larchitecte-du-bauhaus-devenu-le-maitre-du-beton\\\/\",\"url\":\"https:\\\/\\\/www.mobilier-design-occasion.fr\\\/magazine\\\/marcel-breuer-larchitecte-du-bauhaus-devenu-le-maitre-du-beton\\\/\",\"name\":\"Marcel Breuer: l'architecte du Bauhaus devenu le ma\u00eetre du b\u00e9ton - Mobilier Design Magazine\",\"isPartOf\":{\"@id\":\"https:\\\/\\\/www.mobilier-design-occasion.fr\\\/magazine\\\/#website\"},\"primaryImageOfPage\":{\"@id\":\"https:\\\/\\\/www.mobilier-design-occasion.fr\\\/magazine\\\/marcel-breuer-larchitecte-du-bauhaus-devenu-le-maitre-du-beton\\\/#primaryimage\"},\"image\":{\"@id\":\"https:\\\/\\\/www.mobilier-design-occasion.fr\\\/magazine\\\/marcel-breuer-larchitecte-du-bauhaus-devenu-le-maitre-du-beton\\\/#primaryimage\"},\"thumbnailUrl\":\"https:\\\/\\\/www.mobilier-design-occasion.fr\\\/magazine\\\/wp-content\\\/uploads\\\/2021\\\/02\\\/Marcel_Breuer_Bio-scaled.jpg\",\"datePublished\":\"2021-02-11T09:19:46+00:00\",\"dateModified\":\"2023-09-25T13:39:50+00:00\",\"breadcrumb\":{\"@id\":\"https:\\\/\\\/www.mobilier-design-occasion.fr\\\/magazine\\\/marcel-breuer-larchitecte-du-bauhaus-devenu-le-maitre-du-beton\\\/#breadcrumb\"},\"inLanguage\":\"fr-FR\",\"potentialAction\":[{\"@type\":\"ReadAction\",\"target\":[\"https:\\\/\\\/www.mobilier-design-occasion.fr\\\/magazine\\\/marcel-breuer-larchitecte-du-bauhaus-devenu-le-maitre-du-beton\\\/\"]}]},{\"@type\":\"ImageObject\",\"inLanguage\":\"fr-FR\",\"@id\":\"https:\\\/\\\/www.mobilier-design-occasion.fr\\\/magazine\\\/marcel-breuer-larchitecte-du-bauhaus-devenu-le-maitre-du-beton\\\/#primaryimage\",\"url\":\"https:\\\/\\\/www.mobilier-design-occasion.fr\\\/magazine\\\/wp-content\\\/uploads\\\/2021\\\/02\\\/Marcel_Breuer_Bio-scaled.jpg\",\"contentUrl\":\"https:\\\/\\\/www.mobilier-design-occasion.fr\\\/magazine\\\/wp-content\\\/uploads\\\/2021\\\/02\\\/Marcel_Breuer_Bio-scaled.jpg\",\"width\":2048,\"height\":1737,\"caption\":\"Marcel Breuer\"},{\"@type\":\"BreadcrumbList\",\"@id\":\"https:\\\/\\\/www.mobilier-design-occasion.fr\\\/magazine\\\/marcel-breuer-larchitecte-du-bauhaus-devenu-le-maitre-du-beton\\\/#breadcrumb\",\"itemListElement\":[{\"@type\":\"ListItem\",\"position\":1,\"name\":\"Accueil\",\"item\":\"https:\\\/\\\/www.mobilier-design-occasion.fr\\\/magazine\\\/\"},{\"@type\":\"ListItem\",\"position\":2,\"name\":\"Marcel Breuer: l&rsquo;architecte du Bauhaus devenu le ma\u00eetre du b\u00e9ton\"}]},{\"@type\":\"WebSite\",\"@id\":\"https:\\\/\\\/www.mobilier-design-occasion.fr\\\/magazine\\\/#website\",\"url\":\"https:\\\/\\\/www.mobilier-design-occasion.fr\\\/magazine\\\/\",\"name\":\"Mobilier Design Magazine\",\"description\":\"\",\"publisher\":{\"@id\":\"https:\\\/\\\/www.mobilier-design-occasion.fr\\\/magazine\\\/#organization\"},\"potentialAction\":[{\"@type\":\"SearchAction\",\"target\":{\"@type\":\"EntryPoint\",\"urlTemplate\":\"https:\\\/\\\/www.mobilier-design-occasion.fr\\\/magazine\\\/?s={search_term_string}\"},\"query-input\":{\"@type\":\"PropertyValueSpecification\",\"valueRequired\":true,\"valueName\":\"search_term_string\"}}],\"inLanguage\":\"fr-FR\"},{\"@type\":\"Organization\",\"@id\":\"https:\\\/\\\/www.mobilier-design-occasion.fr\\\/magazine\\\/#organization\",\"name\":\"Mobilier Design Magazine\",\"url\":\"https:\\\/\\\/www.mobilier-design-occasion.fr\\\/magazine\\\/\",\"logo\":{\"@type\":\"ImageObject\",\"inLanguage\":\"fr-FR\",\"@id\":\"https:\\\/\\\/www.mobilier-design-occasion.fr\\\/magazine\\\/#\\\/schema\\\/logo\\\/image\\\/\",\"url\":\"https:\\\/\\\/www.mobilier-design-occasion.fr\\\/magazine\\\/wp-content\\\/uploads\\\/2024\\\/02\\\/android-chrome-192x192-1.png\",\"contentUrl\":\"https:\\\/\\\/www.mobilier-design-occasion.fr\\\/magazine\\\/wp-content\\\/uploads\\\/2024\\\/02\\\/android-chrome-192x192-1.png\",\"width\":192,\"height\":192,\"caption\":\"Mobilier Design Magazine\"},\"image\":{\"@id\":\"https:\\\/\\\/www.mobilier-design-occasion.fr\\\/magazine\\\/#\\\/schema\\\/logo\\\/image\\\/\"},\"sameAs\":[\"https:\\\/\\\/www.facebook.com\\\/mobilierdesignoccasion\"]},{\"@type\":\"Person\",\"@id\":\"https:\\\/\\\/www.mobilier-design-occasion.fr\\\/magazine\\\/#\\\/schema\\\/person\\\/5b2e5627a714ddadaaf8c9b886c55eff\",\"name\":\"Cyrielle Poirot\",\"image\":{\"@type\":\"ImageObject\",\"inLanguage\":\"fr-FR\",\"@id\":\"https:\\\/\\\/secure.gravatar.com\\\/avatar\\\/c8d2674e093b06894d8d1dc468b626bd752523471f3ac6e75f7c7a1400d40b4d?s=96&d=mm&r=g\",\"url\":\"https:\\\/\\\/secure.gravatar.com\\\/avatar\\\/c8d2674e093b06894d8d1dc468b626bd752523471f3ac6e75f7c7a1400d40b4d?s=96&d=mm&r=g\",\"contentUrl\":\"https:\\\/\\\/secure.gravatar.com\\\/avatar\\\/c8d2674e093b06894d8d1dc468b626bd752523471f3ac6e75f7c7a1400d40b4d?s=96&d=mm&r=g\",\"caption\":\"Cyrielle Poirot\"},\"description\":\"Cyrielle est passionn\u00e9e par la d\u00e9coration d'int\u00e9rieur et s'est sp\u00e9cialis\u00e9e depuis quelques ann\u00e9es dans l'\u00e9dition du site Mobilier-Design, avec une touche sp\u00e9cifique pour les produits d'occasion.\",\"sameAs\":[\"https:\\\/\\\/www.mobilier-design-occasion.fr\\\/magazine\"],\"url\":\"https:\\\/\\\/www.mobilier-design-occasion.fr\\\/magazine\\\/author\\\/cyrielle\\\/\"}]}<\/script>\n<!-- \/ Yoast SEO plugin. -->","yoast_head_json":{"title":"Marcel Breuer: l'architecte du Bauhaus devenu le ma\u00eetre du b\u00e9ton - Mobilier Design Magazine","robots":{"index":"index","follow":"follow","max-snippet":"max-snippet:-1","max-image-preview":"max-image-preview:large","max-video-preview":"max-video-preview:-1"},"canonical":"https:\/\/www.mobilier-design-occasion.fr\/magazine\/marcel-breuer-larchitecte-du-bauhaus-devenu-le-maitre-du-beton\/","og_locale":"fr_FR","og_type":"article","og_title":"Marcel Breuer: l'architecte du Bauhaus devenu le ma\u00eetre du b\u00e9ton - Mobilier Design Magazine","og_description":"La vie et l'\u0153uvre d'un designer qui a fa\u00e7onn\u00e9 le mobilier du XXe si\u00e8cle, et d'un architecte qui a d\u00e9couvert les nombreuses potentialit\u00e9s du b\u00e9ton pr\u00e9fabriqu\u00e9.","og_url":"https:\/\/www.mobilier-design-occasion.fr\/magazine\/marcel-breuer-larchitecte-du-bauhaus-devenu-le-maitre-du-beton\/","og_site_name":"Mobilier Design Magazine","article_publisher":"https:\/\/www.facebook.com\/mobilierdesignoccasion","article_published_time":"2021-02-11T09:19:46+00:00","article_modified_time":"2023-09-25T13:39:50+00:00","og_image":[{"width":2048,"height":1737,"url":"https:\/\/www.mobilier-design-occasion.fr\/magazine\/wp-content\/uploads\/2021\/02\/Marcel_Breuer_Bio-scaled.jpg","type":"image\/jpeg"}],"author":"Cyrielle Poirot","twitter_card":"summary_large_image","twitter_misc":{"\u00c9crit par":"Cyrielle Poirot","Dur\u00e9e de lecture estim\u00e9e":"4 minutes"},"schema":{"@context":"https:\/\/schema.org","@graph":[{"@type":"Article","@id":"https:\/\/www.mobilier-design-occasion.fr\/magazine\/marcel-breuer-larchitecte-du-bauhaus-devenu-le-maitre-du-beton\/#article","isPartOf":{"@id":"https:\/\/www.mobilier-design-occasion.fr\/magazine\/marcel-breuer-larchitecte-du-bauhaus-devenu-le-maitre-du-beton\/"},"author":{"name":"Cyrielle Poirot","@id":"https:\/\/www.mobilier-design-occasion.fr\/magazine\/#\/schema\/person\/5b2e5627a714ddadaaf8c9b886c55eff"},"headline":"Marcel Breuer: l&#8217;architecte du Bauhaus devenu le ma\u00eetre du b\u00e9ton","datePublished":"2021-02-11T09:19:46+00:00","dateModified":"2023-09-25T13:39:50+00:00","mainEntityOfPage":{"@id":"https:\/\/www.mobilier-design-occasion.fr\/magazine\/marcel-breuer-larchitecte-du-bauhaus-devenu-le-maitre-du-beton\/"},"wordCount":882,"commentCount":0,"publisher":{"@id":"https:\/\/www.mobilier-design-occasion.fr\/magazine\/#organization"},"image":{"@id":"https:\/\/www.mobilier-design-occasion.fr\/magazine\/marcel-breuer-larchitecte-du-bauhaus-devenu-le-maitre-du-beton\/#primaryimage"},"thumbnailUrl":"https:\/\/www.mobilier-design-occasion.fr\/magazine\/wp-content\/uploads\/2021\/02\/Marcel_Breuer_Bio-scaled.jpg","articleSection":["Tendances"],"inLanguage":"fr-FR","potentialAction":[{"@type":"CommentAction","name":"Comment","target":["https:\/\/www.mobilier-design-occasion.fr\/magazine\/marcel-breuer-larchitecte-du-bauhaus-devenu-le-maitre-du-beton\/#respond"]}]},{"@type":"WebPage","@id":"https:\/\/www.mobilier-design-occasion.fr\/magazine\/marcel-breuer-larchitecte-du-bauhaus-devenu-le-maitre-du-beton\/","url":"https:\/\/www.mobilier-design-occasion.fr\/magazine\/marcel-breuer-larchitecte-du-bauhaus-devenu-le-maitre-du-beton\/","name":"Marcel Breuer: l'architecte du Bauhaus devenu le ma\u00eetre du b\u00e9ton - Mobilier Design Magazine","isPartOf":{"@id":"https:\/\/www.mobilier-design-occasion.fr\/magazine\/#website"},"primaryImageOfPage":{"@id":"https:\/\/www.mobilier-design-occasion.fr\/magazine\/marcel-breuer-larchitecte-du-bauhaus-devenu-le-maitre-du-beton\/#primaryimage"},"image":{"@id":"https:\/\/www.mobilier-design-occasion.fr\/magazine\/marcel-breuer-larchitecte-du-bauhaus-devenu-le-maitre-du-beton\/#primaryimage"},"thumbnailUrl":"https:\/\/www.mobilier-design-occasion.fr\/magazine\/wp-content\/uploads\/2021\/02\/Marcel_Breuer_Bio-scaled.jpg","datePublished":"2021-02-11T09:19:46+00:00","dateModified":"2023-09-25T13:39:50+00:00","breadcrumb":{"@id":"https:\/\/www.mobilier-design-occasion.fr\/magazine\/marcel-breuer-larchitecte-du-bauhaus-devenu-le-maitre-du-beton\/#breadcrumb"},"inLanguage":"fr-FR","potentialAction":[{"@type":"ReadAction","target":["https:\/\/www.mobilier-design-occasion.fr\/magazine\/marcel-breuer-larchitecte-du-bauhaus-devenu-le-maitre-du-beton\/"]}]},{"@type":"ImageObject","inLanguage":"fr-FR","@id":"https:\/\/www.mobilier-design-occasion.fr\/magazine\/marcel-breuer-larchitecte-du-bauhaus-devenu-le-maitre-du-beton\/#primaryimage","url":"https:\/\/www.mobilier-design-occasion.fr\/magazine\/wp-content\/uploads\/2021\/02\/Marcel_Breuer_Bio-scaled.jpg","contentUrl":"https:\/\/www.mobilier-design-occasion.fr\/magazine\/wp-content\/uploads\/2021\/02\/Marcel_Breuer_Bio-scaled.jpg","width":2048,"height":1737,"caption":"Marcel Breuer"},{"@type":"BreadcrumbList","@id":"https:\/\/www.mobilier-design-occasion.fr\/magazine\/marcel-breuer-larchitecte-du-bauhaus-devenu-le-maitre-du-beton\/#breadcrumb","itemListElement":[{"@type":"ListItem","position":1,"name":"Accueil","item":"https:\/\/www.mobilier-design-occasion.fr\/magazine\/"},{"@type":"ListItem","position":2,"name":"Marcel Breuer: l&rsquo;architecte du Bauhaus devenu le ma\u00eetre du b\u00e9ton"}]},{"@type":"WebSite","@id":"https:\/\/www.mobilier-design-occasion.fr\/magazine\/#website","url":"https:\/\/www.mobilier-design-occasion.fr\/magazine\/","name":"Mobilier Design Magazine","description":"","publisher":{"@id":"https:\/\/www.mobilier-design-occasion.fr\/magazine\/#organization"},"potentialAction":[{"@type":"SearchAction","target":{"@type":"EntryPoint","urlTemplate":"https:\/\/www.mobilier-design-occasion.fr\/magazine\/?s={search_term_string}"},"query-input":{"@type":"PropertyValueSpecification","valueRequired":true,"valueName":"search_term_string"}}],"inLanguage":"fr-FR"},{"@type":"Organization","@id":"https:\/\/www.mobilier-design-occasion.fr\/magazine\/#organization","name":"Mobilier Design Magazine","url":"https:\/\/www.mobilier-design-occasion.fr\/magazine\/","logo":{"@type":"ImageObject","inLanguage":"fr-FR","@id":"https:\/\/www.mobilier-design-occasion.fr\/magazine\/#\/schema\/logo\/image\/","url":"https:\/\/www.mobilier-design-occasion.fr\/magazine\/wp-content\/uploads\/2024\/02\/android-chrome-192x192-1.png","contentUrl":"https:\/\/www.mobilier-design-occasion.fr\/magazine\/wp-content\/uploads\/2024\/02\/android-chrome-192x192-1.png","width":192,"height":192,"caption":"Mobilier Design Magazine"},"image":{"@id":"https:\/\/www.mobilier-design-occasion.fr\/magazine\/#\/schema\/logo\/image\/"},"sameAs":["https:\/\/www.facebook.com\/mobilierdesignoccasion"]},{"@type":"Person","@id":"https:\/\/www.mobilier-design-occasion.fr\/magazine\/#\/schema\/person\/5b2e5627a714ddadaaf8c9b886c55eff","name":"Cyrielle Poirot","image":{"@type":"ImageObject","inLanguage":"fr-FR","@id":"https:\/\/secure.gravatar.com\/avatar\/c8d2674e093b06894d8d1dc468b626bd752523471f3ac6e75f7c7a1400d40b4d?s=96&d=mm&r=g","url":"https:\/\/secure.gravatar.com\/avatar\/c8d2674e093b06894d8d1dc468b626bd752523471f3ac6e75f7c7a1400d40b4d?s=96&d=mm&r=g","contentUrl":"https:\/\/secure.gravatar.com\/avatar\/c8d2674e093b06894d8d1dc468b626bd752523471f3ac6e75f7c7a1400d40b4d?s=96&d=mm&r=g","caption":"Cyrielle Poirot"},"description":"Cyrielle est passionn\u00e9e par la d\u00e9coration d'int\u00e9rieur et s'est sp\u00e9cialis\u00e9e depuis quelques ann\u00e9es dans l'\u00e9dition du site Mobilier-Design, avec une touche sp\u00e9cifique pour les produits d'occasion.","sameAs":["https:\/\/www.mobilier-design-occasion.fr\/magazine"],"url":"https:\/\/www.mobilier-design-occasion.fr\/magazine\/author\/cyrielle\/"}]}},"_links":{"self":[{"href":"https:\/\/www.mobilier-design-occasion.fr\/magazine\/wp-json\/wp\/v2\/posts\/248","targetHints":{"allow":["GET"]}}],"collection":[{"href":"https:\/\/www.mobilier-design-occasion.fr\/magazine\/wp-json\/wp\/v2\/posts"}],"about":[{"href":"https:\/\/www.mobilier-design-occasion.fr\/magazine\/wp-json\/wp\/v2\/types\/post"}],"author":[{"embeddable":true,"href":"https:\/\/www.mobilier-design-occasion.fr\/magazine\/wp-json\/wp\/v2\/users\/1"}],"replies":[{"embeddable":true,"href":"https:\/\/www.mobilier-design-occasion.fr\/magazine\/wp-json\/wp\/v2\/comments?post=248"}],"version-history":[{"count":2,"href":"https:\/\/www.mobilier-design-occasion.fr\/magazine\/wp-json\/wp\/v2\/posts\/248\/revisions"}],"predecessor-version":[{"id":255,"href":"https:\/\/www.mobilier-design-occasion.fr\/magazine\/wp-json\/wp\/v2\/posts\/248\/revisions\/255"}],"wp:featuredmedia":[{"embeddable":true,"href":"https:\/\/www.mobilier-design-occasion.fr\/magazine\/wp-json\/wp\/v2\/media\/252"}],"wp:attachment":[{"href":"https:\/\/www.mobilier-design-occasion.fr\/magazine\/wp-json\/wp\/v2\/media?parent=248"}],"wp:term":[{"taxonomy":"category","embeddable":true,"href":"https:\/\/www.mobilier-design-occasion.fr\/magazine\/wp-json\/wp\/v2\/categories?post=248"},{"taxonomy":"post_tag","embeddable":true,"href":"https:\/\/www.mobilier-design-occasion.fr\/magazine\/wp-json\/wp\/v2\/tags?post=248"}],"curies":[{"name":"wp","href":"https:\/\/api.w.org\/{rel}","templated":true}]}}