{"id":2428,"date":"2021-10-12T06:31:17","date_gmt":"2021-10-12T06:31:17","guid":{"rendered":"https:\/\/www.mobilier-design-occasion.fr\/magazine\/?p=2428"},"modified":"2022-03-08T09:05:42","modified_gmt":"2022-03-08T09:05:42","slug":"etre-dans-de-beaux-draps-avec-la-percale-de-coton","status":"publish","type":"post","link":"https:\/\/www.mobilier-design-occasion.fr\/magazine\/etre-dans-de-beaux-draps-avec-la-percale-de-coton\/","title":{"rendered":"\u00catre dans de beaux draps avec la percale de coton"},"content":{"rendered":"\n<div class=\"wp-block-image\"><figure class=\"alignleft size-large is-resized\"><img loading=\"lazy\" decoding=\"async\" src=\"https:\/\/www.mobilier-design-occasion.fr\/magazine\/wp-content\/uploads\/2021\/10\/a5b154ca34b04aa0e641b8196d4bf2e4-1024x576.jpg\" alt=\"\" class=\"wp-image-2430\" width=\"343\" height=\"193\" srcset=\"https:\/\/www.mobilier-design-occasion.fr\/magazine\/wp-content\/uploads\/2021\/10\/a5b154ca34b04aa0e641b8196d4bf2e4-1024x576.jpg 1024w, https:\/\/www.mobilier-design-occasion.fr\/magazine\/wp-content\/uploads\/2021\/10\/a5b154ca34b04aa0e641b8196d4bf2e4-300x169.jpg 300w, https:\/\/www.mobilier-design-occasion.fr\/magazine\/wp-content\/uploads\/2021\/10\/a5b154ca34b04aa0e641b8196d4bf2e4-768x432.jpg 768w, https:\/\/www.mobilier-design-occasion.fr\/magazine\/wp-content\/uploads\/2021\/10\/a5b154ca34b04aa0e641b8196d4bf2e4-1536x864.jpg 1536w, https:\/\/www.mobilier-design-occasion.fr\/magazine\/wp-content\/uploads\/2021\/10\/a5b154ca34b04aa0e641b8196d4bf2e4-810x456.jpg 810w, https:\/\/www.mobilier-design-occasion.fr\/magazine\/wp-content\/uploads\/2021\/10\/a5b154ca34b04aa0e641b8196d4bf2e4-1140x641.jpg 1140w, https:\/\/www.mobilier-design-occasion.fr\/magazine\/wp-content\/uploads\/2021\/10\/a5b154ca34b04aa0e641b8196d4bf2e4.jpg 1920w\" sizes=\"auto, (max-width: 343px) 100vw, 343px\" \/><\/figure><\/div>\n\n\n\n<p>\u00c0 l\u2019heure des pr\u00e9occupations environnementales, si certains commencent \u00e0 se demander si le <a href=\"https:\/\/www.numerama.com\/sciences\/434566-environnement-sante-politique-le-changement-dheure-sert-il-a-quelque-chose.html\">changement d\u2019horaire \u00e0 r\u00e9ellement un impact \u00e9cologique<\/a>, bon nombre d\u2019entre nous misent d\u00e9j\u00e0 sur la <a href=\"https:\/\/www.mobilier-design-occasion.fr\/magazine\/reussir-a-vendre-son-mobilier\/\">seconde main<\/a>. Un engouement accentu\u00e9 par le d\u00e9veloppement des sites sp\u00e9cialis\u00e9s rendus tr\u00e8s accessibles au vu du nombre croissant de nouveaux outils digitaux. <i>V\u00eatements, accessoires, livres, jeux, jouets, v\u00e9hicule, <a href=\"https:\/\/www.mobilier-design-occasion.fr\/magazine\/test-avis-sur-la-redoute-interieurs-am-pm\/\">mobilier<\/a>, d\u00e9co<\/i> \u2026 <strong>on ne compte plus les cat\u00e9gories d\u2019articles de seconde main<\/strong>. La seconde main est plus que jamais d\u2019actualit\u00e9 et, ce nouveau march\u00e9 devrait d\u2019ailleurs cro\u00eetre de 15 \u00e0 20% d\u2019ici les cinq prochaines ann\u00e9es. Un \u00ab&nbsp;nouveau&nbsp;\u00bb mode de consommation (ce concept est n\u00e9 au si\u00e8cle dernier gr\u00e2ce \u00e0 l\u2019Abb\u00e9 Pierre au travers de sa fondation Emma\u00fcs) qui conquiert nos c\u0153urs.&nbsp;<\/p>\n\n\n\n<p>Mais voil\u00e0 si le march\u00e9 de l\u2019occasion est en plein boom, <strong>il est des choses qu\u2019il ne faudrait pas acheter de seconde main<\/strong>. <i>Casques, si\u00e8ges auto pour enfants, pneus, maillots de bain, combinaisons de plong\u00e9e, berceaux, chaussures, biberons, peluches, maquillage et parfum utilis\u00e9s ou usag\u00e9s<\/i> sont \u00e0 \u00e9viter, et ce, <strong>pour des raisons d\u2019hygi\u00e8ne et de s\u00e9curit\u00e9<\/strong>. C\u2019est le cas \u00e9galement de la literie et de son linge \u00e0 moins de vouloir partager ses nuits avec de la moisissure, des mites, des punaises de <a href=\"https:\/\/www.mobilier-design-occasion.fr\/magazine\/combien-dheures-de-sommeil-pour-mon-enfant\/\">lit<\/a>, des bact\u00e9ries et autres liquides corporels. Bref, <strong>pour dormir du <a href=\"https:\/\/www.mobilier-design-occasion.fr\/magazine\/mes-conseils-pour-ameliorer-le-sommeil-de-votre-enfant\/\">sommeil<\/a> du juste, rien de tel que des articles neufs&nbsp;<\/strong>et la <a href=\"https:\/\/www.a-demain.shop\/collections\/parures-de-lit-en-percale-de-coton\">cr\u00e8me de la cr\u00e8me \u00e0 l\u2019image des draps en percale de coton<\/a>. Quoi&nbsp;? Comment&nbsp;? Gros plan sur LA mati\u00e8re pour rejoindre Morph\u00e9e.&nbsp;<\/p>\n\n\n\n<h2 class=\"wp-block-heading\"><span class=\"ez-toc-section\" id=\"Quels_sont_les_atouts_de_la_percale_de_coton\"><\/span>Quels sont les atouts de la percale de coton&nbsp;?&nbsp;<span class=\"ez-toc-section-end\"><\/span><\/h2><div id=\"ez-toc-container\" class=\"ez-toc-v2_0_82_2 counter-hierarchy ez-toc-counter ez-toc-grey ez-toc-container-direction\">\n<div class=\"ez-toc-title-container\">\n<span class=\"ez-toc-title-toggle\"><a href=\"#\" class=\"ez-toc-pull-right ez-toc-btn ez-toc-btn-xs ez-toc-btn-default ez-toc-toggle\" aria-label=\"Toggle Table of Content\"><span class=\"ez-toc-js-icon-con\"><span class=\"\"><span class=\"eztoc-hide\" style=\"display:none;\">Toggle<\/span><span class=\"ez-toc-icon-toggle-span\"><svg style=\"fill: #999;color:#999\" xmlns=\"http:\/\/www.w3.org\/2000\/svg\" class=\"list-377408\" width=\"20px\" height=\"20px\" viewBox=\"0 0 24 24\" fill=\"none\"><path d=\"M6 6H4v2h2V6zm14 0H8v2h12V6zM4 11h2v2H4v-2zm16 0H8v2h12v-2zM4 16h2v2H4v-2zm16 0H8v2h12v-2z\" fill=\"currentColor\"><\/path><\/svg><svg style=\"fill: #999;color:#999\" class=\"arrow-unsorted-368013\" xmlns=\"http:\/\/www.w3.org\/2000\/svg\" width=\"10px\" height=\"10px\" viewBox=\"0 0 24 24\" version=\"1.2\" baseProfile=\"tiny\"><path d=\"M18.2 9.3l-6.2-6.3-6.2 6.3c-.2.2-.3.4-.3.7s.1.5.3.7c.2.2.4.3.7.3h11c.3 0 .5-.1.7-.3.2-.2.3-.5.3-.7s-.1-.5-.3-.7zM5.8 14.7l6.2 6.3 6.2-6.3c.2-.2.3-.5.3-.7s-.1-.5-.3-.7c-.2-.2-.4-.3-.7-.3h-11c-.3 0-.5.1-.7.3-.2.2-.3.5-.3.7s.1.5.3.7z\"\/><\/svg><\/span><\/span><\/span><\/a><\/span><\/div>\n<nav><ul class='ez-toc-list ez-toc-list-level-1 eztoc-toggle-hide-by-default' ><li class='ez-toc-page-1 ez-toc-heading-level-2'><a class=\"ez-toc-link ez-toc-heading-1\" href=\"https:\/\/www.mobilier-design-occasion.fr\/magazine\/etre-dans-de-beaux-draps-avec-la-percale-de-coton\/#Quels_sont_les_atouts_de_la_percale_de_coton\" >Quels sont les atouts de la percale de coton&nbsp;?&nbsp;<\/a><\/li><li class='ez-toc-page-1 ez-toc-heading-level-2'><a class=\"ez-toc-link ez-toc-heading-2\" href=\"https:\/\/www.mobilier-design-occasion.fr\/magazine\/etre-dans-de-beaux-draps-avec-la-percale-de-coton\/#Cest_quoi_la_percale_de_coton\" >C\u2019est quoi la percale de coton&nbsp;?&nbsp;<\/a><\/li><li class='ez-toc-page-1 ez-toc-heading-level-2'><a class=\"ez-toc-link ez-toc-heading-3\" href=\"https:\/\/www.mobilier-design-occasion.fr\/magazine\/etre-dans-de-beaux-draps-avec-la-percale-de-coton\/#Comment_entretenir_des_draps_en_percale_de_coton\" >Comment entretenir des draps en percale de coton&nbsp;?&nbsp;<\/a><\/li><\/ul><\/nav><\/div>\n\n\n\n\n<p>Taies, housses de couette, mais aussi draps en percale de coton, la gamme du linge de lit est large. Et si la percale de coton est largement utilis\u00e9e, c\u2019est qu\u2019elle <strong>conf\u00e8re au linge des qualit\u00e9s exceptionnelles<\/strong>. Toucher doux et craquant, cette mati\u00e8re est parfaite pour les peaux sensibles tout particuli\u00e8rement. Pour autant, ses qualit\u00e9s ne s\u2019arr\u00eatent pas l\u00e0. Le linge de lit en percale est aussi tr\u00e8s r\u00e9sistant, parfait pour inscrire durablement cet achat. En marge, gr\u00e2ce \u00e0 son pouvoir absorbant, cette mati\u00e8re permet une bonne r\u00e9gulation de la temp\u00e9rature corporelle. \u00c9t\u00e9 comme hiver, les nuits se font alors plus agr\u00e9ables. Parfait pour celles et ceux qui transpirent beaucoup. Frais et l\u00e9ger, sa tenue permet aussi au fil des lavages de conserver son \u00e9clat (entre 40 et 60\u00b0C). &nbsp;<\/p>\n\n\n\n<h2 class=\"wp-block-heading\"><span class=\"ez-toc-section\" id=\"Cest_quoi_la_percale_de_coton\"><\/span>C\u2019est quoi la percale de coton&nbsp;?&nbsp;<span class=\"ez-toc-section-end\"><\/span><\/h2>\n\n\n\n<p>Contrairement aux id\u00e9es re\u00e7ues, la percale de coton est une technique de tissage et non pas une mati\u00e8re \u00e0 part enti\u00e8re \u00e0 l\u2019image du lin ou du bambou. La percale de coton est le tissage le plus nombre qui entre dans la confection du linge de lit. Il se compose de fibres v\u00e9g\u00e9tales issues de la culture de coton. La percale de coton se distingue du coton par sa densit\u00e9 de fils au cm2. Si le <strong>tissage tr\u00e8s serr\u00e9 compte 80 fils au cm2\u00e0 minima<\/strong>, plus cette densit\u00e9 est importante plus ses qualit\u00e9s le seront aussi. Constitu\u00e9e de longs et fins fils de coton, la percale de coton est tr\u00e8s r\u00e9sistante.<\/p>\n\n\n\n<h2 class=\"wp-block-heading\"><span class=\"ez-toc-section\" id=\"Comment_entretenir_des_draps_en_percale_de_coton\"><\/span>Comment entretenir des draps en percale de coton&nbsp;?&nbsp;<span class=\"ez-toc-section-end\"><\/span><\/h2>\n\n\n\n<p>Autre avantage et non des moindres, <strong>la percale de coton est extr\u00eamement facile d\u2019entretien<\/strong>. Qu\u2019il s\u2019agisse de taies ou encore de draps en percale de coton, le programme machine \u00e0 40\u00b0C est parfait tout comme les temp\u00e9ratures plus \u00e9lev\u00e9es. Bien entendu, il est fortement conseill\u00e9 d\u2019opter pour des lessives et autres d\u00e9tergents les plus sains et \u00e9cologiques pour ne pas ab\u00eemer les fibres de coton&nbsp;: voire de <a href=\"https:\/\/www.pousse-pousse.com\/blogs\/diy-zero-dechet\/diy-zero-dechet-ma-lessive-maison-au-savon-de-marseille?campaignid=13172319315&amp;adgroupid=121972167825&amp;adid=522873787589&amp;gclid=EAIaIQobChMIlsPas_em8wIVC-rtCh3QOgS_EAAYASAAEgIyzfD_BwE\">fabriquer soi-m\u00eame la lessive<\/a> de quoi faire par la m\u00eame <a href=\"https:\/\/www.mobilier-design-occasion.fr\/magazine\/le-canape-togo-doccasion\/\">occasion<\/a> des \u00e9conomies. Et, pour sublimer leur aspect mat, un passage du fer \u00e0 repasser suffit.&nbsp;<\/p>\n\n\n\n<p><strong>Magique,<\/strong> <strong>la percale de coton n\u2019en reste pas moins esth\u00e9tique. Couleurs, motifs \u2026 tout est du domaine du possible. De quoi laisser libre cours \u00e0 ses envies de d\u00e9co aussi.<\/strong><\/p>\n","protected":false},"excerpt":{"rendered":"<p>\u00c0 l\u2019heure des pr\u00e9occupations environnementales, si certains commencent \u00e0 se demander si le changement d\u2019horaire \u00e0 r\u00e9ellement un impact \u00e9cologique, bon nombre d\u2019entre nous misent d\u00e9j\u00e0 sur la seconde main. Un engouement accentu\u00e9 par le d\u00e9veloppement des sites sp\u00e9cialis\u00e9s rendus tr\u00e8s accessibles au vu du nombre croissant de nouveaux outils digitaux. V\u00eatements, accessoires, livres, jeux, [&hellip;]<\/p>\n","protected":false},"author":2,"featured_media":3503,"comment_status":"open","ping_status":"open","sticky":false,"template":"","format":"standard","meta":{"footnotes":""},"categories":[2],"tags":[],"class_list":["post-2428","post","type-post","status-publish","format-standard","has-post-thumbnail","hentry","category-tendances"],"yoast_head":"<!-- This site is optimized with the Yoast SEO plugin v27.5 - https:\/\/yoast.com\/product\/yoast-seo-wordpress\/ -->\n<title>\u00catre dans de beaux draps avec la percale de coton - Mobilier Design Magazine<\/title>\n<meta name=\"robots\" content=\"index, follow, max-snippet:-1, max-image-preview:large, max-video-preview:-1\" \/>\n<link rel=\"canonical\" href=\"https:\/\/www.mobilier-design-occasion.fr\/magazine\/etre-dans-de-beaux-draps-avec-la-percale-de-coton\/\" \/>\n<meta property=\"og:locale\" content=\"fr_FR\" \/>\n<meta property=\"og:type\" content=\"article\" \/>\n<meta property=\"og:title\" content=\"\u00catre dans de beaux draps avec la percale de coton - Mobilier Design Magazine\" \/>\n<meta property=\"og:description\" content=\"\u00c0 l\u2019heure des pr\u00e9occupations environnementales, si certains commencent \u00e0 se demander si le changement d\u2019horaire \u00e0 r\u00e9ellement un impact \u00e9cologique, bon nombre d\u2019entre nous misent d\u00e9j\u00e0 sur la seconde main. Un engouement accentu\u00e9 par le d\u00e9veloppement des sites sp\u00e9cialis\u00e9s rendus tr\u00e8s accessibles au vu du nombre croissant de nouveaux outils digitaux. V\u00eatements, accessoires, livres, jeux, [&hellip;]\" \/>\n<meta property=\"og:url\" content=\"https:\/\/www.mobilier-design-occasion.fr\/magazine\/etre-dans-de-beaux-draps-avec-la-percale-de-coton\/\" \/>\n<meta property=\"og:site_name\" content=\"Mobilier Design Magazine\" \/>\n<meta property=\"article:publisher\" content=\"https:\/\/www.facebook.com\/mobilierdesignoccasion\" \/>\n<meta property=\"article:published_time\" content=\"2021-10-12T06:31:17+00:00\" \/>\n<meta property=\"article:modified_time\" content=\"2022-03-08T09:05:42+00:00\" \/>\n<meta property=\"og:image\" content=\"https:\/\/www.mobilier-design-occasion.fr\/magazine\/wp-content\/uploads\/2021\/10\/Design-sans-titre-16.png\" \/>\n\t<meta property=\"og:image:width\" content=\"1080\" \/>\n\t<meta property=\"og:image:height\" content=\"1080\" \/>\n\t<meta property=\"og:image:type\" content=\"image\/png\" \/>\n<meta name=\"author\" content=\"Vincent Vandegans\" \/>\n<meta name=\"twitter:card\" content=\"summary_large_image\" \/>\n<meta name=\"twitter:label1\" content=\"\u00c9crit par\" \/>\n\t<meta name=\"twitter:data1\" content=\"Vincent Vandegans\" \/>\n\t<meta name=\"twitter:label2\" content=\"Dur\u00e9e de lecture estim\u00e9e\" \/>\n\t<meta name=\"twitter:data2\" content=\"4 minutes\" \/>\n<script type=\"application\/ld+json\" class=\"yoast-schema-graph\">{\"@context\":\"https:\\\/\\\/schema.org\",\"@graph\":[{\"@type\":\"Article\",\"@id\":\"https:\\\/\\\/www.mobilier-design-occasion.fr\\\/magazine\\\/etre-dans-de-beaux-draps-avec-la-percale-de-coton\\\/#article\",\"isPartOf\":{\"@id\":\"https:\\\/\\\/www.mobilier-design-occasion.fr\\\/magazine\\\/etre-dans-de-beaux-draps-avec-la-percale-de-coton\\\/\"},\"author\":{\"name\":\"Vincent Vandegans\",\"@id\":\"https:\\\/\\\/www.mobilier-design-occasion.fr\\\/magazine\\\/#\\\/schema\\\/person\\\/af895bedc80bfb6b17730a672fddac9e\"},\"headline\":\"\u00catre dans de beaux draps avec la percale de coton\",\"datePublished\":\"2021-10-12T06:31:17+00:00\",\"dateModified\":\"2022-03-08T09:05:42+00:00\",\"mainEntityOfPage\":{\"@id\":\"https:\\\/\\\/www.mobilier-design-occasion.fr\\\/magazine\\\/etre-dans-de-beaux-draps-avec-la-percale-de-coton\\\/\"},\"wordCount\":726,\"commentCount\":0,\"publisher\":{\"@id\":\"https:\\\/\\\/www.mobilier-design-occasion.fr\\\/magazine\\\/#organization\"},\"image\":{\"@id\":\"https:\\\/\\\/www.mobilier-design-occasion.fr\\\/magazine\\\/etre-dans-de-beaux-draps-avec-la-percale-de-coton\\\/#primaryimage\"},\"thumbnailUrl\":\"https:\\\/\\\/www.mobilier-design-occasion.fr\\\/magazine\\\/wp-content\\\/uploads\\\/2021\\\/10\\\/Design-sans-titre-16.png\",\"articleSection\":[\"Tendances\"],\"inLanguage\":\"fr-FR\",\"potentialAction\":[{\"@type\":\"CommentAction\",\"name\":\"Comment\",\"target\":[\"https:\\\/\\\/www.mobilier-design-occasion.fr\\\/magazine\\\/etre-dans-de-beaux-draps-avec-la-percale-de-coton\\\/#respond\"]}]},{\"@type\":\"WebPage\",\"@id\":\"https:\\\/\\\/www.mobilier-design-occasion.fr\\\/magazine\\\/etre-dans-de-beaux-draps-avec-la-percale-de-coton\\\/\",\"url\":\"https:\\\/\\\/www.mobilier-design-occasion.fr\\\/magazine\\\/etre-dans-de-beaux-draps-avec-la-percale-de-coton\\\/\",\"name\":\"\u00catre dans de beaux draps avec la percale de coton - Mobilier Design Magazine\",\"isPartOf\":{\"@id\":\"https:\\\/\\\/www.mobilier-design-occasion.fr\\\/magazine\\\/#website\"},\"primaryImageOfPage\":{\"@id\":\"https:\\\/\\\/www.mobilier-design-occasion.fr\\\/magazine\\\/etre-dans-de-beaux-draps-avec-la-percale-de-coton\\\/#primaryimage\"},\"image\":{\"@id\":\"https:\\\/\\\/www.mobilier-design-occasion.fr\\\/magazine\\\/etre-dans-de-beaux-draps-avec-la-percale-de-coton\\\/#primaryimage\"},\"thumbnailUrl\":\"https:\\\/\\\/www.mobilier-design-occasion.fr\\\/magazine\\\/wp-content\\\/uploads\\\/2021\\\/10\\\/Design-sans-titre-16.png\",\"datePublished\":\"2021-10-12T06:31:17+00:00\",\"dateModified\":\"2022-03-08T09:05:42+00:00\",\"breadcrumb\":{\"@id\":\"https:\\\/\\\/www.mobilier-design-occasion.fr\\\/magazine\\\/etre-dans-de-beaux-draps-avec-la-percale-de-coton\\\/#breadcrumb\"},\"inLanguage\":\"fr-FR\",\"potentialAction\":[{\"@type\":\"ReadAction\",\"target\":[\"https:\\\/\\\/www.mobilier-design-occasion.fr\\\/magazine\\\/etre-dans-de-beaux-draps-avec-la-percale-de-coton\\\/\"]}]},{\"@type\":\"ImageObject\",\"inLanguage\":\"fr-FR\",\"@id\":\"https:\\\/\\\/www.mobilier-design-occasion.fr\\\/magazine\\\/etre-dans-de-beaux-draps-avec-la-percale-de-coton\\\/#primaryimage\",\"url\":\"https:\\\/\\\/www.mobilier-design-occasion.fr\\\/magazine\\\/wp-content\\\/uploads\\\/2021\\\/10\\\/Design-sans-titre-16.png\",\"contentUrl\":\"https:\\\/\\\/www.mobilier-design-occasion.fr\\\/magazine\\\/wp-content\\\/uploads\\\/2021\\\/10\\\/Design-sans-titre-16.png\",\"width\":1080,\"height\":1080},{\"@type\":\"BreadcrumbList\",\"@id\":\"https:\\\/\\\/www.mobilier-design-occasion.fr\\\/magazine\\\/etre-dans-de-beaux-draps-avec-la-percale-de-coton\\\/#breadcrumb\",\"itemListElement\":[{\"@type\":\"ListItem\",\"position\":1,\"name\":\"Accueil\",\"item\":\"https:\\\/\\\/www.mobilier-design-occasion.fr\\\/magazine\\\/\"},{\"@type\":\"ListItem\",\"position\":2,\"name\":\"\u00catre dans de beaux draps avec la percale de coton\"}]},{\"@type\":\"WebSite\",\"@id\":\"https:\\\/\\\/www.mobilier-design-occasion.fr\\\/magazine\\\/#website\",\"url\":\"https:\\\/\\\/www.mobilier-design-occasion.fr\\\/magazine\\\/\",\"name\":\"Mobilier Design Magazine\",\"description\":\"\",\"publisher\":{\"@id\":\"https:\\\/\\\/www.mobilier-design-occasion.fr\\\/magazine\\\/#organization\"},\"potentialAction\":[{\"@type\":\"SearchAction\",\"target\":{\"@type\":\"EntryPoint\",\"urlTemplate\":\"https:\\\/\\\/www.mobilier-design-occasion.fr\\\/magazine\\\/?s={search_term_string}\"},\"query-input\":{\"@type\":\"PropertyValueSpecification\",\"valueRequired\":true,\"valueName\":\"search_term_string\"}}],\"inLanguage\":\"fr-FR\"},{\"@type\":\"Organization\",\"@id\":\"https:\\\/\\\/www.mobilier-design-occasion.fr\\\/magazine\\\/#organization\",\"name\":\"Mobilier Design Magazine\",\"url\":\"https:\\\/\\\/www.mobilier-design-occasion.fr\\\/magazine\\\/\",\"logo\":{\"@type\":\"ImageObject\",\"inLanguage\":\"fr-FR\",\"@id\":\"https:\\\/\\\/www.mobilier-design-occasion.fr\\\/magazine\\\/#\\\/schema\\\/logo\\\/image\\\/\",\"url\":\"https:\\\/\\\/www.mobilier-design-occasion.fr\\\/magazine\\\/wp-content\\\/uploads\\\/2024\\\/02\\\/android-chrome-192x192-1.png\",\"contentUrl\":\"https:\\\/\\\/www.mobilier-design-occasion.fr\\\/magazine\\\/wp-content\\\/uploads\\\/2024\\\/02\\\/android-chrome-192x192-1.png\",\"width\":192,\"height\":192,\"caption\":\"Mobilier Design Magazine\"},\"image\":{\"@id\":\"https:\\\/\\\/www.mobilier-design-occasion.fr\\\/magazine\\\/#\\\/schema\\\/logo\\\/image\\\/\"},\"sameAs\":[\"https:\\\/\\\/www.facebook.com\\\/mobilierdesignoccasion\"]},{\"@type\":\"Person\",\"@id\":\"https:\\\/\\\/www.mobilier-design-occasion.fr\\\/magazine\\\/#\\\/schema\\\/person\\\/af895bedc80bfb6b17730a672fddac9e\",\"name\":\"Vincent Vandegans\",\"image\":{\"@type\":\"ImageObject\",\"inLanguage\":\"fr-FR\",\"@id\":\"https:\\\/\\\/secure.gravatar.com\\\/avatar\\\/b984800dabdf722d5e3f03f637c8932dea77d81118467d17ad2953e3b273ec66?s=96&d=mm&r=g\",\"url\":\"https:\\\/\\\/secure.gravatar.com\\\/avatar\\\/b984800dabdf722d5e3f03f637c8932dea77d81118467d17ad2953e3b273ec66?s=96&d=mm&r=g\",\"contentUrl\":\"https:\\\/\\\/secure.gravatar.com\\\/avatar\\\/b984800dabdf722d5e3f03f637c8932dea77d81118467d17ad2953e3b273ec66?s=96&d=mm&r=g\",\"caption\":\"Vincent Vandegans\"},\"description\":\"Vincent est passionn\u00e9 par les produits d'occasion, il a ouvert le site MDO avec Cyrielle pour aider les gens \u00e0 trouver du mobilier d'occasion, vintage ou usag\u00e9. Depuis, ils ont \u00e9tendu leurs activit\u00e9s et conseillent tout le monde sur le mobilier d'int\u00e9rieur et d'ext\u00e9rieur au quotidien \u00e0 travers le magazine MDO.\",\"url\":\"https:\\\/\\\/www.mobilier-design-occasion.fr\\\/magazine\\\/author\\\/vincent\\\/\"}]}<\/script>\n<!-- \/ Yoast SEO plugin. -->","yoast_head_json":{"title":"\u00catre dans de beaux draps avec la percale de coton - Mobilier Design Magazine","robots":{"index":"index","follow":"follow","max-snippet":"max-snippet:-1","max-image-preview":"max-image-preview:large","max-video-preview":"max-video-preview:-1"},"canonical":"https:\/\/www.mobilier-design-occasion.fr\/magazine\/etre-dans-de-beaux-draps-avec-la-percale-de-coton\/","og_locale":"fr_FR","og_type":"article","og_title":"\u00catre dans de beaux draps avec la percale de coton - Mobilier Design Magazine","og_description":"\u00c0 l\u2019heure des pr\u00e9occupations environnementales, si certains commencent \u00e0 se demander si le changement d\u2019horaire \u00e0 r\u00e9ellement un impact \u00e9cologique, bon nombre d\u2019entre nous misent d\u00e9j\u00e0 sur la seconde main. Un engouement accentu\u00e9 par le d\u00e9veloppement des sites sp\u00e9cialis\u00e9s rendus tr\u00e8s accessibles au vu du nombre croissant de nouveaux outils digitaux. V\u00eatements, accessoires, livres, jeux, [&hellip;]","og_url":"https:\/\/www.mobilier-design-occasion.fr\/magazine\/etre-dans-de-beaux-draps-avec-la-percale-de-coton\/","og_site_name":"Mobilier Design Magazine","article_publisher":"https:\/\/www.facebook.com\/mobilierdesignoccasion","article_published_time":"2021-10-12T06:31:17+00:00","article_modified_time":"2022-03-08T09:05:42+00:00","og_image":[{"width":1080,"height":1080,"url":"https:\/\/www.mobilier-design-occasion.fr\/magazine\/wp-content\/uploads\/2021\/10\/Design-sans-titre-16.png","type":"image\/png"}],"author":"Vincent Vandegans","twitter_card":"summary_large_image","twitter_misc":{"\u00c9crit par":"Vincent Vandegans","Dur\u00e9e de lecture estim\u00e9e":"4 minutes"},"schema":{"@context":"https:\/\/schema.org","@graph":[{"@type":"Article","@id":"https:\/\/www.mobilier-design-occasion.fr\/magazine\/etre-dans-de-beaux-draps-avec-la-percale-de-coton\/#article","isPartOf":{"@id":"https:\/\/www.mobilier-design-occasion.fr\/magazine\/etre-dans-de-beaux-draps-avec-la-percale-de-coton\/"},"author":{"name":"Vincent Vandegans","@id":"https:\/\/www.mobilier-design-occasion.fr\/magazine\/#\/schema\/person\/af895bedc80bfb6b17730a672fddac9e"},"headline":"\u00catre dans de beaux draps avec la percale de coton","datePublished":"2021-10-12T06:31:17+00:00","dateModified":"2022-03-08T09:05:42+00:00","mainEntityOfPage":{"@id":"https:\/\/www.mobilier-design-occasion.fr\/magazine\/etre-dans-de-beaux-draps-avec-la-percale-de-coton\/"},"wordCount":726,"commentCount":0,"publisher":{"@id":"https:\/\/www.mobilier-design-occasion.fr\/magazine\/#organization"},"image":{"@id":"https:\/\/www.mobilier-design-occasion.fr\/magazine\/etre-dans-de-beaux-draps-avec-la-percale-de-coton\/#primaryimage"},"thumbnailUrl":"https:\/\/www.mobilier-design-occasion.fr\/magazine\/wp-content\/uploads\/2021\/10\/Design-sans-titre-16.png","articleSection":["Tendances"],"inLanguage":"fr-FR","potentialAction":[{"@type":"CommentAction","name":"Comment","target":["https:\/\/www.mobilier-design-occasion.fr\/magazine\/etre-dans-de-beaux-draps-avec-la-percale-de-coton\/#respond"]}]},{"@type":"WebPage","@id":"https:\/\/www.mobilier-design-occasion.fr\/magazine\/etre-dans-de-beaux-draps-avec-la-percale-de-coton\/","url":"https:\/\/www.mobilier-design-occasion.fr\/magazine\/etre-dans-de-beaux-draps-avec-la-percale-de-coton\/","name":"\u00catre dans de beaux draps avec la percale de coton - Mobilier Design Magazine","isPartOf":{"@id":"https:\/\/www.mobilier-design-occasion.fr\/magazine\/#website"},"primaryImageOfPage":{"@id":"https:\/\/www.mobilier-design-occasion.fr\/magazine\/etre-dans-de-beaux-draps-avec-la-percale-de-coton\/#primaryimage"},"image":{"@id":"https:\/\/www.mobilier-design-occasion.fr\/magazine\/etre-dans-de-beaux-draps-avec-la-percale-de-coton\/#primaryimage"},"thumbnailUrl":"https:\/\/www.mobilier-design-occasion.fr\/magazine\/wp-content\/uploads\/2021\/10\/Design-sans-titre-16.png","datePublished":"2021-10-12T06:31:17+00:00","dateModified":"2022-03-08T09:05:42+00:00","breadcrumb":{"@id":"https:\/\/www.mobilier-design-occasion.fr\/magazine\/etre-dans-de-beaux-draps-avec-la-percale-de-coton\/#breadcrumb"},"inLanguage":"fr-FR","potentialAction":[{"@type":"ReadAction","target":["https:\/\/www.mobilier-design-occasion.fr\/magazine\/etre-dans-de-beaux-draps-avec-la-percale-de-coton\/"]}]},{"@type":"ImageObject","inLanguage":"fr-FR","@id":"https:\/\/www.mobilier-design-occasion.fr\/magazine\/etre-dans-de-beaux-draps-avec-la-percale-de-coton\/#primaryimage","url":"https:\/\/www.mobilier-design-occasion.fr\/magazine\/wp-content\/uploads\/2021\/10\/Design-sans-titre-16.png","contentUrl":"https:\/\/www.mobilier-design-occasion.fr\/magazine\/wp-content\/uploads\/2021\/10\/Design-sans-titre-16.png","width":1080,"height":1080},{"@type":"BreadcrumbList","@id":"https:\/\/www.mobilier-design-occasion.fr\/magazine\/etre-dans-de-beaux-draps-avec-la-percale-de-coton\/#breadcrumb","itemListElement":[{"@type":"ListItem","position":1,"name":"Accueil","item":"https:\/\/www.mobilier-design-occasion.fr\/magazine\/"},{"@type":"ListItem","position":2,"name":"\u00catre dans de beaux draps avec la percale de coton"}]},{"@type":"WebSite","@id":"https:\/\/www.mobilier-design-occasion.fr\/magazine\/#website","url":"https:\/\/www.mobilier-design-occasion.fr\/magazine\/","name":"Mobilier Design Magazine","description":"","publisher":{"@id":"https:\/\/www.mobilier-design-occasion.fr\/magazine\/#organization"},"potentialAction":[{"@type":"SearchAction","target":{"@type":"EntryPoint","urlTemplate":"https:\/\/www.mobilier-design-occasion.fr\/magazine\/?s={search_term_string}"},"query-input":{"@type":"PropertyValueSpecification","valueRequired":true,"valueName":"search_term_string"}}],"inLanguage":"fr-FR"},{"@type":"Organization","@id":"https:\/\/www.mobilier-design-occasion.fr\/magazine\/#organization","name":"Mobilier Design Magazine","url":"https:\/\/www.mobilier-design-occasion.fr\/magazine\/","logo":{"@type":"ImageObject","inLanguage":"fr-FR","@id":"https:\/\/www.mobilier-design-occasion.fr\/magazine\/#\/schema\/logo\/image\/","url":"https:\/\/www.mobilier-design-occasion.fr\/magazine\/wp-content\/uploads\/2024\/02\/android-chrome-192x192-1.png","contentUrl":"https:\/\/www.mobilier-design-occasion.fr\/magazine\/wp-content\/uploads\/2024\/02\/android-chrome-192x192-1.png","width":192,"height":192,"caption":"Mobilier Design Magazine"},"image":{"@id":"https:\/\/www.mobilier-design-occasion.fr\/magazine\/#\/schema\/logo\/image\/"},"sameAs":["https:\/\/www.facebook.com\/mobilierdesignoccasion"]},{"@type":"Person","@id":"https:\/\/www.mobilier-design-occasion.fr\/magazine\/#\/schema\/person\/af895bedc80bfb6b17730a672fddac9e","name":"Vincent Vandegans","image":{"@type":"ImageObject","inLanguage":"fr-FR","@id":"https:\/\/secure.gravatar.com\/avatar\/b984800dabdf722d5e3f03f637c8932dea77d81118467d17ad2953e3b273ec66?s=96&d=mm&r=g","url":"https:\/\/secure.gravatar.com\/avatar\/b984800dabdf722d5e3f03f637c8932dea77d81118467d17ad2953e3b273ec66?s=96&d=mm&r=g","contentUrl":"https:\/\/secure.gravatar.com\/avatar\/b984800dabdf722d5e3f03f637c8932dea77d81118467d17ad2953e3b273ec66?s=96&d=mm&r=g","caption":"Vincent Vandegans"},"description":"Vincent est passionn\u00e9 par les produits d'occasion, il a ouvert le site MDO avec Cyrielle pour aider les gens \u00e0 trouver du mobilier d'occasion, vintage ou usag\u00e9. Depuis, ils ont \u00e9tendu leurs activit\u00e9s et conseillent tout le monde sur le mobilier d'int\u00e9rieur et d'ext\u00e9rieur au quotidien \u00e0 travers le magazine MDO.","url":"https:\/\/www.mobilier-design-occasion.fr\/magazine\/author\/vincent\/"}]}},"_links":{"self":[{"href":"https:\/\/www.mobilier-design-occasion.fr\/magazine\/wp-json\/wp\/v2\/posts\/2428","targetHints":{"allow":["GET"]}}],"collection":[{"href":"https:\/\/www.mobilier-design-occasion.fr\/magazine\/wp-json\/wp\/v2\/posts"}],"about":[{"href":"https:\/\/www.mobilier-design-occasion.fr\/magazine\/wp-json\/wp\/v2\/types\/post"}],"author":[{"embeddable":true,"href":"https:\/\/www.mobilier-design-occasion.fr\/magazine\/wp-json\/wp\/v2\/users\/2"}],"replies":[{"embeddable":true,"href":"https:\/\/www.mobilier-design-occasion.fr\/magazine\/wp-json\/wp\/v2\/comments?post=2428"}],"version-history":[{"count":2,"href":"https:\/\/www.mobilier-design-occasion.fr\/magazine\/wp-json\/wp\/v2\/posts\/2428\/revisions"}],"predecessor-version":[{"id":2431,"href":"https:\/\/www.mobilier-design-occasion.fr\/magazine\/wp-json\/wp\/v2\/posts\/2428\/revisions\/2431"}],"wp:featuredmedia":[{"embeddable":true,"href":"https:\/\/www.mobilier-design-occasion.fr\/magazine\/wp-json\/wp\/v2\/media\/3503"}],"wp:attachment":[{"href":"https:\/\/www.mobilier-design-occasion.fr\/magazine\/wp-json\/wp\/v2\/media?parent=2428"}],"wp:term":[{"taxonomy":"category","embeddable":true,"href":"https:\/\/www.mobilier-design-occasion.fr\/magazine\/wp-json\/wp\/v2\/categories?post=2428"},{"taxonomy":"post_tag","embeddable":true,"href":"https:\/\/www.mobilier-design-occasion.fr\/magazine\/wp-json\/wp\/v2\/tags?post=2428"}],"curies":[{"name":"wp","href":"https:\/\/api.w.org\/{rel}","templated":true}]}}