{"id":2343,"date":"2021-10-29T12:53:44","date_gmt":"2021-10-29T12:53:44","guid":{"rendered":"https:\/\/www.mobilier-design-occasion.fr\/magazine\/?p=2343"},"modified":"2021-10-29T12:53:45","modified_gmt":"2021-10-29T12:53:45","slug":"test-avis-sur-la-boutique-du-bois","status":"publish","type":"post","link":"https:\/\/www.mobilier-design-occasion.fr\/magazine\/test-avis-sur-la-boutique-du-bois\/","title":{"rendered":"Test &#038; avis sur La boutique du bois"},"content":{"rendered":"\n<h2 class=\"wp-block-heading\"><span class=\"ez-toc-section\" id=\"Qui_est_La_boutique_du_bois\"><\/span>Qui est La boutique du bois?<span class=\"ez-toc-section-end\"><\/span><\/h2><div id=\"ez-toc-container\" class=\"ez-toc-v2_0_82_2 counter-hierarchy ez-toc-counter ez-toc-grey ez-toc-container-direction\">\n<div class=\"ez-toc-title-container\">\n<span class=\"ez-toc-title-toggle\"><a href=\"#\" class=\"ez-toc-pull-right ez-toc-btn ez-toc-btn-xs ez-toc-btn-default ez-toc-toggle\" aria-label=\"Toggle Table of Content\"><span class=\"ez-toc-js-icon-con\"><span class=\"\"><span class=\"eztoc-hide\" style=\"display:none;\">Toggle<\/span><span class=\"ez-toc-icon-toggle-span\"><svg style=\"fill: #999;color:#999\" xmlns=\"http:\/\/www.w3.org\/2000\/svg\" class=\"list-377408\" width=\"20px\" height=\"20px\" viewBox=\"0 0 24 24\" fill=\"none\"><path d=\"M6 6H4v2h2V6zm14 0H8v2h12V6zM4 11h2v2H4v-2zm16 0H8v2h12v-2zM4 16h2v2H4v-2zm16 0H8v2h12v-2z\" fill=\"currentColor\"><\/path><\/svg><svg style=\"fill: #999;color:#999\" class=\"arrow-unsorted-368013\" xmlns=\"http:\/\/www.w3.org\/2000\/svg\" width=\"10px\" height=\"10px\" viewBox=\"0 0 24 24\" version=\"1.2\" baseProfile=\"tiny\"><path d=\"M18.2 9.3l-6.2-6.3-6.2 6.3c-.2.2-.3.4-.3.7s.1.5.3.7c.2.2.4.3.7.3h11c.3 0 .5-.1.7-.3.2-.2.3-.5.3-.7s-.1-.5-.3-.7zM5.8 14.7l6.2 6.3 6.2-6.3c.2-.2.3-.5.3-.7s-.1-.5-.3-.7c-.2-.2-.4-.3-.7-.3h-11c-.3 0-.5.1-.7.3-.2.2-.3.5-.3.7s.1.5.3.7z\"\/><\/svg><\/span><\/span><\/span><\/a><\/span><\/div>\n<nav><ul class='ez-toc-list ez-toc-list-level-1 eztoc-toggle-hide-by-default' ><li class='ez-toc-page-1 ez-toc-heading-level-2'><a class=\"ez-toc-link ez-toc-heading-1\" href=\"https:\/\/www.mobilier-design-occasion.fr\/magazine\/test-avis-sur-la-boutique-du-bois\/#Qui_est_La_boutique_du_bois\" >Qui est La boutique du bois?<\/a><\/li><li class='ez-toc-page-1 ez-toc-heading-level-2'><a class=\"ez-toc-link ez-toc-heading-2\" href=\"https:\/\/www.mobilier-design-occasion.fr\/magazine\/test-avis-sur-la-boutique-du-bois\/#Les_coordonnees_de_La_boutique_du_bois\" >Les coordonn\u00e9es de La boutique du bois<\/a><\/li><li class='ez-toc-page-1 ez-toc-heading-level-2'><a class=\"ez-toc-link ez-toc-heading-3\" href=\"https:\/\/www.mobilier-design-occasion.fr\/magazine\/test-avis-sur-la-boutique-du-bois\/#La_promesse\" >La promesse<\/a><\/li><li class='ez-toc-page-1 ez-toc-heading-level-2'><a class=\"ez-toc-link ez-toc-heading-4\" href=\"https:\/\/www.mobilier-design-occasion.fr\/magazine\/test-avis-sur-la-boutique-du-bois\/#Les_magasins_La_boutique_du_bois\" >Les magasins La boutique du bois<\/a><\/li><li class='ez-toc-page-1 ez-toc-heading-level-2'><a class=\"ez-toc-link ez-toc-heading-5\" href=\"https:\/\/www.mobilier-design-occasion.fr\/magazine\/test-avis-sur-la-boutique-du-bois\/#Les_avis_clients_sur_La_boutique_du_bois\" >Les avis clients sur La boutique du bois<\/a><ul class='ez-toc-list-level-3' ><li class='ez-toc-heading-level-3'><a class=\"ez-toc-link ez-toc-heading-6\" href=\"https:\/\/www.mobilier-design-occasion.fr\/magazine\/test-avis-sur-la-boutique-du-bois\/#Plutot_negatif\" >Plut\u00f4t n\u00e9gatif:<\/a><\/li><li class='ez-toc-page-1 ez-toc-heading-level-3'><a class=\"ez-toc-link ez-toc-heading-7\" href=\"https:\/\/www.mobilier-design-occasion.fr\/magazine\/test-avis-sur-la-boutique-du-bois\/#Plutot_positif\" >Plut\u00f4t positif:<\/a><\/li><li class='ez-toc-page-1 ez-toc-heading-level-3'><a class=\"ez-toc-link ez-toc-heading-8\" href=\"https:\/\/www.mobilier-design-occasion.fr\/magazine\/test-avis-sur-la-boutique-du-bois\/#Prix_du_produit\" >Prix du produit<\/a><\/li><li class='ez-toc-page-1 ez-toc-heading-level-3'><a class=\"ez-toc-link ez-toc-heading-9\" href=\"https:\/\/www.mobilier-design-occasion.fr\/magazine\/test-avis-sur-la-boutique-du-bois\/#Les_frais_de_livraison\" >Les frais de livraison<\/a><\/li><li class='ez-toc-page-1 ez-toc-heading-level-3'><a class=\"ez-toc-link ez-toc-heading-10\" href=\"https:\/\/www.mobilier-design-occasion.fr\/magazine\/test-avis-sur-la-boutique-du-bois\/#Les_moyens_de_paiement\" >Les moyens de paiement<\/a><\/li><li class='ez-toc-page-1 ez-toc-heading-level-3'><a class=\"ez-toc-link ez-toc-heading-11\" href=\"https:\/\/www.mobilier-design-occasion.fr\/magazine\/test-avis-sur-la-boutique-du-bois\/#Service_apres_vente\" >Service apr\u00e8s vente<\/a><\/li><li class='ez-toc-page-1 ez-toc-heading-level-3'><a class=\"ez-toc-link ez-toc-heading-12\" href=\"https:\/\/www.mobilier-design-occasion.fr\/magazine\/test-avis-sur-la-boutique-du-bois\/#Les_garanties\" >Les garanties<\/a><\/li><li class='ez-toc-page-1 ez-toc-heading-level-3'><a class=\"ez-toc-link ez-toc-heading-13\" href=\"https:\/\/www.mobilier-design-occasion.fr\/magazine\/test-avis-sur-la-boutique-du-bois\/#Quest-ce_qui_nous_manque\" >Qu&#8217;est-ce qui nous manque?<\/a><\/li><\/ul><\/li><\/ul><\/nav><\/div>\n\n\n\n\n<div class=\"wp-block-image\"><figure class=\"alignleft size-full\"><img loading=\"lazy\" decoding=\"async\" width=\"236\" height=\"107\" src=\"https:\/\/www.mobilier-design-occasion.fr\/magazine\/wp-content\/uploads\/2021\/10\/1-37.jpg\" alt=\"\" class=\"wp-image-2344\"\/><\/figure><\/div>\n\n\n\n<p>La boutique du <a href=\"https:\/\/www.mobilier-design-occasion.fr\/magazine\/avis-mathy-by-bols\/\">bois<\/a> est sp\u00e9cialis\u00e9e dans le travail du <a href=\"https:\/\/www.mobilier-design-occasion.fr\/magazine\/pollution-de-lair-dans-la-chambre-comment-proteger-nos-enfants\/\">bois massif<\/a>. Elle fabrique des articles en bois massifs sur mesure comme les \u00e9tag\u00e8res, les marches d\u2019escalier, les plateaux et tous types de planches de bois sur mesure. La boutique du bois utilise de nombreux essence de bois comme le ch\u00eane, h\u00eatre, bouleau, noyer, bambou, aulne, orme et autres.<\/p>\n\n\n\n<h2 class=\"wp-block-heading\"><span class=\"ez-toc-section\" id=\"Les_coordonnees_de_La_boutique_du_bois\"><\/span>Les coordonn\u00e9es de La boutique du bois <span class=\"ez-toc-section-end\"><\/span><\/h2>\n\n\n\n<div class=\"wp-block-image\"><figure class=\"aligncenter size-full\"><img loading=\"lazy\" decoding=\"async\" width=\"837\" height=\"629\" src=\"https:\/\/www.mobilier-design-occasion.fr\/magazine\/wp-content\/uploads\/2021\/10\/1-38.jpg\" alt=\"\" class=\"wp-image-2345\" srcset=\"https:\/\/www.mobilier-design-occasion.fr\/magazine\/wp-content\/uploads\/2021\/10\/1-38.jpg 837w, https:\/\/www.mobilier-design-occasion.fr\/magazine\/wp-content\/uploads\/2021\/10\/1-38-300x225.jpg 300w, https:\/\/www.mobilier-design-occasion.fr\/magazine\/wp-content\/uploads\/2021\/10\/1-38-768x577.jpg 768w, https:\/\/www.mobilier-design-occasion.fr\/magazine\/wp-content\/uploads\/2021\/10\/1-38-810x609.jpg 810w\" sizes=\"auto, (max-width: 837px) 100vw, 837px\" \/><figcaption>Illustration laboutiquedubois.com<\/figcaption><\/figure><\/div>\n\n\n\n<p>La boutique du bois se situe au TECHNOPARC, 1, all\u00e9e du Moulin Berger, 69130 ECULLY, <a href=\"https:\/\/www.mobilier-design-occasion.fr\/magazine\/test-avis-sur-ripaton\/\">France<\/a>. Vous pouvez aussi les voir via leur site internet sur <a href=\"https:\/\/www.laboutiquedubois.com\/\">https:\/\/www.laboutiquedubois.com\/<\/a>. Vous y trouverez une large choix de produits en bois pour votre int\u00e9rieurs et ext\u00e9rieurs.<\/p>\n\n\n\n<h2 class=\"wp-block-heading\"><span class=\"ez-toc-section\" id=\"La_promesse\"><\/span>La promesse<span class=\"ez-toc-section-end\"><\/span><\/h2>\n\n\n\n<div class=\"wp-block-image\"><figure class=\"alignleft size-full is-resized\"><img loading=\"lazy\" decoding=\"async\" src=\"https:\/\/www.mobilier-design-occasion.fr\/magazine\/wp-content\/uploads\/2021\/10\/1-39.jpg\" alt=\"\" class=\"wp-image-2346\" width=\"221\" height=\"209\"\/><figcaption>Illustration laboutiquedubois.com<\/figcaption><\/figure><\/div>\n\n\n\n<p><strong>Eco-mobilier<\/strong><br>La boutique du bois s&#8217;engage \u00e0 un d\u00e9veloppement plus durable et respectueux de l&#8217;environnement.&nbsp;<\/p>\n\n\n\n<p><strong>Meilleur rapport qualit\u00e9-prix<\/strong><br>La boutique du bois propose une large gamme de produits de bonne qualit\u00e9 aux meilleurs prix.<\/p>\n\n\n\n<p><\/p>\n\n\n\n<h2 class=\"wp-block-heading\"><span class=\"ez-toc-section\" id=\"Les_magasins_La_boutique_du_bois\"><\/span>Les magasins La boutique du bois<span class=\"ez-toc-section-end\"><\/span><\/h2>\n\n\n\n<p>Bon, l\u00e0, La boutique du bois ne poss\u00e8de aucun magasin, tout se passe sur internet. Toute l&#8217;\u00e9quipe de La Boutique du bois est \u00e0 votre service sur le site <a href=\"https:\/\/www.laboutiquedubois.com\/\">https:\/\/www.laboutiquedubois.com\/<\/a>.<\/p>\n\n\n\n<h2 class=\"wp-block-heading\"><span class=\"ez-toc-section\" id=\"Les_avis_clients_sur_La_boutique_du_bois\"><\/span>Les avis clients sur La boutique du bois<span class=\"ez-toc-section-end\"><\/span><\/h2>\n\n\n\n<div class=\"wp-block-image\"><figure class=\"alignleft size-full is-resized\"><img decoding=\"async\" src=\"https:\/\/www.mobilier-design-occasion.fr\/magazine\/wp-content\/uploads\/2021\/10\/1-41.jpg\" alt=\"\" class=\"wp-image-2348\" width=\"-85\" height=\"-24\" srcset=\"https:\/\/www.mobilier-design-occasion.fr\/magazine\/wp-content\/uploads\/2021\/10\/1-41.jpg 519w, https:\/\/www.mobilier-design-occasion.fr\/magazine\/wp-content\/uploads\/2021\/10\/1-41-300x87.jpg 300w\" sizes=\"(max-width: 519px) 100vw, 519px\" \/><figcaption>Trustpilot<\/figcaption><\/figure><\/div>\n\n\n\n<p>Que pensent les clients du site La boutique du bois?<br>G\u00e9n\u00e9ralement, leur note est de 4,0\/5, ce qui est une bonne note mais voyons tout cela en d\u00e9tail :<\/p>\n\n\n\n<h3 class=\"wp-block-heading\"><span class=\"ez-toc-section\" id=\"Plutot_negatif\"><\/span><strong>Plut\u00f4t n\u00e9gatif:<\/strong><span class=\"ez-toc-section-end\"><\/span><\/h3>\n\n\n\n<ul class=\"wp-block-list\"><li><strong>Produits<\/strong> <strong>non conforme<\/strong>: certains clients se plaignent que les produits ne sont pas conforme \u00e0 la commande<\/li><\/ul>\n\n\n\n<blockquote class=\"wp-block-quote is-layout-flow wp-block-quote-is-layout-flow\"><p>Commande non conforme, tant pour les dimensions que pour l&#8217;essence du bois&#8230;<\/p><cite>Stephane Demangel<\/cite><\/blockquote>\n\n\n\n<h3 class=\"wp-block-heading\"><span class=\"ez-toc-section\" id=\"Plutot_positif\"><\/span>Plut\u00f4t positif:<span class=\"ez-toc-section-end\"><\/span><\/h3>\n\n\n\n<ul class=\"wp-block-list\"><li><strong>Service client<\/strong> : la plupart des internautes sont tr\u00e8s satisfaits du service client qui est \u00e0 la disposition des clients et leurs donnent satisfaction. <\/li><\/ul>\n\n\n\n<blockquote class=\"wp-block-quote is-layout-flow wp-block-quote-is-layout-flow\"><p>Excellent&nbsp;<em>service<\/em>. Nous avons trouv\u00e9 ce que nous recherchions en fonction de nos besoins.&nbsp;<\/p><cite>Yves Potteau<\/cite><\/blockquote>\n\n\n\n<blockquote class=\"wp-block-quote is-layout-flow wp-block-quote-is-layout-flow\"><p><em>Service<\/em>&nbsp;<em>client<\/em>&nbsp;impeccable qui a su prendre en compte les difficult\u00e9s actuelle concernant ma commande. Corine a su \u00eatre efficace rapide et tr\u00e8s arrangeante&#8230;<\/p><cite>Lud<\/cite><\/blockquote>\n\n\n\n<ul class=\"wp-block-list\"><li><strong>Site web<\/strong> : Site clair, facile \u00e0 utilis\u00e9. Les clients n&#8217;ont pas de difficult\u00e9 \u00e0 acc\u00e9der au site.<\/li><\/ul>\n\n\n\n<blockquote class=\"wp-block-quote is-layout-flow wp-block-quote-is-layout-flow\"><p>Tr\u00e8s satisfait du&nbsp;<em>site<\/em>&nbsp;La Boutique du Bois, facile \u00e0 utiliser et permettant de simuler les projets qui peuvent \u00eatre sauvegard\u00e9s&#8230;&nbsp;<\/p><cite>Patra<\/cite><\/blockquote>\n\n\n\n<blockquote class=\"wp-block-quote is-layout-flow wp-block-quote-is-layout-flow\"><p><em>Site<\/em>&nbsp;agr\u00e9able, commande pass\u00e9e facilement&#8230;<\/p><cite>Chris<\/cite><\/blockquote>\n\n\n\n<h3 class=\"wp-block-heading\"><span class=\"ez-toc-section\" id=\"Prix_du_produit\"><\/span>Prix du produit<span class=\"ez-toc-section-end\"><\/span><\/h3>\n\n\n\n<p>Le prix de chaque produits est indiqu\u00e9 sur chaque photo de l&#8217;article. Vous trouverez diff\u00e9rents prix qui varient selon la nature de chaque article ainsi que sa dimension et le bois de fabrication. Vous pouvez voir tout cela sur leur site <a href=\"https:\/\/www.laboutiquedubois.com\/\">https:\/\/www.laboutiquedubois.com\/<\/a><\/p>\n\n\n\n<h3 class=\"wp-block-heading\"><span class=\"ez-toc-section\" id=\"Les_frais_de_livraison\"><\/span>Les frais de livraison<span class=\"ez-toc-section-end\"><\/span><\/h3>\n\n\n\n<figure class=\"wp-block-image size-full\"><img loading=\"lazy\" decoding=\"async\" width=\"205\" height=\"43\" src=\"https:\/\/www.mobilier-design-occasion.fr\/magazine\/wp-content\/uploads\/2021\/10\/1-45.jpg\" alt=\"\" class=\"wp-image-2352\"\/><\/figure>\n\n\n\n<p>La boutique du bois offre une livraison gratuite \u00e0 partir de 300\u20ac d&#8217;achat en France M\u00e9tropolitaine hors corse, en Belgique, \u00e0 Monaco et au <a href=\"https:\/\/www.mobilier-design-occasion.fr\/magazine\/fermob-occasion\/\">Luxembourg<\/a>. La livraison \u00e0 l&#8217;\u00e9tage n&#8217;est pas inclus dans cette offre. Pour les achats de moins de 300\u20ac, les frais sont factur\u00e9s \u00e0 prix co\u00fbtant. Pour plus d&#8217;information, vous pouvez les contacter sur <a href=\"https:\/\/www.laboutiquedubois.com\/p-contact.html\">https:\/\/www.laboutiquedubois.com\/p-contact.html<\/a>.<\/p>\n\n\n\n<h3 class=\"wp-block-heading\"><span class=\"ez-toc-section\" id=\"Les_moyens_de_paiement\"><\/span>Les moyens de paiement<span class=\"ez-toc-section-end\"><\/span><\/h3>\n\n\n\n<figure class=\"wp-block-image size-full\"><img loading=\"lazy\" decoding=\"async\" width=\"285\" height=\"105\" src=\"https:\/\/www.mobilier-design-occasion.fr\/magazine\/wp-content\/uploads\/2021\/10\/1-44.jpg\" alt=\"\" class=\"wp-image-2351\"\/><\/figure>\n\n\n\n<p>Chez La Boutique du bois, le paiement peut se faire en ligne par carte bancaire. Vous pouvez aussi payer par virement bancaire, via PayPal ou par ch\u00e8que. La Boutique du bois vous propose \u00e9galement un paiement en 3x sans frais.<\/p>\n\n\n\n<h3 class=\"wp-block-heading\"><span class=\"ez-toc-section\" id=\"Service_apres_vente\"><\/span>Service apr\u00e8s vente<span class=\"ez-toc-section-end\"><\/span><\/h3>\n\n\n\n<p>Pour le Service apr\u00e8s-vente, les personnels de service peuvent vous aider et vous donner des informations \u00e0 propos de votre demande via le formulaire de contact sur  <a href=\"https:\/\/www.laboutiquedubois.com\/p-contact.html\">https:\/\/www.laboutiquedubois.com\/p-contact.html<\/a>. Vous pouvez aussi les appeler au <strong>03 85 25 12 15<\/strong>. <\/p>\n\n\n\n<h3 class=\"wp-block-heading\"><span class=\"ez-toc-section\" id=\"Les_garanties\"><\/span>Les garanties<span class=\"ez-toc-section-end\"><\/span><\/h3>\n\n\n\n<figure class=\"wp-block-image size-full\"><img loading=\"lazy\" decoding=\"async\" width=\"632\" height=\"65\" src=\"https:\/\/www.mobilier-design-occasion.fr\/magazine\/wp-content\/uploads\/2021\/10\/1-42.jpg\" alt=\"\" class=\"wp-image-2349\" srcset=\"https:\/\/www.mobilier-design-occasion.fr\/magazine\/wp-content\/uploads\/2021\/10\/1-42.jpg 632w, https:\/\/www.mobilier-design-occasion.fr\/magazine\/wp-content\/uploads\/2021\/10\/1-42-300x31.jpg 300w\" sizes=\"auto, (max-width: 632px) 100vw, 632px\" \/><\/figure>\n\n\n\n<p>La boutique du bois assure une paiement s\u00e9curis\u00e9. Elle s&#8217;engage \u00e0 prot\u00e9ger vos donn\u00e9es personnels. Une \u00e9quipe professionnel est \u00e0 votre \u00e9coute et pr\u00eat \u00e0 vous satisfaire. <\/p>\n\n\n\n<h3 class=\"wp-block-heading\"><span class=\"ez-toc-section\" id=\"Quest-ce_qui_nous_manque\"><\/span>Qu&#8217;est-ce qui nous manque?<span class=\"ez-toc-section-end\"><\/span><\/h3>\n\n\n\n<ul class=\"wp-block-list\"><li>Une estimation de frais de livraison pour d&#8217;autres pays.<\/li><li>Un syst\u00e8me d&#8217;alerte.<\/li><li>Une v\u00e9rification des produits avant l&#8217;exp\u00e9dition.<\/li><\/ul>\n\n\n\n<p><\/p>\n","protected":false},"excerpt":{"rendered":"<p>Qui est La boutique du bois? La boutique du bois est sp\u00e9cialis\u00e9e dans le travail du bois massif. Elle fabrique des articles en bois massifs sur mesure comme les \u00e9tag\u00e8res, les marches d\u2019escalier, les plateaux et tous types de planches de bois sur mesure. La boutique du bois utilise de nombreux essence de bois comme [&hellip;]<\/p>\n","protected":false},"author":1,"featured_media":2354,"comment_status":"open","ping_status":"open","sticky":false,"template":"","format":"standard","meta":{"footnotes":""},"categories":[8],"tags":[],"class_list":["post-2343","post","type-post","status-publish","format-standard","has-post-thumbnail","hentry","category-avis"],"yoast_head":"<!-- This site is optimized with the Yoast SEO plugin v27.5 - https:\/\/yoast.com\/product\/yoast-seo-wordpress\/ -->\n<title>Test &amp; avis sur La boutique du bois - Mobilier Design Magazine<\/title>\n<meta name=\"robots\" content=\"index, follow, max-snippet:-1, max-image-preview:large, max-video-preview:-1\" \/>\n<link rel=\"canonical\" href=\"https:\/\/www.mobilier-design-occasion.fr\/magazine\/test-avis-sur-la-boutique-du-bois\/\" \/>\n<meta property=\"og:locale\" content=\"fr_FR\" \/>\n<meta property=\"og:type\" content=\"article\" \/>\n<meta property=\"og:title\" content=\"Test &amp; avis sur La boutique du bois - Mobilier Design Magazine\" \/>\n<meta property=\"og:description\" content=\"Qui est La boutique du bois? La boutique du bois est sp\u00e9cialis\u00e9e dans le travail du bois massif. Elle fabrique des articles en bois massifs sur mesure comme les \u00e9tag\u00e8res, les marches d\u2019escalier, les plateaux et tous types de planches de bois sur mesure. La boutique du bois utilise de nombreux essence de bois comme [&hellip;]\" \/>\n<meta property=\"og:url\" content=\"https:\/\/www.mobilier-design-occasion.fr\/magazine\/test-avis-sur-la-boutique-du-bois\/\" \/>\n<meta property=\"og:site_name\" content=\"Mobilier Design Magazine\" \/>\n<meta property=\"article:publisher\" content=\"https:\/\/www.facebook.com\/mobilierdesignoccasion\" \/>\n<meta property=\"article:published_time\" content=\"2021-10-29T12:53:44+00:00\" \/>\n<meta property=\"article:modified_time\" content=\"2021-10-29T12:53:45+00:00\" \/>\n<meta property=\"og:image\" content=\"https:\/\/www.mobilier-design-occasion.fr\/magazine\/wp-content\/uploads\/2021\/10\/1-47.jpg\" \/>\n\t<meta property=\"og:image:width\" content=\"838\" \/>\n\t<meta property=\"og:image:height\" content=\"628\" \/>\n\t<meta property=\"og:image:type\" content=\"image\/jpeg\" \/>\n<meta name=\"author\" content=\"Cyrielle Poirot\" \/>\n<meta name=\"twitter:card\" content=\"summary_large_image\" \/>\n<meta name=\"twitter:label1\" content=\"\u00c9crit par\" \/>\n\t<meta name=\"twitter:data1\" content=\"Cyrielle Poirot\" \/>\n\t<meta name=\"twitter:label2\" content=\"Dur\u00e9e de lecture estim\u00e9e\" \/>\n\t<meta name=\"twitter:data2\" content=\"3 minutes\" \/>\n<script type=\"application\/ld+json\" class=\"yoast-schema-graph\">{\"@context\":\"https:\\\/\\\/schema.org\",\"@graph\":[{\"@type\":\"Article\",\"@id\":\"https:\\\/\\\/www.mobilier-design-occasion.fr\\\/magazine\\\/test-avis-sur-la-boutique-du-bois\\\/#article\",\"isPartOf\":{\"@id\":\"https:\\\/\\\/www.mobilier-design-occasion.fr\\\/magazine\\\/test-avis-sur-la-boutique-du-bois\\\/\"},\"author\":{\"name\":\"Cyrielle Poirot\",\"@id\":\"https:\\\/\\\/www.mobilier-design-occasion.fr\\\/magazine\\\/#\\\/schema\\\/person\\\/5b2e5627a714ddadaaf8c9b886c55eff\"},\"headline\":\"Test &#038; avis sur La boutique du bois\",\"datePublished\":\"2021-10-29T12:53:44+00:00\",\"dateModified\":\"2021-10-29T12:53:45+00:00\",\"mainEntityOfPage\":{\"@id\":\"https:\\\/\\\/www.mobilier-design-occasion.fr\\\/magazine\\\/test-avis-sur-la-boutique-du-bois\\\/\"},\"wordCount\":683,\"commentCount\":0,\"publisher\":{\"@id\":\"https:\\\/\\\/www.mobilier-design-occasion.fr\\\/magazine\\\/#organization\"},\"image\":{\"@id\":\"https:\\\/\\\/www.mobilier-design-occasion.fr\\\/magazine\\\/test-avis-sur-la-boutique-du-bois\\\/#primaryimage\"},\"thumbnailUrl\":\"https:\\\/\\\/www.mobilier-design-occasion.fr\\\/magazine\\\/wp-content\\\/uploads\\\/2021\\\/10\\\/1-47.jpg\",\"articleSection\":[\"Avis marques d\u00e9co\"],\"inLanguage\":\"fr-FR\",\"potentialAction\":[{\"@type\":\"CommentAction\",\"name\":\"Comment\",\"target\":[\"https:\\\/\\\/www.mobilier-design-occasion.fr\\\/magazine\\\/test-avis-sur-la-boutique-du-bois\\\/#respond\"]}]},{\"@type\":\"WebPage\",\"@id\":\"https:\\\/\\\/www.mobilier-design-occasion.fr\\\/magazine\\\/test-avis-sur-la-boutique-du-bois\\\/\",\"url\":\"https:\\\/\\\/www.mobilier-design-occasion.fr\\\/magazine\\\/test-avis-sur-la-boutique-du-bois\\\/\",\"name\":\"Test & avis sur La boutique du bois - Mobilier Design Magazine\",\"isPartOf\":{\"@id\":\"https:\\\/\\\/www.mobilier-design-occasion.fr\\\/magazine\\\/#website\"},\"primaryImageOfPage\":{\"@id\":\"https:\\\/\\\/www.mobilier-design-occasion.fr\\\/magazine\\\/test-avis-sur-la-boutique-du-bois\\\/#primaryimage\"},\"image\":{\"@id\":\"https:\\\/\\\/www.mobilier-design-occasion.fr\\\/magazine\\\/test-avis-sur-la-boutique-du-bois\\\/#primaryimage\"},\"thumbnailUrl\":\"https:\\\/\\\/www.mobilier-design-occasion.fr\\\/magazine\\\/wp-content\\\/uploads\\\/2021\\\/10\\\/1-47.jpg\",\"datePublished\":\"2021-10-29T12:53:44+00:00\",\"dateModified\":\"2021-10-29T12:53:45+00:00\",\"breadcrumb\":{\"@id\":\"https:\\\/\\\/www.mobilier-design-occasion.fr\\\/magazine\\\/test-avis-sur-la-boutique-du-bois\\\/#breadcrumb\"},\"inLanguage\":\"fr-FR\",\"potentialAction\":[{\"@type\":\"ReadAction\",\"target\":[\"https:\\\/\\\/www.mobilier-design-occasion.fr\\\/magazine\\\/test-avis-sur-la-boutique-du-bois\\\/\"]}]},{\"@type\":\"ImageObject\",\"inLanguage\":\"fr-FR\",\"@id\":\"https:\\\/\\\/www.mobilier-design-occasion.fr\\\/magazine\\\/test-avis-sur-la-boutique-du-bois\\\/#primaryimage\",\"url\":\"https:\\\/\\\/www.mobilier-design-occasion.fr\\\/magazine\\\/wp-content\\\/uploads\\\/2021\\\/10\\\/1-47.jpg\",\"contentUrl\":\"https:\\\/\\\/www.mobilier-design-occasion.fr\\\/magazine\\\/wp-content\\\/uploads\\\/2021\\\/10\\\/1-47.jpg\",\"width\":838,\"height\":628},{\"@type\":\"BreadcrumbList\",\"@id\":\"https:\\\/\\\/www.mobilier-design-occasion.fr\\\/magazine\\\/test-avis-sur-la-boutique-du-bois\\\/#breadcrumb\",\"itemListElement\":[{\"@type\":\"ListItem\",\"position\":1,\"name\":\"Accueil\",\"item\":\"https:\\\/\\\/www.mobilier-design-occasion.fr\\\/magazine\\\/\"},{\"@type\":\"ListItem\",\"position\":2,\"name\":\"Test &#038; avis sur La boutique du bois\"}]},{\"@type\":\"WebSite\",\"@id\":\"https:\\\/\\\/www.mobilier-design-occasion.fr\\\/magazine\\\/#website\",\"url\":\"https:\\\/\\\/www.mobilier-design-occasion.fr\\\/magazine\\\/\",\"name\":\"Mobilier Design Magazine\",\"description\":\"\",\"publisher\":{\"@id\":\"https:\\\/\\\/www.mobilier-design-occasion.fr\\\/magazine\\\/#organization\"},\"potentialAction\":[{\"@type\":\"SearchAction\",\"target\":{\"@type\":\"EntryPoint\",\"urlTemplate\":\"https:\\\/\\\/www.mobilier-design-occasion.fr\\\/magazine\\\/?s={search_term_string}\"},\"query-input\":{\"@type\":\"PropertyValueSpecification\",\"valueRequired\":true,\"valueName\":\"search_term_string\"}}],\"inLanguage\":\"fr-FR\"},{\"@type\":\"Organization\",\"@id\":\"https:\\\/\\\/www.mobilier-design-occasion.fr\\\/magazine\\\/#organization\",\"name\":\"Mobilier Design Magazine\",\"url\":\"https:\\\/\\\/www.mobilier-design-occasion.fr\\\/magazine\\\/\",\"logo\":{\"@type\":\"ImageObject\",\"inLanguage\":\"fr-FR\",\"@id\":\"https:\\\/\\\/www.mobilier-design-occasion.fr\\\/magazine\\\/#\\\/schema\\\/logo\\\/image\\\/\",\"url\":\"https:\\\/\\\/www.mobilier-design-occasion.fr\\\/magazine\\\/wp-content\\\/uploads\\\/2024\\\/02\\\/android-chrome-192x192-1.png\",\"contentUrl\":\"https:\\\/\\\/www.mobilier-design-occasion.fr\\\/magazine\\\/wp-content\\\/uploads\\\/2024\\\/02\\\/android-chrome-192x192-1.png\",\"width\":192,\"height\":192,\"caption\":\"Mobilier Design Magazine\"},\"image\":{\"@id\":\"https:\\\/\\\/www.mobilier-design-occasion.fr\\\/magazine\\\/#\\\/schema\\\/logo\\\/image\\\/\"},\"sameAs\":[\"https:\\\/\\\/www.facebook.com\\\/mobilierdesignoccasion\"]},{\"@type\":\"Person\",\"@id\":\"https:\\\/\\\/www.mobilier-design-occasion.fr\\\/magazine\\\/#\\\/schema\\\/person\\\/5b2e5627a714ddadaaf8c9b886c55eff\",\"name\":\"Cyrielle Poirot\",\"image\":{\"@type\":\"ImageObject\",\"inLanguage\":\"fr-FR\",\"@id\":\"https:\\\/\\\/secure.gravatar.com\\\/avatar\\\/c8d2674e093b06894d8d1dc468b626bd752523471f3ac6e75f7c7a1400d40b4d?s=96&d=mm&r=g\",\"url\":\"https:\\\/\\\/secure.gravatar.com\\\/avatar\\\/c8d2674e093b06894d8d1dc468b626bd752523471f3ac6e75f7c7a1400d40b4d?s=96&d=mm&r=g\",\"contentUrl\":\"https:\\\/\\\/secure.gravatar.com\\\/avatar\\\/c8d2674e093b06894d8d1dc468b626bd752523471f3ac6e75f7c7a1400d40b4d?s=96&d=mm&r=g\",\"caption\":\"Cyrielle Poirot\"},\"description\":\"Cyrielle est passionn\u00e9e par la d\u00e9coration d'int\u00e9rieur et s'est sp\u00e9cialis\u00e9e depuis quelques ann\u00e9es dans l'\u00e9dition du site Mobilier-Design, avec une touche sp\u00e9cifique pour les produits d'occasion.\",\"sameAs\":[\"https:\\\/\\\/www.mobilier-design-occasion.fr\\\/magazine\"],\"url\":\"https:\\\/\\\/www.mobilier-design-occasion.fr\\\/magazine\\\/author\\\/cyrielle\\\/\"}]}<\/script>\n<!-- \/ Yoast SEO plugin. -->","yoast_head_json":{"title":"Test & avis sur La boutique du bois - Mobilier Design Magazine","robots":{"index":"index","follow":"follow","max-snippet":"max-snippet:-1","max-image-preview":"max-image-preview:large","max-video-preview":"max-video-preview:-1"},"canonical":"https:\/\/www.mobilier-design-occasion.fr\/magazine\/test-avis-sur-la-boutique-du-bois\/","og_locale":"fr_FR","og_type":"article","og_title":"Test & avis sur La boutique du bois - Mobilier Design Magazine","og_description":"Qui est La boutique du bois? La boutique du bois est sp\u00e9cialis\u00e9e dans le travail du bois massif. Elle fabrique des articles en bois massifs sur mesure comme les \u00e9tag\u00e8res, les marches d\u2019escalier, les plateaux et tous types de planches de bois sur mesure. La boutique du bois utilise de nombreux essence de bois comme [&hellip;]","og_url":"https:\/\/www.mobilier-design-occasion.fr\/magazine\/test-avis-sur-la-boutique-du-bois\/","og_site_name":"Mobilier Design Magazine","article_publisher":"https:\/\/www.facebook.com\/mobilierdesignoccasion","article_published_time":"2021-10-29T12:53:44+00:00","article_modified_time":"2021-10-29T12:53:45+00:00","og_image":[{"width":838,"height":628,"url":"https:\/\/www.mobilier-design-occasion.fr\/magazine\/wp-content\/uploads\/2021\/10\/1-47.jpg","type":"image\/jpeg"}],"author":"Cyrielle Poirot","twitter_card":"summary_large_image","twitter_misc":{"\u00c9crit par":"Cyrielle Poirot","Dur\u00e9e de lecture estim\u00e9e":"3 minutes"},"schema":{"@context":"https:\/\/schema.org","@graph":[{"@type":"Article","@id":"https:\/\/www.mobilier-design-occasion.fr\/magazine\/test-avis-sur-la-boutique-du-bois\/#article","isPartOf":{"@id":"https:\/\/www.mobilier-design-occasion.fr\/magazine\/test-avis-sur-la-boutique-du-bois\/"},"author":{"name":"Cyrielle Poirot","@id":"https:\/\/www.mobilier-design-occasion.fr\/magazine\/#\/schema\/person\/5b2e5627a714ddadaaf8c9b886c55eff"},"headline":"Test &#038; avis sur La boutique du bois","datePublished":"2021-10-29T12:53:44+00:00","dateModified":"2021-10-29T12:53:45+00:00","mainEntityOfPage":{"@id":"https:\/\/www.mobilier-design-occasion.fr\/magazine\/test-avis-sur-la-boutique-du-bois\/"},"wordCount":683,"commentCount":0,"publisher":{"@id":"https:\/\/www.mobilier-design-occasion.fr\/magazine\/#organization"},"image":{"@id":"https:\/\/www.mobilier-design-occasion.fr\/magazine\/test-avis-sur-la-boutique-du-bois\/#primaryimage"},"thumbnailUrl":"https:\/\/www.mobilier-design-occasion.fr\/magazine\/wp-content\/uploads\/2021\/10\/1-47.jpg","articleSection":["Avis marques d\u00e9co"],"inLanguage":"fr-FR","potentialAction":[{"@type":"CommentAction","name":"Comment","target":["https:\/\/www.mobilier-design-occasion.fr\/magazine\/test-avis-sur-la-boutique-du-bois\/#respond"]}]},{"@type":"WebPage","@id":"https:\/\/www.mobilier-design-occasion.fr\/magazine\/test-avis-sur-la-boutique-du-bois\/","url":"https:\/\/www.mobilier-design-occasion.fr\/magazine\/test-avis-sur-la-boutique-du-bois\/","name":"Test & avis sur La boutique du bois - Mobilier Design Magazine","isPartOf":{"@id":"https:\/\/www.mobilier-design-occasion.fr\/magazine\/#website"},"primaryImageOfPage":{"@id":"https:\/\/www.mobilier-design-occasion.fr\/magazine\/test-avis-sur-la-boutique-du-bois\/#primaryimage"},"image":{"@id":"https:\/\/www.mobilier-design-occasion.fr\/magazine\/test-avis-sur-la-boutique-du-bois\/#primaryimage"},"thumbnailUrl":"https:\/\/www.mobilier-design-occasion.fr\/magazine\/wp-content\/uploads\/2021\/10\/1-47.jpg","datePublished":"2021-10-29T12:53:44+00:00","dateModified":"2021-10-29T12:53:45+00:00","breadcrumb":{"@id":"https:\/\/www.mobilier-design-occasion.fr\/magazine\/test-avis-sur-la-boutique-du-bois\/#breadcrumb"},"inLanguage":"fr-FR","potentialAction":[{"@type":"ReadAction","target":["https:\/\/www.mobilier-design-occasion.fr\/magazine\/test-avis-sur-la-boutique-du-bois\/"]}]},{"@type":"ImageObject","inLanguage":"fr-FR","@id":"https:\/\/www.mobilier-design-occasion.fr\/magazine\/test-avis-sur-la-boutique-du-bois\/#primaryimage","url":"https:\/\/www.mobilier-design-occasion.fr\/magazine\/wp-content\/uploads\/2021\/10\/1-47.jpg","contentUrl":"https:\/\/www.mobilier-design-occasion.fr\/magazine\/wp-content\/uploads\/2021\/10\/1-47.jpg","width":838,"height":628},{"@type":"BreadcrumbList","@id":"https:\/\/www.mobilier-design-occasion.fr\/magazine\/test-avis-sur-la-boutique-du-bois\/#breadcrumb","itemListElement":[{"@type":"ListItem","position":1,"name":"Accueil","item":"https:\/\/www.mobilier-design-occasion.fr\/magazine\/"},{"@type":"ListItem","position":2,"name":"Test &#038; avis sur La boutique du bois"}]},{"@type":"WebSite","@id":"https:\/\/www.mobilier-design-occasion.fr\/magazine\/#website","url":"https:\/\/www.mobilier-design-occasion.fr\/magazine\/","name":"Mobilier Design Magazine","description":"","publisher":{"@id":"https:\/\/www.mobilier-design-occasion.fr\/magazine\/#organization"},"potentialAction":[{"@type":"SearchAction","target":{"@type":"EntryPoint","urlTemplate":"https:\/\/www.mobilier-design-occasion.fr\/magazine\/?s={search_term_string}"},"query-input":{"@type":"PropertyValueSpecification","valueRequired":true,"valueName":"search_term_string"}}],"inLanguage":"fr-FR"},{"@type":"Organization","@id":"https:\/\/www.mobilier-design-occasion.fr\/magazine\/#organization","name":"Mobilier Design Magazine","url":"https:\/\/www.mobilier-design-occasion.fr\/magazine\/","logo":{"@type":"ImageObject","inLanguage":"fr-FR","@id":"https:\/\/www.mobilier-design-occasion.fr\/magazine\/#\/schema\/logo\/image\/","url":"https:\/\/www.mobilier-design-occasion.fr\/magazine\/wp-content\/uploads\/2024\/02\/android-chrome-192x192-1.png","contentUrl":"https:\/\/www.mobilier-design-occasion.fr\/magazine\/wp-content\/uploads\/2024\/02\/android-chrome-192x192-1.png","width":192,"height":192,"caption":"Mobilier Design Magazine"},"image":{"@id":"https:\/\/www.mobilier-design-occasion.fr\/magazine\/#\/schema\/logo\/image\/"},"sameAs":["https:\/\/www.facebook.com\/mobilierdesignoccasion"]},{"@type":"Person","@id":"https:\/\/www.mobilier-design-occasion.fr\/magazine\/#\/schema\/person\/5b2e5627a714ddadaaf8c9b886c55eff","name":"Cyrielle Poirot","image":{"@type":"ImageObject","inLanguage":"fr-FR","@id":"https:\/\/secure.gravatar.com\/avatar\/c8d2674e093b06894d8d1dc468b626bd752523471f3ac6e75f7c7a1400d40b4d?s=96&d=mm&r=g","url":"https:\/\/secure.gravatar.com\/avatar\/c8d2674e093b06894d8d1dc468b626bd752523471f3ac6e75f7c7a1400d40b4d?s=96&d=mm&r=g","contentUrl":"https:\/\/secure.gravatar.com\/avatar\/c8d2674e093b06894d8d1dc468b626bd752523471f3ac6e75f7c7a1400d40b4d?s=96&d=mm&r=g","caption":"Cyrielle Poirot"},"description":"Cyrielle est passionn\u00e9e par la d\u00e9coration d'int\u00e9rieur et s'est sp\u00e9cialis\u00e9e depuis quelques ann\u00e9es dans l'\u00e9dition du site Mobilier-Design, avec une touche sp\u00e9cifique pour les produits d'occasion.","sameAs":["https:\/\/www.mobilier-design-occasion.fr\/magazine"],"url":"https:\/\/www.mobilier-design-occasion.fr\/magazine\/author\/cyrielle\/"}]}},"_links":{"self":[{"href":"https:\/\/www.mobilier-design-occasion.fr\/magazine\/wp-json\/wp\/v2\/posts\/2343","targetHints":{"allow":["GET"]}}],"collection":[{"href":"https:\/\/www.mobilier-design-occasion.fr\/magazine\/wp-json\/wp\/v2\/posts"}],"about":[{"href":"https:\/\/www.mobilier-design-occasion.fr\/magazine\/wp-json\/wp\/v2\/types\/post"}],"author":[{"embeddable":true,"href":"https:\/\/www.mobilier-design-occasion.fr\/magazine\/wp-json\/wp\/v2\/users\/1"}],"replies":[{"embeddable":true,"href":"https:\/\/www.mobilier-design-occasion.fr\/magazine\/wp-json\/wp\/v2\/comments?post=2343"}],"version-history":[{"count":2,"href":"https:\/\/www.mobilier-design-occasion.fr\/magazine\/wp-json\/wp\/v2\/posts\/2343\/revisions"}],"predecessor-version":[{"id":3291,"href":"https:\/\/www.mobilier-design-occasion.fr\/magazine\/wp-json\/wp\/v2\/posts\/2343\/revisions\/3291"}],"wp:featuredmedia":[{"embeddable":true,"href":"https:\/\/www.mobilier-design-occasion.fr\/magazine\/wp-json\/wp\/v2\/media\/2354"}],"wp:attachment":[{"href":"https:\/\/www.mobilier-design-occasion.fr\/magazine\/wp-json\/wp\/v2\/media?parent=2343"}],"wp:term":[{"taxonomy":"category","embeddable":true,"href":"https:\/\/www.mobilier-design-occasion.fr\/magazine\/wp-json\/wp\/v2\/categories?post=2343"},{"taxonomy":"post_tag","embeddable":true,"href":"https:\/\/www.mobilier-design-occasion.fr\/magazine\/wp-json\/wp\/v2\/tags?post=2343"}],"curies":[{"name":"wp","href":"https:\/\/api.w.org\/{rel}","templated":true}]}}