{"id":226,"date":"2021-02-04T14:16:13","date_gmt":"2021-02-04T14:16:13","guid":{"rendered":"https:\/\/www.mobilier-design-occasion.fr\/magazine\/?p=226"},"modified":"2023-09-25T13:40:10","modified_gmt":"2023-09-25T13:40:10","slug":"la-egg-chair-lhistoire-de-ce-fauteuil-intemporel","status":"publish","type":"post","link":"https:\/\/www.mobilier-design-occasion.fr\/magazine\/la-egg-chair-lhistoire-de-ce-fauteuil-intemporel\/","title":{"rendered":"La Egg chair, l&#8217;histoire de ce fauteuil intemporel"},"content":{"rendered":"\n<p><\/p>\n\n\n\n<p>L&#8217;Egg Chair est consid\u00e9r\u00e9 comme l&#8217;un des chefs-d&#8217;\u0153uvre d&#8217;<a href=\"https:\/\/www.mobilier-design-occasion.fr\/designer\/arne-jacobsen.html\">Arne Jacobsen<\/a>, un <a href=\"https:\/\/www.mobilier-design-occasion.fr\/magazine\/test-avis-sur-poltronesofa\/\">fauteuil<\/a> ovo\u00efde dont la coque renferme les lignes directrices de cet architecte danois, entre le n\u00e9o-romantisme de De Stijl, les instances d&#8217;avant-garde du Bauhaus et la rigueur formelle nordique.<\/p>\n\n\n\n<p><\/p>\n\n\n\n<h2 class=\"wp-block-heading\">Arne Jacobsen<\/h2>\n\n\n\n<p><br>Malgr\u00e9 ses nombreux travaux en architecture, avec la conception de maisons, de banques, d&#8217;\u00e9coles et de th\u00e9\u00e2tres, Jacobsen est surtout connu comme designer, du fauteuil Egg Chair, mais pas seulement : sa renomm\u00e9e internationale est venue avec une s\u00e9rie de meubles intemporels, dont beaucoup sont encore pr\u00e9sents dans les collections <a href=\"https:\/\/www.mobilier-design-occasion.fr\/magazine\/table-tulipe-knoll-indemodable-du-design\/\">design<\/a>.<\/p>\n\n\n\n<p>Sa production de chaises est c\u00e9l\u00e8bre, en collaboration avec la soci\u00e9t\u00e9 danoise <strong>Fritz Hansen<\/strong>, en particulier pour le type de <a href=\"https:\/\/www.mobilier-design-occasion.fr\/magazine\/fermob-occasion\/\">chaise<\/a> consistant en une coque fa\u00e7onn\u00e9e avec des pieds en m\u00e9tal tubulaire fin. Le <strong>fauteuil Ant<\/strong> \u00e0 trois pieds avec une coque en contreplaqu\u00e9 incurv\u00e9e, le fauteuil enveloppant <strong>Egg<\/strong>, le si\u00e8ge <strong>Swan<\/strong> \u00e0 trois pieds et la polyvalente <strong>S\u00e9rie 7<\/strong>, tous produits par Fritz Hansen, doivent leur attrait intemporel \u00e0 la combinaison de la recherche formelle et de l&#8217;exp\u00e9rimentation technique. Une combinaison parfaite qui a transform\u00e9 le mat\u00e9riau en un v\u00e9ritable support cr\u00e9atif.<\/p>\n\n\n\n<p><\/p>\n\n\n\n<p><\/p>\n\n\n\n<figure class=\"wp-block-image size-large\"><img loading=\"lazy\" decoding=\"async\" width=\"733\" height=\"1024\" src=\"https:\/\/www.mobilier-design-occasion.fr\/magazine\/wp-content\/uploads\/2021\/02\/egg-production_1963-733x1024.jpg\" alt=\"\" class=\"wp-image-229\" srcset=\"https:\/\/www.mobilier-design-occasion.fr\/magazine\/wp-content\/uploads\/2021\/02\/egg-production_1963-733x1024.jpg 733w, https:\/\/www.mobilier-design-occasion.fr\/magazine\/wp-content\/uploads\/2021\/02\/egg-production_1963-215x300.jpg 215w, https:\/\/www.mobilier-design-occasion.fr\/magazine\/wp-content\/uploads\/2021\/02\/egg-production_1963.jpg 768w\" sizes=\"auto, (max-width: 733px) 100vw, 733px\" \/><figcaption>Courtesy Photo &#8211; Source Pinterest<\/figcaption><\/figure>\n\n\n\n<h2 class=\"wp-block-heading\">L&#8217;origine du fauteuil Egg<\/h2>\n\n\n\n<p><\/p>\n\n\n\n<p>Le fauteuil d&#8217;Arne Jacobsen initialement con\u00e7u pour le hall de l&#8217;H\u00f4tel Royal de Copenhague, porte d\u00e8s le d\u00e9part le nom Eggd. Ce qui annonce d\u00e9j\u00e0 tr\u00e8s clairement ses intentions, d\u00e9coulant directement de sa ressemblance avec une coquille d&#8217;\u0153uf polie.<\/p>\n\n\n\n<p>Le designer danois fusionne toutes les parties fonctionnellement distinctes, c&#8217;est-\u00e0-dire l&#8217;assise, le dossier et les accoudoirs, en <strong>une seule forme<\/strong> : le r\u00e9sultat est un cocon protecteur, incurv\u00e9 et invitant, comme l&#8217;int\u00e9rieur d&#8217;une coquille d&#8217;\u0153uf. La grande diff\u00e9rence ? Le fauteuil oeuf de Jacobsen offre \u00e0 son invit\u00e9 une remarquable vari\u00e9t\u00e9 de positions.<\/p>\n\n\n\n<p><\/p>\n\n\n\n<p><\/p>\n\n\n\n<figure class=\"wp-block-image size-large\"><img loading=\"lazy\" decoding=\"async\" width=\"768\" height=\"577\" src=\"https:\/\/www.mobilier-design-occasion.fr\/magazine\/wp-content\/uploads\/2021\/02\/egg-chair-arne-jacobsen.jpg\" alt=\"\" class=\"wp-image-231\" srcset=\"https:\/\/www.mobilier-design-occasion.fr\/magazine\/wp-content\/uploads\/2021\/02\/egg-chair-arne-jacobsen.jpg 768w, https:\/\/www.mobilier-design-occasion.fr\/magazine\/wp-content\/uploads\/2021\/02\/egg-chair-arne-jacobsen-300x225.jpg 300w\" sizes=\"auto, (max-width: 768px) 100vw, 768px\" \/><figcaption><em>Courtesy Photo &#8211; Source Pinterest<\/em><\/figcaption><\/figure>\n\n\n\n<p><\/p>\n\n\n\n<p><\/p>\n\n\n\n<p>Encore produit aujourd&#8217;hui, le fauteuil Oeuf est le r\u00e9sultat de processus complexes, le plus souvent manuels. Elle est r\u00e9alis\u00e9e en recouvrant la coque d&#8217;un mat\u00e9riau synth\u00e9tique, cr\u00e9\u00e9 par une technique de moulage, avec un rembourrage en mousse de polyur\u00e9thane et une couverture en tissu ou en cuir bien ajust\u00e9e, puis fix\u00e9e sur une base en aluminium \u00e0 quatre branches.<\/p>\n\n\n\n<p>L&#8217;\u0153uf fait partie de ces objets reconnaissables au premier coup d&#8217;\u0153il. Egg est une reprise du fauteuil traditionnel avec appui-t\u00eate qui continue \u00e0 traverser le temps, entre pass\u00e9 et futur, sans jamais vieillir.<\/p>\n\n\n\n<p>Sa forme caract\u00e9ristique de <strong>d\u00f4me<\/strong> a \u00e9t\u00e9 prise d&#8217;apr\u00e8s un mod\u00e8le, comme une sculpture, recr\u00e9ant avec des lignes courbes une sorte de refuge dont on peut retracer le nom. Confortable et accueillant, il est con\u00e7u pour offrir des moments de d\u00e9tente priv\u00e9s, dans des espaces publics ou priv\u00e9s.<\/p>\n\n\n\n<p><\/p>\n","protected":false},"excerpt":{"rendered":"<p>Le fauteuil Egg de Arne Jacobsen est consid\u00e9r\u00e9 \u00e0 juste titre comme une ic\u00f4ne du design. Intemporel et confortable, d\u00e9couvrez son histoire.<\/p>\n","protected":false},"author":1,"featured_media":227,"comment_status":"open","ping_status":"open","sticky":false,"template":"","format":"standard","meta":{"footnotes":""},"categories":[2],"tags":[],"class_list":["post-226","post","type-post","status-publish","format-standard","has-post-thumbnail","hentry","category-tendances"],"yoast_head":"<!-- This site is optimized with the Yoast SEO plugin v27.5 - https:\/\/yoast.com\/product\/yoast-seo-wordpress\/ -->\n<title>La Egg chair, l&#039;histoire de ce fauteuil intemporel - Mobilier Design Magazine<\/title>\n<meta name=\"robots\" content=\"index, follow, max-snippet:-1, max-image-preview:large, max-video-preview:-1\" \/>\n<link rel=\"canonical\" href=\"https:\/\/www.mobilier-design-occasion.fr\/magazine\/la-egg-chair-lhistoire-de-ce-fauteuil-intemporel\/\" \/>\n<meta property=\"og:locale\" content=\"fr_FR\" \/>\n<meta property=\"og:type\" content=\"article\" \/>\n<meta property=\"og:title\" content=\"La Egg chair, l&#039;histoire de ce fauteuil intemporel - Mobilier Design Magazine\" \/>\n<meta property=\"og:description\" content=\"Le fauteuil Egg de Arne Jacobsen est consid\u00e9r\u00e9 \u00e0 juste titre comme une ic\u00f4ne du design. Intemporel et confortable, d\u00e9couvrez son histoire.\" \/>\n<meta property=\"og:url\" content=\"https:\/\/www.mobilier-design-occasion.fr\/magazine\/la-egg-chair-lhistoire-de-ce-fauteuil-intemporel\/\" \/>\n<meta property=\"og:site_name\" content=\"Mobilier Design Magazine\" \/>\n<meta property=\"article:publisher\" content=\"https:\/\/www.facebook.com\/mobilierdesignoccasion\" \/>\n<meta property=\"article:published_time\" content=\"2021-02-04T14:16:13+00:00\" \/>\n<meta property=\"article:modified_time\" content=\"2023-09-25T13:40:10+00:00\" \/>\n<meta property=\"og:image\" content=\"https:\/\/www.mobilier-design-occasion.fr\/magazine\/wp-content\/uploads\/2021\/02\/Egg-Chair2.jpg\" \/>\n\t<meta property=\"og:image:width\" content=\"564\" \/>\n\t<meta property=\"og:image:height\" content=\"423\" \/>\n\t<meta property=\"og:image:type\" content=\"image\/jpeg\" \/>\n<meta name=\"author\" content=\"Cyrielle Poirot\" \/>\n<meta name=\"twitter:card\" content=\"summary_large_image\" \/>\n<meta name=\"twitter:label1\" content=\"\u00c9crit par\" \/>\n\t<meta name=\"twitter:data1\" content=\"Cyrielle Poirot\" \/>\n\t<meta name=\"twitter:label2\" content=\"Dur\u00e9e de lecture estim\u00e9e\" \/>\n\t<meta name=\"twitter:data2\" content=\"2 minutes\" \/>\n<script type=\"application\/ld+json\" class=\"yoast-schema-graph\">{\"@context\":\"https:\\\/\\\/schema.org\",\"@graph\":[{\"@type\":\"Article\",\"@id\":\"https:\\\/\\\/www.mobilier-design-occasion.fr\\\/magazine\\\/la-egg-chair-lhistoire-de-ce-fauteuil-intemporel\\\/#article\",\"isPartOf\":{\"@id\":\"https:\\\/\\\/www.mobilier-design-occasion.fr\\\/magazine\\\/la-egg-chair-lhistoire-de-ce-fauteuil-intemporel\\\/\"},\"author\":{\"name\":\"Cyrielle Poirot\",\"@id\":\"https:\\\/\\\/www.mobilier-design-occasion.fr\\\/magazine\\\/#\\\/schema\\\/person\\\/5b2e5627a714ddadaaf8c9b886c55eff\"},\"headline\":\"La Egg chair, l&#8217;histoire de ce fauteuil intemporel\",\"datePublished\":\"2021-02-04T14:16:13+00:00\",\"dateModified\":\"2023-09-25T13:40:10+00:00\",\"mainEntityOfPage\":{\"@id\":\"https:\\\/\\\/www.mobilier-design-occasion.fr\\\/magazine\\\/la-egg-chair-lhistoire-de-ce-fauteuil-intemporel\\\/\"},\"wordCount\":502,\"commentCount\":0,\"publisher\":{\"@id\":\"https:\\\/\\\/www.mobilier-design-occasion.fr\\\/magazine\\\/#organization\"},\"image\":{\"@id\":\"https:\\\/\\\/www.mobilier-design-occasion.fr\\\/magazine\\\/la-egg-chair-lhistoire-de-ce-fauteuil-intemporel\\\/#primaryimage\"},\"thumbnailUrl\":\"https:\\\/\\\/www.mobilier-design-occasion.fr\\\/magazine\\\/wp-content\\\/uploads\\\/2021\\\/02\\\/Egg-Chair2.jpg\",\"articleSection\":[\"Tendances\"],\"inLanguage\":\"fr-FR\",\"potentialAction\":[{\"@type\":\"CommentAction\",\"name\":\"Comment\",\"target\":[\"https:\\\/\\\/www.mobilier-design-occasion.fr\\\/magazine\\\/la-egg-chair-lhistoire-de-ce-fauteuil-intemporel\\\/#respond\"]}]},{\"@type\":\"WebPage\",\"@id\":\"https:\\\/\\\/www.mobilier-design-occasion.fr\\\/magazine\\\/la-egg-chair-lhistoire-de-ce-fauteuil-intemporel\\\/\",\"url\":\"https:\\\/\\\/www.mobilier-design-occasion.fr\\\/magazine\\\/la-egg-chair-lhistoire-de-ce-fauteuil-intemporel\\\/\",\"name\":\"La Egg chair, l'histoire de ce fauteuil intemporel - Mobilier Design Magazine\",\"isPartOf\":{\"@id\":\"https:\\\/\\\/www.mobilier-design-occasion.fr\\\/magazine\\\/#website\"},\"primaryImageOfPage\":{\"@id\":\"https:\\\/\\\/www.mobilier-design-occasion.fr\\\/magazine\\\/la-egg-chair-lhistoire-de-ce-fauteuil-intemporel\\\/#primaryimage\"},\"image\":{\"@id\":\"https:\\\/\\\/www.mobilier-design-occasion.fr\\\/magazine\\\/la-egg-chair-lhistoire-de-ce-fauteuil-intemporel\\\/#primaryimage\"},\"thumbnailUrl\":\"https:\\\/\\\/www.mobilier-design-occasion.fr\\\/magazine\\\/wp-content\\\/uploads\\\/2021\\\/02\\\/Egg-Chair2.jpg\",\"datePublished\":\"2021-02-04T14:16:13+00:00\",\"dateModified\":\"2023-09-25T13:40:10+00:00\",\"breadcrumb\":{\"@id\":\"https:\\\/\\\/www.mobilier-design-occasion.fr\\\/magazine\\\/la-egg-chair-lhistoire-de-ce-fauteuil-intemporel\\\/#breadcrumb\"},\"inLanguage\":\"fr-FR\",\"potentialAction\":[{\"@type\":\"ReadAction\",\"target\":[\"https:\\\/\\\/www.mobilier-design-occasion.fr\\\/magazine\\\/la-egg-chair-lhistoire-de-ce-fauteuil-intemporel\\\/\"]}]},{\"@type\":\"ImageObject\",\"inLanguage\":\"fr-FR\",\"@id\":\"https:\\\/\\\/www.mobilier-design-occasion.fr\\\/magazine\\\/la-egg-chair-lhistoire-de-ce-fauteuil-intemporel\\\/#primaryimage\",\"url\":\"https:\\\/\\\/www.mobilier-design-occasion.fr\\\/magazine\\\/wp-content\\\/uploads\\\/2021\\\/02\\\/Egg-Chair2.jpg\",\"contentUrl\":\"https:\\\/\\\/www.mobilier-design-occasion.fr\\\/magazine\\\/wp-content\\\/uploads\\\/2021\\\/02\\\/Egg-Chair2.jpg\",\"width\":564,\"height\":423,\"caption\":\"Egg Chair\"},{\"@type\":\"BreadcrumbList\",\"@id\":\"https:\\\/\\\/www.mobilier-design-occasion.fr\\\/magazine\\\/la-egg-chair-lhistoire-de-ce-fauteuil-intemporel\\\/#breadcrumb\",\"itemListElement\":[{\"@type\":\"ListItem\",\"position\":1,\"name\":\"Accueil\",\"item\":\"https:\\\/\\\/www.mobilier-design-occasion.fr\\\/magazine\\\/\"},{\"@type\":\"ListItem\",\"position\":2,\"name\":\"La Egg chair, l&rsquo;histoire de ce fauteuil intemporel\"}]},{\"@type\":\"WebSite\",\"@id\":\"https:\\\/\\\/www.mobilier-design-occasion.fr\\\/magazine\\\/#website\",\"url\":\"https:\\\/\\\/www.mobilier-design-occasion.fr\\\/magazine\\\/\",\"name\":\"Mobilier Design Magazine\",\"description\":\"\",\"publisher\":{\"@id\":\"https:\\\/\\\/www.mobilier-design-occasion.fr\\\/magazine\\\/#organization\"},\"potentialAction\":[{\"@type\":\"SearchAction\",\"target\":{\"@type\":\"EntryPoint\",\"urlTemplate\":\"https:\\\/\\\/www.mobilier-design-occasion.fr\\\/magazine\\\/?s={search_term_string}\"},\"query-input\":{\"@type\":\"PropertyValueSpecification\",\"valueRequired\":true,\"valueName\":\"search_term_string\"}}],\"inLanguage\":\"fr-FR\"},{\"@type\":\"Organization\",\"@id\":\"https:\\\/\\\/www.mobilier-design-occasion.fr\\\/magazine\\\/#organization\",\"name\":\"Mobilier Design Magazine\",\"url\":\"https:\\\/\\\/www.mobilier-design-occasion.fr\\\/magazine\\\/\",\"logo\":{\"@type\":\"ImageObject\",\"inLanguage\":\"fr-FR\",\"@id\":\"https:\\\/\\\/www.mobilier-design-occasion.fr\\\/magazine\\\/#\\\/schema\\\/logo\\\/image\\\/\",\"url\":\"https:\\\/\\\/www.mobilier-design-occasion.fr\\\/magazine\\\/wp-content\\\/uploads\\\/2024\\\/02\\\/android-chrome-192x192-1.png\",\"contentUrl\":\"https:\\\/\\\/www.mobilier-design-occasion.fr\\\/magazine\\\/wp-content\\\/uploads\\\/2024\\\/02\\\/android-chrome-192x192-1.png\",\"width\":192,\"height\":192,\"caption\":\"Mobilier Design Magazine\"},\"image\":{\"@id\":\"https:\\\/\\\/www.mobilier-design-occasion.fr\\\/magazine\\\/#\\\/schema\\\/logo\\\/image\\\/\"},\"sameAs\":[\"https:\\\/\\\/www.facebook.com\\\/mobilierdesignoccasion\"]},{\"@type\":\"Person\",\"@id\":\"https:\\\/\\\/www.mobilier-design-occasion.fr\\\/magazine\\\/#\\\/schema\\\/person\\\/5b2e5627a714ddadaaf8c9b886c55eff\",\"name\":\"Cyrielle Poirot\",\"image\":{\"@type\":\"ImageObject\",\"inLanguage\":\"fr-FR\",\"@id\":\"https:\\\/\\\/secure.gravatar.com\\\/avatar\\\/c8d2674e093b06894d8d1dc468b626bd752523471f3ac6e75f7c7a1400d40b4d?s=96&d=mm&r=g\",\"url\":\"https:\\\/\\\/secure.gravatar.com\\\/avatar\\\/c8d2674e093b06894d8d1dc468b626bd752523471f3ac6e75f7c7a1400d40b4d?s=96&d=mm&r=g\",\"contentUrl\":\"https:\\\/\\\/secure.gravatar.com\\\/avatar\\\/c8d2674e093b06894d8d1dc468b626bd752523471f3ac6e75f7c7a1400d40b4d?s=96&d=mm&r=g\",\"caption\":\"Cyrielle Poirot\"},\"description\":\"Cyrielle est passionn\u00e9e par la d\u00e9coration d'int\u00e9rieur et s'est sp\u00e9cialis\u00e9e depuis quelques ann\u00e9es dans l'\u00e9dition du site Mobilier-Design, avec une touche sp\u00e9cifique pour les produits d'occasion.\",\"sameAs\":[\"https:\\\/\\\/www.mobilier-design-occasion.fr\\\/magazine\"],\"url\":\"https:\\\/\\\/www.mobilier-design-occasion.fr\\\/magazine\\\/author\\\/cyrielle\\\/\"}]}<\/script>\n<!-- \/ Yoast SEO plugin. -->","yoast_head_json":{"title":"La Egg chair, l'histoire de ce fauteuil intemporel - Mobilier Design Magazine","robots":{"index":"index","follow":"follow","max-snippet":"max-snippet:-1","max-image-preview":"max-image-preview:large","max-video-preview":"max-video-preview:-1"},"canonical":"https:\/\/www.mobilier-design-occasion.fr\/magazine\/la-egg-chair-lhistoire-de-ce-fauteuil-intemporel\/","og_locale":"fr_FR","og_type":"article","og_title":"La Egg chair, l'histoire de ce fauteuil intemporel - Mobilier Design Magazine","og_description":"Le fauteuil Egg de Arne Jacobsen est consid\u00e9r\u00e9 \u00e0 juste titre comme une ic\u00f4ne du design. Intemporel et confortable, d\u00e9couvrez son histoire.","og_url":"https:\/\/www.mobilier-design-occasion.fr\/magazine\/la-egg-chair-lhistoire-de-ce-fauteuil-intemporel\/","og_site_name":"Mobilier Design Magazine","article_publisher":"https:\/\/www.facebook.com\/mobilierdesignoccasion","article_published_time":"2021-02-04T14:16:13+00:00","article_modified_time":"2023-09-25T13:40:10+00:00","og_image":[{"width":564,"height":423,"url":"https:\/\/www.mobilier-design-occasion.fr\/magazine\/wp-content\/uploads\/2021\/02\/Egg-Chair2.jpg","type":"image\/jpeg"}],"author":"Cyrielle Poirot","twitter_card":"summary_large_image","twitter_misc":{"\u00c9crit par":"Cyrielle Poirot","Dur\u00e9e de lecture estim\u00e9e":"2 minutes"},"schema":{"@context":"https:\/\/schema.org","@graph":[{"@type":"Article","@id":"https:\/\/www.mobilier-design-occasion.fr\/magazine\/la-egg-chair-lhistoire-de-ce-fauteuil-intemporel\/#article","isPartOf":{"@id":"https:\/\/www.mobilier-design-occasion.fr\/magazine\/la-egg-chair-lhistoire-de-ce-fauteuil-intemporel\/"},"author":{"name":"Cyrielle Poirot","@id":"https:\/\/www.mobilier-design-occasion.fr\/magazine\/#\/schema\/person\/5b2e5627a714ddadaaf8c9b886c55eff"},"headline":"La Egg chair, l&#8217;histoire de ce fauteuil intemporel","datePublished":"2021-02-04T14:16:13+00:00","dateModified":"2023-09-25T13:40:10+00:00","mainEntityOfPage":{"@id":"https:\/\/www.mobilier-design-occasion.fr\/magazine\/la-egg-chair-lhistoire-de-ce-fauteuil-intemporel\/"},"wordCount":502,"commentCount":0,"publisher":{"@id":"https:\/\/www.mobilier-design-occasion.fr\/magazine\/#organization"},"image":{"@id":"https:\/\/www.mobilier-design-occasion.fr\/magazine\/la-egg-chair-lhistoire-de-ce-fauteuil-intemporel\/#primaryimage"},"thumbnailUrl":"https:\/\/www.mobilier-design-occasion.fr\/magazine\/wp-content\/uploads\/2021\/02\/Egg-Chair2.jpg","articleSection":["Tendances"],"inLanguage":"fr-FR","potentialAction":[{"@type":"CommentAction","name":"Comment","target":["https:\/\/www.mobilier-design-occasion.fr\/magazine\/la-egg-chair-lhistoire-de-ce-fauteuil-intemporel\/#respond"]}]},{"@type":"WebPage","@id":"https:\/\/www.mobilier-design-occasion.fr\/magazine\/la-egg-chair-lhistoire-de-ce-fauteuil-intemporel\/","url":"https:\/\/www.mobilier-design-occasion.fr\/magazine\/la-egg-chair-lhistoire-de-ce-fauteuil-intemporel\/","name":"La Egg chair, l'histoire de ce fauteuil intemporel - Mobilier Design Magazine","isPartOf":{"@id":"https:\/\/www.mobilier-design-occasion.fr\/magazine\/#website"},"primaryImageOfPage":{"@id":"https:\/\/www.mobilier-design-occasion.fr\/magazine\/la-egg-chair-lhistoire-de-ce-fauteuil-intemporel\/#primaryimage"},"image":{"@id":"https:\/\/www.mobilier-design-occasion.fr\/magazine\/la-egg-chair-lhistoire-de-ce-fauteuil-intemporel\/#primaryimage"},"thumbnailUrl":"https:\/\/www.mobilier-design-occasion.fr\/magazine\/wp-content\/uploads\/2021\/02\/Egg-Chair2.jpg","datePublished":"2021-02-04T14:16:13+00:00","dateModified":"2023-09-25T13:40:10+00:00","breadcrumb":{"@id":"https:\/\/www.mobilier-design-occasion.fr\/magazine\/la-egg-chair-lhistoire-de-ce-fauteuil-intemporel\/#breadcrumb"},"inLanguage":"fr-FR","potentialAction":[{"@type":"ReadAction","target":["https:\/\/www.mobilier-design-occasion.fr\/magazine\/la-egg-chair-lhistoire-de-ce-fauteuil-intemporel\/"]}]},{"@type":"ImageObject","inLanguage":"fr-FR","@id":"https:\/\/www.mobilier-design-occasion.fr\/magazine\/la-egg-chair-lhistoire-de-ce-fauteuil-intemporel\/#primaryimage","url":"https:\/\/www.mobilier-design-occasion.fr\/magazine\/wp-content\/uploads\/2021\/02\/Egg-Chair2.jpg","contentUrl":"https:\/\/www.mobilier-design-occasion.fr\/magazine\/wp-content\/uploads\/2021\/02\/Egg-Chair2.jpg","width":564,"height":423,"caption":"Egg Chair"},{"@type":"BreadcrumbList","@id":"https:\/\/www.mobilier-design-occasion.fr\/magazine\/la-egg-chair-lhistoire-de-ce-fauteuil-intemporel\/#breadcrumb","itemListElement":[{"@type":"ListItem","position":1,"name":"Accueil","item":"https:\/\/www.mobilier-design-occasion.fr\/magazine\/"},{"@type":"ListItem","position":2,"name":"La Egg chair, l&rsquo;histoire de ce fauteuil intemporel"}]},{"@type":"WebSite","@id":"https:\/\/www.mobilier-design-occasion.fr\/magazine\/#website","url":"https:\/\/www.mobilier-design-occasion.fr\/magazine\/","name":"Mobilier Design Magazine","description":"","publisher":{"@id":"https:\/\/www.mobilier-design-occasion.fr\/magazine\/#organization"},"potentialAction":[{"@type":"SearchAction","target":{"@type":"EntryPoint","urlTemplate":"https:\/\/www.mobilier-design-occasion.fr\/magazine\/?s={search_term_string}"},"query-input":{"@type":"PropertyValueSpecification","valueRequired":true,"valueName":"search_term_string"}}],"inLanguage":"fr-FR"},{"@type":"Organization","@id":"https:\/\/www.mobilier-design-occasion.fr\/magazine\/#organization","name":"Mobilier Design Magazine","url":"https:\/\/www.mobilier-design-occasion.fr\/magazine\/","logo":{"@type":"ImageObject","inLanguage":"fr-FR","@id":"https:\/\/www.mobilier-design-occasion.fr\/magazine\/#\/schema\/logo\/image\/","url":"https:\/\/www.mobilier-design-occasion.fr\/magazine\/wp-content\/uploads\/2024\/02\/android-chrome-192x192-1.png","contentUrl":"https:\/\/www.mobilier-design-occasion.fr\/magazine\/wp-content\/uploads\/2024\/02\/android-chrome-192x192-1.png","width":192,"height":192,"caption":"Mobilier Design Magazine"},"image":{"@id":"https:\/\/www.mobilier-design-occasion.fr\/magazine\/#\/schema\/logo\/image\/"},"sameAs":["https:\/\/www.facebook.com\/mobilierdesignoccasion"]},{"@type":"Person","@id":"https:\/\/www.mobilier-design-occasion.fr\/magazine\/#\/schema\/person\/5b2e5627a714ddadaaf8c9b886c55eff","name":"Cyrielle Poirot","image":{"@type":"ImageObject","inLanguage":"fr-FR","@id":"https:\/\/secure.gravatar.com\/avatar\/c8d2674e093b06894d8d1dc468b626bd752523471f3ac6e75f7c7a1400d40b4d?s=96&d=mm&r=g","url":"https:\/\/secure.gravatar.com\/avatar\/c8d2674e093b06894d8d1dc468b626bd752523471f3ac6e75f7c7a1400d40b4d?s=96&d=mm&r=g","contentUrl":"https:\/\/secure.gravatar.com\/avatar\/c8d2674e093b06894d8d1dc468b626bd752523471f3ac6e75f7c7a1400d40b4d?s=96&d=mm&r=g","caption":"Cyrielle Poirot"},"description":"Cyrielle est passionn\u00e9e par la d\u00e9coration d'int\u00e9rieur et s'est sp\u00e9cialis\u00e9e depuis quelques ann\u00e9es dans l'\u00e9dition du site Mobilier-Design, avec une touche sp\u00e9cifique pour les produits d'occasion.","sameAs":["https:\/\/www.mobilier-design-occasion.fr\/magazine"],"url":"https:\/\/www.mobilier-design-occasion.fr\/magazine\/author\/cyrielle\/"}]}},"_links":{"self":[{"href":"https:\/\/www.mobilier-design-occasion.fr\/magazine\/wp-json\/wp\/v2\/posts\/226","targetHints":{"allow":["GET"]}}],"collection":[{"href":"https:\/\/www.mobilier-design-occasion.fr\/magazine\/wp-json\/wp\/v2\/posts"}],"about":[{"href":"https:\/\/www.mobilier-design-occasion.fr\/magazine\/wp-json\/wp\/v2\/types\/post"}],"author":[{"embeddable":true,"href":"https:\/\/www.mobilier-design-occasion.fr\/magazine\/wp-json\/wp\/v2\/users\/1"}],"replies":[{"embeddable":true,"href":"https:\/\/www.mobilier-design-occasion.fr\/magazine\/wp-json\/wp\/v2\/comments?post=226"}],"version-history":[{"count":2,"href":"https:\/\/www.mobilier-design-occasion.fr\/magazine\/wp-json\/wp\/v2\/posts\/226\/revisions"}],"predecessor-version":[{"id":232,"href":"https:\/\/www.mobilier-design-occasion.fr\/magazine\/wp-json\/wp\/v2\/posts\/226\/revisions\/232"}],"wp:featuredmedia":[{"embeddable":true,"href":"https:\/\/www.mobilier-design-occasion.fr\/magazine\/wp-json\/wp\/v2\/media\/227"}],"wp:attachment":[{"href":"https:\/\/www.mobilier-design-occasion.fr\/magazine\/wp-json\/wp\/v2\/media?parent=226"}],"wp:term":[{"taxonomy":"category","embeddable":true,"href":"https:\/\/www.mobilier-design-occasion.fr\/magazine\/wp-json\/wp\/v2\/categories?post=226"},{"taxonomy":"post_tag","embeddable":true,"href":"https:\/\/www.mobilier-design-occasion.fr\/magazine\/wp-json\/wp\/v2\/tags?post=226"}],"curies":[{"name":"wp","href":"https:\/\/api.w.org\/{rel}","templated":true}]}}