{"id":2186,"date":"2021-10-12T15:54:44","date_gmt":"2021-10-12T15:54:44","guid":{"rendered":"https:\/\/www.mobilier-design-occasion.fr\/magazine\/?p=2186"},"modified":"2021-12-15T16:04:23","modified_gmt":"2021-12-15T16:04:23","slug":"test-avis-sur-made-in-meuble-com","status":"publish","type":"post","link":"https:\/\/www.mobilier-design-occasion.fr\/magazine\/test-avis-sur-made-in-meuble-com\/","title":{"rendered":"Test &#038; avis sur made in meuble.com"},"content":{"rendered":"\n<h2 class=\"wp-block-heading\"><span class=\"ez-toc-section\" id=\"Qui_est_made_in_meublescom\"><\/span>Qui est made in meubles.com?<span class=\"ez-toc-section-end\"><\/span><\/h2><div id=\"ez-toc-container\" class=\"ez-toc-v2_0_82_2 counter-hierarchy ez-toc-counter ez-toc-grey ez-toc-container-direction\">\n<div class=\"ez-toc-title-container\">\n<span class=\"ez-toc-title-toggle\"><a href=\"#\" class=\"ez-toc-pull-right ez-toc-btn ez-toc-btn-xs ez-toc-btn-default ez-toc-toggle\" aria-label=\"Toggle Table of Content\"><span class=\"ez-toc-js-icon-con\"><span class=\"\"><span class=\"eztoc-hide\" style=\"display:none;\">Toggle<\/span><span class=\"ez-toc-icon-toggle-span\"><svg style=\"fill: #999;color:#999\" xmlns=\"http:\/\/www.w3.org\/2000\/svg\" class=\"list-377408\" width=\"20px\" height=\"20px\" viewBox=\"0 0 24 24\" fill=\"none\"><path d=\"M6 6H4v2h2V6zm14 0H8v2h12V6zM4 11h2v2H4v-2zm16 0H8v2h12v-2zM4 16h2v2H4v-2zm16 0H8v2h12v-2z\" fill=\"currentColor\"><\/path><\/svg><svg style=\"fill: #999;color:#999\" class=\"arrow-unsorted-368013\" xmlns=\"http:\/\/www.w3.org\/2000\/svg\" width=\"10px\" height=\"10px\" viewBox=\"0 0 24 24\" version=\"1.2\" baseProfile=\"tiny\"><path d=\"M18.2 9.3l-6.2-6.3-6.2 6.3c-.2.2-.3.4-.3.7s.1.5.3.7c.2.2.4.3.7.3h11c.3 0 .5-.1.7-.3.2-.2.3-.5.3-.7s-.1-.5-.3-.7zM5.8 14.7l6.2 6.3 6.2-6.3c.2-.2.3-.5.3-.7s-.1-.5-.3-.7c-.2-.2-.4-.3-.7-.3h-11c-.3 0-.5.1-.7.3-.2.2-.3.5-.3.7s.1.5.3.7z\"\/><\/svg><\/span><\/span><\/span><\/a><\/span><\/div>\n<nav><ul class='ez-toc-list ez-toc-list-level-1 eztoc-toggle-hide-by-default' ><li class='ez-toc-page-1 ez-toc-heading-level-2'><a class=\"ez-toc-link ez-toc-heading-1\" href=\"https:\/\/www.mobilier-design-occasion.fr\/magazine\/test-avis-sur-made-in-meuble-com\/#Qui_est_made_in_meublescom\" >Qui est made in meubles.com?<\/a><\/li><li class='ez-toc-page-1 ez-toc-heading-level-2'><a class=\"ez-toc-link ez-toc-heading-2\" href=\"https:\/\/www.mobilier-design-occasion.fr\/magazine\/test-avis-sur-made-in-meuble-com\/#Les_coordonnees_de_madeinmeublescom\" >Les coordonn\u00e9es de madeinmeubles.com<\/a><\/li><li class='ez-toc-page-1 ez-toc-heading-level-2'><a class=\"ez-toc-link ez-toc-heading-3\" href=\"https:\/\/www.mobilier-design-occasion.fr\/magazine\/test-avis-sur-made-in-meuble-com\/#La_promesse\" >La promesse<\/a><\/li><li class='ez-toc-page-1 ez-toc-heading-level-2'><a class=\"ez-toc-link ez-toc-heading-4\" href=\"https:\/\/www.mobilier-design-occasion.fr\/magazine\/test-avis-sur-made-in-meuble-com\/#Les_magasins_madeinmeublescom\" >Les magasins madeinmeubles.com<\/a><\/li><li class='ez-toc-page-1 ez-toc-heading-level-2'><a class=\"ez-toc-link ez-toc-heading-5\" href=\"https:\/\/www.mobilier-design-occasion.fr\/magazine\/test-avis-sur-made-in-meuble-com\/#Les_avis_clients_sur_made_in_meublecom\" >Les avis clients sur made in meuble.com<\/a><ul class='ez-toc-list-level-3' ><li class='ez-toc-heading-level-3'><a class=\"ez-toc-link ez-toc-heading-6\" href=\"https:\/\/www.mobilier-design-occasion.fr\/magazine\/test-avis-sur-made-in-meuble-com\/#Plutot_negatif\" >Plut\u00f4t n\u00e9gatif:<\/a><\/li><li class='ez-toc-page-1 ez-toc-heading-level-3'><a class=\"ez-toc-link ez-toc-heading-7\" href=\"https:\/\/www.mobilier-design-occasion.fr\/magazine\/test-avis-sur-made-in-meuble-com\/#Plutot_positif\" >Plut\u00f4t positif<\/a><\/li><li class='ez-toc-page-1 ez-toc-heading-level-3'><a class=\"ez-toc-link ez-toc-heading-8\" href=\"https:\/\/www.mobilier-design-occasion.fr\/magazine\/test-avis-sur-made-in-meuble-com\/#Prix_du_produit\" >Prix du produit<\/a><\/li><li class='ez-toc-page-1 ez-toc-heading-level-3'><a class=\"ez-toc-link ez-toc-heading-9\" href=\"https:\/\/www.mobilier-design-occasion.fr\/magazine\/test-avis-sur-made-in-meuble-com\/#Les_frais_de_livraison\" >Les frais de livraison<\/a><\/li><li class='ez-toc-page-1 ez-toc-heading-level-3'><a class=\"ez-toc-link ez-toc-heading-10\" href=\"https:\/\/www.mobilier-design-occasion.fr\/magazine\/test-avis-sur-made-in-meuble-com\/#Les_moyens_de_paiement\" >Les moyens de paiement<\/a><\/li><li class='ez-toc-page-1 ez-toc-heading-level-3'><a class=\"ez-toc-link ez-toc-heading-11\" href=\"https:\/\/www.mobilier-design-occasion.fr\/magazine\/test-avis-sur-made-in-meuble-com\/#Service_apres_vente\" >Service apr\u00e8s vente<\/a><\/li><li class='ez-toc-page-1 ez-toc-heading-level-3'><a class=\"ez-toc-link ez-toc-heading-12\" href=\"https:\/\/www.mobilier-design-occasion.fr\/magazine\/test-avis-sur-made-in-meuble-com\/#Les_garanties\" >Les garanties<\/a><\/li><li class='ez-toc-page-1 ez-toc-heading-level-3'><a class=\"ez-toc-link ez-toc-heading-13\" href=\"https:\/\/www.mobilier-design-occasion.fr\/magazine\/test-avis-sur-made-in-meuble-com\/#Quest-ce_qui_nous_manque\" >Qu&#8217;est-ce qui nous manque?<\/a><\/li><\/ul><\/li><\/ul><\/nav><\/div>\n\n\n\n\n<figure class=\"wp-block-image size-full\"><img loading=\"lazy\" decoding=\"async\" width=\"352\" height=\"76\" src=\"https:\/\/www.mobilier-design-occasion.fr\/magazine\/wp-content\/uploads\/2021\/10\/mad1.jpg\" alt=\"\" class=\"wp-image-2208\" srcset=\"https:\/\/www.mobilier-design-occasion.fr\/magazine\/wp-content\/uploads\/2021\/10\/mad1.jpg 352w, https:\/\/www.mobilier-design-occasion.fr\/magazine\/wp-content\/uploads\/2021\/10\/mad1-300x65.jpg 300w\" sizes=\"auto, (max-width: 352px) 100vw, 352px\" \/><\/figure>\n\n\n\n<p>Madeinmeubles.com est un site de vente de <a href=\"https:\/\/www.mobilier-design-occasion.fr\/magazine\/test-avis-sur-la-redoute-interieurs-am-pm\/\">mobilier<\/a> et luminaires en ligne. Sp\u00e9cialis\u00e9 dans les meubles en <a href=\"https:\/\/www.mobilier-design-occasion.fr\/magazine\/avis-mathy-by-bols\/\">bois<\/a>, de style scandinave, traditionnel, industriel ou encore Boh\u00e8me. Madeinmeubles.com souhaite toucher un maximum de clients gr\u00e2ce \u00e0 sa collection diversifi\u00e9e. La plateforme vous propose des meubles tr\u00e8s originaux \u00e0 des prix tr\u00e8s comp\u00e9titifs afin de r\u00e9pondre \u00e0 vos besoins.<\/p>\n\n\n\n<h2 class=\"wp-block-heading\"><span class=\"ez-toc-section\" id=\"Les_coordonnees_de_madeinmeublescom\"><\/span>Les coordonn\u00e9es de madeinmeubles.com<span class=\"ez-toc-section-end\"><\/span><\/h2>\n\n\n\n<div class=\"wp-block-image\"><figure class=\"aligncenter size-full\"><img loading=\"lazy\" decoding=\"async\" width=\"563\" height=\"380\" src=\"https:\/\/www.mobilier-design-occasion.fr\/magazine\/wp-content\/uploads\/2021\/10\/mad2.jpg\" alt=\"\" class=\"wp-image-2209\" srcset=\"https:\/\/www.mobilier-design-occasion.fr\/magazine\/wp-content\/uploads\/2021\/10\/mad2.jpg 563w, https:\/\/www.mobilier-design-occasion.fr\/magazine\/wp-content\/uploads\/2021\/10\/mad2-300x202.jpg 300w\" sizes=\"auto, (max-width: 563px) 100vw, 563px\" \/><figcaption>Illustration made-in-meuble.com<\/figcaption><\/figure><\/div>\n\n\n\n<p>Les achats des produits mis en vente chez madeinmeubles.com se font sur le site internet : <a href=\"https:\/\/www.made-in-meubles.com\/\">https:\/\/www.made-in-meubles.com\/<\/a>. Plusieurs photos de chaque produit sont disponibles sur le site. Il est \u00e9galement possible de voir les meubles physiquement, \u00e9tant donn\u00e9 que madeinmeubles.com poss\u00e8de 2 showrooms qui se situent \u00e0 Lille et \u00e0 Paris.<\/p>\n\n\n\n<h2 class=\"wp-block-heading\"><span class=\"ez-toc-section\" id=\"La_promesse\"><\/span>La promesse<span class=\"ez-toc-section-end\"><\/span><\/h2>\n\n\n\n<div class=\"wp-block-image\"><figure class=\"alignleft size-full\"><img loading=\"lazy\" decoding=\"async\" width=\"259\" height=\"217\" src=\"https:\/\/www.mobilier-design-occasion.fr\/magazine\/wp-content\/uploads\/2021\/10\/mad3.jpg\" alt=\"\" class=\"wp-image-2210\"\/><figcaption>Illustration  made-in-meuble.com <\/figcaption><\/figure><\/div>\n\n\n\n<p><strong>Un style original<\/strong><br>madeinmeubles.com  s\u00e9lectionne m\u00e9ticuleusement les meubles afin de proposer du mobiliers original \u00e0 ses clients.<\/p>\n\n\n\n<p><strong>Livraison dans toute la <a href=\"https:\/\/www.mobilier-design-occasion.fr\/magazine\/test-avis-sur-ripaton\/\">France<\/a><\/strong><br>madeinmeubles.com a mis au point un syst\u00e8me de livraison tr\u00e8s efficace pour que toute la France puisse  jouir d&#8217;une excellente livraison.<\/p>\n\n\n\n<p><strong>Un service d\u2019exception<\/strong><br>Que ce soit par t\u00e9l\u00e9phone ou au showroom, toute l&#8217;\u00e9quipe de madeinmeubles.com se met \u00e0 votre disposition afin de vous satisfaire et r\u00e9pondre \u00e0 votre demande.<\/p>\n\n\n\n<h2 class=\"wp-block-heading\"><span class=\"ez-toc-section\" id=\"Les_magasins_madeinmeublescom\"><\/span>Les magasins madeinmeubles.com<span class=\"ez-toc-section-end\"><\/span><\/h2>\n\n\n\n<div class=\"wp-block-image\"><figure class=\"alignleft size-full\"><img loading=\"lazy\" decoding=\"async\" width=\"273\" height=\"263\" src=\"https:\/\/www.mobilier-design-occasion.fr\/magazine\/wp-content\/uploads\/2021\/10\/mad4.jpg\" alt=\"\" class=\"wp-image-2212\"\/><figcaption>Google Maps<\/figcaption><\/figure><\/div>\n\n\n\n<p>madeinmeubles.com ne poss\u00e8de pas de boutique \u00e0 proprement parl\u00e9. En revanche, 2 grands showrooms sont \u00e0 votre disposition pour que vous puissiez d\u00e9couvrir les produits. <br>L&#8217;un se trouve \u00e0 Paris, au 2 avenue d&#8217;Ouessant\u00a0<strong>&#8211;\u00a0<\/strong>Parc Spirit de l&#8217;Atlantique &#8211; B\u00e2timent D, cellule 3,\u00a091140 Villebon-Sur-Yvette, et vous ouvre ses portes le mercredi de 13h \u00e0 18h et du jeudi au samedi de 10h \u00e0 18h.<br>Tandis que l&#8217;autre se trouve \u00e0 Lille, au 3 rue Denis Masquelier, 59710 Pont \u00e0 Marcq. Il peut vous accueillir du lundi au samedi de 9h \u00e0 13h et de 14h \u00e0 18h. Vous pouvez \u00e9galement voir tous les produits sur le site internet : <a href=\"https:\/\/www.made-in-meubles.com\/\">https:\/\/www.made-in-meubles.com\/<\/a>.<\/p>\n\n\n\n<h2 class=\"wp-block-heading\"><span class=\"ez-toc-section\" id=\"Les_avis_clients_sur_made_in_meublecom\"><\/span>Les avis clients sur made in meuble.com<span class=\"ez-toc-section-end\"><\/span><\/h2>\n\n\n\n<div class=\"wp-block-image\"><figure class=\"alignleft size-full\"><img loading=\"lazy\" decoding=\"async\" width=\"379\" height=\"141\" src=\"https:\/\/www.mobilier-design-occasion.fr\/magazine\/wp-content\/uploads\/2021\/10\/mad5.jpg\" alt=\"\" class=\"wp-image-2213\" srcset=\"https:\/\/www.mobilier-design-occasion.fr\/magazine\/wp-content\/uploads\/2021\/10\/mad5.jpg 379w, https:\/\/www.mobilier-design-occasion.fr\/magazine\/wp-content\/uploads\/2021\/10\/mad5-300x112.jpg 300w, https:\/\/www.mobilier-design-occasion.fr\/magazine\/wp-content\/uploads\/2021\/10\/mad5-375x141.jpg 375w\" sizes=\"auto, (max-width: 379px) 100vw, 379px\" \/><figcaption>Trustpilot<\/figcaption><\/figure><\/div>\n\n\n\n<p>Que pensent les clients du site made in meuble.com?<br>Globalement leur note est de 4.1\/5 sur Trustpilot, ce qui est une assez bonne note. Mais analysons cela en d\u00e9tail:<\/p>\n\n\n\n<h3 class=\"wp-block-heading\"><span class=\"ez-toc-section\" id=\"Plutot_negatif\"><\/span><strong>Plut\u00f4t n\u00e9gatif:<\/strong><span class=\"ez-toc-section-end\"><\/span><\/h3>\n\n\n\n<ul class=\"wp-block-list\"><li><strong><strong>Manque d&#8217;information<\/strong> : <\/strong>les livreurs n&#8217;informent pas la date exacte des livraisons et les informations donn\u00e9es sont l\u00e9g\u00e8res.<\/li><\/ul>\n\n\n\n<blockquote class=\"wp-block-quote is-layout-flow wp-block-quote-is-layout-flow\"><p> Made-in-Meubles est sans doute une enseigne s\u00e9rieuse et performante, sauf en ce qui concerne le suivi de livraison des commandes, et le choix du transporteur &#8230;<br>GLS, le transporteur ne s&#8217;est manifest\u00e9 que deux fois :<br>&#8211; la premi\u00e8re pour faire savoir que le colis \u00e9tait en route, avec invitation \u00e0 pr\u00e9ciser un choix en cas d&#8217;absence, SANS CONNAITRE LA DATE DE LIVRAISON !<br>&#8211; la deuxi\u00e8me pour m&#8217;informer que le colis avait bien \u00e9t\u00e9 livr\u00e9, sans la moindre annonce pr\u00e9alable par mail ou SMS !<br>Il se trouve que je m&#8217;appr\u00eatais \u00e0 partir lorsque le livreur est arriv\u00e9, quelle chance \u2026 Sinon, que se serait-il pass\u00e9 ? \u2026<\/p><cite><a href=\"https:\/\/fr.trustpilot.com\/users\/613e331a00ecf20012024297\">HENON Robert<\/a><\/cite><\/blockquote>\n\n\n\n<p><\/p>\n\n\n\n<blockquote class=\"wp-block-quote is-layout-flow wp-block-quote-is-layout-flow\"><p>Aucune transparence sur le d\u00e9lai de mise \u00e0 disposition pour un produit soi-disant \u00ab&nbsp;en stock&nbsp;\u00bb\u2026 et il faut user d\u2019ing\u00e9niosit\u00e9s pour suivre ce fameux d\u00e9lai et voir qu\u2019il recul recul\u2026 aucun mail de suivi, et franchement un espace client tr\u00e8s mauvais a l\u2019\u00e9poque o\u00f9 nous sommes\u2026 j\u2019ai command\u00e9 le m\u00eame jour une suspension qui elle \u00e9tait en Allemagne, 2 jours plus tard j\u2019\u00e9tais livr\u00e9 \u00ab&nbsp;gratuitement&nbsp;\u00bb peut-\u00eatre qu\u2019il faut opter pour la livraison \u00e0 un prix exorbitant \u00ab&nbsp;75\u20ac\ud83d\ude31&nbsp;\u00bb pour que les choses avances\u2026 c\u2019est dommage d\u2019avoir des produits sympas et de si mauvais services<\/p><cite><a href=\"https:\/\/fr.trustpilot.com\/users\/5e99c884fa5117a03c5a19e5\">Orel<\/a><\/cite><\/blockquote>\n\n\n\n<ul class=\"wp-block-list\"><li><strong><strong>Contr\u00f4le qualit\u00e9<\/strong> : <\/strong>certains clients sont d\u00e9\u00e7us par la qualit\u00e9 de finition des produits propos\u00e9e par made in meuble.com<\/li><\/ul>\n\n\n\n<blockquote class=\"wp-block-quote is-layout-flow wp-block-quote-is-layout-flow\"><p>J&#8217;ai achet\u00e9 le 8 ao\u00fbt dernier un meuble t\u00e9l\u00e9 inspiration industrielle avec 2 tiroirs noir en fa\u00e7ade. R\u00e9ception impeccable, meuble conforme \u00e0 mes attentes, du coup j&#8217;ai post\u00e9 un tr\u00e8s bon avis. Or, la semaine derni\u00e8re je m&#8217;aper\u00e7ois que le rev\u00eatement des tiroirs s&#8217;\u00e9caille ! J&#8217;avise le service client qui me demande photo et r\u00e9clamation par mail ce que je fais. Je viens d&#8217;avoir la r\u00e9ponse !!! On me recommande d&#8217;acheter de la peinture pour m\u00e9tal noir! De qui se moque t&#8217;on! Le meuble n&#8217;a pas 2 mois ! Pi\u00e8tre qualit\u00e9 et SAV de mauvaise fois ! Je ne compte pas en rester l\u00e0 ! N&#8217;achetez pas chez eux qui pr\u00f4nent la qualit\u00e9 alors qu&#8217;ils ne font pas mieux que du made in china !<\/p><cite><a href=\"https:\/\/fr.trustpilot.com\/users\/615212fc63a7e200138b01b5\">Claudine TOUCHARD<\/a><\/cite><\/blockquote>\n\n\n\n<h3 class=\"wp-block-heading\"><span class=\"ez-toc-section\" id=\"Plutot_positif\"><\/span><strong>Plut\u00f4t positif<\/strong><span class=\"ez-toc-section-end\"><\/span><\/h3>\n\n\n\n<ul class=\"wp-block-list\"><li><strong>Les produits<\/strong> : La majorit\u00e9 des clients sont satisfaits de la qualit\u00e9 des produits.<\/li><\/ul>\n\n\n\n<blockquote class=\"wp-block-quote is-layout-flow wp-block-quote-is-layout-flow\"><p>Tous les meubles achet\u00e9s \u00e0 Made in meubles sont d&#8217;une tr\u00e8s bonne qualit\u00e9.<\/p><p>Je suis ravis de mes achats. Au top !!<\/p><cite><a href=\"https:\/\/fr.trustpilot.com\/users\/615ec8c81f9c8500121a878c\">Val\u00e9rie<\/a><\/cite><\/blockquote>\n\n\n\n<ul class=\"wp-block-list\"><li><strong>service client <\/strong>: Les clients sont satisfaits des prestations offertes par le service client.<\/li><\/ul>\n\n\n\n<blockquote class=\"wp-block-quote is-layout-flow wp-block-quote-is-layout-flow\"><p>le service client est juste parfait.<\/p><p>J egare une partie de ma table \u00e0 manger ainsi que les vis et on me renvoie l ensemble sous 5 jours avec juste les frais de port. Incroyable !!!!<br>Encore merci<\/p><cite><a href=\"https:\/\/fr.trustpilot.com\/users\/615db6c661077f00123bd616\">QUENNESSON leo<\/a><\/cite><\/blockquote>\n\n\n\n<blockquote class=\"wp-block-quote is-layout-flow wp-block-quote-is-layout-flow\"><p>Pass\u00e9 au showroom , La jeune fille \u00e9tait super gentille . Bravo et merci<\/p><cite><a href=\"https:\/\/fr.trustpilot.com\/users\/615e9702f628a50012c6e8d8\">LIETART Patrice<\/a><\/cite><\/blockquote>\n\n\n\n<h3 class=\"wp-block-heading\"><span class=\"ez-toc-section\" id=\"Prix_du_produit\"><\/span>Prix du produit<span class=\"ez-toc-section-end\"><\/span><\/h3>\n\n\n\n<div class=\"wp-block-image\"><figure class=\"alignleft size-full\"><img loading=\"lazy\" decoding=\"async\" width=\"237\" height=\"119\" src=\"https:\/\/www.mobilier-design-occasion.fr\/magazine\/wp-content\/uploads\/2021\/10\/mad6.jpg\" alt=\"\" class=\"wp-image-2216\"\/><figcaption>Exemple de prix<\/figcaption><\/figure><\/div>\n\n\n\n<p>Il est toujours agr\u00e9able de pouvoir profiter d&#8217;un produit d&#8217;excellente qualit\u00e9 avec un prix tr\u00e8s comp\u00e9titif. \u00c0 partir de 40\u20ac, vous pouvez faire l&#8217;acquisition d&#8217;un article chez made in meuble.com. \u00c9tant donn\u00e9 que le site propose plusieurs types de produits, le prix peut varier selon le produit que vous choisissez.<\/p>\n\n\n\n<h3 class=\"wp-block-heading\"><span class=\"ez-toc-section\" id=\"Les_frais_de_livraison\"><\/span>Les frais de livraison<span class=\"ez-toc-section-end\"><\/span><\/h3>\n\n\n\n<div class=\"wp-block-image\"><figure class=\"alignleft size-full\"><img loading=\"lazy\" decoding=\"async\" width=\"798\" height=\"540\" src=\"https:\/\/www.mobilier-design-occasion.fr\/magazine\/wp-content\/uploads\/2021\/10\/mad7.jpg\" alt=\"\" class=\"wp-image-2217\" srcset=\"https:\/\/www.mobilier-design-occasion.fr\/magazine\/wp-content\/uploads\/2021\/10\/mad7.jpg 798w, https:\/\/www.mobilier-design-occasion.fr\/magazine\/wp-content\/uploads\/2021\/10\/mad7-300x203.jpg 300w, https:\/\/www.mobilier-design-occasion.fr\/magazine\/wp-content\/uploads\/2021\/10\/mad7-768x520.jpg 768w\" sizes=\"auto, (max-width: 798px) 100vw, 798px\" \/><figcaption>Exemple de frais de livraison<\/figcaption><\/figure><\/div>\n\n\n\n<p>Selon le poids et l&#8217;envergure de votre produit, les frais de livraison peuvent varier. Par ailleurs, il existe un frais de livraison standard pour tout achat de produit sup\u00e9rieur \u00e0 1000\u20ac. made in meuble .com effectue la livraison de votre produit que vous soyez en France ou en Belgique.<\/p>\n\n\n\n<h3 class=\"wp-block-heading\"><span class=\"ez-toc-section\" id=\"Les_moyens_de_paiement\"><\/span>Les moyens de paiement<span class=\"ez-toc-section-end\"><\/span><\/h3>\n\n\n\n<figure class=\"wp-block-image size-full\"><img loading=\"lazy\" decoding=\"async\" width=\"260\" height=\"48\" src=\"https:\/\/www.mobilier-design-occasion.fr\/magazine\/wp-content\/uploads\/2021\/10\/mad8.jpg\" alt=\"\" class=\"wp-image-2218\"\/><\/figure>\n\n\n\n<p>4 moyens de paiement vous sont propos\u00e9s pour r\u00e9gler votre commande. Il y a le paiement par carte bancaire, le paiement par ch\u00e8que qui vous offre la possibilit\u00e9 de payer jusqu&#8217;\u00e0 4 fois, le paiement par virement bancaire, et le paiement par financement SOFINCO.<\/p>\n\n\n\n<h3 class=\"wp-block-heading\"><span class=\"ez-toc-section\" id=\"Service_apres_vente\"><\/span>Service apr\u00e8s vente<span class=\"ez-toc-section-end\"><\/span><\/h3>\n\n\n\n<div class=\"wp-block-image\"><figure class=\"alignleft size-full\"><img loading=\"lazy\" decoding=\"async\" width=\"264\" height=\"306\" src=\"https:\/\/www.mobilier-design-occasion.fr\/magazine\/wp-content\/uploads\/2021\/10\/mad10.jpg\" alt=\"\" class=\"wp-image-2221\" srcset=\"https:\/\/www.mobilier-design-occasion.fr\/magazine\/wp-content\/uploads\/2021\/10\/mad10.jpg 264w, https:\/\/www.mobilier-design-occasion.fr\/magazine\/wp-content\/uploads\/2021\/10\/mad10-259x300.jpg 259w\" sizes=\"auto, (max-width: 264px) 100vw, 264px\" \/><\/figure><\/div>\n\n\n\n<p>made in meuble.com a mis \u00e0 votre disposition un service client qui peut r\u00e9pondre \u00e0 vos questions et vous donner des solutions en cas de soucis.<br> Le service est joignable par t\u00e9l\u00e9phone au 03 20 32 57 76 du lundi au vendredi de 9h \u00e0 13h et de 14h \u00e0 18h. Vous pouvez \u00e9galement envoyer un e-mail sur <a href=\"mailto:support@made-in-meubles.com\">support@made-in-meubles.com<\/a> afin de les contacter.<\/p>\n\n\n\n<p><\/p>\n\n\n\n<h3 class=\"wp-block-heading\"><span class=\"ez-toc-section\" id=\"Les_garanties\"><\/span>Les garanties<span class=\"ez-toc-section-end\"><\/span><\/h3>\n\n\n\n<div class=\"wp-block-image\"><figure class=\"alignleft size-large\"><img loading=\"lazy\" decoding=\"async\" width=\"1024\" height=\"236\" src=\"https:\/\/www.mobilier-design-occasion.fr\/magazine\/wp-content\/uploads\/2021\/10\/mad11-1024x236.jpg\" alt=\"\" class=\"wp-image-2223\" srcset=\"https:\/\/www.mobilier-design-occasion.fr\/magazine\/wp-content\/uploads\/2021\/10\/mad11-1024x236.jpg 1024w, https:\/\/www.mobilier-design-occasion.fr\/magazine\/wp-content\/uploads\/2021\/10\/mad11-300x69.jpg 300w, https:\/\/www.mobilier-design-occasion.fr\/magazine\/wp-content\/uploads\/2021\/10\/mad11-768x177.jpg 768w, https:\/\/www.mobilier-design-occasion.fr\/magazine\/wp-content\/uploads\/2021\/10\/mad11-810x186.jpg 810w, https:\/\/www.mobilier-design-occasion.fr\/magazine\/wp-content\/uploads\/2021\/10\/mad11-1140x262.jpg 1140w, https:\/\/www.mobilier-design-occasion.fr\/magazine\/wp-content\/uploads\/2021\/10\/mad11.jpg 1230w\" sizes=\"auto, (max-width: 1024px) 100vw, 1024px\" \/><\/figure><\/div>\n\n\n\n<p>Selon le site : madeinmeubles.com vous assure des paiements s\u00e9curis\u00e9s \u00e0 100%, une livraison assur\u00e9e dans toute la France et en Belgique et un paiement en plusieurs fois sans frais. Avec madeinmeubles.com, vous pouvez faire un retrait gratuit de vos achats en entrep\u00f4t.<\/p>\n\n\n\n<h3 class=\"wp-block-heading\"><span class=\"ez-toc-section\" id=\"Quest-ce_qui_nous_manque\"><\/span>Qu&#8217;est-ce qui nous manque?<span class=\"ez-toc-section-end\"><\/span><\/h3>\n\n\n\n<ul class=\"wp-block-list\"><li>un contr\u00f4le qualit\u00e9<\/li><li>un syst\u00e8me d&#8217;alerte<\/li><\/ul>\n","protected":false},"excerpt":{"rendered":"<p>Qui est made in meubles.com? Madeinmeubles.com est un site de vente de mobilier et luminaires en ligne. Sp\u00e9cialis\u00e9 dans les meubles en bois, de style scandinave, traditionnel, industriel ou encore Boh\u00e8me. Madeinmeubles.com souhaite toucher un maximum de clients gr\u00e2ce \u00e0 sa collection diversifi\u00e9e. La plateforme vous propose des meubles tr\u00e8s originaux \u00e0 des prix tr\u00e8s [&hellip;]<\/p>\n","protected":false},"author":1,"featured_media":2226,"comment_status":"open","ping_status":"open","sticky":false,"template":"","format":"standard","meta":{"footnotes":""},"categories":[8],"tags":[],"class_list":["post-2186","post","type-post","status-publish","format-standard","has-post-thumbnail","hentry","category-avis"],"yoast_head":"<!-- This site is optimized with the Yoast SEO plugin v27.5 - https:\/\/yoast.com\/product\/yoast-seo-wordpress\/ -->\n<title>Test &amp; avis sur made in meuble.com - Mobilier Design Magazine<\/title>\n<meta name=\"robots\" content=\"index, follow, max-snippet:-1, max-image-preview:large, max-video-preview:-1\" \/>\n<link rel=\"canonical\" href=\"https:\/\/www.mobilier-design-occasion.fr\/magazine\/test-avis-sur-made-in-meuble-com\/\" \/>\n<meta property=\"og:locale\" content=\"fr_FR\" \/>\n<meta property=\"og:type\" content=\"article\" \/>\n<meta property=\"og:title\" content=\"Test &amp; avis sur made in meuble.com - Mobilier Design Magazine\" \/>\n<meta property=\"og:description\" content=\"Qui est made in meubles.com? Madeinmeubles.com est un site de vente de mobilier et luminaires en ligne. Sp\u00e9cialis\u00e9 dans les meubles en bois, de style scandinave, traditionnel, industriel ou encore Boh\u00e8me. Madeinmeubles.com souhaite toucher un maximum de clients gr\u00e2ce \u00e0 sa collection diversifi\u00e9e. La plateforme vous propose des meubles tr\u00e8s originaux \u00e0 des prix tr\u00e8s [&hellip;]\" \/>\n<meta property=\"og:url\" content=\"https:\/\/www.mobilier-design-occasion.fr\/magazine\/test-avis-sur-made-in-meuble-com\/\" \/>\n<meta property=\"og:site_name\" content=\"Mobilier Design Magazine\" \/>\n<meta property=\"article:publisher\" content=\"https:\/\/www.facebook.com\/mobilierdesignoccasion\" \/>\n<meta property=\"article:published_time\" content=\"2021-10-12T15:54:44+00:00\" \/>\n<meta property=\"article:modified_time\" content=\"2021-12-15T16:04:23+00:00\" \/>\n<meta property=\"og:image\" content=\"https:\/\/www.mobilier-design-occasion.fr\/magazine\/wp-content\/uploads\/2021\/10\/mad.jpg\" \/>\n\t<meta property=\"og:image:width\" content=\"542\" \/>\n\t<meta property=\"og:image:height\" content=\"358\" \/>\n\t<meta property=\"og:image:type\" content=\"image\/jpeg\" \/>\n<meta name=\"author\" content=\"Cyrielle Poirot\" \/>\n<meta name=\"twitter:card\" content=\"summary_large_image\" \/>\n<meta name=\"twitter:label1\" content=\"\u00c9crit par\" \/>\n\t<meta name=\"twitter:data1\" content=\"Cyrielle Poirot\" \/>\n\t<meta name=\"twitter:label2\" content=\"Dur\u00e9e de lecture estim\u00e9e\" \/>\n\t<meta name=\"twitter:data2\" content=\"6 minutes\" \/>\n<script type=\"application\/ld+json\" class=\"yoast-schema-graph\">{\"@context\":\"https:\\\/\\\/schema.org\",\"@graph\":[{\"@type\":\"Article\",\"@id\":\"https:\\\/\\\/www.mobilier-design-occasion.fr\\\/magazine\\\/test-avis-sur-made-in-meuble-com\\\/#article\",\"isPartOf\":{\"@id\":\"https:\\\/\\\/www.mobilier-design-occasion.fr\\\/magazine\\\/test-avis-sur-made-in-meuble-com\\\/\"},\"author\":{\"name\":\"Cyrielle Poirot\",\"@id\":\"https:\\\/\\\/www.mobilier-design-occasion.fr\\\/magazine\\\/#\\\/schema\\\/person\\\/5b2e5627a714ddadaaf8c9b886c55eff\"},\"headline\":\"Test &#038; avis sur made in meuble.com\",\"datePublished\":\"2021-10-12T15:54:44+00:00\",\"dateModified\":\"2021-12-15T16:04:23+00:00\",\"mainEntityOfPage\":{\"@id\":\"https:\\\/\\\/www.mobilier-design-occasion.fr\\\/magazine\\\/test-avis-sur-made-in-meuble-com\\\/\"},\"wordCount\":1190,\"commentCount\":2,\"publisher\":{\"@id\":\"https:\\\/\\\/www.mobilier-design-occasion.fr\\\/magazine\\\/#organization\"},\"image\":{\"@id\":\"https:\\\/\\\/www.mobilier-design-occasion.fr\\\/magazine\\\/test-avis-sur-made-in-meuble-com\\\/#primaryimage\"},\"thumbnailUrl\":\"https:\\\/\\\/www.mobilier-design-occasion.fr\\\/magazine\\\/wp-content\\\/uploads\\\/2021\\\/10\\\/mad.jpg\",\"articleSection\":[\"Avis marques d\u00e9co\"],\"inLanguage\":\"fr-FR\",\"potentialAction\":[{\"@type\":\"CommentAction\",\"name\":\"Comment\",\"target\":[\"https:\\\/\\\/www.mobilier-design-occasion.fr\\\/magazine\\\/test-avis-sur-made-in-meuble-com\\\/#respond\"]}]},{\"@type\":\"WebPage\",\"@id\":\"https:\\\/\\\/www.mobilier-design-occasion.fr\\\/magazine\\\/test-avis-sur-made-in-meuble-com\\\/\",\"url\":\"https:\\\/\\\/www.mobilier-design-occasion.fr\\\/magazine\\\/test-avis-sur-made-in-meuble-com\\\/\",\"name\":\"Test & avis sur made in meuble.com - Mobilier Design Magazine\",\"isPartOf\":{\"@id\":\"https:\\\/\\\/www.mobilier-design-occasion.fr\\\/magazine\\\/#website\"},\"primaryImageOfPage\":{\"@id\":\"https:\\\/\\\/www.mobilier-design-occasion.fr\\\/magazine\\\/test-avis-sur-made-in-meuble-com\\\/#primaryimage\"},\"image\":{\"@id\":\"https:\\\/\\\/www.mobilier-design-occasion.fr\\\/magazine\\\/test-avis-sur-made-in-meuble-com\\\/#primaryimage\"},\"thumbnailUrl\":\"https:\\\/\\\/www.mobilier-design-occasion.fr\\\/magazine\\\/wp-content\\\/uploads\\\/2021\\\/10\\\/mad.jpg\",\"datePublished\":\"2021-10-12T15:54:44+00:00\",\"dateModified\":\"2021-12-15T16:04:23+00:00\",\"breadcrumb\":{\"@id\":\"https:\\\/\\\/www.mobilier-design-occasion.fr\\\/magazine\\\/test-avis-sur-made-in-meuble-com\\\/#breadcrumb\"},\"inLanguage\":\"fr-FR\",\"potentialAction\":[{\"@type\":\"ReadAction\",\"target\":[\"https:\\\/\\\/www.mobilier-design-occasion.fr\\\/magazine\\\/test-avis-sur-made-in-meuble-com\\\/\"]}]},{\"@type\":\"ImageObject\",\"inLanguage\":\"fr-FR\",\"@id\":\"https:\\\/\\\/www.mobilier-design-occasion.fr\\\/magazine\\\/test-avis-sur-made-in-meuble-com\\\/#primaryimage\",\"url\":\"https:\\\/\\\/www.mobilier-design-occasion.fr\\\/magazine\\\/wp-content\\\/uploads\\\/2021\\\/10\\\/mad.jpg\",\"contentUrl\":\"https:\\\/\\\/www.mobilier-design-occasion.fr\\\/magazine\\\/wp-content\\\/uploads\\\/2021\\\/10\\\/mad.jpg\",\"width\":542,\"height\":358},{\"@type\":\"BreadcrumbList\",\"@id\":\"https:\\\/\\\/www.mobilier-design-occasion.fr\\\/magazine\\\/test-avis-sur-made-in-meuble-com\\\/#breadcrumb\",\"itemListElement\":[{\"@type\":\"ListItem\",\"position\":1,\"name\":\"Accueil\",\"item\":\"https:\\\/\\\/www.mobilier-design-occasion.fr\\\/magazine\\\/\"},{\"@type\":\"ListItem\",\"position\":2,\"name\":\"Test &#038; avis sur made in meuble.com\"}]},{\"@type\":\"WebSite\",\"@id\":\"https:\\\/\\\/www.mobilier-design-occasion.fr\\\/magazine\\\/#website\",\"url\":\"https:\\\/\\\/www.mobilier-design-occasion.fr\\\/magazine\\\/\",\"name\":\"Mobilier Design Magazine\",\"description\":\"\",\"publisher\":{\"@id\":\"https:\\\/\\\/www.mobilier-design-occasion.fr\\\/magazine\\\/#organization\"},\"potentialAction\":[{\"@type\":\"SearchAction\",\"target\":{\"@type\":\"EntryPoint\",\"urlTemplate\":\"https:\\\/\\\/www.mobilier-design-occasion.fr\\\/magazine\\\/?s={search_term_string}\"},\"query-input\":{\"@type\":\"PropertyValueSpecification\",\"valueRequired\":true,\"valueName\":\"search_term_string\"}}],\"inLanguage\":\"fr-FR\"},{\"@type\":\"Organization\",\"@id\":\"https:\\\/\\\/www.mobilier-design-occasion.fr\\\/magazine\\\/#organization\",\"name\":\"Mobilier Design Magazine\",\"url\":\"https:\\\/\\\/www.mobilier-design-occasion.fr\\\/magazine\\\/\",\"logo\":{\"@type\":\"ImageObject\",\"inLanguage\":\"fr-FR\",\"@id\":\"https:\\\/\\\/www.mobilier-design-occasion.fr\\\/magazine\\\/#\\\/schema\\\/logo\\\/image\\\/\",\"url\":\"https:\\\/\\\/www.mobilier-design-occasion.fr\\\/magazine\\\/wp-content\\\/uploads\\\/2024\\\/02\\\/android-chrome-192x192-1.png\",\"contentUrl\":\"https:\\\/\\\/www.mobilier-design-occasion.fr\\\/magazine\\\/wp-content\\\/uploads\\\/2024\\\/02\\\/android-chrome-192x192-1.png\",\"width\":192,\"height\":192,\"caption\":\"Mobilier Design Magazine\"},\"image\":{\"@id\":\"https:\\\/\\\/www.mobilier-design-occasion.fr\\\/magazine\\\/#\\\/schema\\\/logo\\\/image\\\/\"},\"sameAs\":[\"https:\\\/\\\/www.facebook.com\\\/mobilierdesignoccasion\"]},{\"@type\":\"Person\",\"@id\":\"https:\\\/\\\/www.mobilier-design-occasion.fr\\\/magazine\\\/#\\\/schema\\\/person\\\/5b2e5627a714ddadaaf8c9b886c55eff\",\"name\":\"Cyrielle Poirot\",\"image\":{\"@type\":\"ImageObject\",\"inLanguage\":\"fr-FR\",\"@id\":\"https:\\\/\\\/secure.gravatar.com\\\/avatar\\\/c8d2674e093b06894d8d1dc468b626bd752523471f3ac6e75f7c7a1400d40b4d?s=96&d=mm&r=g\",\"url\":\"https:\\\/\\\/secure.gravatar.com\\\/avatar\\\/c8d2674e093b06894d8d1dc468b626bd752523471f3ac6e75f7c7a1400d40b4d?s=96&d=mm&r=g\",\"contentUrl\":\"https:\\\/\\\/secure.gravatar.com\\\/avatar\\\/c8d2674e093b06894d8d1dc468b626bd752523471f3ac6e75f7c7a1400d40b4d?s=96&d=mm&r=g\",\"caption\":\"Cyrielle Poirot\"},\"description\":\"Cyrielle est passionn\u00e9e par la d\u00e9coration d'int\u00e9rieur et s'est sp\u00e9cialis\u00e9e depuis quelques ann\u00e9es dans l'\u00e9dition du site Mobilier-Design, avec une touche sp\u00e9cifique pour les produits d'occasion.\",\"sameAs\":[\"https:\\\/\\\/www.mobilier-design-occasion.fr\\\/magazine\"],\"url\":\"https:\\\/\\\/www.mobilier-design-occasion.fr\\\/magazine\\\/author\\\/cyrielle\\\/\"}]}<\/script>\n<!-- \/ Yoast SEO plugin. -->","yoast_head_json":{"title":"Test & avis sur made in meuble.com - Mobilier Design Magazine","robots":{"index":"index","follow":"follow","max-snippet":"max-snippet:-1","max-image-preview":"max-image-preview:large","max-video-preview":"max-video-preview:-1"},"canonical":"https:\/\/www.mobilier-design-occasion.fr\/magazine\/test-avis-sur-made-in-meuble-com\/","og_locale":"fr_FR","og_type":"article","og_title":"Test & avis sur made in meuble.com - Mobilier Design Magazine","og_description":"Qui est made in meubles.com? Madeinmeubles.com est un site de vente de mobilier et luminaires en ligne. Sp\u00e9cialis\u00e9 dans les meubles en bois, de style scandinave, traditionnel, industriel ou encore Boh\u00e8me. Madeinmeubles.com souhaite toucher un maximum de clients gr\u00e2ce \u00e0 sa collection diversifi\u00e9e. La plateforme vous propose des meubles tr\u00e8s originaux \u00e0 des prix tr\u00e8s [&hellip;]","og_url":"https:\/\/www.mobilier-design-occasion.fr\/magazine\/test-avis-sur-made-in-meuble-com\/","og_site_name":"Mobilier Design Magazine","article_publisher":"https:\/\/www.facebook.com\/mobilierdesignoccasion","article_published_time":"2021-10-12T15:54:44+00:00","article_modified_time":"2021-12-15T16:04:23+00:00","og_image":[{"width":542,"height":358,"url":"https:\/\/www.mobilier-design-occasion.fr\/magazine\/wp-content\/uploads\/2021\/10\/mad.jpg","type":"image\/jpeg"}],"author":"Cyrielle Poirot","twitter_card":"summary_large_image","twitter_misc":{"\u00c9crit par":"Cyrielle Poirot","Dur\u00e9e de lecture estim\u00e9e":"6 minutes"},"schema":{"@context":"https:\/\/schema.org","@graph":[{"@type":"Article","@id":"https:\/\/www.mobilier-design-occasion.fr\/magazine\/test-avis-sur-made-in-meuble-com\/#article","isPartOf":{"@id":"https:\/\/www.mobilier-design-occasion.fr\/magazine\/test-avis-sur-made-in-meuble-com\/"},"author":{"name":"Cyrielle Poirot","@id":"https:\/\/www.mobilier-design-occasion.fr\/magazine\/#\/schema\/person\/5b2e5627a714ddadaaf8c9b886c55eff"},"headline":"Test &#038; avis sur made in meuble.com","datePublished":"2021-10-12T15:54:44+00:00","dateModified":"2021-12-15T16:04:23+00:00","mainEntityOfPage":{"@id":"https:\/\/www.mobilier-design-occasion.fr\/magazine\/test-avis-sur-made-in-meuble-com\/"},"wordCount":1190,"commentCount":2,"publisher":{"@id":"https:\/\/www.mobilier-design-occasion.fr\/magazine\/#organization"},"image":{"@id":"https:\/\/www.mobilier-design-occasion.fr\/magazine\/test-avis-sur-made-in-meuble-com\/#primaryimage"},"thumbnailUrl":"https:\/\/www.mobilier-design-occasion.fr\/magazine\/wp-content\/uploads\/2021\/10\/mad.jpg","articleSection":["Avis marques d\u00e9co"],"inLanguage":"fr-FR","potentialAction":[{"@type":"CommentAction","name":"Comment","target":["https:\/\/www.mobilier-design-occasion.fr\/magazine\/test-avis-sur-made-in-meuble-com\/#respond"]}]},{"@type":"WebPage","@id":"https:\/\/www.mobilier-design-occasion.fr\/magazine\/test-avis-sur-made-in-meuble-com\/","url":"https:\/\/www.mobilier-design-occasion.fr\/magazine\/test-avis-sur-made-in-meuble-com\/","name":"Test & avis sur made in meuble.com - Mobilier Design Magazine","isPartOf":{"@id":"https:\/\/www.mobilier-design-occasion.fr\/magazine\/#website"},"primaryImageOfPage":{"@id":"https:\/\/www.mobilier-design-occasion.fr\/magazine\/test-avis-sur-made-in-meuble-com\/#primaryimage"},"image":{"@id":"https:\/\/www.mobilier-design-occasion.fr\/magazine\/test-avis-sur-made-in-meuble-com\/#primaryimage"},"thumbnailUrl":"https:\/\/www.mobilier-design-occasion.fr\/magazine\/wp-content\/uploads\/2021\/10\/mad.jpg","datePublished":"2021-10-12T15:54:44+00:00","dateModified":"2021-12-15T16:04:23+00:00","breadcrumb":{"@id":"https:\/\/www.mobilier-design-occasion.fr\/magazine\/test-avis-sur-made-in-meuble-com\/#breadcrumb"},"inLanguage":"fr-FR","potentialAction":[{"@type":"ReadAction","target":["https:\/\/www.mobilier-design-occasion.fr\/magazine\/test-avis-sur-made-in-meuble-com\/"]}]},{"@type":"ImageObject","inLanguage":"fr-FR","@id":"https:\/\/www.mobilier-design-occasion.fr\/magazine\/test-avis-sur-made-in-meuble-com\/#primaryimage","url":"https:\/\/www.mobilier-design-occasion.fr\/magazine\/wp-content\/uploads\/2021\/10\/mad.jpg","contentUrl":"https:\/\/www.mobilier-design-occasion.fr\/magazine\/wp-content\/uploads\/2021\/10\/mad.jpg","width":542,"height":358},{"@type":"BreadcrumbList","@id":"https:\/\/www.mobilier-design-occasion.fr\/magazine\/test-avis-sur-made-in-meuble-com\/#breadcrumb","itemListElement":[{"@type":"ListItem","position":1,"name":"Accueil","item":"https:\/\/www.mobilier-design-occasion.fr\/magazine\/"},{"@type":"ListItem","position":2,"name":"Test &#038; avis sur made in meuble.com"}]},{"@type":"WebSite","@id":"https:\/\/www.mobilier-design-occasion.fr\/magazine\/#website","url":"https:\/\/www.mobilier-design-occasion.fr\/magazine\/","name":"Mobilier Design Magazine","description":"","publisher":{"@id":"https:\/\/www.mobilier-design-occasion.fr\/magazine\/#organization"},"potentialAction":[{"@type":"SearchAction","target":{"@type":"EntryPoint","urlTemplate":"https:\/\/www.mobilier-design-occasion.fr\/magazine\/?s={search_term_string}"},"query-input":{"@type":"PropertyValueSpecification","valueRequired":true,"valueName":"search_term_string"}}],"inLanguage":"fr-FR"},{"@type":"Organization","@id":"https:\/\/www.mobilier-design-occasion.fr\/magazine\/#organization","name":"Mobilier Design Magazine","url":"https:\/\/www.mobilier-design-occasion.fr\/magazine\/","logo":{"@type":"ImageObject","inLanguage":"fr-FR","@id":"https:\/\/www.mobilier-design-occasion.fr\/magazine\/#\/schema\/logo\/image\/","url":"https:\/\/www.mobilier-design-occasion.fr\/magazine\/wp-content\/uploads\/2024\/02\/android-chrome-192x192-1.png","contentUrl":"https:\/\/www.mobilier-design-occasion.fr\/magazine\/wp-content\/uploads\/2024\/02\/android-chrome-192x192-1.png","width":192,"height":192,"caption":"Mobilier Design Magazine"},"image":{"@id":"https:\/\/www.mobilier-design-occasion.fr\/magazine\/#\/schema\/logo\/image\/"},"sameAs":["https:\/\/www.facebook.com\/mobilierdesignoccasion"]},{"@type":"Person","@id":"https:\/\/www.mobilier-design-occasion.fr\/magazine\/#\/schema\/person\/5b2e5627a714ddadaaf8c9b886c55eff","name":"Cyrielle Poirot","image":{"@type":"ImageObject","inLanguage":"fr-FR","@id":"https:\/\/secure.gravatar.com\/avatar\/c8d2674e093b06894d8d1dc468b626bd752523471f3ac6e75f7c7a1400d40b4d?s=96&d=mm&r=g","url":"https:\/\/secure.gravatar.com\/avatar\/c8d2674e093b06894d8d1dc468b626bd752523471f3ac6e75f7c7a1400d40b4d?s=96&d=mm&r=g","contentUrl":"https:\/\/secure.gravatar.com\/avatar\/c8d2674e093b06894d8d1dc468b626bd752523471f3ac6e75f7c7a1400d40b4d?s=96&d=mm&r=g","caption":"Cyrielle Poirot"},"description":"Cyrielle est passionn\u00e9e par la d\u00e9coration d'int\u00e9rieur et s'est sp\u00e9cialis\u00e9e depuis quelques ann\u00e9es dans l'\u00e9dition du site Mobilier-Design, avec une touche sp\u00e9cifique pour les produits d'occasion.","sameAs":["https:\/\/www.mobilier-design-occasion.fr\/magazine"],"url":"https:\/\/www.mobilier-design-occasion.fr\/magazine\/author\/cyrielle\/"}]}},"_links":{"self":[{"href":"https:\/\/www.mobilier-design-occasion.fr\/magazine\/wp-json\/wp\/v2\/posts\/2186","targetHints":{"allow":["GET"]}}],"collection":[{"href":"https:\/\/www.mobilier-design-occasion.fr\/magazine\/wp-json\/wp\/v2\/posts"}],"about":[{"href":"https:\/\/www.mobilier-design-occasion.fr\/magazine\/wp-json\/wp\/v2\/types\/post"}],"author":[{"embeddable":true,"href":"https:\/\/www.mobilier-design-occasion.fr\/magazine\/wp-json\/wp\/v2\/users\/1"}],"replies":[{"embeddable":true,"href":"https:\/\/www.mobilier-design-occasion.fr\/magazine\/wp-json\/wp\/v2\/comments?post=2186"}],"version-history":[{"count":4,"href":"https:\/\/www.mobilier-design-occasion.fr\/magazine\/wp-json\/wp\/v2\/posts\/2186\/revisions"}],"predecessor-version":[{"id":3409,"href":"https:\/\/www.mobilier-design-occasion.fr\/magazine\/wp-json\/wp\/v2\/posts\/2186\/revisions\/3409"}],"wp:featuredmedia":[{"embeddable":true,"href":"https:\/\/www.mobilier-design-occasion.fr\/magazine\/wp-json\/wp\/v2\/media\/2226"}],"wp:attachment":[{"href":"https:\/\/www.mobilier-design-occasion.fr\/magazine\/wp-json\/wp\/v2\/media?parent=2186"}],"wp:term":[{"taxonomy":"category","embeddable":true,"href":"https:\/\/www.mobilier-design-occasion.fr\/magazine\/wp-json\/wp\/v2\/categories?post=2186"},{"taxonomy":"post_tag","embeddable":true,"href":"https:\/\/www.mobilier-design-occasion.fr\/magazine\/wp-json\/wp\/v2\/tags?post=2186"}],"curies":[{"name":"wp","href":"https:\/\/api.w.org\/{rel}","templated":true}]}}