{"id":215,"date":"2021-02-03T15:12:08","date_gmt":"2021-02-03T15:12:08","guid":{"rendered":"https:\/\/www.mobilier-design-occasion.fr\/magazine\/?p=215"},"modified":"2023-09-25T13:39:50","modified_gmt":"2023-09-25T13:39:50","slug":"la-nouvelle-generation-de-designers-ces-petits-francais-qui-montent","status":"publish","type":"post","link":"https:\/\/www.mobilier-design-occasion.fr\/magazine\/la-nouvelle-generation-de-designers-ces-petits-francais-qui-montent\/","title":{"rendered":"La nouvelle g\u00e9n\u00e9ration de designers: ces petits fran\u00e7ais qui montent"},"content":{"rendered":"\n<p>Des liens de plus en plus \u00e9troits avec le monde de l&#8217;artisanat et un int\u00e9r\u00eat pour la responsabilit\u00e9 sociale des projets, la nouvelle g\u00e9n\u00e9ration de designers est en route pour r\u00e9volutionner le <a href=\"https:\/\/www.mobilier-design-occasion.fr\/magazine\/table-tulipe-knoll-indemodable-du-design\/\">design<\/a> de demain. Voici 5 noms de <strong>designers fran\u00e7ais \u00e9mergents<\/strong>.<\/p>\n\n\n\n<p><\/p>\n\n\n\n<p><\/p>\n\n\n\n<p>Outre le fait que quatre d&#8217;entre eux sont dipl\u00f4m\u00e9s de l&#8217;ENSCI-Les Ateliers \u00e0 Paris, ils ont en commun au moins deux tendances contemporaines : la premi\u00e8re est un lien de plus en plus \u00e9troit avec le monde de l&#8217;artisanat: pi\u00e8ces en s\u00e9rie limit\u00e9e et production non industrielle. La seconde, un int\u00e9r\u00eat croissant pour la responsabilit\u00e9 sociale des projets, qui doivent r\u00e9soudre des probl\u00e8mes majeurs notamment par la recherche de nouveaux mod\u00e8les d&#8217;utilisation. <\/p>\n\n\n\n<p><\/p>\n\n\n\n<h2 class=\"wp-block-heading\"><span class=\"ez-toc-section\" id=\"Julie_Richoz\"><\/span>Julie Richoz<span class=\"ez-toc-section-end\"><\/span><\/h2><div id=\"ez-toc-container\" class=\"ez-toc-v2_0_82_2 counter-hierarchy ez-toc-counter ez-toc-grey ez-toc-container-direction\">\n<div class=\"ez-toc-title-container\">\n<span class=\"ez-toc-title-toggle\"><a href=\"#\" class=\"ez-toc-pull-right ez-toc-btn ez-toc-btn-xs ez-toc-btn-default ez-toc-toggle\" aria-label=\"Toggle Table of Content\"><span class=\"ez-toc-js-icon-con\"><span class=\"\"><span class=\"eztoc-hide\" style=\"display:none;\">Toggle<\/span><span class=\"ez-toc-icon-toggle-span\"><svg style=\"fill: #999;color:#999\" xmlns=\"http:\/\/www.w3.org\/2000\/svg\" class=\"list-377408\" width=\"20px\" height=\"20px\" viewBox=\"0 0 24 24\" fill=\"none\"><path d=\"M6 6H4v2h2V6zm14 0H8v2h12V6zM4 11h2v2H4v-2zm16 0H8v2h12v-2zM4 16h2v2H4v-2zm16 0H8v2h12v-2z\" fill=\"currentColor\"><\/path><\/svg><svg style=\"fill: #999;color:#999\" class=\"arrow-unsorted-368013\" xmlns=\"http:\/\/www.w3.org\/2000\/svg\" width=\"10px\" height=\"10px\" viewBox=\"0 0 24 24\" version=\"1.2\" baseProfile=\"tiny\"><path d=\"M18.2 9.3l-6.2-6.3-6.2 6.3c-.2.2-.3.4-.3.7s.1.5.3.7c.2.2.4.3.7.3h11c.3 0 .5-.1.7-.3.2-.2.3-.5.3-.7s-.1-.5-.3-.7zM5.8 14.7l6.2 6.3 6.2-6.3c.2-.2.3-.5.3-.7s-.1-.5-.3-.7c-.2-.2-.4-.3-.7-.3h-11c-.3 0-.5.1-.7.3-.2.2-.3.5-.3.7s.1.5.3.7z\"\/><\/svg><\/span><\/span><\/span><\/a><\/span><\/div>\n<nav><ul class='ez-toc-list ez-toc-list-level-1 eztoc-toggle-hide-by-default' ><li class='ez-toc-page-1 ez-toc-heading-level-2'><a class=\"ez-toc-link ez-toc-heading-1\" href=\"https:\/\/www.mobilier-design-occasion.fr\/magazine\/la-nouvelle-generation-de-designers-ces-petits-francais-qui-montent\/#Julie_Richoz\" >Julie Richoz<\/a><\/li><li class='ez-toc-page-1 ez-toc-heading-level-2'><a class=\"ez-toc-link ez-toc-heading-2\" href=\"https:\/\/www.mobilier-design-occasion.fr\/magazine\/la-nouvelle-generation-de-designers-ces-petits-francais-qui-montent\/#Laureline_Galliot\" >Laureline Galliot<\/a><\/li><li class='ez-toc-page-1 ez-toc-heading-level-2'><a class=\"ez-toc-link ez-toc-heading-3\" href=\"https:\/\/www.mobilier-design-occasion.fr\/magazine\/la-nouvelle-generation-de-designers-ces-petits-francais-qui-montent\/#Mathieu_Peyroulet_Ghilini\" >Mathieu Peyroulet Ghilini<\/a><\/li><li class='ez-toc-page-1 ez-toc-heading-level-2'><a class=\"ez-toc-link ez-toc-heading-4\" href=\"https:\/\/www.mobilier-design-occasion.fr\/magazine\/la-nouvelle-generation-de-designers-ces-petits-francais-qui-montent\/#Natacha_Sacha\" >Natacha &amp; Sacha<\/a><\/li><li class='ez-toc-page-1 ez-toc-heading-level-2'><a class=\"ez-toc-link ez-toc-heading-5\" href=\"https:\/\/www.mobilier-design-occasion.fr\/magazine\/la-nouvelle-generation-de-designers-ces-petits-francais-qui-montent\/#Wendy_Andreu\" >Wendy Andreu<\/a><\/li><li class='ez-toc-page-1 ez-toc-heading-level-2'><a class=\"ez-toc-link ez-toc-heading-6\" href=\"https:\/\/www.mobilier-design-occasion.fr\/magazine\/la-nouvelle-generation-de-designers-ces-petits-francais-qui-montent\/#Adrien_Garcia\" >Adrien Garcia<\/a><\/li><\/ul><\/nav><\/div>\n\n\n\n\n<p><\/p>\n\n\n\n<p><\/p>\n\n\n\n<p>La Franco-suisse <strong>Julie Richoz<\/strong> est la plus \u00e9tablie du groupe : depuis 2013, elle a fond\u00e9 un studio \u00e0 Paris, collabore avec de <strong>prestigieuses galeries anglaises et fran\u00e7aises<\/strong>, signe des projets avec des soci\u00e9t\u00e9s telles que Tectona (<a href=\"https:\/\/www.mobilier-design-occasion.fr\/magazine\/test-avis-sur-la-redoute-interieurs-am-pm\/\">mobilier<\/a> d&#8217;<a href=\"https:\/\/www.mobilier-design-occasion.fr\/magazine\/fermob-occasion\/\">ext\u00e9rieur<\/a>), <a href=\"https:\/\/www.mobilier-design-occasion.fr\/editeur\/alessi.html\">Alessi<\/a> (un organisateur de bureau Fierzo) et Louis Poulsen (le plafonnier Cit\u00e9, compos\u00e9 de six panneaux courbes). <\/p>\n\n\n\n<p>Elle aime les lignes courbes, le verre color\u00e9, comme dans ses vases Oreilles : &#8220;une des plus belles choses du verre est la fa\u00e7on dont la lumi\u00e8re passe \u00e0 travers la mati\u00e8re&#8221;. Mais depuis peu, elle explore le monde du <a href=\"https:\/\/www.mobilier-design-occasion.fr\/magazine\/test-avis-essix-home\/\">textile<\/a> avec <strong>le <a href=\"https:\/\/www.mobilier-design-occasion.fr\/magazine\/pourquoi-adopter-un-tapis-en-jute-dans-son-salon\/\">tapis<\/a> Binaire<\/strong> en raphia \u00e0 motifs irr\u00e9guliers con\u00e7u pour la Manufacture Cogolin. Didier Krzentowski a d\u00e9clar\u00e9 \u00e0 son sujet : &#8220;Son travail est po\u00e9tique et d\u00e9licat, mais fonctionnel. Elle sait comment combiner diff\u00e9rentes visions et utiliser de multiples r\u00e9f\u00e9rences, tout en cr\u00e9ant quelque chose de nouveau&#8221;.<\/p>\n\n\n\n<p><\/p>\n\n\n\n<h2 class=\"wp-block-heading\"><span class=\"ez-toc-section\" id=\"Laureline_Galliot\"><\/span>Laureline Galliot<span class=\"ez-toc-section-end\"><\/span><\/h2>\n\n\n\n<p><\/p>\n\n\n\n<p><strong>Laureline Galliot<\/strong> se d\u00e9crit comme une &#8220;designer et peintre&#8221; : elle peint avec ses doigts sur un iPad (comme le fait David Hockney depuis quelque temps) et porte un masque de r\u00e9alit\u00e9 virtuelle combin\u00e9 \u00e0 un logiciel d&#8217;animation de dessins anim\u00e9s. Egalement form\u00e9e \u00e0 l&#8217;ENSCI- Les Ateliers \u00e0 Paris, elle se dit inspir\u00e9e par les fauves et les expressionnistes allemands. <\/p>\n\n\n\n<figure class=\"wp-block-pullquote\"><blockquote><p>&#8220;Je veux renverser le paradigme qui veut que la couleur ne soit que la touche finale. Je le travaille exactement comme si c&#8217;\u00e9tait un mat\u00e9riau&#8221;. <\/p><cite>Laureline Galliot<\/cite><\/blockquote><\/figure>\n\n\n\n<p><\/p>\n\n\n\n<p>Une d\u00e9claration qui rappelle les post-impressionnistes : cela et bien plus encore se passe avec les designers fran\u00e7ais. Parmi ses \u0153uvres, la <strong>collection de c\u00e9ramiques multicolores Contour et masse<\/strong> et le <strong>tapis int\u00e9gral Tufty de Nodus<\/strong>. Quatre de ses pi\u00e8ces font partie de la collection nationale fran\u00e7aise de design au Centre National des Arts Plastiques \u00e0 Paris. Vous pouvez trouver une vid\u00e9o \u00e0 son sujet sur Youtube. Elle peint en improvisant, mais comme dans une chor\u00e9graphie car elle est aussi danseuse.<\/p>\n\n\n\n<p><\/p>\n\n\n\n<h2 class=\"wp-block-heading\"><span class=\"ez-toc-section\" id=\"Mathieu_Peyroulet_Ghilini\"><\/span>Mathieu Peyroulet Ghilini<span class=\"ez-toc-section-end\"><\/span><\/h2>\n\n\n\n<p><\/p>\n\n\n\n<p>Avec une s\u00e9rie de quatre chevalets intitul\u00e9e Sophistication, <strong>Mathieu Peyroulet Ghilini <\/strong>a remport\u00e9 le Grand Prix du design \u00e0 la Villa Noailles en 2013, mais est \u00e9galement expos\u00e9 au <strong>Centre Pompidou \u00e0 Paris<\/strong> et \u00e0 l&#8217;Institut fran\u00e7ais de Cologne. Peyroulet Ghilini privil\u00e9gie le dessin et la recherche de la forme. Des formes g\u00e9om\u00e9triques \u00e9l\u00e9mentaires et une esth\u00e9tique inclassable. <\/p>\n\n\n\n<p>Son projet <strong>Elephant Mirror<\/strong>, un miroir orn\u00e9 d&#8217;un tube lumineux cr\u00e9\u00e9 pour la prestigieuse Galerie Kreo, et le plus c\u00e9l\u00e8bre Mur de S\u00e8vres, d\u00e9crit comme &#8220;une sorte de mur suspendu impalpable construit avec de la corde et de la porcelaine entrelac\u00e9es, inspir\u00e9 du syst\u00e8me de d\u00e9corations murales crois\u00e9es que la m\u00e9c\u00e8ne Marie-Laure de Noailles utilisait pour exposer des \u0153uvres d&#8217;art dans son h\u00f4tel particulier parisien&#8221;.<\/p>\n\n\n\n<p><\/p>\n\n\n\n<p><\/p>\n\n\n\n<h2 class=\"wp-block-heading\"><span class=\"ez-toc-section\" id=\"Natacha_Sacha\"><\/span>Natacha &amp; Sacha<span class=\"ez-toc-section-end\"><\/span><\/h2>\n\n\n\n<p><\/p>\n\n\n\n<p><\/p>\n\n\n\n<p>Natacha &amp; Sacha sont un couple de designers ayant un studio \u00e0 Paris depuis 2017. Il s&#8217;agit de Natacha Poutoux et de son partenaire Sacha Hourcade : ils aiment interpr\u00e9ter les produits \u00e9lectroniques domestiques d&#8217;une mani\u00e8re nouvelle, en \u00e9vitant le plastique et en se distan\u00e7ant de l&#8217;imagination strictement technique. <\/p>\n\n\n\n<p>Ils ont donc cr\u00e9\u00e9 un <strong>humidificateur d&#8217;air<\/strong> partiellement en verre qui ressemble \u00e0 un vase, et un disque dur portable en <a href=\"https:\/\/www.mobilier-design-occasion.fr\/magazine\/avis-calm-for-dreamers\/\">c\u00e9ramique<\/a> dont la forme facilite la ventilation naturelle, ce qui permet de se passer de ventilateur. Tous deux ont \u00e9tudi\u00e9 \u00e0 l&#8217;ENSCI-Les Ateliers \u00e0 Paris. Apr\u00e8s avoir travaill\u00e9 sur des projets de mat\u00e9riel informatique avec Computer Variations, ils sont maintenant \u00e0 la recherche <strong>d&#8217;id\u00e9es \u00e9cologiques pour le chauffage<\/strong>. Parmi les solutions, on trouve le tissu thermique Parterre, tiss\u00e9 avec des filaments qui peuvent transmettre la chaleur : il peut \u00eatre utilis\u00e9 pour transmettre la bonne chaleur directement au corps au lieu de chauffer toute la pi\u00e8ce. &#8220;La consommation d&#8217;\u00e9lectricit\u00e9 estim\u00e9e est jusqu&#8217;\u00e0 16 fois inf\u00e9rieure \u00e0 celle du chauffage traditionnel&#8221;.<\/p>\n\n\n\n<p><\/p>\n\n\n\n<h2 class=\"wp-block-heading\"><span class=\"ez-toc-section\" id=\"Wendy_Andreu\"><\/span>Wendy Andreu<span class=\"ez-toc-section-end\"><\/span><\/h2>\n\n\n\n<p><\/p>\n\n\n\n<p><\/p>\n\n\n\n<figure class=\"wp-block-image size-large\"><img loading=\"lazy\" decoding=\"async\" width=\"710\" height=\"750\" src=\"https:\/\/www.mobilier-design-occasion.fr\/magazine\/wp-content\/uploads\/2021\/02\/WendyAndreu.jpg\" alt=\"\" class=\"wp-image-218\" srcset=\"https:\/\/www.mobilier-design-occasion.fr\/magazine\/wp-content\/uploads\/2021\/02\/WendyAndreu.jpg 710w, https:\/\/www.mobilier-design-occasion.fr\/magazine\/wp-content\/uploads\/2021\/02\/WendyAndreu-284x300.jpg 284w\" sizes=\"auto, (max-width: 710px) 100vw, 710px\" \/><figcaption>Wendy Andreu \u00e0 Maison &amp; Objet en 2020<\/figcaption><\/figure>\n\n\n\n<p>N\u00e9e en 1990 en Provence, la designer Wendy Andreu se dit <strong>&#8220;fascin\u00e9e par le poids, la texture et l&#8217;odeur des choses&#8221;<\/strong>. Elle a \u00e9tudi\u00e9 l&#8217;artisanat, se sp\u00e9cialisant dans le travail des m\u00e9taux \u00e0 l&#8217;Ecole Boulle de Paris, puis \u00e0 la Design Academy d&#8217;Eindhoven. C&#8217;est l\u00e0 qu&#8217;elle a commenc\u00e9 \u00e0 concevoir <strong>Regen<\/strong> (&#8220;pluie&#8221; en n\u00e9erlandais), une s\u00e9rie d&#8217;objets r\u00e9alis\u00e9s avec un tissu imperm\u00e9able innovant compos\u00e9 de fibres de coton et de latex, travaill\u00e9 sur des moules en <a href=\"https:\/\/www.mobilier-design-occasion.fr\/magazine\/test-avis-sur-ripaton\/\">acier<\/a> d\u00e9coup\u00e9s au laser et personnalis\u00e9s. Ce tissu lui a valu le Dorothy Waxman Textile Design Award lors du Mois du Textile \u00e0 New York en 2017. Elle l&#8217;a ensuite utilis\u00e9 pour une s\u00e9rie de sacs, chapeaux et imperm\u00e9ables faits main (souvent \u00e9puis\u00e9s sur son site web), et plus r\u00e9cemment pour de grands si\u00e8ges compos\u00e9s de coussins, dont la fabrication prend plus de 300 heures. Elle compte parmi ses clients le cr\u00e9ateur de mode <strong>Rick Owens<\/strong> et le <strong>studio de design londonien Toogood<\/strong>. Elle est repr\u00e9sent\u00e9e par la prestigieuse galerie milanaise <strong>Nilufar<\/strong>. Ses autres projets comprennent des tabourets \u00e0 huit pieds en acier patin\u00e9, ainsi qu&#8217;une s\u00e9rie de biblioth\u00e8ques en aluminium cr\u00e9\u00e9es en collaboration avec Bram Vanderbeke.<\/p>\n\n\n\n<p><\/p>\n\n\n\n<h2 class=\"wp-block-heading\"><span class=\"ez-toc-section\" id=\"Adrien_Garcia\"><\/span>Adrien Garcia<span class=\"ez-toc-section-end\"><\/span><\/h2>\n\n\n\n<p><\/p>\n\n\n\n<p>&#8220;J&#8217;ai besoin de ses espaces vides et d\u00e9cadents pour imaginer de nouvelles cr\u00e9ations&#8221;, explique le designer <strong>Adrien Garcia<\/strong>, qui partage son temps entre Paris et un grand h\u00f4tel particulier du XVIIe si\u00e8cle pr\u00e8s de Nantes. Pierre Yovanovitch dit de lui qu&#8217;il est un r\u00eaveur : &#8220;Adrien aime imaginer de nouvelles solutions, des objets multifonctionnels et il veut innover. En m\u00eame temps, il recherche des lignes rigoureuses et des formes simples&#8221;.<\/p>\n\n\n\n<p>N\u00e9 en 1990, Garcia a \u00e9t\u00e9 form\u00e9 \u00e0 l&#8217;ENSCI-Les Ateliers \u00e0 Paris et \u00e0 l&#8217;Universit\u00e9 de Berlin, puis a travaill\u00e9 pendant quelques ann\u00e9es dans une entreprise fran\u00e7aise sp\u00e9cialis\u00e9e dans les projets de bien-\u00eatre et de spa. Parmi ses \u0153uvres les plus connues figure <strong>un banc en ch\u00eane<\/strong> inspir\u00e9 d&#8217;un mod\u00e8le du XVe si\u00e8cle trouv\u00e9 dans la chapelle du palais. Il a r\u00e9alis\u00e9 la plupart de ses autres cr\u00e9ations de meubles \u00e0 partir de ch\u00eanes tomb\u00e9s sur sa propri\u00e9t\u00e9. Son style a \u00e9t\u00e9 d\u00e9crit comme &#8220;plut\u00f4t aust\u00e8re, presque sculptural&#8221;, attentif \u00e0 l&#8217;\u00e9quilibre des proportions et aux mat\u00e9riaux nobles tels que le <a href=\"https:\/\/www.mobilier-design-occasion.fr\/magazine\/avis-mathy-by-bols\/\">bois<\/a> et l&#8217;acier. Son but : produire des <strong>objets durables<\/strong>, en collaboration avec des artisans fran\u00e7ais.<\/p>\n\n\n\n<p><\/p>\n","protected":false},"excerpt":{"rendered":"<p>Des liens de plus en plus \u00e9troits avec le monde de l&#8217;artisanat et un int\u00e9r\u00eat pour la responsabilit\u00e9 sociale des projets, la nouvelle g\u00e9n\u00e9ration de designers est en route pour r\u00e9volutionner le design de demain. Voici 5 noms de designers fran\u00e7ais \u00e9mergents. Outre le fait que quatre d&#8217;entre eux sont dipl\u00f4m\u00e9s de l&#8217;ENSCI-Les Ateliers \u00e0 [&hellip;]<\/p>\n","protected":false},"author":1,"featured_media":216,"comment_status":"open","ping_status":"open","sticky":false,"template":"","format":"standard","meta":{"footnotes":""},"categories":[2],"tags":[],"class_list":["post-215","post","type-post","status-publish","format-standard","has-post-thumbnail","hentry","category-tendances"],"yoast_head":"<!-- This site is optimized with the Yoast SEO plugin v27.5 - https:\/\/yoast.com\/product\/yoast-seo-wordpress\/ -->\n<title>La nouvelle g\u00e9n\u00e9ration de designers: ces petits fran\u00e7ais qui montent - Mobilier Design Magazine<\/title>\n<meta name=\"robots\" content=\"index, follow, max-snippet:-1, max-image-preview:large, max-video-preview:-1\" \/>\n<link rel=\"canonical\" href=\"https:\/\/www.mobilier-design-occasion.fr\/magazine\/la-nouvelle-generation-de-designers-ces-petits-francais-qui-montent\/\" \/>\n<meta property=\"og:locale\" content=\"fr_FR\" \/>\n<meta property=\"og:type\" content=\"article\" \/>\n<meta property=\"og:title\" content=\"La nouvelle g\u00e9n\u00e9ration de designers: ces petits fran\u00e7ais qui montent - Mobilier Design Magazine\" \/>\n<meta property=\"og:description\" content=\"Des liens de plus en plus \u00e9troits avec le monde de l&#8217;artisanat et un int\u00e9r\u00eat pour la responsabilit\u00e9 sociale des projets, la nouvelle g\u00e9n\u00e9ration de designers est en route pour r\u00e9volutionner le design de demain. Voici 5 noms de designers fran\u00e7ais \u00e9mergents. Outre le fait que quatre d&#8217;entre eux sont dipl\u00f4m\u00e9s de l&#8217;ENSCI-Les Ateliers \u00e0 [&hellip;]\" \/>\n<meta property=\"og:url\" content=\"https:\/\/www.mobilier-design-occasion.fr\/magazine\/la-nouvelle-generation-de-designers-ces-petits-francais-qui-montent\/\" \/>\n<meta property=\"og:site_name\" content=\"Mobilier Design Magazine\" \/>\n<meta property=\"article:publisher\" content=\"https:\/\/www.facebook.com\/mobilierdesignoccasion\" \/>\n<meta property=\"article:published_time\" content=\"2021-02-03T15:12:08+00:00\" \/>\n<meta property=\"article:modified_time\" content=\"2023-09-25T13:39:50+00:00\" \/>\n<meta property=\"og:image\" content=\"https:\/\/www.mobilier-design-occasion.fr\/magazine\/wp-content\/uploads\/2021\/02\/NatachaSacha-e1612365105426.jpg\" \/>\n\t<meta property=\"og:image:width\" content=\"700\" \/>\n\t<meta property=\"og:image:height\" content=\"444\" \/>\n\t<meta property=\"og:image:type\" content=\"image\/jpeg\" \/>\n<meta name=\"author\" content=\"Cyrielle Poirot\" \/>\n<meta name=\"twitter:card\" content=\"summary_large_image\" \/>\n<meta name=\"twitter:label1\" content=\"\u00c9crit par\" \/>\n\t<meta name=\"twitter:data1\" content=\"Cyrielle Poirot\" \/>\n\t<meta name=\"twitter:label2\" content=\"Dur\u00e9e de lecture estim\u00e9e\" \/>\n\t<meta name=\"twitter:data2\" content=\"6 minutes\" \/>\n<script type=\"application\/ld+json\" class=\"yoast-schema-graph\">{\"@context\":\"https:\\\/\\\/schema.org\",\"@graph\":[{\"@type\":\"Article\",\"@id\":\"https:\\\/\\\/www.mobilier-design-occasion.fr\\\/magazine\\\/la-nouvelle-generation-de-designers-ces-petits-francais-qui-montent\\\/#article\",\"isPartOf\":{\"@id\":\"https:\\\/\\\/www.mobilier-design-occasion.fr\\\/magazine\\\/la-nouvelle-generation-de-designers-ces-petits-francais-qui-montent\\\/\"},\"author\":{\"name\":\"Cyrielle Poirot\",\"@id\":\"https:\\\/\\\/www.mobilier-design-occasion.fr\\\/magazine\\\/#\\\/schema\\\/person\\\/5b2e5627a714ddadaaf8c9b886c55eff\"},\"headline\":\"La nouvelle g\u00e9n\u00e9ration de designers: ces petits fran\u00e7ais qui montent\",\"datePublished\":\"2021-02-03T15:12:08+00:00\",\"dateModified\":\"2023-09-25T13:39:50+00:00\",\"mainEntityOfPage\":{\"@id\":\"https:\\\/\\\/www.mobilier-design-occasion.fr\\\/magazine\\\/la-nouvelle-generation-de-designers-ces-petits-francais-qui-montent\\\/\"},\"wordCount\":1244,\"commentCount\":0,\"publisher\":{\"@id\":\"https:\\\/\\\/www.mobilier-design-occasion.fr\\\/magazine\\\/#organization\"},\"image\":{\"@id\":\"https:\\\/\\\/www.mobilier-design-occasion.fr\\\/magazine\\\/la-nouvelle-generation-de-designers-ces-petits-francais-qui-montent\\\/#primaryimage\"},\"thumbnailUrl\":\"https:\\\/\\\/www.mobilier-design-occasion.fr\\\/magazine\\\/wp-content\\\/uploads\\\/2021\\\/02\\\/NatachaSacha-e1612365105426.jpg\",\"articleSection\":[\"Tendances\"],\"inLanguage\":\"fr-FR\",\"potentialAction\":[{\"@type\":\"CommentAction\",\"name\":\"Comment\",\"target\":[\"https:\\\/\\\/www.mobilier-design-occasion.fr\\\/magazine\\\/la-nouvelle-generation-de-designers-ces-petits-francais-qui-montent\\\/#respond\"]}]},{\"@type\":\"WebPage\",\"@id\":\"https:\\\/\\\/www.mobilier-design-occasion.fr\\\/magazine\\\/la-nouvelle-generation-de-designers-ces-petits-francais-qui-montent\\\/\",\"url\":\"https:\\\/\\\/www.mobilier-design-occasion.fr\\\/magazine\\\/la-nouvelle-generation-de-designers-ces-petits-francais-qui-montent\\\/\",\"name\":\"La nouvelle g\u00e9n\u00e9ration de designers: ces petits fran\u00e7ais qui montent - Mobilier Design Magazine\",\"isPartOf\":{\"@id\":\"https:\\\/\\\/www.mobilier-design-occasion.fr\\\/magazine\\\/#website\"},\"primaryImageOfPage\":{\"@id\":\"https:\\\/\\\/www.mobilier-design-occasion.fr\\\/magazine\\\/la-nouvelle-generation-de-designers-ces-petits-francais-qui-montent\\\/#primaryimage\"},\"image\":{\"@id\":\"https:\\\/\\\/www.mobilier-design-occasion.fr\\\/magazine\\\/la-nouvelle-generation-de-designers-ces-petits-francais-qui-montent\\\/#primaryimage\"},\"thumbnailUrl\":\"https:\\\/\\\/www.mobilier-design-occasion.fr\\\/magazine\\\/wp-content\\\/uploads\\\/2021\\\/02\\\/NatachaSacha-e1612365105426.jpg\",\"datePublished\":\"2021-02-03T15:12:08+00:00\",\"dateModified\":\"2023-09-25T13:39:50+00:00\",\"breadcrumb\":{\"@id\":\"https:\\\/\\\/www.mobilier-design-occasion.fr\\\/magazine\\\/la-nouvelle-generation-de-designers-ces-petits-francais-qui-montent\\\/#breadcrumb\"},\"inLanguage\":\"fr-FR\",\"potentialAction\":[{\"@type\":\"ReadAction\",\"target\":[\"https:\\\/\\\/www.mobilier-design-occasion.fr\\\/magazine\\\/la-nouvelle-generation-de-designers-ces-petits-francais-qui-montent\\\/\"]}]},{\"@type\":\"ImageObject\",\"inLanguage\":\"fr-FR\",\"@id\":\"https:\\\/\\\/www.mobilier-design-occasion.fr\\\/magazine\\\/la-nouvelle-generation-de-designers-ces-petits-francais-qui-montent\\\/#primaryimage\",\"url\":\"https:\\\/\\\/www.mobilier-design-occasion.fr\\\/magazine\\\/wp-content\\\/uploads\\\/2021\\\/02\\\/NatachaSacha-e1612365105426.jpg\",\"contentUrl\":\"https:\\\/\\\/www.mobilier-design-occasion.fr\\\/magazine\\\/wp-content\\\/uploads\\\/2021\\\/02\\\/NatachaSacha-e1612365105426.jpg\",\"width\":700,\"height\":444,\"caption\":\"Natacha&Sacha\"},{\"@type\":\"BreadcrumbList\",\"@id\":\"https:\\\/\\\/www.mobilier-design-occasion.fr\\\/magazine\\\/la-nouvelle-generation-de-designers-ces-petits-francais-qui-montent\\\/#breadcrumb\",\"itemListElement\":[{\"@type\":\"ListItem\",\"position\":1,\"name\":\"Accueil\",\"item\":\"https:\\\/\\\/www.mobilier-design-occasion.fr\\\/magazine\\\/\"},{\"@type\":\"ListItem\",\"position\":2,\"name\":\"La nouvelle g\u00e9n\u00e9ration de designers: ces petits fran\u00e7ais qui montent\"}]},{\"@type\":\"WebSite\",\"@id\":\"https:\\\/\\\/www.mobilier-design-occasion.fr\\\/magazine\\\/#website\",\"url\":\"https:\\\/\\\/www.mobilier-design-occasion.fr\\\/magazine\\\/\",\"name\":\"Mobilier Design Magazine\",\"description\":\"\",\"publisher\":{\"@id\":\"https:\\\/\\\/www.mobilier-design-occasion.fr\\\/magazine\\\/#organization\"},\"potentialAction\":[{\"@type\":\"SearchAction\",\"target\":{\"@type\":\"EntryPoint\",\"urlTemplate\":\"https:\\\/\\\/www.mobilier-design-occasion.fr\\\/magazine\\\/?s={search_term_string}\"},\"query-input\":{\"@type\":\"PropertyValueSpecification\",\"valueRequired\":true,\"valueName\":\"search_term_string\"}}],\"inLanguage\":\"fr-FR\"},{\"@type\":\"Organization\",\"@id\":\"https:\\\/\\\/www.mobilier-design-occasion.fr\\\/magazine\\\/#organization\",\"name\":\"Mobilier Design Magazine\",\"url\":\"https:\\\/\\\/www.mobilier-design-occasion.fr\\\/magazine\\\/\",\"logo\":{\"@type\":\"ImageObject\",\"inLanguage\":\"fr-FR\",\"@id\":\"https:\\\/\\\/www.mobilier-design-occasion.fr\\\/magazine\\\/#\\\/schema\\\/logo\\\/image\\\/\",\"url\":\"https:\\\/\\\/www.mobilier-design-occasion.fr\\\/magazine\\\/wp-content\\\/uploads\\\/2024\\\/02\\\/android-chrome-192x192-1.png\",\"contentUrl\":\"https:\\\/\\\/www.mobilier-design-occasion.fr\\\/magazine\\\/wp-content\\\/uploads\\\/2024\\\/02\\\/android-chrome-192x192-1.png\",\"width\":192,\"height\":192,\"caption\":\"Mobilier Design Magazine\"},\"image\":{\"@id\":\"https:\\\/\\\/www.mobilier-design-occasion.fr\\\/magazine\\\/#\\\/schema\\\/logo\\\/image\\\/\"},\"sameAs\":[\"https:\\\/\\\/www.facebook.com\\\/mobilierdesignoccasion\"]},{\"@type\":\"Person\",\"@id\":\"https:\\\/\\\/www.mobilier-design-occasion.fr\\\/magazine\\\/#\\\/schema\\\/person\\\/5b2e5627a714ddadaaf8c9b886c55eff\",\"name\":\"Cyrielle Poirot\",\"image\":{\"@type\":\"ImageObject\",\"inLanguage\":\"fr-FR\",\"@id\":\"https:\\\/\\\/secure.gravatar.com\\\/avatar\\\/c8d2674e093b06894d8d1dc468b626bd752523471f3ac6e75f7c7a1400d40b4d?s=96&d=mm&r=g\",\"url\":\"https:\\\/\\\/secure.gravatar.com\\\/avatar\\\/c8d2674e093b06894d8d1dc468b626bd752523471f3ac6e75f7c7a1400d40b4d?s=96&d=mm&r=g\",\"contentUrl\":\"https:\\\/\\\/secure.gravatar.com\\\/avatar\\\/c8d2674e093b06894d8d1dc468b626bd752523471f3ac6e75f7c7a1400d40b4d?s=96&d=mm&r=g\",\"caption\":\"Cyrielle Poirot\"},\"description\":\"Cyrielle est passionn\u00e9e par la d\u00e9coration d'int\u00e9rieur et s'est sp\u00e9cialis\u00e9e depuis quelques ann\u00e9es dans l'\u00e9dition du site Mobilier-Design, avec une touche sp\u00e9cifique pour les produits d'occasion.\",\"sameAs\":[\"https:\\\/\\\/www.mobilier-design-occasion.fr\\\/magazine\"],\"url\":\"https:\\\/\\\/www.mobilier-design-occasion.fr\\\/magazine\\\/author\\\/cyrielle\\\/\"}]}<\/script>\n<!-- \/ Yoast SEO plugin. -->","yoast_head_json":{"title":"La nouvelle g\u00e9n\u00e9ration de designers: ces petits fran\u00e7ais qui montent - Mobilier Design Magazine","robots":{"index":"index","follow":"follow","max-snippet":"max-snippet:-1","max-image-preview":"max-image-preview:large","max-video-preview":"max-video-preview:-1"},"canonical":"https:\/\/www.mobilier-design-occasion.fr\/magazine\/la-nouvelle-generation-de-designers-ces-petits-francais-qui-montent\/","og_locale":"fr_FR","og_type":"article","og_title":"La nouvelle g\u00e9n\u00e9ration de designers: ces petits fran\u00e7ais qui montent - Mobilier Design Magazine","og_description":"Des liens de plus en plus \u00e9troits avec le monde de l&#8217;artisanat et un int\u00e9r\u00eat pour la responsabilit\u00e9 sociale des projets, la nouvelle g\u00e9n\u00e9ration de designers est en route pour r\u00e9volutionner le design de demain. Voici 5 noms de designers fran\u00e7ais \u00e9mergents. Outre le fait que quatre d&#8217;entre eux sont dipl\u00f4m\u00e9s de l&#8217;ENSCI-Les Ateliers \u00e0 [&hellip;]","og_url":"https:\/\/www.mobilier-design-occasion.fr\/magazine\/la-nouvelle-generation-de-designers-ces-petits-francais-qui-montent\/","og_site_name":"Mobilier Design Magazine","article_publisher":"https:\/\/www.facebook.com\/mobilierdesignoccasion","article_published_time":"2021-02-03T15:12:08+00:00","article_modified_time":"2023-09-25T13:39:50+00:00","og_image":[{"width":700,"height":444,"url":"https:\/\/www.mobilier-design-occasion.fr\/magazine\/wp-content\/uploads\/2021\/02\/NatachaSacha-e1612365105426.jpg","type":"image\/jpeg"}],"author":"Cyrielle Poirot","twitter_card":"summary_large_image","twitter_misc":{"\u00c9crit par":"Cyrielle Poirot","Dur\u00e9e de lecture estim\u00e9e":"6 minutes"},"schema":{"@context":"https:\/\/schema.org","@graph":[{"@type":"Article","@id":"https:\/\/www.mobilier-design-occasion.fr\/magazine\/la-nouvelle-generation-de-designers-ces-petits-francais-qui-montent\/#article","isPartOf":{"@id":"https:\/\/www.mobilier-design-occasion.fr\/magazine\/la-nouvelle-generation-de-designers-ces-petits-francais-qui-montent\/"},"author":{"name":"Cyrielle Poirot","@id":"https:\/\/www.mobilier-design-occasion.fr\/magazine\/#\/schema\/person\/5b2e5627a714ddadaaf8c9b886c55eff"},"headline":"La nouvelle g\u00e9n\u00e9ration de designers: ces petits fran\u00e7ais qui montent","datePublished":"2021-02-03T15:12:08+00:00","dateModified":"2023-09-25T13:39:50+00:00","mainEntityOfPage":{"@id":"https:\/\/www.mobilier-design-occasion.fr\/magazine\/la-nouvelle-generation-de-designers-ces-petits-francais-qui-montent\/"},"wordCount":1244,"commentCount":0,"publisher":{"@id":"https:\/\/www.mobilier-design-occasion.fr\/magazine\/#organization"},"image":{"@id":"https:\/\/www.mobilier-design-occasion.fr\/magazine\/la-nouvelle-generation-de-designers-ces-petits-francais-qui-montent\/#primaryimage"},"thumbnailUrl":"https:\/\/www.mobilier-design-occasion.fr\/magazine\/wp-content\/uploads\/2021\/02\/NatachaSacha-e1612365105426.jpg","articleSection":["Tendances"],"inLanguage":"fr-FR","potentialAction":[{"@type":"CommentAction","name":"Comment","target":["https:\/\/www.mobilier-design-occasion.fr\/magazine\/la-nouvelle-generation-de-designers-ces-petits-francais-qui-montent\/#respond"]}]},{"@type":"WebPage","@id":"https:\/\/www.mobilier-design-occasion.fr\/magazine\/la-nouvelle-generation-de-designers-ces-petits-francais-qui-montent\/","url":"https:\/\/www.mobilier-design-occasion.fr\/magazine\/la-nouvelle-generation-de-designers-ces-petits-francais-qui-montent\/","name":"La nouvelle g\u00e9n\u00e9ration de designers: ces petits fran\u00e7ais qui montent - Mobilier Design Magazine","isPartOf":{"@id":"https:\/\/www.mobilier-design-occasion.fr\/magazine\/#website"},"primaryImageOfPage":{"@id":"https:\/\/www.mobilier-design-occasion.fr\/magazine\/la-nouvelle-generation-de-designers-ces-petits-francais-qui-montent\/#primaryimage"},"image":{"@id":"https:\/\/www.mobilier-design-occasion.fr\/magazine\/la-nouvelle-generation-de-designers-ces-petits-francais-qui-montent\/#primaryimage"},"thumbnailUrl":"https:\/\/www.mobilier-design-occasion.fr\/magazine\/wp-content\/uploads\/2021\/02\/NatachaSacha-e1612365105426.jpg","datePublished":"2021-02-03T15:12:08+00:00","dateModified":"2023-09-25T13:39:50+00:00","breadcrumb":{"@id":"https:\/\/www.mobilier-design-occasion.fr\/magazine\/la-nouvelle-generation-de-designers-ces-petits-francais-qui-montent\/#breadcrumb"},"inLanguage":"fr-FR","potentialAction":[{"@type":"ReadAction","target":["https:\/\/www.mobilier-design-occasion.fr\/magazine\/la-nouvelle-generation-de-designers-ces-petits-francais-qui-montent\/"]}]},{"@type":"ImageObject","inLanguage":"fr-FR","@id":"https:\/\/www.mobilier-design-occasion.fr\/magazine\/la-nouvelle-generation-de-designers-ces-petits-francais-qui-montent\/#primaryimage","url":"https:\/\/www.mobilier-design-occasion.fr\/magazine\/wp-content\/uploads\/2021\/02\/NatachaSacha-e1612365105426.jpg","contentUrl":"https:\/\/www.mobilier-design-occasion.fr\/magazine\/wp-content\/uploads\/2021\/02\/NatachaSacha-e1612365105426.jpg","width":700,"height":444,"caption":"Natacha&Sacha"},{"@type":"BreadcrumbList","@id":"https:\/\/www.mobilier-design-occasion.fr\/magazine\/la-nouvelle-generation-de-designers-ces-petits-francais-qui-montent\/#breadcrumb","itemListElement":[{"@type":"ListItem","position":1,"name":"Accueil","item":"https:\/\/www.mobilier-design-occasion.fr\/magazine\/"},{"@type":"ListItem","position":2,"name":"La nouvelle g\u00e9n\u00e9ration de designers: ces petits fran\u00e7ais qui montent"}]},{"@type":"WebSite","@id":"https:\/\/www.mobilier-design-occasion.fr\/magazine\/#website","url":"https:\/\/www.mobilier-design-occasion.fr\/magazine\/","name":"Mobilier Design Magazine","description":"","publisher":{"@id":"https:\/\/www.mobilier-design-occasion.fr\/magazine\/#organization"},"potentialAction":[{"@type":"SearchAction","target":{"@type":"EntryPoint","urlTemplate":"https:\/\/www.mobilier-design-occasion.fr\/magazine\/?s={search_term_string}"},"query-input":{"@type":"PropertyValueSpecification","valueRequired":true,"valueName":"search_term_string"}}],"inLanguage":"fr-FR"},{"@type":"Organization","@id":"https:\/\/www.mobilier-design-occasion.fr\/magazine\/#organization","name":"Mobilier Design Magazine","url":"https:\/\/www.mobilier-design-occasion.fr\/magazine\/","logo":{"@type":"ImageObject","inLanguage":"fr-FR","@id":"https:\/\/www.mobilier-design-occasion.fr\/magazine\/#\/schema\/logo\/image\/","url":"https:\/\/www.mobilier-design-occasion.fr\/magazine\/wp-content\/uploads\/2024\/02\/android-chrome-192x192-1.png","contentUrl":"https:\/\/www.mobilier-design-occasion.fr\/magazine\/wp-content\/uploads\/2024\/02\/android-chrome-192x192-1.png","width":192,"height":192,"caption":"Mobilier Design Magazine"},"image":{"@id":"https:\/\/www.mobilier-design-occasion.fr\/magazine\/#\/schema\/logo\/image\/"},"sameAs":["https:\/\/www.facebook.com\/mobilierdesignoccasion"]},{"@type":"Person","@id":"https:\/\/www.mobilier-design-occasion.fr\/magazine\/#\/schema\/person\/5b2e5627a714ddadaaf8c9b886c55eff","name":"Cyrielle Poirot","image":{"@type":"ImageObject","inLanguage":"fr-FR","@id":"https:\/\/secure.gravatar.com\/avatar\/c8d2674e093b06894d8d1dc468b626bd752523471f3ac6e75f7c7a1400d40b4d?s=96&d=mm&r=g","url":"https:\/\/secure.gravatar.com\/avatar\/c8d2674e093b06894d8d1dc468b626bd752523471f3ac6e75f7c7a1400d40b4d?s=96&d=mm&r=g","contentUrl":"https:\/\/secure.gravatar.com\/avatar\/c8d2674e093b06894d8d1dc468b626bd752523471f3ac6e75f7c7a1400d40b4d?s=96&d=mm&r=g","caption":"Cyrielle Poirot"},"description":"Cyrielle est passionn\u00e9e par la d\u00e9coration d'int\u00e9rieur et s'est sp\u00e9cialis\u00e9e depuis quelques ann\u00e9es dans l'\u00e9dition du site Mobilier-Design, avec une touche sp\u00e9cifique pour les produits d'occasion.","sameAs":["https:\/\/www.mobilier-design-occasion.fr\/magazine"],"url":"https:\/\/www.mobilier-design-occasion.fr\/magazine\/author\/cyrielle\/"}]}},"_links":{"self":[{"href":"https:\/\/www.mobilier-design-occasion.fr\/magazine\/wp-json\/wp\/v2\/posts\/215","targetHints":{"allow":["GET"]}}],"collection":[{"href":"https:\/\/www.mobilier-design-occasion.fr\/magazine\/wp-json\/wp\/v2\/posts"}],"about":[{"href":"https:\/\/www.mobilier-design-occasion.fr\/magazine\/wp-json\/wp\/v2\/types\/post"}],"author":[{"embeddable":true,"href":"https:\/\/www.mobilier-design-occasion.fr\/magazine\/wp-json\/wp\/v2\/users\/1"}],"replies":[{"embeddable":true,"href":"https:\/\/www.mobilier-design-occasion.fr\/magazine\/wp-json\/wp\/v2\/comments?post=215"}],"version-history":[{"count":3,"href":"https:\/\/www.mobilier-design-occasion.fr\/magazine\/wp-json\/wp\/v2\/posts\/215\/revisions"}],"predecessor-version":[{"id":312,"href":"https:\/\/www.mobilier-design-occasion.fr\/magazine\/wp-json\/wp\/v2\/posts\/215\/revisions\/312"}],"wp:featuredmedia":[{"embeddable":true,"href":"https:\/\/www.mobilier-design-occasion.fr\/magazine\/wp-json\/wp\/v2\/media\/216"}],"wp:attachment":[{"href":"https:\/\/www.mobilier-design-occasion.fr\/magazine\/wp-json\/wp\/v2\/media?parent=215"}],"wp:term":[{"taxonomy":"category","embeddable":true,"href":"https:\/\/www.mobilier-design-occasion.fr\/magazine\/wp-json\/wp\/v2\/categories?post=215"},{"taxonomy":"post_tag","embeddable":true,"href":"https:\/\/www.mobilier-design-occasion.fr\/magazine\/wp-json\/wp\/v2\/tags?post=215"}],"curies":[{"name":"wp","href":"https:\/\/api.w.org\/{rel}","templated":true}]}}