{"id":204,"date":"2021-01-28T13:47:05","date_gmt":"2021-01-28T13:47:05","guid":{"rendered":"https:\/\/www.mobilier-design-occasion.fr\/magazine\/?p=204"},"modified":"2023-09-25T13:40:10","modified_gmt":"2023-09-25T13:40:10","slug":"qui-etait-pierre-jeanneret-larchitecte-dans-lombre-de-le-corbusier","status":"publish","type":"post","link":"https:\/\/www.mobilier-design-occasion.fr\/magazine\/qui-etait-pierre-jeanneret-larchitecte-dans-lombre-de-le-corbusier\/","title":{"rendered":"Qui \u00e9tait Pierre Jeanneret, l&#8217;architecte dans l&#8217;ombre de Le Corbusier?"},"content":{"rendered":"\n<p>Des projets de villes aux chaises devenues des ic\u00f4nes : la v\u00e9ritable histoire du cousin du ma\u00eetre de l&#8217;architecture moderne.<\/p>\n\n\n\n<p><\/p>\n\n\n\n<p>L&#8217;histoire de l&#8217;architecte et designer suisse Pierre Jeanneret, cousin du c\u00e9l\u00e8bre <a href=\"https:\/\/www.mobilier-design-occasion.fr\/designer\/le-corbusier.html\">Le Corbusier<\/a>, est fascinante : avec lui, il a con\u00e7u des b\u00e2timents qui sont aujourd&#8217;hui consid\u00e9r\u00e9s comme des chefs-d&#8217;\u0153uvre de la modernit\u00e9 et, avec l&#8217;arriv\u00e9e de <a href=\"https:\/\/www.mobilier-design-occasion.fr\/designer\/charlotte-perriand.html\">Charlotte Perriand<\/a>, il con\u00e7oit \u00e9galement des meubles qui sont devenus des ic\u00f4nes, voire des pi\u00e8ces de collection.<\/p>\n\n\n\n<p>On peut dire que son histoire \u00e9tait unique. Lorsqu&#8217;un membre d&#8217;une famille devient c\u00e9l\u00e8bre, il est rare que d&#8217;autres membres de la m\u00eame unit\u00e9 familiale \u00e9mergent dans la m\u00eame sph\u00e8re avec la m\u00eame reconnaissance unanime. Si le parent en question s&#8217;appelle Charles-Edouard Jeanneret-Gris, plus connu sous le nom de Le Corbusier, l&#8217;adjectif &#8220;c\u00e9l\u00e8bre&#8221; est r\u00e9ducteur. Cela dit, la passion pour l&#8217;architecture qui animait Pierre Jeanneret \u00e9tait certainement authentique et durable, tout comme la relation et l&#8217;estime mutuelle, au-del\u00e0 de toute forme de comp\u00e9tition, qui le liait \u00e0 son cousin. En t\u00e9moigne le fait qu&#8217;ils ont presque toujours travaill\u00e9 ensemble, signant des projets qui sont entr\u00e9s dans l&#8217;histoire.<\/p>\n\n\n\n<p><\/p>\n\n\n\n<h2 class=\"wp-block-heading\"><span class=\"ez-toc-section\" id=\"Mais_que_sait-on_de_Pierre_Jeanneret\"><\/span>Mais que sait-on de Pierre Jeanneret ? <span class=\"ez-toc-section-end\"><\/span><\/h2><div id=\"ez-toc-container\" class=\"ez-toc-v2_0_82_2 counter-hierarchy ez-toc-counter ez-toc-grey ez-toc-container-direction\">\n<div class=\"ez-toc-title-container\">\n<span class=\"ez-toc-title-toggle\"><a href=\"#\" class=\"ez-toc-pull-right ez-toc-btn ez-toc-btn-xs ez-toc-btn-default ez-toc-toggle\" aria-label=\"Toggle Table of Content\"><span class=\"ez-toc-js-icon-con\"><span class=\"\"><span class=\"eztoc-hide\" style=\"display:none;\">Toggle<\/span><span class=\"ez-toc-icon-toggle-span\"><svg style=\"fill: #999;color:#999\" xmlns=\"http:\/\/www.w3.org\/2000\/svg\" class=\"list-377408\" width=\"20px\" height=\"20px\" viewBox=\"0 0 24 24\" fill=\"none\"><path d=\"M6 6H4v2h2V6zm14 0H8v2h12V6zM4 11h2v2H4v-2zm16 0H8v2h12v-2zM4 16h2v2H4v-2zm16 0H8v2h12v-2z\" fill=\"currentColor\"><\/path><\/svg><svg style=\"fill: #999;color:#999\" class=\"arrow-unsorted-368013\" xmlns=\"http:\/\/www.w3.org\/2000\/svg\" width=\"10px\" height=\"10px\" viewBox=\"0 0 24 24\" version=\"1.2\" baseProfile=\"tiny\"><path d=\"M18.2 9.3l-6.2-6.3-6.2 6.3c-.2.2-.3.4-.3.7s.1.5.3.7c.2.2.4.3.7.3h11c.3 0 .5-.1.7-.3.2-.2.3-.5.3-.7s-.1-.5-.3-.7zM5.8 14.7l6.2 6.3 6.2-6.3c.2-.2.3-.5.3-.7s-.1-.5-.3-.7c-.2-.2-.4-.3-.7-.3h-11c-.3 0-.5.1-.7.3-.2.2-.3.5-.3.7s.1.5.3.7z\"\/><\/svg><\/span><\/span><\/span><\/a><\/span><\/div>\n<nav><ul class='ez-toc-list ez-toc-list-level-1 eztoc-toggle-hide-by-default' ><li class='ez-toc-page-1 ez-toc-heading-level-2'><a class=\"ez-toc-link ez-toc-heading-1\" href=\"https:\/\/www.mobilier-design-occasion.fr\/magazine\/qui-etait-pierre-jeanneret-larchitecte-dans-lombre-de-le-corbusier\/#Mais_que_sait-on_de_Pierre_Jeanneret\" >Mais que sait-on de Pierre Jeanneret ?<\/a><\/li><li class='ez-toc-page-1 ez-toc-heading-level-2'><a class=\"ez-toc-link ez-toc-heading-2\" href=\"https:\/\/www.mobilier-design-occasion.fr\/magazine\/qui-etait-pierre-jeanneret-larchitecte-dans-lombre-de-le-corbusier\/#La_projets_et_limportance_de_lInde\" >La projets et l&#8217;importance de l&#8217;Inde<\/a><\/li><li class='ez-toc-page-1 ez-toc-heading-level-2'><a class=\"ez-toc-link ez-toc-heading-3\" href=\"https:\/\/www.mobilier-design-occasion.fr\/magazine\/qui-etait-pierre-jeanneret-larchitecte-dans-lombre-de-le-corbusier\/#Le_mobilier\" >Le mobilier<\/a><\/li><\/ul><\/nav><\/div>\n\n\n\n\n<p><\/p>\n\n\n\n<p>N\u00e9 \u00e0 Gen\u00e8ve en 1896, il \u00e9tudie \u00e0 l&#8217;Ecole des Beaux-Arts de sa ville natale et, apr\u00e8s avoir termin\u00e9 ses \u00e9tudes, commence \u00e0 travailler dans l&#8217;atelier parisien des fr\u00e8res Perret. Il y rencontre Auguste Perret, v\u00e9ritable visionnaire et l&#8217;un des premiers architectes \u00e0 utiliser le b\u00e9ton arm\u00e9 dans ses projets, des constructions audacieuses qui ont fortement influenc\u00e9 l&#8217;\u0153uvre de Pierre Jeanneret et son approche du b\u00e9ton arm\u00e9.<\/p>\n\n\n\n<p><\/p>\n\n\n\n<p>1922 marque le d\u00e9but officiel de sa collaboration avec Le Corbusier dans l&#8217;atelier du 35 rue de S\u00e8vres \u00e0 Paris. \u00c0 partir de cette ann\u00e9e-l\u00e0, les deux noms seront toujours associ\u00e9s, surtout en ce qui concerne les projets qui ont fait date. Parmi eux : <strong>la<\/strong> <strong>Ville Savoye<\/strong>, construite entre 1929 et 1931 \u00e0 Poissy, pr\u00e8s de Paris, consid\u00e9r\u00e9e comme l&#8217;une des plus grandes expressions du Mouvement moderne ainsi que le manifeste des cinq points de l&#8217;architecture moderne \u00e9nonc\u00e9s par Le Corbusier. Les \u00e9l\u00e9ments qui la caract\u00e9risent sont : la fa\u00e7ade et le plan, tous deux totalement libres de contraintes, les piliers, qui \u00e9l\u00e8vent le volume au-dessus du niveau du sol (ce que le b\u00e9ton arm\u00e9 a finalement permis de faire), le jardin du toit et les fen\u00eatres en ruban.<\/p>\n\n\n\n<p>Un autre projet bien pr\u00e9serv\u00e9, qui porte la signature de Pierre Jeanneret et de Le Corbusier, est un double logement \u00e0 Paris construit entre les ann\u00e9es 1920 et 1930 dans la rue du Docteur Blanche, aujourd&#8217;hui <strong>si\u00e8ge de la Fondation Le Corbusier<\/strong>. \u00c0 l&#8217;\u00e9poque, les deux clients \u00e9taient son cousin Albert Jeanneret et le collectionneur d&#8217;art Raoul La Roche, c&#8217;est pourquoi la maison s&#8217;appelle encore Maison La Roche-Jeanneret. La difficult\u00e9 de l&#8217;ensemble du projet r\u00e9sidait dans la forme du terrain disponible, qui \u00e9tait \u00e9troit et limit\u00e9 par de trop nombreuses contraintes. Pour surmonter cela, ils ont con\u00e7u deux maisons s\u00e9par\u00e9es, mais contigu\u00ebs et reli\u00e9es par des r\u00e9f\u00e9rences architecturales continues. A partir de la porte d&#8217;entr\u00e9e, un chemin en pente se d\u00e9voile, p\u00e9n\u00e9trant profond\u00e9ment dans le terrain et permettant d&#8217;acc\u00e9der aux deux maisons, caract\u00e9ris\u00e9es par des volumes propres et des lignes rigoureuses.<\/p>\n\n\n\n<p><\/p>\n\n\n\n<h2 class=\"wp-block-heading\"><span class=\"ez-toc-section\" id=\"La_projets_et_limportance_de_lInde\"><\/span>La projets et l&#8217;importance de l&#8217;Inde<span class=\"ez-toc-section-end\"><\/span><\/h2>\n\n\n\n<p><\/p>\n\n\n\n<p>Si nous voulons \u00e9num\u00e9rer les projets con\u00e7us par les deux architectes, nous devrions certainement mentionner d&#8217;autres ouvrages, tels que le Pavillon Suisse de la Cit\u00e9 internationale universitaire de Paris en 1932-33, mais peut-\u00eatre, pour r\u00e9duire la liste, l&#8217;ouvrage qui a le plus marqu\u00e9 le partenariat entre les deux cousins, apr\u00e8s une interruption due au d\u00e9clenchement de la Seconde Guerre mondiale, est celui construit en Inde en 1951 \u00e0 la suite de l&#8217;<a href=\"https:\/\/www.mobilier-design-occasion.fr\/magazine\/5-elements-pour-amenager-une-chambre-montessori\/\">ind\u00e9pendance<\/a> de la Grande-Bretagne : une ville enti\u00e8re dans la nouvelle capitale de Chandigarh, dans l&#8217;\u00c9tat du Pendjab. Le Corbusier et Jeanneret, en collaboration avec les architectes britanniques Maxwell Fry et Jane Drew, ont \u00e9t\u00e9 charg\u00e9s par le gouvernement indien de r\u00e9aliser cet ambitieux projet en partant de z\u00e9ro et en passant de l&#8217;\u00e9chelle de l&#8217;architecture \u00e0 celle du <a href=\"https:\/\/www.mobilier-design-occasion.fr\/magazine\/table-tulipe-knoll-indemodable-du-design\/\">design<\/a>.<\/p>\n\n\n\n<p><\/p>\n\n\n\n<p>Pierre Jeanneret s&#8217;est rendu en Inde pour superviser les travaux. De 1951 \u00e0 1965, depuis la maison qu&#8217;il a con\u00e7ue au num\u00e9ro 57 du secteur 5 \u00e0 Chandigarh, il a g\u00e9r\u00e9 tous les aspects de la construction du plan directeur, supervisant l&#8217;ex\u00e9cution du projet en tant que directeur. C&#8217;est dans ces ann\u00e9es que la sensibilit\u00e9 et le go\u00fbt de Pierre Jeanneret se manifestent \u00e9galement en tant que designer. En Inde, en effet, l&#8217;architecte s&#8217;est engag\u00e9 non seulement \u00e0 concevoir le <a href=\"https:\/\/www.mobilier-design-occasion.fr\/magazine\/test-avis-sur-la-redoute-interieurs-am-pm\/\">mobilier<\/a> et les int\u00e9rieurs de nombreux b\u00e2timents parmi les plus embl\u00e9matiques de Chandigarh, mais aussi \u00e0 trouver la meilleure fa\u00e7on de les produire, afin de soutenir l&#8217;industrie et l&#8217;artisanat locaux. Int\u00e9grant la tradition et les mat\u00e9riaux typiquement indiens dans la r\u00e9alisation de ses dessins, Jeanneret a su combiner des formes minimales essentielles avec des mat\u00e9riaux simples comme <strong>le <a href=\"https:\/\/www.mobilier-design-occasion.fr\/magazine\/avis-mathy-by-bols\/\">bois<\/a>, la canne et l&#8217;acier,<\/strong> trouvant un point de rencontre entre les id\u00e9aux modernes plus europ\u00e9ens et l&#8217;esprit rural du travail des artisans indiens dans l&#8217;utilisation raffin\u00e9e du teck et du bois de rose locaux. Les designs simples de Pierre Jeanneret et l&#8217;utilisation de mat\u00e9riaux locaux modestes ont conduit \u00e0 la production en masse de beaux meubles abordables. A tel point que la c\u00e9l\u00e8bre galerie Kukje \u00e0 S\u00e9oul consacrera une exposition en 2016 au mobilier con\u00e7u pour le projet Chandigarh.<\/p>\n\n\n\n<p><\/p>\n\n\n\n<h2 class=\"wp-block-heading\"><span class=\"ez-toc-section\" id=\"Le_mobilier\"><\/span>Le mobilier<span class=\"ez-toc-section-end\"><\/span><\/h2>\n\n\n\n<p><\/p>\n\n\n\n<p>Et \u00e0 propos de mobilier, on ne peut pas ne pas mentionner l&#8217;Equipement int\u00e9rieur de l&#8217;habitation que Pierre Jeanneret, avec Le Corbusier et Charlotte Perriand, a con\u00e7u pour le Salon d&#8217;Automne en 1928. Ainsi que ceux connus sous le nom de Casiers Standard, un syst\u00e8me de mobilier de conteneur con\u00e7u pour le pavillon de l&#8217;Esprit Nouveau en 1925 avec Le Corbusier. Et ce sont pr\u00e9cis\u00e9ment ces meubles qui sont encore en production aujourd&#8217;hui gr\u00e2ce \u00e0 la collaboration commenc\u00e9e en 1960 entre <strong>Cassina<\/strong> et la Fondation Le Corbusier avec la ligne <strong>LC Collection<\/strong>.<\/p>\n\n\n\n<p>L&#8217;exp\u00e9rience indienne de Pierre Jeanneret l&#8217;a \u00e9galement amen\u00e9 \u00e0 participer \u00e0 d&#8217;autres projets. Pendant ses ann\u00e9es de travail, il a \u00e9galement \u00e9t\u00e9 doyen de l&#8217;\u00e9cole d&#8217;architecture de Chandigarh et consultant pour de nouveaux projets urbains dans l&#8217;\u00c9tat du Pendjab, au nord-ouest du pays. Il a \u00e9galement particip\u00e9 \u00e0 des projets d&#8217;urbanisme pour d&#8217;autres villes indiennes, notamment Sundar Nagar, Delhi et Ahmedabad, la plus grande ville de l&#8217;\u00c9tat du Gujarat, dans l&#8217;ouest du pays. D&#8217;un point de vue humain aussi, les derni\u00e8res ann\u00e9es v\u00e9cues en Inde ont \u00e9t\u00e9 sp\u00e9ciales pour cet homme qui, n\u00e9 en Suisse en 1896, a trouv\u00e9 sa dimension id\u00e9ale \u00e0 l&#8217;autre bout du monde. A tel point que lorsqu&#8217;il est mort en 1967 \u00e0 Gen\u00e8ve, selon son testament, ses cendres ont \u00e9t\u00e9 dispers\u00e9es sur le lac Sukhna de Chandigarh.<\/p>\n","protected":false},"excerpt":{"rendered":"<p>Des projets de villes aux chaises devenues des ic\u00f4nes : la v\u00e9ritable histoire du cousin du ma\u00eetre de l&#8217;architecture moderne. L&#8217;histoire de l&#8217;architecte et designer suisse Pierre Jeanneret, cousin du c\u00e9l\u00e8bre Le Corbusier, est fascinante : avec lui, il a con\u00e7u des b\u00e2timents qui sont aujourd&#8217;hui consid\u00e9r\u00e9s comme des chefs-d&#8217;\u0153uvre de la modernit\u00e9 et, avec [&hellip;]<\/p>\n","protected":false},"author":1,"featured_media":205,"comment_status":"open","ping_status":"open","sticky":false,"template":"","format":"standard","meta":{"footnotes":""},"categories":[2],"tags":[],"class_list":["post-204","post","type-post","status-publish","format-standard","has-post-thumbnail","hentry","category-tendances"],"yoast_head":"<!-- This site is optimized with the Yoast SEO plugin v27.5 - https:\/\/yoast.com\/product\/yoast-seo-wordpress\/ -->\n<title>Qui \u00e9tait Pierre Jeanneret, l&#039;architecte dans l&#039;ombre de Le Corbusier? - Mobilier Design Magazine<\/title>\n<meta name=\"robots\" content=\"index, follow, max-snippet:-1, max-image-preview:large, max-video-preview:-1\" \/>\n<link rel=\"canonical\" href=\"https:\/\/www.mobilier-design-occasion.fr\/magazine\/qui-etait-pierre-jeanneret-larchitecte-dans-lombre-de-le-corbusier\/\" \/>\n<meta property=\"og:locale\" content=\"fr_FR\" \/>\n<meta property=\"og:type\" content=\"article\" \/>\n<meta property=\"og:title\" content=\"Qui \u00e9tait Pierre Jeanneret, l&#039;architecte dans l&#039;ombre de Le Corbusier? - Mobilier Design Magazine\" \/>\n<meta property=\"og:description\" content=\"Des projets de villes aux chaises devenues des ic\u00f4nes : la v\u00e9ritable histoire du cousin du ma\u00eetre de l&#8217;architecture moderne. L&#8217;histoire de l&#8217;architecte et designer suisse Pierre Jeanneret, cousin du c\u00e9l\u00e8bre Le Corbusier, est fascinante : avec lui, il a con\u00e7u des b\u00e2timents qui sont aujourd&#8217;hui consid\u00e9r\u00e9s comme des chefs-d&#8217;\u0153uvre de la modernit\u00e9 et, avec [&hellip;]\" \/>\n<meta property=\"og:url\" content=\"https:\/\/www.mobilier-design-occasion.fr\/magazine\/qui-etait-pierre-jeanneret-larchitecte-dans-lombre-de-le-corbusier\/\" \/>\n<meta property=\"og:site_name\" content=\"Mobilier Design Magazine\" \/>\n<meta property=\"article:publisher\" content=\"https:\/\/www.facebook.com\/mobilierdesignoccasion\" \/>\n<meta property=\"article:published_time\" content=\"2021-01-28T13:47:05+00:00\" \/>\n<meta property=\"article:modified_time\" content=\"2023-09-25T13:40:10+00:00\" \/>\n<meta property=\"og:image\" content=\"https:\/\/www.mobilier-design-occasion.fr\/magazine\/wp-content\/uploads\/2021\/01\/Pierre-Jeanneret.jpg\" \/>\n\t<meta property=\"og:image:width\" content=\"1800\" \/>\n\t<meta property=\"og:image:height\" content=\"1017\" \/>\n\t<meta property=\"og:image:type\" content=\"image\/jpeg\" \/>\n<meta name=\"author\" content=\"Cyrielle Poirot\" \/>\n<meta name=\"twitter:card\" content=\"summary_large_image\" \/>\n<meta name=\"twitter:label1\" content=\"\u00c9crit par\" \/>\n\t<meta name=\"twitter:data1\" content=\"Cyrielle Poirot\" \/>\n\t<meta name=\"twitter:label2\" content=\"Dur\u00e9e de lecture estim\u00e9e\" \/>\n\t<meta name=\"twitter:data2\" content=\"6 minutes\" \/>\n<script type=\"application\/ld+json\" class=\"yoast-schema-graph\">{\"@context\":\"https:\\\/\\\/schema.org\",\"@graph\":[{\"@type\":\"Article\",\"@id\":\"https:\\\/\\\/www.mobilier-design-occasion.fr\\\/magazine\\\/qui-etait-pierre-jeanneret-larchitecte-dans-lombre-de-le-corbusier\\\/#article\",\"isPartOf\":{\"@id\":\"https:\\\/\\\/www.mobilier-design-occasion.fr\\\/magazine\\\/qui-etait-pierre-jeanneret-larchitecte-dans-lombre-de-le-corbusier\\\/\"},\"author\":{\"name\":\"Cyrielle Poirot\",\"@id\":\"https:\\\/\\\/www.mobilier-design-occasion.fr\\\/magazine\\\/#\\\/schema\\\/person\\\/5b2e5627a714ddadaaf8c9b886c55eff\"},\"headline\":\"Qui \u00e9tait Pierre Jeanneret, l&#8217;architecte dans l&#8217;ombre de Le Corbusier?\",\"datePublished\":\"2021-01-28T13:47:05+00:00\",\"dateModified\":\"2023-09-25T13:40:10+00:00\",\"mainEntityOfPage\":{\"@id\":\"https:\\\/\\\/www.mobilier-design-occasion.fr\\\/magazine\\\/qui-etait-pierre-jeanneret-larchitecte-dans-lombre-de-le-corbusier\\\/\"},\"wordCount\":1252,\"commentCount\":0,\"publisher\":{\"@id\":\"https:\\\/\\\/www.mobilier-design-occasion.fr\\\/magazine\\\/#organization\"},\"image\":{\"@id\":\"https:\\\/\\\/www.mobilier-design-occasion.fr\\\/magazine\\\/qui-etait-pierre-jeanneret-larchitecte-dans-lombre-de-le-corbusier\\\/#primaryimage\"},\"thumbnailUrl\":\"https:\\\/\\\/www.mobilier-design-occasion.fr\\\/magazine\\\/wp-content\\\/uploads\\\/2021\\\/01\\\/Pierre-Jeanneret.jpg\",\"articleSection\":[\"Tendances\"],\"inLanguage\":\"fr-FR\",\"potentialAction\":[{\"@type\":\"CommentAction\",\"name\":\"Comment\",\"target\":[\"https:\\\/\\\/www.mobilier-design-occasion.fr\\\/magazine\\\/qui-etait-pierre-jeanneret-larchitecte-dans-lombre-de-le-corbusier\\\/#respond\"]}]},{\"@type\":\"WebPage\",\"@id\":\"https:\\\/\\\/www.mobilier-design-occasion.fr\\\/magazine\\\/qui-etait-pierre-jeanneret-larchitecte-dans-lombre-de-le-corbusier\\\/\",\"url\":\"https:\\\/\\\/www.mobilier-design-occasion.fr\\\/magazine\\\/qui-etait-pierre-jeanneret-larchitecte-dans-lombre-de-le-corbusier\\\/\",\"name\":\"Qui \u00e9tait Pierre Jeanneret, l'architecte dans l'ombre de Le Corbusier? - Mobilier Design Magazine\",\"isPartOf\":{\"@id\":\"https:\\\/\\\/www.mobilier-design-occasion.fr\\\/magazine\\\/#website\"},\"primaryImageOfPage\":{\"@id\":\"https:\\\/\\\/www.mobilier-design-occasion.fr\\\/magazine\\\/qui-etait-pierre-jeanneret-larchitecte-dans-lombre-de-le-corbusier\\\/#primaryimage\"},\"image\":{\"@id\":\"https:\\\/\\\/www.mobilier-design-occasion.fr\\\/magazine\\\/qui-etait-pierre-jeanneret-larchitecte-dans-lombre-de-le-corbusier\\\/#primaryimage\"},\"thumbnailUrl\":\"https:\\\/\\\/www.mobilier-design-occasion.fr\\\/magazine\\\/wp-content\\\/uploads\\\/2021\\\/01\\\/Pierre-Jeanneret.jpg\",\"datePublished\":\"2021-01-28T13:47:05+00:00\",\"dateModified\":\"2023-09-25T13:40:10+00:00\",\"breadcrumb\":{\"@id\":\"https:\\\/\\\/www.mobilier-design-occasion.fr\\\/magazine\\\/qui-etait-pierre-jeanneret-larchitecte-dans-lombre-de-le-corbusier\\\/#breadcrumb\"},\"inLanguage\":\"fr-FR\",\"potentialAction\":[{\"@type\":\"ReadAction\",\"target\":[\"https:\\\/\\\/www.mobilier-design-occasion.fr\\\/magazine\\\/qui-etait-pierre-jeanneret-larchitecte-dans-lombre-de-le-corbusier\\\/\"]}]},{\"@type\":\"ImageObject\",\"inLanguage\":\"fr-FR\",\"@id\":\"https:\\\/\\\/www.mobilier-design-occasion.fr\\\/magazine\\\/qui-etait-pierre-jeanneret-larchitecte-dans-lombre-de-le-corbusier\\\/#primaryimage\",\"url\":\"https:\\\/\\\/www.mobilier-design-occasion.fr\\\/magazine\\\/wp-content\\\/uploads\\\/2021\\\/01\\\/Pierre-Jeanneret.jpg\",\"contentUrl\":\"https:\\\/\\\/www.mobilier-design-occasion.fr\\\/magazine\\\/wp-content\\\/uploads\\\/2021\\\/01\\\/Pierre-Jeanneret.jpg\",\"width\":1800,\"height\":1017,\"caption\":\"Pierre Jeanneret\"},{\"@type\":\"BreadcrumbList\",\"@id\":\"https:\\\/\\\/www.mobilier-design-occasion.fr\\\/magazine\\\/qui-etait-pierre-jeanneret-larchitecte-dans-lombre-de-le-corbusier\\\/#breadcrumb\",\"itemListElement\":[{\"@type\":\"ListItem\",\"position\":1,\"name\":\"Accueil\",\"item\":\"https:\\\/\\\/www.mobilier-design-occasion.fr\\\/magazine\\\/\"},{\"@type\":\"ListItem\",\"position\":2,\"name\":\"Qui \u00e9tait Pierre Jeanneret, l&rsquo;architecte dans l&rsquo;ombre de Le Corbusier?\"}]},{\"@type\":\"WebSite\",\"@id\":\"https:\\\/\\\/www.mobilier-design-occasion.fr\\\/magazine\\\/#website\",\"url\":\"https:\\\/\\\/www.mobilier-design-occasion.fr\\\/magazine\\\/\",\"name\":\"Mobilier Design Magazine\",\"description\":\"\",\"publisher\":{\"@id\":\"https:\\\/\\\/www.mobilier-design-occasion.fr\\\/magazine\\\/#organization\"},\"potentialAction\":[{\"@type\":\"SearchAction\",\"target\":{\"@type\":\"EntryPoint\",\"urlTemplate\":\"https:\\\/\\\/www.mobilier-design-occasion.fr\\\/magazine\\\/?s={search_term_string}\"},\"query-input\":{\"@type\":\"PropertyValueSpecification\",\"valueRequired\":true,\"valueName\":\"search_term_string\"}}],\"inLanguage\":\"fr-FR\"},{\"@type\":\"Organization\",\"@id\":\"https:\\\/\\\/www.mobilier-design-occasion.fr\\\/magazine\\\/#organization\",\"name\":\"Mobilier Design Magazine\",\"url\":\"https:\\\/\\\/www.mobilier-design-occasion.fr\\\/magazine\\\/\",\"logo\":{\"@type\":\"ImageObject\",\"inLanguage\":\"fr-FR\",\"@id\":\"https:\\\/\\\/www.mobilier-design-occasion.fr\\\/magazine\\\/#\\\/schema\\\/logo\\\/image\\\/\",\"url\":\"https:\\\/\\\/www.mobilier-design-occasion.fr\\\/magazine\\\/wp-content\\\/uploads\\\/2024\\\/02\\\/android-chrome-192x192-1.png\",\"contentUrl\":\"https:\\\/\\\/www.mobilier-design-occasion.fr\\\/magazine\\\/wp-content\\\/uploads\\\/2024\\\/02\\\/android-chrome-192x192-1.png\",\"width\":192,\"height\":192,\"caption\":\"Mobilier Design Magazine\"},\"image\":{\"@id\":\"https:\\\/\\\/www.mobilier-design-occasion.fr\\\/magazine\\\/#\\\/schema\\\/logo\\\/image\\\/\"},\"sameAs\":[\"https:\\\/\\\/www.facebook.com\\\/mobilierdesignoccasion\"]},{\"@type\":\"Person\",\"@id\":\"https:\\\/\\\/www.mobilier-design-occasion.fr\\\/magazine\\\/#\\\/schema\\\/person\\\/5b2e5627a714ddadaaf8c9b886c55eff\",\"name\":\"Cyrielle Poirot\",\"image\":{\"@type\":\"ImageObject\",\"inLanguage\":\"fr-FR\",\"@id\":\"https:\\\/\\\/secure.gravatar.com\\\/avatar\\\/c8d2674e093b06894d8d1dc468b626bd752523471f3ac6e75f7c7a1400d40b4d?s=96&d=mm&r=g\",\"url\":\"https:\\\/\\\/secure.gravatar.com\\\/avatar\\\/c8d2674e093b06894d8d1dc468b626bd752523471f3ac6e75f7c7a1400d40b4d?s=96&d=mm&r=g\",\"contentUrl\":\"https:\\\/\\\/secure.gravatar.com\\\/avatar\\\/c8d2674e093b06894d8d1dc468b626bd752523471f3ac6e75f7c7a1400d40b4d?s=96&d=mm&r=g\",\"caption\":\"Cyrielle Poirot\"},\"description\":\"Cyrielle est passionn\u00e9e par la d\u00e9coration d'int\u00e9rieur et s'est sp\u00e9cialis\u00e9e depuis quelques ann\u00e9es dans l'\u00e9dition du site Mobilier-Design, avec une touche sp\u00e9cifique pour les produits d'occasion.\",\"sameAs\":[\"https:\\\/\\\/www.mobilier-design-occasion.fr\\\/magazine\"],\"url\":\"https:\\\/\\\/www.mobilier-design-occasion.fr\\\/magazine\\\/author\\\/cyrielle\\\/\"}]}<\/script>\n<!-- \/ Yoast SEO plugin. -->","yoast_head_json":{"title":"Qui \u00e9tait Pierre Jeanneret, l'architecte dans l'ombre de Le Corbusier? - Mobilier Design Magazine","robots":{"index":"index","follow":"follow","max-snippet":"max-snippet:-1","max-image-preview":"max-image-preview:large","max-video-preview":"max-video-preview:-1"},"canonical":"https:\/\/www.mobilier-design-occasion.fr\/magazine\/qui-etait-pierre-jeanneret-larchitecte-dans-lombre-de-le-corbusier\/","og_locale":"fr_FR","og_type":"article","og_title":"Qui \u00e9tait Pierre Jeanneret, l'architecte dans l'ombre de Le Corbusier? - Mobilier Design Magazine","og_description":"Des projets de villes aux chaises devenues des ic\u00f4nes : la v\u00e9ritable histoire du cousin du ma\u00eetre de l&#8217;architecture moderne. L&#8217;histoire de l&#8217;architecte et designer suisse Pierre Jeanneret, cousin du c\u00e9l\u00e8bre Le Corbusier, est fascinante : avec lui, il a con\u00e7u des b\u00e2timents qui sont aujourd&#8217;hui consid\u00e9r\u00e9s comme des chefs-d&#8217;\u0153uvre de la modernit\u00e9 et, avec [&hellip;]","og_url":"https:\/\/www.mobilier-design-occasion.fr\/magazine\/qui-etait-pierre-jeanneret-larchitecte-dans-lombre-de-le-corbusier\/","og_site_name":"Mobilier Design Magazine","article_publisher":"https:\/\/www.facebook.com\/mobilierdesignoccasion","article_published_time":"2021-01-28T13:47:05+00:00","article_modified_time":"2023-09-25T13:40:10+00:00","og_image":[{"width":1800,"height":1017,"url":"https:\/\/www.mobilier-design-occasion.fr\/magazine\/wp-content\/uploads\/2021\/01\/Pierre-Jeanneret.jpg","type":"image\/jpeg"}],"author":"Cyrielle Poirot","twitter_card":"summary_large_image","twitter_misc":{"\u00c9crit par":"Cyrielle Poirot","Dur\u00e9e de lecture estim\u00e9e":"6 minutes"},"schema":{"@context":"https:\/\/schema.org","@graph":[{"@type":"Article","@id":"https:\/\/www.mobilier-design-occasion.fr\/magazine\/qui-etait-pierre-jeanneret-larchitecte-dans-lombre-de-le-corbusier\/#article","isPartOf":{"@id":"https:\/\/www.mobilier-design-occasion.fr\/magazine\/qui-etait-pierre-jeanneret-larchitecte-dans-lombre-de-le-corbusier\/"},"author":{"name":"Cyrielle Poirot","@id":"https:\/\/www.mobilier-design-occasion.fr\/magazine\/#\/schema\/person\/5b2e5627a714ddadaaf8c9b886c55eff"},"headline":"Qui \u00e9tait Pierre Jeanneret, l&#8217;architecte dans l&#8217;ombre de Le Corbusier?","datePublished":"2021-01-28T13:47:05+00:00","dateModified":"2023-09-25T13:40:10+00:00","mainEntityOfPage":{"@id":"https:\/\/www.mobilier-design-occasion.fr\/magazine\/qui-etait-pierre-jeanneret-larchitecte-dans-lombre-de-le-corbusier\/"},"wordCount":1252,"commentCount":0,"publisher":{"@id":"https:\/\/www.mobilier-design-occasion.fr\/magazine\/#organization"},"image":{"@id":"https:\/\/www.mobilier-design-occasion.fr\/magazine\/qui-etait-pierre-jeanneret-larchitecte-dans-lombre-de-le-corbusier\/#primaryimage"},"thumbnailUrl":"https:\/\/www.mobilier-design-occasion.fr\/magazine\/wp-content\/uploads\/2021\/01\/Pierre-Jeanneret.jpg","articleSection":["Tendances"],"inLanguage":"fr-FR","potentialAction":[{"@type":"CommentAction","name":"Comment","target":["https:\/\/www.mobilier-design-occasion.fr\/magazine\/qui-etait-pierre-jeanneret-larchitecte-dans-lombre-de-le-corbusier\/#respond"]}]},{"@type":"WebPage","@id":"https:\/\/www.mobilier-design-occasion.fr\/magazine\/qui-etait-pierre-jeanneret-larchitecte-dans-lombre-de-le-corbusier\/","url":"https:\/\/www.mobilier-design-occasion.fr\/magazine\/qui-etait-pierre-jeanneret-larchitecte-dans-lombre-de-le-corbusier\/","name":"Qui \u00e9tait Pierre Jeanneret, l'architecte dans l'ombre de Le Corbusier? - Mobilier Design Magazine","isPartOf":{"@id":"https:\/\/www.mobilier-design-occasion.fr\/magazine\/#website"},"primaryImageOfPage":{"@id":"https:\/\/www.mobilier-design-occasion.fr\/magazine\/qui-etait-pierre-jeanneret-larchitecte-dans-lombre-de-le-corbusier\/#primaryimage"},"image":{"@id":"https:\/\/www.mobilier-design-occasion.fr\/magazine\/qui-etait-pierre-jeanneret-larchitecte-dans-lombre-de-le-corbusier\/#primaryimage"},"thumbnailUrl":"https:\/\/www.mobilier-design-occasion.fr\/magazine\/wp-content\/uploads\/2021\/01\/Pierre-Jeanneret.jpg","datePublished":"2021-01-28T13:47:05+00:00","dateModified":"2023-09-25T13:40:10+00:00","breadcrumb":{"@id":"https:\/\/www.mobilier-design-occasion.fr\/magazine\/qui-etait-pierre-jeanneret-larchitecte-dans-lombre-de-le-corbusier\/#breadcrumb"},"inLanguage":"fr-FR","potentialAction":[{"@type":"ReadAction","target":["https:\/\/www.mobilier-design-occasion.fr\/magazine\/qui-etait-pierre-jeanneret-larchitecte-dans-lombre-de-le-corbusier\/"]}]},{"@type":"ImageObject","inLanguage":"fr-FR","@id":"https:\/\/www.mobilier-design-occasion.fr\/magazine\/qui-etait-pierre-jeanneret-larchitecte-dans-lombre-de-le-corbusier\/#primaryimage","url":"https:\/\/www.mobilier-design-occasion.fr\/magazine\/wp-content\/uploads\/2021\/01\/Pierre-Jeanneret.jpg","contentUrl":"https:\/\/www.mobilier-design-occasion.fr\/magazine\/wp-content\/uploads\/2021\/01\/Pierre-Jeanneret.jpg","width":1800,"height":1017,"caption":"Pierre Jeanneret"},{"@type":"BreadcrumbList","@id":"https:\/\/www.mobilier-design-occasion.fr\/magazine\/qui-etait-pierre-jeanneret-larchitecte-dans-lombre-de-le-corbusier\/#breadcrumb","itemListElement":[{"@type":"ListItem","position":1,"name":"Accueil","item":"https:\/\/www.mobilier-design-occasion.fr\/magazine\/"},{"@type":"ListItem","position":2,"name":"Qui \u00e9tait Pierre Jeanneret, l&rsquo;architecte dans l&rsquo;ombre de Le Corbusier?"}]},{"@type":"WebSite","@id":"https:\/\/www.mobilier-design-occasion.fr\/magazine\/#website","url":"https:\/\/www.mobilier-design-occasion.fr\/magazine\/","name":"Mobilier Design Magazine","description":"","publisher":{"@id":"https:\/\/www.mobilier-design-occasion.fr\/magazine\/#organization"},"potentialAction":[{"@type":"SearchAction","target":{"@type":"EntryPoint","urlTemplate":"https:\/\/www.mobilier-design-occasion.fr\/magazine\/?s={search_term_string}"},"query-input":{"@type":"PropertyValueSpecification","valueRequired":true,"valueName":"search_term_string"}}],"inLanguage":"fr-FR"},{"@type":"Organization","@id":"https:\/\/www.mobilier-design-occasion.fr\/magazine\/#organization","name":"Mobilier Design Magazine","url":"https:\/\/www.mobilier-design-occasion.fr\/magazine\/","logo":{"@type":"ImageObject","inLanguage":"fr-FR","@id":"https:\/\/www.mobilier-design-occasion.fr\/magazine\/#\/schema\/logo\/image\/","url":"https:\/\/www.mobilier-design-occasion.fr\/magazine\/wp-content\/uploads\/2024\/02\/android-chrome-192x192-1.png","contentUrl":"https:\/\/www.mobilier-design-occasion.fr\/magazine\/wp-content\/uploads\/2024\/02\/android-chrome-192x192-1.png","width":192,"height":192,"caption":"Mobilier Design Magazine"},"image":{"@id":"https:\/\/www.mobilier-design-occasion.fr\/magazine\/#\/schema\/logo\/image\/"},"sameAs":["https:\/\/www.facebook.com\/mobilierdesignoccasion"]},{"@type":"Person","@id":"https:\/\/www.mobilier-design-occasion.fr\/magazine\/#\/schema\/person\/5b2e5627a714ddadaaf8c9b886c55eff","name":"Cyrielle Poirot","image":{"@type":"ImageObject","inLanguage":"fr-FR","@id":"https:\/\/secure.gravatar.com\/avatar\/c8d2674e093b06894d8d1dc468b626bd752523471f3ac6e75f7c7a1400d40b4d?s=96&d=mm&r=g","url":"https:\/\/secure.gravatar.com\/avatar\/c8d2674e093b06894d8d1dc468b626bd752523471f3ac6e75f7c7a1400d40b4d?s=96&d=mm&r=g","contentUrl":"https:\/\/secure.gravatar.com\/avatar\/c8d2674e093b06894d8d1dc468b626bd752523471f3ac6e75f7c7a1400d40b4d?s=96&d=mm&r=g","caption":"Cyrielle Poirot"},"description":"Cyrielle est passionn\u00e9e par la d\u00e9coration d'int\u00e9rieur et s'est sp\u00e9cialis\u00e9e depuis quelques ann\u00e9es dans l'\u00e9dition du site Mobilier-Design, avec une touche sp\u00e9cifique pour les produits d'occasion.","sameAs":["https:\/\/www.mobilier-design-occasion.fr\/magazine"],"url":"https:\/\/www.mobilier-design-occasion.fr\/magazine\/author\/cyrielle\/"}]}},"_links":{"self":[{"href":"https:\/\/www.mobilier-design-occasion.fr\/magazine\/wp-json\/wp\/v2\/posts\/204","targetHints":{"allow":["GET"]}}],"collection":[{"href":"https:\/\/www.mobilier-design-occasion.fr\/magazine\/wp-json\/wp\/v2\/posts"}],"about":[{"href":"https:\/\/www.mobilier-design-occasion.fr\/magazine\/wp-json\/wp\/v2\/types\/post"}],"author":[{"embeddable":true,"href":"https:\/\/www.mobilier-design-occasion.fr\/magazine\/wp-json\/wp\/v2\/users\/1"}],"replies":[{"embeddable":true,"href":"https:\/\/www.mobilier-design-occasion.fr\/magazine\/wp-json\/wp\/v2\/comments?post=204"}],"version-history":[{"count":1,"href":"https:\/\/www.mobilier-design-occasion.fr\/magazine\/wp-json\/wp\/v2\/posts\/204\/revisions"}],"predecessor-version":[{"id":206,"href":"https:\/\/www.mobilier-design-occasion.fr\/magazine\/wp-json\/wp\/v2\/posts\/204\/revisions\/206"}],"wp:featuredmedia":[{"embeddable":true,"href":"https:\/\/www.mobilier-design-occasion.fr\/magazine\/wp-json\/wp\/v2\/media\/205"}],"wp:attachment":[{"href":"https:\/\/www.mobilier-design-occasion.fr\/magazine\/wp-json\/wp\/v2\/media?parent=204"}],"wp:term":[{"taxonomy":"category","embeddable":true,"href":"https:\/\/www.mobilier-design-occasion.fr\/magazine\/wp-json\/wp\/v2\/categories?post=204"},{"taxonomy":"post_tag","embeddable":true,"href":"https:\/\/www.mobilier-design-occasion.fr\/magazine\/wp-json\/wp\/v2\/tags?post=204"}],"curies":[{"name":"wp","href":"https:\/\/api.w.org\/{rel}","templated":true}]}}