{"id":20,"date":"2021-01-20T10:58:53","date_gmt":"2021-01-20T10:58:53","guid":{"rendered":"https:\/\/www.mobilier-design-occasion.fr\/magazine\/?p=20"},"modified":"2023-09-25T13:39:50","modified_gmt":"2023-09-25T13:39:50","slug":"comment-avoir-un-interieur-vintage","status":"publish","type":"post","link":"https:\/\/www.mobilier-design-occasion.fr\/magazine\/comment-avoir-un-interieur-vintage\/","title":{"rendered":"Comment cr\u00e9er un int\u00e9rieur vintage?"},"content":{"rendered":"\n<p>Voici des id\u00e9es d&#8217;am\u00e9nagements qui vous feront transformer votre int\u00e9rieur en une maison tendance, chaleureuse et confortable. <\/p>\n\n\n\n<p>Comment faire de votre int\u00e9rieur un endroit unique? Comment meubler en donnant du caract\u00e8re \u00e0 votre pi\u00e8ce favorite?<\/p>\n\n\n\n<p>Comme on aime nous le rappeler l&#8217;histoire est faite d&#8217;\u00e9v\u00e9nements qui se r\u00e9p\u00e8tent dans le temps de mani\u00e8re cyclique. En observant les tendances de ces derni\u00e8res ann\u00e9es, on peut affirmer que la m\u00eame chose se produit dans le domaine de la d\u00e9coration int\u00e9rieure.<\/p>\n\n\n\n<p>Il est \u00e9galement possible de d\u00e9corer <a href=\"https:\/\/www.lelitcabane.fr\/collections\/chambre-enfant-vintage\">la chambre de votre enfant<\/a> dans un style vintage. Le choix des mat\u00e9riaux a alors toute son importance: <a href=\"https:\/\/www.lelitcabane.fr\/products\/lit-bebe-en-rotin-frederick\">un lit b\u00e9b\u00e9 en rotin<\/a>, du <a href=\"https:\/\/www.mobilier-design-occasion.fr\/magazine\/avis-mathy-by-bols\/\">bois<\/a> naturel et le lin sont parfaits lorsqu&#8217;ils sont mari\u00e9s \u00e0 des couleurs douces tendances.<\/p>\n\n\n\n<h2 class=\"wp-block-heading\"><span class=\"ez-toc-section\" id=\"Mix_match_la_cle_de_votre_decoration_dinterieur\"><\/span>Mix &amp; match: la cl\u00e9 de votre d\u00e9coration d&#8217;int\u00e9rieur<span class=\"ez-toc-section-end\"><\/span><\/h2><div id=\"ez-toc-container\" class=\"ez-toc-v2_0_82_2 counter-hierarchy ez-toc-counter ez-toc-grey ez-toc-container-direction\">\n<div class=\"ez-toc-title-container\">\n<span class=\"ez-toc-title-toggle\"><a href=\"#\" class=\"ez-toc-pull-right ez-toc-btn ez-toc-btn-xs ez-toc-btn-default ez-toc-toggle\" aria-label=\"Toggle Table of Content\"><span class=\"ez-toc-js-icon-con\"><span class=\"\"><span class=\"eztoc-hide\" style=\"display:none;\">Toggle<\/span><span class=\"ez-toc-icon-toggle-span\"><svg style=\"fill: #999;color:#999\" xmlns=\"http:\/\/www.w3.org\/2000\/svg\" class=\"list-377408\" width=\"20px\" height=\"20px\" viewBox=\"0 0 24 24\" fill=\"none\"><path d=\"M6 6H4v2h2V6zm14 0H8v2h12V6zM4 11h2v2H4v-2zm16 0H8v2h12v-2zM4 16h2v2H4v-2zm16 0H8v2h12v-2z\" fill=\"currentColor\"><\/path><\/svg><svg style=\"fill: #999;color:#999\" class=\"arrow-unsorted-368013\" xmlns=\"http:\/\/www.w3.org\/2000\/svg\" width=\"10px\" height=\"10px\" viewBox=\"0 0 24 24\" version=\"1.2\" baseProfile=\"tiny\"><path d=\"M18.2 9.3l-6.2-6.3-6.2 6.3c-.2.2-.3.4-.3.7s.1.5.3.7c.2.2.4.3.7.3h11c.3 0 .5-.1.7-.3.2-.2.3-.5.3-.7s-.1-.5-.3-.7zM5.8 14.7l6.2 6.3 6.2-6.3c.2-.2.3-.5.3-.7s-.1-.5-.3-.7c-.2-.2-.4-.3-.7-.3h-11c-.3 0-.5.1-.7.3-.2.2-.3.5-.3.7s.1.5.3.7z\"\/><\/svg><\/span><\/span><\/span><\/a><\/span><\/div>\n<nav><ul class='ez-toc-list ez-toc-list-level-1 eztoc-toggle-hide-by-default' ><li class='ez-toc-page-1 ez-toc-heading-level-2'><a class=\"ez-toc-link ez-toc-heading-1\" href=\"https:\/\/www.mobilier-design-occasion.fr\/magazine\/comment-avoir-un-interieur-vintage\/#Mix_match_la_cle_de_votre_decoration_dinterieur\" >Mix &amp; match: la cl\u00e9 de votre d\u00e9coration d&#8217;int\u00e9rieur<\/a><\/li><li class='ez-toc-page-1 ez-toc-heading-level-2'><a class=\"ez-toc-link ez-toc-heading-2\" href=\"https:\/\/www.mobilier-design-occasion.fr\/magazine\/comment-avoir-un-interieur-vintage\/#Lame_du_vintage\" >L&#8217;\u00e2me du vintage<\/a><\/li><li class='ez-toc-page-1 ez-toc-heading-level-2'><a class=\"ez-toc-link ez-toc-heading-3\" href=\"https:\/\/www.mobilier-design-occasion.fr\/magazine\/comment-avoir-un-interieur-vintage\/#Vos_murs_racontent_une_histoire\" >Vos murs racontent une histoire<\/a><\/li><li class='ez-toc-page-1 ez-toc-heading-level-2'><a class=\"ez-toc-link ez-toc-heading-4\" href=\"https:\/\/www.mobilier-design-occasion.fr\/magazine\/comment-avoir-un-interieur-vintage\/#Des_assises_intemporelles\" >Des assises intemporelles<\/a><\/li><\/ul><\/nav><\/div>\n\n\n\n\n<p><\/p>\n\n\n\n<p>Ces derni\u00e8res ann\u00e9es, la grande tendance est de chiner notre d\u00e9coration d&#8217;int\u00e9rieur. Les meubles vintage entrent dans l&#8217;int\u00e9rieur de nos maisons modernes, les transformant compl\u00e8tement.<\/p>\n\n\n\n<p>Les <strong>meubles<\/strong> et <strong>objets vintage<\/strong> donnent une touche r\u00e9tro aux maisons. On parle aussi d&#8217;ambiances reconstitu\u00e9es avec des meubles cibl\u00e9s qui ont une histoire, un v\u00e9cu.<\/p>\n\n\n\n<p>C&#8217;est \u00e0 nous de donner <strong><a href=\"https:\/\/www.mobilier-design-occasion.fr\/\">une nouvelle vie aux objets<\/a><\/strong>, en cherchant une vraie dimension pour eux dans notre \u00e9poque, en les faisant inexplicablement devenir du <a href=\"https:\/\/www.mobilier-design-occasion.fr\/magazine\/test-avis-sur-deco-in-paris\/\">mobilier contemporain<\/a>. Parce que c&#8217;est exactement ce qui se passe quand on parvient \u00e0 relier l<strong>&#8216;inspiration vintage<\/strong> \u00e0 la vie moderne.<\/p>\n\n\n\n<p><\/p>\n\n\n\n<p><\/p>\n\n\n\n<figure class=\"wp-block-image size-large\"><img loading=\"lazy\" decoding=\"async\" width=\"683\" height=\"1024\" src=\"https:\/\/www.mobilier-design-occasion.fr\/magazine\/wp-content\/uploads\/2021\/01\/pexels-lisa-fotios-909504-1-683x1024.jpg\" alt=\"\" class=\"wp-image-83\" srcset=\"https:\/\/www.mobilier-design-occasion.fr\/magazine\/wp-content\/uploads\/2021\/01\/pexels-lisa-fotios-909504-1-683x1024.jpg 683w, https:\/\/www.mobilier-design-occasion.fr\/magazine\/wp-content\/uploads\/2021\/01\/pexels-lisa-fotios-909504-1-200x300.jpg 200w, https:\/\/www.mobilier-design-occasion.fr\/magazine\/wp-content\/uploads\/2021\/01\/pexels-lisa-fotios-909504-1-768x1152.jpg 768w, https:\/\/www.mobilier-design-occasion.fr\/magazine\/wp-content\/uploads\/2021\/01\/pexels-lisa-fotios-909504-1-1024x1536.jpg 1024w, https:\/\/www.mobilier-design-occasion.fr\/magazine\/wp-content\/uploads\/2021\/01\/pexels-lisa-fotios-909504-1-1365x2048.jpg 1365w, https:\/\/www.mobilier-design-occasion.fr\/magazine\/wp-content\/uploads\/2021\/01\/pexels-lisa-fotios-909504-1-810x1215.jpg 810w, https:\/\/www.mobilier-design-occasion.fr\/magazine\/wp-content\/uploads\/2021\/01\/pexels-lisa-fotios-909504-1-1140x1710.jpg 1140w, https:\/\/www.mobilier-design-occasion.fr\/magazine\/wp-content\/uploads\/2021\/01\/pexels-lisa-fotios-909504-1-scaled.jpg 1707w\" sizes=\"auto, (max-width: 683px) 100vw, 683px\" \/><\/figure>\n\n\n\n<p><\/p>\n\n\n\n<p><\/p>\n\n\n\n<h2 class=\"wp-block-heading\"><span class=\"ez-toc-section\" id=\"Lame_du_vintage\"><\/span>L&#8217;\u00e2me du vintage<span class=\"ez-toc-section-end\"><\/span><\/h2>\n\n\n\n<p><br>Il s&#8217;agit de meubles pr\u00e9cieux du pass\u00e9, car \u00e0 nos yeux ils repr\u00e9sentent un morceau de vie pass\u00e9. La simple pr\u00e9sence d&#8217;un objet d&#8217;\u00e9poque dans une pi\u00e8ce d\u00e9crit un voyage dans le temps.<\/p>\n\n\n\n<p>La chine de ces pi\u00e8ces <a href=\"https:\/\/www.mobilier-design-occasion.fr\/magazine\/table-tulipe-knoll-indemodable-du-design\/\">design<\/a> est souvent le r\u00e9sultat de recherches parmi les nombreuses pi\u00e8ces propos\u00e9es sur le march\u00e9 du meuble d&#8217;occasion.<\/p>\n\n\n\n<p>Vintage signifie aussi des objets d&#8217;<strong>inspiration<\/strong>, du <a href=\"https:\/\/www.mobilier-design-occasion.fr\/magazine\/test-avis-sur-la-redoute-interieurs-am-pm\/\">mobilier<\/a> qui rappelle les <strong><a href=\"https:\/\/www.mobilier-design-occasion.fr\/les-designers.html\">ic\u00f4nes du pass\u00e9<\/a><\/strong> que nous aimons, avec l&#8217;effet inexorable du temps qui passe, ce qui les rend encore plus beaux et vrais.<\/p>\n\n\n\n<p>Le choix est fait avec passion et l&#8217;impression de faire partie de leur histoire.<\/p>\n\n\n\n<p>Les objets vintage entrent dans les diff\u00e9rentes pi\u00e8ces de la maison et les transforment avec leurs formes originales, leurs mati\u00e8res, souvent diam\u00e9tralement oppos\u00e9es aux meubles des grandes marques industrielles r\u00e9alis\u00e9s en s\u00e9rie et import\u00e9s \u00e0 bord d&#8217;\u00e9normes containers en provenance de l&#8217;autre bout de la plan\u00e8te. <\/p>\n\n\n\n<figure class=\"wp-block-pullquote\"><blockquote><p><strong>En dehors des sch\u00e9mas quelque peu rigides de la modernit\u00e9 sans \u00e2me, dans le vintage la valeur sentimentale des objets s&#8217;exprime sans r\u00e9serve.<\/strong><\/p><\/blockquote><\/figure>\n\n\n\n<p><\/p>\n\n\n\n<p><\/p>\n\n\n\n<h2 class=\"wp-block-heading\"><span class=\"ez-toc-section\" id=\"Vos_murs_racontent_une_histoire\"><\/span>Vos murs racontent une histoire<span class=\"ez-toc-section-end\"><\/span><\/h2>\n\n\n\n<p><br>Cadres et photos en noir et blanc, ou plut\u00f4t en jaune et noir. Accrochez sur vos murs les photos jaunies par le temps r\u00e9cup\u00e9r\u00e9es dans le grenier de vos grands-parents.<\/p>\n\n\n\n<p>Des grands cadres et des petits cadres, de pr\u00e9f\u00e9rence simples, car l&#8217;histoire qu&#8217;ils racontent n&#8217;a pas besoin de fioritures.<\/p>\n\n\n\n<p>Les photos sont un moyen de nous ramener rapidement dans le pass\u00e9. Ou par exemple une affiche avec une star de la musique des ann\u00e9es 70, avec ses cheveux longs et son pantalon \u00e9vas\u00e9 n&#8217;a pas besoin d&#8217;explication.<\/p>\n\n\n\n<figure class=\"wp-block-image size-large\"><img loading=\"lazy\" decoding=\"async\" width=\"1024\" height=\"768\" src=\"https:\/\/www.mobilier-design-occasion.fr\/magazine\/wp-content\/uploads\/2021\/01\/pexels-pixabay-269810-1024x768.jpg\" alt=\"\" class=\"wp-image-84\" srcset=\"https:\/\/www.mobilier-design-occasion.fr\/magazine\/wp-content\/uploads\/2021\/01\/pexels-pixabay-269810-1024x768.jpg 1024w, https:\/\/www.mobilier-design-occasion.fr\/magazine\/wp-content\/uploads\/2021\/01\/pexels-pixabay-269810-300x225.jpg 300w, https:\/\/www.mobilier-design-occasion.fr\/magazine\/wp-content\/uploads\/2021\/01\/pexels-pixabay-269810-768x576.jpg 768w, https:\/\/www.mobilier-design-occasion.fr\/magazine\/wp-content\/uploads\/2021\/01\/pexels-pixabay-269810-1536x1152.jpg 1536w, https:\/\/www.mobilier-design-occasion.fr\/magazine\/wp-content\/uploads\/2021\/01\/pexels-pixabay-269810-scaled.jpg 2048w, https:\/\/www.mobilier-design-occasion.fr\/magazine\/wp-content\/uploads\/2021\/01\/pexels-pixabay-269810-810x608.jpg 810w, https:\/\/www.mobilier-design-occasion.fr\/magazine\/wp-content\/uploads\/2021\/01\/pexels-pixabay-269810-1140x855.jpg 1140w\" sizes=\"auto, (max-width: 1024px) 100vw, 1024px\" \/><\/figure>\n\n\n\n<p><\/p>\n\n\n\n<figure class=\"wp-block-pullquote\"><blockquote><p><br>Certaines choses nous pouvons les acheter, d&#8217;autres sont inestimables. Les maisons anciennes sont douillettes et chaleureuses comme un c\u00e2lin d&#8217;un ami cher.<\/p><\/blockquote><\/figure>\n\n\n\n<p><\/p>\n\n\n\n<p><\/p>\n\n\n\n<p><\/p>\n\n\n\n<p><\/p>\n\n\n\n<h2 class=\"wp-block-heading\"><span class=\"ez-toc-section\" id=\"Des_assises_intemporelles\"><\/span>Des assises intemporelles<span class=\"ez-toc-section-end\"><\/span><\/h2>\n\n\n\n<p>La d\u00e9coration d&#8217;int\u00e9rieur vintage ne peut pas \u00eatre telle sans une <a href=\"https:\/\/www.mobilier-design-occasion.fr\/magazine\/fermob-occasion\/\">chaise<\/a>, un <a href=\"https:\/\/www.mobilier-design-occasion.fr\/magazine\/test-avis-sur-poltronesofa\/\">fauteuil<\/a> ou un canap\u00e9 vintage. Qui n&#8217;a pas d\u00e9j\u00e0 r\u00eav\u00e9 d&#8217;avoir dans son salon un fauteuil <strong><a href=\"https:\/\/www.mobilier-design-occasion.fr\/designer\/le-corbusier.html\">Le Corbusier<\/a><\/strong>, une chaise <strong><a href=\"https:\/\/www.mobilier-design-occasion.fr\/designer\/verner-panton.html\">Panton<\/a><\/strong> ou un canap\u00e9 <strong><a href=\"https:\/\/www.mobilier-design-occasion.fr\/editeur\/roche-bobois.html\">Roche Bobois<\/a><\/strong>?<\/p>\n\n\n\n<p><br>Venez chiner sur <a href=\"https:\/\/www.mobilier-design-occasion.fr\/magazine\/nos-idees-pour-amenager-votre-terrasse-avec-fermob\/\">Mobilier Design<\/a> d&#8217;Occasion un canap\u00e9 design avec une empreinte et une histoire uniques, pour que votre salon devienne vintage et original. Il n&#8217;y a pas de styles ou de tendances \u00e0 suivre, vous trouverez toujours un designer ou un mod\u00e8le qui vous correspond.<\/p>\n\n\n\n<p><\/p>\n\n\n\n<p>Et vous, avez-vous d\u00e9j\u00e0 craqu\u00e9 pour le mod\u00e8le design de vos r\u00eaves?<\/p>\n\n\n\n<p><\/p>\n\n\n\n<figure class=\"wp-block-image size-large\"><img decoding=\"async\" src=\"blob:https:\/\/www.mobilier-design-occasion.fr\/4b33ad66-5431-4d7d-9c4d-6edab3531030\" alt=\"\"\/><\/figure>\n","protected":false},"excerpt":{"rendered":"<p>Voici des id\u00e9es d&#8217;am\u00e9nagements qui vous feront transformer votre int\u00e9rieur en une maison tendance, chaleureuse et confortable. Comment faire de votre int\u00e9rieur un endroit unique? Comment meubler en donnant du caract\u00e8re \u00e0 votre pi\u00e8ce favorite? Comme on aime nous le rappeler l&#8217;histoire est faite d&#8217;\u00e9v\u00e9nements qui se r\u00e9p\u00e8tent dans le temps de mani\u00e8re cyclique. En [&hellip;]<\/p>\n","protected":false},"author":1,"featured_media":82,"comment_status":"open","ping_status":"open","sticky":false,"template":"","format":"standard","meta":{"footnotes":""},"categories":[2],"tags":[],"class_list":["post-20","post","type-post","status-publish","format-standard","has-post-thumbnail","hentry","category-tendances"],"yoast_head":"<!-- This site is optimized with the Yoast SEO plugin v27.5 - https:\/\/yoast.com\/product\/yoast-seo-wordpress\/ -->\n<title>Comment cr\u00e9er un int\u00e9rieur vintage? - Mobilier Design Magazine<\/title>\n<meta name=\"robots\" content=\"index, follow, max-snippet:-1, max-image-preview:large, max-video-preview:-1\" \/>\n<link rel=\"canonical\" href=\"https:\/\/www.mobilier-design-occasion.fr\/magazine\/comment-avoir-un-interieur-vintage\/\" \/>\n<meta property=\"og:locale\" content=\"fr_FR\" \/>\n<meta property=\"og:type\" content=\"article\" \/>\n<meta property=\"og:title\" content=\"Comment cr\u00e9er un int\u00e9rieur vintage? - Mobilier Design Magazine\" \/>\n<meta property=\"og:description\" content=\"Voici des id\u00e9es d&#8217;am\u00e9nagements qui vous feront transformer votre int\u00e9rieur en une maison tendance, chaleureuse et confortable. Comment faire de votre int\u00e9rieur un endroit unique? Comment meubler en donnant du caract\u00e8re \u00e0 votre pi\u00e8ce favorite? Comme on aime nous le rappeler l&#8217;histoire est faite d&#8217;\u00e9v\u00e9nements qui se r\u00e9p\u00e8tent dans le temps de mani\u00e8re cyclique. En [&hellip;]\" \/>\n<meta property=\"og:url\" content=\"https:\/\/www.mobilier-design-occasion.fr\/magazine\/comment-avoir-un-interieur-vintage\/\" \/>\n<meta property=\"og:site_name\" content=\"Mobilier Design Magazine\" \/>\n<meta property=\"article:publisher\" content=\"https:\/\/www.facebook.com\/mobilierdesignoccasion\" \/>\n<meta property=\"article:published_time\" content=\"2021-01-20T10:58:53+00:00\" \/>\n<meta property=\"article:modified_time\" content=\"2023-09-25T13:39:50+00:00\" \/>\n<meta property=\"og:image\" content=\"https:\/\/www.mobilier-design-occasion.fr\/magazine\/wp-content\/uploads\/2021\/01\/pexels-charlotte-may-5824530-scaled.jpg\" \/>\n\t<meta property=\"og:image:width\" content=\"1707\" \/>\n\t<meta property=\"og:image:height\" content=\"2560\" \/>\n\t<meta property=\"og:image:type\" content=\"image\/jpeg\" \/>\n<meta name=\"author\" content=\"Cyrielle Poirot\" \/>\n<meta name=\"twitter:card\" content=\"summary_large_image\" \/>\n<meta name=\"twitter:label1\" content=\"\u00c9crit par\" \/>\n\t<meta name=\"twitter:data1\" content=\"Cyrielle Poirot\" \/>\n\t<meta name=\"twitter:label2\" content=\"Dur\u00e9e de lecture estim\u00e9e\" \/>\n\t<meta name=\"twitter:data2\" content=\"3 minutes\" \/>\n<script type=\"application\/ld+json\" class=\"yoast-schema-graph\">{\"@context\":\"https:\\\/\\\/schema.org\",\"@graph\":[{\"@type\":\"Article\",\"@id\":\"https:\\\/\\\/www.mobilier-design-occasion.fr\\\/magazine\\\/comment-avoir-un-interieur-vintage\\\/#article\",\"isPartOf\":{\"@id\":\"https:\\\/\\\/www.mobilier-design-occasion.fr\\\/magazine\\\/comment-avoir-un-interieur-vintage\\\/\"},\"author\":{\"name\":\"Cyrielle Poirot\",\"@id\":\"https:\\\/\\\/www.mobilier-design-occasion.fr\\\/magazine\\\/#\\\/schema\\\/person\\\/5b2e5627a714ddadaaf8c9b886c55eff\"},\"headline\":\"Comment cr\u00e9er un int\u00e9rieur vintage?\",\"datePublished\":\"2021-01-20T10:58:53+00:00\",\"dateModified\":\"2023-09-25T13:39:50+00:00\",\"mainEntityOfPage\":{\"@id\":\"https:\\\/\\\/www.mobilier-design-occasion.fr\\\/magazine\\\/comment-avoir-un-interieur-vintage\\\/\"},\"wordCount\":720,\"commentCount\":0,\"publisher\":{\"@id\":\"https:\\\/\\\/www.mobilier-design-occasion.fr\\\/magazine\\\/#organization\"},\"image\":{\"@id\":\"https:\\\/\\\/www.mobilier-design-occasion.fr\\\/magazine\\\/comment-avoir-un-interieur-vintage\\\/#primaryimage\"},\"thumbnailUrl\":\"https:\\\/\\\/www.mobilier-design-occasion.fr\\\/magazine\\\/wp-content\\\/uploads\\\/2021\\\/01\\\/pexels-charlotte-may-5824530-scaled.jpg\",\"articleSection\":[\"Tendances\"],\"inLanguage\":\"fr-FR\",\"potentialAction\":[{\"@type\":\"CommentAction\",\"name\":\"Comment\",\"target\":[\"https:\\\/\\\/www.mobilier-design-occasion.fr\\\/magazine\\\/comment-avoir-un-interieur-vintage\\\/#respond\"]}]},{\"@type\":\"WebPage\",\"@id\":\"https:\\\/\\\/www.mobilier-design-occasion.fr\\\/magazine\\\/comment-avoir-un-interieur-vintage\\\/\",\"url\":\"https:\\\/\\\/www.mobilier-design-occasion.fr\\\/magazine\\\/comment-avoir-un-interieur-vintage\\\/\",\"name\":\"Comment cr\u00e9er un int\u00e9rieur vintage? - Mobilier Design Magazine\",\"isPartOf\":{\"@id\":\"https:\\\/\\\/www.mobilier-design-occasion.fr\\\/magazine\\\/#website\"},\"primaryImageOfPage\":{\"@id\":\"https:\\\/\\\/www.mobilier-design-occasion.fr\\\/magazine\\\/comment-avoir-un-interieur-vintage\\\/#primaryimage\"},\"image\":{\"@id\":\"https:\\\/\\\/www.mobilier-design-occasion.fr\\\/magazine\\\/comment-avoir-un-interieur-vintage\\\/#primaryimage\"},\"thumbnailUrl\":\"https:\\\/\\\/www.mobilier-design-occasion.fr\\\/magazine\\\/wp-content\\\/uploads\\\/2021\\\/01\\\/pexels-charlotte-may-5824530-scaled.jpg\",\"datePublished\":\"2021-01-20T10:58:53+00:00\",\"dateModified\":\"2023-09-25T13:39:50+00:00\",\"breadcrumb\":{\"@id\":\"https:\\\/\\\/www.mobilier-design-occasion.fr\\\/magazine\\\/comment-avoir-un-interieur-vintage\\\/#breadcrumb\"},\"inLanguage\":\"fr-FR\",\"potentialAction\":[{\"@type\":\"ReadAction\",\"target\":[\"https:\\\/\\\/www.mobilier-design-occasion.fr\\\/magazine\\\/comment-avoir-un-interieur-vintage\\\/\"]}]},{\"@type\":\"ImageObject\",\"inLanguage\":\"fr-FR\",\"@id\":\"https:\\\/\\\/www.mobilier-design-occasion.fr\\\/magazine\\\/comment-avoir-un-interieur-vintage\\\/#primaryimage\",\"url\":\"https:\\\/\\\/www.mobilier-design-occasion.fr\\\/magazine\\\/wp-content\\\/uploads\\\/2021\\\/01\\\/pexels-charlotte-may-5824530-scaled.jpg\",\"contentUrl\":\"https:\\\/\\\/www.mobilier-design-occasion.fr\\\/magazine\\\/wp-content\\\/uploads\\\/2021\\\/01\\\/pexels-charlotte-may-5824530-scaled.jpg\",\"width\":1707,\"height\":2560,\"caption\":\"Int\u00e9rieur Vintage\"},{\"@type\":\"BreadcrumbList\",\"@id\":\"https:\\\/\\\/www.mobilier-design-occasion.fr\\\/magazine\\\/comment-avoir-un-interieur-vintage\\\/#breadcrumb\",\"itemListElement\":[{\"@type\":\"ListItem\",\"position\":1,\"name\":\"Accueil\",\"item\":\"https:\\\/\\\/www.mobilier-design-occasion.fr\\\/magazine\\\/\"},{\"@type\":\"ListItem\",\"position\":2,\"name\":\"Comment cr\u00e9er un int\u00e9rieur vintage?\"}]},{\"@type\":\"WebSite\",\"@id\":\"https:\\\/\\\/www.mobilier-design-occasion.fr\\\/magazine\\\/#website\",\"url\":\"https:\\\/\\\/www.mobilier-design-occasion.fr\\\/magazine\\\/\",\"name\":\"Mobilier Design Magazine\",\"description\":\"\",\"publisher\":{\"@id\":\"https:\\\/\\\/www.mobilier-design-occasion.fr\\\/magazine\\\/#organization\"},\"potentialAction\":[{\"@type\":\"SearchAction\",\"target\":{\"@type\":\"EntryPoint\",\"urlTemplate\":\"https:\\\/\\\/www.mobilier-design-occasion.fr\\\/magazine\\\/?s={search_term_string}\"},\"query-input\":{\"@type\":\"PropertyValueSpecification\",\"valueRequired\":true,\"valueName\":\"search_term_string\"}}],\"inLanguage\":\"fr-FR\"},{\"@type\":\"Organization\",\"@id\":\"https:\\\/\\\/www.mobilier-design-occasion.fr\\\/magazine\\\/#organization\",\"name\":\"Mobilier Design Magazine\",\"url\":\"https:\\\/\\\/www.mobilier-design-occasion.fr\\\/magazine\\\/\",\"logo\":{\"@type\":\"ImageObject\",\"inLanguage\":\"fr-FR\",\"@id\":\"https:\\\/\\\/www.mobilier-design-occasion.fr\\\/magazine\\\/#\\\/schema\\\/logo\\\/image\\\/\",\"url\":\"https:\\\/\\\/www.mobilier-design-occasion.fr\\\/magazine\\\/wp-content\\\/uploads\\\/2024\\\/02\\\/android-chrome-192x192-1.png\",\"contentUrl\":\"https:\\\/\\\/www.mobilier-design-occasion.fr\\\/magazine\\\/wp-content\\\/uploads\\\/2024\\\/02\\\/android-chrome-192x192-1.png\",\"width\":192,\"height\":192,\"caption\":\"Mobilier Design Magazine\"},\"image\":{\"@id\":\"https:\\\/\\\/www.mobilier-design-occasion.fr\\\/magazine\\\/#\\\/schema\\\/logo\\\/image\\\/\"},\"sameAs\":[\"https:\\\/\\\/www.facebook.com\\\/mobilierdesignoccasion\"]},{\"@type\":\"Person\",\"@id\":\"https:\\\/\\\/www.mobilier-design-occasion.fr\\\/magazine\\\/#\\\/schema\\\/person\\\/5b2e5627a714ddadaaf8c9b886c55eff\",\"name\":\"Cyrielle Poirot\",\"image\":{\"@type\":\"ImageObject\",\"inLanguage\":\"fr-FR\",\"@id\":\"https:\\\/\\\/secure.gravatar.com\\\/avatar\\\/c8d2674e093b06894d8d1dc468b626bd752523471f3ac6e75f7c7a1400d40b4d?s=96&d=mm&r=g\",\"url\":\"https:\\\/\\\/secure.gravatar.com\\\/avatar\\\/c8d2674e093b06894d8d1dc468b626bd752523471f3ac6e75f7c7a1400d40b4d?s=96&d=mm&r=g\",\"contentUrl\":\"https:\\\/\\\/secure.gravatar.com\\\/avatar\\\/c8d2674e093b06894d8d1dc468b626bd752523471f3ac6e75f7c7a1400d40b4d?s=96&d=mm&r=g\",\"caption\":\"Cyrielle Poirot\"},\"description\":\"Cyrielle est passionn\u00e9e par la d\u00e9coration d'int\u00e9rieur et s'est sp\u00e9cialis\u00e9e depuis quelques ann\u00e9es dans l'\u00e9dition du site Mobilier-Design, avec une touche sp\u00e9cifique pour les produits d'occasion.\",\"sameAs\":[\"https:\\\/\\\/www.mobilier-design-occasion.fr\\\/magazine\"],\"url\":\"https:\\\/\\\/www.mobilier-design-occasion.fr\\\/magazine\\\/author\\\/cyrielle\\\/\"}]}<\/script>\n<!-- \/ Yoast SEO plugin. -->","yoast_head_json":{"title":"Comment cr\u00e9er un int\u00e9rieur vintage? - Mobilier Design Magazine","robots":{"index":"index","follow":"follow","max-snippet":"max-snippet:-1","max-image-preview":"max-image-preview:large","max-video-preview":"max-video-preview:-1"},"canonical":"https:\/\/www.mobilier-design-occasion.fr\/magazine\/comment-avoir-un-interieur-vintage\/","og_locale":"fr_FR","og_type":"article","og_title":"Comment cr\u00e9er un int\u00e9rieur vintage? - Mobilier Design Magazine","og_description":"Voici des id\u00e9es d&#8217;am\u00e9nagements qui vous feront transformer votre int\u00e9rieur en une maison tendance, chaleureuse et confortable. Comment faire de votre int\u00e9rieur un endroit unique? Comment meubler en donnant du caract\u00e8re \u00e0 votre pi\u00e8ce favorite? Comme on aime nous le rappeler l&#8217;histoire est faite d&#8217;\u00e9v\u00e9nements qui se r\u00e9p\u00e8tent dans le temps de mani\u00e8re cyclique. En [&hellip;]","og_url":"https:\/\/www.mobilier-design-occasion.fr\/magazine\/comment-avoir-un-interieur-vintage\/","og_site_name":"Mobilier Design Magazine","article_publisher":"https:\/\/www.facebook.com\/mobilierdesignoccasion","article_published_time":"2021-01-20T10:58:53+00:00","article_modified_time":"2023-09-25T13:39:50+00:00","og_image":[{"width":1707,"height":2560,"url":"https:\/\/www.mobilier-design-occasion.fr\/magazine\/wp-content\/uploads\/2021\/01\/pexels-charlotte-may-5824530-scaled.jpg","type":"image\/jpeg"}],"author":"Cyrielle Poirot","twitter_card":"summary_large_image","twitter_misc":{"\u00c9crit par":"Cyrielle Poirot","Dur\u00e9e de lecture estim\u00e9e":"3 minutes"},"schema":{"@context":"https:\/\/schema.org","@graph":[{"@type":"Article","@id":"https:\/\/www.mobilier-design-occasion.fr\/magazine\/comment-avoir-un-interieur-vintage\/#article","isPartOf":{"@id":"https:\/\/www.mobilier-design-occasion.fr\/magazine\/comment-avoir-un-interieur-vintage\/"},"author":{"name":"Cyrielle Poirot","@id":"https:\/\/www.mobilier-design-occasion.fr\/magazine\/#\/schema\/person\/5b2e5627a714ddadaaf8c9b886c55eff"},"headline":"Comment cr\u00e9er un int\u00e9rieur vintage?","datePublished":"2021-01-20T10:58:53+00:00","dateModified":"2023-09-25T13:39:50+00:00","mainEntityOfPage":{"@id":"https:\/\/www.mobilier-design-occasion.fr\/magazine\/comment-avoir-un-interieur-vintage\/"},"wordCount":720,"commentCount":0,"publisher":{"@id":"https:\/\/www.mobilier-design-occasion.fr\/magazine\/#organization"},"image":{"@id":"https:\/\/www.mobilier-design-occasion.fr\/magazine\/comment-avoir-un-interieur-vintage\/#primaryimage"},"thumbnailUrl":"https:\/\/www.mobilier-design-occasion.fr\/magazine\/wp-content\/uploads\/2021\/01\/pexels-charlotte-may-5824530-scaled.jpg","articleSection":["Tendances"],"inLanguage":"fr-FR","potentialAction":[{"@type":"CommentAction","name":"Comment","target":["https:\/\/www.mobilier-design-occasion.fr\/magazine\/comment-avoir-un-interieur-vintage\/#respond"]}]},{"@type":"WebPage","@id":"https:\/\/www.mobilier-design-occasion.fr\/magazine\/comment-avoir-un-interieur-vintage\/","url":"https:\/\/www.mobilier-design-occasion.fr\/magazine\/comment-avoir-un-interieur-vintage\/","name":"Comment cr\u00e9er un int\u00e9rieur vintage? - Mobilier Design Magazine","isPartOf":{"@id":"https:\/\/www.mobilier-design-occasion.fr\/magazine\/#website"},"primaryImageOfPage":{"@id":"https:\/\/www.mobilier-design-occasion.fr\/magazine\/comment-avoir-un-interieur-vintage\/#primaryimage"},"image":{"@id":"https:\/\/www.mobilier-design-occasion.fr\/magazine\/comment-avoir-un-interieur-vintage\/#primaryimage"},"thumbnailUrl":"https:\/\/www.mobilier-design-occasion.fr\/magazine\/wp-content\/uploads\/2021\/01\/pexels-charlotte-may-5824530-scaled.jpg","datePublished":"2021-01-20T10:58:53+00:00","dateModified":"2023-09-25T13:39:50+00:00","breadcrumb":{"@id":"https:\/\/www.mobilier-design-occasion.fr\/magazine\/comment-avoir-un-interieur-vintage\/#breadcrumb"},"inLanguage":"fr-FR","potentialAction":[{"@type":"ReadAction","target":["https:\/\/www.mobilier-design-occasion.fr\/magazine\/comment-avoir-un-interieur-vintage\/"]}]},{"@type":"ImageObject","inLanguage":"fr-FR","@id":"https:\/\/www.mobilier-design-occasion.fr\/magazine\/comment-avoir-un-interieur-vintage\/#primaryimage","url":"https:\/\/www.mobilier-design-occasion.fr\/magazine\/wp-content\/uploads\/2021\/01\/pexels-charlotte-may-5824530-scaled.jpg","contentUrl":"https:\/\/www.mobilier-design-occasion.fr\/magazine\/wp-content\/uploads\/2021\/01\/pexels-charlotte-may-5824530-scaled.jpg","width":1707,"height":2560,"caption":"Int\u00e9rieur Vintage"},{"@type":"BreadcrumbList","@id":"https:\/\/www.mobilier-design-occasion.fr\/magazine\/comment-avoir-un-interieur-vintage\/#breadcrumb","itemListElement":[{"@type":"ListItem","position":1,"name":"Accueil","item":"https:\/\/www.mobilier-design-occasion.fr\/magazine\/"},{"@type":"ListItem","position":2,"name":"Comment cr\u00e9er un int\u00e9rieur vintage?"}]},{"@type":"WebSite","@id":"https:\/\/www.mobilier-design-occasion.fr\/magazine\/#website","url":"https:\/\/www.mobilier-design-occasion.fr\/magazine\/","name":"Mobilier Design Magazine","description":"","publisher":{"@id":"https:\/\/www.mobilier-design-occasion.fr\/magazine\/#organization"},"potentialAction":[{"@type":"SearchAction","target":{"@type":"EntryPoint","urlTemplate":"https:\/\/www.mobilier-design-occasion.fr\/magazine\/?s={search_term_string}"},"query-input":{"@type":"PropertyValueSpecification","valueRequired":true,"valueName":"search_term_string"}}],"inLanguage":"fr-FR"},{"@type":"Organization","@id":"https:\/\/www.mobilier-design-occasion.fr\/magazine\/#organization","name":"Mobilier Design Magazine","url":"https:\/\/www.mobilier-design-occasion.fr\/magazine\/","logo":{"@type":"ImageObject","inLanguage":"fr-FR","@id":"https:\/\/www.mobilier-design-occasion.fr\/magazine\/#\/schema\/logo\/image\/","url":"https:\/\/www.mobilier-design-occasion.fr\/magazine\/wp-content\/uploads\/2024\/02\/android-chrome-192x192-1.png","contentUrl":"https:\/\/www.mobilier-design-occasion.fr\/magazine\/wp-content\/uploads\/2024\/02\/android-chrome-192x192-1.png","width":192,"height":192,"caption":"Mobilier Design Magazine"},"image":{"@id":"https:\/\/www.mobilier-design-occasion.fr\/magazine\/#\/schema\/logo\/image\/"},"sameAs":["https:\/\/www.facebook.com\/mobilierdesignoccasion"]},{"@type":"Person","@id":"https:\/\/www.mobilier-design-occasion.fr\/magazine\/#\/schema\/person\/5b2e5627a714ddadaaf8c9b886c55eff","name":"Cyrielle Poirot","image":{"@type":"ImageObject","inLanguage":"fr-FR","@id":"https:\/\/secure.gravatar.com\/avatar\/c8d2674e093b06894d8d1dc468b626bd752523471f3ac6e75f7c7a1400d40b4d?s=96&d=mm&r=g","url":"https:\/\/secure.gravatar.com\/avatar\/c8d2674e093b06894d8d1dc468b626bd752523471f3ac6e75f7c7a1400d40b4d?s=96&d=mm&r=g","contentUrl":"https:\/\/secure.gravatar.com\/avatar\/c8d2674e093b06894d8d1dc468b626bd752523471f3ac6e75f7c7a1400d40b4d?s=96&d=mm&r=g","caption":"Cyrielle Poirot"},"description":"Cyrielle est passionn\u00e9e par la d\u00e9coration d'int\u00e9rieur et s'est sp\u00e9cialis\u00e9e depuis quelques ann\u00e9es dans l'\u00e9dition du site Mobilier-Design, avec une touche sp\u00e9cifique pour les produits d'occasion.","sameAs":["https:\/\/www.mobilier-design-occasion.fr\/magazine"],"url":"https:\/\/www.mobilier-design-occasion.fr\/magazine\/author\/cyrielle\/"}]}},"_links":{"self":[{"href":"https:\/\/www.mobilier-design-occasion.fr\/magazine\/wp-json\/wp\/v2\/posts\/20","targetHints":{"allow":["GET"]}}],"collection":[{"href":"https:\/\/www.mobilier-design-occasion.fr\/magazine\/wp-json\/wp\/v2\/posts"}],"about":[{"href":"https:\/\/www.mobilier-design-occasion.fr\/magazine\/wp-json\/wp\/v2\/types\/post"}],"author":[{"embeddable":true,"href":"https:\/\/www.mobilier-design-occasion.fr\/magazine\/wp-json\/wp\/v2\/users\/1"}],"replies":[{"embeddable":true,"href":"https:\/\/www.mobilier-design-occasion.fr\/magazine\/wp-json\/wp\/v2\/comments?post=20"}],"version-history":[{"count":8,"href":"https:\/\/www.mobilier-design-occasion.fr\/magazine\/wp-json\/wp\/v2\/posts\/20\/revisions"}],"predecessor-version":[{"id":6167,"href":"https:\/\/www.mobilier-design-occasion.fr\/magazine\/wp-json\/wp\/v2\/posts\/20\/revisions\/6167"}],"wp:featuredmedia":[{"embeddable":true,"href":"https:\/\/www.mobilier-design-occasion.fr\/magazine\/wp-json\/wp\/v2\/media\/82"}],"wp:attachment":[{"href":"https:\/\/www.mobilier-design-occasion.fr\/magazine\/wp-json\/wp\/v2\/media?parent=20"}],"wp:term":[{"taxonomy":"category","embeddable":true,"href":"https:\/\/www.mobilier-design-occasion.fr\/magazine\/wp-json\/wp\/v2\/categories?post=20"},{"taxonomy":"post_tag","embeddable":true,"href":"https:\/\/www.mobilier-design-occasion.fr\/magazine\/wp-json\/wp\/v2\/tags?post=20"}],"curies":[{"name":"wp","href":"https:\/\/api.w.org\/{rel}","templated":true}]}}