{"id":1901,"date":"2021-10-04T17:54:24","date_gmt":"2021-10-04T17:54:24","guid":{"rendered":"https:\/\/www.mobilier-design-occasion.fr\/magazine\/?p=1901"},"modified":"2021-10-04T17:54:25","modified_gmt":"2021-10-04T17:54:25","slug":"test-avis-sur-le-lit","status":"publish","type":"post","link":"https:\/\/www.mobilier-design-occasion.fr\/magazine\/test-avis-sur-le-lit\/","title":{"rendered":"Test &#038; avis sur Le Lit"},"content":{"rendered":"\n<h2 class=\"wp-block-heading\"><span class=\"ez-toc-section\" id=\"Qui_est_Le_Lit\"><\/span>Qui est Le Lit?<span class=\"ez-toc-section-end\"><\/span><\/h2><div id=\"ez-toc-container\" class=\"ez-toc-v2_0_82_2 counter-hierarchy ez-toc-counter ez-toc-grey ez-toc-container-direction\">\n<div class=\"ez-toc-title-container\">\n<span class=\"ez-toc-title-toggle\"><a href=\"#\" class=\"ez-toc-pull-right ez-toc-btn ez-toc-btn-xs ez-toc-btn-default ez-toc-toggle\" aria-label=\"Toggle Table of Content\"><span class=\"ez-toc-js-icon-con\"><span class=\"\"><span class=\"eztoc-hide\" style=\"display:none;\">Toggle<\/span><span class=\"ez-toc-icon-toggle-span\"><svg style=\"fill: #999;color:#999\" xmlns=\"http:\/\/www.w3.org\/2000\/svg\" class=\"list-377408\" width=\"20px\" height=\"20px\" viewBox=\"0 0 24 24\" fill=\"none\"><path d=\"M6 6H4v2h2V6zm14 0H8v2h12V6zM4 11h2v2H4v-2zm16 0H8v2h12v-2zM4 16h2v2H4v-2zm16 0H8v2h12v-2z\" fill=\"currentColor\"><\/path><\/svg><svg style=\"fill: #999;color:#999\" class=\"arrow-unsorted-368013\" xmlns=\"http:\/\/www.w3.org\/2000\/svg\" width=\"10px\" height=\"10px\" viewBox=\"0 0 24 24\" version=\"1.2\" baseProfile=\"tiny\"><path d=\"M18.2 9.3l-6.2-6.3-6.2 6.3c-.2.2-.3.4-.3.7s.1.5.3.7c.2.2.4.3.7.3h11c.3 0 .5-.1.7-.3.2-.2.3-.5.3-.7s-.1-.5-.3-.7zM5.8 14.7l6.2 6.3 6.2-6.3c.2-.2.3-.5.3-.7s-.1-.5-.3-.7c-.2-.2-.4-.3-.7-.3h-11c-.3 0-.5.1-.7.3-.2.2-.3.5-.3.7s.1.5.3.7z\"\/><\/svg><\/span><\/span><\/span><\/a><\/span><\/div>\n<nav><ul class='ez-toc-list ez-toc-list-level-1 eztoc-toggle-hide-by-default' ><li class='ez-toc-page-1 ez-toc-heading-level-2'><a class=\"ez-toc-link ez-toc-heading-1\" href=\"https:\/\/www.mobilier-design-occasion.fr\/magazine\/test-avis-sur-le-lit\/#Qui_est_Le_Lit\" >Qui est Le Lit?<\/a><\/li><li class='ez-toc-page-1 ez-toc-heading-level-2'><a class=\"ez-toc-link ez-toc-heading-2\" href=\"https:\/\/www.mobilier-design-occasion.fr\/magazine\/test-avis-sur-le-lit\/#Les_coordonnees_de_Le_Lit\" >Les coordonn\u00e9es de Le Lit<\/a><\/li><li class='ez-toc-page-1 ez-toc-heading-level-2'><a class=\"ez-toc-link ez-toc-heading-3\" href=\"https:\/\/www.mobilier-design-occasion.fr\/magazine\/test-avis-sur-le-lit\/#La_promesse\" >La promesse<\/a><\/li><li class='ez-toc-page-1 ez-toc-heading-level-2'><a class=\"ez-toc-link ez-toc-heading-4\" href=\"https:\/\/www.mobilier-design-occasion.fr\/magazine\/test-avis-sur-le-lit\/#Les_magasins_Le_Lit\" >Les magasins Le Lit<\/a><\/li><li class='ez-toc-page-1 ez-toc-heading-level-2'><a class=\"ez-toc-link ez-toc-heading-5\" href=\"https:\/\/www.mobilier-design-occasion.fr\/magazine\/test-avis-sur-le-lit\/#Les_avis_clients_sur_Le_Lit\" >Les avis clients sur Le Lit<\/a><ul class='ez-toc-list-level-3' ><li class='ez-toc-heading-level-3'><a class=\"ez-toc-link ez-toc-heading-6\" href=\"https:\/\/www.mobilier-design-occasion.fr\/magazine\/test-avis-sur-le-lit\/#Plutot_negatif\" >Plut\u00f4t n\u00e9gatif:<\/a><\/li><li class='ez-toc-page-1 ez-toc-heading-level-3'><a class=\"ez-toc-link ez-toc-heading-7\" href=\"https:\/\/www.mobilier-design-occasion.fr\/magazine\/test-avis-sur-le-lit\/#Plutot_positif\" >Plut\u00f4t positif:<\/a><\/li><li class='ez-toc-page-1 ez-toc-heading-level-3'><a class=\"ez-toc-link ez-toc-heading-8\" href=\"https:\/\/www.mobilier-design-occasion.fr\/magazine\/test-avis-sur-le-lit\/#Prix_du_produit\" >Prix du produit<\/a><\/li><li class='ez-toc-page-1 ez-toc-heading-level-3'><a class=\"ez-toc-link ez-toc-heading-9\" href=\"https:\/\/www.mobilier-design-occasion.fr\/magazine\/test-avis-sur-le-lit\/#Les_frais_de_livraison\" >Les frais de livraison<\/a><\/li><li class='ez-toc-page-1 ez-toc-heading-level-3'><a class=\"ez-toc-link ez-toc-heading-10\" href=\"https:\/\/www.mobilier-design-occasion.fr\/magazine\/test-avis-sur-le-lit\/#Les_moyens_de_paiement\" >Les moyens de paiement<\/a><\/li><li class='ez-toc-page-1 ez-toc-heading-level-3'><a class=\"ez-toc-link ez-toc-heading-11\" href=\"https:\/\/www.mobilier-design-occasion.fr\/magazine\/test-avis-sur-le-lit\/#Service_apres_vente\" >Service apr\u00e8s vente<\/a><\/li><li class='ez-toc-page-1 ez-toc-heading-level-3'><a class=\"ez-toc-link ez-toc-heading-12\" href=\"https:\/\/www.mobilier-design-occasion.fr\/magazine\/test-avis-sur-le-lit\/#Les_garanties\" >Les garanties<\/a><\/li><li class='ez-toc-page-1 ez-toc-heading-level-3'><a class=\"ez-toc-link ez-toc-heading-13\" href=\"https:\/\/www.mobilier-design-occasion.fr\/magazine\/test-avis-sur-le-lit\/#Quest-ce_qui_nous_manque\" >Qu&#8217;est-ce qui nous manque?<\/a><\/li><\/ul><\/li><\/ul><\/nav><\/div>\n\n\n\n\n<div class=\"wp-block-image\"><figure class=\"alignleft size-full\"><img loading=\"lazy\" decoding=\"async\" width=\"185\" height=\"64\" src=\"https:\/\/www.mobilier-design-occasion.fr\/magazine\/wp-content\/uploads\/2021\/09\/Capture1-76.jpg\" alt=\"\" class=\"wp-image-1889\"\/><\/figure><\/div>\n\n\n\n<p>Le Lit est une enseigne du Groupe LMC sp\u00e9cialiste en composant d\u2019ameublement, num\u00e9ro 1 fran\u00e7ais dans le couchage. Retrouvez chez Le Lit l\u2019expertise de la literie, la s\u00e9lection des meilleurs produits accompagn\u00e9e de conseils de sp\u00e9cialistes.<\/p>\n\n\n\n<h2 class=\"wp-block-heading\"><span class=\"ez-toc-section\" id=\"Les_coordonnees_de_Le_Lit\"><\/span>Les coordonn\u00e9es de Le Lit<span class=\"ez-toc-section-end\"><\/span><\/h2>\n\n\n\n<div class=\"wp-block-image\"><figure class=\"aligncenter size-full\"><img loading=\"lazy\" decoding=\"async\" width=\"538\" height=\"310\" src=\"https:\/\/www.mobilier-design-occasion.fr\/magazine\/wp-content\/uploads\/2021\/09\/Capture1-77.jpg\" alt=\"\" class=\"wp-image-1890\" srcset=\"https:\/\/www.mobilier-design-occasion.fr\/magazine\/wp-content\/uploads\/2021\/09\/Capture1-77.jpg 538w, https:\/\/www.mobilier-design-occasion.fr\/magazine\/wp-content\/uploads\/2021\/09\/Capture1-77-300x173.jpg 300w\" sizes=\"auto, (max-width: 538px) 100vw, 538px\" \/><figcaption>Illustration Lelit.fr<\/figcaption><\/figure><\/div>\n\n\n\n<p>En plein centre de Paris retrouvez les magasins sp\u00e9cialistes de literie o\u00f9 vous pourrez acheter des lits, matelas, sommiers, de la literie pratique, des lits coffres, des lits \u00e9lectriques, des lits gigognes, et des t\u00eates de lits, personnalis\u00e9s \u00e0 vos go\u00fbts et vos besoins. Les produits sont \u00e9galement disponibles sur <a href=\"https:\/\/www.lelit.fr\/\">https:\/\/www.lelit.fr\/<\/a> .<\/p>\n\n\n\n<h2 class=\"wp-block-heading\"><span class=\"ez-toc-section\" id=\"La_promesse\"><\/span>La promesse<span class=\"ez-toc-section-end\"><\/span><\/h2>\n\n\n\n<div class=\"wp-block-image\"><figure class=\"aligncenter size-full\"><img loading=\"lazy\" decoding=\"async\" width=\"537\" height=\"309\" src=\"https:\/\/www.mobilier-design-occasion.fr\/magazine\/wp-content\/uploads\/2021\/09\/Capture1-84.jpg\" alt=\"\" class=\"wp-image-1899\" srcset=\"https:\/\/www.mobilier-design-occasion.fr\/magazine\/wp-content\/uploads\/2021\/09\/Capture1-84.jpg 537w, https:\/\/www.mobilier-design-occasion.fr\/magazine\/wp-content\/uploads\/2021\/09\/Capture1-84-300x173.jpg 300w\" sizes=\"auto, (max-width: 537px) 100vw, 537px\" \/><\/figure><\/div>\n\n\n\n<p><strong>Des produits haut de gamme <\/strong><br>Le Lit propose un large choix de produit haut de gamme pour sa client\u00e8le. <\/p>\n\n\n\n<p><strong>Une expertise dans le domaine<\/strong><br>L&#8217;\u00e9quipe de Le Lit assure un suivi lors de votre choix afin d&#8217;identifier vos besoins et y r\u00e9pondre convenablement.<\/p>\n\n\n\n<p><strong>Les meilleures marques<\/strong><br>Le Lit travaille avec les marques reconnues en mati\u00e8re de literie et accessoires. <\/p>\n\n\n\n<h2 class=\"wp-block-heading\"><span class=\"ez-toc-section\" id=\"Les_magasins_Le_Lit\"><\/span>Les magasins Le Lit<span class=\"ez-toc-section-end\"><\/span><\/h2>\n\n\n\n<div class=\"wp-block-image\"><figure class=\"alignleft size-full is-resized\"><img loading=\"lazy\" decoding=\"async\" src=\"https:\/\/www.mobilier-design-occasion.fr\/magazine\/wp-content\/uploads\/2021\/09\/Capture1-80.jpg\" alt=\"\" class=\"wp-image-1895\" width=\"207\" height=\"180\" srcset=\"https:\/\/www.mobilier-design-occasion.fr\/magazine\/wp-content\/uploads\/2021\/09\/Capture1-80.jpg 434w, https:\/\/www.mobilier-design-occasion.fr\/magazine\/wp-content\/uploads\/2021\/09\/Capture1-80-300x259.jpg 300w\" sizes=\"auto, (max-width: 207px) 100vw, 207px\" \/><\/figure><\/div>\n\n\n\n<p>Le Lit poss\u00e8de 4 magasins, tous situ\u00e9s sur Paris\u00a0: <strong><br>Paris S\u00e9bastopol <\/strong>80 Bd S\u00e9bastopol <br><strong>Paris Raspail <\/strong>133, 135 bd Raspail <br><strong>Paris Malesherbes <\/strong>69 bd Malesherbes <br><strong>Paris Richard Lenoir <\/strong>94 Bd Richard Lenoir<\/p>\n\n\n\n<p>Vous pouvez \u00e9galement voir les produits de Le lit sur leur site https:\/\/www.lelit.fr\/.<\/p>\n\n\n\n<h2 class=\"wp-block-heading\"><span class=\"ez-toc-section\" id=\"Les_avis_clients_sur_Le_Lit\"><\/span>Les avis clients sur Le Lit<span class=\"ez-toc-section-end\"><\/span><\/h2>\n\n\n\n<div class=\"wp-block-image\"><figure class=\"alignleft size-full is-resized\"><img loading=\"lazy\" decoding=\"async\" src=\"https:\/\/www.mobilier-design-occasion.fr\/magazine\/wp-content\/uploads\/2021\/09\/Capture1-79.jpg\" alt=\"\" class=\"wp-image-1893\" width=\"277\" height=\"77\"\/><figcaption>Trustpilot<\/figcaption><\/figure><\/div>\n\n\n\n<p>Que disent les clients de leurs exp\u00e9riences chez Le Lit?<br>Ayant une note de 4.6\/5 sur Trustpilot, il semble que les magasins Le Lit r\u00e9pondent bien aux attentes de sa client\u00e8le. Voyons plus en d\u00e9tail les retours de leurs clients.<\/p>\n\n\n\n<h3 class=\"wp-block-heading\"><span class=\"ez-toc-section\" id=\"Plutot_negatif\"><\/span><strong>Plut\u00f4t n\u00e9gatif:<\/strong><span class=\"ez-toc-section-end\"><\/span><\/h3>\n\n\n\n<ul class=\"wp-block-list\"><li><strong>Offre mensong\u00e8re :<\/strong> Des clients se plaignent d\u2019avoir \u00e9t\u00e9 tromp\u00e9s par l\u2019enseigne au niveau de la diff\u00e9rence entre les produits expos\u00e9s et ceux livr\u00e9s<\/li><\/ul>\n\n\n\n<blockquote class=\"wp-block-quote is-layout-flow wp-block-quote-is-layout-flow\"><p>Catastrophique !<br>Le matelas que l&#8217;on nous a livr\u00e9 (2200 \u20ac) ne correspond pas du tout \u00e0 celui qui est expos\u00e9. Nous n&#8217;avons pas dormi de la <a href=\"https:\/\/www.mobilier-design-occasion.fr\/magazine\/combien-dheures-de-sommeil-pour-mon-enfant\/\">nuit<\/a> et ne pouvons m\u00eame pas r\u00e9cup\u00e9rer notre ancien matelas&#8230;<\/p><cite>Eric Lenoir<\/cite><\/blockquote>\n\n\n\n<ul class=\"wp-block-list\"><li><strong><strong>Service client d\u00e9plorable<\/strong><\/strong> : Aucun conseil satisfaisant.<\/li><\/ul>\n\n\n\n<blockquote class=\"wp-block-quote is-layout-flow wp-block-quote-is-layout-flow\"><p>Conseil client inexistant \u00ab&nbsp;tout nos produits sont excellents&nbsp;\u00bb , le premier est aussi bien que le deuxi\u00e8me : le prix va juste du simple au double.<br>Inutile de poser des questions sur la compositions des matelas, la vendeuse n\u2019as pas besoin d\u2019y r\u00e9pondre \u00ab&nbsp;elle connais son m\u00e9tier \u00e7a fait 30ans qu\u2019elle travaille dans les matelas&nbsp;\u00bb&#8230;<\/p><cite>Gigi<\/cite><\/blockquote>\n\n\n\n<h3 class=\"wp-block-heading\"><span class=\"ez-toc-section\" id=\"Plutot_positif\"><\/span>Plut\u00f4t positif:<span class=\"ez-toc-section-end\"><\/span><\/h3>\n\n\n\n<ul class=\"wp-block-list\"><li><strong><strong>Qualit\u00e9 du service et de l\u2019accueil\u00a0<\/strong><\/strong> : beaucoup de clients satisfaits sur ce point, le service et r\u00e9ception agr\u00e9ables selon eux.<\/li><\/ul>\n\n\n\n<ul class=\"wp-block-list\"><li><strong>Livraison\u00a0: <\/strong>Livraison impeccable et dans les temps. <\/li><\/ul>\n\n\n\n<blockquote class=\"wp-block-quote is-layout-flow wp-block-quote-is-layout-flow\"><p> Je dois tout d&#8217;abord souligner l&#8217;excellence de l&#8217;accueil qui m&#8217;a \u00e9t\u00e9 r\u00e9serv\u00e9 par les deux conseill\u00e8res du magasin du boulevard S\u00e9bastopol \u00e0 Paris, \u00e0 deux reprises, et qui m&#8217;a conduite \u00e0 l&#8217;achat d&#8217;un matelas livr\u00e9 dans les meilleures conditions et dont je suis pleinement satisfaite apr\u00e8s six nuits d&#8217;un <a href=\"https:\/\/www.mobilier-design-occasion.fr\/magazine\/mes-conseils-pour-ameliorer-le-sommeil-de-votre-enfant\/\">sommeil<\/a> r\u00e9parateur, sans douleurs au r\u00e9veil.<\/p><cite>Aline T<\/cite><\/blockquote>\n\n\n\n<blockquote class=\"wp-block-quote is-layout-flow wp-block-quote-is-layout-flow\"><p>Excellent accueil, professionnalisme exemplaire, des conseils mais pas de pression, tr\u00e8s belle exp\u00e9rience dans le magasin avec la conseill\u00e8re. A la r\u00e9ception pas de surprise, le produit est excellent, la livraison et le montage impeccable. Bref, un sans faute, et le plaisir d&#8217;un achat de qualit\u00e9.<\/p><cite>Bruno<\/cite><\/blockquote>\n\n\n\n<h3 class=\"wp-block-heading\"><span class=\"ez-toc-section\" id=\"Prix_du_produit\"><\/span>Prix du produit<span class=\"ez-toc-section-end\"><\/span><\/h3>\n\n\n\n<p>Le prix des articles vendus chez Le Lit diff\u00e8re selon le produit en question, sa marque, sa taille ainsi que sa composition. En g\u00e9n\u00e9ral, le prix varie entre quelques centaines d&#8217;euros jusqu&#8217;\u00e0 plus de 4.000\u20ac.<\/p>\n\n\n\n<h3 class=\"wp-block-heading\"><span class=\"ez-toc-section\" id=\"Les_frais_de_livraison\"><\/span>Les frais de livraison<span class=\"ez-toc-section-end\"><\/span><\/h3>\n\n\n\n<figure class=\"wp-block-image size-full\"><img loading=\"lazy\" decoding=\"async\" width=\"202\" height=\"153\" src=\"https:\/\/www.mobilier-design-occasion.fr\/magazine\/wp-content\/uploads\/2021\/09\/Capture-30.jpg\" alt=\"\" class=\"wp-image-1894\"\/><\/figure>\n\n\n\n<p>Il faut croire que chez Le Lit le confort ne se trouve pas seulement dans les matelas. Il faut savoir sur Paris ou en province, la livraison sera enti\u00e8rement gratuite.<\/p>\n\n\n\n<p>En cas de retard d\u2019exp\u00e9dition, vous serez imm\u00e9diatement averti par courrier \u00e9lectronique et dans le cas o\u00f9 le retard d\u00e9passerait un d\u00e9lai de sept jours, vous pourrez annuler la commande et vous faire rembourser.<\/p>\n\n\n\n<h3 class=\"wp-block-heading\"><span class=\"ez-toc-section\" id=\"Les_moyens_de_paiement\"><\/span>Les moyens de paiement<span class=\"ez-toc-section-end\"><\/span><\/h3>\n\n\n\n<p>Il vous conviendra de payer selon vos pr\u00e9f\u00e9rences si vous vous d\u00e9placer aupr\u00e8s des magasins. Par contre si vous passez commande en ligne, vous pouvez payer par \u00a0carte bancaire directement sur le site <a href=\"http:\/\/lelit.fr\" data-type=\"URL\" data-id=\"lelit.fr\">www.lelit.fr<\/a> ; le d\u00e9bit est effectu\u00e9 \u00e0 la commande. <\/p>\n\n\n\n<h3 class=\"wp-block-heading\"><span class=\"ez-toc-section\" id=\"Service_apres_vente\"><\/span>Service apr\u00e8s vente<span class=\"ez-toc-section-end\"><\/span><\/h3>\n\n\n\n<figure class=\"wp-block-image size-full\"><img loading=\"lazy\" decoding=\"async\" width=\"155\" height=\"47\" src=\"https:\/\/www.mobilier-design-occasion.fr\/magazine\/wp-content\/uploads\/2021\/10\/img-2-1-5.jpg\" alt=\"\" class=\"wp-image-1996\"\/><\/figure>\n\n\n\n<p>En cas de d\u00e9sagr\u00e9ment ou de besoin d\u2019informations suppl\u00e9mentaires, il vous est possible de vous adresser directement au service client, par t\u00e9l\u00e9phone au 09 80 80 81 82 du lundi au samedi de 10h \u00e0 19h, par e-mail \u00e0 l&#8217;adresse <a href=\"mailto:contact@lelit.fr\">contact@lelit.fr<\/a> ou via le formulaire inscrit sur https:\/\/www.lelit.fr\/contacts. <\/p>\n\n\n\n<h3 class=\"wp-block-heading\"><span class=\"ez-toc-section\" id=\"Les_garanties\"><\/span>Les garanties<span class=\"ez-toc-section-end\"><\/span><\/h3>\n\n\n\n<div class=\"wp-block-image\"><figure class=\"aligncenter size-full\"><img loading=\"lazy\" decoding=\"async\" width=\"765\" height=\"165\" src=\"https:\/\/www.mobilier-design-occasion.fr\/magazine\/wp-content\/uploads\/2021\/09\/Capture1-83.jpg\" alt=\"\" class=\"wp-image-1898\" srcset=\"https:\/\/www.mobilier-design-occasion.fr\/magazine\/wp-content\/uploads\/2021\/09\/Capture1-83.jpg 765w, https:\/\/www.mobilier-design-occasion.fr\/magazine\/wp-content\/uploads\/2021\/09\/Capture1-83-300x65.jpg 300w\" sizes=\"auto, (max-width: 765px) 100vw, 765px\" \/><\/figure><\/div>\n\n\n\n<p>Le Lit garanti des produits d\u2019exception et unique. Les produits sont garantis 5 ans \u00e0 compter de la Commande sur pr\u00e9sentation de l\u2019original de la facture. Le Lit s\u2019engage, aupr\u00e8s du client, \u00e0 lui rembourser ou \u00e0 lui \u00e9changer les produits d\u00e9fectueux.&nbsp;<\/p>\n\n\n\n<h3 class=\"wp-block-heading\"><span class=\"ez-toc-section\" id=\"Quest-ce_qui_nous_manque\"><\/span>Qu&#8217;est-ce qui nous manque?<span class=\"ez-toc-section-end\"><\/span><\/h3>\n\n\n\n<ul class=\"wp-block-list\"><li>Des descriptions plus \u00e9toff\u00e9es des produits mis en vente.<\/li><li>un syst\u00e8me d&#8217;alerte<\/li><li>un service client de qualit\u00e9<\/li><li>un outil de comparaison<\/li><\/ul>\n","protected":false},"excerpt":{"rendered":"<p>Qui est Le Lit? Le Lit est une enseigne du Groupe LMC sp\u00e9cialiste en composant d\u2019ameublement, num\u00e9ro 1 fran\u00e7ais dans le couchage. Retrouvez chez Le Lit l\u2019expertise de la literie, la s\u00e9lection des meilleurs produits accompagn\u00e9e de conseils de sp\u00e9cialistes. Les coordonn\u00e9es de Le Lit En plein centre de Paris retrouvez les magasins sp\u00e9cialistes de [&hellip;]<\/p>\n","protected":false},"author":1,"featured_media":1904,"comment_status":"open","ping_status":"open","sticky":false,"template":"","format":"standard","meta":{"footnotes":""},"categories":[8],"tags":[],"class_list":["post-1901","post","type-post","status-publish","format-standard","has-post-thumbnail","hentry","category-avis"],"yoast_head":"<!-- This site is optimized with the Yoast SEO plugin v27.5 - https:\/\/yoast.com\/product\/yoast-seo-wordpress\/ -->\n<title>Test &amp; avis sur Le Lit - Mobilier Design Magazine<\/title>\n<meta name=\"robots\" content=\"index, follow, max-snippet:-1, max-image-preview:large, max-video-preview:-1\" \/>\n<link rel=\"canonical\" href=\"https:\/\/www.mobilier-design-occasion.fr\/magazine\/test-avis-sur-le-lit\/\" \/>\n<meta property=\"og:locale\" content=\"fr_FR\" \/>\n<meta property=\"og:type\" content=\"article\" \/>\n<meta property=\"og:title\" content=\"Test &amp; avis sur Le Lit - Mobilier Design Magazine\" \/>\n<meta property=\"og:description\" content=\"Qui est Le Lit? Le Lit est une enseigne du Groupe LMC sp\u00e9cialiste en composant d\u2019ameublement, num\u00e9ro 1 fran\u00e7ais dans le couchage. Retrouvez chez Le Lit l\u2019expertise de la literie, la s\u00e9lection des meilleurs produits accompagn\u00e9e de conseils de sp\u00e9cialistes. Les coordonn\u00e9es de Le Lit En plein centre de Paris retrouvez les magasins sp\u00e9cialistes de [&hellip;]\" \/>\n<meta property=\"og:url\" content=\"https:\/\/www.mobilier-design-occasion.fr\/magazine\/test-avis-sur-le-lit\/\" \/>\n<meta property=\"og:site_name\" content=\"Mobilier Design Magazine\" \/>\n<meta property=\"article:publisher\" content=\"https:\/\/www.facebook.com\/mobilierdesignoccasion\" \/>\n<meta property=\"article:published_time\" content=\"2021-10-04T17:54:24+00:00\" \/>\n<meta property=\"article:modified_time\" content=\"2021-10-04T17:54:25+00:00\" \/>\n<meta property=\"og:image\" content=\"https:\/\/www.mobilier-design-occasion.fr\/magazine\/wp-content\/uploads\/2021\/09\/Capture1-85.jpg\" \/>\n\t<meta property=\"og:image:width\" content=\"634\" \/>\n\t<meta property=\"og:image:height\" content=\"369\" \/>\n\t<meta property=\"og:image:type\" content=\"image\/jpeg\" \/>\n<meta name=\"author\" content=\"Cyrielle Poirot\" \/>\n<meta name=\"twitter:card\" content=\"summary_large_image\" \/>\n<meta name=\"twitter:label1\" content=\"\u00c9crit par\" \/>\n\t<meta name=\"twitter:data1\" content=\"Cyrielle Poirot\" \/>\n\t<meta name=\"twitter:label2\" content=\"Dur\u00e9e de lecture estim\u00e9e\" \/>\n\t<meta name=\"twitter:data2\" content=\"4 minutes\" \/>\n<script type=\"application\/ld+json\" class=\"yoast-schema-graph\">{\"@context\":\"https:\\\/\\\/schema.org\",\"@graph\":[{\"@type\":\"Article\",\"@id\":\"https:\\\/\\\/www.mobilier-design-occasion.fr\\\/magazine\\\/test-avis-sur-le-lit\\\/#article\",\"isPartOf\":{\"@id\":\"https:\\\/\\\/www.mobilier-design-occasion.fr\\\/magazine\\\/test-avis-sur-le-lit\\\/\"},\"author\":{\"name\":\"Cyrielle Poirot\",\"@id\":\"https:\\\/\\\/www.mobilier-design-occasion.fr\\\/magazine\\\/#\\\/schema\\\/person\\\/5b2e5627a714ddadaaf8c9b886c55eff\"},\"headline\":\"Test &#038; avis sur Le Lit\",\"datePublished\":\"2021-10-04T17:54:24+00:00\",\"dateModified\":\"2021-10-04T17:54:25+00:00\",\"mainEntityOfPage\":{\"@id\":\"https:\\\/\\\/www.mobilier-design-occasion.fr\\\/magazine\\\/test-avis-sur-le-lit\\\/\"},\"wordCount\":882,\"commentCount\":0,\"publisher\":{\"@id\":\"https:\\\/\\\/www.mobilier-design-occasion.fr\\\/magazine\\\/#organization\"},\"image\":{\"@id\":\"https:\\\/\\\/www.mobilier-design-occasion.fr\\\/magazine\\\/test-avis-sur-le-lit\\\/#primaryimage\"},\"thumbnailUrl\":\"https:\\\/\\\/www.mobilier-design-occasion.fr\\\/magazine\\\/wp-content\\\/uploads\\\/2021\\\/09\\\/Capture1-85.jpg\",\"articleSection\":[\"Avis marques d\u00e9co\"],\"inLanguage\":\"fr-FR\",\"potentialAction\":[{\"@type\":\"CommentAction\",\"name\":\"Comment\",\"target\":[\"https:\\\/\\\/www.mobilier-design-occasion.fr\\\/magazine\\\/test-avis-sur-le-lit\\\/#respond\"]}]},{\"@type\":\"WebPage\",\"@id\":\"https:\\\/\\\/www.mobilier-design-occasion.fr\\\/magazine\\\/test-avis-sur-le-lit\\\/\",\"url\":\"https:\\\/\\\/www.mobilier-design-occasion.fr\\\/magazine\\\/test-avis-sur-le-lit\\\/\",\"name\":\"Test & avis sur Le Lit - Mobilier Design Magazine\",\"isPartOf\":{\"@id\":\"https:\\\/\\\/www.mobilier-design-occasion.fr\\\/magazine\\\/#website\"},\"primaryImageOfPage\":{\"@id\":\"https:\\\/\\\/www.mobilier-design-occasion.fr\\\/magazine\\\/test-avis-sur-le-lit\\\/#primaryimage\"},\"image\":{\"@id\":\"https:\\\/\\\/www.mobilier-design-occasion.fr\\\/magazine\\\/test-avis-sur-le-lit\\\/#primaryimage\"},\"thumbnailUrl\":\"https:\\\/\\\/www.mobilier-design-occasion.fr\\\/magazine\\\/wp-content\\\/uploads\\\/2021\\\/09\\\/Capture1-85.jpg\",\"datePublished\":\"2021-10-04T17:54:24+00:00\",\"dateModified\":\"2021-10-04T17:54:25+00:00\",\"breadcrumb\":{\"@id\":\"https:\\\/\\\/www.mobilier-design-occasion.fr\\\/magazine\\\/test-avis-sur-le-lit\\\/#breadcrumb\"},\"inLanguage\":\"fr-FR\",\"potentialAction\":[{\"@type\":\"ReadAction\",\"target\":[\"https:\\\/\\\/www.mobilier-design-occasion.fr\\\/magazine\\\/test-avis-sur-le-lit\\\/\"]}]},{\"@type\":\"ImageObject\",\"inLanguage\":\"fr-FR\",\"@id\":\"https:\\\/\\\/www.mobilier-design-occasion.fr\\\/magazine\\\/test-avis-sur-le-lit\\\/#primaryimage\",\"url\":\"https:\\\/\\\/www.mobilier-design-occasion.fr\\\/magazine\\\/wp-content\\\/uploads\\\/2021\\\/09\\\/Capture1-85.jpg\",\"contentUrl\":\"https:\\\/\\\/www.mobilier-design-occasion.fr\\\/magazine\\\/wp-content\\\/uploads\\\/2021\\\/09\\\/Capture1-85.jpg\",\"width\":634,\"height\":369},{\"@type\":\"BreadcrumbList\",\"@id\":\"https:\\\/\\\/www.mobilier-design-occasion.fr\\\/magazine\\\/test-avis-sur-le-lit\\\/#breadcrumb\",\"itemListElement\":[{\"@type\":\"ListItem\",\"position\":1,\"name\":\"Accueil\",\"item\":\"https:\\\/\\\/www.mobilier-design-occasion.fr\\\/magazine\\\/\"},{\"@type\":\"ListItem\",\"position\":2,\"name\":\"Test &#038; avis sur Le Lit\"}]},{\"@type\":\"WebSite\",\"@id\":\"https:\\\/\\\/www.mobilier-design-occasion.fr\\\/magazine\\\/#website\",\"url\":\"https:\\\/\\\/www.mobilier-design-occasion.fr\\\/magazine\\\/\",\"name\":\"Mobilier Design Magazine\",\"description\":\"\",\"publisher\":{\"@id\":\"https:\\\/\\\/www.mobilier-design-occasion.fr\\\/magazine\\\/#organization\"},\"potentialAction\":[{\"@type\":\"SearchAction\",\"target\":{\"@type\":\"EntryPoint\",\"urlTemplate\":\"https:\\\/\\\/www.mobilier-design-occasion.fr\\\/magazine\\\/?s={search_term_string}\"},\"query-input\":{\"@type\":\"PropertyValueSpecification\",\"valueRequired\":true,\"valueName\":\"search_term_string\"}}],\"inLanguage\":\"fr-FR\"},{\"@type\":\"Organization\",\"@id\":\"https:\\\/\\\/www.mobilier-design-occasion.fr\\\/magazine\\\/#organization\",\"name\":\"Mobilier Design Magazine\",\"url\":\"https:\\\/\\\/www.mobilier-design-occasion.fr\\\/magazine\\\/\",\"logo\":{\"@type\":\"ImageObject\",\"inLanguage\":\"fr-FR\",\"@id\":\"https:\\\/\\\/www.mobilier-design-occasion.fr\\\/magazine\\\/#\\\/schema\\\/logo\\\/image\\\/\",\"url\":\"https:\\\/\\\/www.mobilier-design-occasion.fr\\\/magazine\\\/wp-content\\\/uploads\\\/2024\\\/02\\\/android-chrome-192x192-1.png\",\"contentUrl\":\"https:\\\/\\\/www.mobilier-design-occasion.fr\\\/magazine\\\/wp-content\\\/uploads\\\/2024\\\/02\\\/android-chrome-192x192-1.png\",\"width\":192,\"height\":192,\"caption\":\"Mobilier Design Magazine\"},\"image\":{\"@id\":\"https:\\\/\\\/www.mobilier-design-occasion.fr\\\/magazine\\\/#\\\/schema\\\/logo\\\/image\\\/\"},\"sameAs\":[\"https:\\\/\\\/www.facebook.com\\\/mobilierdesignoccasion\"]},{\"@type\":\"Person\",\"@id\":\"https:\\\/\\\/www.mobilier-design-occasion.fr\\\/magazine\\\/#\\\/schema\\\/person\\\/5b2e5627a714ddadaaf8c9b886c55eff\",\"name\":\"Cyrielle Poirot\",\"image\":{\"@type\":\"ImageObject\",\"inLanguage\":\"fr-FR\",\"@id\":\"https:\\\/\\\/secure.gravatar.com\\\/avatar\\\/c8d2674e093b06894d8d1dc468b626bd752523471f3ac6e75f7c7a1400d40b4d?s=96&d=mm&r=g\",\"url\":\"https:\\\/\\\/secure.gravatar.com\\\/avatar\\\/c8d2674e093b06894d8d1dc468b626bd752523471f3ac6e75f7c7a1400d40b4d?s=96&d=mm&r=g\",\"contentUrl\":\"https:\\\/\\\/secure.gravatar.com\\\/avatar\\\/c8d2674e093b06894d8d1dc468b626bd752523471f3ac6e75f7c7a1400d40b4d?s=96&d=mm&r=g\",\"caption\":\"Cyrielle Poirot\"},\"description\":\"Cyrielle est passionn\u00e9e par la d\u00e9coration d'int\u00e9rieur et s'est sp\u00e9cialis\u00e9e depuis quelques ann\u00e9es dans l'\u00e9dition du site Mobilier-Design, avec une touche sp\u00e9cifique pour les produits d'occasion.\",\"sameAs\":[\"https:\\\/\\\/www.mobilier-design-occasion.fr\\\/magazine\"],\"url\":\"https:\\\/\\\/www.mobilier-design-occasion.fr\\\/magazine\\\/author\\\/cyrielle\\\/\"}]}<\/script>\n<!-- \/ Yoast SEO plugin. -->","yoast_head_json":{"title":"Test & avis sur Le Lit - Mobilier Design Magazine","robots":{"index":"index","follow":"follow","max-snippet":"max-snippet:-1","max-image-preview":"max-image-preview:large","max-video-preview":"max-video-preview:-1"},"canonical":"https:\/\/www.mobilier-design-occasion.fr\/magazine\/test-avis-sur-le-lit\/","og_locale":"fr_FR","og_type":"article","og_title":"Test & avis sur Le Lit - Mobilier Design Magazine","og_description":"Qui est Le Lit? Le Lit est une enseigne du Groupe LMC sp\u00e9cialiste en composant d\u2019ameublement, num\u00e9ro 1 fran\u00e7ais dans le couchage. Retrouvez chez Le Lit l\u2019expertise de la literie, la s\u00e9lection des meilleurs produits accompagn\u00e9e de conseils de sp\u00e9cialistes. Les coordonn\u00e9es de Le Lit En plein centre de Paris retrouvez les magasins sp\u00e9cialistes de [&hellip;]","og_url":"https:\/\/www.mobilier-design-occasion.fr\/magazine\/test-avis-sur-le-lit\/","og_site_name":"Mobilier Design Magazine","article_publisher":"https:\/\/www.facebook.com\/mobilierdesignoccasion","article_published_time":"2021-10-04T17:54:24+00:00","article_modified_time":"2021-10-04T17:54:25+00:00","og_image":[{"width":634,"height":369,"url":"https:\/\/www.mobilier-design-occasion.fr\/magazine\/wp-content\/uploads\/2021\/09\/Capture1-85.jpg","type":"image\/jpeg"}],"author":"Cyrielle Poirot","twitter_card":"summary_large_image","twitter_misc":{"\u00c9crit par":"Cyrielle Poirot","Dur\u00e9e de lecture estim\u00e9e":"4 minutes"},"schema":{"@context":"https:\/\/schema.org","@graph":[{"@type":"Article","@id":"https:\/\/www.mobilier-design-occasion.fr\/magazine\/test-avis-sur-le-lit\/#article","isPartOf":{"@id":"https:\/\/www.mobilier-design-occasion.fr\/magazine\/test-avis-sur-le-lit\/"},"author":{"name":"Cyrielle Poirot","@id":"https:\/\/www.mobilier-design-occasion.fr\/magazine\/#\/schema\/person\/5b2e5627a714ddadaaf8c9b886c55eff"},"headline":"Test &#038; avis sur Le Lit","datePublished":"2021-10-04T17:54:24+00:00","dateModified":"2021-10-04T17:54:25+00:00","mainEntityOfPage":{"@id":"https:\/\/www.mobilier-design-occasion.fr\/magazine\/test-avis-sur-le-lit\/"},"wordCount":882,"commentCount":0,"publisher":{"@id":"https:\/\/www.mobilier-design-occasion.fr\/magazine\/#organization"},"image":{"@id":"https:\/\/www.mobilier-design-occasion.fr\/magazine\/test-avis-sur-le-lit\/#primaryimage"},"thumbnailUrl":"https:\/\/www.mobilier-design-occasion.fr\/magazine\/wp-content\/uploads\/2021\/09\/Capture1-85.jpg","articleSection":["Avis marques d\u00e9co"],"inLanguage":"fr-FR","potentialAction":[{"@type":"CommentAction","name":"Comment","target":["https:\/\/www.mobilier-design-occasion.fr\/magazine\/test-avis-sur-le-lit\/#respond"]}]},{"@type":"WebPage","@id":"https:\/\/www.mobilier-design-occasion.fr\/magazine\/test-avis-sur-le-lit\/","url":"https:\/\/www.mobilier-design-occasion.fr\/magazine\/test-avis-sur-le-lit\/","name":"Test & avis sur Le Lit - Mobilier Design Magazine","isPartOf":{"@id":"https:\/\/www.mobilier-design-occasion.fr\/magazine\/#website"},"primaryImageOfPage":{"@id":"https:\/\/www.mobilier-design-occasion.fr\/magazine\/test-avis-sur-le-lit\/#primaryimage"},"image":{"@id":"https:\/\/www.mobilier-design-occasion.fr\/magazine\/test-avis-sur-le-lit\/#primaryimage"},"thumbnailUrl":"https:\/\/www.mobilier-design-occasion.fr\/magazine\/wp-content\/uploads\/2021\/09\/Capture1-85.jpg","datePublished":"2021-10-04T17:54:24+00:00","dateModified":"2021-10-04T17:54:25+00:00","breadcrumb":{"@id":"https:\/\/www.mobilier-design-occasion.fr\/magazine\/test-avis-sur-le-lit\/#breadcrumb"},"inLanguage":"fr-FR","potentialAction":[{"@type":"ReadAction","target":["https:\/\/www.mobilier-design-occasion.fr\/magazine\/test-avis-sur-le-lit\/"]}]},{"@type":"ImageObject","inLanguage":"fr-FR","@id":"https:\/\/www.mobilier-design-occasion.fr\/magazine\/test-avis-sur-le-lit\/#primaryimage","url":"https:\/\/www.mobilier-design-occasion.fr\/magazine\/wp-content\/uploads\/2021\/09\/Capture1-85.jpg","contentUrl":"https:\/\/www.mobilier-design-occasion.fr\/magazine\/wp-content\/uploads\/2021\/09\/Capture1-85.jpg","width":634,"height":369},{"@type":"BreadcrumbList","@id":"https:\/\/www.mobilier-design-occasion.fr\/magazine\/test-avis-sur-le-lit\/#breadcrumb","itemListElement":[{"@type":"ListItem","position":1,"name":"Accueil","item":"https:\/\/www.mobilier-design-occasion.fr\/magazine\/"},{"@type":"ListItem","position":2,"name":"Test &#038; avis sur Le Lit"}]},{"@type":"WebSite","@id":"https:\/\/www.mobilier-design-occasion.fr\/magazine\/#website","url":"https:\/\/www.mobilier-design-occasion.fr\/magazine\/","name":"Mobilier Design Magazine","description":"","publisher":{"@id":"https:\/\/www.mobilier-design-occasion.fr\/magazine\/#organization"},"potentialAction":[{"@type":"SearchAction","target":{"@type":"EntryPoint","urlTemplate":"https:\/\/www.mobilier-design-occasion.fr\/magazine\/?s={search_term_string}"},"query-input":{"@type":"PropertyValueSpecification","valueRequired":true,"valueName":"search_term_string"}}],"inLanguage":"fr-FR"},{"@type":"Organization","@id":"https:\/\/www.mobilier-design-occasion.fr\/magazine\/#organization","name":"Mobilier Design Magazine","url":"https:\/\/www.mobilier-design-occasion.fr\/magazine\/","logo":{"@type":"ImageObject","inLanguage":"fr-FR","@id":"https:\/\/www.mobilier-design-occasion.fr\/magazine\/#\/schema\/logo\/image\/","url":"https:\/\/www.mobilier-design-occasion.fr\/magazine\/wp-content\/uploads\/2024\/02\/android-chrome-192x192-1.png","contentUrl":"https:\/\/www.mobilier-design-occasion.fr\/magazine\/wp-content\/uploads\/2024\/02\/android-chrome-192x192-1.png","width":192,"height":192,"caption":"Mobilier Design Magazine"},"image":{"@id":"https:\/\/www.mobilier-design-occasion.fr\/magazine\/#\/schema\/logo\/image\/"},"sameAs":["https:\/\/www.facebook.com\/mobilierdesignoccasion"]},{"@type":"Person","@id":"https:\/\/www.mobilier-design-occasion.fr\/magazine\/#\/schema\/person\/5b2e5627a714ddadaaf8c9b886c55eff","name":"Cyrielle Poirot","image":{"@type":"ImageObject","inLanguage":"fr-FR","@id":"https:\/\/secure.gravatar.com\/avatar\/c8d2674e093b06894d8d1dc468b626bd752523471f3ac6e75f7c7a1400d40b4d?s=96&d=mm&r=g","url":"https:\/\/secure.gravatar.com\/avatar\/c8d2674e093b06894d8d1dc468b626bd752523471f3ac6e75f7c7a1400d40b4d?s=96&d=mm&r=g","contentUrl":"https:\/\/secure.gravatar.com\/avatar\/c8d2674e093b06894d8d1dc468b626bd752523471f3ac6e75f7c7a1400d40b4d?s=96&d=mm&r=g","caption":"Cyrielle Poirot"},"description":"Cyrielle est passionn\u00e9e par la d\u00e9coration d'int\u00e9rieur et s'est sp\u00e9cialis\u00e9e depuis quelques ann\u00e9es dans l'\u00e9dition du site Mobilier-Design, avec une touche sp\u00e9cifique pour les produits d'occasion.","sameAs":["https:\/\/www.mobilier-design-occasion.fr\/magazine"],"url":"https:\/\/www.mobilier-design-occasion.fr\/magazine\/author\/cyrielle\/"}]}},"_links":{"self":[{"href":"https:\/\/www.mobilier-design-occasion.fr\/magazine\/wp-json\/wp\/v2\/posts\/1901","targetHints":{"allow":["GET"]}}],"collection":[{"href":"https:\/\/www.mobilier-design-occasion.fr\/magazine\/wp-json\/wp\/v2\/posts"}],"about":[{"href":"https:\/\/www.mobilier-design-occasion.fr\/magazine\/wp-json\/wp\/v2\/types\/post"}],"author":[{"embeddable":true,"href":"https:\/\/www.mobilier-design-occasion.fr\/magazine\/wp-json\/wp\/v2\/users\/1"}],"replies":[{"embeddable":true,"href":"https:\/\/www.mobilier-design-occasion.fr\/magazine\/wp-json\/wp\/v2\/comments?post=1901"}],"version-history":[{"count":6,"href":"https:\/\/www.mobilier-design-occasion.fr\/magazine\/wp-json\/wp\/v2\/posts\/1901\/revisions"}],"predecessor-version":[{"id":1997,"href":"https:\/\/www.mobilier-design-occasion.fr\/magazine\/wp-json\/wp\/v2\/posts\/1901\/revisions\/1997"}],"wp:featuredmedia":[{"embeddable":true,"href":"https:\/\/www.mobilier-design-occasion.fr\/magazine\/wp-json\/wp\/v2\/media\/1904"}],"wp:attachment":[{"href":"https:\/\/www.mobilier-design-occasion.fr\/magazine\/wp-json\/wp\/v2\/media?parent=1901"}],"wp:term":[{"taxonomy":"category","embeddable":true,"href":"https:\/\/www.mobilier-design-occasion.fr\/magazine\/wp-json\/wp\/v2\/categories?post=1901"},{"taxonomy":"post_tag","embeddable":true,"href":"https:\/\/www.mobilier-design-occasion.fr\/magazine\/wp-json\/wp\/v2\/tags?post=1901"}],"curies":[{"name":"wp","href":"https:\/\/api.w.org\/{rel}","templated":true}]}}