{"id":18,"date":"2021-01-20T10:49:39","date_gmt":"2021-01-20T10:49:39","guid":{"rendered":"https:\/\/www.mobilier-design-occasion.fr\/magazine\/?p=18"},"modified":"2021-01-25T14:04:02","modified_gmt":"2021-01-25T14:04:02","slug":"tendances-de-lameublement-hiver-2021-chauffez-votre-maison-avec-style","status":"publish","type":"post","link":"https:\/\/www.mobilier-design-occasion.fr\/magazine\/tendances-de-lameublement-hiver-2021-chauffez-votre-maison-avec-style\/","title":{"rendered":"Tendances de l&#8217;ameublement hiver 2021 : chauffez votre maison avec style!"},"content":{"rendered":"\n<p>Les nouvelles tendances de l&#8217;ameublement pour l&#8217;hiver 2021 habillent la maison de couleurs intenses, <strong>d&#8217;accents vintage<\/strong> et de contrastes de mati\u00e8res tr\u00e8s suggestifs. <\/p>\n\n\n\n<p>Ne vous laissez pas prendre au d\u00e9pourvu par le changement soudain de saison ! Prenez une longueur d&#8217;avance et r\u00e9chauffez votre maison avec style : d\u00e9couvrez toutes les tendances en mati\u00e8re de d\u00e9coration int\u00e9rieure et qui sont les stars de cette saison hivernale.<\/p>\n\n\n\n<p>Un mode de vie plus <strong>durable<\/strong> et le respect de la nature ont marqu\u00e9 de mani\u00e8re d\u00e9finitive toutes les tendances de l&#8217;ameublement de 2020. Et pour cet hiver, le lien avec la nature est encore plus fort, \u00e0 travers une r\u00e9f\u00e9rence claire aux couleurs et aux contrastes de cette saison particuli\u00e8re.<\/p>\n\n\n\n<p>Des combinaisons de couleurs intenses seront les protagonistes de l&#8217;hiver, ainsi que l&#8217;utilisation de m\u00e9taux brillants, rehauss\u00e9s par des <strong>tissus chauds<\/strong> et enveloppants, parfaits pour r\u00e9chauffer m\u00eame la pi\u00e8ce la plus froide de la maison.<\/p>\n\n\n\n<p>Si, avec l&#8217;arriv\u00e9e des premiers froids, vous avez envie de renouveler votre int\u00e9rieur, ne vous laissez pas prendre au d\u00e9pourvu et affrontez le changement de saison \u00e0 l&#8217;avance : voici toutes les nouveaut\u00e9s en mati\u00e8re de d\u00e9coration int\u00e9rieure pour l&#8217;hiver 2021.<\/p>\n\n\n\n<p><\/p>\n\n\n\n<h2 class=\"wp-block-heading\"><span class=\"ez-toc-section\" id=\"Tendance_Mix_Match\"><\/span>Tendance Mix &amp; Match<span class=\"ez-toc-section-end\"><\/span><\/h2><div id=\"ez-toc-container\" class=\"ez-toc-v2_0_82_2 counter-hierarchy ez-toc-counter ez-toc-grey ez-toc-container-direction\">\n<div class=\"ez-toc-title-container\">\n<span class=\"ez-toc-title-toggle\"><a href=\"#\" class=\"ez-toc-pull-right ez-toc-btn ez-toc-btn-xs ez-toc-btn-default ez-toc-toggle\" aria-label=\"Toggle Table of Content\"><span class=\"ez-toc-js-icon-con\"><span class=\"\"><span class=\"eztoc-hide\" style=\"display:none;\">Toggle<\/span><span class=\"ez-toc-icon-toggle-span\"><svg style=\"fill: #999;color:#999\" xmlns=\"http:\/\/www.w3.org\/2000\/svg\" class=\"list-377408\" width=\"20px\" height=\"20px\" viewBox=\"0 0 24 24\" fill=\"none\"><path d=\"M6 6H4v2h2V6zm14 0H8v2h12V6zM4 11h2v2H4v-2zm16 0H8v2h12v-2zM4 16h2v2H4v-2zm16 0H8v2h12v-2z\" fill=\"currentColor\"><\/path><\/svg><svg style=\"fill: #999;color:#999\" class=\"arrow-unsorted-368013\" xmlns=\"http:\/\/www.w3.org\/2000\/svg\" width=\"10px\" height=\"10px\" viewBox=\"0 0 24 24\" version=\"1.2\" baseProfile=\"tiny\"><path d=\"M18.2 9.3l-6.2-6.3-6.2 6.3c-.2.2-.3.4-.3.7s.1.5.3.7c.2.2.4.3.7.3h11c.3 0 .5-.1.7-.3.2-.2.3-.5.3-.7s-.1-.5-.3-.7zM5.8 14.7l6.2 6.3 6.2-6.3c.2-.2.3-.5.3-.7s-.1-.5-.3-.7c-.2-.2-.4-.3-.7-.3h-11c-.3 0-.5.1-.7.3-.2.2-.3.5-.3.7s.1.5.3.7z\"\/><\/svg><\/span><\/span><\/span><\/a><\/span><\/div>\n<nav><ul class='ez-toc-list ez-toc-list-level-1 eztoc-toggle-hide-by-default' ><li class='ez-toc-page-1 ez-toc-heading-level-2'><a class=\"ez-toc-link ez-toc-heading-1\" href=\"https:\/\/www.mobilier-design-occasion.fr\/magazine\/tendances-de-lameublement-hiver-2021-chauffez-votre-maison-avec-style\/#Tendance_Mix_Match\" >Tendance Mix &amp; Match<\/a><\/li><li class='ez-toc-page-1 ez-toc-heading-level-2'><a class=\"ez-toc-link ez-toc-heading-2\" href=\"https:\/\/www.mobilier-design-occasion.fr\/magazine\/tendances-de-lameublement-hiver-2021-chauffez-votre-maison-avec-style\/#Des_tissus_souples\" >Des tissus souples<\/a><\/li><li class='ez-toc-page-1 ez-toc-heading-level-2'><a class=\"ez-toc-link ez-toc-heading-3\" href=\"https:\/\/www.mobilier-design-occasion.fr\/magazine\/tendances-de-lameublement-hiver-2021-chauffez-votre-maison-avec-style\/#Les_motifs_geometriques\" >Les motifs g\u00e9om\u00e9triques<\/a><\/li><li class='ez-toc-page-1 ez-toc-heading-level-2'><a class=\"ez-toc-link ez-toc-heading-4\" href=\"https:\/\/www.mobilier-design-occasion.fr\/magazine\/tendances-de-lameublement-hiver-2021-chauffez-votre-maison-avec-style\/#La_touche_Green\" >La touche Green<\/a><\/li><li class='ez-toc-page-1 ez-toc-heading-level-2'><a class=\"ez-toc-link ez-toc-heading-5\" href=\"https:\/\/www.mobilier-design-occasion.fr\/magazine\/tendances-de-lameublement-hiver-2021-chauffez-votre-maison-avec-style\/#Des_couleurs_vives\" >Des couleurs vives<\/a><\/li><li class='ez-toc-page-1 ez-toc-heading-level-2'><a class=\"ez-toc-link ez-toc-heading-6\" href=\"https:\/\/www.mobilier-design-occasion.fr\/magazine\/tendances-de-lameublement-hiver-2021-chauffez-votre-maison-avec-style\/#Le_metal\" >Le m\u00e9tal<\/a><\/li><\/ul><\/nav><\/div>\n\n\n\n\n<p><\/p>\n\n\n\n<p><\/p>\n\n\n\n<p>Le m\u00e9lange et l&#8217;assortiment d&#8217;\u00e9l\u00e9ments de <strong><a href=\"https:\/\/www.mobilier-design-occasion.fr\/\">mobilier design<\/a><\/strong> sera la derni\u00e8re tendance en mati\u00e8re de d\u00e9coration int\u00e9rieure pour cette ann\u00e9e 2021. L&#8217;objectif sera de cr\u00e9er des environnements \u00e9clectiques et originaux, o\u00f9 chaque \u00e9l\u00e9ment s&#8217;int\u00e8gre parfaitement au reste du <a href=\"https:\/\/www.mobilier-design-occasion.fr\/magazine\/test-avis-sur-la-redoute-interieurs-am-pm\/\">mobilier<\/a>.<\/p>\n\n\n\n<p>Le <a href=\"https:\/\/www.mobilier-design-occasion.fr\/magazine\/test-avis-sur-deco-in-paris\/\">mobilier contemporain<\/a> devient un fond, dans lequel des objets vintage prennent vie: un <a href=\"https:\/\/www.mobilier-design-occasion.fr\/magazine\/test-avis-sur-poltronesofa\/\">canap\u00e9<\/a> vintage, une sculpture ancienne et des tissus r\u00e9tro : chaque d\u00e9tail est soigneusement choisi et raconte <strong>une histoire<\/strong>.<\/p>\n\n\n\n<p><\/p>\n\n\n\n<p><\/p>\n\n\n\n<figure class=\"wp-block-image size-large\"><img loading=\"lazy\" decoding=\"async\" width=\"683\" height=\"1024\" src=\"https:\/\/www.mobilier-design-occasion.fr\/magazine\/wp-content\/uploads\/2021\/01\/pexels-daria-shevtsova-769585-683x1024.jpg\" alt=\"\" class=\"wp-image-77\" srcset=\"https:\/\/www.mobilier-design-occasion.fr\/magazine\/wp-content\/uploads\/2021\/01\/pexels-daria-shevtsova-769585-683x1024.jpg 683w, https:\/\/www.mobilier-design-occasion.fr\/magazine\/wp-content\/uploads\/2021\/01\/pexels-daria-shevtsova-769585-200x300.jpg 200w, https:\/\/www.mobilier-design-occasion.fr\/magazine\/wp-content\/uploads\/2021\/01\/pexels-daria-shevtsova-769585-768x1152.jpg 768w, https:\/\/www.mobilier-design-occasion.fr\/magazine\/wp-content\/uploads\/2021\/01\/pexels-daria-shevtsova-769585-1024x1536.jpg 1024w, https:\/\/www.mobilier-design-occasion.fr\/magazine\/wp-content\/uploads\/2021\/01\/pexels-daria-shevtsova-769585-1365x2048.jpg 1365w, https:\/\/www.mobilier-design-occasion.fr\/magazine\/wp-content\/uploads\/2021\/01\/pexels-daria-shevtsova-769585-810x1215.jpg 810w, https:\/\/www.mobilier-design-occasion.fr\/magazine\/wp-content\/uploads\/2021\/01\/pexels-daria-shevtsova-769585-1140x1710.jpg 1140w, https:\/\/www.mobilier-design-occasion.fr\/magazine\/wp-content\/uploads\/2021\/01\/pexels-daria-shevtsova-769585-scaled.jpg 1707w\" sizes=\"auto, (max-width: 683px) 100vw, 683px\" \/><\/figure>\n\n\n\n<h2 class=\"wp-block-heading\"><span class=\"ez-toc-section\" id=\"Des_tissus_souples\"><\/span>Des tissus souples<span class=\"ez-toc-section-end\"><\/span><\/h2>\n\n\n\n<p><\/p>\n\n\n\n<p>L&#8217;hiver exige l&#8217;utilisation de tissus chauds et enveloppants, qui r\u00e9chauffent le toucher et satisfont un d\u00e9sir inn\u00e9 de douceur, capable d&#8217;adoucir le caract\u00e8re mordant de cette saison froide.<\/p>\n\n\n\n<p>Pour chaque pi\u00e8ce de la maison, pr\u00e9f\u00e9rez des <a href=\"https:\/\/www.mobilier-design-occasion.fr\/magazine\/pourquoi-adopter-un-tapis-en-jute-dans-son-salon\/\">tapis<\/a> moelleux, qu&#8217;ils soient \u00e0 poils longs ou courts : ce qui compte, c&#8217;est de r\u00e9chauffer le sol et de donner un sentiment d&#8217;accueil chaleureux qui vous fera toujours sentir \u00e0 l&#8217;aise. Notre chouchou du moment reste <strong>le tapis berb\u00e8re<\/strong>.<\/p>\n\n\n\n<p><strong>Le velours<\/strong>, tendance depuis plusieurs saisons, revient en force, pr\u00eat \u00e0 recouvrir les coussins et les canap\u00e9s, qui s&#8217;illuminent de couleurs sombres mais intenses, typiques de l&#8217;hiver.<\/p>\n\n\n\n<p><\/p>\n\n\n\n<h2 class=\"wp-block-heading\"><span class=\"ez-toc-section\" id=\"Les_motifs_geometriques\"><\/span>Les motifs g\u00e9om\u00e9triques<span class=\"ez-toc-section-end\"><\/span><\/h2>\n\n\n\n<p><br>Les motifs g\u00e9om\u00e9triques sont \u00e0 la mode dans toute la maison ; ils sont polyvalents et peuvent facilement \u00eatre utilis\u00e9s dans n&#8217;importe quel environnement. L&#8217;important est de ne pas se laisser emporter : le risque d&#8217;obtenir un effet visuel trop charg\u00e9 peut \u00eatre \u00e9vit\u00e9 gr\u00e2ce \u00e0 une utilisation judicieuse des mod\u00e8les.<\/p>\n\n\n\n<p><\/p>\n\n\n\n<p>Un papier peint avec des <strong>motifs g\u00e9om\u00e9triques<\/strong> est parfait pour mettre en valeur un mur de salon, tandis que dans la <a href=\"https:\/\/www.mobilier-design-occasion.fr\/magazine\/5-elements-pour-amenager-une-chambre-montessori\/\">chambre<\/a> \u00e0 <a href=\"https:\/\/www.mobilier-design-occasion.fr\/magazine\/combien-dheures-de-sommeil-pour-mon-enfant\/\">coucher<\/a>, il vaut mieux utiliser les g\u00e9om\u00e9tries uniquement pour les accessoires et le <strong>linge de maison<\/strong>.<\/p>\n\n\n\n<p>Les rideaux, les oreillers, les couvertures ou les tapis sont les \u00e9l\u00e9ments qui se pr\u00eatent le mieux aux impressions graphiques, mais n&#8217;oubliez pas de toujours choisir des motifs et des nuances de couleur discr\u00e8tes, id\u00e9ales pour favoriser le repos.<\/p>\n\n\n\n<p>M\u00eame dans la salle de bain, l&#8217;\u00e9quilibre g\u00e9om\u00e9trique est facilement reproduit avec du carrelage sur un mur ou avec l&#8217;insertion d&#8217;un tapis souple qui rappelle les couleurs de la pi\u00e8ce.<\/p>\n\n\n\n<p><\/p>\n\n\n\n<h2 class=\"wp-block-heading\"><span class=\"ez-toc-section\" id=\"La_touche_Green\"><\/span>La touche Green<span class=\"ez-toc-section-end\"><\/span><\/h2>\n\n\n\n<p><\/p>\n\n\n\n<p>Apr\u00e8s une ann\u00e9e pass\u00e9e \u00e0 \u00eatre confin\u00e9\/d\u00e9confin\u00e9\/reconfin\u00e9, on constate \u00e0 juste titre, le retour en force des d\u00e9fendeurs de la protection de l&#8217;environnement. D&#8217;une mani\u00e8re g\u00e9n\u00e9rale l&#8217;ann\u00e9e 2020 repr\u00e9sente le d\u00e9sir d&#8217;un mode de vie plus durable et plus proche de la nature. Pour cet hiver, choisissez <strong>le vert dans ses nuances les plus chaudes<\/strong> et les plus intenses : la couleur naturelle par excellence sera une v\u00e9ritable panac\u00e9e pour l&#8217;esprit !<\/p>\n\n\n\n<p><\/p>\n\n\n\n<p>La tendance la plus verte est le papier peint avec des <strong>motifs de plantes<\/strong> et de fleurs <strong>exotiques<\/strong>, id\u00e9al pour la salle de bains et la v\u00e9randa. Mais ce n&#8217;est pas tout : la v\u00e9ritable tendance sera de montrer votre main verte avec la cr\u00e9ation de jardins d&#8217;int\u00e9rieur, comme des niches cr\u00e9\u00e9es pour accueillir des plantes et des fleurs.<\/p>\n\n\n\n<figure class=\"wp-block-image size-large\"><img loading=\"lazy\" decoding=\"async\" width=\"1024\" height=\"698\" src=\"https:\/\/www.mobilier-design-occasion.fr\/magazine\/wp-content\/uploads\/2021\/01\/Table-Laiton-et-velours-1-1024x698.jpg\" alt=\"\" class=\"wp-image-80\" srcset=\"https:\/\/www.mobilier-design-occasion.fr\/magazine\/wp-content\/uploads\/2021\/01\/Table-Laiton-et-velours-1-1024x698.jpg 1024w, https:\/\/www.mobilier-design-occasion.fr\/magazine\/wp-content\/uploads\/2021\/01\/Table-Laiton-et-velours-1-300x204.jpg 300w, https:\/\/www.mobilier-design-occasion.fr\/magazine\/wp-content\/uploads\/2021\/01\/Table-Laiton-et-velours-1-768x523.jpg 768w, https:\/\/www.mobilier-design-occasion.fr\/magazine\/wp-content\/uploads\/2021\/01\/Table-Laiton-et-velours-1-1536x1047.jpg 1536w, https:\/\/www.mobilier-design-occasion.fr\/magazine\/wp-content\/uploads\/2021\/01\/Table-Laiton-et-velours-1-scaled.jpg 2048w, https:\/\/www.mobilier-design-occasion.fr\/magazine\/wp-content\/uploads\/2021\/01\/Table-Laiton-et-velours-1-810x552.jpg 810w, https:\/\/www.mobilier-design-occasion.fr\/magazine\/wp-content\/uploads\/2021\/01\/Table-Laiton-et-velours-1-1140x777.jpg 1140w, https:\/\/www.mobilier-design-occasion.fr\/magazine\/wp-content\/uploads\/2021\/01\/Table-Laiton-et-velours-1-145x100.jpg 145w, https:\/\/www.mobilier-design-occasion.fr\/magazine\/wp-content\/uploads\/2021\/01\/Table-Laiton-et-velours-1-380x260.jpg 380w, https:\/\/www.mobilier-design-occasion.fr\/magazine\/wp-content\/uploads\/2021\/01\/Table-Laiton-et-velours-1-634x433.jpg 634w\" sizes=\"auto, (max-width: 1024px) 100vw, 1024px\" \/><\/figure>\n\n\n\n<p><\/p>\n\n\n\n<h2 class=\"wp-block-heading\"><span class=\"ez-toc-section\" id=\"Des_couleurs_vives\"><\/span>Des couleurs vives<span class=\"ez-toc-section-end\"><\/span><\/h2>\n\n\n\n<p><br>Une autre <strong>tendance<\/strong> \u00e0 la hausse est l&#8217;utilisation de couleurs f\u00e9minines en contraste avec des teintes plus sombres. Le rose est parfait pour \u00e9clairer <strong>le gris Pantone<\/strong> ou le noir, et cr\u00e9e un contraste de couleur int\u00e9ressant qui donne \u00e0 la maison une \u00e9l\u00e9gance romantique.<\/p>\n\n\n\n<p>Les nuances plus sombres de bleu et de violet sont \u00e9galement mises en avant, pour donner aux pi\u00e8ces une touche d&#8217;exub\u00e9rance et de vitalit\u00e9. Le rouge est aussi le protagoniste de l&#8217;hiver, toujours accompagn\u00e9 du <strong>noir<\/strong> ou du <strong>gris ardoise<\/strong>, couleurs id\u00e9ales dans la cuisine, le salon mais aussi dans la chambre \u00e0 coucher.<\/p>\n\n\n\n<p>Dans la salle de bains, en revanche, les couleurs restent p\u00e2les et discr\u00e8tes ; il vaut mieux pr\u00e9f\u00e9rer les tons chauds et neutres ou le blanc classique.<\/p>\n\n\n\n<p><\/p>\n\n\n\n<p><\/p>\n\n\n\n<h2 class=\"wp-block-heading\"><span class=\"ez-toc-section\" id=\"Le_metal\"><\/span>Le m\u00e9tal<span class=\"ez-toc-section-end\"><\/span><\/h2>\n\n\n\n<p><br>La v\u00e9ritable tendance de l&#8217;hiver sera le jeu des contrastes entre les mat\u00e9riaux chauds et froids ; la combinaison gagnante sera celle entre le m\u00e9tal et le velours, deux mat\u00e9riaux parfaits pour les fauteuils, canap\u00e9s ou chaises. Lorsque vous choisissez le m\u00e9tal, n&#8217;optez pas pour plus de deux couleurs. <\/p>\n\n\n\n<p>Les m\u00e9taux brillants tels que l&#8217;or, l&#8217;argent, le cuivre et l&#8217;\u00e9tain seront les protagonistes de l&#8217;hiver, dans les finitions des meubles et de l&#8217;ameublement. Mais leur \u00e9clat sera \u00e9clips\u00e9 par la somptueuse touche de velours, autre protagoniste absolu de cet hiver.<\/p>\n\n\n\n<p>La tendance du velours continuera au moins jusqu&#8217;\u00e0 l&#8217;automne et sera plus que jamais utilis\u00e9e comme garniture pour les fauteuils, les coussins et les canap\u00e9s. <\/p>\n\n\n\n<p><\/p>\n\n\n\n<p><\/p>\n\n\n\n<p>Mais rappelez-vous : les couleurs ternes sont \u00e0 bannir ! <\/p>\n\n\n\n<p><\/p>\n\n\n\n<p><\/p>\n","protected":false},"excerpt":{"rendered":"<p>Les nouvelles tendances de l&#8217;ameublement pour l&#8217;hiver 2021 habillent la maison de couleurs intenses, d&#8217;accents vintage et de contrastes de mati\u00e8res tr\u00e8s suggestifs. Ne vous laissez pas prendre au d\u00e9pourvu par le changement soudain de saison ! Prenez une longueur d&#8217;avance et r\u00e9chauffez votre maison avec style : d\u00e9couvrez toutes les tendances en mati\u00e8re de [&hellip;]<\/p>\n","protected":false},"author":1,"featured_media":76,"comment_status":"open","ping_status":"open","sticky":false,"template":"","format":"standard","meta":{"footnotes":""},"categories":[2],"tags":[],"class_list":["post-18","post","type-post","status-publish","format-standard","has-post-thumbnail","hentry","category-tendances"],"yoast_head":"<!-- This site is optimized with the Yoast SEO plugin v27.5 - https:\/\/yoast.com\/product\/yoast-seo-wordpress\/ -->\n<title>Tendances de l&#039;ameublement hiver 2021 : chauffez votre maison avec style! - Mobilier Design Magazine<\/title>\n<meta name=\"robots\" content=\"index, follow, max-snippet:-1, max-image-preview:large, max-video-preview:-1\" \/>\n<link rel=\"canonical\" href=\"https:\/\/www.mobilier-design-occasion.fr\/magazine\/tendances-de-lameublement-hiver-2021-chauffez-votre-maison-avec-style\/\" \/>\n<meta property=\"og:locale\" content=\"fr_FR\" \/>\n<meta property=\"og:type\" content=\"article\" \/>\n<meta property=\"og:title\" content=\"Tendances de l&#039;ameublement hiver 2021 : chauffez votre maison avec style! - Mobilier Design Magazine\" \/>\n<meta property=\"og:description\" content=\"Les nouvelles tendances de l&#8217;ameublement pour l&#8217;hiver 2021 habillent la maison de couleurs intenses, d&#8217;accents vintage et de contrastes de mati\u00e8res tr\u00e8s suggestifs. Ne vous laissez pas prendre au d\u00e9pourvu par le changement soudain de saison ! Prenez une longueur d&#8217;avance et r\u00e9chauffez votre maison avec style : d\u00e9couvrez toutes les tendances en mati\u00e8re de [&hellip;]\" \/>\n<meta property=\"og:url\" content=\"https:\/\/www.mobilier-design-occasion.fr\/magazine\/tendances-de-lameublement-hiver-2021-chauffez-votre-maison-avec-style\/\" \/>\n<meta property=\"og:site_name\" content=\"Mobilier Design Magazine\" \/>\n<meta property=\"article:publisher\" content=\"https:\/\/www.facebook.com\/mobilierdesignoccasion\" \/>\n<meta property=\"article:published_time\" content=\"2021-01-20T10:49:39+00:00\" \/>\n<meta property=\"article:modified_time\" content=\"2021-01-25T14:04:02+00:00\" \/>\n<meta property=\"og:image\" content=\"https:\/\/www.mobilier-design-occasion.fr\/magazine\/wp-content\/uploads\/2021\/01\/pexels-rachel-claire-4846097-scaled.jpg\" \/>\n\t<meta property=\"og:image:width\" content=\"2048\" \/>\n\t<meta property=\"og:image:height\" content=\"1366\" \/>\n\t<meta property=\"og:image:type\" content=\"image\/jpeg\" \/>\n<meta name=\"author\" content=\"Cyrielle Poirot\" \/>\n<meta name=\"twitter:card\" content=\"summary_large_image\" \/>\n<meta name=\"twitter:label1\" content=\"\u00c9crit par\" \/>\n\t<meta name=\"twitter:data1\" content=\"Cyrielle Poirot\" \/>\n\t<meta name=\"twitter:label2\" content=\"Dur\u00e9e de lecture estim\u00e9e\" \/>\n\t<meta name=\"twitter:data2\" content=\"5 minutes\" \/>\n<script type=\"application\/ld+json\" class=\"yoast-schema-graph\">{\"@context\":\"https:\\\/\\\/schema.org\",\"@graph\":[{\"@type\":\"Article\",\"@id\":\"https:\\\/\\\/www.mobilier-design-occasion.fr\\\/magazine\\\/tendances-de-lameublement-hiver-2021-chauffez-votre-maison-avec-style\\\/#article\",\"isPartOf\":{\"@id\":\"https:\\\/\\\/www.mobilier-design-occasion.fr\\\/magazine\\\/tendances-de-lameublement-hiver-2021-chauffez-votre-maison-avec-style\\\/\"},\"author\":{\"name\":\"Cyrielle Poirot\",\"@id\":\"https:\\\/\\\/www.mobilier-design-occasion.fr\\\/magazine\\\/#\\\/schema\\\/person\\\/5b2e5627a714ddadaaf8c9b886c55eff\"},\"headline\":\"Tendances de l&#8217;ameublement hiver 2021 : chauffez votre maison avec style!\",\"datePublished\":\"2021-01-20T10:49:39+00:00\",\"dateModified\":\"2021-01-25T14:04:02+00:00\",\"mainEntityOfPage\":{\"@id\":\"https:\\\/\\\/www.mobilier-design-occasion.fr\\\/magazine\\\/tendances-de-lameublement-hiver-2021-chauffez-votre-maison-avec-style\\\/\"},\"wordCount\":1060,\"commentCount\":0,\"publisher\":{\"@id\":\"https:\\\/\\\/www.mobilier-design-occasion.fr\\\/magazine\\\/#organization\"},\"image\":{\"@id\":\"https:\\\/\\\/www.mobilier-design-occasion.fr\\\/magazine\\\/tendances-de-lameublement-hiver-2021-chauffez-votre-maison-avec-style\\\/#primaryimage\"},\"thumbnailUrl\":\"https:\\\/\\\/www.mobilier-design-occasion.fr\\\/magazine\\\/wp-content\\\/uploads\\\/2021\\\/01\\\/pexels-rachel-claire-4846097-scaled.jpg\",\"articleSection\":[\"Tendances\"],\"inLanguage\":\"fr-FR\",\"potentialAction\":[{\"@type\":\"CommentAction\",\"name\":\"Comment\",\"target\":[\"https:\\\/\\\/www.mobilier-design-occasion.fr\\\/magazine\\\/tendances-de-lameublement-hiver-2021-chauffez-votre-maison-avec-style\\\/#respond\"]}]},{\"@type\":\"WebPage\",\"@id\":\"https:\\\/\\\/www.mobilier-design-occasion.fr\\\/magazine\\\/tendances-de-lameublement-hiver-2021-chauffez-votre-maison-avec-style\\\/\",\"url\":\"https:\\\/\\\/www.mobilier-design-occasion.fr\\\/magazine\\\/tendances-de-lameublement-hiver-2021-chauffez-votre-maison-avec-style\\\/\",\"name\":\"Tendances de l'ameublement hiver 2021 : chauffez votre maison avec style! - Mobilier Design Magazine\",\"isPartOf\":{\"@id\":\"https:\\\/\\\/www.mobilier-design-occasion.fr\\\/magazine\\\/#website\"},\"primaryImageOfPage\":{\"@id\":\"https:\\\/\\\/www.mobilier-design-occasion.fr\\\/magazine\\\/tendances-de-lameublement-hiver-2021-chauffez-votre-maison-avec-style\\\/#primaryimage\"},\"image\":{\"@id\":\"https:\\\/\\\/www.mobilier-design-occasion.fr\\\/magazine\\\/tendances-de-lameublement-hiver-2021-chauffez-votre-maison-avec-style\\\/#primaryimage\"},\"thumbnailUrl\":\"https:\\\/\\\/www.mobilier-design-occasion.fr\\\/magazine\\\/wp-content\\\/uploads\\\/2021\\\/01\\\/pexels-rachel-claire-4846097-scaled.jpg\",\"datePublished\":\"2021-01-20T10:49:39+00:00\",\"dateModified\":\"2021-01-25T14:04:02+00:00\",\"breadcrumb\":{\"@id\":\"https:\\\/\\\/www.mobilier-design-occasion.fr\\\/magazine\\\/tendances-de-lameublement-hiver-2021-chauffez-votre-maison-avec-style\\\/#breadcrumb\"},\"inLanguage\":\"fr-FR\",\"potentialAction\":[{\"@type\":\"ReadAction\",\"target\":[\"https:\\\/\\\/www.mobilier-design-occasion.fr\\\/magazine\\\/tendances-de-lameublement-hiver-2021-chauffez-votre-maison-avec-style\\\/\"]}]},{\"@type\":\"ImageObject\",\"inLanguage\":\"fr-FR\",\"@id\":\"https:\\\/\\\/www.mobilier-design-occasion.fr\\\/magazine\\\/tendances-de-lameublement-hiver-2021-chauffez-votre-maison-avec-style\\\/#primaryimage\",\"url\":\"https:\\\/\\\/www.mobilier-design-occasion.fr\\\/magazine\\\/wp-content\\\/uploads\\\/2021\\\/01\\\/pexels-rachel-claire-4846097-scaled.jpg\",\"contentUrl\":\"https:\\\/\\\/www.mobilier-design-occasion.fr\\\/magazine\\\/wp-content\\\/uploads\\\/2021\\\/01\\\/pexels-rachel-claire-4846097-scaled.jpg\",\"width\":2048,\"height\":1366,\"caption\":\"Canap\u00e9 vert sapin\"},{\"@type\":\"BreadcrumbList\",\"@id\":\"https:\\\/\\\/www.mobilier-design-occasion.fr\\\/magazine\\\/tendances-de-lameublement-hiver-2021-chauffez-votre-maison-avec-style\\\/#breadcrumb\",\"itemListElement\":[{\"@type\":\"ListItem\",\"position\":1,\"name\":\"Accueil\",\"item\":\"https:\\\/\\\/www.mobilier-design-occasion.fr\\\/magazine\\\/\"},{\"@type\":\"ListItem\",\"position\":2,\"name\":\"Tendances de l&rsquo;ameublement hiver 2021 : chauffez votre maison avec style!\"}]},{\"@type\":\"WebSite\",\"@id\":\"https:\\\/\\\/www.mobilier-design-occasion.fr\\\/magazine\\\/#website\",\"url\":\"https:\\\/\\\/www.mobilier-design-occasion.fr\\\/magazine\\\/\",\"name\":\"Mobilier Design Magazine\",\"description\":\"\",\"publisher\":{\"@id\":\"https:\\\/\\\/www.mobilier-design-occasion.fr\\\/magazine\\\/#organization\"},\"potentialAction\":[{\"@type\":\"SearchAction\",\"target\":{\"@type\":\"EntryPoint\",\"urlTemplate\":\"https:\\\/\\\/www.mobilier-design-occasion.fr\\\/magazine\\\/?s={search_term_string}\"},\"query-input\":{\"@type\":\"PropertyValueSpecification\",\"valueRequired\":true,\"valueName\":\"search_term_string\"}}],\"inLanguage\":\"fr-FR\"},{\"@type\":\"Organization\",\"@id\":\"https:\\\/\\\/www.mobilier-design-occasion.fr\\\/magazine\\\/#organization\",\"name\":\"Mobilier Design Magazine\",\"url\":\"https:\\\/\\\/www.mobilier-design-occasion.fr\\\/magazine\\\/\",\"logo\":{\"@type\":\"ImageObject\",\"inLanguage\":\"fr-FR\",\"@id\":\"https:\\\/\\\/www.mobilier-design-occasion.fr\\\/magazine\\\/#\\\/schema\\\/logo\\\/image\\\/\",\"url\":\"https:\\\/\\\/www.mobilier-design-occasion.fr\\\/magazine\\\/wp-content\\\/uploads\\\/2024\\\/02\\\/android-chrome-192x192-1.png\",\"contentUrl\":\"https:\\\/\\\/www.mobilier-design-occasion.fr\\\/magazine\\\/wp-content\\\/uploads\\\/2024\\\/02\\\/android-chrome-192x192-1.png\",\"width\":192,\"height\":192,\"caption\":\"Mobilier Design Magazine\"},\"image\":{\"@id\":\"https:\\\/\\\/www.mobilier-design-occasion.fr\\\/magazine\\\/#\\\/schema\\\/logo\\\/image\\\/\"},\"sameAs\":[\"https:\\\/\\\/www.facebook.com\\\/mobilierdesignoccasion\"]},{\"@type\":\"Person\",\"@id\":\"https:\\\/\\\/www.mobilier-design-occasion.fr\\\/magazine\\\/#\\\/schema\\\/person\\\/5b2e5627a714ddadaaf8c9b886c55eff\",\"name\":\"Cyrielle Poirot\",\"image\":{\"@type\":\"ImageObject\",\"inLanguage\":\"fr-FR\",\"@id\":\"https:\\\/\\\/secure.gravatar.com\\\/avatar\\\/c8d2674e093b06894d8d1dc468b626bd752523471f3ac6e75f7c7a1400d40b4d?s=96&d=mm&r=g\",\"url\":\"https:\\\/\\\/secure.gravatar.com\\\/avatar\\\/c8d2674e093b06894d8d1dc468b626bd752523471f3ac6e75f7c7a1400d40b4d?s=96&d=mm&r=g\",\"contentUrl\":\"https:\\\/\\\/secure.gravatar.com\\\/avatar\\\/c8d2674e093b06894d8d1dc468b626bd752523471f3ac6e75f7c7a1400d40b4d?s=96&d=mm&r=g\",\"caption\":\"Cyrielle Poirot\"},\"description\":\"Cyrielle est passionn\u00e9e par la d\u00e9coration d'int\u00e9rieur et s'est sp\u00e9cialis\u00e9e depuis quelques ann\u00e9es dans l'\u00e9dition du site Mobilier-Design, avec une touche sp\u00e9cifique pour les produits d'occasion.\",\"sameAs\":[\"https:\\\/\\\/www.mobilier-design-occasion.fr\\\/magazine\"],\"url\":\"https:\\\/\\\/www.mobilier-design-occasion.fr\\\/magazine\\\/author\\\/cyrielle\\\/\"}]}<\/script>\n<!-- \/ Yoast SEO plugin. -->","yoast_head_json":{"title":"Tendances de l'ameublement hiver 2021 : chauffez votre maison avec style! - Mobilier Design Magazine","robots":{"index":"index","follow":"follow","max-snippet":"max-snippet:-1","max-image-preview":"max-image-preview:large","max-video-preview":"max-video-preview:-1"},"canonical":"https:\/\/www.mobilier-design-occasion.fr\/magazine\/tendances-de-lameublement-hiver-2021-chauffez-votre-maison-avec-style\/","og_locale":"fr_FR","og_type":"article","og_title":"Tendances de l'ameublement hiver 2021 : chauffez votre maison avec style! - Mobilier Design Magazine","og_description":"Les nouvelles tendances de l&#8217;ameublement pour l&#8217;hiver 2021 habillent la maison de couleurs intenses, d&#8217;accents vintage et de contrastes de mati\u00e8res tr\u00e8s suggestifs. Ne vous laissez pas prendre au d\u00e9pourvu par le changement soudain de saison ! Prenez une longueur d&#8217;avance et r\u00e9chauffez votre maison avec style : d\u00e9couvrez toutes les tendances en mati\u00e8re de [&hellip;]","og_url":"https:\/\/www.mobilier-design-occasion.fr\/magazine\/tendances-de-lameublement-hiver-2021-chauffez-votre-maison-avec-style\/","og_site_name":"Mobilier Design Magazine","article_publisher":"https:\/\/www.facebook.com\/mobilierdesignoccasion","article_published_time":"2021-01-20T10:49:39+00:00","article_modified_time":"2021-01-25T14:04:02+00:00","og_image":[{"width":2048,"height":1366,"url":"https:\/\/www.mobilier-design-occasion.fr\/magazine\/wp-content\/uploads\/2021\/01\/pexels-rachel-claire-4846097-scaled.jpg","type":"image\/jpeg"}],"author":"Cyrielle Poirot","twitter_card":"summary_large_image","twitter_misc":{"\u00c9crit par":"Cyrielle Poirot","Dur\u00e9e de lecture estim\u00e9e":"5 minutes"},"schema":{"@context":"https:\/\/schema.org","@graph":[{"@type":"Article","@id":"https:\/\/www.mobilier-design-occasion.fr\/magazine\/tendances-de-lameublement-hiver-2021-chauffez-votre-maison-avec-style\/#article","isPartOf":{"@id":"https:\/\/www.mobilier-design-occasion.fr\/magazine\/tendances-de-lameublement-hiver-2021-chauffez-votre-maison-avec-style\/"},"author":{"name":"Cyrielle Poirot","@id":"https:\/\/www.mobilier-design-occasion.fr\/magazine\/#\/schema\/person\/5b2e5627a714ddadaaf8c9b886c55eff"},"headline":"Tendances de l&#8217;ameublement hiver 2021 : chauffez votre maison avec style!","datePublished":"2021-01-20T10:49:39+00:00","dateModified":"2021-01-25T14:04:02+00:00","mainEntityOfPage":{"@id":"https:\/\/www.mobilier-design-occasion.fr\/magazine\/tendances-de-lameublement-hiver-2021-chauffez-votre-maison-avec-style\/"},"wordCount":1060,"commentCount":0,"publisher":{"@id":"https:\/\/www.mobilier-design-occasion.fr\/magazine\/#organization"},"image":{"@id":"https:\/\/www.mobilier-design-occasion.fr\/magazine\/tendances-de-lameublement-hiver-2021-chauffez-votre-maison-avec-style\/#primaryimage"},"thumbnailUrl":"https:\/\/www.mobilier-design-occasion.fr\/magazine\/wp-content\/uploads\/2021\/01\/pexels-rachel-claire-4846097-scaled.jpg","articleSection":["Tendances"],"inLanguage":"fr-FR","potentialAction":[{"@type":"CommentAction","name":"Comment","target":["https:\/\/www.mobilier-design-occasion.fr\/magazine\/tendances-de-lameublement-hiver-2021-chauffez-votre-maison-avec-style\/#respond"]}]},{"@type":"WebPage","@id":"https:\/\/www.mobilier-design-occasion.fr\/magazine\/tendances-de-lameublement-hiver-2021-chauffez-votre-maison-avec-style\/","url":"https:\/\/www.mobilier-design-occasion.fr\/magazine\/tendances-de-lameublement-hiver-2021-chauffez-votre-maison-avec-style\/","name":"Tendances de l'ameublement hiver 2021 : chauffez votre maison avec style! - Mobilier Design Magazine","isPartOf":{"@id":"https:\/\/www.mobilier-design-occasion.fr\/magazine\/#website"},"primaryImageOfPage":{"@id":"https:\/\/www.mobilier-design-occasion.fr\/magazine\/tendances-de-lameublement-hiver-2021-chauffez-votre-maison-avec-style\/#primaryimage"},"image":{"@id":"https:\/\/www.mobilier-design-occasion.fr\/magazine\/tendances-de-lameublement-hiver-2021-chauffez-votre-maison-avec-style\/#primaryimage"},"thumbnailUrl":"https:\/\/www.mobilier-design-occasion.fr\/magazine\/wp-content\/uploads\/2021\/01\/pexels-rachel-claire-4846097-scaled.jpg","datePublished":"2021-01-20T10:49:39+00:00","dateModified":"2021-01-25T14:04:02+00:00","breadcrumb":{"@id":"https:\/\/www.mobilier-design-occasion.fr\/magazine\/tendances-de-lameublement-hiver-2021-chauffez-votre-maison-avec-style\/#breadcrumb"},"inLanguage":"fr-FR","potentialAction":[{"@type":"ReadAction","target":["https:\/\/www.mobilier-design-occasion.fr\/magazine\/tendances-de-lameublement-hiver-2021-chauffez-votre-maison-avec-style\/"]}]},{"@type":"ImageObject","inLanguage":"fr-FR","@id":"https:\/\/www.mobilier-design-occasion.fr\/magazine\/tendances-de-lameublement-hiver-2021-chauffez-votre-maison-avec-style\/#primaryimage","url":"https:\/\/www.mobilier-design-occasion.fr\/magazine\/wp-content\/uploads\/2021\/01\/pexels-rachel-claire-4846097-scaled.jpg","contentUrl":"https:\/\/www.mobilier-design-occasion.fr\/magazine\/wp-content\/uploads\/2021\/01\/pexels-rachel-claire-4846097-scaled.jpg","width":2048,"height":1366,"caption":"Canap\u00e9 vert sapin"},{"@type":"BreadcrumbList","@id":"https:\/\/www.mobilier-design-occasion.fr\/magazine\/tendances-de-lameublement-hiver-2021-chauffez-votre-maison-avec-style\/#breadcrumb","itemListElement":[{"@type":"ListItem","position":1,"name":"Accueil","item":"https:\/\/www.mobilier-design-occasion.fr\/magazine\/"},{"@type":"ListItem","position":2,"name":"Tendances de l&rsquo;ameublement hiver 2021 : chauffez votre maison avec style!"}]},{"@type":"WebSite","@id":"https:\/\/www.mobilier-design-occasion.fr\/magazine\/#website","url":"https:\/\/www.mobilier-design-occasion.fr\/magazine\/","name":"Mobilier Design Magazine","description":"","publisher":{"@id":"https:\/\/www.mobilier-design-occasion.fr\/magazine\/#organization"},"potentialAction":[{"@type":"SearchAction","target":{"@type":"EntryPoint","urlTemplate":"https:\/\/www.mobilier-design-occasion.fr\/magazine\/?s={search_term_string}"},"query-input":{"@type":"PropertyValueSpecification","valueRequired":true,"valueName":"search_term_string"}}],"inLanguage":"fr-FR"},{"@type":"Organization","@id":"https:\/\/www.mobilier-design-occasion.fr\/magazine\/#organization","name":"Mobilier Design Magazine","url":"https:\/\/www.mobilier-design-occasion.fr\/magazine\/","logo":{"@type":"ImageObject","inLanguage":"fr-FR","@id":"https:\/\/www.mobilier-design-occasion.fr\/magazine\/#\/schema\/logo\/image\/","url":"https:\/\/www.mobilier-design-occasion.fr\/magazine\/wp-content\/uploads\/2024\/02\/android-chrome-192x192-1.png","contentUrl":"https:\/\/www.mobilier-design-occasion.fr\/magazine\/wp-content\/uploads\/2024\/02\/android-chrome-192x192-1.png","width":192,"height":192,"caption":"Mobilier Design Magazine"},"image":{"@id":"https:\/\/www.mobilier-design-occasion.fr\/magazine\/#\/schema\/logo\/image\/"},"sameAs":["https:\/\/www.facebook.com\/mobilierdesignoccasion"]},{"@type":"Person","@id":"https:\/\/www.mobilier-design-occasion.fr\/magazine\/#\/schema\/person\/5b2e5627a714ddadaaf8c9b886c55eff","name":"Cyrielle Poirot","image":{"@type":"ImageObject","inLanguage":"fr-FR","@id":"https:\/\/secure.gravatar.com\/avatar\/c8d2674e093b06894d8d1dc468b626bd752523471f3ac6e75f7c7a1400d40b4d?s=96&d=mm&r=g","url":"https:\/\/secure.gravatar.com\/avatar\/c8d2674e093b06894d8d1dc468b626bd752523471f3ac6e75f7c7a1400d40b4d?s=96&d=mm&r=g","contentUrl":"https:\/\/secure.gravatar.com\/avatar\/c8d2674e093b06894d8d1dc468b626bd752523471f3ac6e75f7c7a1400d40b4d?s=96&d=mm&r=g","caption":"Cyrielle Poirot"},"description":"Cyrielle est passionn\u00e9e par la d\u00e9coration d'int\u00e9rieur et s'est sp\u00e9cialis\u00e9e depuis quelques ann\u00e9es dans l'\u00e9dition du site Mobilier-Design, avec une touche sp\u00e9cifique pour les produits d'occasion.","sameAs":["https:\/\/www.mobilier-design-occasion.fr\/magazine"],"url":"https:\/\/www.mobilier-design-occasion.fr\/magazine\/author\/cyrielle\/"}]}},"_links":{"self":[{"href":"https:\/\/www.mobilier-design-occasion.fr\/magazine\/wp-json\/wp\/v2\/posts\/18","targetHints":{"allow":["GET"]}}],"collection":[{"href":"https:\/\/www.mobilier-design-occasion.fr\/magazine\/wp-json\/wp\/v2\/posts"}],"about":[{"href":"https:\/\/www.mobilier-design-occasion.fr\/magazine\/wp-json\/wp\/v2\/types\/post"}],"author":[{"embeddable":true,"href":"https:\/\/www.mobilier-design-occasion.fr\/magazine\/wp-json\/wp\/v2\/users\/1"}],"replies":[{"embeddable":true,"href":"https:\/\/www.mobilier-design-occasion.fr\/magazine\/wp-json\/wp\/v2\/comments?post=18"}],"version-history":[{"count":5,"href":"https:\/\/www.mobilier-design-occasion.fr\/magazine\/wp-json\/wp\/v2\/posts\/18\/revisions"}],"predecessor-version":[{"id":186,"href":"https:\/\/www.mobilier-design-occasion.fr\/magazine\/wp-json\/wp\/v2\/posts\/18\/revisions\/186"}],"wp:featuredmedia":[{"embeddable":true,"href":"https:\/\/www.mobilier-design-occasion.fr\/magazine\/wp-json\/wp\/v2\/media\/76"}],"wp:attachment":[{"href":"https:\/\/www.mobilier-design-occasion.fr\/magazine\/wp-json\/wp\/v2\/media?parent=18"}],"wp:term":[{"taxonomy":"category","embeddable":true,"href":"https:\/\/www.mobilier-design-occasion.fr\/magazine\/wp-json\/wp\/v2\/categories?post=18"},{"taxonomy":"post_tag","embeddable":true,"href":"https:\/\/www.mobilier-design-occasion.fr\/magazine\/wp-json\/wp\/v2\/tags?post=18"}],"curies":[{"name":"wp","href":"https:\/\/api.w.org\/{rel}","templated":true}]}}