{"id":1782,"date":"2026-04-04T08:36:32","date_gmt":"2026-04-04T08:36:32","guid":{"rendered":"https:\/\/www.mobilier-design-occasion.fr\/magazine\/?p=1782"},"modified":"2026-04-04T08:36:33","modified_gmt":"2026-04-04T08:36:33","slug":"test-et-avis-sur-eminza","status":"publish","type":"post","link":"https:\/\/www.mobilier-design-occasion.fr\/magazine\/test-et-avis-sur-eminza\/","title":{"rendered":"Test &amp; avis sur Eminza Avril 2026"},"content":{"rendered":"\n<h2 class=\"wp-block-heading\"><span class=\"ez-toc-section\" id=\"Le_point_sur_les_nouveautes_de_la_marque\"><\/span>Le point sur les nouveaut\u00e9s de la marque<span class=\"ez-toc-section-end\"><\/span><\/h2><div id=\"ez-toc-container\" class=\"ez-toc-v2_0_82_2 counter-hierarchy ez-toc-counter ez-toc-grey ez-toc-container-direction\">\n<div class=\"ez-toc-title-container\">\n<span class=\"ez-toc-title-toggle\"><a href=\"#\" class=\"ez-toc-pull-right ez-toc-btn ez-toc-btn-xs ez-toc-btn-default ez-toc-toggle\" aria-label=\"Toggle Table of Content\"><span class=\"ez-toc-js-icon-con\"><span class=\"\"><span class=\"eztoc-hide\" style=\"display:none;\">Toggle<\/span><span class=\"ez-toc-icon-toggle-span\"><svg style=\"fill: #999;color:#999\" xmlns=\"http:\/\/www.w3.org\/2000\/svg\" class=\"list-377408\" width=\"20px\" height=\"20px\" viewBox=\"0 0 24 24\" fill=\"none\"><path d=\"M6 6H4v2h2V6zm14 0H8v2h12V6zM4 11h2v2H4v-2zm16 0H8v2h12v-2zM4 16h2v2H4v-2zm16 0H8v2h12v-2z\" fill=\"currentColor\"><\/path><\/svg><svg style=\"fill: #999;color:#999\" class=\"arrow-unsorted-368013\" xmlns=\"http:\/\/www.w3.org\/2000\/svg\" width=\"10px\" height=\"10px\" viewBox=\"0 0 24 24\" version=\"1.2\" baseProfile=\"tiny\"><path d=\"M18.2 9.3l-6.2-6.3-6.2 6.3c-.2.2-.3.4-.3.7s.1.5.3.7c.2.2.4.3.7.3h11c.3 0 .5-.1.7-.3.2-.2.3-.5.3-.7s-.1-.5-.3-.7zM5.8 14.7l6.2 6.3 6.2-6.3c.2-.2.3-.5.3-.7s-.1-.5-.3-.7c-.2-.2-.4-.3-.7-.3h-11c-.3 0-.5.1-.7.3-.2.2-.3.5-.3.7s.1.5.3.7z\"\/><\/svg><\/span><\/span><\/span><\/a><\/span><\/div>\n<nav><ul class='ez-toc-list ez-toc-list-level-1 eztoc-toggle-hide-by-default' ><li class='ez-toc-page-1 ez-toc-heading-level-2'><a class=\"ez-toc-link ez-toc-heading-1\" href=\"https:\/\/www.mobilier-design-occasion.fr\/magazine\/test-et-avis-sur-eminza\/#Le_point_sur_les_nouveautes_de_la_marque\" >Le point sur les nouveaut\u00e9s de la marque<\/a><\/li><li class='ez-toc-page-1 ez-toc-heading-level-2'><a class=\"ez-toc-link ez-toc-heading-2\" href=\"https:\/\/www.mobilier-design-occasion.fr\/magazine\/test-et-avis-sur-eminza\/#Note_de_mise_a_jour_Avril_2026\" >Note de mise \u00e0 jour (Avril 2026)<\/a><\/li><li class='ez-toc-page-1 ez-toc-heading-level-2'><a class=\"ez-toc-link ez-toc-heading-3\" href=\"https:\/\/www.mobilier-design-occasion.fr\/magazine\/test-et-avis-sur-eminza\/#Qui_est_Eminza\" >Qui est Eminza ?<\/a><\/li><li class='ez-toc-page-1 ez-toc-heading-level-2'><a class=\"ez-toc-link ez-toc-heading-4\" href=\"https:\/\/www.mobilier-design-occasion.fr\/magazine\/test-et-avis-sur-eminza\/#Les_coordonnees_de_Eminza\" >Les coordonn\u00e9es de Eminza<\/a><\/li><li class='ez-toc-page-1 ez-toc-heading-level-2'><a class=\"ez-toc-link ez-toc-heading-5\" href=\"https:\/\/www.mobilier-design-occasion.fr\/magazine\/test-et-avis-sur-eminza\/#Eminza_E-commercant_francais_base_a_Annecy\" >Eminza : E-commer\u00e7ant fran\u00e7ais bas\u00e9 \u00e0 Annecy<\/a><\/li><li class='ez-toc-page-1 ez-toc-heading-level-2'><a class=\"ez-toc-link ez-toc-heading-6\" href=\"https:\/\/www.mobilier-design-occasion.fr\/magazine\/test-et-avis-sur-eminza\/#La_promesse\" >La promesse<\/a><\/li><li class='ez-toc-page-1 ez-toc-heading-level-2'><a class=\"ez-toc-link ez-toc-heading-7\" href=\"https:\/\/www.mobilier-design-occasion.fr\/magazine\/test-et-avis-sur-eminza\/#Les_magasins_Eminza\" >Les magasins Eminza<\/a><\/li><li class='ez-toc-page-1 ez-toc-heading-level-2'><a class=\"ez-toc-link ez-toc-heading-8\" href=\"https:\/\/www.mobilier-design-occasion.fr\/magazine\/test-et-avis-sur-eminza\/#Les_avis_clients_sur_Eminza\" >Les avis clients sur Eminza<\/a><ul class='ez-toc-list-level-3' ><li class='ez-toc-heading-level-3'><a class=\"ez-toc-link ez-toc-heading-9\" href=\"https:\/\/www.mobilier-design-occasion.fr\/magazine\/test-et-avis-sur-eminza\/#Plutot_negatif\" >Plut\u00f4t n\u00e9gatif:<\/a><\/li><li class='ez-toc-page-1 ez-toc-heading-level-3'><a class=\"ez-toc-link ez-toc-heading-10\" href=\"https:\/\/www.mobilier-design-occasion.fr\/magazine\/test-et-avis-sur-eminza\/#Plutot_positif\" >Plut\u00f4t positif:<\/a><\/li><li class='ez-toc-page-1 ez-toc-heading-level-3'><a class=\"ez-toc-link ez-toc-heading-11\" href=\"https:\/\/www.mobilier-design-occasion.fr\/magazine\/test-et-avis-sur-eminza\/#Prix_du_produit\" >Prix du produit<\/a><\/li><li class='ez-toc-page-1 ez-toc-heading-level-3'><a class=\"ez-toc-link ez-toc-heading-12\" href=\"https:\/\/www.mobilier-design-occasion.fr\/magazine\/test-et-avis-sur-eminza\/#Les_frais_de_livraison\" >Les frais de livraison<\/a><\/li><li class='ez-toc-page-1 ez-toc-heading-level-3'><a class=\"ez-toc-link ez-toc-heading-13\" href=\"https:\/\/www.mobilier-design-occasion.fr\/magazine\/test-et-avis-sur-eminza\/#Les_moyens_de_paiement\" >Les moyens de paiement<\/a><\/li><li class='ez-toc-page-1 ez-toc-heading-level-3'><a class=\"ez-toc-link ez-toc-heading-14\" href=\"https:\/\/www.mobilier-design-occasion.fr\/magazine\/test-et-avis-sur-eminza\/#Service_apres_vente\" >Service apr\u00e8s vente<\/a><\/li><li class='ez-toc-page-1 ez-toc-heading-level-3'><a class=\"ez-toc-link ez-toc-heading-15\" href=\"https:\/\/www.mobilier-design-occasion.fr\/magazine\/test-et-avis-sur-eminza\/#Les_garanties\" >Les garanties<\/a><\/li><li class='ez-toc-page-1 ez-toc-heading-level-3'><a class=\"ez-toc-link ez-toc-heading-16\" href=\"https:\/\/www.mobilier-design-occasion.fr\/magazine\/test-et-avis-sur-eminza\/#Quest-ce_qui_nous_manque\" >Qu&#8217;est-ce qui nous manque?<\/a><\/li><\/ul><\/li><\/ul><\/nav><\/div>\n\n\n\n\n<p><br>Depuis notre test, la <a href=\"https:\/\/www.mobilier-design-occasion.fr\/magazine\/5-marques-de-design-intemporel-que-vous-devez-absolument-connaitre\/\">marque<\/a> a fortement \u00e9volu\u00e9 pour allier <a href=\"https:\/\/www.mobilier-design-occasion.fr\/magazine\/mobilier-vintage-les-styles-les-plus-prises\/\">style<\/a>, accessibilit\u00e9 et responsabilit\u00e9. Voici les points cl\u00e9s \u00e0 retenir :<br><\/p>\n\n\n\n<ul class=\"wp-block-list\">\n<li><strong>Plus de choix et de tendances<\/strong> : Un catalogue enrichi avec des mati\u00e8res phares comme le linge de <a href=\"https:\/\/www.mobilier-design-occasion.fr\/magazine\/combien-dheures-de-sommeil-pour-mon-enfant\/\">lit<\/a> en gaze de coton, d\u00e9clin\u00e9e dans un large choix de coloris et de motifs.<\/li>\n\n\n\n<li><strong>Fin du packaging plastique<\/strong> : Sur ses mod\u00e8les de linge de lit les plus populaires, Eminza remplace d\u00e9sormais les emballages plastiques par des pochons r\u00e9utilisables confectionn\u00e9s \u00e0 partir de chutes de tissus.<\/li>\n\n\n\n<li><strong>Priorit\u00e9 aux certifications<\/strong> : La marque g\u00e9n\u00e9ralise les labels Oeko-Tex (sant\u00e9 et<br>environnement) et BSCI (\u00e9thique sociale des ateliers) sur une grande partie de son offre.<\/li>\n\n\n\n<li><strong>Le meilleur rapport Qualit\u00e9\/Prix<\/strong> : L&#8217;ADN reste le m\u00eame : proposer le <a href=\"https:\/\/www.mobilier-design-occasion.fr\/magazine\/table-tulipe-knoll-indemodable-du-design\/\">design<\/a> le plus abordable du march\u00e9 tout en am\u00e9liorant la durabilit\u00e9 des produits.<\/li>\n<\/ul>\n\n\n\n<figure class=\"wp-block-image size-large\"><img loading=\"lazy\" decoding=\"async\" width=\"1024\" height=\"766\" src=\"https:\/\/www.mobilier-design-occasion.fr\/magazine\/wp-content\/uploads\/2023\/11\/emballage-eco-responsable-eminza-1024x766.jpg\" alt=\"\" class=\"wp-image-8913\" srcset=\"https:\/\/www.mobilier-design-occasion.fr\/magazine\/wp-content\/uploads\/2023\/11\/emballage-eco-responsable-eminza-1024x766.jpg 1024w, https:\/\/www.mobilier-design-occasion.fr\/magazine\/wp-content\/uploads\/2023\/11\/emballage-eco-responsable-eminza-300x224.jpg 300w, https:\/\/www.mobilier-design-occasion.fr\/magazine\/wp-content\/uploads\/2023\/11\/emballage-eco-responsable-eminza-768x574.jpg 768w, https:\/\/www.mobilier-design-occasion.fr\/magazine\/wp-content\/uploads\/2023\/11\/emballage-eco-responsable-eminza-1536x1149.jpg 1536w, https:\/\/www.mobilier-design-occasion.fr\/magazine\/wp-content\/uploads\/2023\/11\/emballage-eco-responsable-eminza-scaled.jpg 2048w, https:\/\/www.mobilier-design-occasion.fr\/magazine\/wp-content\/uploads\/2023\/11\/emballage-eco-responsable-eminza-810x606.jpg 810w, https:\/\/www.mobilier-design-occasion.fr\/magazine\/wp-content\/uploads\/2023\/11\/emballage-eco-responsable-eminza-1140x853.jpg 1140w\" sizes=\"auto, (max-width: 1024px) 100vw, 1024px\" \/><\/figure>\n\n\n\n<p><strong>Avis Positifs<\/strong><\/p>\n\n\n\n<ul class=\"wp-block-list\">\n<li><strong>Grande satisfaction avec la vari\u00e9t\u00e9 des produits<\/strong>: Les clients ont trouv\u00e9 exactement ce qu&#8217;ils cherchaient, comme des rideaux voilages de grandes tailles et des rideaux thermiques.<\/li>\n\n\n\n<li><strong>Qualit\u00e9 des produits<\/strong>: Plusieurs avis ont soulign\u00e9 la bonne qualit\u00e9 des articles, notamment des nappes, des suspensions, et du linge de lit.<\/li>\n\n\n\n<li><strong>Service client\u00e8le appr\u00e9ci\u00e9<\/strong>: Plusieurs clients ont fait l&#8217;\u00e9loge du service client, mentionnant son efficacit\u00e9, sa r\u00e9activit\u00e9 et la courtoisie des interlocuteurs.<\/li>\n\n\n\n<li><strong>Livraison et emballage<\/strong>: Commentaires positifs sur la rapidit\u00e9 de la livraison et le bon emballage des articles, m\u00eame fragiles comme des boules de No\u00ebl en verre.<\/li>\n\n\n\n<li><strong>Exp\u00e9rience d&#8217;achat en ligne positive<\/strong>: Facilit\u00e9 de commande et site web clair ont \u00e9t\u00e9 appr\u00e9ci\u00e9s par plusieurs clients.<\/li>\n\n\n\n<li><strong>Gestion efficace des probl\u00e8mes<\/strong>: Des cas de r\u00e9exp\u00e9dition rapide d&#8217;un nouveau produit en cas de probl\u00e8me avec la commande initiale ont \u00e9t\u00e9 rapport\u00e9s.<\/li>\n<\/ul>\n\n\n\n<p><strong>Avis N\u00e9gatifs<\/strong><\/p>\n\n\n\n<ul class=\"wp-block-list\">\n<li><strong>Probl\u00e8mes de livraison avec Mondial Relay<\/strong>: Des clients ont rencontr\u00e9 des soucis avec le service de livraison, comme des retards ou des points relais inaccessibles.<\/li>\n\n\n\n<li><strong>Qualit\u00e9 de l&#8217;emballage insuffisante pour certains produits<\/strong>: Un client a mentionn\u00e9 avoir re\u00e7u un article cass\u00e9 et mal emball\u00e9.<\/li>\n\n\n\n<li><strong>Probl\u00e8mes de qualit\u00e9 avec certains produits<\/strong>: Traces de piqure d&#8217;aiguille sur un produit neuf et probl\u00e8mes de contr\u00f4le qualit\u00e9 ont \u00e9t\u00e9 rapport\u00e9s.<\/li>\n<\/ul>\n\n\n\n<p><strong>Notre Avis<\/strong><\/p>\n\n\n\n<p>Eminza semble offrir une exp\u00e9rience globalement positive \u00e0 ses clients, avec une grande satisfaction concernant la vari\u00e9t\u00e9 et la qualit\u00e9 de ses produits. Les clients appr\u00e9cient particuli\u00e8rement le service client pour sa r\u00e9activit\u00e9 et son efficacit\u00e9. La rapidit\u00e9 de livraison et la qualit\u00e9 de l&#8217;emballage sont \u00e9galement des points forts. Cependant, certains probl\u00e8mes ont \u00e9t\u00e9 rencontr\u00e9s avec la livraison, en particulier avec le service Mondial Relay, et quelques cas de produits mal emball\u00e9s ou pr\u00e9sentant des d\u00e9fauts mineurs ont \u00e9t\u00e9 signal\u00e9s. Malgr\u00e9 ces quelques points n\u00e9gatifs, la majorit\u00e9 des clients semblent satisfaits de leurs achats et du service global offert par Eminza.<\/p>\n\n\n\n<h2 class=\"wp-block-heading\"><span class=\"ez-toc-section\" id=\"Note_de_mise_a_jour_Avril_2026\"><\/span>Note de mise \u00e0 jour (Avril 2026)<span class=\"ez-toc-section-end\"><\/span><\/h2>\n\n\n\n<p><br>Suite \u00e0 nos \u00e9changes avec la marque Eminza, celle-ci a confirm\u00e9 avoir pris des mesures concr\u00e8tes sur les points soulev\u00e9s dans ce test :<\/p>\n\n\n\n<ul class=\"wp-block-list\">\n<li><strong>Livraison<\/strong> : Une diversification des transporteurs a \u00e9t\u00e9 mise en place pour pallier les<br>probl\u00e8mes localis\u00e9s de Mondial Relay.<\/li>\n\n\n\n<li><strong>Qualit\u00e9 d&#8217;emballage<\/strong> : Un nouveau protocole de protection, notamment pour les articles fragiles, est d\u00e9sormais appliqu\u00e9 pour garantir une r\u00e9ception sans casse.<\/li>\n\n\n\n<li><strong>Contr\u00f4le Qualit\u00e9<\/strong> : Le processus de v\u00e9rification en sortie d&#8217;usine a \u00e9t\u00e9 renforc\u00e9 pour \u00e9viter tout d\u00e9faut de <a href=\"https:\/\/www.mobilier-design-occasion.fr\/magazine\/le-petit-lexique-du-mobilier-design\/\">finition<\/a> sur le <a href=\"https:\/\/www.mobilier-design-occasion.fr\/magazine\/test-avis-essix-home\/\">textile<\/a>.<\/li>\n\n\n\n<li><strong>Note de la marque<\/strong> : \u00ab Chez Eminza, nous ne pr\u00e9tendons pas \u00eatre parfaits, mais nous avons \u00e0 c\u0153ur d&#8217;\u00e9couter et de r\u00e9soudre chaque point soulev\u00e9 par nos clients.&nbsp;\u00bb<\/li>\n<\/ul>\n\n\n\n<figure class=\"wp-block-image size-large\"><img loading=\"lazy\" decoding=\"async\" width=\"1024\" height=\"569\" src=\"https:\/\/www.mobilier-design-occasion.fr\/magazine\/wp-content\/uploads\/2023\/11\/image-45-1024x569.png\" alt=\"\" class=\"wp-image-7025\" srcset=\"https:\/\/www.mobilier-design-occasion.fr\/magazine\/wp-content\/uploads\/2023\/11\/image-45-1024x569.png 1024w, https:\/\/www.mobilier-design-occasion.fr\/magazine\/wp-content\/uploads\/2023\/11\/image-45-300x167.png 300w, https:\/\/www.mobilier-design-occasion.fr\/magazine\/wp-content\/uploads\/2023\/11\/image-45-768x427.png 768w, https:\/\/www.mobilier-design-occasion.fr\/magazine\/wp-content\/uploads\/2023\/11\/image-45-810x450.png 810w, https:\/\/www.mobilier-design-occasion.fr\/magazine\/wp-content\/uploads\/2023\/11\/image-45-1140x634.png 1140w, https:\/\/www.mobilier-design-occasion.fr\/magazine\/wp-content\/uploads\/2023\/11\/image-45.png 1284w\" sizes=\"auto, (max-width: 1024px) 100vw, 1024px\" \/><\/figure>\n\n\n\n<h2 class=\"wp-block-heading\"><span class=\"ez-toc-section\" id=\"Qui_est_Eminza\"><\/span>Qui est Eminza ?<span class=\"ez-toc-section-end\"><\/span><\/h2>\n\n\n<div class=\"wp-block-image\">\n<figure class=\"alignleft size-full\"><img loading=\"lazy\" decoding=\"async\" width=\"256\" height=\"56\" src=\"https:\/\/www.mobilier-design-occasion.fr\/magazine\/wp-content\/uploads\/2021\/09\/Capture1-21.jpg\" alt=\"\" class=\"wp-image-1783\"\/><\/figure>\n<\/div>\n\n\n<p>Eminza est une boutique en ligne avec un large \u00e9ventail d&#8217;articles. Un site clair et transparent o\u00f9 les clients peuvent s&#8217;offrir le meilleur des tendances d\u00e9co, au meilleur prix.<\/p>\n\n\n\n<h2 class=\"wp-block-heading\"><span class=\"ez-toc-section\" id=\"Les_coordonnees_de_Eminza\"><\/span>Les coordonn\u00e9es de Eminza<span class=\"ez-toc-section-end\"><\/span><\/h2>\n\n\n<div class=\"wp-block-image is-resized\">\n<figure class=\"aligncenter size-full\"><img loading=\"lazy\" decoding=\"async\" width=\"371\" height=\"289\" src=\"https:\/\/www.mobilier-design-occasion.fr\/magazine\/wp-content\/uploads\/2021\/09\/Capture1-22.jpg\" alt=\"\" class=\"wp-image-1785\" srcset=\"https:\/\/www.mobilier-design-occasion.fr\/magazine\/wp-content\/uploads\/2021\/09\/Capture1-22.jpg 371w, https:\/\/www.mobilier-design-occasion.fr\/magazine\/wp-content\/uploads\/2021\/09\/Capture1-22-300x234.jpg 300w\" sizes=\"auto, (max-width: 371px) 100vw, 371px\" \/><figcaption class=\"wp-element-caption\">Illustration eminza.com<\/figcaption><\/figure>\n<\/div>\n\n\n<p>Eminza n&#8217;a pas de magasin. Tout se passe en ligne sur leur site internet : <a href=\"https:\/\/www.pamono.fr\/\">https:\/\/www.eminza.com\/<\/a>. \u00c0 l&#8217;heure du &#8220;tout num\u00e9rique&#8221;, ce positionnement est tr\u00e8s clair et logique. Vous avez de nombreuses photos.<\/p>\n\n\n\n<h2 class=\"wp-block-heading\"><span class=\"ez-toc-section\" id=\"Eminza_E-commercant_francais_base_a_Annecy\"><\/span>Eminza : E-commer\u00e7ant fran\u00e7ais bas\u00e9 \u00e0 Annecy<span class=\"ez-toc-section-end\"><\/span><\/h2>\n\n\n\n<p><br>Sp\u00e9cialis\u00e9 dans l&#8217;univers de la maison, la marque propose des collections compl\u00e8tes autour de quatre<br>univers phares :<br>&#8211; Linge de maison : Une expertise reconnue en linge de lit, rideaux et textile d\u00e9co.<br>&#8211; <a href=\"https:\/\/www.mobilier-design-occasion.fr\/magazine\/test-avis-sur-la-redoute-interieurs-am-pm\/\">Mobilier<\/a> de <a href=\"https:\/\/www.mobilier-design-occasion.fr\/magazine\/journal-de-bord-une-journee-avec-la-lasure-bois\/\">jardin<\/a> : Des salons de jardin, transats et am\u00e9nagements ext\u00e9rieurs alliant design et durabilit\u00e9.<br>&#8211; Meubles et D\u00e9co : Une s\u00e9lection de mobilier d&#8217;<a href=\"https:\/\/www.mobilier-design-occasion.fr\/magazine\/envie-dun-interieur-chic-ikea-revele-comment-et-cest-surprenant\/\">int\u00e9rieur<\/a> et d&#8217;objets de d\u00e9coration tendances pour toutes les pi\u00e8ces de la maison.<br>&#8211; D\u00e9coration de No\u00ebl : Une boutique historique et de r\u00e9f\u00e9rence pour la magie de No\u00ebl (sapins, illuminations, d\u00e9corations).<\/p>\n\n\n\n<h2 class=\"wp-block-heading\"><span class=\"ez-toc-section\" id=\"La_promesse\"><\/span>La promesse<span class=\"ez-toc-section-end\"><\/span><\/h2>\n\n\n<div class=\"wp-block-image\">\n<figure class=\"alignleft size-full\"><img loading=\"lazy\" decoding=\"async\" width=\"218\" height=\"188\" src=\"https:\/\/www.mobilier-design-occasion.fr\/magazine\/wp-content\/uploads\/2021\/09\/Capture1-23.jpg\" alt=\"\" class=\"wp-image-1786\"\/><figcaption class=\"wp-element-caption\">Illustration eminza.com<\/figcaption><\/figure>\n<\/div>\n\n\n<p><strong>Qualit\u00e9s de service<\/strong><br>Eminza est compos\u00e9 d&#8217;une belle \u00e9quipe, fiable et professionnelle, qui rel\u00e8ve chaque jour le d\u00e9fi de toujours mieux vous servir. <\/p>\n\n\n\n<p><strong>Des produits de qualit\u00e9<\/strong><br>Eminza propose des produits de bonne qualit\u00e9 \u00e0 ses clients.<\/p>\n\n\n\n<h2 class=\"wp-block-heading\"><span class=\"ez-toc-section\" id=\"Les_magasins_Eminza\"><\/span>Les magasins Eminza<span class=\"ez-toc-section-end\"><\/span><\/h2>\n\n\n\n<p>Empinza ne dispose pas de magasin. En revanche, une belle et grande \u00e9quipe est \u00e0 votre service, \u00e0 distance. <br>Tout est ici : <a href=\"https:\/\/www.pamono.fr\/about-us\">https:\/\/www.eminza.com\/<\/a><\/p>\n\n\n\n<h2 class=\"wp-block-heading\"><span class=\"ez-toc-section\" id=\"Les_avis_clients_sur_Eminza\"><\/span>Les avis clients sur Eminza<span class=\"ez-toc-section-end\"><\/span><\/h2>\n\n\n<div class=\"wp-block-image\">\n<figure class=\"alignleft size-full\"><img loading=\"lazy\" decoding=\"async\" width=\"177\" height=\"69\" src=\"https:\/\/www.mobilier-design-occasion.fr\/magazine\/wp-content\/uploads\/2021\/09\/Capture1-25.jpg\" alt=\"\" class=\"wp-image-1788\"\/><figcaption class=\"wp-element-caption\">Trustpilot<\/figcaption><\/figure>\n<\/div>\n\n\n<p>Que pensent les clients du site Eminza?<br>Globalement leur note est de 4.5\/5 sur Trustpilot, ce qui est une bonne note. Mais analysons cela en d\u00e9tail:<\/p>\n\n\n\n<h3 class=\"wp-block-heading\"><span class=\"ez-toc-section\" id=\"Plutot_negatif\"><\/span><strong>Plut\u00f4t n\u00e9gatif:<\/strong><span class=\"ez-toc-section-end\"><\/span><\/h3>\n\n\n\n<ul class=\"wp-block-list\">\n<li><strong>Qualit\u00e9 des produit<\/strong> : des clients se plaignent que certains produits sont en mauvais \u00e9tats.<\/li>\n<\/ul>\n\n\n\n<blockquote class=\"wp-block-quote is-layout-flow wp-block-quote-is-layout-flow\">\n<p>Livraison et commande parfaite mais la qualit\u00e9 des produits est m\u00e9diocre. Rideau avec des fils tir\u00e9s . Je suis d\u00e9\u00e7u et je ne recommanderai pas sur ce site. Je ne recommande pas du tout ce site.<\/p>\n<cite><a rel=\"noreferrer noopener\" href=\"https:\/\/www.google.com\/maps\/contrib\/103160252716507698118\/reviews?hl=fr-BE\" target=\"_blank\">Laurence Fernandez Santonnat<\/a><\/cite><\/blockquote>\n\n\n\n<blockquote class=\"wp-block-quote is-layout-flow wp-block-quote-is-layout-flow\">\n<p>Tr\u00e8s d\u00e9\u00e7u \ud83d\ude1e les meubles sont pas de qualit\u00e9 tr\u00e8s mal fait photos trompeur par rapport les meubles r\u00e9ussi faites tr\u00e8s attention<\/p>\n<cite>Khady<\/cite><\/blockquote>\n\n\n\n<h3 class=\"wp-block-heading\"><span class=\"ez-toc-section\" id=\"Plutot_positif\"><\/span>Plut\u00f4t positif:<span class=\"ez-toc-section-end\"><\/span><\/h3>\n\n\n\n<ul class=\"wp-block-list\">\n<li><strong>Service apr\u00e8s vente<\/strong> : sav de qualit\u00e9 selon les consommateurs.<\/li>\n<\/ul>\n\n\n\n<blockquote class=\"wp-block-quote is-layout-flow wp-block-quote-is-layout-flow\">\n<p>J&#8217;ai retourn\u00e9 l&#8217;article qui ne me convenait pas par le point relais o\u00f9 j&#8217;avais \u00e9t\u00e9 livr\u00e9e. Eminza m&#8217;a rembours\u00e9e. Tr\u00e8s satisfaite d&#8217;Eminza et de son service apr\u00e8s-vente.<\/p>\n<cite>Veronique<\/cite><\/blockquote>\n\n\n\n<ul class=\"wp-block-list\">\n<li><strong>Livraison et exp\u00e9dition : <\/strong>dans la plupart des cas, l&#8217;exp\u00e9dition est rapide.<\/li>\n<\/ul>\n\n\n\n<blockquote class=\"wp-block-quote is-layout-flow wp-block-quote-is-layout-flow\">\n<p>livraison rapide facilite de retour pour changement suite a une erreur de dimension que j&#8217;ai faite<\/p>\n<cite>Patricia<\/cite><\/blockquote>\n\n\n\n<blockquote class=\"wp-block-quote is-layout-flow wp-block-quote-is-layout-flow\">\n<p>Produit re\u00e7u rapidement satisfaite de ma commande plu qu&#8217;a attendre no\u00ebl pour mettre la guirlande<\/p>\n<cite>Muriel Penot<\/cite><\/blockquote>\n\n\n\n<h3 class=\"wp-block-heading\"><span class=\"ez-toc-section\" id=\"Prix_du_produit\"><\/span>Prix du produit<span class=\"ez-toc-section-end\"><\/span><\/h3>\n\n\n<div class=\"wp-block-image\">\n<figure class=\"alignleft size-full\"><img loading=\"lazy\" decoding=\"async\" width=\"270\" height=\"132\" src=\"https:\/\/www.mobilier-design-occasion.fr\/magazine\/wp-content\/uploads\/2021\/09\/Capture1-29.jpg\" alt=\"\" class=\"wp-image-1793\"\/><\/figure>\n<\/div>\n\n\n<p>La qualit\u00e9 est au rendez-vous \u00e0 des&nbsp;prix&nbsp;plus que raisonnables. Vous pouvez voir les prix sur le site web : https:\/\/www.eminza.com\/ <\/p>\n\n\n\n<h3 class=\"wp-block-heading\"><span class=\"ez-toc-section\" id=\"Les_frais_de_livraison\"><\/span><br>Les frais de livraison<span class=\"ez-toc-section-end\"><\/span><\/h3>\n\n\n\n<figure class=\"wp-block-image size-full\"><img loading=\"lazy\" decoding=\"async\" width=\"193\" height=\"137\" src=\"https:\/\/www.mobilier-design-occasion.fr\/magazine\/wp-content\/uploads\/2021\/09\/Capture1-26.jpg\" alt=\"\" class=\"wp-image-1789\"\/><\/figure>\n\n\n\n<p>Les frais de livraison varient selon&nbsp;l&#8217;article \u00e0 exp\u00e9dier, le poids, le volume, le mode de livraison ainsi que la destination. Dans tous les cas, ces frais couvrent la pr\u00e9paration, l&#8217;emballage et l&#8217;exp\u00e9dition des colis. Vous verrez les frais sous chaque article.<\/p>\n\n\n\n<h3 class=\"wp-block-heading\"><span class=\"ez-toc-section\" id=\"Les_moyens_de_paiement\"><\/span>Les moyens de paiement<span class=\"ez-toc-section-end\"><\/span><\/h3>\n\n\n\n<figure class=\"wp-block-image size-full\"><img loading=\"lazy\" decoding=\"async\" width=\"380\" height=\"45\" src=\"https:\/\/www.mobilier-design-occasion.fr\/magazine\/wp-content\/uploads\/2021\/09\/Capture1-27.jpg\" alt=\"\" class=\"wp-image-1790\" srcset=\"https:\/\/www.mobilier-design-occasion.fr\/magazine\/wp-content\/uploads\/2021\/09\/Capture1-27.jpg 380w, https:\/\/www.mobilier-design-occasion.fr\/magazine\/wp-content\/uploads\/2021\/09\/Capture1-27-300x36.jpg 300w, https:\/\/www.mobilier-design-occasion.fr\/magazine\/wp-content\/uploads\/2021\/09\/Capture1-27-375x45.jpg 375w\" sizes=\"auto, (max-width: 380px) 100vw, 380px\" \/><\/figure>\n\n\n\n<p>Chez Eminza, vous pouvez faire le paiement par Carte bancaire: Visa, MasterCard ou par PayPal, virement bancaire. Eminza propose \u00e9galement une facilit\u00e9 de paiement en 3 ou 4 fois par CB \u00e0 partir de 150 \u20ac d&#8217;achat.<\/p>\n\n\n\n<h3 class=\"wp-block-heading\"><span class=\"ez-toc-section\" id=\"Service_apres_vente\"><\/span>Service apr\u00e8s vente<span class=\"ez-toc-section-end\"><\/span><\/h3>\n\n\n\n<figure class=\"wp-block-image size-full\"><img loading=\"lazy\" decoding=\"async\" width=\"270\" height=\"31\" src=\"https:\/\/www.mobilier-design-occasion.fr\/magazine\/wp-content\/uploads\/2021\/10\/img-2-1-21.jpg\" alt=\"\" class=\"wp-image-2421\"\/><\/figure>\n\n\n\n<p>Pour contacter le service apr\u00e8s vente vous pouvez les appeler au <a href=\"tel:0450651012\">04 50 65 10 12<\/a> du lundi au vendredi de 9h \u00e0 13h et de 14h \u00e0 17h. Vous pouvez \u00e9galement envoyer un message via le formulaire de contact inscrit sur https:\/\/www.eminza.com\/contactez-nous.html.<\/p>\n\n\n\n<h3 class=\"wp-block-heading\"><span class=\"ez-toc-section\" id=\"Les_garanties\"><\/span>Les garanties<span class=\"ez-toc-section-end\"><\/span><\/h3>\n\n\n<div class=\"wp-block-image\">\n<figure class=\"alignleft size-large\"><img loading=\"lazy\" decoding=\"async\" width=\"1024\" height=\"69\" src=\"https:\/\/www.mobilier-design-occasion.fr\/magazine\/wp-content\/uploads\/2021\/09\/Capture-26-1024x69.jpg\" alt=\"\" class=\"wp-image-1792\" srcset=\"https:\/\/www.mobilier-design-occasion.fr\/magazine\/wp-content\/uploads\/2021\/09\/Capture-26-1024x69.jpg 1024w, https:\/\/www.mobilier-design-occasion.fr\/magazine\/wp-content\/uploads\/2021\/09\/Capture-26-300x20.jpg 300w, https:\/\/www.mobilier-design-occasion.fr\/magazine\/wp-content\/uploads\/2021\/09\/Capture-26-768x52.jpg 768w, https:\/\/www.mobilier-design-occasion.fr\/magazine\/wp-content\/uploads\/2021\/09\/Capture-26-810x54.jpg 810w, https:\/\/www.mobilier-design-occasion.fr\/magazine\/wp-content\/uploads\/2021\/09\/Capture-26.jpg 1073w\" sizes=\"auto, (max-width: 1024px) 100vw, 1024px\" \/><\/figure>\n<\/div>\n\n\n<p>Selon le site : Eminza offre une retour gratuit. Le client dispose de&nbsp;30 jours&nbsp;\u00e0 compter de la r\u00e9ception ou du retrait du colis pour effectuer un retour de produits et se faire rembourser. Toutes les transactions sont crypt\u00e9es pour un paiement s\u00e9curis\u00e9.&nbsp;<\/p>\n\n\n\n<h3 class=\"wp-block-heading\"><span class=\"ez-toc-section\" id=\"Quest-ce_qui_nous_manque\"><\/span>Qu&#8217;est-ce qui nous manque?<span class=\"ez-toc-section-end\"><\/span><\/h3>\n\n\n\n<ul class=\"wp-block-list\">\n<li>V\u00e9rification des produits avant l&#8217;exp\u00e9dition.<\/li>\n\n\n\n<li>&nbsp;Des magasins pour que les clients puissent voir les produits directement.<\/li>\n\n\n\n<li>Un syst\u00e8me d&#8217;alerte <\/li>\n<\/ul>\n","protected":false},"excerpt":{"rendered":"<p>Le point sur les nouveaut\u00e9s de la marque Depuis notre test, la marque a fortement \u00e9volu\u00e9 pour allier style, accessibilit\u00e9 et responsabilit\u00e9. Voici les points cl\u00e9s \u00e0 retenir : Avis Positifs Avis N\u00e9gatifs Notre Avis Eminza semble offrir une exp\u00e9rience globalement positive \u00e0 ses clients, avec une grande satisfaction concernant la vari\u00e9t\u00e9 et la qualit\u00e9 [&hellip;]<\/p>\n","protected":false},"author":1,"featured_media":8916,"comment_status":"open","ping_status":"open","sticky":false,"template":"","format":"standard","meta":{"footnotes":""},"categories":[8],"tags":[],"class_list":["post-1782","post","type-post","status-publish","format-standard","has-post-thumbnail","hentry","category-avis"],"yoast_head":"<!-- This site is optimized with the Yoast SEO plugin v27.5 - https:\/\/yoast.com\/product\/yoast-seo-wordpress\/ -->\n<title>Test &amp; avis sur Eminza Avril 2026 - Mobilier Design Magazine<\/title>\n<meta name=\"robots\" content=\"index, follow, max-snippet:-1, max-image-preview:large, max-video-preview:-1\" \/>\n<link rel=\"canonical\" href=\"https:\/\/www.mobilier-design-occasion.fr\/magazine\/test-et-avis-sur-eminza\/\" \/>\n<meta property=\"og:locale\" content=\"fr_FR\" \/>\n<meta property=\"og:type\" content=\"article\" \/>\n<meta property=\"og:title\" content=\"Test &amp; avis sur Eminza Avril 2026 - Mobilier Design Magazine\" \/>\n<meta property=\"og:description\" content=\"Le point sur les nouveaut\u00e9s de la marque Depuis notre test, la marque a fortement \u00e9volu\u00e9 pour allier style, accessibilit\u00e9 et responsabilit\u00e9. Voici les points cl\u00e9s \u00e0 retenir : Avis Positifs Avis N\u00e9gatifs Notre Avis Eminza semble offrir une exp\u00e9rience globalement positive \u00e0 ses clients, avec une grande satisfaction concernant la vari\u00e9t\u00e9 et la qualit\u00e9 [&hellip;]\" \/>\n<meta property=\"og:url\" content=\"https:\/\/www.mobilier-design-occasion.fr\/magazine\/test-et-avis-sur-eminza\/\" \/>\n<meta property=\"og:site_name\" content=\"Mobilier Design Magazine\" \/>\n<meta property=\"article:publisher\" content=\"https:\/\/www.facebook.com\/mobilierdesignoccasion\" \/>\n<meta property=\"article:published_time\" content=\"2026-04-04T08:36:32+00:00\" \/>\n<meta property=\"article:modified_time\" content=\"2026-04-04T08:36:33+00:00\" \/>\n<meta property=\"og:image\" content=\"https:\/\/www.mobilier-design-occasion.fr\/magazine\/wp-content\/uploads\/2023\/11\/mobilier-jardin-tendance-eminza-2026.jpg\" \/>\n\t<meta property=\"og:image:width\" content=\"2000\" \/>\n\t<meta property=\"og:image:height\" content=\"2000\" \/>\n\t<meta property=\"og:image:type\" content=\"image\/jpeg\" \/>\n<meta name=\"author\" content=\"Cyrielle Poirot\" \/>\n<meta name=\"twitter:card\" content=\"summary_large_image\" \/>\n<meta name=\"twitter:label1\" content=\"\u00c9crit par\" \/>\n\t<meta name=\"twitter:data1\" content=\"Cyrielle Poirot\" \/>\n\t<meta name=\"twitter:label2\" content=\"Dur\u00e9e de lecture estim\u00e9e\" \/>\n\t<meta name=\"twitter:data2\" content=\"8 minutes\" \/>\n<script type=\"application\/ld+json\" class=\"yoast-schema-graph\">{\"@context\":\"https:\\\/\\\/schema.org\",\"@graph\":[{\"@type\":\"Article\",\"@id\":\"https:\\\/\\\/www.mobilier-design-occasion.fr\\\/magazine\\\/test-et-avis-sur-eminza\\\/#article\",\"isPartOf\":{\"@id\":\"https:\\\/\\\/www.mobilier-design-occasion.fr\\\/magazine\\\/test-et-avis-sur-eminza\\\/\"},\"author\":{\"name\":\"Cyrielle Poirot\",\"@id\":\"https:\\\/\\\/www.mobilier-design-occasion.fr\\\/magazine\\\/#\\\/schema\\\/person\\\/5b2e5627a714ddadaaf8c9b886c55eff\"},\"headline\":\"Test &amp; avis sur Eminza Avril 2026\",\"datePublished\":\"2026-04-04T08:36:32+00:00\",\"dateModified\":\"2026-04-04T08:36:33+00:00\",\"mainEntityOfPage\":{\"@id\":\"https:\\\/\\\/www.mobilier-design-occasion.fr\\\/magazine\\\/test-et-avis-sur-eminza\\\/\"},\"wordCount\":1361,\"commentCount\":5,\"publisher\":{\"@id\":\"https:\\\/\\\/www.mobilier-design-occasion.fr\\\/magazine\\\/#organization\"},\"image\":{\"@id\":\"https:\\\/\\\/www.mobilier-design-occasion.fr\\\/magazine\\\/test-et-avis-sur-eminza\\\/#primaryimage\"},\"thumbnailUrl\":\"https:\\\/\\\/www.mobilier-design-occasion.fr\\\/magazine\\\/wp-content\\\/uploads\\\/2023\\\/11\\\/mobilier-jardin-tendance-eminza-2026.jpg\",\"articleSection\":[\"Avis marques d\u00e9co\"],\"inLanguage\":\"fr-FR\",\"potentialAction\":[{\"@type\":\"CommentAction\",\"name\":\"Comment\",\"target\":[\"https:\\\/\\\/www.mobilier-design-occasion.fr\\\/magazine\\\/test-et-avis-sur-eminza\\\/#respond\"]}]},{\"@type\":\"WebPage\",\"@id\":\"https:\\\/\\\/www.mobilier-design-occasion.fr\\\/magazine\\\/test-et-avis-sur-eminza\\\/\",\"url\":\"https:\\\/\\\/www.mobilier-design-occasion.fr\\\/magazine\\\/test-et-avis-sur-eminza\\\/\",\"name\":\"Test &amp; avis sur Eminza Avril 2026 - Mobilier Design Magazine\",\"isPartOf\":{\"@id\":\"https:\\\/\\\/www.mobilier-design-occasion.fr\\\/magazine\\\/#website\"},\"primaryImageOfPage\":{\"@id\":\"https:\\\/\\\/www.mobilier-design-occasion.fr\\\/magazine\\\/test-et-avis-sur-eminza\\\/#primaryimage\"},\"image\":{\"@id\":\"https:\\\/\\\/www.mobilier-design-occasion.fr\\\/magazine\\\/test-et-avis-sur-eminza\\\/#primaryimage\"},\"thumbnailUrl\":\"https:\\\/\\\/www.mobilier-design-occasion.fr\\\/magazine\\\/wp-content\\\/uploads\\\/2023\\\/11\\\/mobilier-jardin-tendance-eminza-2026.jpg\",\"datePublished\":\"2026-04-04T08:36:32+00:00\",\"dateModified\":\"2026-04-04T08:36:33+00:00\",\"breadcrumb\":{\"@id\":\"https:\\\/\\\/www.mobilier-design-occasion.fr\\\/magazine\\\/test-et-avis-sur-eminza\\\/#breadcrumb\"},\"inLanguage\":\"fr-FR\",\"potentialAction\":[{\"@type\":\"ReadAction\",\"target\":[\"https:\\\/\\\/www.mobilier-design-occasion.fr\\\/magazine\\\/test-et-avis-sur-eminza\\\/\"]}]},{\"@type\":\"ImageObject\",\"inLanguage\":\"fr-FR\",\"@id\":\"https:\\\/\\\/www.mobilier-design-occasion.fr\\\/magazine\\\/test-et-avis-sur-eminza\\\/#primaryimage\",\"url\":\"https:\\\/\\\/www.mobilier-design-occasion.fr\\\/magazine\\\/wp-content\\\/uploads\\\/2023\\\/11\\\/mobilier-jardin-tendance-eminza-2026.jpg\",\"contentUrl\":\"https:\\\/\\\/www.mobilier-design-occasion.fr\\\/magazine\\\/wp-content\\\/uploads\\\/2023\\\/11\\\/mobilier-jardin-tendance-eminza-2026.jpg\",\"width\":2000,\"height\":2000},{\"@type\":\"BreadcrumbList\",\"@id\":\"https:\\\/\\\/www.mobilier-design-occasion.fr\\\/magazine\\\/test-et-avis-sur-eminza\\\/#breadcrumb\",\"itemListElement\":[{\"@type\":\"ListItem\",\"position\":1,\"name\":\"Accueil\",\"item\":\"https:\\\/\\\/www.mobilier-design-occasion.fr\\\/magazine\\\/\"},{\"@type\":\"ListItem\",\"position\":2,\"name\":\"Test &amp; avis sur Eminza Avril 2026\"}]},{\"@type\":\"WebSite\",\"@id\":\"https:\\\/\\\/www.mobilier-design-occasion.fr\\\/magazine\\\/#website\",\"url\":\"https:\\\/\\\/www.mobilier-design-occasion.fr\\\/magazine\\\/\",\"name\":\"Mobilier Design Magazine\",\"description\":\"\",\"publisher\":{\"@id\":\"https:\\\/\\\/www.mobilier-design-occasion.fr\\\/magazine\\\/#organization\"},\"potentialAction\":[{\"@type\":\"SearchAction\",\"target\":{\"@type\":\"EntryPoint\",\"urlTemplate\":\"https:\\\/\\\/www.mobilier-design-occasion.fr\\\/magazine\\\/?s={search_term_string}\"},\"query-input\":{\"@type\":\"PropertyValueSpecification\",\"valueRequired\":true,\"valueName\":\"search_term_string\"}}],\"inLanguage\":\"fr-FR\"},{\"@type\":\"Organization\",\"@id\":\"https:\\\/\\\/www.mobilier-design-occasion.fr\\\/magazine\\\/#organization\",\"name\":\"Mobilier Design Magazine\",\"url\":\"https:\\\/\\\/www.mobilier-design-occasion.fr\\\/magazine\\\/\",\"logo\":{\"@type\":\"ImageObject\",\"inLanguage\":\"fr-FR\",\"@id\":\"https:\\\/\\\/www.mobilier-design-occasion.fr\\\/magazine\\\/#\\\/schema\\\/logo\\\/image\\\/\",\"url\":\"https:\\\/\\\/www.mobilier-design-occasion.fr\\\/magazine\\\/wp-content\\\/uploads\\\/2024\\\/02\\\/android-chrome-192x192-1.png\",\"contentUrl\":\"https:\\\/\\\/www.mobilier-design-occasion.fr\\\/magazine\\\/wp-content\\\/uploads\\\/2024\\\/02\\\/android-chrome-192x192-1.png\",\"width\":192,\"height\":192,\"caption\":\"Mobilier Design Magazine\"},\"image\":{\"@id\":\"https:\\\/\\\/www.mobilier-design-occasion.fr\\\/magazine\\\/#\\\/schema\\\/logo\\\/image\\\/\"},\"sameAs\":[\"https:\\\/\\\/www.facebook.com\\\/mobilierdesignoccasion\"]},{\"@type\":\"Person\",\"@id\":\"https:\\\/\\\/www.mobilier-design-occasion.fr\\\/magazine\\\/#\\\/schema\\\/person\\\/5b2e5627a714ddadaaf8c9b886c55eff\",\"name\":\"Cyrielle Poirot\",\"image\":{\"@type\":\"ImageObject\",\"inLanguage\":\"fr-FR\",\"@id\":\"https:\\\/\\\/secure.gravatar.com\\\/avatar\\\/c8d2674e093b06894d8d1dc468b626bd752523471f3ac6e75f7c7a1400d40b4d?s=96&d=mm&r=g\",\"url\":\"https:\\\/\\\/secure.gravatar.com\\\/avatar\\\/c8d2674e093b06894d8d1dc468b626bd752523471f3ac6e75f7c7a1400d40b4d?s=96&d=mm&r=g\",\"contentUrl\":\"https:\\\/\\\/secure.gravatar.com\\\/avatar\\\/c8d2674e093b06894d8d1dc468b626bd752523471f3ac6e75f7c7a1400d40b4d?s=96&d=mm&r=g\",\"caption\":\"Cyrielle Poirot\"},\"description\":\"Cyrielle est passionn\u00e9e par la d\u00e9coration d'int\u00e9rieur et s'est sp\u00e9cialis\u00e9e depuis quelques ann\u00e9es dans l'\u00e9dition du site Mobilier-Design, avec une touche sp\u00e9cifique pour les produits d'occasion.\",\"sameAs\":[\"https:\\\/\\\/www.mobilier-design-occasion.fr\\\/magazine\"],\"url\":\"https:\\\/\\\/www.mobilier-design-occasion.fr\\\/magazine\\\/author\\\/cyrielle\\\/\"}]}<\/script>\n<!-- \/ Yoast SEO plugin. -->","yoast_head_json":{"title":"Test &amp; avis sur Eminza Avril 2026 - Mobilier Design Magazine","robots":{"index":"index","follow":"follow","max-snippet":"max-snippet:-1","max-image-preview":"max-image-preview:large","max-video-preview":"max-video-preview:-1"},"canonical":"https:\/\/www.mobilier-design-occasion.fr\/magazine\/test-et-avis-sur-eminza\/","og_locale":"fr_FR","og_type":"article","og_title":"Test &amp; avis sur Eminza Avril 2026 - Mobilier Design Magazine","og_description":"Le point sur les nouveaut\u00e9s de la marque Depuis notre test, la marque a fortement \u00e9volu\u00e9 pour allier style, accessibilit\u00e9 et responsabilit\u00e9. Voici les points cl\u00e9s \u00e0 retenir : Avis Positifs Avis N\u00e9gatifs Notre Avis Eminza semble offrir une exp\u00e9rience globalement positive \u00e0 ses clients, avec une grande satisfaction concernant la vari\u00e9t\u00e9 et la qualit\u00e9 [&hellip;]","og_url":"https:\/\/www.mobilier-design-occasion.fr\/magazine\/test-et-avis-sur-eminza\/","og_site_name":"Mobilier Design Magazine","article_publisher":"https:\/\/www.facebook.com\/mobilierdesignoccasion","article_published_time":"2026-04-04T08:36:32+00:00","article_modified_time":"2026-04-04T08:36:33+00:00","og_image":[{"width":2000,"height":2000,"url":"https:\/\/www.mobilier-design-occasion.fr\/magazine\/wp-content\/uploads\/2023\/11\/mobilier-jardin-tendance-eminza-2026.jpg","type":"image\/jpeg"}],"author":"Cyrielle Poirot","twitter_card":"summary_large_image","twitter_misc":{"\u00c9crit par":"Cyrielle Poirot","Dur\u00e9e de lecture estim\u00e9e":"8 minutes"},"schema":{"@context":"https:\/\/schema.org","@graph":[{"@type":"Article","@id":"https:\/\/www.mobilier-design-occasion.fr\/magazine\/test-et-avis-sur-eminza\/#article","isPartOf":{"@id":"https:\/\/www.mobilier-design-occasion.fr\/magazine\/test-et-avis-sur-eminza\/"},"author":{"name":"Cyrielle Poirot","@id":"https:\/\/www.mobilier-design-occasion.fr\/magazine\/#\/schema\/person\/5b2e5627a714ddadaaf8c9b886c55eff"},"headline":"Test &amp; avis sur Eminza Avril 2026","datePublished":"2026-04-04T08:36:32+00:00","dateModified":"2026-04-04T08:36:33+00:00","mainEntityOfPage":{"@id":"https:\/\/www.mobilier-design-occasion.fr\/magazine\/test-et-avis-sur-eminza\/"},"wordCount":1361,"commentCount":5,"publisher":{"@id":"https:\/\/www.mobilier-design-occasion.fr\/magazine\/#organization"},"image":{"@id":"https:\/\/www.mobilier-design-occasion.fr\/magazine\/test-et-avis-sur-eminza\/#primaryimage"},"thumbnailUrl":"https:\/\/www.mobilier-design-occasion.fr\/magazine\/wp-content\/uploads\/2023\/11\/mobilier-jardin-tendance-eminza-2026.jpg","articleSection":["Avis marques d\u00e9co"],"inLanguage":"fr-FR","potentialAction":[{"@type":"CommentAction","name":"Comment","target":["https:\/\/www.mobilier-design-occasion.fr\/magazine\/test-et-avis-sur-eminza\/#respond"]}]},{"@type":"WebPage","@id":"https:\/\/www.mobilier-design-occasion.fr\/magazine\/test-et-avis-sur-eminza\/","url":"https:\/\/www.mobilier-design-occasion.fr\/magazine\/test-et-avis-sur-eminza\/","name":"Test &amp; avis sur Eminza Avril 2026 - Mobilier Design Magazine","isPartOf":{"@id":"https:\/\/www.mobilier-design-occasion.fr\/magazine\/#website"},"primaryImageOfPage":{"@id":"https:\/\/www.mobilier-design-occasion.fr\/magazine\/test-et-avis-sur-eminza\/#primaryimage"},"image":{"@id":"https:\/\/www.mobilier-design-occasion.fr\/magazine\/test-et-avis-sur-eminza\/#primaryimage"},"thumbnailUrl":"https:\/\/www.mobilier-design-occasion.fr\/magazine\/wp-content\/uploads\/2023\/11\/mobilier-jardin-tendance-eminza-2026.jpg","datePublished":"2026-04-04T08:36:32+00:00","dateModified":"2026-04-04T08:36:33+00:00","breadcrumb":{"@id":"https:\/\/www.mobilier-design-occasion.fr\/magazine\/test-et-avis-sur-eminza\/#breadcrumb"},"inLanguage":"fr-FR","potentialAction":[{"@type":"ReadAction","target":["https:\/\/www.mobilier-design-occasion.fr\/magazine\/test-et-avis-sur-eminza\/"]}]},{"@type":"ImageObject","inLanguage":"fr-FR","@id":"https:\/\/www.mobilier-design-occasion.fr\/magazine\/test-et-avis-sur-eminza\/#primaryimage","url":"https:\/\/www.mobilier-design-occasion.fr\/magazine\/wp-content\/uploads\/2023\/11\/mobilier-jardin-tendance-eminza-2026.jpg","contentUrl":"https:\/\/www.mobilier-design-occasion.fr\/magazine\/wp-content\/uploads\/2023\/11\/mobilier-jardin-tendance-eminza-2026.jpg","width":2000,"height":2000},{"@type":"BreadcrumbList","@id":"https:\/\/www.mobilier-design-occasion.fr\/magazine\/test-et-avis-sur-eminza\/#breadcrumb","itemListElement":[{"@type":"ListItem","position":1,"name":"Accueil","item":"https:\/\/www.mobilier-design-occasion.fr\/magazine\/"},{"@type":"ListItem","position":2,"name":"Test &amp; avis sur Eminza Avril 2026"}]},{"@type":"WebSite","@id":"https:\/\/www.mobilier-design-occasion.fr\/magazine\/#website","url":"https:\/\/www.mobilier-design-occasion.fr\/magazine\/","name":"Mobilier Design Magazine","description":"","publisher":{"@id":"https:\/\/www.mobilier-design-occasion.fr\/magazine\/#organization"},"potentialAction":[{"@type":"SearchAction","target":{"@type":"EntryPoint","urlTemplate":"https:\/\/www.mobilier-design-occasion.fr\/magazine\/?s={search_term_string}"},"query-input":{"@type":"PropertyValueSpecification","valueRequired":true,"valueName":"search_term_string"}}],"inLanguage":"fr-FR"},{"@type":"Organization","@id":"https:\/\/www.mobilier-design-occasion.fr\/magazine\/#organization","name":"Mobilier Design Magazine","url":"https:\/\/www.mobilier-design-occasion.fr\/magazine\/","logo":{"@type":"ImageObject","inLanguage":"fr-FR","@id":"https:\/\/www.mobilier-design-occasion.fr\/magazine\/#\/schema\/logo\/image\/","url":"https:\/\/www.mobilier-design-occasion.fr\/magazine\/wp-content\/uploads\/2024\/02\/android-chrome-192x192-1.png","contentUrl":"https:\/\/www.mobilier-design-occasion.fr\/magazine\/wp-content\/uploads\/2024\/02\/android-chrome-192x192-1.png","width":192,"height":192,"caption":"Mobilier Design Magazine"},"image":{"@id":"https:\/\/www.mobilier-design-occasion.fr\/magazine\/#\/schema\/logo\/image\/"},"sameAs":["https:\/\/www.facebook.com\/mobilierdesignoccasion"]},{"@type":"Person","@id":"https:\/\/www.mobilier-design-occasion.fr\/magazine\/#\/schema\/person\/5b2e5627a714ddadaaf8c9b886c55eff","name":"Cyrielle Poirot","image":{"@type":"ImageObject","inLanguage":"fr-FR","@id":"https:\/\/secure.gravatar.com\/avatar\/c8d2674e093b06894d8d1dc468b626bd752523471f3ac6e75f7c7a1400d40b4d?s=96&d=mm&r=g","url":"https:\/\/secure.gravatar.com\/avatar\/c8d2674e093b06894d8d1dc468b626bd752523471f3ac6e75f7c7a1400d40b4d?s=96&d=mm&r=g","contentUrl":"https:\/\/secure.gravatar.com\/avatar\/c8d2674e093b06894d8d1dc468b626bd752523471f3ac6e75f7c7a1400d40b4d?s=96&d=mm&r=g","caption":"Cyrielle Poirot"},"description":"Cyrielle est passionn\u00e9e par la d\u00e9coration d'int\u00e9rieur et s'est sp\u00e9cialis\u00e9e depuis quelques ann\u00e9es dans l'\u00e9dition du site Mobilier-Design, avec une touche sp\u00e9cifique pour les produits d'occasion.","sameAs":["https:\/\/www.mobilier-design-occasion.fr\/magazine"],"url":"https:\/\/www.mobilier-design-occasion.fr\/magazine\/author\/cyrielle\/"}]}},"_links":{"self":[{"href":"https:\/\/www.mobilier-design-occasion.fr\/magazine\/wp-json\/wp\/v2\/posts\/1782","targetHints":{"allow":["GET"]}}],"collection":[{"href":"https:\/\/www.mobilier-design-occasion.fr\/magazine\/wp-json\/wp\/v2\/posts"}],"about":[{"href":"https:\/\/www.mobilier-design-occasion.fr\/magazine\/wp-json\/wp\/v2\/types\/post"}],"author":[{"embeddable":true,"href":"https:\/\/www.mobilier-design-occasion.fr\/magazine\/wp-json\/wp\/v2\/users\/1"}],"replies":[{"embeddable":true,"href":"https:\/\/www.mobilier-design-occasion.fr\/magazine\/wp-json\/wp\/v2\/comments?post=1782"}],"version-history":[{"count":10,"href":"https:\/\/www.mobilier-design-occasion.fr\/magazine\/wp-json\/wp\/v2\/posts\/1782\/revisions"}],"predecessor-version":[{"id":8917,"href":"https:\/\/www.mobilier-design-occasion.fr\/magazine\/wp-json\/wp\/v2\/posts\/1782\/revisions\/8917"}],"wp:featuredmedia":[{"embeddable":true,"href":"https:\/\/www.mobilier-design-occasion.fr\/magazine\/wp-json\/wp\/v2\/media\/8916"}],"wp:attachment":[{"href":"https:\/\/www.mobilier-design-occasion.fr\/magazine\/wp-json\/wp\/v2\/media?parent=1782"}],"wp:term":[{"taxonomy":"category","embeddable":true,"href":"https:\/\/www.mobilier-design-occasion.fr\/magazine\/wp-json\/wp\/v2\/categories?post=1782"},{"taxonomy":"post_tag","embeddable":true,"href":"https:\/\/www.mobilier-design-occasion.fr\/magazine\/wp-json\/wp\/v2\/tags?post=1782"}],"curies":[{"name":"wp","href":"https:\/\/api.w.org\/{rel}","templated":true}]}}