{"id":16,"date":"2021-01-20T10:39:03","date_gmt":"2021-01-20T10:39:03","guid":{"rendered":"https:\/\/www.mobilier-design-occasion.fr\/magazine\/?p=16"},"modified":"2021-01-25T14:05:51","modified_gmt":"2021-01-25T14:05:51","slug":"les-nouvelles-tendances-du-design-dinterieur-pour-2021","status":"publish","type":"post","link":"https:\/\/www.mobilier-design-occasion.fr\/magazine\/les-nouvelles-tendances-du-design-dinterieur-pour-2021\/","title":{"rendered":"Les nouvelles tendances du design d&#8217;int\u00e9rieur pour 2021"},"content":{"rendered":"\n<p>Tendances de la d\u00e9coration int\u00e9rieure pour 2021. Des meubles, des mat\u00e9riaux, <strong>des couleurs<\/strong>, des sujets et des textures qui seront les protagonistes de cette nouvelle saison?<\/p>\n\n\n\n<p><\/p>\n\n\n\n<p><\/p>\n\n\n\n<p>Comme chaque ann\u00e9e, il est agr\u00e9able de savoir \u00e0 l&#8217;avance quelles seront les nouvelles tendances en mati\u00e8re de d\u00e9coration int\u00e9rieure. Tant pour ceux qui sont en train de r\u00e9nover leur maison que pour les professionnels, les architectes, les blogueurs de mode et les simples curieux, 2021 sera l&#8217;ann\u00e9e du triomphe de la <strong>nature<\/strong> et des <strong>sensations fortes<\/strong>.<\/p>\n\n\n\n<p>Voyons donc quelles seront les tendances gagnantes de la prochaine saison.<\/p>\n\n\n\n<p><\/p>\n\n\n\n<p><\/p>\n\n\n\n<p><\/p>\n\n\n\n<h2 class=\"wp-block-heading\"><span class=\"ez-toc-section\" id=\"Recherche_du_confort\"><\/span>Recherche du confort<span class=\"ez-toc-section-end\"><\/span><\/h2><div id=\"ez-toc-container\" class=\"ez-toc-v2_0_82_2 counter-hierarchy ez-toc-counter ez-toc-grey ez-toc-container-direction\">\n<div class=\"ez-toc-title-container\">\n<span class=\"ez-toc-title-toggle\"><a href=\"#\" class=\"ez-toc-pull-right ez-toc-btn ez-toc-btn-xs ez-toc-btn-default ez-toc-toggle\" aria-label=\"Toggle Table of Content\"><span class=\"ez-toc-js-icon-con\"><span class=\"\"><span class=\"eztoc-hide\" style=\"display:none;\">Toggle<\/span><span class=\"ez-toc-icon-toggle-span\"><svg style=\"fill: #999;color:#999\" xmlns=\"http:\/\/www.w3.org\/2000\/svg\" class=\"list-377408\" width=\"20px\" height=\"20px\" viewBox=\"0 0 24 24\" fill=\"none\"><path d=\"M6 6H4v2h2V6zm14 0H8v2h12V6zM4 11h2v2H4v-2zm16 0H8v2h12v-2zM4 16h2v2H4v-2zm16 0H8v2h12v-2z\" fill=\"currentColor\"><\/path><\/svg><svg style=\"fill: #999;color:#999\" class=\"arrow-unsorted-368013\" xmlns=\"http:\/\/www.w3.org\/2000\/svg\" width=\"10px\" height=\"10px\" viewBox=\"0 0 24 24\" version=\"1.2\" baseProfile=\"tiny\"><path d=\"M18.2 9.3l-6.2-6.3-6.2 6.3c-.2.2-.3.4-.3.7s.1.5.3.7c.2.2.4.3.7.3h11c.3 0 .5-.1.7-.3.2-.2.3-.5.3-.7s-.1-.5-.3-.7zM5.8 14.7l6.2 6.3 6.2-6.3c.2-.2.3-.5.3-.7s-.1-.5-.3-.7c-.2-.2-.4-.3-.7-.3h-11c-.3 0-.5.1-.7.3-.2.2-.3.5-.3.7s.1.5.3.7z\"\/><\/svg><\/span><\/span><\/span><\/a><\/span><\/div>\n<nav><ul class='ez-toc-list ez-toc-list-level-1 eztoc-toggle-hide-by-default' ><li class='ez-toc-page-1 ez-toc-heading-level-2'><a class=\"ez-toc-link ez-toc-heading-1\" href=\"https:\/\/www.mobilier-design-occasion.fr\/magazine\/les-nouvelles-tendances-du-design-dinterieur-pour-2021\/#Recherche_du_confort\" >Recherche du confort<\/a><\/li><li class='ez-toc-page-1 ez-toc-heading-level-2'><a class=\"ez-toc-link ez-toc-heading-2\" href=\"https:\/\/www.mobilier-design-occasion.fr\/magazine\/les-nouvelles-tendances-du-design-dinterieur-pour-2021\/#Lomnipresence_de_la_bibliotheque\" >L&#8217;omnipr\u00e9sence de la biblioth\u00e8que<\/a><\/li><li class='ez-toc-page-1 ez-toc-heading-level-2'><a class=\"ez-toc-link ez-toc-heading-3\" href=\"https:\/\/www.mobilier-design-occasion.fr\/magazine\/les-nouvelles-tendances-du-design-dinterieur-pour-2021\/#Des_murs_fonctionnels\" >Des murs fonctionnels<\/a><\/li><li class='ez-toc-page-1 ez-toc-heading-level-2'><a class=\"ez-toc-link ez-toc-heading-4\" href=\"https:\/\/www.mobilier-design-occasion.fr\/magazine\/les-nouvelles-tendances-du-design-dinterieur-pour-2021\/#De_la_couleur\" >De la couleur!<\/a><\/li><li class='ez-toc-page-1 ez-toc-heading-level-2'><a class=\"ez-toc-link ez-toc-heading-5\" href=\"https:\/\/www.mobilier-design-occasion.fr\/magazine\/les-nouvelles-tendances-du-design-dinterieur-pour-2021\/#Le_noir_domine_la_cuisine\" >Le noir domine la cuisine<\/a><\/li><li class='ez-toc-page-1 ez-toc-heading-level-2'><a class=\"ez-toc-link ez-toc-heading-6\" href=\"https:\/\/www.mobilier-design-occasion.fr\/magazine\/les-nouvelles-tendances-du-design-dinterieur-pour-2021\/#Le_metal\" >Le m\u00e9tal<\/a><\/li><li class='ez-toc-page-1 ez-toc-heading-level-2'><a class=\"ez-toc-link ez-toc-heading-7\" href=\"https:\/\/www.mobilier-design-occasion.fr\/magazine\/les-nouvelles-tendances-du-design-dinterieur-pour-2021\/#Les_luminaires\" >Les luminaires<\/a><\/li><\/ul><\/nav><\/div>\n\n\n\n\n<p><\/p>\n\n\n\n<p>Le caract\u00e8re d&#8217;un lieu de s\u00e9jour confortable et agr\u00e9able, m\u00eame seul, sera renforc\u00e9 : votre maison, m\u00eame si elle est grande, sera l&#8217;endroit o\u00f9 vous pourrez vous d\u00e9tendre, sans entendre le bruit provenant des autres pi\u00e8ces ou de la rue, en s\u00e9parant et en cr\u00e9ant une zone de confort.<\/p>\n\n\n\n<p>M\u00eame dans un espace ouvert, la cuisine est con\u00e7ue comme une pi\u00e8ce d\u00e9tach\u00e9e des autres pi\u00e8ces, \u00e9vitant de d\u00e9ranger ceux qui pr\u00e9f\u00e8rent la solitude, m\u00eame momentan\u00e9e, du salon. Faites donc attention \u00e0 ce que les odeurs et les vapeurs lors de la pr\u00e9paration du d\u00eener n&#8217;envahissent pas l&#8217;espace de d\u00e9tente.<\/p>\n\n\n\n<p><\/p>\n\n\n\n<p><\/p>\n\n\n\n<p><\/p>\n\n\n\n<figure class=\"wp-block-image size-large is-resized\"><img loading=\"lazy\" decoding=\"async\" src=\"https:\/\/www.mobilier-design-occasion.fr\/magazine\/wp-content\/uploads\/2021\/01\/pexels-isaw-company-945688-683x1024.jpg\" alt=\"\" class=\"wp-image-67\" width=\"463\" height=\"693\" srcset=\"https:\/\/www.mobilier-design-occasion.fr\/magazine\/wp-content\/uploads\/2021\/01\/pexels-isaw-company-945688-683x1024.jpg 683w, https:\/\/www.mobilier-design-occasion.fr\/magazine\/wp-content\/uploads\/2021\/01\/pexels-isaw-company-945688-200x300.jpg 200w, https:\/\/www.mobilier-design-occasion.fr\/magazine\/wp-content\/uploads\/2021\/01\/pexels-isaw-company-945688-768x1151.jpg 768w, https:\/\/www.mobilier-design-occasion.fr\/magazine\/wp-content\/uploads\/2021\/01\/pexels-isaw-company-945688-1025x1536.jpg 1025w, https:\/\/www.mobilier-design-occasion.fr\/magazine\/wp-content\/uploads\/2021\/01\/pexels-isaw-company-945688-1367x2048.jpg 1367w, https:\/\/www.mobilier-design-occasion.fr\/magazine\/wp-content\/uploads\/2021\/01\/pexels-isaw-company-945688-810x1214.jpg 810w, https:\/\/www.mobilier-design-occasion.fr\/magazine\/wp-content\/uploads\/2021\/01\/pexels-isaw-company-945688-1140x1708.jpg 1140w, https:\/\/www.mobilier-design-occasion.fr\/magazine\/wp-content\/uploads\/2021\/01\/pexels-isaw-company-945688-scaled.jpg 1708w\" sizes=\"auto, (max-width: 463px) 100vw, 463px\" \/><\/figure>\n\n\n\n<p><\/p>\n\n\n\n<p><\/p>\n\n\n\n<p><\/p>\n\n\n\n<h2 class=\"wp-block-heading\"><span class=\"ez-toc-section\" id=\"Lomnipresence_de_la_bibliotheque\"><\/span>L&#8217;omnipr\u00e9sence de la biblioth\u00e8que<span class=\"ez-toc-section-end\"><\/span><\/h2>\n\n\n\n<p>Une grande importance est accord\u00e9e aux meubles hauts, jusqu&#8217;au plafond : c&#8217;est le triomphe des biblioth\u00e8ques dans les salons modernes, o\u00f9 les meubles de rangement remplissent la double fonction de meubles n\u00e9cessaires et aussi de cloison, lorsque l&#8217;on pr\u00e9voit de meubler un grand espace.<\/p>\n\n\n\n<p>Les formes rappellent le minimalisme, donc des lignes simples, avec des \u00e9l\u00e9ments suspendus qui rendent la maison sc\u00e9nographique.<\/p>\n\n\n\n<p><\/p>\n\n\n\n<p><\/p>\n\n\n\n<p><\/p>\n\n\n\n<p><\/p>\n\n\n\n<h2 class=\"wp-block-heading\"><span class=\"ez-toc-section\" id=\"Des_murs_fonctionnels\"><\/span>Des murs fonctionnels<span class=\"ez-toc-section-end\"><\/span><\/h2>\n\n\n\n<p>Le m\u00e9lange des mat\u00e9riaux devient un moyen de cr\u00e9er un <a href=\"https:\/\/www.mobilier-design-occasion.fr\/magazine\/test-avis-sur-la-redoute-interieurs-am-pm\/\">mobilier<\/a> \u00e0 la fois moderne et vintage. L&#8217;utilisation des murs est de plus en plus populaire comme un choix de mobilier \u00e0 part enti\u00e8re, et met l&#8217;accent sur la simplicit\u00e9 du <a href=\"https:\/\/www.mobilier-design-occasion.fr\/magazine\/table-tulipe-knoll-indemodable-du-design\/\">design<\/a> et des lignes.<\/p>\n\n\n\n<p>Diff\u00e9rents mat\u00e9riaux sont utilis\u00e9s pour la r\u00e9alisation, de mani\u00e8re cr\u00e9ative et surprenante : m\u00e9tal, verre, <a href=\"https:\/\/www.mobilier-design-occasion.fr\/magazine\/avis-mathy-by-bols\/\">bois<\/a>, cuir peuvent faire partie d&#8217;un m\u00eame meuble sans aucun probl\u00e8me.<\/p>\n\n\n\n<p><\/p>\n\n\n\n<p><\/p>\n\n\n\n<p><\/p>\n\n\n\n<h2 class=\"wp-block-heading\"><span class=\"ez-toc-section\" id=\"De_la_couleur\"><\/span>De la couleur!<span class=\"ez-toc-section-end\"><\/span><\/h2>\n\n\n\n<p>2021 sera l&#8217;ann\u00e9e o\u00f9 la couleur se montrera dans toute sa splendeur et son excentricit\u00e9. Comme nous vous en avions parl\u00e9 ici, c&#8217;est le <strong>jaune Illuminating<\/strong> qui a \u00e9t\u00e9 \u00e9lue la couleur de l&#8217;ann\u00e9e par <strong>Pantone<\/strong>. Mais de nombreuses vari\u00e9t\u00e9s de gris, rouge, de vert et de bleu profond seront \u00e9galement pr\u00e9sentes dans chaque pi\u00e8ce.<\/p>\n\n\n\n<p>La seule exception est la salle de bain, qui est confirm\u00e9e comme la pi\u00e8ce de d\u00e9tente, avec des tons calmes : le blanc est la couleur pr\u00e9f\u00e9r\u00e9e, avec des variations de <strong>gris<\/strong> ou de beige.<\/p>\n\n\n\n<p><\/p>\n\n\n\n<figure class=\"wp-block-image size-large\"><img loading=\"lazy\" decoding=\"async\" width=\"1024\" height=\"683\" src=\"https:\/\/www.mobilier-design-occasion.fr\/magazine\/wp-content\/uploads\/2021\/01\/Couleurs-deco-1024x683.jpg\" alt=\"\" class=\"wp-image-69\" srcset=\"https:\/\/www.mobilier-design-occasion.fr\/magazine\/wp-content\/uploads\/2021\/01\/Couleurs-deco-1024x683.jpg 1024w, https:\/\/www.mobilier-design-occasion.fr\/magazine\/wp-content\/uploads\/2021\/01\/Couleurs-deco-300x200.jpg 300w, https:\/\/www.mobilier-design-occasion.fr\/magazine\/wp-content\/uploads\/2021\/01\/Couleurs-deco-768x513.jpg 768w, https:\/\/www.mobilier-design-occasion.fr\/magazine\/wp-content\/uploads\/2021\/01\/Couleurs-deco-1536x1025.jpg 1536w, https:\/\/www.mobilier-design-occasion.fr\/magazine\/wp-content\/uploads\/2021\/01\/Couleurs-deco-scaled.jpg 2048w, https:\/\/www.mobilier-design-occasion.fr\/magazine\/wp-content\/uploads\/2021\/01\/Couleurs-deco-810x541.jpg 810w, https:\/\/www.mobilier-design-occasion.fr\/magazine\/wp-content\/uploads\/2021\/01\/Couleurs-deco-1140x761.jpg 1140w\" sizes=\"auto, (max-width: 1024px) 100vw, 1024px\" \/><\/figure>\n\n\n\n<p><\/p>\n\n\n\n<p><\/p>\n\n\n\n<p><\/p>\n\n\n\n<h2 class=\"wp-block-heading\"><span class=\"ez-toc-section\" id=\"Le_noir_domine_la_cuisine\"><\/span>Le noir domine la cuisine<span class=\"ez-toc-section-end\"><\/span><\/h2>\n\n\n\n<p>La cuisine s&#8217;av\u00e8re \u00eatre une pi\u00e8ce polyvalente dans la maison moderne : la couleur tendance sera le noir, une proposition tr\u00e8s \u00e9l\u00e9gante et chic, vraiment innovante pour la pi\u00e8ce.<\/p>\n\n\n\n<p>Pour ceux qui veulent <strong><a href=\"https:\/\/www.mobilier-design-occasion.fr\/\">renouveler leur mobilier<\/a><\/strong>, il sera int\u00e9ressant de combiner le noir avec des \u00e9l\u00e9ments m\u00e9talliques et des mat\u00e9riaux naturels. Pour ceux qui pensent qu&#8217;elle peut transformer la pi\u00e8ce en un lieu lugubre, la luminosit\u00e9 des m\u00e9taux et la pr\u00e9sence de plantes vertes vont r\u00e9veiller les sens.<\/p>\n\n\n\n<p><\/p>\n\n\n\n<p><\/p>\n\n\n\n<p><\/p>\n\n\n\n<p><\/p>\n\n\n\n<h2 class=\"wp-block-heading\"><span class=\"ez-toc-section\" id=\"Le_metal\"><\/span>Le m\u00e9tal<span class=\"ez-toc-section-end\"><\/span><\/h2>\n\n\n\n<p>Les m\u00e9taux joueront un r\u00f4le actif dans la d\u00e9coration int\u00e9rieure en 2021. Utilis\u00e9 dans ses nombreuses variantes, sa pr\u00e9sence renforcera encore le <strong>style industriel<\/strong>, tout en assurant la r\u00e9cup\u00e9ration et le recyclage de nombreux objets.<br>L&#8217;acier, m\u00eame oxyd\u00e9, l&#8217;or et l&#8217;argent seront agr\u00e9ables \u00e0 l&#8217;\u0153il. Son utilisation sera renforc\u00e9e par l&#8217;utilisation dans la d\u00e9coration de lampes, de miroirs, de <a href=\"https:\/\/www.mobilier-design-occasion.fr\/magazine\/test-avis-sur-ripaton\/\">pieds de table<\/a> et de <a href=\"https:\/\/www.mobilier-design-occasion.fr\/magazine\/fermob-occasion\/\">chaise<\/a> ainsi que d&#8217;accessoires de mobilier.<\/p>\n\n\n\n<p><\/p>\n\n\n\n<p><\/p>\n\n\n\n<p><\/p>\n\n\n\n<p><\/p>\n\n\n\n<h2 class=\"wp-block-heading\"><span class=\"ez-toc-section\" id=\"Les_luminaires\"><\/span>Les luminaires<span class=\"ez-toc-section-end\"><\/span><\/h2>\n\n\n\n<p>Le lustre, autrefois connu comme le protagoniste de la pi\u00e8ce, plac\u00e9 au centre, est revisit\u00e9 dans une cl\u00e9 moderne. Du lustre traditionnel en cristal, il \u00e9volue et acquiert une polyvalence d\u00e9cisive, avec des formes particuli\u00e8res qui \u00e9taient jusqu&#8217;\u00e0 pr\u00e9sent consid\u00e9r\u00e9es comme audacieuses.<br><strong><a href=\"https:\/\/www.mobilier-design-occasion.fr\/luminaire.html\">L&#8217;\u00e9clairage<\/a><\/strong> devient une forme d&#8217;art, avec des syst\u00e8mes d&#8217;\u00e9clairage en cascade dans lesquels la partie \u00e9lectrique est r\u00e9duite au minimum tout en laissant une grande libert\u00e9 au format du contenant de la source lumineuse.<\/p>\n\n\n\n<p><\/p>\n\n\n\n<figure class=\"wp-block-image size-large is-resized\"><img loading=\"lazy\" decoding=\"async\" src=\"https:\/\/www.mobilier-design-occasion.fr\/magazine\/wp-content\/uploads\/2021\/01\/Chaise-cannage-684x1024.jpg\" alt=\"\" class=\"wp-image-70\" width=\"514\" height=\"769\" srcset=\"https:\/\/www.mobilier-design-occasion.fr\/magazine\/wp-content\/uploads\/2021\/01\/Chaise-cannage-684x1024.jpg 684w, https:\/\/www.mobilier-design-occasion.fr\/magazine\/wp-content\/uploads\/2021\/01\/Chaise-cannage-200x300.jpg 200w, https:\/\/www.mobilier-design-occasion.fr\/magazine\/wp-content\/uploads\/2021\/01\/Chaise-cannage-768x1150.jpg 768w, https:\/\/www.mobilier-design-occasion.fr\/magazine\/wp-content\/uploads\/2021\/01\/Chaise-cannage-1025x1536.jpg 1025w, https:\/\/www.mobilier-design-occasion.fr\/magazine\/wp-content\/uploads\/2021\/01\/Chaise-cannage-1367x2048.jpg 1367w, https:\/\/www.mobilier-design-occasion.fr\/magazine\/wp-content\/uploads\/2021\/01\/Chaise-cannage-810x1213.jpg 810w, https:\/\/www.mobilier-design-occasion.fr\/magazine\/wp-content\/uploads\/2021\/01\/Chaise-cannage-1140x1708.jpg 1140w, https:\/\/www.mobilier-design-occasion.fr\/magazine\/wp-content\/uploads\/2021\/01\/Chaise-cannage-scaled.jpg 1709w\" sizes=\"auto, (max-width: 514px) 100vw, 514px\" \/><\/figure>\n","protected":false},"excerpt":{"rendered":"<p>Tendances de la d\u00e9coration int\u00e9rieure pour 2021. Des meubles, des mat\u00e9riaux, des couleurs, des sujets et des textures qui seront les protagonistes de cette nouvelle saison? Comme chaque ann\u00e9e, il est agr\u00e9able de savoir \u00e0 l&#8217;avance quelles seront les nouvelles tendances en mati\u00e8re de d\u00e9coration int\u00e9rieure. Tant pour ceux qui sont en train de r\u00e9nover [&hellip;]<\/p>\n","protected":false},"author":1,"featured_media":64,"comment_status":"open","ping_status":"open","sticky":false,"template":"","format":"standard","meta":{"footnotes":""},"categories":[2],"tags":[],"class_list":["post-16","post","type-post","status-publish","format-standard","has-post-thumbnail","hentry","category-tendances"],"yoast_head":"<!-- This site is optimized with the Yoast SEO plugin v27.5 - https:\/\/yoast.com\/product\/yoast-seo-wordpress\/ -->\n<title>Les nouvelles tendances du design d&#039;int\u00e9rieur pour 2021 - Mobilier Design Magazine<\/title>\n<meta name=\"robots\" content=\"index, follow, max-snippet:-1, max-image-preview:large, max-video-preview:-1\" \/>\n<link rel=\"canonical\" href=\"https:\/\/www.mobilier-design-occasion.fr\/magazine\/les-nouvelles-tendances-du-design-dinterieur-pour-2021\/\" \/>\n<meta property=\"og:locale\" content=\"fr_FR\" \/>\n<meta property=\"og:type\" content=\"article\" \/>\n<meta property=\"og:title\" content=\"Les nouvelles tendances du design d&#039;int\u00e9rieur pour 2021 - Mobilier Design Magazine\" \/>\n<meta property=\"og:description\" content=\"Tendances de la d\u00e9coration int\u00e9rieure pour 2021. Des meubles, des mat\u00e9riaux, des couleurs, des sujets et des textures qui seront les protagonistes de cette nouvelle saison? Comme chaque ann\u00e9e, il est agr\u00e9able de savoir \u00e0 l&#8217;avance quelles seront les nouvelles tendances en mati\u00e8re de d\u00e9coration int\u00e9rieure. Tant pour ceux qui sont en train de r\u00e9nover [&hellip;]\" \/>\n<meta property=\"og:url\" content=\"https:\/\/www.mobilier-design-occasion.fr\/magazine\/les-nouvelles-tendances-du-design-dinterieur-pour-2021\/\" \/>\n<meta property=\"og:site_name\" content=\"Mobilier Design Magazine\" \/>\n<meta property=\"article:publisher\" content=\"https:\/\/www.facebook.com\/mobilierdesignoccasion\" \/>\n<meta property=\"article:published_time\" content=\"2021-01-20T10:39:03+00:00\" \/>\n<meta property=\"article:modified_time\" content=\"2021-01-25T14:05:51+00:00\" \/>\n<meta property=\"og:image\" content=\"https:\/\/www.mobilier-design-occasion.fr\/magazine\/wp-content\/uploads\/2021\/01\/pexels-medhat-ayad-447592-scaled.jpg\" \/>\n\t<meta property=\"og:image:width\" content=\"2049\" \/>\n\t<meta property=\"og:image:height\" content=\"2560\" \/>\n\t<meta property=\"og:image:type\" content=\"image\/jpeg\" \/>\n<meta name=\"author\" content=\"Cyrielle Poirot\" \/>\n<meta name=\"twitter:card\" content=\"summary_large_image\" \/>\n<meta name=\"twitter:label1\" content=\"\u00c9crit par\" \/>\n\t<meta name=\"twitter:data1\" content=\"Cyrielle Poirot\" \/>\n\t<meta name=\"twitter:label2\" content=\"Dur\u00e9e de lecture estim\u00e9e\" \/>\n\t<meta name=\"twitter:data2\" content=\"4 minutes\" \/>\n<script type=\"application\/ld+json\" class=\"yoast-schema-graph\">{\"@context\":\"https:\\\/\\\/schema.org\",\"@graph\":[{\"@type\":\"Article\",\"@id\":\"https:\\\/\\\/www.mobilier-design-occasion.fr\\\/magazine\\\/les-nouvelles-tendances-du-design-dinterieur-pour-2021\\\/#article\",\"isPartOf\":{\"@id\":\"https:\\\/\\\/www.mobilier-design-occasion.fr\\\/magazine\\\/les-nouvelles-tendances-du-design-dinterieur-pour-2021\\\/\"},\"author\":{\"name\":\"Cyrielle Poirot\",\"@id\":\"https:\\\/\\\/www.mobilier-design-occasion.fr\\\/magazine\\\/#\\\/schema\\\/person\\\/5b2e5627a714ddadaaf8c9b886c55eff\"},\"headline\":\"Les nouvelles tendances du design d&#8217;int\u00e9rieur pour 2021\",\"datePublished\":\"2021-01-20T10:39:03+00:00\",\"dateModified\":\"2021-01-25T14:05:51+00:00\",\"mainEntityOfPage\":{\"@id\":\"https:\\\/\\\/www.mobilier-design-occasion.fr\\\/magazine\\\/les-nouvelles-tendances-du-design-dinterieur-pour-2021\\\/\"},\"wordCount\":783,\"commentCount\":0,\"publisher\":{\"@id\":\"https:\\\/\\\/www.mobilier-design-occasion.fr\\\/magazine\\\/#organization\"},\"image\":{\"@id\":\"https:\\\/\\\/www.mobilier-design-occasion.fr\\\/magazine\\\/les-nouvelles-tendances-du-design-dinterieur-pour-2021\\\/#primaryimage\"},\"thumbnailUrl\":\"https:\\\/\\\/www.mobilier-design-occasion.fr\\\/magazine\\\/wp-content\\\/uploads\\\/2021\\\/01\\\/pexels-medhat-ayad-447592-scaled.jpg\",\"articleSection\":[\"Tendances\"],\"inLanguage\":\"fr-FR\",\"potentialAction\":[{\"@type\":\"CommentAction\",\"name\":\"Comment\",\"target\":[\"https:\\\/\\\/www.mobilier-design-occasion.fr\\\/magazine\\\/les-nouvelles-tendances-du-design-dinterieur-pour-2021\\\/#respond\"]}]},{\"@type\":\"WebPage\",\"@id\":\"https:\\\/\\\/www.mobilier-design-occasion.fr\\\/magazine\\\/les-nouvelles-tendances-du-design-dinterieur-pour-2021\\\/\",\"url\":\"https:\\\/\\\/www.mobilier-design-occasion.fr\\\/magazine\\\/les-nouvelles-tendances-du-design-dinterieur-pour-2021\\\/\",\"name\":\"Les nouvelles tendances du design d'int\u00e9rieur pour 2021 - Mobilier Design Magazine\",\"isPartOf\":{\"@id\":\"https:\\\/\\\/www.mobilier-design-occasion.fr\\\/magazine\\\/#website\"},\"primaryImageOfPage\":{\"@id\":\"https:\\\/\\\/www.mobilier-design-occasion.fr\\\/magazine\\\/les-nouvelles-tendances-du-design-dinterieur-pour-2021\\\/#primaryimage\"},\"image\":{\"@id\":\"https:\\\/\\\/www.mobilier-design-occasion.fr\\\/magazine\\\/les-nouvelles-tendances-du-design-dinterieur-pour-2021\\\/#primaryimage\"},\"thumbnailUrl\":\"https:\\\/\\\/www.mobilier-design-occasion.fr\\\/magazine\\\/wp-content\\\/uploads\\\/2021\\\/01\\\/pexels-medhat-ayad-447592-scaled.jpg\",\"datePublished\":\"2021-01-20T10:39:03+00:00\",\"dateModified\":\"2021-01-25T14:05:51+00:00\",\"breadcrumb\":{\"@id\":\"https:\\\/\\\/www.mobilier-design-occasion.fr\\\/magazine\\\/les-nouvelles-tendances-du-design-dinterieur-pour-2021\\\/#breadcrumb\"},\"inLanguage\":\"fr-FR\",\"potentialAction\":[{\"@type\":\"ReadAction\",\"target\":[\"https:\\\/\\\/www.mobilier-design-occasion.fr\\\/magazine\\\/les-nouvelles-tendances-du-design-dinterieur-pour-2021\\\/\"]}]},{\"@type\":\"ImageObject\",\"inLanguage\":\"fr-FR\",\"@id\":\"https:\\\/\\\/www.mobilier-design-occasion.fr\\\/magazine\\\/les-nouvelles-tendances-du-design-dinterieur-pour-2021\\\/#primaryimage\",\"url\":\"https:\\\/\\\/www.mobilier-design-occasion.fr\\\/magazine\\\/wp-content\\\/uploads\\\/2021\\\/01\\\/pexels-medhat-ayad-447592-scaled.jpg\",\"contentUrl\":\"https:\\\/\\\/www.mobilier-design-occasion.fr\\\/magazine\\\/wp-content\\\/uploads\\\/2021\\\/01\\\/pexels-medhat-ayad-447592-scaled.jpg\",\"width\":2049,\"height\":2560,\"caption\":\"Nouvelles tendances design\"},{\"@type\":\"BreadcrumbList\",\"@id\":\"https:\\\/\\\/www.mobilier-design-occasion.fr\\\/magazine\\\/les-nouvelles-tendances-du-design-dinterieur-pour-2021\\\/#breadcrumb\",\"itemListElement\":[{\"@type\":\"ListItem\",\"position\":1,\"name\":\"Accueil\",\"item\":\"https:\\\/\\\/www.mobilier-design-occasion.fr\\\/magazine\\\/\"},{\"@type\":\"ListItem\",\"position\":2,\"name\":\"Les nouvelles tendances du design d&rsquo;int\u00e9rieur pour 2021\"}]},{\"@type\":\"WebSite\",\"@id\":\"https:\\\/\\\/www.mobilier-design-occasion.fr\\\/magazine\\\/#website\",\"url\":\"https:\\\/\\\/www.mobilier-design-occasion.fr\\\/magazine\\\/\",\"name\":\"Mobilier Design Magazine\",\"description\":\"\",\"publisher\":{\"@id\":\"https:\\\/\\\/www.mobilier-design-occasion.fr\\\/magazine\\\/#organization\"},\"potentialAction\":[{\"@type\":\"SearchAction\",\"target\":{\"@type\":\"EntryPoint\",\"urlTemplate\":\"https:\\\/\\\/www.mobilier-design-occasion.fr\\\/magazine\\\/?s={search_term_string}\"},\"query-input\":{\"@type\":\"PropertyValueSpecification\",\"valueRequired\":true,\"valueName\":\"search_term_string\"}}],\"inLanguage\":\"fr-FR\"},{\"@type\":\"Organization\",\"@id\":\"https:\\\/\\\/www.mobilier-design-occasion.fr\\\/magazine\\\/#organization\",\"name\":\"Mobilier Design Magazine\",\"url\":\"https:\\\/\\\/www.mobilier-design-occasion.fr\\\/magazine\\\/\",\"logo\":{\"@type\":\"ImageObject\",\"inLanguage\":\"fr-FR\",\"@id\":\"https:\\\/\\\/www.mobilier-design-occasion.fr\\\/magazine\\\/#\\\/schema\\\/logo\\\/image\\\/\",\"url\":\"https:\\\/\\\/www.mobilier-design-occasion.fr\\\/magazine\\\/wp-content\\\/uploads\\\/2024\\\/02\\\/android-chrome-192x192-1.png\",\"contentUrl\":\"https:\\\/\\\/www.mobilier-design-occasion.fr\\\/magazine\\\/wp-content\\\/uploads\\\/2024\\\/02\\\/android-chrome-192x192-1.png\",\"width\":192,\"height\":192,\"caption\":\"Mobilier Design Magazine\"},\"image\":{\"@id\":\"https:\\\/\\\/www.mobilier-design-occasion.fr\\\/magazine\\\/#\\\/schema\\\/logo\\\/image\\\/\"},\"sameAs\":[\"https:\\\/\\\/www.facebook.com\\\/mobilierdesignoccasion\"]},{\"@type\":\"Person\",\"@id\":\"https:\\\/\\\/www.mobilier-design-occasion.fr\\\/magazine\\\/#\\\/schema\\\/person\\\/5b2e5627a714ddadaaf8c9b886c55eff\",\"name\":\"Cyrielle Poirot\",\"image\":{\"@type\":\"ImageObject\",\"inLanguage\":\"fr-FR\",\"@id\":\"https:\\\/\\\/secure.gravatar.com\\\/avatar\\\/c8d2674e093b06894d8d1dc468b626bd752523471f3ac6e75f7c7a1400d40b4d?s=96&d=mm&r=g\",\"url\":\"https:\\\/\\\/secure.gravatar.com\\\/avatar\\\/c8d2674e093b06894d8d1dc468b626bd752523471f3ac6e75f7c7a1400d40b4d?s=96&d=mm&r=g\",\"contentUrl\":\"https:\\\/\\\/secure.gravatar.com\\\/avatar\\\/c8d2674e093b06894d8d1dc468b626bd752523471f3ac6e75f7c7a1400d40b4d?s=96&d=mm&r=g\",\"caption\":\"Cyrielle Poirot\"},\"description\":\"Cyrielle est passionn\u00e9e par la d\u00e9coration d'int\u00e9rieur et s'est sp\u00e9cialis\u00e9e depuis quelques ann\u00e9es dans l'\u00e9dition du site Mobilier-Design, avec une touche sp\u00e9cifique pour les produits d'occasion.\",\"sameAs\":[\"https:\\\/\\\/www.mobilier-design-occasion.fr\\\/magazine\"],\"url\":\"https:\\\/\\\/www.mobilier-design-occasion.fr\\\/magazine\\\/author\\\/cyrielle\\\/\"}]}<\/script>\n<!-- \/ Yoast SEO plugin. -->","yoast_head_json":{"title":"Les nouvelles tendances du design d'int\u00e9rieur pour 2021 - Mobilier Design Magazine","robots":{"index":"index","follow":"follow","max-snippet":"max-snippet:-1","max-image-preview":"max-image-preview:large","max-video-preview":"max-video-preview:-1"},"canonical":"https:\/\/www.mobilier-design-occasion.fr\/magazine\/les-nouvelles-tendances-du-design-dinterieur-pour-2021\/","og_locale":"fr_FR","og_type":"article","og_title":"Les nouvelles tendances du design d'int\u00e9rieur pour 2021 - Mobilier Design Magazine","og_description":"Tendances de la d\u00e9coration int\u00e9rieure pour 2021. Des meubles, des mat\u00e9riaux, des couleurs, des sujets et des textures qui seront les protagonistes de cette nouvelle saison? Comme chaque ann\u00e9e, il est agr\u00e9able de savoir \u00e0 l&#8217;avance quelles seront les nouvelles tendances en mati\u00e8re de d\u00e9coration int\u00e9rieure. Tant pour ceux qui sont en train de r\u00e9nover [&hellip;]","og_url":"https:\/\/www.mobilier-design-occasion.fr\/magazine\/les-nouvelles-tendances-du-design-dinterieur-pour-2021\/","og_site_name":"Mobilier Design Magazine","article_publisher":"https:\/\/www.facebook.com\/mobilierdesignoccasion","article_published_time":"2021-01-20T10:39:03+00:00","article_modified_time":"2021-01-25T14:05:51+00:00","og_image":[{"width":2049,"height":2560,"url":"https:\/\/www.mobilier-design-occasion.fr\/magazine\/wp-content\/uploads\/2021\/01\/pexels-medhat-ayad-447592-scaled.jpg","type":"image\/jpeg"}],"author":"Cyrielle Poirot","twitter_card":"summary_large_image","twitter_misc":{"\u00c9crit par":"Cyrielle Poirot","Dur\u00e9e de lecture estim\u00e9e":"4 minutes"},"schema":{"@context":"https:\/\/schema.org","@graph":[{"@type":"Article","@id":"https:\/\/www.mobilier-design-occasion.fr\/magazine\/les-nouvelles-tendances-du-design-dinterieur-pour-2021\/#article","isPartOf":{"@id":"https:\/\/www.mobilier-design-occasion.fr\/magazine\/les-nouvelles-tendances-du-design-dinterieur-pour-2021\/"},"author":{"name":"Cyrielle Poirot","@id":"https:\/\/www.mobilier-design-occasion.fr\/magazine\/#\/schema\/person\/5b2e5627a714ddadaaf8c9b886c55eff"},"headline":"Les nouvelles tendances du design d&#8217;int\u00e9rieur pour 2021","datePublished":"2021-01-20T10:39:03+00:00","dateModified":"2021-01-25T14:05:51+00:00","mainEntityOfPage":{"@id":"https:\/\/www.mobilier-design-occasion.fr\/magazine\/les-nouvelles-tendances-du-design-dinterieur-pour-2021\/"},"wordCount":783,"commentCount":0,"publisher":{"@id":"https:\/\/www.mobilier-design-occasion.fr\/magazine\/#organization"},"image":{"@id":"https:\/\/www.mobilier-design-occasion.fr\/magazine\/les-nouvelles-tendances-du-design-dinterieur-pour-2021\/#primaryimage"},"thumbnailUrl":"https:\/\/www.mobilier-design-occasion.fr\/magazine\/wp-content\/uploads\/2021\/01\/pexels-medhat-ayad-447592-scaled.jpg","articleSection":["Tendances"],"inLanguage":"fr-FR","potentialAction":[{"@type":"CommentAction","name":"Comment","target":["https:\/\/www.mobilier-design-occasion.fr\/magazine\/les-nouvelles-tendances-du-design-dinterieur-pour-2021\/#respond"]}]},{"@type":"WebPage","@id":"https:\/\/www.mobilier-design-occasion.fr\/magazine\/les-nouvelles-tendances-du-design-dinterieur-pour-2021\/","url":"https:\/\/www.mobilier-design-occasion.fr\/magazine\/les-nouvelles-tendances-du-design-dinterieur-pour-2021\/","name":"Les nouvelles tendances du design d'int\u00e9rieur pour 2021 - Mobilier Design Magazine","isPartOf":{"@id":"https:\/\/www.mobilier-design-occasion.fr\/magazine\/#website"},"primaryImageOfPage":{"@id":"https:\/\/www.mobilier-design-occasion.fr\/magazine\/les-nouvelles-tendances-du-design-dinterieur-pour-2021\/#primaryimage"},"image":{"@id":"https:\/\/www.mobilier-design-occasion.fr\/magazine\/les-nouvelles-tendances-du-design-dinterieur-pour-2021\/#primaryimage"},"thumbnailUrl":"https:\/\/www.mobilier-design-occasion.fr\/magazine\/wp-content\/uploads\/2021\/01\/pexels-medhat-ayad-447592-scaled.jpg","datePublished":"2021-01-20T10:39:03+00:00","dateModified":"2021-01-25T14:05:51+00:00","breadcrumb":{"@id":"https:\/\/www.mobilier-design-occasion.fr\/magazine\/les-nouvelles-tendances-du-design-dinterieur-pour-2021\/#breadcrumb"},"inLanguage":"fr-FR","potentialAction":[{"@type":"ReadAction","target":["https:\/\/www.mobilier-design-occasion.fr\/magazine\/les-nouvelles-tendances-du-design-dinterieur-pour-2021\/"]}]},{"@type":"ImageObject","inLanguage":"fr-FR","@id":"https:\/\/www.mobilier-design-occasion.fr\/magazine\/les-nouvelles-tendances-du-design-dinterieur-pour-2021\/#primaryimage","url":"https:\/\/www.mobilier-design-occasion.fr\/magazine\/wp-content\/uploads\/2021\/01\/pexels-medhat-ayad-447592-scaled.jpg","contentUrl":"https:\/\/www.mobilier-design-occasion.fr\/magazine\/wp-content\/uploads\/2021\/01\/pexels-medhat-ayad-447592-scaled.jpg","width":2049,"height":2560,"caption":"Nouvelles tendances design"},{"@type":"BreadcrumbList","@id":"https:\/\/www.mobilier-design-occasion.fr\/magazine\/les-nouvelles-tendances-du-design-dinterieur-pour-2021\/#breadcrumb","itemListElement":[{"@type":"ListItem","position":1,"name":"Accueil","item":"https:\/\/www.mobilier-design-occasion.fr\/magazine\/"},{"@type":"ListItem","position":2,"name":"Les nouvelles tendances du design d&rsquo;int\u00e9rieur pour 2021"}]},{"@type":"WebSite","@id":"https:\/\/www.mobilier-design-occasion.fr\/magazine\/#website","url":"https:\/\/www.mobilier-design-occasion.fr\/magazine\/","name":"Mobilier Design Magazine","description":"","publisher":{"@id":"https:\/\/www.mobilier-design-occasion.fr\/magazine\/#organization"},"potentialAction":[{"@type":"SearchAction","target":{"@type":"EntryPoint","urlTemplate":"https:\/\/www.mobilier-design-occasion.fr\/magazine\/?s={search_term_string}"},"query-input":{"@type":"PropertyValueSpecification","valueRequired":true,"valueName":"search_term_string"}}],"inLanguage":"fr-FR"},{"@type":"Organization","@id":"https:\/\/www.mobilier-design-occasion.fr\/magazine\/#organization","name":"Mobilier Design Magazine","url":"https:\/\/www.mobilier-design-occasion.fr\/magazine\/","logo":{"@type":"ImageObject","inLanguage":"fr-FR","@id":"https:\/\/www.mobilier-design-occasion.fr\/magazine\/#\/schema\/logo\/image\/","url":"https:\/\/www.mobilier-design-occasion.fr\/magazine\/wp-content\/uploads\/2024\/02\/android-chrome-192x192-1.png","contentUrl":"https:\/\/www.mobilier-design-occasion.fr\/magazine\/wp-content\/uploads\/2024\/02\/android-chrome-192x192-1.png","width":192,"height":192,"caption":"Mobilier Design Magazine"},"image":{"@id":"https:\/\/www.mobilier-design-occasion.fr\/magazine\/#\/schema\/logo\/image\/"},"sameAs":["https:\/\/www.facebook.com\/mobilierdesignoccasion"]},{"@type":"Person","@id":"https:\/\/www.mobilier-design-occasion.fr\/magazine\/#\/schema\/person\/5b2e5627a714ddadaaf8c9b886c55eff","name":"Cyrielle Poirot","image":{"@type":"ImageObject","inLanguage":"fr-FR","@id":"https:\/\/secure.gravatar.com\/avatar\/c8d2674e093b06894d8d1dc468b626bd752523471f3ac6e75f7c7a1400d40b4d?s=96&d=mm&r=g","url":"https:\/\/secure.gravatar.com\/avatar\/c8d2674e093b06894d8d1dc468b626bd752523471f3ac6e75f7c7a1400d40b4d?s=96&d=mm&r=g","contentUrl":"https:\/\/secure.gravatar.com\/avatar\/c8d2674e093b06894d8d1dc468b626bd752523471f3ac6e75f7c7a1400d40b4d?s=96&d=mm&r=g","caption":"Cyrielle Poirot"},"description":"Cyrielle est passionn\u00e9e par la d\u00e9coration d'int\u00e9rieur et s'est sp\u00e9cialis\u00e9e depuis quelques ann\u00e9es dans l'\u00e9dition du site Mobilier-Design, avec une touche sp\u00e9cifique pour les produits d'occasion.","sameAs":["https:\/\/www.mobilier-design-occasion.fr\/magazine"],"url":"https:\/\/www.mobilier-design-occasion.fr\/magazine\/author\/cyrielle\/"}]}},"_links":{"self":[{"href":"https:\/\/www.mobilier-design-occasion.fr\/magazine\/wp-json\/wp\/v2\/posts\/16","targetHints":{"allow":["GET"]}}],"collection":[{"href":"https:\/\/www.mobilier-design-occasion.fr\/magazine\/wp-json\/wp\/v2\/posts"}],"about":[{"href":"https:\/\/www.mobilier-design-occasion.fr\/magazine\/wp-json\/wp\/v2\/types\/post"}],"author":[{"embeddable":true,"href":"https:\/\/www.mobilier-design-occasion.fr\/magazine\/wp-json\/wp\/v2\/users\/1"}],"replies":[{"embeddable":true,"href":"https:\/\/www.mobilier-design-occasion.fr\/magazine\/wp-json\/wp\/v2\/comments?post=16"}],"version-history":[{"count":4,"href":"https:\/\/www.mobilier-design-occasion.fr\/magazine\/wp-json\/wp\/v2\/posts\/16\/revisions"}],"predecessor-version":[{"id":188,"href":"https:\/\/www.mobilier-design-occasion.fr\/magazine\/wp-json\/wp\/v2\/posts\/16\/revisions\/188"}],"wp:featuredmedia":[{"embeddable":true,"href":"https:\/\/www.mobilier-design-occasion.fr\/magazine\/wp-json\/wp\/v2\/media\/64"}],"wp:attachment":[{"href":"https:\/\/www.mobilier-design-occasion.fr\/magazine\/wp-json\/wp\/v2\/media?parent=16"}],"wp:term":[{"taxonomy":"category","embeddable":true,"href":"https:\/\/www.mobilier-design-occasion.fr\/magazine\/wp-json\/wp\/v2\/categories?post=16"},{"taxonomy":"post_tag","embeddable":true,"href":"https:\/\/www.mobilier-design-occasion.fr\/magazine\/wp-json\/wp\/v2\/tags?post=16"}],"curies":[{"name":"wp","href":"https:\/\/api.w.org\/{rel}","templated":true}]}}