{"id":1562,"date":"2021-06-28T09:53:58","date_gmt":"2021-06-28T09:53:58","guid":{"rendered":"https:\/\/www.mobilier-design-occasion.fr\/magazine\/?p=1562"},"modified":"2023-09-25T13:39:50","modified_gmt":"2023-09-25T13:39:50","slug":"le-canape-dangle-convertible-pourquoi-choisir-ce-type-de-mobilier","status":"publish","type":"post","link":"https:\/\/www.mobilier-design-occasion.fr\/magazine\/le-canape-dangle-convertible-pourquoi-choisir-ce-type-de-mobilier\/","title":{"rendered":"Le canap\u00e9 d\u2019angle convertible\u00a0: pourquoi choisir ce type de mobilier\u2009?"},"content":{"rendered":"\n<p>Renouveler son <a href=\"https:\/\/www.mobilier-design-occasion.fr\/magazine\/test-avis-sur-la-redoute-interieurs-am-pm\/\">mobilier<\/a> d\u2019int\u00e9rieur repr\u00e9sente pour bon nombre de personnes un moment de joie. Cependant, \u00e9tant donn\u00e9 que parmi tous les meubles disponibles, il va falloir choisir le mod\u00e8le id\u00e9al, cet instant de bonheur peut tr\u00e8s vite devenir stressant. Ainsi, pour vous \u00e9viter les longues recherches, il est pr\u00e9f\u00e9rable de choisir un <a href=\"https:\/\/www.mobilier-design-occasion.fr\/magazine\/test-avis-sur-poltronesofa\/\">canap\u00e9<\/a> d\u2019angle convertible. Ce dernier est ainsi pl\u00e9biscit\u00e9 pour ses nombreux atouts.<\/p>\n\n\n\n<h2 class=\"wp-block-heading\">Optimiser son espace<\/h2>\n\n\n\n<p><br>Si le meuble d\u2019angle convertible est aujourd\u2019hui pris\u00e9 par plusieurs personnes, c\u2019est parce qu\u2019il permet d\u2019<strong>optimiser son espace<\/strong>. En effet, avec les&nbsp;<a href=\"https:\/\/bestmobilier.com\/canape-d-angle-c23\"><u>diff\u00e9rents canap\u00e9s d\u2019angle convertible<\/u><\/a>&nbsp;disponibles sur le march\u00e9, vous ne risquez pas d\u2019avoir un angle vide au sein de votre pi\u00e8ce. De plus, il faut pr\u00e9ciser que ce type de mobilier peut avoir un&nbsp;<strong>angle \u00e0 gauche ou \u00e0 droite<\/strong>.<\/p>\n\n\n\n<p>En fonction de la configuration de votre pi\u00e8ce, vous avez enti\u00e8rement la possibilit\u00e9 de choisir un sofa fabriqu\u00e9 sur mesure de telle sorte qu\u2019il s\u2019adapte parfaitement \u00e0 votre int\u00e9rieur.<\/p>\n\n\n\n<p>Cependant, comme pour tout meuble, le choix de votre canap\u00e9 d\u2019angle convertible doit ob\u00e9ir \u00e0 certains crit\u00e8res. Il s\u2019agit notamment&nbsp;:<\/p>\n\n\n\n<ul class=\"wp-block-list\"><li>De la&nbsp;<strong>mati\u00e8re du rev\u00eatement<\/strong>\u2009;<\/li><li>Du nombre d\u2019assises\u2009;<\/li><li>Du m\u00e9canisme d\u2019ouverture.<\/li><\/ul>\n\n\n\n<p>\u00c0 cela s\u2019ajoutent les crit\u00e8res de dimensions et du&nbsp;<strong>type du mobilier<\/strong>.<\/p>\n\n\n\n<h2 class=\"wp-block-heading\">Le canap\u00e9 d\u2019angle convertible&nbsp;: un mobilier \u00e9conomique<\/h2>\n\n\n\n<p>Le sofa d\u2019angle convertible avantage aussi par son caract\u00e8re&nbsp;<strong>\u00e9conomique<\/strong>. En r\u00e9alit\u00e9, vous devez comprendre que ce type de meuble est un&nbsp;<strong>combin\u00e9 <a href=\"https:\/\/www.mobilier-design-occasion.fr\/magazine\/combien-dheures-de-sommeil-pour-mon-enfant\/\">lit<\/a> et canap\u00e9<\/strong>. Ainsi, lorsqu\u2019il est pli\u00e9, il joue le r\u00f4le de canap\u00e9.<\/p>\n\n\n\n<p>Une fois d\u00e9pli\u00e9, il poss\u00e8de un espace qui sert de lit. Avec un tel mobilier, vous n\u2019avez donc pas \u00e0 acheter s\u00e9par\u00e9ment un lit ou un sofa. Vous gagnez ainsi des euros suppl\u00e9mentaires avec l\u2019investissement dans le&nbsp;<strong>canap\u00e9 d\u2019angle convertible<\/strong>. Autant d\u2019avantages qui pourraient vous amener \u00e0 miser sur un tel \u00e9quipement mobilier.<\/p>\n","protected":false},"excerpt":{"rendered":"<p>Renouveler son mobilier d\u2019int\u00e9rieur repr\u00e9sente pour bon nombre de personnes un moment de joie. Cependant, \u00e9tant donn\u00e9 que parmi tous les meubles disponibles, il va falloir choisir le mod\u00e8le id\u00e9al, cet instant de bonheur peut tr\u00e8s vite devenir stressant. Ainsi, pour vous \u00e9viter les longues recherches, il est pr\u00e9f\u00e9rable de choisir un canap\u00e9 d\u2019angle convertible. [&hellip;]<\/p>\n","protected":false},"author":1,"featured_media":1563,"comment_status":"open","ping_status":"open","sticky":false,"template":"","format":"standard","meta":{"footnotes":""},"categories":[2],"tags":[],"class_list":["post-1562","post","type-post","status-publish","format-standard","has-post-thumbnail","hentry","category-tendances"],"yoast_head":"<!-- This site is optimized with the Yoast SEO plugin v27.5 - https:\/\/yoast.com\/product\/yoast-seo-wordpress\/ -->\n<title>Le canap\u00e9 d\u2019angle convertible\u00a0: pourquoi choisir ce type de mobilier\u2009? - Mobilier Design Magazine<\/title>\n<meta name=\"robots\" content=\"index, follow, max-snippet:-1, max-image-preview:large, max-video-preview:-1\" \/>\n<link rel=\"canonical\" href=\"https:\/\/www.mobilier-design-occasion.fr\/magazine\/le-canape-dangle-convertible-pourquoi-choisir-ce-type-de-mobilier\/\" \/>\n<meta property=\"og:locale\" content=\"fr_FR\" \/>\n<meta property=\"og:type\" content=\"article\" \/>\n<meta property=\"og:title\" content=\"Le canap\u00e9 d\u2019angle convertible\u00a0: pourquoi choisir ce type de mobilier\u2009? - Mobilier Design Magazine\" \/>\n<meta property=\"og:description\" content=\"Renouveler son mobilier d\u2019int\u00e9rieur repr\u00e9sente pour bon nombre de personnes un moment de joie. Cependant, \u00e9tant donn\u00e9 que parmi tous les meubles disponibles, il va falloir choisir le mod\u00e8le id\u00e9al, cet instant de bonheur peut tr\u00e8s vite devenir stressant. Ainsi, pour vous \u00e9viter les longues recherches, il est pr\u00e9f\u00e9rable de choisir un canap\u00e9 d\u2019angle convertible. [&hellip;]\" \/>\n<meta property=\"og:url\" content=\"https:\/\/www.mobilier-design-occasion.fr\/magazine\/le-canape-dangle-convertible-pourquoi-choisir-ce-type-de-mobilier\/\" \/>\n<meta property=\"og:site_name\" content=\"Mobilier Design Magazine\" \/>\n<meta property=\"article:publisher\" content=\"https:\/\/www.facebook.com\/mobilierdesignoccasion\" \/>\n<meta property=\"article:published_time\" content=\"2021-06-28T09:53:58+00:00\" \/>\n<meta property=\"article:modified_time\" content=\"2023-09-25T13:39:50+00:00\" \/>\n<meta property=\"og:image\" content=\"https:\/\/www.mobilier-design-occasion.fr\/magazine\/wp-content\/uploads\/2021\/06\/canape.jpg\" \/>\n\t<meta property=\"og:image:width\" content=\"848\" \/>\n\t<meta property=\"og:image:height\" content=\"565\" \/>\n\t<meta property=\"og:image:type\" content=\"image\/jpeg\" \/>\n<meta name=\"author\" content=\"Cyrielle Poirot\" \/>\n<meta name=\"twitter:card\" content=\"summary_large_image\" \/>\n<meta name=\"twitter:label1\" content=\"\u00c9crit par\" \/>\n\t<meta name=\"twitter:data1\" content=\"Cyrielle Poirot\" \/>\n\t<meta name=\"twitter:label2\" content=\"Dur\u00e9e de lecture estim\u00e9e\" \/>\n\t<meta name=\"twitter:data2\" content=\"2 minutes\" \/>\n<script type=\"application\/ld+json\" class=\"yoast-schema-graph\">{\"@context\":\"https:\\\/\\\/schema.org\",\"@graph\":[{\"@type\":\"Article\",\"@id\":\"https:\\\/\\\/www.mobilier-design-occasion.fr\\\/magazine\\\/le-canape-dangle-convertible-pourquoi-choisir-ce-type-de-mobilier\\\/#article\",\"isPartOf\":{\"@id\":\"https:\\\/\\\/www.mobilier-design-occasion.fr\\\/magazine\\\/le-canape-dangle-convertible-pourquoi-choisir-ce-type-de-mobilier\\\/\"},\"author\":{\"name\":\"Cyrielle Poirot\",\"@id\":\"https:\\\/\\\/www.mobilier-design-occasion.fr\\\/magazine\\\/#\\\/schema\\\/person\\\/5b2e5627a714ddadaaf8c9b886c55eff\"},\"headline\":\"Le canap\u00e9 d\u2019angle convertible\u00a0: pourquoi choisir ce type de mobilier\u2009?\",\"datePublished\":\"2021-06-28T09:53:58+00:00\",\"dateModified\":\"2023-09-25T13:39:50+00:00\",\"mainEntityOfPage\":{\"@id\":\"https:\\\/\\\/www.mobilier-design-occasion.fr\\\/magazine\\\/le-canape-dangle-convertible-pourquoi-choisir-ce-type-de-mobilier\\\/\"},\"wordCount\":363,\"commentCount\":0,\"publisher\":{\"@id\":\"https:\\\/\\\/www.mobilier-design-occasion.fr\\\/magazine\\\/#organization\"},\"image\":{\"@id\":\"https:\\\/\\\/www.mobilier-design-occasion.fr\\\/magazine\\\/le-canape-dangle-convertible-pourquoi-choisir-ce-type-de-mobilier\\\/#primaryimage\"},\"thumbnailUrl\":\"https:\\\/\\\/www.mobilier-design-occasion.fr\\\/magazine\\\/wp-content\\\/uploads\\\/2021\\\/06\\\/canape.jpg\",\"articleSection\":[\"Tendances\"],\"inLanguage\":\"fr-FR\",\"potentialAction\":[{\"@type\":\"CommentAction\",\"name\":\"Comment\",\"target\":[\"https:\\\/\\\/www.mobilier-design-occasion.fr\\\/magazine\\\/le-canape-dangle-convertible-pourquoi-choisir-ce-type-de-mobilier\\\/#respond\"]}]},{\"@type\":\"WebPage\",\"@id\":\"https:\\\/\\\/www.mobilier-design-occasion.fr\\\/magazine\\\/le-canape-dangle-convertible-pourquoi-choisir-ce-type-de-mobilier\\\/\",\"url\":\"https:\\\/\\\/www.mobilier-design-occasion.fr\\\/magazine\\\/le-canape-dangle-convertible-pourquoi-choisir-ce-type-de-mobilier\\\/\",\"name\":\"Le canap\u00e9 d\u2019angle convertible\u00a0: pourquoi choisir ce type de mobilier\u2009? - Mobilier Design Magazine\",\"isPartOf\":{\"@id\":\"https:\\\/\\\/www.mobilier-design-occasion.fr\\\/magazine\\\/#website\"},\"primaryImageOfPage\":{\"@id\":\"https:\\\/\\\/www.mobilier-design-occasion.fr\\\/magazine\\\/le-canape-dangle-convertible-pourquoi-choisir-ce-type-de-mobilier\\\/#primaryimage\"},\"image\":{\"@id\":\"https:\\\/\\\/www.mobilier-design-occasion.fr\\\/magazine\\\/le-canape-dangle-convertible-pourquoi-choisir-ce-type-de-mobilier\\\/#primaryimage\"},\"thumbnailUrl\":\"https:\\\/\\\/www.mobilier-design-occasion.fr\\\/magazine\\\/wp-content\\\/uploads\\\/2021\\\/06\\\/canape.jpg\",\"datePublished\":\"2021-06-28T09:53:58+00:00\",\"dateModified\":\"2023-09-25T13:39:50+00:00\",\"breadcrumb\":{\"@id\":\"https:\\\/\\\/www.mobilier-design-occasion.fr\\\/magazine\\\/le-canape-dangle-convertible-pourquoi-choisir-ce-type-de-mobilier\\\/#breadcrumb\"},\"inLanguage\":\"fr-FR\",\"potentialAction\":[{\"@type\":\"ReadAction\",\"target\":[\"https:\\\/\\\/www.mobilier-design-occasion.fr\\\/magazine\\\/le-canape-dangle-convertible-pourquoi-choisir-ce-type-de-mobilier\\\/\"]}]},{\"@type\":\"ImageObject\",\"inLanguage\":\"fr-FR\",\"@id\":\"https:\\\/\\\/www.mobilier-design-occasion.fr\\\/magazine\\\/le-canape-dangle-convertible-pourquoi-choisir-ce-type-de-mobilier\\\/#primaryimage\",\"url\":\"https:\\\/\\\/www.mobilier-design-occasion.fr\\\/magazine\\\/wp-content\\\/uploads\\\/2021\\\/06\\\/canape.jpg\",\"contentUrl\":\"https:\\\/\\\/www.mobilier-design-occasion.fr\\\/magazine\\\/wp-content\\\/uploads\\\/2021\\\/06\\\/canape.jpg\",\"width\":848,\"height\":565},{\"@type\":\"BreadcrumbList\",\"@id\":\"https:\\\/\\\/www.mobilier-design-occasion.fr\\\/magazine\\\/le-canape-dangle-convertible-pourquoi-choisir-ce-type-de-mobilier\\\/#breadcrumb\",\"itemListElement\":[{\"@type\":\"ListItem\",\"position\":1,\"name\":\"Accueil\",\"item\":\"https:\\\/\\\/www.mobilier-design-occasion.fr\\\/magazine\\\/\"},{\"@type\":\"ListItem\",\"position\":2,\"name\":\"Le canap\u00e9 d\u2019angle convertible\u00a0: pourquoi choisir ce type de mobilier\u2009?\"}]},{\"@type\":\"WebSite\",\"@id\":\"https:\\\/\\\/www.mobilier-design-occasion.fr\\\/magazine\\\/#website\",\"url\":\"https:\\\/\\\/www.mobilier-design-occasion.fr\\\/magazine\\\/\",\"name\":\"Mobilier Design Magazine\",\"description\":\"\",\"publisher\":{\"@id\":\"https:\\\/\\\/www.mobilier-design-occasion.fr\\\/magazine\\\/#organization\"},\"potentialAction\":[{\"@type\":\"SearchAction\",\"target\":{\"@type\":\"EntryPoint\",\"urlTemplate\":\"https:\\\/\\\/www.mobilier-design-occasion.fr\\\/magazine\\\/?s={search_term_string}\"},\"query-input\":{\"@type\":\"PropertyValueSpecification\",\"valueRequired\":true,\"valueName\":\"search_term_string\"}}],\"inLanguage\":\"fr-FR\"},{\"@type\":\"Organization\",\"@id\":\"https:\\\/\\\/www.mobilier-design-occasion.fr\\\/magazine\\\/#organization\",\"name\":\"Mobilier Design Magazine\",\"url\":\"https:\\\/\\\/www.mobilier-design-occasion.fr\\\/magazine\\\/\",\"logo\":{\"@type\":\"ImageObject\",\"inLanguage\":\"fr-FR\",\"@id\":\"https:\\\/\\\/www.mobilier-design-occasion.fr\\\/magazine\\\/#\\\/schema\\\/logo\\\/image\\\/\",\"url\":\"https:\\\/\\\/www.mobilier-design-occasion.fr\\\/magazine\\\/wp-content\\\/uploads\\\/2024\\\/02\\\/android-chrome-192x192-1.png\",\"contentUrl\":\"https:\\\/\\\/www.mobilier-design-occasion.fr\\\/magazine\\\/wp-content\\\/uploads\\\/2024\\\/02\\\/android-chrome-192x192-1.png\",\"width\":192,\"height\":192,\"caption\":\"Mobilier Design Magazine\"},\"image\":{\"@id\":\"https:\\\/\\\/www.mobilier-design-occasion.fr\\\/magazine\\\/#\\\/schema\\\/logo\\\/image\\\/\"},\"sameAs\":[\"https:\\\/\\\/www.facebook.com\\\/mobilierdesignoccasion\"]},{\"@type\":\"Person\",\"@id\":\"https:\\\/\\\/www.mobilier-design-occasion.fr\\\/magazine\\\/#\\\/schema\\\/person\\\/5b2e5627a714ddadaaf8c9b886c55eff\",\"name\":\"Cyrielle Poirot\",\"image\":{\"@type\":\"ImageObject\",\"inLanguage\":\"fr-FR\",\"@id\":\"https:\\\/\\\/secure.gravatar.com\\\/avatar\\\/c8d2674e093b06894d8d1dc468b626bd752523471f3ac6e75f7c7a1400d40b4d?s=96&d=mm&r=g\",\"url\":\"https:\\\/\\\/secure.gravatar.com\\\/avatar\\\/c8d2674e093b06894d8d1dc468b626bd752523471f3ac6e75f7c7a1400d40b4d?s=96&d=mm&r=g\",\"contentUrl\":\"https:\\\/\\\/secure.gravatar.com\\\/avatar\\\/c8d2674e093b06894d8d1dc468b626bd752523471f3ac6e75f7c7a1400d40b4d?s=96&d=mm&r=g\",\"caption\":\"Cyrielle Poirot\"},\"description\":\"Cyrielle est passionn\u00e9e par la d\u00e9coration d'int\u00e9rieur et s'est sp\u00e9cialis\u00e9e depuis quelques ann\u00e9es dans l'\u00e9dition du site Mobilier-Design, avec une touche sp\u00e9cifique pour les produits d'occasion.\",\"sameAs\":[\"https:\\\/\\\/www.mobilier-design-occasion.fr\\\/magazine\"],\"url\":\"https:\\\/\\\/www.mobilier-design-occasion.fr\\\/magazine\\\/author\\\/cyrielle\\\/\"}]}<\/script>\n<!-- \/ Yoast SEO plugin. -->","yoast_head_json":{"title":"Le canap\u00e9 d\u2019angle convertible\u00a0: pourquoi choisir ce type de mobilier\u2009? - Mobilier Design Magazine","robots":{"index":"index","follow":"follow","max-snippet":"max-snippet:-1","max-image-preview":"max-image-preview:large","max-video-preview":"max-video-preview:-1"},"canonical":"https:\/\/www.mobilier-design-occasion.fr\/magazine\/le-canape-dangle-convertible-pourquoi-choisir-ce-type-de-mobilier\/","og_locale":"fr_FR","og_type":"article","og_title":"Le canap\u00e9 d\u2019angle convertible\u00a0: pourquoi choisir ce type de mobilier\u2009? - Mobilier Design Magazine","og_description":"Renouveler son mobilier d\u2019int\u00e9rieur repr\u00e9sente pour bon nombre de personnes un moment de joie. Cependant, \u00e9tant donn\u00e9 que parmi tous les meubles disponibles, il va falloir choisir le mod\u00e8le id\u00e9al, cet instant de bonheur peut tr\u00e8s vite devenir stressant. Ainsi, pour vous \u00e9viter les longues recherches, il est pr\u00e9f\u00e9rable de choisir un canap\u00e9 d\u2019angle convertible. [&hellip;]","og_url":"https:\/\/www.mobilier-design-occasion.fr\/magazine\/le-canape-dangle-convertible-pourquoi-choisir-ce-type-de-mobilier\/","og_site_name":"Mobilier Design Magazine","article_publisher":"https:\/\/www.facebook.com\/mobilierdesignoccasion","article_published_time":"2021-06-28T09:53:58+00:00","article_modified_time":"2023-09-25T13:39:50+00:00","og_image":[{"width":848,"height":565,"url":"https:\/\/www.mobilier-design-occasion.fr\/magazine\/wp-content\/uploads\/2021\/06\/canape.jpg","type":"image\/jpeg"}],"author":"Cyrielle Poirot","twitter_card":"summary_large_image","twitter_misc":{"\u00c9crit par":"Cyrielle Poirot","Dur\u00e9e de lecture estim\u00e9e":"2 minutes"},"schema":{"@context":"https:\/\/schema.org","@graph":[{"@type":"Article","@id":"https:\/\/www.mobilier-design-occasion.fr\/magazine\/le-canape-dangle-convertible-pourquoi-choisir-ce-type-de-mobilier\/#article","isPartOf":{"@id":"https:\/\/www.mobilier-design-occasion.fr\/magazine\/le-canape-dangle-convertible-pourquoi-choisir-ce-type-de-mobilier\/"},"author":{"name":"Cyrielle Poirot","@id":"https:\/\/www.mobilier-design-occasion.fr\/magazine\/#\/schema\/person\/5b2e5627a714ddadaaf8c9b886c55eff"},"headline":"Le canap\u00e9 d\u2019angle convertible\u00a0: pourquoi choisir ce type de mobilier\u2009?","datePublished":"2021-06-28T09:53:58+00:00","dateModified":"2023-09-25T13:39:50+00:00","mainEntityOfPage":{"@id":"https:\/\/www.mobilier-design-occasion.fr\/magazine\/le-canape-dangle-convertible-pourquoi-choisir-ce-type-de-mobilier\/"},"wordCount":363,"commentCount":0,"publisher":{"@id":"https:\/\/www.mobilier-design-occasion.fr\/magazine\/#organization"},"image":{"@id":"https:\/\/www.mobilier-design-occasion.fr\/magazine\/le-canape-dangle-convertible-pourquoi-choisir-ce-type-de-mobilier\/#primaryimage"},"thumbnailUrl":"https:\/\/www.mobilier-design-occasion.fr\/magazine\/wp-content\/uploads\/2021\/06\/canape.jpg","articleSection":["Tendances"],"inLanguage":"fr-FR","potentialAction":[{"@type":"CommentAction","name":"Comment","target":["https:\/\/www.mobilier-design-occasion.fr\/magazine\/le-canape-dangle-convertible-pourquoi-choisir-ce-type-de-mobilier\/#respond"]}]},{"@type":"WebPage","@id":"https:\/\/www.mobilier-design-occasion.fr\/magazine\/le-canape-dangle-convertible-pourquoi-choisir-ce-type-de-mobilier\/","url":"https:\/\/www.mobilier-design-occasion.fr\/magazine\/le-canape-dangle-convertible-pourquoi-choisir-ce-type-de-mobilier\/","name":"Le canap\u00e9 d\u2019angle convertible\u00a0: pourquoi choisir ce type de mobilier\u2009? - Mobilier Design Magazine","isPartOf":{"@id":"https:\/\/www.mobilier-design-occasion.fr\/magazine\/#website"},"primaryImageOfPage":{"@id":"https:\/\/www.mobilier-design-occasion.fr\/magazine\/le-canape-dangle-convertible-pourquoi-choisir-ce-type-de-mobilier\/#primaryimage"},"image":{"@id":"https:\/\/www.mobilier-design-occasion.fr\/magazine\/le-canape-dangle-convertible-pourquoi-choisir-ce-type-de-mobilier\/#primaryimage"},"thumbnailUrl":"https:\/\/www.mobilier-design-occasion.fr\/magazine\/wp-content\/uploads\/2021\/06\/canape.jpg","datePublished":"2021-06-28T09:53:58+00:00","dateModified":"2023-09-25T13:39:50+00:00","breadcrumb":{"@id":"https:\/\/www.mobilier-design-occasion.fr\/magazine\/le-canape-dangle-convertible-pourquoi-choisir-ce-type-de-mobilier\/#breadcrumb"},"inLanguage":"fr-FR","potentialAction":[{"@type":"ReadAction","target":["https:\/\/www.mobilier-design-occasion.fr\/magazine\/le-canape-dangle-convertible-pourquoi-choisir-ce-type-de-mobilier\/"]}]},{"@type":"ImageObject","inLanguage":"fr-FR","@id":"https:\/\/www.mobilier-design-occasion.fr\/magazine\/le-canape-dangle-convertible-pourquoi-choisir-ce-type-de-mobilier\/#primaryimage","url":"https:\/\/www.mobilier-design-occasion.fr\/magazine\/wp-content\/uploads\/2021\/06\/canape.jpg","contentUrl":"https:\/\/www.mobilier-design-occasion.fr\/magazine\/wp-content\/uploads\/2021\/06\/canape.jpg","width":848,"height":565},{"@type":"BreadcrumbList","@id":"https:\/\/www.mobilier-design-occasion.fr\/magazine\/le-canape-dangle-convertible-pourquoi-choisir-ce-type-de-mobilier\/#breadcrumb","itemListElement":[{"@type":"ListItem","position":1,"name":"Accueil","item":"https:\/\/www.mobilier-design-occasion.fr\/magazine\/"},{"@type":"ListItem","position":2,"name":"Le canap\u00e9 d\u2019angle convertible\u00a0: pourquoi choisir ce type de mobilier\u2009?"}]},{"@type":"WebSite","@id":"https:\/\/www.mobilier-design-occasion.fr\/magazine\/#website","url":"https:\/\/www.mobilier-design-occasion.fr\/magazine\/","name":"Mobilier Design Magazine","description":"","publisher":{"@id":"https:\/\/www.mobilier-design-occasion.fr\/magazine\/#organization"},"potentialAction":[{"@type":"SearchAction","target":{"@type":"EntryPoint","urlTemplate":"https:\/\/www.mobilier-design-occasion.fr\/magazine\/?s={search_term_string}"},"query-input":{"@type":"PropertyValueSpecification","valueRequired":true,"valueName":"search_term_string"}}],"inLanguage":"fr-FR"},{"@type":"Organization","@id":"https:\/\/www.mobilier-design-occasion.fr\/magazine\/#organization","name":"Mobilier Design Magazine","url":"https:\/\/www.mobilier-design-occasion.fr\/magazine\/","logo":{"@type":"ImageObject","inLanguage":"fr-FR","@id":"https:\/\/www.mobilier-design-occasion.fr\/magazine\/#\/schema\/logo\/image\/","url":"https:\/\/www.mobilier-design-occasion.fr\/magazine\/wp-content\/uploads\/2024\/02\/android-chrome-192x192-1.png","contentUrl":"https:\/\/www.mobilier-design-occasion.fr\/magazine\/wp-content\/uploads\/2024\/02\/android-chrome-192x192-1.png","width":192,"height":192,"caption":"Mobilier Design Magazine"},"image":{"@id":"https:\/\/www.mobilier-design-occasion.fr\/magazine\/#\/schema\/logo\/image\/"},"sameAs":["https:\/\/www.facebook.com\/mobilierdesignoccasion"]},{"@type":"Person","@id":"https:\/\/www.mobilier-design-occasion.fr\/magazine\/#\/schema\/person\/5b2e5627a714ddadaaf8c9b886c55eff","name":"Cyrielle Poirot","image":{"@type":"ImageObject","inLanguage":"fr-FR","@id":"https:\/\/secure.gravatar.com\/avatar\/c8d2674e093b06894d8d1dc468b626bd752523471f3ac6e75f7c7a1400d40b4d?s=96&d=mm&r=g","url":"https:\/\/secure.gravatar.com\/avatar\/c8d2674e093b06894d8d1dc468b626bd752523471f3ac6e75f7c7a1400d40b4d?s=96&d=mm&r=g","contentUrl":"https:\/\/secure.gravatar.com\/avatar\/c8d2674e093b06894d8d1dc468b626bd752523471f3ac6e75f7c7a1400d40b4d?s=96&d=mm&r=g","caption":"Cyrielle Poirot"},"description":"Cyrielle est passionn\u00e9e par la d\u00e9coration d'int\u00e9rieur et s'est sp\u00e9cialis\u00e9e depuis quelques ann\u00e9es dans l'\u00e9dition du site Mobilier-Design, avec une touche sp\u00e9cifique pour les produits d'occasion.","sameAs":["https:\/\/www.mobilier-design-occasion.fr\/magazine"],"url":"https:\/\/www.mobilier-design-occasion.fr\/magazine\/author\/cyrielle\/"}]}},"_links":{"self":[{"href":"https:\/\/www.mobilier-design-occasion.fr\/magazine\/wp-json\/wp\/v2\/posts\/1562","targetHints":{"allow":["GET"]}}],"collection":[{"href":"https:\/\/www.mobilier-design-occasion.fr\/magazine\/wp-json\/wp\/v2\/posts"}],"about":[{"href":"https:\/\/www.mobilier-design-occasion.fr\/magazine\/wp-json\/wp\/v2\/types\/post"}],"author":[{"embeddable":true,"href":"https:\/\/www.mobilier-design-occasion.fr\/magazine\/wp-json\/wp\/v2\/users\/1"}],"replies":[{"embeddable":true,"href":"https:\/\/www.mobilier-design-occasion.fr\/magazine\/wp-json\/wp\/v2\/comments?post=1562"}],"version-history":[{"count":1,"href":"https:\/\/www.mobilier-design-occasion.fr\/magazine\/wp-json\/wp\/v2\/posts\/1562\/revisions"}],"predecessor-version":[{"id":1564,"href":"https:\/\/www.mobilier-design-occasion.fr\/magazine\/wp-json\/wp\/v2\/posts\/1562\/revisions\/1564"}],"wp:featuredmedia":[{"embeddable":true,"href":"https:\/\/www.mobilier-design-occasion.fr\/magazine\/wp-json\/wp\/v2\/media\/1563"}],"wp:attachment":[{"href":"https:\/\/www.mobilier-design-occasion.fr\/magazine\/wp-json\/wp\/v2\/media?parent=1562"}],"wp:term":[{"taxonomy":"category","embeddable":true,"href":"https:\/\/www.mobilier-design-occasion.fr\/magazine\/wp-json\/wp\/v2\/categories?post=1562"},{"taxonomy":"post_tag","embeddable":true,"href":"https:\/\/www.mobilier-design-occasion.fr\/magazine\/wp-json\/wp\/v2\/tags?post=1562"}],"curies":[{"name":"wp","href":"https:\/\/api.w.org\/{rel}","templated":true}]}}