{"id":128,"date":"2021-01-22T09:30:48","date_gmt":"2021-01-22T09:30:48","guid":{"rendered":"https:\/\/www.mobilier-design-occasion.fr\/magazine\/?p=128"},"modified":"2023-09-25T13:39:50","modified_gmt":"2023-09-25T13:39:50","slug":"meubles-vintage-pour-une-decoration-interieure-intemporelle","status":"publish","type":"post","link":"https:\/\/www.mobilier-design-occasion.fr\/magazine\/meubles-vintage-pour-une-decoration-interieure-intemporelle\/","title":{"rendered":"Meubles vintage: pour une d\u00e9coration int\u00e9rieure intemporelle"},"content":{"rendered":"\n<p>Plusieurs raisons ont fait du <strong>vintage<\/strong> l&#8217;une des tendances les plus populaires pour nos int\u00e9rieurs lors de ces derni\u00e8res ann\u00e9es. Sa capacit\u00e9 \u00e0 se pr\u00eater \u00e0 diff\u00e9rentes interpr\u00e9tations stylistiques est certainement ce qui en fait l&#8217;une des tendances les plus int\u00e9ressantes. Du <strong><a href=\"https:\/\/www.mobilier-design-occasion.fr\/\">mobilier vintage<\/a><\/strong>, au vintage des ann\u00e9es 70, au <strong><a href=\"https:\/\/www.mobilier-design-occasion.fr\/mobilier\/industriel.html\">style industriel<\/a><\/strong> ou au vintage am\u00e9ricain ; avec un total look ou un mix &amp; match plus audacieux, le pass\u00e9 nous attire inexorablement.<\/p>\n\n\n\n<p>La recette pour un int\u00e9rieur \u00e0 l&#8217;atmosph\u00e8re r\u00e9tro \u00e9l\u00e9gante et moderne, n&#8217;est pas unique et surtout n&#8217;est pas si facile \u00e0 composer. C&#8217;est certainement une question de go\u00fbt, mais il y a quelques indices qui peuvent nous mettre sur la bonne voie.<\/p>\n\n\n\n<p>Le plus simple est certainement de demander des suggestions \u00e0 des professionnels de la d\u00e9coration qui ont dans l&#8217;aptitude \u00e0 cr\u00e9er un dialogue entre le pr\u00e9sent et le pass\u00e9. En travaillant notamment sur les couleurs, des tons pastels frais et d\u00e9licats aux palettes plus vives ; sur les d\u00e9cors, avec des motifs abstraits floraux ou g\u00e9om\u00e9triques ; sur la r\u00e9cup\u00e9ration des mat\u00e9riaux, du <strong>velours<\/strong> au <strong>marbre<\/strong> en passant par les <a href=\"https:\/\/www.mobilier-design-occasion.fr\/magazine\/avis-mathy-by-bols\/\">bois<\/a> sombres ; jusqu&#8217;aux questions du choix des meubles, <strong>pi\u00e8ces chin\u00e9es<\/strong> ou meubles modernes inspir\u00e9s du r\u00e9tro ? <\/p>\n\n\n\n<p>D\u00e9couvrez ici des projets contemporains d&#8217;h\u00f4tels et de maisons qui nous transportent \u00e0 une autre \u00e9poque.<\/p>\n\n\n\n<h2 class=\"wp-block-heading\"><span class=\"ez-toc-section\" id=\"Milan\"><\/span>Milan<span class=\"ez-toc-section-end\"><\/span><\/h2><div id=\"ez-toc-container\" class=\"ez-toc-v2_0_82_2 counter-hierarchy ez-toc-counter ez-toc-grey ez-toc-container-direction\">\n<div class=\"ez-toc-title-container\">\n<span class=\"ez-toc-title-toggle\"><a href=\"#\" class=\"ez-toc-pull-right ez-toc-btn ez-toc-btn-xs ez-toc-btn-default ez-toc-toggle\" aria-label=\"Toggle Table of Content\"><span class=\"ez-toc-js-icon-con\"><span class=\"\"><span class=\"eztoc-hide\" style=\"display:none;\">Toggle<\/span><span class=\"ez-toc-icon-toggle-span\"><svg style=\"fill: #999;color:#999\" xmlns=\"http:\/\/www.w3.org\/2000\/svg\" class=\"list-377408\" width=\"20px\" height=\"20px\" viewBox=\"0 0 24 24\" fill=\"none\"><path d=\"M6 6H4v2h2V6zm14 0H8v2h12V6zM4 11h2v2H4v-2zm16 0H8v2h12v-2zM4 16h2v2H4v-2zm16 0H8v2h12v-2z\" fill=\"currentColor\"><\/path><\/svg><svg style=\"fill: #999;color:#999\" class=\"arrow-unsorted-368013\" xmlns=\"http:\/\/www.w3.org\/2000\/svg\" width=\"10px\" height=\"10px\" viewBox=\"0 0 24 24\" version=\"1.2\" baseProfile=\"tiny\"><path d=\"M18.2 9.3l-6.2-6.3-6.2 6.3c-.2.2-.3.4-.3.7s.1.5.3.7c.2.2.4.3.7.3h11c.3 0 .5-.1.7-.3.2-.2.3-.5.3-.7s-.1-.5-.3-.7zM5.8 14.7l6.2 6.3 6.2-6.3c.2-.2.3-.5.3-.7s-.1-.5-.3-.7c-.2-.2-.4-.3-.7-.3h-11c-.3 0-.5.1-.7.3-.2.2-.3.5-.3.7s.1.5.3.7z\"\/><\/svg><\/span><\/span><\/span><\/a><\/span><\/div>\n<nav><ul class='ez-toc-list ez-toc-list-level-1 eztoc-toggle-hide-by-default' ><li class='ez-toc-page-1 ez-toc-heading-level-2'><a class=\"ez-toc-link ez-toc-heading-1\" href=\"https:\/\/www.mobilier-design-occasion.fr\/magazine\/meubles-vintage-pour-une-decoration-interieure-intemporelle\/#Milan\" >Milan<\/a><\/li><li class='ez-toc-page-1 ez-toc-heading-level-2'><a class=\"ez-toc-link ez-toc-heading-2\" href=\"https:\/\/www.mobilier-design-occasion.fr\/magazine\/meubles-vintage-pour-une-decoration-interieure-intemporelle\/#Paris\" >Paris<\/a><\/li><li class='ez-toc-page-1 ez-toc-heading-level-2'><a class=\"ez-toc-link ez-toc-heading-3\" href=\"https:\/\/www.mobilier-design-occasion.fr\/magazine\/meubles-vintage-pour-une-decoration-interieure-intemporelle\/#Berlin\" >Berlin<\/a><\/li><\/ul><\/nav><\/div>\n\n\n\n\n<p>Pour rendre hommage aux grands ma\u00eetres du pass\u00e9, nous entrons dans un int\u00e9rieur milanais o\u00f9 les \u0153uvres d&#8217;art contemporain et le <strong><a href=\"https:\/\/www.mobilier-design-occasion.fr\/magazine\/test-avis-sur-la-redoute-interieurs-am-pm\/\">mobilier<\/a> d&#8217;\u00e9poque<\/strong> cohabitent avec les meubles faits sur mesure dans les pi\u00e8ces d&#8217;une maison de la fin des ann\u00e9es 60. Un projet qui s&#8217;inspire des travaux des ma\u00eetres de l&#8217;<strong>architecture milanaise<\/strong> en ce qui concerne les mat\u00e9riaux utilis\u00e9s, l&#8217;articulation du th\u00e8me de la d\u00e9coration et le choix des <strong>pi\u00e8ces de <a href=\"https:\/\/www.mobilier-design-occasion.fr\/magazine\/table-tulipe-knoll-indemodable-du-design\/\">design<\/a><\/strong>.<\/p>\n\n\n\n<p><\/p>\n\n\n\n<figure class=\"wp-block-image size-large\"><img loading=\"lazy\" decoding=\"async\" width=\"600\" height=\"413\" src=\"https:\/\/www.mobilier-design-occasion.fr\/magazine\/wp-content\/uploads\/2021\/01\/Milano-vintage.jpg\" alt=\"\" class=\"wp-image-129\" srcset=\"https:\/\/www.mobilier-design-occasion.fr\/magazine\/wp-content\/uploads\/2021\/01\/Milano-vintage.jpg 600w, https:\/\/www.mobilier-design-occasion.fr\/magazine\/wp-content\/uploads\/2021\/01\/Milano-vintage-300x207.jpg 300w, https:\/\/www.mobilier-design-occasion.fr\/magazine\/wp-content\/uploads\/2021\/01\/Milano-vintage-145x100.jpg 145w\" sizes=\"auto, (max-width: 600px) 100vw, 600px\" \/><figcaption>Serena Eller &#8211; Source Pinterest <\/figcaption><\/figure>\n\n\n\n<p>CasaBASE, sur la via Tortona \u00e0 Milan, est un h\u00f4tel design avec une ambiance des ann\u00e9es 1950 et des int\u00e9rieurs de cin\u00e9ma, situ\u00e9 dans une ancienne usine de turbines, restaur\u00e9e par <strong>Onsitestudio<\/strong> et con\u00e7ue comme un refuge pour les artistes, o\u00f9 ils peuvent dormir, penser, cr\u00e9er et partager. Les invit\u00e9s sont accueillis dans des int\u00e9rieurs intimes et confortables, sous la direction de la productrice de films italienne Stella Orsini, qui a \u00e9l\u00e9gamment combin\u00e9 des <strong>meubles vintage<\/strong> avec des <strong><a href=\"https:\/\/www.mobilier-design-occasion.fr\/\">pi\u00e8ces de design<\/a><\/strong> contemporain propos\u00e9es par Vitra Italia pour un ensemble raffin\u00e9, \u00e9clectique et aust\u00e8re, anim\u00e9 par la signature contemporaine des deux jeunes studios de design Leftover et Mezzo Atelier, invit\u00e9s \u00e0 \u00e9quiper les chambres et les espaces communs avec du mobilier sur mesure obtenu par le recyclage de mati\u00e8res premi\u00e8res, comme de vieilles caisses d&#8217;emballage.<\/p>\n\n\n\n<p><\/p>\n\n\n\n<p><\/p>\n\n\n\n<h2 class=\"wp-block-heading\"><span class=\"ez-toc-section\" id=\"Paris\"><\/span>Paris<span class=\"ez-toc-section-end\"><\/span><\/h2>\n\n\n\n<p><\/p>\n\n\n\n<p>Le dialogue entre le pass\u00e9 et le pr\u00e9sent caract\u00e9rise le travail du duo <strong>Dimorestudio <\/strong>qui, dans un palais du XVIIIe si\u00e8cle \u00e0 Paris, \u00e0 deux pas de l&#8217;Op\u00e9ra, signe un h\u00f4tel design dans lequel l&#8217;h\u00e9ritage de l&#8217;histoire est pr\u00e9serv\u00e9, en utilisant des objets embl\u00e9matiques des ma\u00eetres du design, associ\u00e9s \u00e0 d&#8217;autres de r\u00e9cup\u00e9ration et de nouvelles cr\u00e9ations sur mesure qui respectent un go\u00fbt plus contemporain en mati\u00e8re d&#8217;ameublement. Les mat\u00e9riaux et les couleurs : <strong>velours<\/strong>, <strong>marbres noirs<\/strong> et <strong>blancs<\/strong> qui se combinent avec des murs roses, tissus d\u00e9coratifs et couleurs vives, verre et m\u00e9taux dor\u00e9s, cr\u00e9ent une atmosph\u00e8re r\u00e9tro qui se marie \u00e0 la modernit\u00e9 des formes des meubles con\u00e7us ad hoc.<\/p>\n\n\n\n<figure class=\"wp-block-image size-large\"><img loading=\"lazy\" decoding=\"async\" width=\"600\" height=\"414\" src=\"https:\/\/www.mobilier-design-occasion.fr\/magazine\/wp-content\/uploads\/2021\/01\/Paris-Vintage.jpg\" alt=\"\" class=\"wp-image-130\" srcset=\"https:\/\/www.mobilier-design-occasion.fr\/magazine\/wp-content\/uploads\/2021\/01\/Paris-Vintage.jpg 600w, https:\/\/www.mobilier-design-occasion.fr\/magazine\/wp-content\/uploads\/2021\/01\/Paris-Vintage-300x207.jpg 300w, https:\/\/www.mobilier-design-occasion.fr\/magazine\/wp-content\/uploads\/2021\/01\/Paris-Vintage-145x100.jpg 145w\" sizes=\"auto, (max-width: 600px) 100vw, 600px\" \/><figcaption>Phlippe Servent &#8211; Source Pinterest<\/figcaption><\/figure>\n\n\n\n<p><\/p>\n\n\n\n<p><\/p>\n\n\n\n<h2 class=\"wp-block-heading\"><span class=\"ez-toc-section\" id=\"Berlin\"><\/span>Berlin<span class=\"ez-toc-section-end\"><\/span><\/h2>\n\n\n\n<p><\/p>\n\n\n\n<p>Souvent, ceux qui choisissent <strong><a href=\"https:\/\/www.mobilier-design-occasion.fr\/\">le style vintage<\/a> <\/strong>le font parce qu&#8217;ils veulent donner \u00e0 un int\u00e9rieur une forte personnalit\u00e9, le m\u00eame charisme qui \u00e9mane des protagonistes des vieilles photos en noir et blanc, avec leurs poses statiques et leur regard profond. C&#8217;est peut-\u00eatre cette image qui a inspir\u00e9 les designers <strong>Baranowitz + Kronenberg<\/strong> lorsqu&#8217;ils ont d\u00fb concevoir l&#8217;h\u00f4tel Sir Savigny, dans le quartier de Charlottenburg \u00e0 Berlin. N\u00e9e du remodelage d&#8217;une ancienne r\u00e9sidence de la ville, la structure interpr\u00e8te l&#8217;hospitalit\u00e9 dans une tonalit\u00e9 masculine. Le <strong>mobilier<\/strong> du <strong>designer isra\u00e9lien Saar Zafrir<\/strong> se caract\u00e9rise par un m\u00e9lange de mobilier vintage et sur mesure et recr\u00e9e l&#8217;\u00e9l\u00e9gance intemporelle d&#8217;une ancienne r\u00e9sidence baronniale qui rencontre l&#8217;art underground du Berlin d&#8217;aujourd&#8217;hui, le tout sur fond d&#8217;une palette de couleurs qui joue sur les <strong>nuances de gris<\/strong>, comme la patine d&#8217;un vieil appareil photo Polaroid.<\/p>\n\n\n\n<p><\/p>\n\n\n\n<figure class=\"wp-block-image size-large\"><img loading=\"lazy\" decoding=\"async\" width=\"600\" height=\"413\" src=\"https:\/\/www.mobilier-design-occasion.fr\/magazine\/wp-content\/uploads\/2021\/01\/Berlin-Vintage.jpg\" alt=\"\" class=\"wp-image-131\" srcset=\"https:\/\/www.mobilier-design-occasion.fr\/magazine\/wp-content\/uploads\/2021\/01\/Berlin-Vintage.jpg 600w, https:\/\/www.mobilier-design-occasion.fr\/magazine\/wp-content\/uploads\/2021\/01\/Berlin-Vintage-300x207.jpg 300w, https:\/\/www.mobilier-design-occasion.fr\/magazine\/wp-content\/uploads\/2021\/01\/Berlin-Vintage-145x100.jpg 145w\" sizes=\"auto, (max-width: 600px) 100vw, 600px\" \/><figcaption>Steve Herud &#8211; Source Pinterest<\/figcaption><\/figure>\n\n\n\n<p><\/p>\n","protected":false},"excerpt":{"rendered":"<p>Plusieurs raisons ont fait du vintage l&#8217;une des tendances les plus populaires pour nos int\u00e9rieurs lors de ces derni\u00e8res ann\u00e9es. Sa capacit\u00e9 \u00e0 se pr\u00eater \u00e0 diff\u00e9rentes interpr\u00e9tations stylistiques est certainement ce qui en fait l&#8217;une des tendances les plus int\u00e9ressantes. Du mobilier vintage, au vintage des ann\u00e9es 70, au style industriel ou au vintage [&hellip;]<\/p>\n","protected":false},"author":1,"featured_media":133,"comment_status":"open","ping_status":"open","sticky":false,"template":"","format":"standard","meta":{"footnotes":""},"categories":[2],"tags":[],"class_list":["post-128","post","type-post","status-publish","format-standard","has-post-thumbnail","hentry","category-tendances"],"yoast_head":"<!-- This site is optimized with the Yoast SEO plugin v27.5 - https:\/\/yoast.com\/product\/yoast-seo-wordpress\/ -->\n<title>Meubles vintage: pour une d\u00e9coration int\u00e9rieure intemporelle - Mobilier Design Magazine<\/title>\n<meta name=\"robots\" content=\"index, follow, max-snippet:-1, max-image-preview:large, max-video-preview:-1\" \/>\n<link rel=\"canonical\" href=\"https:\/\/www.mobilier-design-occasion.fr\/magazine\/meubles-vintage-pour-une-decoration-interieure-intemporelle\/\" \/>\n<meta property=\"og:locale\" content=\"fr_FR\" \/>\n<meta property=\"og:type\" content=\"article\" \/>\n<meta property=\"og:title\" content=\"Meubles vintage: pour une d\u00e9coration int\u00e9rieure intemporelle - Mobilier Design Magazine\" \/>\n<meta property=\"og:description\" content=\"Plusieurs raisons ont fait du vintage l&#8217;une des tendances les plus populaires pour nos int\u00e9rieurs lors de ces derni\u00e8res ann\u00e9es. Sa capacit\u00e9 \u00e0 se pr\u00eater \u00e0 diff\u00e9rentes interpr\u00e9tations stylistiques est certainement ce qui en fait l&#8217;une des tendances les plus int\u00e9ressantes. Du mobilier vintage, au vintage des ann\u00e9es 70, au style industriel ou au vintage [&hellip;]\" \/>\n<meta property=\"og:url\" content=\"https:\/\/www.mobilier-design-occasion.fr\/magazine\/meubles-vintage-pour-une-decoration-interieure-intemporelle\/\" \/>\n<meta property=\"og:site_name\" content=\"Mobilier Design Magazine\" \/>\n<meta property=\"article:publisher\" content=\"https:\/\/www.facebook.com\/mobilierdesignoccasion\" \/>\n<meta property=\"article:published_time\" content=\"2021-01-22T09:30:48+00:00\" \/>\n<meta property=\"article:modified_time\" content=\"2023-09-25T13:39:50+00:00\" \/>\n<meta property=\"og:image\" content=\"https:\/\/www.mobilier-design-occasion.fr\/magazine\/wp-content\/uploads\/2021\/01\/jazmin-quaynor-MbY_q6A7lK0-unsplash-scaled.jpg\" \/>\n\t<meta property=\"og:image:width\" content=\"2048\" \/>\n\t<meta property=\"og:image:height\" content=\"1536\" \/>\n\t<meta property=\"og:image:type\" content=\"image\/jpeg\" \/>\n<meta name=\"author\" content=\"Cyrielle Poirot\" \/>\n<meta name=\"twitter:card\" content=\"summary_large_image\" \/>\n<meta name=\"twitter:label1\" content=\"\u00c9crit par\" \/>\n\t<meta name=\"twitter:data1\" content=\"Cyrielle Poirot\" \/>\n\t<meta name=\"twitter:label2\" content=\"Dur\u00e9e de lecture estim\u00e9e\" \/>\n\t<meta name=\"twitter:data2\" content=\"4 minutes\" \/>\n<script type=\"application\/ld+json\" class=\"yoast-schema-graph\">{\"@context\":\"https:\\\/\\\/schema.org\",\"@graph\":[{\"@type\":\"Article\",\"@id\":\"https:\\\/\\\/www.mobilier-design-occasion.fr\\\/magazine\\\/meubles-vintage-pour-une-decoration-interieure-intemporelle\\\/#article\",\"isPartOf\":{\"@id\":\"https:\\\/\\\/www.mobilier-design-occasion.fr\\\/magazine\\\/meubles-vintage-pour-une-decoration-interieure-intemporelle\\\/\"},\"author\":{\"name\":\"Cyrielle Poirot\",\"@id\":\"https:\\\/\\\/www.mobilier-design-occasion.fr\\\/magazine\\\/#\\\/schema\\\/person\\\/5b2e5627a714ddadaaf8c9b886c55eff\"},\"headline\":\"Meubles vintage: pour une d\u00e9coration int\u00e9rieure intemporelle\",\"datePublished\":\"2021-01-22T09:30:48+00:00\",\"dateModified\":\"2023-09-25T13:39:50+00:00\",\"mainEntityOfPage\":{\"@id\":\"https:\\\/\\\/www.mobilier-design-occasion.fr\\\/magazine\\\/meubles-vintage-pour-une-decoration-interieure-intemporelle\\\/\"},\"wordCount\":805,\"commentCount\":0,\"publisher\":{\"@id\":\"https:\\\/\\\/www.mobilier-design-occasion.fr\\\/magazine\\\/#organization\"},\"image\":{\"@id\":\"https:\\\/\\\/www.mobilier-design-occasion.fr\\\/magazine\\\/meubles-vintage-pour-une-decoration-interieure-intemporelle\\\/#primaryimage\"},\"thumbnailUrl\":\"https:\\\/\\\/www.mobilier-design-occasion.fr\\\/magazine\\\/wp-content\\\/uploads\\\/2021\\\/01\\\/jazmin-quaynor-MbY_q6A7lK0-unsplash-scaled.jpg\",\"articleSection\":[\"Tendances\"],\"inLanguage\":\"fr-FR\",\"potentialAction\":[{\"@type\":\"CommentAction\",\"name\":\"Comment\",\"target\":[\"https:\\\/\\\/www.mobilier-design-occasion.fr\\\/magazine\\\/meubles-vintage-pour-une-decoration-interieure-intemporelle\\\/#respond\"]}]},{\"@type\":\"WebPage\",\"@id\":\"https:\\\/\\\/www.mobilier-design-occasion.fr\\\/magazine\\\/meubles-vintage-pour-une-decoration-interieure-intemporelle\\\/\",\"url\":\"https:\\\/\\\/www.mobilier-design-occasion.fr\\\/magazine\\\/meubles-vintage-pour-une-decoration-interieure-intemporelle\\\/\",\"name\":\"Meubles vintage: pour une d\u00e9coration int\u00e9rieure intemporelle - Mobilier Design Magazine\",\"isPartOf\":{\"@id\":\"https:\\\/\\\/www.mobilier-design-occasion.fr\\\/magazine\\\/#website\"},\"primaryImageOfPage\":{\"@id\":\"https:\\\/\\\/www.mobilier-design-occasion.fr\\\/magazine\\\/meubles-vintage-pour-une-decoration-interieure-intemporelle\\\/#primaryimage\"},\"image\":{\"@id\":\"https:\\\/\\\/www.mobilier-design-occasion.fr\\\/magazine\\\/meubles-vintage-pour-une-decoration-interieure-intemporelle\\\/#primaryimage\"},\"thumbnailUrl\":\"https:\\\/\\\/www.mobilier-design-occasion.fr\\\/magazine\\\/wp-content\\\/uploads\\\/2021\\\/01\\\/jazmin-quaynor-MbY_q6A7lK0-unsplash-scaled.jpg\",\"datePublished\":\"2021-01-22T09:30:48+00:00\",\"dateModified\":\"2023-09-25T13:39:50+00:00\",\"breadcrumb\":{\"@id\":\"https:\\\/\\\/www.mobilier-design-occasion.fr\\\/magazine\\\/meubles-vintage-pour-une-decoration-interieure-intemporelle\\\/#breadcrumb\"},\"inLanguage\":\"fr-FR\",\"potentialAction\":[{\"@type\":\"ReadAction\",\"target\":[\"https:\\\/\\\/www.mobilier-design-occasion.fr\\\/magazine\\\/meubles-vintage-pour-une-decoration-interieure-intemporelle\\\/\"]}]},{\"@type\":\"ImageObject\",\"inLanguage\":\"fr-FR\",\"@id\":\"https:\\\/\\\/www.mobilier-design-occasion.fr\\\/magazine\\\/meubles-vintage-pour-une-decoration-interieure-intemporelle\\\/#primaryimage\",\"url\":\"https:\\\/\\\/www.mobilier-design-occasion.fr\\\/magazine\\\/wp-content\\\/uploads\\\/2021\\\/01\\\/jazmin-quaynor-MbY_q6A7lK0-unsplash-scaled.jpg\",\"contentUrl\":\"https:\\\/\\\/www.mobilier-design-occasion.fr\\\/magazine\\\/wp-content\\\/uploads\\\/2021\\\/01\\\/jazmin-quaynor-MbY_q6A7lK0-unsplash-scaled.jpg\",\"width\":2048,\"height\":1536,\"caption\":\"Meubles Vintage\"},{\"@type\":\"BreadcrumbList\",\"@id\":\"https:\\\/\\\/www.mobilier-design-occasion.fr\\\/magazine\\\/meubles-vintage-pour-une-decoration-interieure-intemporelle\\\/#breadcrumb\",\"itemListElement\":[{\"@type\":\"ListItem\",\"position\":1,\"name\":\"Accueil\",\"item\":\"https:\\\/\\\/www.mobilier-design-occasion.fr\\\/magazine\\\/\"},{\"@type\":\"ListItem\",\"position\":2,\"name\":\"Meubles vintage: pour une d\u00e9coration int\u00e9rieure intemporelle\"}]},{\"@type\":\"WebSite\",\"@id\":\"https:\\\/\\\/www.mobilier-design-occasion.fr\\\/magazine\\\/#website\",\"url\":\"https:\\\/\\\/www.mobilier-design-occasion.fr\\\/magazine\\\/\",\"name\":\"Mobilier Design Magazine\",\"description\":\"\",\"publisher\":{\"@id\":\"https:\\\/\\\/www.mobilier-design-occasion.fr\\\/magazine\\\/#organization\"},\"potentialAction\":[{\"@type\":\"SearchAction\",\"target\":{\"@type\":\"EntryPoint\",\"urlTemplate\":\"https:\\\/\\\/www.mobilier-design-occasion.fr\\\/magazine\\\/?s={search_term_string}\"},\"query-input\":{\"@type\":\"PropertyValueSpecification\",\"valueRequired\":true,\"valueName\":\"search_term_string\"}}],\"inLanguage\":\"fr-FR\"},{\"@type\":\"Organization\",\"@id\":\"https:\\\/\\\/www.mobilier-design-occasion.fr\\\/magazine\\\/#organization\",\"name\":\"Mobilier Design Magazine\",\"url\":\"https:\\\/\\\/www.mobilier-design-occasion.fr\\\/magazine\\\/\",\"logo\":{\"@type\":\"ImageObject\",\"inLanguage\":\"fr-FR\",\"@id\":\"https:\\\/\\\/www.mobilier-design-occasion.fr\\\/magazine\\\/#\\\/schema\\\/logo\\\/image\\\/\",\"url\":\"https:\\\/\\\/www.mobilier-design-occasion.fr\\\/magazine\\\/wp-content\\\/uploads\\\/2024\\\/02\\\/android-chrome-192x192-1.png\",\"contentUrl\":\"https:\\\/\\\/www.mobilier-design-occasion.fr\\\/magazine\\\/wp-content\\\/uploads\\\/2024\\\/02\\\/android-chrome-192x192-1.png\",\"width\":192,\"height\":192,\"caption\":\"Mobilier Design Magazine\"},\"image\":{\"@id\":\"https:\\\/\\\/www.mobilier-design-occasion.fr\\\/magazine\\\/#\\\/schema\\\/logo\\\/image\\\/\"},\"sameAs\":[\"https:\\\/\\\/www.facebook.com\\\/mobilierdesignoccasion\"]},{\"@type\":\"Person\",\"@id\":\"https:\\\/\\\/www.mobilier-design-occasion.fr\\\/magazine\\\/#\\\/schema\\\/person\\\/5b2e5627a714ddadaaf8c9b886c55eff\",\"name\":\"Cyrielle Poirot\",\"image\":{\"@type\":\"ImageObject\",\"inLanguage\":\"fr-FR\",\"@id\":\"https:\\\/\\\/secure.gravatar.com\\\/avatar\\\/c8d2674e093b06894d8d1dc468b626bd752523471f3ac6e75f7c7a1400d40b4d?s=96&d=mm&r=g\",\"url\":\"https:\\\/\\\/secure.gravatar.com\\\/avatar\\\/c8d2674e093b06894d8d1dc468b626bd752523471f3ac6e75f7c7a1400d40b4d?s=96&d=mm&r=g\",\"contentUrl\":\"https:\\\/\\\/secure.gravatar.com\\\/avatar\\\/c8d2674e093b06894d8d1dc468b626bd752523471f3ac6e75f7c7a1400d40b4d?s=96&d=mm&r=g\",\"caption\":\"Cyrielle Poirot\"},\"description\":\"Cyrielle est passionn\u00e9e par la d\u00e9coration d'int\u00e9rieur et s'est sp\u00e9cialis\u00e9e depuis quelques ann\u00e9es dans l'\u00e9dition du site Mobilier-Design, avec une touche sp\u00e9cifique pour les produits d'occasion.\",\"sameAs\":[\"https:\\\/\\\/www.mobilier-design-occasion.fr\\\/magazine\"],\"url\":\"https:\\\/\\\/www.mobilier-design-occasion.fr\\\/magazine\\\/author\\\/cyrielle\\\/\"}]}<\/script>\n<!-- \/ Yoast SEO plugin. -->","yoast_head_json":{"title":"Meubles vintage: pour une d\u00e9coration int\u00e9rieure intemporelle - Mobilier Design Magazine","robots":{"index":"index","follow":"follow","max-snippet":"max-snippet:-1","max-image-preview":"max-image-preview:large","max-video-preview":"max-video-preview:-1"},"canonical":"https:\/\/www.mobilier-design-occasion.fr\/magazine\/meubles-vintage-pour-une-decoration-interieure-intemporelle\/","og_locale":"fr_FR","og_type":"article","og_title":"Meubles vintage: pour une d\u00e9coration int\u00e9rieure intemporelle - Mobilier Design Magazine","og_description":"Plusieurs raisons ont fait du vintage l&#8217;une des tendances les plus populaires pour nos int\u00e9rieurs lors de ces derni\u00e8res ann\u00e9es. Sa capacit\u00e9 \u00e0 se pr\u00eater \u00e0 diff\u00e9rentes interpr\u00e9tations stylistiques est certainement ce qui en fait l&#8217;une des tendances les plus int\u00e9ressantes. Du mobilier vintage, au vintage des ann\u00e9es 70, au style industriel ou au vintage [&hellip;]","og_url":"https:\/\/www.mobilier-design-occasion.fr\/magazine\/meubles-vintage-pour-une-decoration-interieure-intemporelle\/","og_site_name":"Mobilier Design Magazine","article_publisher":"https:\/\/www.facebook.com\/mobilierdesignoccasion","article_published_time":"2021-01-22T09:30:48+00:00","article_modified_time":"2023-09-25T13:39:50+00:00","og_image":[{"width":2048,"height":1536,"url":"https:\/\/www.mobilier-design-occasion.fr\/magazine\/wp-content\/uploads\/2021\/01\/jazmin-quaynor-MbY_q6A7lK0-unsplash-scaled.jpg","type":"image\/jpeg"}],"author":"Cyrielle Poirot","twitter_card":"summary_large_image","twitter_misc":{"\u00c9crit par":"Cyrielle Poirot","Dur\u00e9e de lecture estim\u00e9e":"4 minutes"},"schema":{"@context":"https:\/\/schema.org","@graph":[{"@type":"Article","@id":"https:\/\/www.mobilier-design-occasion.fr\/magazine\/meubles-vintage-pour-une-decoration-interieure-intemporelle\/#article","isPartOf":{"@id":"https:\/\/www.mobilier-design-occasion.fr\/magazine\/meubles-vintage-pour-une-decoration-interieure-intemporelle\/"},"author":{"name":"Cyrielle Poirot","@id":"https:\/\/www.mobilier-design-occasion.fr\/magazine\/#\/schema\/person\/5b2e5627a714ddadaaf8c9b886c55eff"},"headline":"Meubles vintage: pour une d\u00e9coration int\u00e9rieure intemporelle","datePublished":"2021-01-22T09:30:48+00:00","dateModified":"2023-09-25T13:39:50+00:00","mainEntityOfPage":{"@id":"https:\/\/www.mobilier-design-occasion.fr\/magazine\/meubles-vintage-pour-une-decoration-interieure-intemporelle\/"},"wordCount":805,"commentCount":0,"publisher":{"@id":"https:\/\/www.mobilier-design-occasion.fr\/magazine\/#organization"},"image":{"@id":"https:\/\/www.mobilier-design-occasion.fr\/magazine\/meubles-vintage-pour-une-decoration-interieure-intemporelle\/#primaryimage"},"thumbnailUrl":"https:\/\/www.mobilier-design-occasion.fr\/magazine\/wp-content\/uploads\/2021\/01\/jazmin-quaynor-MbY_q6A7lK0-unsplash-scaled.jpg","articleSection":["Tendances"],"inLanguage":"fr-FR","potentialAction":[{"@type":"CommentAction","name":"Comment","target":["https:\/\/www.mobilier-design-occasion.fr\/magazine\/meubles-vintage-pour-une-decoration-interieure-intemporelle\/#respond"]}]},{"@type":"WebPage","@id":"https:\/\/www.mobilier-design-occasion.fr\/magazine\/meubles-vintage-pour-une-decoration-interieure-intemporelle\/","url":"https:\/\/www.mobilier-design-occasion.fr\/magazine\/meubles-vintage-pour-une-decoration-interieure-intemporelle\/","name":"Meubles vintage: pour une d\u00e9coration int\u00e9rieure intemporelle - Mobilier Design Magazine","isPartOf":{"@id":"https:\/\/www.mobilier-design-occasion.fr\/magazine\/#website"},"primaryImageOfPage":{"@id":"https:\/\/www.mobilier-design-occasion.fr\/magazine\/meubles-vintage-pour-une-decoration-interieure-intemporelle\/#primaryimage"},"image":{"@id":"https:\/\/www.mobilier-design-occasion.fr\/magazine\/meubles-vintage-pour-une-decoration-interieure-intemporelle\/#primaryimage"},"thumbnailUrl":"https:\/\/www.mobilier-design-occasion.fr\/magazine\/wp-content\/uploads\/2021\/01\/jazmin-quaynor-MbY_q6A7lK0-unsplash-scaled.jpg","datePublished":"2021-01-22T09:30:48+00:00","dateModified":"2023-09-25T13:39:50+00:00","breadcrumb":{"@id":"https:\/\/www.mobilier-design-occasion.fr\/magazine\/meubles-vintage-pour-une-decoration-interieure-intemporelle\/#breadcrumb"},"inLanguage":"fr-FR","potentialAction":[{"@type":"ReadAction","target":["https:\/\/www.mobilier-design-occasion.fr\/magazine\/meubles-vintage-pour-une-decoration-interieure-intemporelle\/"]}]},{"@type":"ImageObject","inLanguage":"fr-FR","@id":"https:\/\/www.mobilier-design-occasion.fr\/magazine\/meubles-vintage-pour-une-decoration-interieure-intemporelle\/#primaryimage","url":"https:\/\/www.mobilier-design-occasion.fr\/magazine\/wp-content\/uploads\/2021\/01\/jazmin-quaynor-MbY_q6A7lK0-unsplash-scaled.jpg","contentUrl":"https:\/\/www.mobilier-design-occasion.fr\/magazine\/wp-content\/uploads\/2021\/01\/jazmin-quaynor-MbY_q6A7lK0-unsplash-scaled.jpg","width":2048,"height":1536,"caption":"Meubles Vintage"},{"@type":"BreadcrumbList","@id":"https:\/\/www.mobilier-design-occasion.fr\/magazine\/meubles-vintage-pour-une-decoration-interieure-intemporelle\/#breadcrumb","itemListElement":[{"@type":"ListItem","position":1,"name":"Accueil","item":"https:\/\/www.mobilier-design-occasion.fr\/magazine\/"},{"@type":"ListItem","position":2,"name":"Meubles vintage: pour une d\u00e9coration int\u00e9rieure intemporelle"}]},{"@type":"WebSite","@id":"https:\/\/www.mobilier-design-occasion.fr\/magazine\/#website","url":"https:\/\/www.mobilier-design-occasion.fr\/magazine\/","name":"Mobilier Design Magazine","description":"","publisher":{"@id":"https:\/\/www.mobilier-design-occasion.fr\/magazine\/#organization"},"potentialAction":[{"@type":"SearchAction","target":{"@type":"EntryPoint","urlTemplate":"https:\/\/www.mobilier-design-occasion.fr\/magazine\/?s={search_term_string}"},"query-input":{"@type":"PropertyValueSpecification","valueRequired":true,"valueName":"search_term_string"}}],"inLanguage":"fr-FR"},{"@type":"Organization","@id":"https:\/\/www.mobilier-design-occasion.fr\/magazine\/#organization","name":"Mobilier Design Magazine","url":"https:\/\/www.mobilier-design-occasion.fr\/magazine\/","logo":{"@type":"ImageObject","inLanguage":"fr-FR","@id":"https:\/\/www.mobilier-design-occasion.fr\/magazine\/#\/schema\/logo\/image\/","url":"https:\/\/www.mobilier-design-occasion.fr\/magazine\/wp-content\/uploads\/2024\/02\/android-chrome-192x192-1.png","contentUrl":"https:\/\/www.mobilier-design-occasion.fr\/magazine\/wp-content\/uploads\/2024\/02\/android-chrome-192x192-1.png","width":192,"height":192,"caption":"Mobilier Design Magazine"},"image":{"@id":"https:\/\/www.mobilier-design-occasion.fr\/magazine\/#\/schema\/logo\/image\/"},"sameAs":["https:\/\/www.facebook.com\/mobilierdesignoccasion"]},{"@type":"Person","@id":"https:\/\/www.mobilier-design-occasion.fr\/magazine\/#\/schema\/person\/5b2e5627a714ddadaaf8c9b886c55eff","name":"Cyrielle Poirot","image":{"@type":"ImageObject","inLanguage":"fr-FR","@id":"https:\/\/secure.gravatar.com\/avatar\/c8d2674e093b06894d8d1dc468b626bd752523471f3ac6e75f7c7a1400d40b4d?s=96&d=mm&r=g","url":"https:\/\/secure.gravatar.com\/avatar\/c8d2674e093b06894d8d1dc468b626bd752523471f3ac6e75f7c7a1400d40b4d?s=96&d=mm&r=g","contentUrl":"https:\/\/secure.gravatar.com\/avatar\/c8d2674e093b06894d8d1dc468b626bd752523471f3ac6e75f7c7a1400d40b4d?s=96&d=mm&r=g","caption":"Cyrielle Poirot"},"description":"Cyrielle est passionn\u00e9e par la d\u00e9coration d'int\u00e9rieur et s'est sp\u00e9cialis\u00e9e depuis quelques ann\u00e9es dans l'\u00e9dition du site Mobilier-Design, avec une touche sp\u00e9cifique pour les produits d'occasion.","sameAs":["https:\/\/www.mobilier-design-occasion.fr\/magazine"],"url":"https:\/\/www.mobilier-design-occasion.fr\/magazine\/author\/cyrielle\/"}]}},"_links":{"self":[{"href":"https:\/\/www.mobilier-design-occasion.fr\/magazine\/wp-json\/wp\/v2\/posts\/128","targetHints":{"allow":["GET"]}}],"collection":[{"href":"https:\/\/www.mobilier-design-occasion.fr\/magazine\/wp-json\/wp\/v2\/posts"}],"about":[{"href":"https:\/\/www.mobilier-design-occasion.fr\/magazine\/wp-json\/wp\/v2\/types\/post"}],"author":[{"embeddable":true,"href":"https:\/\/www.mobilier-design-occasion.fr\/magazine\/wp-json\/wp\/v2\/users\/1"}],"replies":[{"embeddable":true,"href":"https:\/\/www.mobilier-design-occasion.fr\/magazine\/wp-json\/wp\/v2\/comments?post=128"}],"version-history":[{"count":4,"href":"https:\/\/www.mobilier-design-occasion.fr\/magazine\/wp-json\/wp\/v2\/posts\/128\/revisions"}],"predecessor-version":[{"id":194,"href":"https:\/\/www.mobilier-design-occasion.fr\/magazine\/wp-json\/wp\/v2\/posts\/128\/revisions\/194"}],"wp:featuredmedia":[{"embeddable":true,"href":"https:\/\/www.mobilier-design-occasion.fr\/magazine\/wp-json\/wp\/v2\/media\/133"}],"wp:attachment":[{"href":"https:\/\/www.mobilier-design-occasion.fr\/magazine\/wp-json\/wp\/v2\/media?parent=128"}],"wp:term":[{"taxonomy":"category","embeddable":true,"href":"https:\/\/www.mobilier-design-occasion.fr\/magazine\/wp-json\/wp\/v2\/categories?post=128"},{"taxonomy":"post_tag","embeddable":true,"href":"https:\/\/www.mobilier-design-occasion.fr\/magazine\/wp-json\/wp\/v2\/tags?post=128"}],"curies":[{"name":"wp","href":"https:\/\/api.w.org\/{rel}","templated":true}]}}