{"id":11,"date":"2021-01-20T09:33:54","date_gmt":"2021-01-20T09:33:54","guid":{"rendered":"https:\/\/www.mobilier-design-occasion.fr\/magazine\/?p=11"},"modified":"2023-09-25T13:39:50","modified_gmt":"2023-09-25T13:39:50","slug":"amenager-un-coin-bureau-a-la-maison","status":"publish","type":"post","link":"https:\/\/www.mobilier-design-occasion.fr\/magazine\/amenager-un-coin-bureau-a-la-maison\/","title":{"rendered":"Am\u00e9nager un coin bureau \u00e0 la maison"},"content":{"rendered":"\n<p>Si on avait encore des doutes, l\u2019ann\u00e9e 2020 nous aura d\u00e9finitivement convaincus que de passer des heures dans les embouteillages n\u2019\u00e9tait peut-\u00eatre pas la mani\u00e8re la plus ad\u00e9quate d\u2019avoir une journ\u00e9e productive. Le monde du travail a \u00e9t\u00e9 bouscul\u00e9, les codes ont chang\u00e9 et le home-working fait d\u00e9sormais partie de notre vie quotidienne.&nbsp;<\/p>\n\n\n\n<p>Ainsi, de nombreuses entreprises choisissent d\u2019offrir \u00e0 leurs employ\u00e9s l\u2019am\u00e9nagement dans leur int\u00e9rieur d\u2019un <strong>espace de travail<\/strong> le plus agr\u00e9able possible. Le bureau n&#8217;est plus seulement un espace o\u00f9 l\u2019on y d\u00e9pose un ordinateur et quelques papiers. Il fait d\u00e9sormais partie int\u00e9grante de notre maison. Une conception de bureau \u00e0 domicile unique et esth\u00e9tique permet \u00e0 une personne de travailler confortablement pendant des heures. Indispensable dans un milieu de travail o\u00f9 <strong>productivit\u00e9<\/strong> et <strong>cr\u00e9ativit\u00e9<\/strong> sont souvent les ma\u00eetres mots.&nbsp;<\/p>\n\n\n\n<p><\/p>\n\n\n\n<p><\/p>\n\n\n\n<h2 class=\"wp-block-heading\"><strong>Comment am\u00e9nager un coin bureau dans mon salon?<\/strong><\/h2>\n\n\n\n<p><\/p>\n\n\n\n<p><\/p>\n\n\n\n<p>De nombreux architectes estiment que c\u2019est l&#8217;une des parties les plus difficiles \u00e0 am\u00e9nager dans une maison car il doit avoir \u00e0 la fois une continuit\u00e9 avec l\u2019environnement et un espace d\u00e9limit\u00e9 pour cr\u00e9er une r\u00e9elle ambiance de travail, si possible au calme.&nbsp;<\/p>\n\n\n\n<p>Tout d\u2019abord, pour apporter de l\u2019harmonie \u00e0 votre int\u00e9rieur, nous aimons l\u2019id\u00e9e de peindre dans une autre couleur ou de prendre le temps de mettre un nouveau papier peint, la partie au-dessus du bureau. Vous pouvez \u00e9galement y accrocher des <strong>cadres <\/strong>ou <strong>miroirs vintage<\/strong> que vous pouvez changer en fonction des saisons ou de vos envies.&nbsp;<\/p>\n\n\n\n<p>Ensuite en choisissant une pi\u00e8ce ma\u00eetresse <strong><a href=\"https:\/\/www.mobilier-design-occasion.fr\/\">design<\/a><\/strong>, comme un <strong><a href=\"https:\/\/www.mobilier-design-occasion.fr\/magazine\/test-avis-sur-poltronesofa\/\">fauteuil<\/a>,<\/strong> un joli <strong>bureau d\u2019inspiration scandinave<\/strong> ou une <strong>table d\u2019architecte<\/strong> vous allez cr\u00e9er votre propre univers qui vous permet de vous sentir confortable pour affronter vos longues heures derri\u00e8re votre \u00e9cran. Ce type d\u2019am\u00e9nagement d\u2019int\u00e9rieur est id\u00e9al pour une petite famille ou un couple, car il prend beaucoup moins de place et est beaucoup moins on\u00e9reux que la conception d\u2019une nouvelle pi\u00e8ce tout en offrant la commodit\u00e9 de se connecter confortablement.<\/p>\n\n\n\n<p><\/p>\n\n\n\n<p><\/p>\n\n\n\n<figure class=\"wp-block-image size-large is-resized\"><img loading=\"lazy\" decoding=\"async\" src=\"https:\/\/www.mobilier-design-occasion.fr\/magazine\/wp-content\/uploads\/2021\/01\/pexels-maria-eckell-4930629-774x1024.jpg\" alt=\"\" class=\"wp-image-50\" width=\"500\" height=\"660\" srcset=\"https:\/\/www.mobilier-design-occasion.fr\/magazine\/wp-content\/uploads\/2021\/01\/pexels-maria-eckell-4930629-774x1024.jpg 774w, https:\/\/www.mobilier-design-occasion.fr\/magazine\/wp-content\/uploads\/2021\/01\/pexels-maria-eckell-4930629-227x300.jpg 227w, https:\/\/www.mobilier-design-occasion.fr\/magazine\/wp-content\/uploads\/2021\/01\/pexels-maria-eckell-4930629-768x1016.jpg 768w, https:\/\/www.mobilier-design-occasion.fr\/magazine\/wp-content\/uploads\/2021\/01\/pexels-maria-eckell-4930629-1161x1536.jpg 1161w, https:\/\/www.mobilier-design-occasion.fr\/magazine\/wp-content\/uploads\/2021\/01\/pexels-maria-eckell-4930629-1548x2048.jpg 1548w, https:\/\/www.mobilier-design-occasion.fr\/magazine\/wp-content\/uploads\/2021\/01\/pexels-maria-eckell-4930629-810x1071.jpg 810w, https:\/\/www.mobilier-design-occasion.fr\/magazine\/wp-content\/uploads\/2021\/01\/pexels-maria-eckell-4930629-1140x1508.jpg 1140w, https:\/\/www.mobilier-design-occasion.fr\/magazine\/wp-content\/uploads\/2021\/01\/pexels-maria-eckell-4930629-scaled.jpg 1935w\" sizes=\"auto, (max-width: 500px) 100vw, 500px\" \/><\/figure>\n\n\n\n<p><\/p>\n\n\n\n<p><\/p>\n\n\n\n<p><\/p>\n\n\n\n<p><\/p>\n\n\n\n<h2 class=\"wp-block-heading\"><strong>Et si je ne dispose que de tr\u00e8s peu d\u2019espace?<\/strong><\/h2>\n\n\n\n<p><\/p>\n\n\n\n<p><\/p>\n\n\n\n<p>En choisissant un <a href=\"https:\/\/www.mobilier-design-occasion.fr\/magazine\/table-tulipe-knoll-indemodable-du-design\/\">design<\/a> qui comprend une huche dans une biblioth\u00e8que par exemple, vous pouvez faire de cet espace un coin bureau. Ajoutez-y une <a href=\"https:\/\/www.mobilier-design-occasion.fr\/magazine\/fermob-occasion\/\">chaise<\/a> en cuir confortable qui fait face au mur, ou une <strong>chaise Eames chin\u00e9e sur <a href=\"https:\/\/www.mobilier-design-occasion.fr\/\">Mobilier Design d\u2019Occasion<\/a> <\/strong>agr\u00e9ment\u00e9e d\u2019une fourrure, cette conception de bureau tirera le meilleur parti d&#8217;une petite zone et lib\u00e9rera de l&#8217;espace pr\u00e9cieux ailleurs.\u00a0<\/p>\n\n\n\n<p><\/p>\n\n\n\n<p>La meilleure conception de bureau \u00e0 domicile est celle qui maintient le flux visuel de l&#8217;avant de la maison vers l&#8217;arri\u00e8re. Pour y parvenir, il faut disposer d&#8217;un espace de travail qui se jette dans le coin salon de votre int\u00e9rieur. \u00c9videmment le choix du mobilier sera d\u00e9terminant dans le confort sur le long terme. Nous avons besoin d&#8217;un bureau et d&#8217;une <strong>chaise de bureau<\/strong> qui sont ergonomiquement corrects et qui r\u00e9pondent \u00e0 nos besoins sp\u00e9cifiques. Une erreur courante dans de nombreux bureaux \u00e0 la maison est d&#8217;avoir un bureau qui \u00abd\u00e9marre\u00bb au milieu de la pi\u00e8ce.<\/p>\n\n\n\n<p><\/p>\n\n\n\n<p><\/p>\n\n\n\n<p><\/p>\n\n\n\n<p>Concevoir un bureau est une t\u00e2che amusante. Lorsque votre espace de travail est enfin r\u00e9alis\u00e9, vous pouvez commencer \u00e0 travailler!&nbsp; En suivant ces conseils simples, vous pourrez profiter de votre nouvelle configuration d\u2019espace rapidement. Une fois les modifications r\u00e9alis\u00e9es, vous vous demanderez comment vous avez pu vous en passer jusqu\u2019\u00e0 maintenant!<\/p>\n\n\n\n<p><\/p>\n\n\n\n<p><\/p>\n\n\n\n<figure class=\"wp-block-image size-large is-resized\"><img loading=\"lazy\" decoding=\"async\" src=\"blob:https:\/\/www.mobilier-design-occasion.fr\/05cf398e-ee99-4e90-8aaf-967c4a1d7b91\" alt=\"\" width=\"529\" height=\"794\"\/><\/figure>\n","protected":false},"excerpt":{"rendered":"<p>Si on avait encore des doutes, l\u2019ann\u00e9e 2020 nous aura d\u00e9finitivement convaincus que de passer des heures dans les embouteillages n\u2019\u00e9tait peut-\u00eatre pas la mani\u00e8re la plus ad\u00e9quate d\u2019avoir une journ\u00e9e productive. Le monde du travail a \u00e9t\u00e9 bouscul\u00e9, les codes ont chang\u00e9 et le home-working fait d\u00e9sormais partie de notre vie quotidienne.&nbsp; Ainsi, de [&hellip;]<\/p>\n","protected":false},"author":1,"featured_media":48,"comment_status":"open","ping_status":"open","sticky":false,"template":"","format":"standard","meta":{"footnotes":""},"categories":[2],"tags":[],"class_list":["post-11","post","type-post","status-publish","format-standard","has-post-thumbnail","hentry","category-tendances"],"yoast_head":"<!-- This site is optimized with the Yoast SEO plugin v27.5 - https:\/\/yoast.com\/product\/yoast-seo-wordpress\/ -->\n<title>Am\u00e9nager un coin bureau \u00e0 la maison - Mobilier Design Magazine<\/title>\n<meta name=\"robots\" content=\"index, follow, max-snippet:-1, max-image-preview:large, max-video-preview:-1\" \/>\n<link rel=\"canonical\" href=\"https:\/\/www.mobilier-design-occasion.fr\/magazine\/amenager-un-coin-bureau-a-la-maison\/\" \/>\n<meta property=\"og:locale\" content=\"fr_FR\" \/>\n<meta property=\"og:type\" content=\"article\" \/>\n<meta property=\"og:title\" content=\"Am\u00e9nager un coin bureau \u00e0 la maison - Mobilier Design Magazine\" \/>\n<meta property=\"og:description\" content=\"Si on avait encore des doutes, l\u2019ann\u00e9e 2020 nous aura d\u00e9finitivement convaincus que de passer des heures dans les embouteillages n\u2019\u00e9tait peut-\u00eatre pas la mani\u00e8re la plus ad\u00e9quate d\u2019avoir une journ\u00e9e productive. Le monde du travail a \u00e9t\u00e9 bouscul\u00e9, les codes ont chang\u00e9 et le home-working fait d\u00e9sormais partie de notre vie quotidienne.&nbsp; Ainsi, de [&hellip;]\" \/>\n<meta property=\"og:url\" content=\"https:\/\/www.mobilier-design-occasion.fr\/magazine\/amenager-un-coin-bureau-a-la-maison\/\" \/>\n<meta property=\"og:site_name\" content=\"Mobilier Design Magazine\" \/>\n<meta property=\"article:publisher\" content=\"https:\/\/www.facebook.com\/mobilierdesignoccasion\" \/>\n<meta property=\"article:published_time\" content=\"2021-01-20T09:33:54+00:00\" \/>\n<meta property=\"article:modified_time\" content=\"2023-09-25T13:39:50+00:00\" \/>\n<meta property=\"og:image\" content=\"https:\/\/www.mobilier-design-occasion.fr\/magazine\/wp-content\/uploads\/2021\/01\/pexels-karl-solano-2883049-scaled.jpg\" \/>\n\t<meta property=\"og:image:width\" content=\"2048\" \/>\n\t<meta property=\"og:image:height\" content=\"1357\" \/>\n\t<meta property=\"og:image:type\" content=\"image\/jpeg\" \/>\n<meta name=\"author\" content=\"Cyrielle Poirot\" \/>\n<meta name=\"twitter:card\" content=\"summary_large_image\" \/>\n<meta name=\"twitter:label1\" content=\"\u00c9crit par\" \/>\n\t<meta name=\"twitter:data1\" content=\"Cyrielle Poirot\" \/>\n\t<meta name=\"twitter:label2\" content=\"Dur\u00e9e de lecture estim\u00e9e\" \/>\n\t<meta name=\"twitter:data2\" content=\"3 minutes\" \/>\n<script type=\"application\/ld+json\" class=\"yoast-schema-graph\">{\"@context\":\"https:\\\/\\\/schema.org\",\"@graph\":[{\"@type\":\"Article\",\"@id\":\"https:\\\/\\\/www.mobilier-design-occasion.fr\\\/magazine\\\/amenager-un-coin-bureau-a-la-maison\\\/#article\",\"isPartOf\":{\"@id\":\"https:\\\/\\\/www.mobilier-design-occasion.fr\\\/magazine\\\/amenager-un-coin-bureau-a-la-maison\\\/\"},\"author\":{\"name\":\"Cyrielle Poirot\",\"@id\":\"https:\\\/\\\/www.mobilier-design-occasion.fr\\\/magazine\\\/#\\\/schema\\\/person\\\/5b2e5627a714ddadaaf8c9b886c55eff\"},\"headline\":\"Am\u00e9nager un coin bureau \u00e0 la maison\",\"datePublished\":\"2021-01-20T09:33:54+00:00\",\"dateModified\":\"2023-09-25T13:39:50+00:00\",\"mainEntityOfPage\":{\"@id\":\"https:\\\/\\\/www.mobilier-design-occasion.fr\\\/magazine\\\/amenager-un-coin-bureau-a-la-maison\\\/\"},\"wordCount\":622,\"commentCount\":0,\"publisher\":{\"@id\":\"https:\\\/\\\/www.mobilier-design-occasion.fr\\\/magazine\\\/#organization\"},\"image\":{\"@id\":\"https:\\\/\\\/www.mobilier-design-occasion.fr\\\/magazine\\\/amenager-un-coin-bureau-a-la-maison\\\/#primaryimage\"},\"thumbnailUrl\":\"https:\\\/\\\/www.mobilier-design-occasion.fr\\\/magazine\\\/wp-content\\\/uploads\\\/2021\\\/01\\\/pexels-karl-solano-2883049-scaled.jpg\",\"articleSection\":[\"Tendances\"],\"inLanguage\":\"fr-FR\",\"potentialAction\":[{\"@type\":\"CommentAction\",\"name\":\"Comment\",\"target\":[\"https:\\\/\\\/www.mobilier-design-occasion.fr\\\/magazine\\\/amenager-un-coin-bureau-a-la-maison\\\/#respond\"]}]},{\"@type\":\"WebPage\",\"@id\":\"https:\\\/\\\/www.mobilier-design-occasion.fr\\\/magazine\\\/amenager-un-coin-bureau-a-la-maison\\\/\",\"url\":\"https:\\\/\\\/www.mobilier-design-occasion.fr\\\/magazine\\\/amenager-un-coin-bureau-a-la-maison\\\/\",\"name\":\"Am\u00e9nager un coin bureau \u00e0 la maison - Mobilier Design Magazine\",\"isPartOf\":{\"@id\":\"https:\\\/\\\/www.mobilier-design-occasion.fr\\\/magazine\\\/#website\"},\"primaryImageOfPage\":{\"@id\":\"https:\\\/\\\/www.mobilier-design-occasion.fr\\\/magazine\\\/amenager-un-coin-bureau-a-la-maison\\\/#primaryimage\"},\"image\":{\"@id\":\"https:\\\/\\\/www.mobilier-design-occasion.fr\\\/magazine\\\/amenager-un-coin-bureau-a-la-maison\\\/#primaryimage\"},\"thumbnailUrl\":\"https:\\\/\\\/www.mobilier-design-occasion.fr\\\/magazine\\\/wp-content\\\/uploads\\\/2021\\\/01\\\/pexels-karl-solano-2883049-scaled.jpg\",\"datePublished\":\"2021-01-20T09:33:54+00:00\",\"dateModified\":\"2023-09-25T13:39:50+00:00\",\"breadcrumb\":{\"@id\":\"https:\\\/\\\/www.mobilier-design-occasion.fr\\\/magazine\\\/amenager-un-coin-bureau-a-la-maison\\\/#breadcrumb\"},\"inLanguage\":\"fr-FR\",\"potentialAction\":[{\"@type\":\"ReadAction\",\"target\":[\"https:\\\/\\\/www.mobilier-design-occasion.fr\\\/magazine\\\/amenager-un-coin-bureau-a-la-maison\\\/\"]}]},{\"@type\":\"ImageObject\",\"inLanguage\":\"fr-FR\",\"@id\":\"https:\\\/\\\/www.mobilier-design-occasion.fr\\\/magazine\\\/amenager-un-coin-bureau-a-la-maison\\\/#primaryimage\",\"url\":\"https:\\\/\\\/www.mobilier-design-occasion.fr\\\/magazine\\\/wp-content\\\/uploads\\\/2021\\\/01\\\/pexels-karl-solano-2883049-scaled.jpg\",\"contentUrl\":\"https:\\\/\\\/www.mobilier-design-occasion.fr\\\/magazine\\\/wp-content\\\/uploads\\\/2021\\\/01\\\/pexels-karl-solano-2883049-scaled.jpg\",\"width\":2048,\"height\":1357,\"caption\":\"Fauteuil James Charles Eames\"},{\"@type\":\"BreadcrumbList\",\"@id\":\"https:\\\/\\\/www.mobilier-design-occasion.fr\\\/magazine\\\/amenager-un-coin-bureau-a-la-maison\\\/#breadcrumb\",\"itemListElement\":[{\"@type\":\"ListItem\",\"position\":1,\"name\":\"Accueil\",\"item\":\"https:\\\/\\\/www.mobilier-design-occasion.fr\\\/magazine\\\/\"},{\"@type\":\"ListItem\",\"position\":2,\"name\":\"Am\u00e9nager un coin bureau \u00e0 la maison\"}]},{\"@type\":\"WebSite\",\"@id\":\"https:\\\/\\\/www.mobilier-design-occasion.fr\\\/magazine\\\/#website\",\"url\":\"https:\\\/\\\/www.mobilier-design-occasion.fr\\\/magazine\\\/\",\"name\":\"Mobilier Design Magazine\",\"description\":\"\",\"publisher\":{\"@id\":\"https:\\\/\\\/www.mobilier-design-occasion.fr\\\/magazine\\\/#organization\"},\"potentialAction\":[{\"@type\":\"SearchAction\",\"target\":{\"@type\":\"EntryPoint\",\"urlTemplate\":\"https:\\\/\\\/www.mobilier-design-occasion.fr\\\/magazine\\\/?s={search_term_string}\"},\"query-input\":{\"@type\":\"PropertyValueSpecification\",\"valueRequired\":true,\"valueName\":\"search_term_string\"}}],\"inLanguage\":\"fr-FR\"},{\"@type\":\"Organization\",\"@id\":\"https:\\\/\\\/www.mobilier-design-occasion.fr\\\/magazine\\\/#organization\",\"name\":\"Mobilier Design Magazine\",\"url\":\"https:\\\/\\\/www.mobilier-design-occasion.fr\\\/magazine\\\/\",\"logo\":{\"@type\":\"ImageObject\",\"inLanguage\":\"fr-FR\",\"@id\":\"https:\\\/\\\/www.mobilier-design-occasion.fr\\\/magazine\\\/#\\\/schema\\\/logo\\\/image\\\/\",\"url\":\"https:\\\/\\\/www.mobilier-design-occasion.fr\\\/magazine\\\/wp-content\\\/uploads\\\/2024\\\/02\\\/android-chrome-192x192-1.png\",\"contentUrl\":\"https:\\\/\\\/www.mobilier-design-occasion.fr\\\/magazine\\\/wp-content\\\/uploads\\\/2024\\\/02\\\/android-chrome-192x192-1.png\",\"width\":192,\"height\":192,\"caption\":\"Mobilier Design Magazine\"},\"image\":{\"@id\":\"https:\\\/\\\/www.mobilier-design-occasion.fr\\\/magazine\\\/#\\\/schema\\\/logo\\\/image\\\/\"},\"sameAs\":[\"https:\\\/\\\/www.facebook.com\\\/mobilierdesignoccasion\"]},{\"@type\":\"Person\",\"@id\":\"https:\\\/\\\/www.mobilier-design-occasion.fr\\\/magazine\\\/#\\\/schema\\\/person\\\/5b2e5627a714ddadaaf8c9b886c55eff\",\"name\":\"Cyrielle Poirot\",\"image\":{\"@type\":\"ImageObject\",\"inLanguage\":\"fr-FR\",\"@id\":\"https:\\\/\\\/secure.gravatar.com\\\/avatar\\\/c8d2674e093b06894d8d1dc468b626bd752523471f3ac6e75f7c7a1400d40b4d?s=96&d=mm&r=g\",\"url\":\"https:\\\/\\\/secure.gravatar.com\\\/avatar\\\/c8d2674e093b06894d8d1dc468b626bd752523471f3ac6e75f7c7a1400d40b4d?s=96&d=mm&r=g\",\"contentUrl\":\"https:\\\/\\\/secure.gravatar.com\\\/avatar\\\/c8d2674e093b06894d8d1dc468b626bd752523471f3ac6e75f7c7a1400d40b4d?s=96&d=mm&r=g\",\"caption\":\"Cyrielle Poirot\"},\"description\":\"Cyrielle est passionn\u00e9e par la d\u00e9coration d'int\u00e9rieur et s'est sp\u00e9cialis\u00e9e depuis quelques ann\u00e9es dans l'\u00e9dition du site Mobilier-Design, avec une touche sp\u00e9cifique pour les produits d'occasion.\",\"sameAs\":[\"https:\\\/\\\/www.mobilier-design-occasion.fr\\\/magazine\"],\"url\":\"https:\\\/\\\/www.mobilier-design-occasion.fr\\\/magazine\\\/author\\\/cyrielle\\\/\"}]}<\/script>\n<!-- \/ Yoast SEO plugin. -->","yoast_head_json":{"title":"Am\u00e9nager un coin bureau \u00e0 la maison - Mobilier Design Magazine","robots":{"index":"index","follow":"follow","max-snippet":"max-snippet:-1","max-image-preview":"max-image-preview:large","max-video-preview":"max-video-preview:-1"},"canonical":"https:\/\/www.mobilier-design-occasion.fr\/magazine\/amenager-un-coin-bureau-a-la-maison\/","og_locale":"fr_FR","og_type":"article","og_title":"Am\u00e9nager un coin bureau \u00e0 la maison - Mobilier Design Magazine","og_description":"Si on avait encore des doutes, l\u2019ann\u00e9e 2020 nous aura d\u00e9finitivement convaincus que de passer des heures dans les embouteillages n\u2019\u00e9tait peut-\u00eatre pas la mani\u00e8re la plus ad\u00e9quate d\u2019avoir une journ\u00e9e productive. Le monde du travail a \u00e9t\u00e9 bouscul\u00e9, les codes ont chang\u00e9 et le home-working fait d\u00e9sormais partie de notre vie quotidienne.&nbsp; Ainsi, de [&hellip;]","og_url":"https:\/\/www.mobilier-design-occasion.fr\/magazine\/amenager-un-coin-bureau-a-la-maison\/","og_site_name":"Mobilier Design Magazine","article_publisher":"https:\/\/www.facebook.com\/mobilierdesignoccasion","article_published_time":"2021-01-20T09:33:54+00:00","article_modified_time":"2023-09-25T13:39:50+00:00","og_image":[{"width":2048,"height":1357,"url":"https:\/\/www.mobilier-design-occasion.fr\/magazine\/wp-content\/uploads\/2021\/01\/pexels-karl-solano-2883049-scaled.jpg","type":"image\/jpeg"}],"author":"Cyrielle Poirot","twitter_card":"summary_large_image","twitter_misc":{"\u00c9crit par":"Cyrielle Poirot","Dur\u00e9e de lecture estim\u00e9e":"3 minutes"},"schema":{"@context":"https:\/\/schema.org","@graph":[{"@type":"Article","@id":"https:\/\/www.mobilier-design-occasion.fr\/magazine\/amenager-un-coin-bureau-a-la-maison\/#article","isPartOf":{"@id":"https:\/\/www.mobilier-design-occasion.fr\/magazine\/amenager-un-coin-bureau-a-la-maison\/"},"author":{"name":"Cyrielle Poirot","@id":"https:\/\/www.mobilier-design-occasion.fr\/magazine\/#\/schema\/person\/5b2e5627a714ddadaaf8c9b886c55eff"},"headline":"Am\u00e9nager un coin bureau \u00e0 la maison","datePublished":"2021-01-20T09:33:54+00:00","dateModified":"2023-09-25T13:39:50+00:00","mainEntityOfPage":{"@id":"https:\/\/www.mobilier-design-occasion.fr\/magazine\/amenager-un-coin-bureau-a-la-maison\/"},"wordCount":622,"commentCount":0,"publisher":{"@id":"https:\/\/www.mobilier-design-occasion.fr\/magazine\/#organization"},"image":{"@id":"https:\/\/www.mobilier-design-occasion.fr\/magazine\/amenager-un-coin-bureau-a-la-maison\/#primaryimage"},"thumbnailUrl":"https:\/\/www.mobilier-design-occasion.fr\/magazine\/wp-content\/uploads\/2021\/01\/pexels-karl-solano-2883049-scaled.jpg","articleSection":["Tendances"],"inLanguage":"fr-FR","potentialAction":[{"@type":"CommentAction","name":"Comment","target":["https:\/\/www.mobilier-design-occasion.fr\/magazine\/amenager-un-coin-bureau-a-la-maison\/#respond"]}]},{"@type":"WebPage","@id":"https:\/\/www.mobilier-design-occasion.fr\/magazine\/amenager-un-coin-bureau-a-la-maison\/","url":"https:\/\/www.mobilier-design-occasion.fr\/magazine\/amenager-un-coin-bureau-a-la-maison\/","name":"Am\u00e9nager un coin bureau \u00e0 la maison - Mobilier Design Magazine","isPartOf":{"@id":"https:\/\/www.mobilier-design-occasion.fr\/magazine\/#website"},"primaryImageOfPage":{"@id":"https:\/\/www.mobilier-design-occasion.fr\/magazine\/amenager-un-coin-bureau-a-la-maison\/#primaryimage"},"image":{"@id":"https:\/\/www.mobilier-design-occasion.fr\/magazine\/amenager-un-coin-bureau-a-la-maison\/#primaryimage"},"thumbnailUrl":"https:\/\/www.mobilier-design-occasion.fr\/magazine\/wp-content\/uploads\/2021\/01\/pexels-karl-solano-2883049-scaled.jpg","datePublished":"2021-01-20T09:33:54+00:00","dateModified":"2023-09-25T13:39:50+00:00","breadcrumb":{"@id":"https:\/\/www.mobilier-design-occasion.fr\/magazine\/amenager-un-coin-bureau-a-la-maison\/#breadcrumb"},"inLanguage":"fr-FR","potentialAction":[{"@type":"ReadAction","target":["https:\/\/www.mobilier-design-occasion.fr\/magazine\/amenager-un-coin-bureau-a-la-maison\/"]}]},{"@type":"ImageObject","inLanguage":"fr-FR","@id":"https:\/\/www.mobilier-design-occasion.fr\/magazine\/amenager-un-coin-bureau-a-la-maison\/#primaryimage","url":"https:\/\/www.mobilier-design-occasion.fr\/magazine\/wp-content\/uploads\/2021\/01\/pexels-karl-solano-2883049-scaled.jpg","contentUrl":"https:\/\/www.mobilier-design-occasion.fr\/magazine\/wp-content\/uploads\/2021\/01\/pexels-karl-solano-2883049-scaled.jpg","width":2048,"height":1357,"caption":"Fauteuil James Charles Eames"},{"@type":"BreadcrumbList","@id":"https:\/\/www.mobilier-design-occasion.fr\/magazine\/amenager-un-coin-bureau-a-la-maison\/#breadcrumb","itemListElement":[{"@type":"ListItem","position":1,"name":"Accueil","item":"https:\/\/www.mobilier-design-occasion.fr\/magazine\/"},{"@type":"ListItem","position":2,"name":"Am\u00e9nager un coin bureau \u00e0 la maison"}]},{"@type":"WebSite","@id":"https:\/\/www.mobilier-design-occasion.fr\/magazine\/#website","url":"https:\/\/www.mobilier-design-occasion.fr\/magazine\/","name":"Mobilier Design Magazine","description":"","publisher":{"@id":"https:\/\/www.mobilier-design-occasion.fr\/magazine\/#organization"},"potentialAction":[{"@type":"SearchAction","target":{"@type":"EntryPoint","urlTemplate":"https:\/\/www.mobilier-design-occasion.fr\/magazine\/?s={search_term_string}"},"query-input":{"@type":"PropertyValueSpecification","valueRequired":true,"valueName":"search_term_string"}}],"inLanguage":"fr-FR"},{"@type":"Organization","@id":"https:\/\/www.mobilier-design-occasion.fr\/magazine\/#organization","name":"Mobilier Design Magazine","url":"https:\/\/www.mobilier-design-occasion.fr\/magazine\/","logo":{"@type":"ImageObject","inLanguage":"fr-FR","@id":"https:\/\/www.mobilier-design-occasion.fr\/magazine\/#\/schema\/logo\/image\/","url":"https:\/\/www.mobilier-design-occasion.fr\/magazine\/wp-content\/uploads\/2024\/02\/android-chrome-192x192-1.png","contentUrl":"https:\/\/www.mobilier-design-occasion.fr\/magazine\/wp-content\/uploads\/2024\/02\/android-chrome-192x192-1.png","width":192,"height":192,"caption":"Mobilier Design Magazine"},"image":{"@id":"https:\/\/www.mobilier-design-occasion.fr\/magazine\/#\/schema\/logo\/image\/"},"sameAs":["https:\/\/www.facebook.com\/mobilierdesignoccasion"]},{"@type":"Person","@id":"https:\/\/www.mobilier-design-occasion.fr\/magazine\/#\/schema\/person\/5b2e5627a714ddadaaf8c9b886c55eff","name":"Cyrielle Poirot","image":{"@type":"ImageObject","inLanguage":"fr-FR","@id":"https:\/\/secure.gravatar.com\/avatar\/c8d2674e093b06894d8d1dc468b626bd752523471f3ac6e75f7c7a1400d40b4d?s=96&d=mm&r=g","url":"https:\/\/secure.gravatar.com\/avatar\/c8d2674e093b06894d8d1dc468b626bd752523471f3ac6e75f7c7a1400d40b4d?s=96&d=mm&r=g","contentUrl":"https:\/\/secure.gravatar.com\/avatar\/c8d2674e093b06894d8d1dc468b626bd752523471f3ac6e75f7c7a1400d40b4d?s=96&d=mm&r=g","caption":"Cyrielle Poirot"},"description":"Cyrielle est passionn\u00e9e par la d\u00e9coration d'int\u00e9rieur et s'est sp\u00e9cialis\u00e9e depuis quelques ann\u00e9es dans l'\u00e9dition du site Mobilier-Design, avec une touche sp\u00e9cifique pour les produits d'occasion.","sameAs":["https:\/\/www.mobilier-design-occasion.fr\/magazine"],"url":"https:\/\/www.mobilier-design-occasion.fr\/magazine\/author\/cyrielle\/"}]}},"_links":{"self":[{"href":"https:\/\/www.mobilier-design-occasion.fr\/magazine\/wp-json\/wp\/v2\/posts\/11","targetHints":{"allow":["GET"]}}],"collection":[{"href":"https:\/\/www.mobilier-design-occasion.fr\/magazine\/wp-json\/wp\/v2\/posts"}],"about":[{"href":"https:\/\/www.mobilier-design-occasion.fr\/magazine\/wp-json\/wp\/v2\/types\/post"}],"author":[{"embeddable":true,"href":"https:\/\/www.mobilier-design-occasion.fr\/magazine\/wp-json\/wp\/v2\/users\/1"}],"replies":[{"embeddable":true,"href":"https:\/\/www.mobilier-design-occasion.fr\/magazine\/wp-json\/wp\/v2\/comments?post=11"}],"version-history":[{"count":6,"href":"https:\/\/www.mobilier-design-occasion.fr\/magazine\/wp-json\/wp\/v2\/posts\/11\/revisions"}],"predecessor-version":[{"id":191,"href":"https:\/\/www.mobilier-design-occasion.fr\/magazine\/wp-json\/wp\/v2\/posts\/11\/revisions\/191"}],"wp:featuredmedia":[{"embeddable":true,"href":"https:\/\/www.mobilier-design-occasion.fr\/magazine\/wp-json\/wp\/v2\/media\/48"}],"wp:attachment":[{"href":"https:\/\/www.mobilier-design-occasion.fr\/magazine\/wp-json\/wp\/v2\/media?parent=11"}],"wp:term":[{"taxonomy":"category","embeddable":true,"href":"https:\/\/www.mobilier-design-occasion.fr\/magazine\/wp-json\/wp\/v2\/categories?post=11"},{"taxonomy":"post_tag","embeddable":true,"href":"https:\/\/www.mobilier-design-occasion.fr\/magazine\/wp-json\/wp\/v2\/tags?post=11"}],"curies":[{"name":"wp","href":"https:\/\/api.w.org\/{rel}","templated":true}]}}